{"id":117057,"date":"2025-01-18T12:43:37","date_gmt":"2025-01-18T11:43:37","guid":{"rendered":"https:\/\/exaudi.org\/?p=117057"},"modified":"2025-01-18T12:43:37","modified_gmt":"2025-01-18T11:43:37","slug":"apertura-del-proceso-de-beatificacion-de-la-hermana-clare-crockett","status":"publish","type":"post","link":"https:\/\/exaudi.org\/es\/apertura-del-proceso-de-beatificacion-de-la-hermana-clare-crockett\/","title":{"rendered":"Apertura del Proceso de Beatificaci\u00f3n de la Hermana Clare Crockett"},"content":{"rendered":"<p>El 12 de enero de 2025, la Catedral Magistral de los Santos Ni\u00f1os Justo y Pastor en Alcal\u00e1 de Henares, Espa\u00f1a, fue escenario de un acontecimiento trascendental: la apertura oficial del proceso de beatificaci\u00f3n de la Hermana Clare Crockett. Este acto solemne, presidido por Mons. Antonio Prieto Lucena, marca el inicio formal del camino hacia la posible canonizaci\u00f3n de una religiosa cuya vida y legado contin\u00faan inspirando a innumerables personas en todo el mundo.<\/p>\n<h3><strong>Una Vida Transformada por la Fe<\/strong><\/h3>\n<p>Nacida en Derry, Irlanda del Norte, en 1982, Clare Crockett destac\u00f3 desde joven por su carisma y talento art\u00edstico. A los 15 a\u00f1os, fue contratada para presentar un programa en la cadena brit\u00e1nica Channel 4, y a los 17, llam\u00f3 la atenci\u00f3n del canal Nickelodeon. Sin embargo, en el a\u00f1o 2000, durante un retiro de Semana Santa en Espa\u00f1a con las Siervas del Hogar de la Madre, experiment\u00f3 una profunda conversi\u00f3n espiritual que la llev\u00f3 a dejar atr\u00e1s sus aspiraciones en el mundo del espect\u00e1culo para dedicarse plenamente a la vida religiosa.<\/p>\n<h3><strong>Las Siervas del Hogar de la Madre: Una Comunidad de Entrega y Servicio<\/strong><\/h3>\n<p>La Hermana Clare hizo sus primeros votos en 2006 y sus votos perpetuos en 2010, integr\u00e1ndose plenamente en las Siervas del Hogar de la Madre. Esta congregaci\u00f3n, fundada en 1982, tiene como misi\u00f3n principal la defensa de la Eucarist\u00eda, la devoci\u00f3n a la Virgen Mar\u00eda y la evangelizaci\u00f3n de la juventud. Las Siervas del Hogar de la Madre est\u00e1n presentes en varios pa\u00edses, llevando a cabo labores educativas, pastorales y misioneras, siempre con un esp\u00edritu de humildad y servicio.<\/p>\n<h3><img loading=\"lazy\" decoding=\"async\" class=\"size-full wp-image-117058 alignnone\" src=\"https:\/\/exaudi.org\/wp-content\/uploads\/2025\/01\/hna-clare2.jpg\" alt=\"\" width=\"800\" height=\"390\" srcset=\"https:\/\/exaudi.org\/wp-content\/uploads\/2025\/01\/hna-clare2.jpg 800w, https:\/\/exaudi.org\/wp-content\/uploads\/2025\/01\/hna-clare2-300x146.jpg 300w, https:\/\/exaudi.org\/wp-content\/uploads\/2025\/01\/hna-clare2-770x375.jpg 770w, https:\/\/exaudi.org\/wp-content\/uploads\/2025\/01\/hna-clare2-500x244.jpg 500w, https:\/\/exaudi.org\/wp-content\/uploads\/2025\/01\/hna-clare2-293x143.jpg 293w, https:\/\/exaudi.org\/wp-content\/uploads\/2025\/01\/hna-clare2-390x190.jpg 390w\" sizes=\"auto, (max-width: 800px) 100vw, 800px\" \/><\/h3>\n<h3><strong>Testimonios de una Vida que Transforma<\/strong><\/h3>\n<p>Tras su fallecimiento, numerosos testimonios han resaltado el impacto de la Hermana Clare en la vida de muchas personas. Regina, una joven que conoci\u00f3 su historia, comparti\u00f3: \u00abLa Hna. Clare me ha metido en un gran l\u00edo. He visto su testimonio de vida, su carisma, he le\u00eddo todas las cartas e historias que se cuentan sobre ella\u2026 Y me ha hecho pensar mucho en el destino que debe tomar mi vida\u00bb. Por su parte, Kary Rojas, coordinadora de pastoral en un colegio cat\u00f3lico, expres\u00f3: \u00abLa he tomado como modelo de vida para las j\u00f3venes con las cuales trabajo, que a veces sienten que el mundo las gana y las vence. Pero, desde la vida de la Hna. Clare, les he demostrado que no, que el mundo no vence, que es el amor de Dios el que domina todo lo dem\u00e1s\u00bb.<\/p>\n<h3><strong>Un Legado que Perdura<\/strong><\/h3>\n<p>La apertura de la causa de beatificaci\u00f3n de la Hermana Clare Crockett no solo reconoce su vida de fe y servicio, sino que tambi\u00e9n ofrece al mundo un ejemplo contempor\u00e1neo de entrega total a Dios y al pr\u00f3jimo. Su legado contin\u00faa vivo, inspirando a j\u00f3venes y adultos a buscar una vida de autenticidad y compromiso espiritual. El proceso de beatificaci\u00f3n es un camino largo y meticuloso, pero este primer paso llena de esperanza a todos aquellos que han sido tocados por su historia y testimonio.<\/p>\n<p><a href=\"https:\/\/www.hermanaclare.com\/es\/su-vida\/biografia\" target=\"_blank\" rel=\"noopener\">M\u00e1s informaci\u00f3n aqu\u00ed.<\/a><\/p>\n","protected":false},"excerpt":{"rendered":"<p>Un Camino de Fe y Entrega que Inspira al Mundo<\/p>\n","protected":false},"author":15,"featured_media":117061,"comment_status":"closed","ping_status":"closed","sticky":false,"template":"","format":"standard","meta":{"_acf_changed":false,"_crdt_document":"","inline_featured_image":false,"footnotes":""},"categories":[74],"tags":[2034,27954,41194,41196,39466,41190,41197,26137,41191,41193,41195,22014,41192,8182,6813,3332,33618],"class_list":["post-117057","post","type-post","status-publish","format-standard","has-post-thumbnail","hentry","category-iglesia-y-mundo","tag-beatificacion","tag-conversion-espiritual","tag-conversion-religiosa","tag-ejemplo-de-vida-cristiana","tag-entrega-a-dios","tag-hermana-clare-crockett","tag-inspiracion-juvenil","tag-legado-espiritual","tag-mision-en-ecuador","tag-misionera-irlandesa","tag-proceso-de-canonizacion","tag-servicio-misionero","tag-terremoto-en-ecuador-2016","tag-testimonios","tag-vida-de-santidad","tag-vida-religiosa","tag-vocacion-religiosa"],"acf":[],"yoast_head":"<!-- This site is optimized with the Yoast SEO plugin v27.4 - https:\/\/yoast.com\/product\/yoast-seo-wordpress\/ -->\n<title>Apertura del Proceso de Beatificaci\u00f3n de la Hermana Clare Crockett &#8211; Exaudi<\/title>\n<meta name=\"robots\" content=\"index, follow, max-snippet:-1, max-image-preview:large, max-video-preview:-1\" \/>\n<link rel=\"canonical\" href=\"https:\/\/exaudi.org\/es\/apertura-del-proceso-de-beatificacion-de-la-hermana-clare-crockett\/\" \/>\n<meta property=\"og:locale\" content=\"es_ES\" \/>\n<meta property=\"og:type\" content=\"article\" \/>\n<meta property=\"og:title\" content=\"Apertura del Proceso de Beatificaci\u00f3n de la Hermana Clare Crockett &#8211; Exaudi\" \/>\n<meta property=\"og:description\" content=\"Un Camino de Fe y Entrega que Inspira al Mundo\" \/>\n<meta property=\"og:url\" content=\"https:\/\/exaudi.org\/es\/apertura-del-proceso-de-beatificacion-de-la-hermana-clare-crockett\/\" \/>\n<meta property=\"og:site_name\" content=\"Exaudi\" \/>\n<meta property=\"article:publisher\" content=\"https:\/\/www.facebook.com\/ExaudiNews\" \/>\n<meta property=\"article:author\" content=\"https:\/\/www.facebook.com\/ExaudiNoticias\/\" \/>\n<meta property=\"article:published_time\" content=\"2025-01-18T11:43:37+00:00\" \/>\n<meta property=\"og:image\" content=\"https:\/\/exaudi.org\/wp-content\/uploads\/2025\/01\/ACI-Prensa800_390.jpg\" \/>\n\t<meta property=\"og:image:width\" content=\"800\" \/>\n\t<meta property=\"og:image:height\" content=\"390\" \/>\n\t<meta property=\"og:image:type\" content=\"image\/jpeg\" \/>\n<meta name=\"author\" content=\"Exaudi Redacci\u00f3n\" \/>\n<meta name=\"twitter:card\" content=\"summary_large_image\" \/>\n<meta name=\"twitter:creator\" content=\"@Exaudi_noticias\" \/>\n<meta name=\"twitter:site\" content=\"@Exaudi_News\" \/>\n<meta name=\"twitter:label1\" content=\"Escrito por\" \/>\n\t<meta name=\"twitter:data1\" content=\"Exaudi Redacci\u00f3n\" \/>\n\t<meta name=\"twitter:label2\" content=\"Tiempo de lectura\" \/>\n\t<meta name=\"twitter:data2\" content=\"3 minutos\" \/>\n<script type=\"application\/ld+json\" class=\"yoast-schema-graph\">{\"@context\":\"https:\\\/\\\/schema.org\",\"@graph\":[{\"@type\":\"Article\",\"@id\":\"https:\\\/\\\/exaudi.org\\\/es\\\/apertura-del-proceso-de-beatificacion-de-la-hermana-clare-crockett\\\/#article\",\"isPartOf\":{\"@id\":\"https:\\\/\\\/exaudi.org\\\/es\\\/apertura-del-proceso-de-beatificacion-de-la-hermana-clare-crockett\\\/\"},\"author\":{\"name\":\"Exaudi Redacci\u00f3n\",\"@id\":\"https:\\\/\\\/exaudi.org\\\/#\\\/schema\\\/person\\\/f5fc8f063065e38742da7afe15f25df7\"},\"headline\":\"Apertura del Proceso de Beatificaci\u00f3n de la Hermana Clare Crockett\",\"datePublished\":\"2025-01-18T11:43:37+00:00\",\"mainEntityOfPage\":{\"@id\":\"https:\\\/\\\/exaudi.org\\\/es\\\/apertura-del-proceso-de-beatificacion-de-la-hermana-clare-crockett\\\/\"},\"wordCount\":541,\"image\":{\"@id\":\"https:\\\/\\\/exaudi.org\\\/es\\\/apertura-del-proceso-de-beatificacion-de-la-hermana-clare-crockett\\\/#primaryimage\"},\"thumbnailUrl\":\"https:\\\/\\\/exaudi.org\\\/wp-content\\\/uploads\\\/2025\\\/01\\\/ACI-Prensa800_390.jpg\",\"keywords\":[\"Beatificaci\u00f3n\",\"conversi\u00f3n espiritual\",\"conversi\u00f3n religiosa\",\"ejemplo de vida cristiana\",\"entrega a Dios\",\"Hermana Clare Crockett\",\"inspiraci\u00f3n juvenil\",\"Legado espiritual\",\"misi\u00f3n en Ecuador\",\"misionera irlandesa\",\"proceso de canonizaci\u00f3n\",\"servicio misionero\",\"terremoto en Ecuador 2016\",\"Testimonios\",\"vida de santidad\",\"Vida Religiosa\",\"vocaci\u00f3n religiosa\"],\"articleSection\":[\"Iglesia y Mundo\"],\"inLanguage\":\"es\"},{\"@type\":\"WebPage\",\"@id\":\"https:\\\/\\\/exaudi.org\\\/es\\\/apertura-del-proceso-de-beatificacion-de-la-hermana-clare-crockett\\\/\",\"url\":\"https:\\\/\\\/exaudi.org\\\/es\\\/apertura-del-proceso-de-beatificacion-de-la-hermana-clare-crockett\\\/\",\"name\":\"Apertura del Proceso de Beatificaci\u00f3n de la Hermana Clare Crockett &#8211; Exaudi\",\"isPartOf\":{\"@id\":\"https:\\\/\\\/exaudi.org\\\/#website\"},\"primaryImageOfPage\":{\"@id\":\"https:\\\/\\\/exaudi.org\\\/es\\\/apertura-del-proceso-de-beatificacion-de-la-hermana-clare-crockett\\\/#primaryimage\"},\"image\":{\"@id\":\"https:\\\/\\\/exaudi.org\\\/es\\\/apertura-del-proceso-de-beatificacion-de-la-hermana-clare-crockett\\\/#primaryimage\"},\"thumbnailUrl\":\"https:\\\/\\\/exaudi.org\\\/wp-content\\\/uploads\\\/2025\\\/01\\\/ACI-Prensa800_390.jpg\",\"datePublished\":\"2025-01-18T11:43:37+00:00\",\"author\":{\"@id\":\"https:\\\/\\\/exaudi.org\\\/#\\\/schema\\\/person\\\/f5fc8f063065e38742da7afe15f25df7\"},\"breadcrumb\":{\"@id\":\"https:\\\/\\\/exaudi.org\\\/es\\\/apertura-del-proceso-de-beatificacion-de-la-hermana-clare-crockett\\\/#breadcrumb\"},\"inLanguage\":\"es\",\"potentialAction\":[{\"@type\":\"ReadAction\",\"target\":[\"https:\\\/\\\/exaudi.org\\\/es\\\/apertura-del-proceso-de-beatificacion-de-la-hermana-clare-crockett\\\/\"]}]},{\"@type\":\"ImageObject\",\"inLanguage\":\"es\",\"@id\":\"https:\\\/\\\/exaudi.org\\\/es\\\/apertura-del-proceso-de-beatificacion-de-la-hermana-clare-crockett\\\/#primaryimage\",\"url\":\"https:\\\/\\\/exaudi.org\\\/wp-content\\\/uploads\\\/2025\\\/01\\\/ACI-Prensa800_390.jpg\",\"contentUrl\":\"https:\\\/\\\/exaudi.org\\\/wp-content\\\/uploads\\\/2025\\\/01\\\/ACI-Prensa800_390.jpg\",\"width\":800,\"height\":390},{\"@type\":\"BreadcrumbList\",\"@id\":\"https:\\\/\\\/exaudi.org\\\/es\\\/apertura-del-proceso-de-beatificacion-de-la-hermana-clare-crockett\\\/#breadcrumb\",\"itemListElement\":[{\"@type\":\"ListItem\",\"position\":1,\"name\":\"Portada\",\"item\":\"https:\\\/\\\/exaudi.org\\\/es\\\/\"},{\"@type\":\"ListItem\",\"position\":2,\"name\":\"Apertura del Proceso de Beatificaci\u00f3n de la Hermana Clare Crockett\"}]},{\"@type\":\"WebSite\",\"@id\":\"https:\\\/\\\/exaudi.org\\\/#website\",\"url\":\"https:\\\/\\\/exaudi.org\\\/\",\"name\":\"Exaudi\",\"description\":\"News\",\"potentialAction\":[{\"@type\":\"SearchAction\",\"target\":{\"@type\":\"EntryPoint\",\"urlTemplate\":\"https:\\\/\\\/exaudi.org\\\/?s={search_term_string}\"},\"query-input\":{\"@type\":\"PropertyValueSpecification\",\"valueRequired\":true,\"valueName\":\"search_term_string\"}}],\"inLanguage\":\"es\"},{\"@type\":\"Person\",\"@id\":\"https:\\\/\\\/exaudi.org\\\/#\\\/schema\\\/person\\\/f5fc8f063065e38742da7afe15f25df7\",\"name\":\"Exaudi Redacci\u00f3n\",\"image\":{\"@type\":\"ImageObject\",\"inLanguage\":\"es\",\"@id\":\"https:\\\/\\\/secure.gravatar.com\\\/avatar\\\/fe0f6a059fb68d9b3e11bc5850dd4899b1c7492091a3cb6dd9b01b56ad828be2?s=96&d=mm&r=g\",\"url\":\"https:\\\/\\\/secure.gravatar.com\\\/avatar\\\/fe0f6a059fb68d9b3e11bc5850dd4899b1c7492091a3cb6dd9b01b56ad828be2?s=96&d=mm&r=g\",\"contentUrl\":\"https:\\\/\\\/secure.gravatar.com\\\/avatar\\\/fe0f6a059fb68d9b3e11bc5850dd4899b1c7492091a3cb6dd9b01b56ad828be2?s=96&d=mm&r=g\",\"caption\":\"Exaudi Redacci\u00f3n\"},\"description\":\"\u00bfQu\u00e9 es Exaudi News? Exaudi News es un medio de comunicaci\u00f3n cat\u00f3lico internacional que informa, forma y transforma, diariamente en espa\u00f1ol, ingl\u00e9s e italiano. A trav\u00e9s de noticias, art\u00edculos de an\u00e1lisis y transmisiones en directo de los eventos del Papa, Exaudi busca fortalecer la unidad de los cristianos y contribuir a la evangelizaci\u00f3n del mundo, siempre guiados por la doctrina social de la Iglesia. Trabajamos para acercar la verdad y los valores cristianos a cada rinc\u00f3n del planeta. \u00a1Ay\u00fadanos a transformar el mundo con Exaudi! En Exaudi creemos que la evangelizaci\u00f3n y la informaci\u00f3n de calidad pueden cambiar vidas. Para continuar con nuestra misi\u00f3n y expandir nuestro alcance, necesitamos tu ayuda. Adem\u00e1s, buscamos personas comprometidas que deseen unirse a nuestro equipo. Con tu apoyo, lograremos llegar a m\u00e1s personas, difundir el mensaje de Cristo y reforzar la unidad de los cristianos. \u00bfTe unes a nuestra misi\u00f3n? Para m\u00e1s informaci\u00f3n sobre c\u00f3mo colaborar, visita Exaudi.org\\\/es o cont\u00e1ctanos directamente: info@exaudi.org Exaudi: Informa, forma y transforma.\",\"sameAs\":[\"https:\\\/\\\/www.facebook.com\\\/ExaudiNoticias\\\/\",\"https:\\\/\\\/www.instagram.com\\\/exaudi_noticias\\\/\",\"https:\\\/\\\/x.com\\\/Exaudi_noticias\",\"https:\\\/\\\/www.youtube.com\\\/@exaudicatholicnews\"],\"url\":\"https:\\\/\\\/exaudi.org\\\/es\\\/author\\\/redaccionexaudi\\\/\"}]}<\/script>\n<!-- \/ Yoast SEO plugin. -->","yoast_head_json":{"title":"Apertura del Proceso de Beatificaci\u00f3n de la Hermana Clare Crockett &#8211; Exaudi","robots":{"index":"index","follow":"follow","max-snippet":"max-snippet:-1","max-image-preview":"max-image-preview:large","max-video-preview":"max-video-preview:-1"},"canonical":"https:\/\/exaudi.org\/es\/apertura-del-proceso-de-beatificacion-de-la-hermana-clare-crockett\/","og_locale":"es_ES","og_type":"article","og_title":"Apertura del Proceso de Beatificaci\u00f3n de la Hermana Clare Crockett &#8211; Exaudi","og_description":"Un Camino de Fe y Entrega que Inspira al Mundo","og_url":"https:\/\/exaudi.org\/es\/apertura-del-proceso-de-beatificacion-de-la-hermana-clare-crockett\/","og_site_name":"Exaudi","article_publisher":"https:\/\/www.facebook.com\/ExaudiNews","article_author":"https:\/\/www.facebook.com\/ExaudiNoticias\/","article_published_time":"2025-01-18T11:43:37+00:00","og_image":[{"width":800,"height":390,"url":"https:\/\/exaudi.org\/wp-content\/uploads\/2025\/01\/ACI-Prensa800_390.jpg","type":"image\/jpeg"}],"author":"Exaudi Redacci\u00f3n","twitter_card":"summary_large_image","twitter_creator":"@Exaudi_noticias","twitter_site":"@Exaudi_News","twitter_misc":{"Escrito por":"Exaudi Redacci\u00f3n","Tiempo de lectura":"3 minutos"},"schema":{"@context":"https:\/\/schema.org","@graph":[{"@type":"Article","@id":"https:\/\/exaudi.org\/es\/apertura-del-proceso-de-beatificacion-de-la-hermana-clare-crockett\/#article","isPartOf":{"@id":"https:\/\/exaudi.org\/es\/apertura-del-proceso-de-beatificacion-de-la-hermana-clare-crockett\/"},"author":{"name":"Exaudi Redacci\u00f3n","@id":"https:\/\/exaudi.org\/#\/schema\/person\/f5fc8f063065e38742da7afe15f25df7"},"headline":"Apertura del Proceso de Beatificaci\u00f3n de la Hermana Clare Crockett","datePublished":"2025-01-18T11:43:37+00:00","mainEntityOfPage":{"@id":"https:\/\/exaudi.org\/es\/apertura-del-proceso-de-beatificacion-de-la-hermana-clare-crockett\/"},"wordCount":541,"image":{"@id":"https:\/\/exaudi.org\/es\/apertura-del-proceso-de-beatificacion-de-la-hermana-clare-crockett\/#primaryimage"},"thumbnailUrl":"https:\/\/exaudi.org\/wp-content\/uploads\/2025\/01\/ACI-Prensa800_390.jpg","keywords":["Beatificaci\u00f3n","conversi\u00f3n espiritual","conversi\u00f3n religiosa","ejemplo de vida cristiana","entrega a Dios","Hermana Clare Crockett","inspiraci\u00f3n juvenil","Legado espiritual","misi\u00f3n en Ecuador","misionera irlandesa","proceso de canonizaci\u00f3n","servicio misionero","terremoto en Ecuador 2016","Testimonios","vida de santidad","Vida Religiosa","vocaci\u00f3n religiosa"],"articleSection":["Iglesia y Mundo"],"inLanguage":"es"},{"@type":"WebPage","@id":"https:\/\/exaudi.org\/es\/apertura-del-proceso-de-beatificacion-de-la-hermana-clare-crockett\/","url":"https:\/\/exaudi.org\/es\/apertura-del-proceso-de-beatificacion-de-la-hermana-clare-crockett\/","name":"Apertura del Proceso de Beatificaci\u00f3n de la Hermana Clare Crockett &#8211; Exaudi","isPartOf":{"@id":"https:\/\/exaudi.org\/#website"},"primaryImageOfPage":{"@id":"https:\/\/exaudi.org\/es\/apertura-del-proceso-de-beatificacion-de-la-hermana-clare-crockett\/#primaryimage"},"image":{"@id":"https:\/\/exaudi.org\/es\/apertura-del-proceso-de-beatificacion-de-la-hermana-clare-crockett\/#primaryimage"},"thumbnailUrl":"https:\/\/exaudi.org\/wp-content\/uploads\/2025\/01\/ACI-Prensa800_390.jpg","datePublished":"2025-01-18T11:43:37+00:00","author":{"@id":"https:\/\/exaudi.org\/#\/schema\/person\/f5fc8f063065e38742da7afe15f25df7"},"breadcrumb":{"@id":"https:\/\/exaudi.org\/es\/apertura-del-proceso-de-beatificacion-de-la-hermana-clare-crockett\/#breadcrumb"},"inLanguage":"es","potentialAction":[{"@type":"ReadAction","target":["https:\/\/exaudi.org\/es\/apertura-del-proceso-de-beatificacion-de-la-hermana-clare-crockett\/"]}]},{"@type":"ImageObject","inLanguage":"es","@id":"https:\/\/exaudi.org\/es\/apertura-del-proceso-de-beatificacion-de-la-hermana-clare-crockett\/#primaryimage","url":"https:\/\/exaudi.org\/wp-content\/uploads\/2025\/01\/ACI-Prensa800_390.jpg","contentUrl":"https:\/\/exaudi.org\/wp-content\/uploads\/2025\/01\/ACI-Prensa800_390.jpg","width":800,"height":390},{"@type":"BreadcrumbList","@id":"https:\/\/exaudi.org\/es\/apertura-del-proceso-de-beatificacion-de-la-hermana-clare-crockett\/#breadcrumb","itemListElement":[{"@type":"ListItem","position":1,"name":"Portada","item":"https:\/\/exaudi.org\/es\/"},{"@type":"ListItem","position":2,"name":"Apertura del Proceso de Beatificaci\u00f3n de la Hermana Clare Crockett"}]},{"@type":"WebSite","@id":"https:\/\/exaudi.org\/#website","url":"https:\/\/exaudi.org\/","name":"Exaudi","description":"News","potentialAction":[{"@type":"SearchAction","target":{"@type":"EntryPoint","urlTemplate":"https:\/\/exaudi.org\/?s={search_term_string}"},"query-input":{"@type":"PropertyValueSpecification","valueRequired":true,"valueName":"search_term_string"}}],"inLanguage":"es"},{"@type":"Person","@id":"https:\/\/exaudi.org\/#\/schema\/person\/f5fc8f063065e38742da7afe15f25df7","name":"Exaudi Redacci\u00f3n","image":{"@type":"ImageObject","inLanguage":"es","@id":"https:\/\/secure.gravatar.com\/avatar\/fe0f6a059fb68d9b3e11bc5850dd4899b1c7492091a3cb6dd9b01b56ad828be2?s=96&d=mm&r=g","url":"https:\/\/secure.gravatar.com\/avatar\/fe0f6a059fb68d9b3e11bc5850dd4899b1c7492091a3cb6dd9b01b56ad828be2?s=96&d=mm&r=g","contentUrl":"https:\/\/secure.gravatar.com\/avatar\/fe0f6a059fb68d9b3e11bc5850dd4899b1c7492091a3cb6dd9b01b56ad828be2?s=96&d=mm&r=g","caption":"Exaudi Redacci\u00f3n"},"description":"\u00bfQu\u00e9 es Exaudi News? Exaudi News es un medio de comunicaci\u00f3n cat\u00f3lico internacional que informa, forma y transforma, diariamente en espa\u00f1ol, ingl\u00e9s e italiano. A trav\u00e9s de noticias, art\u00edculos de an\u00e1lisis y transmisiones en directo de los eventos del Papa, Exaudi busca fortalecer la unidad de los cristianos y contribuir a la evangelizaci\u00f3n del mundo, siempre guiados por la doctrina social de la Iglesia. Trabajamos para acercar la verdad y los valores cristianos a cada rinc\u00f3n del planeta. \u00a1Ay\u00fadanos a transformar el mundo con Exaudi! En Exaudi creemos que la evangelizaci\u00f3n y la informaci\u00f3n de calidad pueden cambiar vidas. Para continuar con nuestra misi\u00f3n y expandir nuestro alcance, necesitamos tu ayuda. Adem\u00e1s, buscamos personas comprometidas que deseen unirse a nuestro equipo. Con tu apoyo, lograremos llegar a m\u00e1s personas, difundir el mensaje de Cristo y reforzar la unidad de los cristianos. \u00bfTe unes a nuestra misi\u00f3n? Para m\u00e1s informaci\u00f3n sobre c\u00f3mo colaborar, visita Exaudi.org\/es o cont\u00e1ctanos directamente: info@exaudi.org Exaudi: Informa, forma y transforma.","sameAs":["https:\/\/www.facebook.com\/ExaudiNoticias\/","https:\/\/www.instagram.com\/exaudi_noticias\/","https:\/\/x.com\/Exaudi_noticias","https:\/\/www.youtube.com\/@exaudicatholicnews"],"url":"https:\/\/exaudi.org\/es\/author\/redaccionexaudi\/"}]}},"jetpack_featured_media_url":"https:\/\/exaudi.org\/wp-content\/uploads\/2025\/01\/ACI-Prensa800_390.jpg","jetpack_shortlink":"https:\/\/wp.me\/pgKjF2-us1","_links":{"self":[{"href":"https:\/\/exaudi.org\/es\/wp-json\/wp\/v2\/posts\/117057","targetHints":{"allow":["GET"]}}],"collection":[{"href":"https:\/\/exaudi.org\/es\/wp-json\/wp\/v2\/posts"}],"about":[{"href":"https:\/\/exaudi.org\/es\/wp-json\/wp\/v2\/types\/post"}],"author":[{"embeddable":true,"href":"https:\/\/exaudi.org\/es\/wp-json\/wp\/v2\/users\/15"}],"replies":[{"embeddable":true,"href":"https:\/\/exaudi.org\/es\/wp-json\/wp\/v2\/comments?post=117057"}],"version-history":[{"count":0,"href":"https:\/\/exaudi.org\/es\/wp-json\/wp\/v2\/posts\/117057\/revisions"}],"wp:featuredmedia":[{"embeddable":true,"href":"https:\/\/exaudi.org\/es\/wp-json\/wp\/v2\/media\/117061"}],"wp:attachment":[{"href":"https:\/\/exaudi.org\/es\/wp-json\/wp\/v2\/media?parent=117057"}],"wp:term":[{"taxonomy":"category","embeddable":true,"href":"https:\/\/exaudi.org\/es\/wp-json\/wp\/v2\/categories?post=117057"},{"taxonomy":"post_tag","embeddable":true,"href":"https:\/\/exaudi.org\/es\/wp-json\/wp\/v2\/tags?post=117057"}],"curies":[{"name":"wp","href":"https:\/\/api.w.org\/{rel}","templated":true}]}}