{"id":116809,"date":"2026-01-25T09:00:56","date_gmt":"2026-01-25T08:00:56","guid":{"rendered":"https:\/\/exaudi.org\/?p=116809"},"modified":"2026-01-23T12:36:23","modified_gmt":"2026-01-23T11:36:23","slug":"la-conversion-de-san-pablo-un-testimonio-de-gracia-y-transformacion","status":"publish","type":"post","link":"https:\/\/exaudi.org\/es\/la-conversion-de-san-pablo-un-testimonio-de-gracia-y-transformacion\/","title":{"rendered":"La Conversi\u00f3n de San Pablo: Un Testimonio de Gracia y Transformaci\u00f3n"},"content":{"rendered":"<p>La Conversi\u00f3n de San Pablo, un episodio fundamental en la historia del cristianismo, no solo marca la transformaci\u00f3n personal de un hombre, sino que tambi\u00e9n simboliza la eficacia de la gracia divina en la vida de quienes est\u00e1n dispuestos a abrirse a ella. El ap\u00f3stol, conocido inicialmente como Saulo de Tarso, pas\u00f3 de ser un feroz perseguidor de los cristianos a convertirse en uno de los m\u00e1s grandes misioneros y defensores de la fe. Este evento no solo tiene un impacto profundo en la vida de Pablo, sino que tambi\u00e9n marca un punto de inflexi\u00f3n en la expansi\u00f3n del cristianismo, convirti\u00e9ndose en un modelo de conversi\u00f3n para todos los tiempos.<\/p>\n<p><iframe title=\"Spotify Embed: La Conversi\u00f3n de San Pablo: Un Testimonio de Gracia y Transformaci\u00f3n\" style=\"border-radius: 12px\" width=\"100%\" height=\"152\" frameborder=\"0\" allowfullscreen allow=\"autoplay; clipboard-write; encrypted-media; fullscreen; picture-in-picture\" loading=\"lazy\" src=\"https:\/\/open.spotify.com\/embed\/episode\/3e0SiE5azrD8xempDUNWGz?si=d23b1b89f0f749e7&amp;utm_source=oembed\"><\/iframe><\/p>\n<p>Haremos un repaso de los tres momentos en que se narra este acontecimiento.<\/p>\n<h3><strong>El Camino a Damasco: El Momento de la Conversi\u00f3n<\/strong><\/h3>\n<p>El primer relato de la conversi\u00f3n de San Pablo se encuentra principalmente en el cap\u00edtulo 9 del libro de los Hechos de los Ap\u00f3stoles. Saulo, en su persecuci\u00f3n contra los seguidores de Jes\u00fas, se dirige hacia Damasco con la intenci\u00f3n de arrestar a los cristianos. Sin embargo, en el camino, experimenta una visi\u00f3n que cambiar\u00eda su vida para siempre. Una luz deslumbrante lo rodea, y una voz le pregunta: \u00abSaulo, Saulo, \u00bfpor qu\u00e9 me persigues?\u00bb (Hechos 9:4). Este encuentro, que ser\u00eda el principio de su transformaci\u00f3n, es descrito como una experiencia directa con el Cristo resucitado, lo cual es fundamental no solo para su conversi\u00f3n personal, sino tambi\u00e9n para la validaci\u00f3n de su autoridad apost\u00f3lica.<\/p>\n<p>Es importante recordar que \u00e9ste, es un relato en segunda persona. Es Lucas, el mismo evangelista quien est\u00e1 narrando, en el Libro de los Hechos de los Ap\u00f3stoles que es su segundo escrito. Aqu\u00ed dice claramente que Jes\u00fas resucitado habla a Saulo (aunque los que lo acompa\u00f1aban solo escucharon la voz pero no vieron a nadie). Saulo desde el suelo escucha que Jes\u00fas se identifica con los creyentes: \u201c<em>soy Jes\u00fas a qui\u00e9n t\u00fa persigues<\/em>\u201d (Hechos 9,5). E inmediatamente escucha una palabra que ser\u00e1 decisiva: \u201c<em>Lev\u00e1ntate<\/em>\u201d (Hechos 9,6)<\/p>\n<p>Saulo, cegado por la luz y completamente desorientado, es guiado por sus acompa\u00f1antes a la ciudad de Damasco. All\u00ed, Anan\u00edas, un disc\u00edpulo de Jes\u00fas, lo visita, lo sana de su ceguera y lo bautiza, lo que marca el comienzo d.e su nueva vida en Cristo. Este acto simb\u00f3lico no solo representa su purificaci\u00f3n espiritual, sino tambi\u00e9n su entrada formal en la comunidad cristiana.<\/p>\n<h3><strong>La Repetici\u00f3n del Relato en los Hechos de los Ap\u00f3stoles<\/strong><\/h3>\n<p>El desarrollo de la conversi\u00f3n de San Pablo no se limita a un solo relato. De hecho, la narraci\u00f3n de este evento se repite en dos ocasiones m\u00e1s en el libro de los Hechos, lo que refleja su relevancia para la comunidad cristiana primitiva y su testimonio personal.<\/p>\n<p>En Hechos 22, Pablo, ya convertido y ap\u00f3stol, relata su experiencia ante una multitud en Jerusal\u00e9n. Aqu\u00ed, el ap\u00f3stol se presenta como un testigo de la gracia de Dios, relatando c\u00f3mo fue cegado por la luz en el camino a Damasco. Y ahora en primera persona dice que sus acompa\u00f1antes vieron la luz pero no distinguieron la voz de quien les hablaba. Y Pablo mismo, en primera persona dice as\u00ed: \u201cEl Se\u00f1or me dijo: Lev\u00e1ntate\u201d (Hechos 22,10) y luego narra que lo condujeron a Damasco y c\u00f3mo Anan\u00edas lo san\u00f3 y le dio el encargo de ser testigo de Jes\u00fas ante todos los pueblos. Este relato tiene lugar cuando Pablo es arrestado y est\u00e1 a punto de ser juzgado, lo que le brinda la oportunidad de presentar su testimonio personal como parte de su defensa.<\/p>\n<p>En el libro de los Hechos de los Ap\u00f3stoles, espec\u00edficamente en Hechos 24, encontramos a San Pablo defendiendo su causa ante el gobernador romano F\u00e9lix. Durante este discurso, Pablo hace una afirmaci\u00f3n significativa, en la que le dice a F\u00e9lix: \u00abLev\u00e1ntate\u00bb (Hechos 24:10). Para comprender el contexto y la profundidad de esta declaraci\u00f3n, es importante considerar tanto el entorno en el que se pronuncia como el mensaje espiritual que conlleva.<\/p>\n<h3><strong>Contexto hist\u00f3rico y narrativo<\/strong><\/h3>\n<p>San Pablo se encuentra en una situaci\u00f3n de vulnerabilidad: ha sido arrestado por las autoridades jud\u00edas debido a las acusaciones de incitar disturbios y profanar el templo. Tras ser trasladado a Cesarea, donde F\u00e9lix es gobernador, Pablo tiene la oportunidad de defenderse ante \u00e9l. A lo largo de su defensa, Pablo explica que no ha cometido ning\u00fan crimen, sino que sigue fielmente su fe en Jes\u00fas como el Mes\u00edas y predica la resurrecci\u00f3n de los muertos, una doctrina que hab\u00eda causado discordia entre los jud\u00edos.<\/p>\n<p>En este contexto, la palabra \u00abLev\u00e1ntate\u00bb se convierte en una declaraci\u00f3n clave, porque no se refiere solo a un mandato f\u00edsico o formal, sino que tambi\u00e9n tiene una implicaci\u00f3n espiritual y teol\u00f3gica.<\/p>\n<p>En Hechos 26, Pablo vuelve a narrar su conversi\u00f3n ante el rey Agripa. Esta vez, el ap\u00f3stol lo hace en un contexto m\u00e1s formal, como parte de su defensa ante las autoridades romanas. En esta versi\u00f3n, el \u00e9nfasis est\u00e1 en c\u00f3mo Jes\u00fas le encomend\u00f3 una misi\u00f3n espec\u00edfica: llevar el evangelio a los gentiles, abrir sus ojos espirituales y guiarlos de las tinieblas a la luz. Aqu\u00ed, el ap\u00f3stol resalta la misi\u00f3n universal del cristianismo, un tema central en su ministerio.<\/p>\n<h3><strong>Las Circunstancias de las Narraciones<\/strong><\/h3>\n<p>La repetici\u00f3n de la narraci\u00f3n de la conversi\u00f3n de San Pablo en los Hechos no es casual. Cada relato se da en un contexto particular que resalta diferentes aspectos de la conversi\u00f3n y la misi\u00f3n de Pablo. En el primer relato (Hechos 9), la conversi\u00f3n se presenta como un acto directo de la gracia divina que transforma la vida de Saulo, un hombre perdido en su persecuci\u00f3n, en un disc\u00edpulo ferviente. En los relatos posteriores (Hechos 22 y 26), la narraci\u00f3n se convierte en una forma de defensa apolog\u00e9tica y una oportunidad para que Pablo reafirme su vocaci\u00f3n y misi\u00f3n divina. Esto tambi\u00e9n demuestra la importancia del testimonio personal en la evangelizaci\u00f3n, un principio que se mantiene relevante en la Iglesia hasta nuestros d\u00edas.<\/p>\n<p>La circunstancia de su defensa ante las autoridades no debe entenderse como una mera narraci\u00f3n biogr\u00e1fica; en ambos casos, Pablo est\u00e1 utilizando su experiencia de conversi\u00f3n para legitimar su ministerio y reafirmar que su misi\u00f3n es parte del plan divino. La repetici\u00f3n de este relato subraya la fuerza de la experiencia m\u00edstica y el impacto de la revelaci\u00f3n personal en la vida del ap\u00f3stol.<\/p>\n<h3><strong>La Relevancia de la Conversi\u00f3n de San Pablo Hoy<\/strong><\/h3>\n<p>La conversi\u00f3n de San Pablo sigue siendo un modelo de la transformaci\u00f3n que experimenta todo cristiano que se encuentra con Cristo de manera profunda y personal. En la vida de Pablo, vemos c\u00f3mo la gracia de Dios puede redirigir incluso las trayectorias m\u00e1s alejadas del bien hacia el cumplimiento del prop\u00f3sito divino. La apertura de Pablo a la gracia divina y su disposici\u00f3n a cambiar radicalmente son un ejemplo de c\u00f3mo la conversi\u00f3n no es un evento aislado, sino un proceso continuo de crecimiento en la fe.<\/p>\n<p>Hoy, la conversi\u00f3n de San Pablo invita a todos los cristianos a reflexionar sobre la necesidad de una constante renovaci\u00f3n espiritual. La historia de Pablo nos recuerda que no hay persona fuera del alcance de la misericordia de Dios, y que cada encuentro genuino con Cristo tiene el poder de cambiar vidas, sin importar el pasado.<\/p>\n<h3><strong>La dimensi\u00f3n espiritual del \u00abLev\u00e1ntate\u00bb<\/strong><\/h3>\n<p>M\u00e1s all\u00e1 del contexto judicial inmediato, \u00abLev\u00e1ntate\u00bb tiene una resonancia espiritual profunda, especialmente cuando se considera el mensaje central de Pablo sobre la resurrecci\u00f3n y la vida nueva en Cristo.<\/p>\n<ol>\n<li><strong>Un llamado a la conversi\u00f3n y al despertar espiritual<\/strong>: En el Evangelio y en las cartas de San Pablo, a menudo se usa el concepto de \u00ablevantarse\u00bb para referirse al llamado a la conversi\u00f3n y a la vida en Cristo. La resurrecci\u00f3n, que es el n\u00facleo del mensaje paulino, implica un levantarse de la muerte espiritual a la vida eterna. Al dirigirse a F\u00e9lix de esta manera, Pablo no solo est\u00e1 apelando a su juicio, sino tambi\u00e9n a su conciencia moral y espiritual, invit\u00e1ndolo a despertar del letargo y la indiferencia. El gobernador, como persona que tiene poder sobre la vida de Pablo y otras decisiones en la provincia, est\u00e1 siendo llamado a reconocer el poder transformador del Evangelio.<\/li>\n<li><strong>El contraste con la pasividad de F\u00e9lix<\/strong>: A lo largo de su interacci\u00f3n con Pablo, F\u00e9lix muestra un comportamiento ambiguo. Aunque est\u00e1 interesado en escuchar m\u00e1s sobre el cristianismo, tambi\u00e9n se muestra indeciso y vacilante, posponiendo decisiones importantes sobre el futuro de Pablo. El \u00abLev\u00e1ntate\u00bb que San Pablo le dirige puede ser interpretado como una llamada de atenci\u00f3n para que F\u00e9lix deje de ser pasivo ante la verdad y act\u00fae con resoluci\u00f3n. De manera simb\u00f3lica, esto tambi\u00e9n puede reflejar el llamado a cualquier persona que est\u00e9 estancada en una vida de indecisi\u00f3n o mediocridad espiritual a levantarse, a asumir un compromiso con la verdad y la justicia.<\/li>\n<\/ol>\n<h3><strong>Conclusi\u00f3n<\/strong><\/h3>\n<p>El \u00abLev\u00e1ntate\u00bb que San Pablo le dice al gobernador F\u00e9lix en Hechos 24 no solo es una exhortaci\u00f3n a tomar una postura justa en un juicio, sino tambi\u00e9n un llamado espiritual a despertar a la verdad de la resurrecci\u00f3n y a reconocer la autoridad moral superior que est\u00e1 m\u00e1s all\u00e1 de los tribunales humanos. Es un desaf\u00edo a la conversi\u00f3n, al despertar de una vida que permanece indiferente ante la gracia divina. Al mismo tiempo, es un recordatorio de que la fe cristiana exige acci\u00f3n y no puede ser reducida a un mero asentimiento intelectual o una actitud pasiva ante la vida y la justicia. Por ello, \u00abLev\u00e1ntate\u00bb resuena tanto en el contexto de la defensa de Pablo como en el contexto m\u00e1s amplio del mensaje cristiano de transformaci\u00f3n y renovaci\u00f3n.<\/p>\n<p>La Conversi\u00f3n de San Pablo es un testimonio de la efectividad de la gracia divina y de la posibilidad de transformaci\u00f3n radical en Cristo. A trav\u00e9s de sus tres narraciones en los Hechos de los Ap\u00f3stoles, vemos la importancia de este evento tanto en la vida personal de Pablo como en la expansi\u00f3n del cristianismo. La historia de su conversi\u00f3n sigue siendo una fuente de esperanza, invitando a cada cristiano a la conversi\u00f3n diaria, y record\u00e1ndonos que la misericordia de Dios est\u00e1 siempre disponible para quienes se acercan con un coraz\u00f3n dispuesto a cambiar.<\/p>\n<p>\u00bfEst\u00e1s dispuesto a levantarte t\u00fa tambi\u00e9n?<\/p>\n<p><img loading=\"lazy\" decoding=\"async\" class=\"size-full wp-image-117466 alignnone\" src=\"https:\/\/exaudi.org\/wp-content\/uploads\/2025\/01\/Copia-de-voces-9.jpg\" alt=\"\" width=\"940\" height=\"788\" srcset=\"https:\/\/exaudi.org\/wp-content\/uploads\/2025\/01\/Copia-de-voces-9.jpg 940w, https:\/\/exaudi.org\/wp-content\/uploads\/2025\/01\/Copia-de-voces-9-300x251.jpg 300w, https:\/\/exaudi.org\/wp-content\/uploads\/2025\/01\/Copia-de-voces-9-770x645.jpg 770w, https:\/\/exaudi.org\/wp-content\/uploads\/2025\/01\/Copia-de-voces-9-500x419.jpg 500w, https:\/\/exaudi.org\/wp-content\/uploads\/2025\/01\/Copia-de-voces-9-293x246.jpg 293w, https:\/\/exaudi.org\/wp-content\/uploads\/2025\/01\/Copia-de-voces-9-390x327.jpg 390w\" sizes=\"auto, (max-width: 940px) 100vw, 940px\" \/><\/p>\n","protected":false},"excerpt":{"rendered":"<p>De Perseguidor a Ap\u00f3stol: El Poder de la Gracia Divina en la Transformaci\u00f3n de San Pablo<\/p>\n","protected":false},"author":37,"featured_media":116810,"comment_status":"closed","ping_status":"closed","sticky":false,"template":"","format":"standard","meta":{"_acf_changed":false,"_crdt_document":"","inline_featured_image":false,"footnotes":""},"categories":[72,2772],"tags":[40619,40620,40614,8631,3116,40610,40611,27954,1019,17563,15381,28282,32650,40615,40609,40617,40618,40613,40616,1401,3122,23604,40612,26439,58880],"class_list":["post-116809","post","type-post","status-publish","format-standard","has-post-thumbnail","hentry","category-analisis","category-santoral","tag-ananias","tag-apologetica-cristiana","tag-apostol-pablo","tag-apostolado","tag-biblia","tag-camino-a-damasco","tag-conversion-cristiana","tag-conversion-espiritual","tag-evangelizacion","tag-fe-cristiana","tag-gracia-divina","tag-hechos-de-los-apostoles","tag-historia-del-cristianismo","tag-iglesia-primitiva","tag-la-conversion-de-san-pablo","tag-levantate","tag-luz-en-el-camino","tag-mision-de-san-pablo","tag-resurreccion-de-cristo","tag-ricardo-grzona","tag-san-pablo-es","tag-saulo-de-tarso","tag-testimonio-de-san-pablo","tag-transformacion-espiritual","tag-trending-es-151"],"acf":[],"yoast_head":"<!-- This site is optimized with the Yoast SEO plugin v27.4 - https:\/\/yoast.com\/product\/yoast-seo-wordpress\/ -->\n<title>La Conversi\u00f3n de San Pablo: Un Testimonio de Gracia y Transformaci\u00f3n &#8211; Exaudi<\/title>\n<meta name=\"robots\" content=\"index, follow, max-snippet:-1, max-image-preview:large, max-video-preview:-1\" \/>\n<link rel=\"canonical\" href=\"https:\/\/exaudi.org\/es\/the-conversion-of-saint-paul-a-testimony-of-grace-and-transformation\/\" \/>\n<meta property=\"og:locale\" content=\"es_ES\" \/>\n<meta property=\"og:type\" content=\"article\" \/>\n<meta property=\"og:title\" content=\"La Conversi\u00f3n de San Pablo: Un Testimonio de Gracia y Transformaci\u00f3n &#8211; Exaudi\" \/>\n<meta property=\"og:description\" content=\"De Perseguidor a Ap\u00f3stol: El Poder de la Gracia Divina en la Transformaci\u00f3n de San Pablo\" \/>\n<meta property=\"og:url\" content=\"https:\/\/exaudi.org\/the-conversion-of-saint-paul-a-testimony-of-grace-and-transformation\/\" \/>\n<meta property=\"og:site_name\" content=\"Exaudi\" \/>\n<meta property=\"article:publisher\" content=\"https:\/\/www.facebook.com\/ExaudiNews\" \/>\n<meta property=\"article:published_time\" content=\"2026-01-25T08:00:56+00:00\" \/>\n<meta property=\"og:image\" content=\"https:\/\/exaudi.org\/wp-content\/uploads\/2025\/01\/La_conversion_de_Saint_Paul_Giordano_Nancy_3018.jpg\" \/>\n\t<meta property=\"og:image:width\" content=\"1920\" \/>\n\t<meta property=\"og:image:height\" content=\"1246\" \/>\n\t<meta property=\"og:image:type\" content=\"image\/jpeg\" \/>\n<meta name=\"author\" content=\"Ricardo Grzona\" \/>\n<meta name=\"twitter:card\" content=\"summary_large_image\" \/>\n<meta name=\"twitter:creator\" content=\"@Exaudi_News\" \/>\n<meta name=\"twitter:site\" content=\"@Exaudi_News\" \/>\n<meta name=\"twitter:label1\" content=\"Escrito por\" \/>\n\t<meta name=\"twitter:data1\" content=\"Ricardo Grzona\" \/>\n\t<meta name=\"twitter:label2\" content=\"Tiempo de lectura\" \/>\n\t<meta name=\"twitter:data2\" content=\"9 minutos\" \/>\n<script type=\"application\/ld+json\" class=\"yoast-schema-graph\">{\"@context\":\"https:\\\/\\\/schema.org\",\"@graph\":[{\"@type\":\"Article\",\"@id\":\"https:\\\/\\\/exaudi.org\\\/the-conversion-of-saint-paul-a-testimony-of-grace-and-transformation\\\/#article\",\"isPartOf\":{\"@id\":\"https:\\\/\\\/exaudi.org\\\/the-conversion-of-saint-paul-a-testimony-of-grace-and-transformation\\\/\"},\"author\":{\"name\":\"Ricardo Grzona\",\"@id\":\"https:\\\/\\\/exaudi.org\\\/#\\\/schema\\\/person\\\/cb07ea25d04efb7adcdf3b176c030963\"},\"headline\":\"La Conversi\u00f3n de San Pablo: Un Testimonio de Gracia y Transformaci\u00f3n\",\"datePublished\":\"2026-01-25T08:00:56+00:00\",\"mainEntityOfPage\":{\"@id\":\"https:\\\/\\\/exaudi.org\\\/the-conversion-of-saint-paul-a-testimony-of-grace-and-transformation\\\/\"},\"wordCount\":1888,\"image\":{\"@id\":\"https:\\\/\\\/exaudi.org\\\/the-conversion-of-saint-paul-a-testimony-of-grace-and-transformation\\\/#primaryimage\"},\"thumbnailUrl\":\"https:\\\/\\\/exaudi.org\\\/wp-content\\\/uploads\\\/2025\\\/01\\\/La_conversion_de_Saint_Paul_Giordano_Nancy_3018.jpg\",\"keywords\":[\"Anan\u00edas\",\"Apolog\u00e9tica Cristiana\",\"Ap\u00f3stol Pablo\",\"Apostolado\",\"Biblia\",\"Camino a Damasco\",\"Conversi\u00f3n Cristiana\",\"conversi\u00f3n espiritual\",\"Evangelizaci\u00f3n\",\"Fe cristiana\",\"Gracia divina\",\"Hechos de los Ap\u00f3stoles\",\"Historia del cristianismo\",\"Iglesia Primitiva\",\"La Conversi\u00f3n de San Pablo\",\"Lev\u00e1ntate\",\"Luz en el Camino\",\"Misi\u00f3n de San Pablo\",\"Resurrecci\u00f3n de Cristo\",\"Ricardo Grzona\",\"San Pablo\",\"Saulo de Tarso\",\"Testimonio de San Pablo\",\"transformaci\u00f3n espiritual\",\"Trending\"],\"articleSection\":[\"An\u00e1lisis\",\"Santoral\"],\"inLanguage\":\"es\"},{\"@type\":\"WebPage\",\"@id\":\"https:\\\/\\\/exaudi.org\\\/the-conversion-of-saint-paul-a-testimony-of-grace-and-transformation\\\/\",\"url\":\"https:\\\/\\\/exaudi.org\\\/the-conversion-of-saint-paul-a-testimony-of-grace-and-transformation\\\/\",\"name\":\"La Conversi\u00f3n de San Pablo: Un Testimonio de Gracia y Transformaci\u00f3n &#8211; Exaudi\",\"isPartOf\":{\"@id\":\"https:\\\/\\\/exaudi.org\\\/#website\"},\"primaryImageOfPage\":{\"@id\":\"https:\\\/\\\/exaudi.org\\\/the-conversion-of-saint-paul-a-testimony-of-grace-and-transformation\\\/#primaryimage\"},\"image\":{\"@id\":\"https:\\\/\\\/exaudi.org\\\/the-conversion-of-saint-paul-a-testimony-of-grace-and-transformation\\\/#primaryimage\"},\"thumbnailUrl\":\"https:\\\/\\\/exaudi.org\\\/wp-content\\\/uploads\\\/2025\\\/01\\\/La_conversion_de_Saint_Paul_Giordano_Nancy_3018.jpg\",\"datePublished\":\"2026-01-25T08:00:56+00:00\",\"author\":{\"@id\":\"https:\\\/\\\/exaudi.org\\\/#\\\/schema\\\/person\\\/cb07ea25d04efb7adcdf3b176c030963\"},\"breadcrumb\":{\"@id\":\"https:\\\/\\\/exaudi.org\\\/the-conversion-of-saint-paul-a-testimony-of-grace-and-transformation\\\/#breadcrumb\"},\"inLanguage\":\"es\",\"potentialAction\":[{\"@type\":\"ReadAction\",\"target\":[\"https:\\\/\\\/exaudi.org\\\/the-conversion-of-saint-paul-a-testimony-of-grace-and-transformation\\\/\"]}]},{\"@type\":\"ImageObject\",\"inLanguage\":\"es\",\"@id\":\"https:\\\/\\\/exaudi.org\\\/the-conversion-of-saint-paul-a-testimony-of-grace-and-transformation\\\/#primaryimage\",\"url\":\"https:\\\/\\\/exaudi.org\\\/wp-content\\\/uploads\\\/2025\\\/01\\\/La_conversion_de_Saint_Paul_Giordano_Nancy_3018.jpg\",\"contentUrl\":\"https:\\\/\\\/exaudi.org\\\/wp-content\\\/uploads\\\/2025\\\/01\\\/La_conversion_de_Saint_Paul_Giordano_Nancy_3018.jpg\",\"width\":1920,\"height\":1246,\"caption\":\"De Luca Giordano - Trabajo propio\"},{\"@type\":\"BreadcrumbList\",\"@id\":\"https:\\\/\\\/exaudi.org\\\/the-conversion-of-saint-paul-a-testimony-of-grace-and-transformation\\\/#breadcrumb\",\"itemListElement\":[{\"@type\":\"ListItem\",\"position\":1,\"name\":\"Portada\",\"item\":\"https:\\\/\\\/exaudi.org\\\/es\\\/\"},{\"@type\":\"ListItem\",\"position\":2,\"name\":\"La Conversi\u00f3n de San Pablo: Un Testimonio de Gracia y Transformaci\u00f3n\"}]},{\"@type\":\"WebSite\",\"@id\":\"https:\\\/\\\/exaudi.org\\\/#website\",\"url\":\"https:\\\/\\\/exaudi.org\\\/\",\"name\":\"Exaudi\",\"description\":\"News\",\"potentialAction\":[{\"@type\":\"SearchAction\",\"target\":{\"@type\":\"EntryPoint\",\"urlTemplate\":\"https:\\\/\\\/exaudi.org\\\/?s={search_term_string}\"},\"query-input\":{\"@type\":\"PropertyValueSpecification\",\"valueRequired\":true,\"valueName\":\"search_term_string\"}}],\"inLanguage\":\"es\"},{\"@type\":\"Person\",\"@id\":\"https:\\\/\\\/exaudi.org\\\/#\\\/schema\\\/person\\\/cb07ea25d04efb7adcdf3b176c030963\",\"name\":\"Ricardo Grzona\",\"image\":{\"@type\":\"ImageObject\",\"inLanguage\":\"es\",\"@id\":\"https:\\\/\\\/secure.gravatar.com\\\/avatar\\\/91cec62a96ecac344b732b50a23b0be38c098e458df2e3dacfef9a338bf8f3d4?s=96&d=mm&r=g\",\"url\":\"https:\\\/\\\/secure.gravatar.com\\\/avatar\\\/91cec62a96ecac344b732b50a23b0be38c098e458df2e3dacfef9a338bf8f3d4?s=96&d=mm&r=g\",\"contentUrl\":\"https:\\\/\\\/secure.gravatar.com\\\/avatar\\\/91cec62a96ecac344b732b50a23b0be38c098e458df2e3dacfef9a338bf8f3d4?s=96&d=mm&r=g\",\"caption\":\"Ricardo Grzona\"},\"description\":\"Hno. Ricardo Grzona, frp (Fraternidad Ram\u00f3n Pan\u00e9). Presidente ejecutivo de la Fundaci\u00f3n Ram\u00f3n Pan\u00e9, con sede en Miami, Florida, USA. Sus estudios son en Catequ\u00e9tica en varias Universidades de las Am\u00e9ricas y Roma, especialmente en espiritualidad b\u00edblica y Lectio Divina\",\"url\":\"https:\\\/\\\/exaudi.org\\\/es\\\/author\\\/ricardogrzona\\\/\"}]}<\/script>\n<!-- \/ Yoast SEO plugin. -->","yoast_head_json":{"title":"La Conversi\u00f3n de San Pablo: Un Testimonio de Gracia y Transformaci\u00f3n &#8211; Exaudi","robots":{"index":"index","follow":"follow","max-snippet":"max-snippet:-1","max-image-preview":"max-image-preview:large","max-video-preview":"max-video-preview:-1"},"canonical":"https:\/\/exaudi.org\/es\/the-conversion-of-saint-paul-a-testimony-of-grace-and-transformation\/","og_locale":"es_ES","og_type":"article","og_title":"La Conversi\u00f3n de San Pablo: Un Testimonio de Gracia y Transformaci\u00f3n &#8211; Exaudi","og_description":"De Perseguidor a Ap\u00f3stol: El Poder de la Gracia Divina en la Transformaci\u00f3n de San Pablo","og_url":"https:\/\/exaudi.org\/the-conversion-of-saint-paul-a-testimony-of-grace-and-transformation\/","og_site_name":"Exaudi","article_publisher":"https:\/\/www.facebook.com\/ExaudiNews","article_published_time":"2026-01-25T08:00:56+00:00","og_image":[{"width":1920,"height":1246,"url":"https:\/\/exaudi.org\/wp-content\/uploads\/2025\/01\/La_conversion_de_Saint_Paul_Giordano_Nancy_3018.jpg","type":"image\/jpeg"}],"author":"Ricardo Grzona","twitter_card":"summary_large_image","twitter_creator":"@Exaudi_News","twitter_site":"@Exaudi_News","twitter_misc":{"Escrito por":"Ricardo Grzona","Tiempo de lectura":"9 minutos"},"schema":{"@context":"https:\/\/schema.org","@graph":[{"@type":"Article","@id":"https:\/\/exaudi.org\/the-conversion-of-saint-paul-a-testimony-of-grace-and-transformation\/#article","isPartOf":{"@id":"https:\/\/exaudi.org\/the-conversion-of-saint-paul-a-testimony-of-grace-and-transformation\/"},"author":{"name":"Ricardo Grzona","@id":"https:\/\/exaudi.org\/#\/schema\/person\/cb07ea25d04efb7adcdf3b176c030963"},"headline":"La Conversi\u00f3n de San Pablo: Un Testimonio de Gracia y Transformaci\u00f3n","datePublished":"2026-01-25T08:00:56+00:00","mainEntityOfPage":{"@id":"https:\/\/exaudi.org\/the-conversion-of-saint-paul-a-testimony-of-grace-and-transformation\/"},"wordCount":1888,"image":{"@id":"https:\/\/exaudi.org\/the-conversion-of-saint-paul-a-testimony-of-grace-and-transformation\/#primaryimage"},"thumbnailUrl":"https:\/\/exaudi.org\/wp-content\/uploads\/2025\/01\/La_conversion_de_Saint_Paul_Giordano_Nancy_3018.jpg","keywords":["Anan\u00edas","Apolog\u00e9tica Cristiana","Ap\u00f3stol Pablo","Apostolado","Biblia","Camino a Damasco","Conversi\u00f3n Cristiana","conversi\u00f3n espiritual","Evangelizaci\u00f3n","Fe cristiana","Gracia divina","Hechos de los Ap\u00f3stoles","Historia del cristianismo","Iglesia Primitiva","La Conversi\u00f3n de San Pablo","Lev\u00e1ntate","Luz en el Camino","Misi\u00f3n de San Pablo","Resurrecci\u00f3n de Cristo","Ricardo Grzona","San Pablo","Saulo de Tarso","Testimonio de San Pablo","transformaci\u00f3n espiritual","Trending"],"articleSection":["An\u00e1lisis","Santoral"],"inLanguage":"es"},{"@type":"WebPage","@id":"https:\/\/exaudi.org\/the-conversion-of-saint-paul-a-testimony-of-grace-and-transformation\/","url":"https:\/\/exaudi.org\/the-conversion-of-saint-paul-a-testimony-of-grace-and-transformation\/","name":"La Conversi\u00f3n de San Pablo: Un Testimonio de Gracia y Transformaci\u00f3n &#8211; Exaudi","isPartOf":{"@id":"https:\/\/exaudi.org\/#website"},"primaryImageOfPage":{"@id":"https:\/\/exaudi.org\/the-conversion-of-saint-paul-a-testimony-of-grace-and-transformation\/#primaryimage"},"image":{"@id":"https:\/\/exaudi.org\/the-conversion-of-saint-paul-a-testimony-of-grace-and-transformation\/#primaryimage"},"thumbnailUrl":"https:\/\/exaudi.org\/wp-content\/uploads\/2025\/01\/La_conversion_de_Saint_Paul_Giordano_Nancy_3018.jpg","datePublished":"2026-01-25T08:00:56+00:00","author":{"@id":"https:\/\/exaudi.org\/#\/schema\/person\/cb07ea25d04efb7adcdf3b176c030963"},"breadcrumb":{"@id":"https:\/\/exaudi.org\/the-conversion-of-saint-paul-a-testimony-of-grace-and-transformation\/#breadcrumb"},"inLanguage":"es","potentialAction":[{"@type":"ReadAction","target":["https:\/\/exaudi.org\/the-conversion-of-saint-paul-a-testimony-of-grace-and-transformation\/"]}]},{"@type":"ImageObject","inLanguage":"es","@id":"https:\/\/exaudi.org\/the-conversion-of-saint-paul-a-testimony-of-grace-and-transformation\/#primaryimage","url":"https:\/\/exaudi.org\/wp-content\/uploads\/2025\/01\/La_conversion_de_Saint_Paul_Giordano_Nancy_3018.jpg","contentUrl":"https:\/\/exaudi.org\/wp-content\/uploads\/2025\/01\/La_conversion_de_Saint_Paul_Giordano_Nancy_3018.jpg","width":1920,"height":1246,"caption":"De Luca Giordano - Trabajo propio"},{"@type":"BreadcrumbList","@id":"https:\/\/exaudi.org\/the-conversion-of-saint-paul-a-testimony-of-grace-and-transformation\/#breadcrumb","itemListElement":[{"@type":"ListItem","position":1,"name":"Portada","item":"https:\/\/exaudi.org\/es\/"},{"@type":"ListItem","position":2,"name":"La Conversi\u00f3n de San Pablo: Un Testimonio de Gracia y Transformaci\u00f3n"}]},{"@type":"WebSite","@id":"https:\/\/exaudi.org\/#website","url":"https:\/\/exaudi.org\/","name":"Exaudi","description":"News","potentialAction":[{"@type":"SearchAction","target":{"@type":"EntryPoint","urlTemplate":"https:\/\/exaudi.org\/?s={search_term_string}"},"query-input":{"@type":"PropertyValueSpecification","valueRequired":true,"valueName":"search_term_string"}}],"inLanguage":"es"},{"@type":"Person","@id":"https:\/\/exaudi.org\/#\/schema\/person\/cb07ea25d04efb7adcdf3b176c030963","name":"Ricardo Grzona","image":{"@type":"ImageObject","inLanguage":"es","@id":"https:\/\/secure.gravatar.com\/avatar\/91cec62a96ecac344b732b50a23b0be38c098e458df2e3dacfef9a338bf8f3d4?s=96&d=mm&r=g","url":"https:\/\/secure.gravatar.com\/avatar\/91cec62a96ecac344b732b50a23b0be38c098e458df2e3dacfef9a338bf8f3d4?s=96&d=mm&r=g","contentUrl":"https:\/\/secure.gravatar.com\/avatar\/91cec62a96ecac344b732b50a23b0be38c098e458df2e3dacfef9a338bf8f3d4?s=96&d=mm&r=g","caption":"Ricardo Grzona"},"description":"Hno. Ricardo Grzona, frp (Fraternidad Ram\u00f3n Pan\u00e9). Presidente ejecutivo de la Fundaci\u00f3n Ram\u00f3n Pan\u00e9, con sede en Miami, Florida, USA. Sus estudios son en Catequ\u00e9tica en varias Universidades de las Am\u00e9ricas y Roma, especialmente en espiritualidad b\u00edblica y Lectio Divina","url":"https:\/\/exaudi.org\/es\/author\/ricardogrzona\/"}]}},"jetpack_featured_media_url":"https:\/\/exaudi.org\/wp-content\/uploads\/2025\/01\/La_conversion_de_Saint_Paul_Giordano_Nancy_3018.jpg","jetpack_shortlink":"https:\/\/wp.me\/pgKjF2-uo1","_links":{"self":[{"href":"https:\/\/exaudi.org\/es\/wp-json\/wp\/v2\/posts\/116809","targetHints":{"allow":["GET"]}}],"collection":[{"href":"https:\/\/exaudi.org\/es\/wp-json\/wp\/v2\/posts"}],"about":[{"href":"https:\/\/exaudi.org\/es\/wp-json\/wp\/v2\/types\/post"}],"author":[{"embeddable":true,"href":"https:\/\/exaudi.org\/es\/wp-json\/wp\/v2\/users\/37"}],"replies":[{"embeddable":true,"href":"https:\/\/exaudi.org\/es\/wp-json\/wp\/v2\/comments?post=116809"}],"version-history":[{"count":1,"href":"https:\/\/exaudi.org\/es\/wp-json\/wp\/v2\/posts\/116809\/revisions"}],"predecessor-version":[{"id":149888,"href":"https:\/\/exaudi.org\/es\/wp-json\/wp\/v2\/posts\/116809\/revisions\/149888"}],"wp:featuredmedia":[{"embeddable":true,"href":"https:\/\/exaudi.org\/es\/wp-json\/wp\/v2\/media\/116810"}],"wp:attachment":[{"href":"https:\/\/exaudi.org\/es\/wp-json\/wp\/v2\/media?parent=116809"}],"wp:term":[{"taxonomy":"category","embeddable":true,"href":"https:\/\/exaudi.org\/es\/wp-json\/wp\/v2\/categories?post=116809"},{"taxonomy":"post_tag","embeddable":true,"href":"https:\/\/exaudi.org\/es\/wp-json\/wp\/v2\/tags?post=116809"}],"curies":[{"name":"wp","href":"https:\/\/api.w.org\/{rel}","templated":true}]}}