{"id":11658,"date":"2021-04-14T16:16:44","date_gmt":"2021-04-14T14:16:44","guid":{"rendered":"https:\/\/exaudi.org\/?p=11658"},"modified":"2021-04-14T16:52:24","modified_gmt":"2021-04-14T14:52:24","slug":"argentina-episcopado-pide-union-frente-pandemia-2021","status":"publish","type":"post","link":"https:\/\/exaudi.org\/es\/argentina-episcopado-pide-union-frente-pandemia-2021\/","title":{"rendered":"Argentina: Obispos piden uni\u00f3n frente al desaf\u00edo de la pandemia"},"content":{"rendered":"<p>Los obispos de la Comisi\u00f3n Nacional de Justicia y Paz de la <a href=\"https:\/\/episcopado.org\/\" target=\"_blank\" rel=\"noopener noreferrer\">Conferencia Episcopal Argentina (CEA)<\/a> publicaron un mensaje para mostrar su preocupaci\u00f3n por \u201cel dif\u00edcil momento que atraviesa la comunidad mundial como consecuencia del recrudecimiento de la pandemia de COVID-19\u201d y pedir la uni\u00f3n de todos los sectores para hacer frente a tal desaf\u00edo.<\/p>\n<p>La nota, emitida el pasado lunes 12 de abril de 2021, hace \u00e9nfasis en la \u201cinequitativa distribuci\u00f3n de las vacunas y la falta de compromiso de los grandes estados con la iniciativa de Naciones Unidas, as\u00ed como el pedido del Papa Francisco para que lleguen a todas las naciones en forma igualitaria y sin discriminaci\u00f3n\u201d.<\/p>\n<h4><strong>Concentraci\u00f3n de fuerzas pol\u00edticas<\/strong><\/h4>\n<p>Los <a href=\"https:\/\/exaudi.org\/es\/argentina-obispos-cercania-prelado-formosa-2021\/\" target=\"_blank\" rel=\"noopener noreferrer\">obispos argentinos<\/a> creen que \u201ces urgente y necesaria una concertaci\u00f3n de todas las fuerzas pol\u00edticas de gobierno y oposici\u00f3n a nivel nacional, provincial y municipal, para establecer una pol\u00edtica com\u00fan frente al grave desaf\u00edo\u201d, concretamente \u201cacordar las acciones necesarias para proteger a la poblaci\u00f3n m\u00e1s vulnerable mediante el esfuerzo com\u00fan con la campa\u00f1a de vacunaci\u00f3n, la observaci\u00f3n de los protocolos sanitarios y el desarrollo de las medidas de asistencia econ\u00f3mica y social\u201d.<\/p>\n<p>Para ello, insisten, \u201ces imprescindible olvidar diferencias y unirnos como pueblo, haciendo de la salud una pol\u00edtica de Estado\u201d. Y tambi\u00e9n piden \u201ca todos nuestros dirigentes pol\u00edticos, sociales, econ\u00f3micos, sindicales, que- con la grandeza que requiere este grave momento- fortalezcan los mecanismos de consulta federal y cooperen con responsabilidad en la necesaria unidad de todos los argentinos en funci\u00f3n del bien com\u00fan\u201d.<\/p>\n<h4><strong>Respetar las medidas sanitarias<\/strong><\/h4>\n<p>La Conferencia Episcopal hace un llamamiento \u201ca todos retomar todos los recaudos de cuidado (distancia social, desinfecci\u00f3n y lavado de manos, uso correcto de barbijos adecuados), que son fundamentales para vencer a la pandemia\u201d.<\/p>\n<p>En esta l\u00ednea, piden \u201ca los comunicadores sociales y medios en general que profundicen la informaci\u00f3n sobre la necesidad del cuidado personal y el distanciamiento personal porque son las medidas m\u00e1s efectivas de prevenci\u00f3n, junto al avance de la vacunaci\u00f3n\u201d y que \u201cno difundan campa\u00f1as contrarias a la preservaci\u00f3n de los ciudadanos\u201d.<\/p>\n","protected":false},"excerpt":{"rendered":"<p>Mensaje de la Comisi\u00f3n de Justicia y Paz<\/p>\n","protected":false},"author":6,"featured_media":11662,"comment_status":"closed","ping_status":"closed","sticky":false,"template":"","format":"standard","meta":{"_acf_changed":false,"_crdt_document":"","inline_featured_image":false,"footnotes":""},"categories":[86,298],"tags":[1666,742],"class_list":["post-11658","post","type-post","status-publish","format-standard","has-post-thumbnail","hentry","category-iglesia-local","category-ultimas-noticias","tag-comision-nacional-de-justicia-y-paz","tag-conferencia-episcopal-argentina-cea"],"acf":[],"yoast_head":"<!-- This site is optimized with the Yoast SEO plugin v27.5 - https:\/\/yoast.com\/product\/yoast-seo-wordpress\/ -->\n<title>Argentina: Obispos piden uni\u00f3n frente al desaf\u00edo de la pandemia - Exaudi<\/title>\n<meta name=\"description\" content=\"Los obispos de la Comisi\u00f3n Nacional de Justicia y Paz de la Conferencia Episcopal Argentina han pedido uni\u00f3n frente al desaf\u00edo de la pandemia\" \/>\n<meta name=\"robots\" content=\"index, follow, max-snippet:-1, max-image-preview:large, max-video-preview:-1\" \/>\n<link rel=\"canonical\" href=\"https:\/\/exaudi.org\/es\/argentina-episcopado-pide-union-frente-pandemia-2021\/\" \/>\n<meta property=\"og:locale\" content=\"es_ES\" \/>\n<meta property=\"og:type\" content=\"article\" \/>\n<meta property=\"og:title\" content=\"Argentina: Obispos piden uni\u00f3n frente al desaf\u00edo de la pandemia - Exaudi\" \/>\n<meta property=\"og:description\" content=\"Los obispos de la Comisi\u00f3n Nacional de Justicia y Paz de la Conferencia Episcopal Argentina han pedido uni\u00f3n frente al desaf\u00edo de la pandemia\" \/>\n<meta property=\"og:url\" content=\"https:\/\/exaudi.org\/es\/argentina-episcopado-pide-union-frente-pandemia-2021\/\" \/>\n<meta property=\"og:site_name\" content=\"Exaudi\" \/>\n<meta property=\"article:publisher\" content=\"https:\/\/www.facebook.com\/ExaudiNews\" \/>\n<meta property=\"article:published_time\" content=\"2021-04-14T14:16:44+00:00\" \/>\n<meta property=\"article:modified_time\" content=\"2021-04-14T14:52:24+00:00\" \/>\n<meta property=\"og:image\" content=\"https:\/\/exaudi.org\/wp-content\/uploads\/2021\/04\/ilragazzoconmoltafede-1548361509790-cathopic-scaled.jpg\" \/>\n\t<meta property=\"og:image:width\" content=\"2560\" \/>\n\t<meta property=\"og:image:height\" content=\"2264\" \/>\n\t<meta property=\"og:image:type\" content=\"image\/jpeg\" \/>\n<meta name=\"author\" content=\"Gabriel Sales\" \/>\n<meta name=\"twitter:card\" content=\"summary_large_image\" \/>\n<meta name=\"twitter:creator\" content=\"@habemusman\" \/>\n<meta name=\"twitter:site\" content=\"@Exaudi_News\" \/>\n<meta name=\"twitter:label1\" content=\"Escrito por\" \/>\n\t<meta name=\"twitter:data1\" content=\"Gabriel Sales\" \/>\n\t<meta name=\"twitter:label2\" content=\"Tiempo de lectura\" \/>\n\t<meta name=\"twitter:data2\" content=\"2 minutos\" \/>\n<script type=\"application\/ld+json\" class=\"yoast-schema-graph\">{\"@context\":\"https:\\\/\\\/schema.org\",\"@graph\":[{\"@type\":\"Article\",\"@id\":\"https:\\\/\\\/exaudi.org\\\/es\\\/argentina-episcopado-pide-union-frente-pandemia-2021\\\/#article\",\"isPartOf\":{\"@id\":\"https:\\\/\\\/exaudi.org\\\/es\\\/argentina-episcopado-pide-union-frente-pandemia-2021\\\/\"},\"author\":{\"name\":\"Gabriel Sales\",\"@id\":\"https:\\\/\\\/exaudi.org\\\/#\\\/schema\\\/person\\\/d134b96438278131ce90c90c03fda6cd\"},\"headline\":\"Argentina: Obispos piden uni\u00f3n frente al desaf\u00edo de la pandemia\",\"datePublished\":\"2021-04-14T14:16:44+00:00\",\"dateModified\":\"2021-04-14T14:52:24+00:00\",\"mainEntityOfPage\":{\"@id\":\"https:\\\/\\\/exaudi.org\\\/es\\\/argentina-episcopado-pide-union-frente-pandemia-2021\\\/\"},\"wordCount\":385,\"image\":{\"@id\":\"https:\\\/\\\/exaudi.org\\\/es\\\/argentina-episcopado-pide-union-frente-pandemia-2021\\\/#primaryimage\"},\"thumbnailUrl\":\"https:\\\/\\\/exaudi.org\\\/wp-content\\\/uploads\\\/2021\\\/04\\\/ilragazzoconmoltafede-1548361509790-cathopic-scaled.jpg\",\"keywords\":[\"Comisi\u00f3n Nacional de Justicia y Paz\",\"Conferencia Episcopal Argentina (CEA)\"],\"articleSection\":[\"Iglesia Local\",\"\u00daltimas noticias\"],\"inLanguage\":\"es\"},{\"@type\":\"WebPage\",\"@id\":\"https:\\\/\\\/exaudi.org\\\/es\\\/argentina-episcopado-pide-union-frente-pandemia-2021\\\/\",\"url\":\"https:\\\/\\\/exaudi.org\\\/es\\\/argentina-episcopado-pide-union-frente-pandemia-2021\\\/\",\"name\":\"Argentina: Obispos piden uni\u00f3n frente al desaf\u00edo de la pandemia - Exaudi\",\"isPartOf\":{\"@id\":\"https:\\\/\\\/exaudi.org\\\/#website\"},\"primaryImageOfPage\":{\"@id\":\"https:\\\/\\\/exaudi.org\\\/es\\\/argentina-episcopado-pide-union-frente-pandemia-2021\\\/#primaryimage\"},\"image\":{\"@id\":\"https:\\\/\\\/exaudi.org\\\/es\\\/argentina-episcopado-pide-union-frente-pandemia-2021\\\/#primaryimage\"},\"thumbnailUrl\":\"https:\\\/\\\/exaudi.org\\\/wp-content\\\/uploads\\\/2021\\\/04\\\/ilragazzoconmoltafede-1548361509790-cathopic-scaled.jpg\",\"datePublished\":\"2021-04-14T14:16:44+00:00\",\"dateModified\":\"2021-04-14T14:52:24+00:00\",\"author\":{\"@id\":\"https:\\\/\\\/exaudi.org\\\/#\\\/schema\\\/person\\\/d134b96438278131ce90c90c03fda6cd\"},\"description\":\"Los obispos de la Comisi\u00f3n Nacional de Justicia y Paz de la Conferencia Episcopal Argentina han pedido uni\u00f3n frente al desaf\u00edo de la pandemia\",\"breadcrumb\":{\"@id\":\"https:\\\/\\\/exaudi.org\\\/es\\\/argentina-episcopado-pide-union-frente-pandemia-2021\\\/#breadcrumb\"},\"inLanguage\":\"es\",\"potentialAction\":[{\"@type\":\"ReadAction\",\"target\":[\"https:\\\/\\\/exaudi.org\\\/es\\\/argentina-episcopado-pide-union-frente-pandemia-2021\\\/\"]}]},{\"@type\":\"ImageObject\",\"inLanguage\":\"es\",\"@id\":\"https:\\\/\\\/exaudi.org\\\/es\\\/argentina-episcopado-pide-union-frente-pandemia-2021\\\/#primaryimage\",\"url\":\"https:\\\/\\\/exaudi.org\\\/wp-content\\\/uploads\\\/2021\\\/04\\\/ilragazzoconmoltafede-1548361509790-cathopic-scaled.jpg\",\"contentUrl\":\"https:\\\/\\\/exaudi.org\\\/wp-content\\\/uploads\\\/2021\\\/04\\\/ilragazzoconmoltafede-1548361509790-cathopic-scaled.jpg\",\"width\":2560,\"height\":2264,\"caption\":\"Dos personas estrechando las manos \u00a9 Cathopic\"},{\"@type\":\"BreadcrumbList\",\"@id\":\"https:\\\/\\\/exaudi.org\\\/es\\\/argentina-episcopado-pide-union-frente-pandemia-2021\\\/#breadcrumb\",\"itemListElement\":[{\"@type\":\"ListItem\",\"position\":1,\"name\":\"Portada\",\"item\":\"https:\\\/\\\/exaudi.org\\\/es\\\/\"},{\"@type\":\"ListItem\",\"position\":2,\"name\":\"Argentina: Obispos piden uni\u00f3n frente al desaf\u00edo de la pandemia\"}]},{\"@type\":\"WebSite\",\"@id\":\"https:\\\/\\\/exaudi.org\\\/#website\",\"url\":\"https:\\\/\\\/exaudi.org\\\/\",\"name\":\"Exaudi\",\"description\":\"News\",\"potentialAction\":[{\"@type\":\"SearchAction\",\"target\":{\"@type\":\"EntryPoint\",\"urlTemplate\":\"https:\\\/\\\/exaudi.org\\\/?s={search_term_string}\"},\"query-input\":{\"@type\":\"PropertyValueSpecification\",\"valueRequired\":true,\"valueName\":\"search_term_string\"}}],\"inLanguage\":\"es\"},{\"@type\":\"Person\",\"@id\":\"https:\\\/\\\/exaudi.org\\\/#\\\/schema\\\/person\\\/d134b96438278131ce90c90c03fda6cd\",\"name\":\"Gabriel Sales\",\"image\":{\"@type\":\"ImageObject\",\"inLanguage\":\"es\",\"@id\":\"https:\\\/\\\/secure.gravatar.com\\\/avatar\\\/9b1269566f6a063ed26ffb3532b66a373cdde231ce5d0effb266167437fdaffd?s=96&d=mm&r=g\",\"url\":\"https:\\\/\\\/secure.gravatar.com\\\/avatar\\\/9b1269566f6a063ed26ffb3532b66a373cdde231ce5d0effb266167437fdaffd?s=96&d=mm&r=g\",\"contentUrl\":\"https:\\\/\\\/secure.gravatar.com\\\/avatar\\\/9b1269566f6a063ed26ffb3532b66a373cdde231ce5d0effb266167437fdaffd?s=96&d=mm&r=g\",\"caption\":\"Gabriel Sales\"},\"description\":\"Periodista y especialista en Comunicaci\u00f3n y Branding digital. Cin\u00e9filo y cr\u00edtico de cine y series de televisi\u00f3n.\",\"sameAs\":[\"https:\\\/\\\/www.instagram.com\\\/cine90segundos\\\/\",\"www.linkedin.com\\\/in\\\/habemusman\",\"https:\\\/\\\/x.com\\\/habemusman\",\"https:\\\/\\\/www.youtube.com\\\/channel\\\/UCVfCiOMkJ_C7T7OpyjuaLDg\"],\"url\":\"https:\\\/\\\/exaudi.org\\\/es\\\/author\\\/gsalesexaudi-org\\\/\"}]}<\/script>\n<!-- \/ Yoast SEO plugin. -->","yoast_head_json":{"title":"Argentina: Obispos piden uni\u00f3n frente al desaf\u00edo de la pandemia - Exaudi","description":"Los obispos de la Comisi\u00f3n Nacional de Justicia y Paz de la Conferencia Episcopal Argentina han pedido uni\u00f3n frente al desaf\u00edo de la pandemia","robots":{"index":"index","follow":"follow","max-snippet":"max-snippet:-1","max-image-preview":"max-image-preview:large","max-video-preview":"max-video-preview:-1"},"canonical":"https:\/\/exaudi.org\/es\/argentina-episcopado-pide-union-frente-pandemia-2021\/","og_locale":"es_ES","og_type":"article","og_title":"Argentina: Obispos piden uni\u00f3n frente al desaf\u00edo de la pandemia - Exaudi","og_description":"Los obispos de la Comisi\u00f3n Nacional de Justicia y Paz de la Conferencia Episcopal Argentina han pedido uni\u00f3n frente al desaf\u00edo de la pandemia","og_url":"https:\/\/exaudi.org\/es\/argentina-episcopado-pide-union-frente-pandemia-2021\/","og_site_name":"Exaudi","article_publisher":"https:\/\/www.facebook.com\/ExaudiNews","article_published_time":"2021-04-14T14:16:44+00:00","article_modified_time":"2021-04-14T14:52:24+00:00","og_image":[{"width":2560,"height":2264,"url":"https:\/\/exaudi.org\/wp-content\/uploads\/2021\/04\/ilragazzoconmoltafede-1548361509790-cathopic-scaled.jpg","type":"image\/jpeg"}],"author":"Gabriel Sales","twitter_card":"summary_large_image","twitter_creator":"@habemusman","twitter_site":"@Exaudi_News","twitter_misc":{"Escrito por":"Gabriel Sales","Tiempo de lectura":"2 minutos"},"schema":{"@context":"https:\/\/schema.org","@graph":[{"@type":"Article","@id":"https:\/\/exaudi.org\/es\/argentina-episcopado-pide-union-frente-pandemia-2021\/#article","isPartOf":{"@id":"https:\/\/exaudi.org\/es\/argentina-episcopado-pide-union-frente-pandemia-2021\/"},"author":{"name":"Gabriel Sales","@id":"https:\/\/exaudi.org\/#\/schema\/person\/d134b96438278131ce90c90c03fda6cd"},"headline":"Argentina: Obispos piden uni\u00f3n frente al desaf\u00edo de la pandemia","datePublished":"2021-04-14T14:16:44+00:00","dateModified":"2021-04-14T14:52:24+00:00","mainEntityOfPage":{"@id":"https:\/\/exaudi.org\/es\/argentina-episcopado-pide-union-frente-pandemia-2021\/"},"wordCount":385,"image":{"@id":"https:\/\/exaudi.org\/es\/argentina-episcopado-pide-union-frente-pandemia-2021\/#primaryimage"},"thumbnailUrl":"https:\/\/exaudi.org\/wp-content\/uploads\/2021\/04\/ilragazzoconmoltafede-1548361509790-cathopic-scaled.jpg","keywords":["Comisi\u00f3n Nacional de Justicia y Paz","Conferencia Episcopal Argentina (CEA)"],"articleSection":["Iglesia Local","\u00daltimas noticias"],"inLanguage":"es"},{"@type":"WebPage","@id":"https:\/\/exaudi.org\/es\/argentina-episcopado-pide-union-frente-pandemia-2021\/","url":"https:\/\/exaudi.org\/es\/argentina-episcopado-pide-union-frente-pandemia-2021\/","name":"Argentina: Obispos piden uni\u00f3n frente al desaf\u00edo de la pandemia - Exaudi","isPartOf":{"@id":"https:\/\/exaudi.org\/#website"},"primaryImageOfPage":{"@id":"https:\/\/exaudi.org\/es\/argentina-episcopado-pide-union-frente-pandemia-2021\/#primaryimage"},"image":{"@id":"https:\/\/exaudi.org\/es\/argentina-episcopado-pide-union-frente-pandemia-2021\/#primaryimage"},"thumbnailUrl":"https:\/\/exaudi.org\/wp-content\/uploads\/2021\/04\/ilragazzoconmoltafede-1548361509790-cathopic-scaled.jpg","datePublished":"2021-04-14T14:16:44+00:00","dateModified":"2021-04-14T14:52:24+00:00","author":{"@id":"https:\/\/exaudi.org\/#\/schema\/person\/d134b96438278131ce90c90c03fda6cd"},"description":"Los obispos de la Comisi\u00f3n Nacional de Justicia y Paz de la Conferencia Episcopal Argentina han pedido uni\u00f3n frente al desaf\u00edo de la pandemia","breadcrumb":{"@id":"https:\/\/exaudi.org\/es\/argentina-episcopado-pide-union-frente-pandemia-2021\/#breadcrumb"},"inLanguage":"es","potentialAction":[{"@type":"ReadAction","target":["https:\/\/exaudi.org\/es\/argentina-episcopado-pide-union-frente-pandemia-2021\/"]}]},{"@type":"ImageObject","inLanguage":"es","@id":"https:\/\/exaudi.org\/es\/argentina-episcopado-pide-union-frente-pandemia-2021\/#primaryimage","url":"https:\/\/exaudi.org\/wp-content\/uploads\/2021\/04\/ilragazzoconmoltafede-1548361509790-cathopic-scaled.jpg","contentUrl":"https:\/\/exaudi.org\/wp-content\/uploads\/2021\/04\/ilragazzoconmoltafede-1548361509790-cathopic-scaled.jpg","width":2560,"height":2264,"caption":"Dos personas estrechando las manos \u00a9 Cathopic"},{"@type":"BreadcrumbList","@id":"https:\/\/exaudi.org\/es\/argentina-episcopado-pide-union-frente-pandemia-2021\/#breadcrumb","itemListElement":[{"@type":"ListItem","position":1,"name":"Portada","item":"https:\/\/exaudi.org\/es\/"},{"@type":"ListItem","position":2,"name":"Argentina: Obispos piden uni\u00f3n frente al desaf\u00edo de la pandemia"}]},{"@type":"WebSite","@id":"https:\/\/exaudi.org\/#website","url":"https:\/\/exaudi.org\/","name":"Exaudi","description":"News","potentialAction":[{"@type":"SearchAction","target":{"@type":"EntryPoint","urlTemplate":"https:\/\/exaudi.org\/?s={search_term_string}"},"query-input":{"@type":"PropertyValueSpecification","valueRequired":true,"valueName":"search_term_string"}}],"inLanguage":"es"},{"@type":"Person","@id":"https:\/\/exaudi.org\/#\/schema\/person\/d134b96438278131ce90c90c03fda6cd","name":"Gabriel Sales","image":{"@type":"ImageObject","inLanguage":"es","@id":"https:\/\/secure.gravatar.com\/avatar\/9b1269566f6a063ed26ffb3532b66a373cdde231ce5d0effb266167437fdaffd?s=96&d=mm&r=g","url":"https:\/\/secure.gravatar.com\/avatar\/9b1269566f6a063ed26ffb3532b66a373cdde231ce5d0effb266167437fdaffd?s=96&d=mm&r=g","contentUrl":"https:\/\/secure.gravatar.com\/avatar\/9b1269566f6a063ed26ffb3532b66a373cdde231ce5d0effb266167437fdaffd?s=96&d=mm&r=g","caption":"Gabriel Sales"},"description":"Periodista y especialista en Comunicaci\u00f3n y Branding digital. Cin\u00e9filo y cr\u00edtico de cine y series de televisi\u00f3n.","sameAs":["https:\/\/www.instagram.com\/cine90segundos\/","www.linkedin.com\/in\/habemusman","https:\/\/x.com\/habemusman","https:\/\/www.youtube.com\/channel\/UCVfCiOMkJ_C7T7OpyjuaLDg"],"url":"https:\/\/exaudi.org\/es\/author\/gsalesexaudi-org\/"}]}},"jetpack_featured_media_url":"https:\/\/exaudi.org\/wp-content\/uploads\/2021\/04\/ilragazzoconmoltafede-1548361509790-cathopic-scaled.jpg","jetpack_shortlink":"https:\/\/wp.me\/pgKjF2-322","_links":{"self":[{"href":"https:\/\/exaudi.org\/es\/wp-json\/wp\/v2\/posts\/11658","targetHints":{"allow":["GET"]}}],"collection":[{"href":"https:\/\/exaudi.org\/es\/wp-json\/wp\/v2\/posts"}],"about":[{"href":"https:\/\/exaudi.org\/es\/wp-json\/wp\/v2\/types\/post"}],"author":[{"embeddable":true,"href":"https:\/\/exaudi.org\/es\/wp-json\/wp\/v2\/users\/6"}],"replies":[{"embeddable":true,"href":"https:\/\/exaudi.org\/es\/wp-json\/wp\/v2\/comments?post=11658"}],"version-history":[{"count":0,"href":"https:\/\/exaudi.org\/es\/wp-json\/wp\/v2\/posts\/11658\/revisions"}],"wp:featuredmedia":[{"embeddable":true,"href":"https:\/\/exaudi.org\/es\/wp-json\/wp\/v2\/media\/11662"}],"wp:attachment":[{"href":"https:\/\/exaudi.org\/es\/wp-json\/wp\/v2\/media?parent=11658"}],"wp:term":[{"taxonomy":"category","embeddable":true,"href":"https:\/\/exaudi.org\/es\/wp-json\/wp\/v2\/categories?post=11658"},{"taxonomy":"post_tag","embeddable":true,"href":"https:\/\/exaudi.org\/es\/wp-json\/wp\/v2\/tags?post=11658"}],"curies":[{"name":"wp","href":"https:\/\/api.w.org\/{rel}","templated":true}]}}