{"id":116480,"date":"2025-01-13T08:30:01","date_gmt":"2025-01-13T07:30:01","guid":{"rendered":"https:\/\/exaudi.org\/?p=116480"},"modified":"2025-01-13T12:35:55","modified_gmt":"2025-01-13T11:35:55","slug":"quien-es-dios-padre-dios-hijo-y-dios-espiritu-santo","status":"publish","type":"post","link":"https:\/\/exaudi.org\/es\/quien-es-dios-padre-dios-hijo-y-dios-espiritu-santo\/","title":{"rendered":"Quien es Dios Padre, Dios Hijo y Dios Esp\u00edritu Santo"},"content":{"rendered":"<h3 data-pm-slice=\"1 1 []\"><strong>Dios Padre: La Fuente de Todo Amor<\/strong><\/h3>\n<p><strong>El Creador de todo lo visible e invisible<\/strong><\/p>\n<p>Cuando pensamos en Dios Padre, nuestra mente se llena de la imagen de un creador amoroso, cercano y siempre presente. En la fe cristiana, Dios Padre es el origen de toda la creaci\u00f3n y la fuente de vida. Su amor no tiene l\u00edmites y se manifiesta en su cuidado constante por cada uno de nosotros. Como explica el Catecismo de la Iglesia Cat\u00f3lica, Dios Padre es el \u00abprincipio sin principio\u00bb que ha generado todo lo que existe por amor. Su paternidad no es solo una relaci\u00f3n simb\u00f3lica, sino real y vivificante.<\/p>\n<p><iframe title=\"Spotify Embed: Quien es Dios Padre, Dios Hijo y Dios Esp\u00edritu Santo\" style=\"border-radius: 12px\" width=\"100%\" height=\"152\" frameborder=\"0\" allowfullscreen allow=\"autoplay; clipboard-write; encrypted-media; fullscreen; picture-in-picture\" loading=\"lazy\" src=\"https:\/\/open.spotify.com\/embed\/episode\/1S6uVRMEK0rLcl0oTWKt91?si=1507d4e3b3134196&#038;utm_source=oembed\"><\/iframe><\/p>\n<p>Dios Padre se revela a trav\u00e9s de las Escrituras como un Dios cercano, que camina con su pueblo y lo sostiene incluso en los momentos m\u00e1s dif\u00edciles. En la Biblia, esta imagen se ve claramente en el \u00e9xodo del pueblo de Israel, donde Dios act\u00faa como protector y proveedor, gui\u00e1ndolos hacia la tierra prometida. Tambi\u00e9n lo vemos como el creador de todo lo que existe, desde las vastas galaxias hasta los detalles m\u00e1s peque\u00f1os de nuestra vida cotidiana. Cada latido de nuestro coraz\u00f3n y cada amanecer son reflejos de su bondad infinita.<\/p>\n<p>El amor del Padre tambi\u00e9n es palpable en la forma en que nos invita a llamarle \u00abAbb\u00e1\u00bb, que significa \u00abPap\u00e1\u00bb. Esto refleja una intimidad profunda, que rompe cualquier distancia y nos permite vivir como hijos adoptivos de Dios. En este sentido, cada momento de nuestra vida est\u00e1 tocado por la presencia y la providencia de un Padre que nunca abandona. Este amor no es abstracto ni gen\u00e9rico, sino personal y \u00fanico para cada uno de sus hijos.<\/p>\n<p>A trav\u00e9s de la oraci\u00f3n y los sacramentos, especialmente la Eucarist\u00eda, podemos experimentar el abrazo tierno de Dios Padre. Nos invita a confiar en \u00c9l con una fe sencilla y plena, sabiendo que su voluntad es siempre para nuestro bien. En este sentido, ser hijo de Dios implica una llamada constante a crecer en la confianza y en la entrega a su plan perfecto.<\/p>\n<h3 data-pm-slice=\"1 1 []\"><strong>Dios Hijo: La Palabra Hecha Carne<\/strong><\/h3>\n<p><strong>Jesucristo, el rostro visible del amor divino<\/strong><\/p>\n<p>Jesucristo, el Hijo de Dios, es el rostro visible del Padre. Es el Verbo eterno que se encarn\u00f3 para redimirnos y mostrarnos el camino hacia la salvaci\u00f3n. Su vida terrenal es un ejemplo perfecto de amor, humildad y obediencia a la voluntad divina. En Jes\u00fas, encontramos al Dios que no solo nos observa desde el cielo, sino que camina entre nosotros, compartiendo nuestras alegr\u00edas y dolores.<\/p>\n<p>En el Evangelio seg\u00fan San Juan, Jes\u00fas dice: \u00abQuien me ha visto a m\u00ed, ha visto al Padre\u00bb (Jn 14, 9). Esta afirmaci\u00f3n resume la misi\u00f3n del Hijo: revelar el coraz\u00f3n amoroso de Dios. Cada palabra, milagro y acci\u00f3n de Jes\u00fas durante su vida terrenal refleja el amor divino. Desde el momento de su nacimiento en un humilde pesebre, hasta su muerte en la cruz y su gloriosa resurrecci\u00f3n, Jes\u00fas nos ense\u00f1a que el amor de Dios es incondicional y eterno.<\/p>\n<p>El sacrificio de Cristo en la cruz es el acto supremo de entrega, que nos reconcilia con Dios y abre las puertas del cielo para toda la humanidad. Es a trav\u00e9s de su muerte y resurrecci\u00f3n que obtenemos la redenci\u00f3n y la esperanza de la vida eterna. Jes\u00fas nos muestra que el amor verdadero implica sacrificio y entrega, y nos invita a seguir su ejemplo en nuestra vida diaria.<\/p>\n<p>Jes\u00fas tambi\u00e9n nos ense\u00f1a a vivir como hijos amados, confiando plenamente en la bondad del Padre. A trav\u00e9s de \u00c9l, descubrimos que Dios no est\u00e1 lejano ni es indiferente a nuestro sufrimiento. Al contrario, ha compartido nuestra humanidad para elevarnos a la vida divina. En sus par\u00e1bolas, Jes\u00fas nos revela el rostro misericordioso de Dios y nos invita a acercarnos a \u00c9l con un coraz\u00f3n humilde y confiado.<\/p>\n<p>Cada encuentro con Cristo, ya sea en la oraci\u00f3n, en los sacramentos o en la caridad hacia los dem\u00e1s, nos acerca al misterio de su amor redentor. \u00c9l es el Camino, la Verdad y la Vida, y nos llama a ser sus disc\u00edpulos, llevando su luz al mundo.<\/p>\n<h3 data-pm-slice=\"1 1 []\"><strong>Dios Esp\u00edritu Santo: El Dador de Vida<\/strong><\/h3>\n<p><strong>La fuerza transformadora de la gracia divina<\/strong><\/p>\n<p>El Esp\u00edritu Santo es la tercera persona de la Sant\u00edsima Trinidad y act\u00faa como el gran consolador y santificador. Su presencia en nuestras vidas nos transforma, nos fortalece y nos dirige hacia la verdad plena. Es el Esp\u00edritu quien nos capacita para vivir nuestra fe con alegr\u00eda y valent\u00eda, iluminando nuestro entendimiento y guiando nuestras decisiones.<\/p>\n<p>El Esp\u00edritu Santo se manifiesta en Pentecost\u00e9s, cuando desciende sobre los ap\u00f3stoles en forma de lenguas de fuego, llen\u00e1ndolos de valor y sabidur\u00eda para anunciar el Evangelio. Desde entonces, es el alma de la Iglesia y el motor de nuestra vida cristiana. A trav\u00e9s de su acci\u00f3n, los ap\u00f3stoles fueron transformados de hombres temerosos a valientes testigos de Cristo, capaces de llevar el mensaje de salvaci\u00f3n hasta los confines de la tierra.<\/p>\n<p>Este Esp\u00edritu no solo nos acompa\u00f1a, sino que habita en nosotros, convirtiendo nuestro coraz\u00f3n en un templo vivo de Dios. Nos inspira a amar, perdonar y buscar siempre lo bueno. A trav\u00e9s de sus dones \u2014sabidur\u00eda, entendimiento, consejo, fortaleza, ciencia, piedad y temor de Dios\u2014 nos capacita para vivir como verdaderos testigos de Cristo. Tambi\u00e9n nos concede sus frutos, como el amor, la paz, la paciencia y la bondad, que transforman nuestra vida y la de quienes nos rodean.<\/p>\n<p>En nuestra vida diaria, el Esp\u00edritu Santo act\u00faa como una brisa suave que nos impulsa hacia el amor y la verdad. Su acci\u00f3n nos une m\u00e1s profundamente a Dios y nos permite vivir la plenitud de nuestra vocaci\u00f3n cristiana. Es el Esp\u00edritu quien nos da la fuerza para perseverar en los momentos dif\u00edciles y quien enciende en nuestro coraz\u00f3n el fuego del amor divino.<\/p>\n<p>A trav\u00e9s de la oraci\u00f3n, especialmente invoc\u00e1ndolo con el \u00abVen, Esp\u00edritu Santo\u00bb, podemos experimentar su gu\u00eda y su consuelo. \u00c9l nos recuerda las ense\u00f1anzas de Jes\u00fas y nos da la sabidur\u00eda para aplicarlas en nuestra vida cotidiana. En cada Eucarist\u00eda, renovamos nuestra relaci\u00f3n con el Esp\u00edritu, quien nos fortalece para ser luz y sal en el mundo.<\/p>\n<p>***<\/p>\n<p data-pm-slice=\"1 1 []\">La Sant\u00edsima Trinidad \u2014Dios Padre, Dios Hijo y Dios Esp\u00edritu Santo\u2014 es un misterio profundo que trasciende nuestra comprensi\u00f3n, pero que al mismo tiempo se hace presente en nuestras vidas de manera tangible y cercana. Conocer a cada persona divina es abrir el coraz\u00f3n a la experiencia de un amor infinito, que transforma nuestra existencia y nos lleva a la plenitud.<\/p>\n<p data-pm-slice=\"1 1 []\"><img loading=\"lazy\" decoding=\"async\" class=\"size-full wp-image-116485 alignnone\" src=\"https:\/\/exaudi.org\/wp-content\/uploads\/2025\/01\/Javier-Ferrer-Garcia-1.jpg\" alt=\"\" width=\"940\" height=\"788\" srcset=\"https:\/\/exaudi.org\/wp-content\/uploads\/2025\/01\/Javier-Ferrer-Garcia-1.jpg 940w, https:\/\/exaudi.org\/wp-content\/uploads\/2025\/01\/Javier-Ferrer-Garcia-1-300x251.jpg 300w, https:\/\/exaudi.org\/wp-content\/uploads\/2025\/01\/Javier-Ferrer-Garcia-1-770x645.jpg 770w, https:\/\/exaudi.org\/wp-content\/uploads\/2025\/01\/Javier-Ferrer-Garcia-1-500x419.jpg 500w, https:\/\/exaudi.org\/wp-content\/uploads\/2025\/01\/Javier-Ferrer-Garcia-1-293x246.jpg 293w, https:\/\/exaudi.org\/wp-content\/uploads\/2025\/01\/Javier-Ferrer-Garcia-1-390x327.jpg 390w\" sizes=\"auto, (max-width: 940px) 100vw, 940px\" \/><\/p>\n","protected":false},"excerpt":{"rendered":"<p>La Fuente del Amor y la Creaci\u00f3n, El Rostro Visible del Amor Divino y La Presencia Viva en Nosotros<\/p>\n","protected":false},"author":149,"featured_media":116481,"comment_status":"closed","ping_status":"closed","sticky":false,"template":"","format":"standard","meta":{"_acf_changed":false,"_crdt_document":"","inline_featured_image":false,"footnotes":""},"categories":[72],"tags":[39846,20350,39844,3116,182,5860,39843,39842,15858,29326,448,17563,15381,449,25210,445,32615,676,39834,13794,39845,9686,2513,4953,15380,14712],"class_list":["post-116480","post","type-post","status-publish","format-standard","has-post-thumbnail","hentry","category-analisis","tag-accion-del-espiritu-santo","tag-amor-de-dios","tag-amor-de-dios-padre","tag-biblia","tag-catequesis","tag-cristianismo","tag-dios-hijo","tag-dios-padre","tag-dones-del-espiritu-santo","tag-ensenanza-cristiana","tag-espiritu-santo","tag-fe-cristiana","tag-gracia-divina","tag-iglesia-catolica","tag-javier-ferrer-garcia","tag-jesucristo","tag-misterio-de-la-trinidad","tag-oracion","tag-quien-es-dios","tag-redencion","tag-redencion-en-cristo","tag-salvacion","tag-santisima-trinidad","tag-trending-es","tag-vida-espiritual","tag-vida-eterna"],"acf":[],"yoast_head":"<!-- This site is optimized with the Yoast SEO plugin v27.4 - https:\/\/yoast.com\/product\/yoast-seo-wordpress\/ -->\n<title>Quien es Dios Padre, Dios Hijo y Dios Esp\u00edritu Santo &#8211; Exaudi<\/title>\n<meta name=\"robots\" content=\"index, follow, max-snippet:-1, max-image-preview:large, max-video-preview:-1\" \/>\n<link rel=\"canonical\" href=\"https:\/\/exaudi.org\/es\/quien-es-dios-padre-dios-hijo-y-dios-espiritu-santo\/\" \/>\n<meta property=\"og:locale\" content=\"es_ES\" \/>\n<meta property=\"og:type\" content=\"article\" \/>\n<meta property=\"og:title\" content=\"Quien es Dios Padre, Dios Hijo y Dios Esp\u00edritu Santo &#8211; Exaudi\" \/>\n<meta property=\"og:description\" content=\"La Fuente del Amor y la Creaci\u00f3n, El Rostro Visible del Amor Divino y La Presencia Viva en Nosotros\" \/>\n<meta property=\"og:url\" content=\"https:\/\/exaudi.org\/es\/quien-es-dios-padre-dios-hijo-y-dios-espiritu-santo\/\" \/>\n<meta property=\"og:site_name\" content=\"Exaudi\" \/>\n<meta property=\"article:publisher\" content=\"https:\/\/www.facebook.com\/ExaudiNews\" \/>\n<meta property=\"article:published_time\" content=\"2025-01-13T07:30:01+00:00\" \/>\n<meta property=\"article:modified_time\" content=\"2025-01-13T11:35:55+00:00\" \/>\n<meta property=\"og:image\" content=\"https:\/\/exaudi.org\/wp-content\/uploads\/2025\/01\/7e5823ad-5dce-4615-bf90-d37873b38fe6.jpg\" \/>\n\t<meta property=\"og:image:width\" content=\"1920\" \/>\n\t<meta property=\"og:image:height\" content=\"1319\" \/>\n\t<meta property=\"og:image:type\" content=\"image\/jpeg\" \/>\n<meta name=\"author\" content=\"Javier Ferrer Garc\u00eda\" \/>\n<meta name=\"twitter:card\" content=\"summary_large_image\" \/>\n<meta name=\"twitter:creator\" content=\"@Exaudi_News\" \/>\n<meta name=\"twitter:site\" content=\"@Exaudi_News\" \/>\n<meta name=\"twitter:label1\" content=\"Escrito por\" \/>\n\t<meta name=\"twitter:data1\" content=\"Javier Ferrer Garc\u00eda\" \/>\n\t<meta name=\"twitter:label2\" content=\"Tiempo de lectura\" \/>\n\t<meta name=\"twitter:data2\" content=\"6 minutos\" \/>\n<script type=\"application\/ld+json\" class=\"yoast-schema-graph\">{\"@context\":\"https:\\\/\\\/schema.org\",\"@graph\":[{\"@type\":\"Article\",\"@id\":\"https:\\\/\\\/exaudi.org\\\/es\\\/quien-es-dios-padre-dios-hijo-y-dios-espiritu-santo\\\/#article\",\"isPartOf\":{\"@id\":\"https:\\\/\\\/exaudi.org\\\/es\\\/quien-es-dios-padre-dios-hijo-y-dios-espiritu-santo\\\/\"},\"author\":{\"name\":\"Javier Ferrer Garc\u00eda\",\"@id\":\"https:\\\/\\\/exaudi.org\\\/#\\\/schema\\\/person\\\/0428626ea256fe1d193098fe0ee2b91d\"},\"headline\":\"Quien es Dios Padre, Dios Hijo y Dios Esp\u00edritu Santo\",\"datePublished\":\"2025-01-13T07:30:01+00:00\",\"dateModified\":\"2025-01-13T11:35:55+00:00\",\"mainEntityOfPage\":{\"@id\":\"https:\\\/\\\/exaudi.org\\\/es\\\/quien-es-dios-padre-dios-hijo-y-dios-espiritu-santo\\\/\"},\"wordCount\":1200,\"image\":{\"@id\":\"https:\\\/\\\/exaudi.org\\\/es\\\/quien-es-dios-padre-dios-hijo-y-dios-espiritu-santo\\\/#primaryimage\"},\"thumbnailUrl\":\"https:\\\/\\\/exaudi.org\\\/wp-content\\\/uploads\\\/2025\\\/01\\\/7e5823ad-5dce-4615-bf90-d37873b38fe6.jpg\",\"keywords\":[\"acci\u00f3n del Esp\u00edritu Santo\",\"amor de Dios\",\"amor de Dios Padre\",\"Biblia\",\"catequesis\",\"Cristianismo\",\"Dios Hijo\",\"Dios Padre\",\"dones del Esp\u00edritu Santo\",\"ense\u00f1anza cristiana\",\"Esp\u00edritu Santo\",\"Fe cristiana\",\"Gracia divina\",\"Iglesia cat\u00f3lica\",\"Javier Ferrer Garc\u00eda\",\"Jesucristo\",\"misterio de la Trinidad\",\"Oraci\u00f3n\",\"qui\u00e9n es Dios\",\"Redenci\u00f3n\",\"redenci\u00f3n en Cristo\",\"Salvaci\u00f3n\",\"Sant\u00edsima Trinidad\",\"Trending\",\"Vida espiritual\",\"Vida eterna\"],\"articleSection\":[\"An\u00e1lisis\"],\"inLanguage\":\"es\"},{\"@type\":\"WebPage\",\"@id\":\"https:\\\/\\\/exaudi.org\\\/es\\\/quien-es-dios-padre-dios-hijo-y-dios-espiritu-santo\\\/\",\"url\":\"https:\\\/\\\/exaudi.org\\\/es\\\/quien-es-dios-padre-dios-hijo-y-dios-espiritu-santo\\\/\",\"name\":\"Quien es Dios Padre, Dios Hijo y Dios Esp\u00edritu Santo &#8211; Exaudi\",\"isPartOf\":{\"@id\":\"https:\\\/\\\/exaudi.org\\\/#website\"},\"primaryImageOfPage\":{\"@id\":\"https:\\\/\\\/exaudi.org\\\/es\\\/quien-es-dios-padre-dios-hijo-y-dios-espiritu-santo\\\/#primaryimage\"},\"image\":{\"@id\":\"https:\\\/\\\/exaudi.org\\\/es\\\/quien-es-dios-padre-dios-hijo-y-dios-espiritu-santo\\\/#primaryimage\"},\"thumbnailUrl\":\"https:\\\/\\\/exaudi.org\\\/wp-content\\\/uploads\\\/2025\\\/01\\\/7e5823ad-5dce-4615-bf90-d37873b38fe6.jpg\",\"datePublished\":\"2025-01-13T07:30:01+00:00\",\"dateModified\":\"2025-01-13T11:35:55+00:00\",\"author\":{\"@id\":\"https:\\\/\\\/exaudi.org\\\/#\\\/schema\\\/person\\\/0428626ea256fe1d193098fe0ee2b91d\"},\"breadcrumb\":{\"@id\":\"https:\\\/\\\/exaudi.org\\\/es\\\/quien-es-dios-padre-dios-hijo-y-dios-espiritu-santo\\\/#breadcrumb\"},\"inLanguage\":\"es\",\"potentialAction\":[{\"@type\":\"ReadAction\",\"target\":[\"https:\\\/\\\/exaudi.org\\\/es\\\/quien-es-dios-padre-dios-hijo-y-dios-espiritu-santo\\\/\"]}]},{\"@type\":\"ImageObject\",\"inLanguage\":\"es\",\"@id\":\"https:\\\/\\\/exaudi.org\\\/es\\\/quien-es-dios-padre-dios-hijo-y-dios-espiritu-santo\\\/#primaryimage\",\"url\":\"https:\\\/\\\/exaudi.org\\\/wp-content\\\/uploads\\\/2025\\\/01\\\/7e5823ad-5dce-4615-bf90-d37873b38fe6.jpg\",\"contentUrl\":\"https:\\\/\\\/exaudi.org\\\/wp-content\\\/uploads\\\/2025\\\/01\\\/7e5823ad-5dce-4615-bf90-d37873b38fe6.jpg\",\"width\":1920,\"height\":1319,\"caption\":\"Museo del Prado\"},{\"@type\":\"BreadcrumbList\",\"@id\":\"https:\\\/\\\/exaudi.org\\\/es\\\/quien-es-dios-padre-dios-hijo-y-dios-espiritu-santo\\\/#breadcrumb\",\"itemListElement\":[{\"@type\":\"ListItem\",\"position\":1,\"name\":\"Portada\",\"item\":\"https:\\\/\\\/exaudi.org\\\/es\\\/\"},{\"@type\":\"ListItem\",\"position\":2,\"name\":\"Quien es Dios Padre, Dios Hijo y Dios Esp\u00edritu Santo\"}]},{\"@type\":\"WebSite\",\"@id\":\"https:\\\/\\\/exaudi.org\\\/#website\",\"url\":\"https:\\\/\\\/exaudi.org\\\/\",\"name\":\"Exaudi\",\"description\":\"News\",\"potentialAction\":[{\"@type\":\"SearchAction\",\"target\":{\"@type\":\"EntryPoint\",\"urlTemplate\":\"https:\\\/\\\/exaudi.org\\\/?s={search_term_string}\"},\"query-input\":{\"@type\":\"PropertyValueSpecification\",\"valueRequired\":true,\"valueName\":\"search_term_string\"}}],\"inLanguage\":\"es\"},{\"@type\":\"Person\",\"@id\":\"https:\\\/\\\/exaudi.org\\\/#\\\/schema\\\/person\\\/0428626ea256fe1d193098fe0ee2b91d\",\"name\":\"Javier Ferrer Garc\u00eda\",\"image\":{\"@type\":\"ImageObject\",\"inLanguage\":\"es\",\"@id\":\"https:\\\/\\\/secure.gravatar.com\\\/avatar\\\/c7bc1aef05f4433794cef4a55499c99ae6c0d617e2aa24ba4876a5432af93b2d?s=96&d=mm&r=g\",\"url\":\"https:\\\/\\\/secure.gravatar.com\\\/avatar\\\/c7bc1aef05f4433794cef4a55499c99ae6c0d617e2aa24ba4876a5432af93b2d?s=96&d=mm&r=g\",\"contentUrl\":\"https:\\\/\\\/secure.gravatar.com\\\/avatar\\\/c7bc1aef05f4433794cef4a55499c99ae6c0d617e2aa24ba4876a5432af93b2d?s=96&d=mm&r=g\",\"caption\":\"Javier Ferrer Garc\u00eda\"},\"description\":\"Soy un apasionado de la vida. Fil\u00f3sofo y economista. Mi carrera profesional se ha enriquecido con el constante deseo de aprender y crecer tanto en el \u00e1mbito acad\u00e9mico como en el personal. Me considero un ferviente lector y amante del cine, lo cual me permite tener una perspectiva amplia y diversa sobre el mundo que nos rodea. Como cat\u00f3lico comprometido, busco integrar mis valores en cada aspecto de mi vida, desde mi carrera profesional hasta mi rol como esposo y padre de familia\",\"url\":\"https:\\\/\\\/exaudi.org\\\/es\\\/author\\\/javier-ferrer-garcia\\\/\"}]}<\/script>\n<!-- \/ Yoast SEO plugin. -->","yoast_head_json":{"title":"Quien es Dios Padre, Dios Hijo y Dios Esp\u00edritu Santo &#8211; Exaudi","robots":{"index":"index","follow":"follow","max-snippet":"max-snippet:-1","max-image-preview":"max-image-preview:large","max-video-preview":"max-video-preview:-1"},"canonical":"https:\/\/exaudi.org\/es\/quien-es-dios-padre-dios-hijo-y-dios-espiritu-santo\/","og_locale":"es_ES","og_type":"article","og_title":"Quien es Dios Padre, Dios Hijo y Dios Esp\u00edritu Santo &#8211; Exaudi","og_description":"La Fuente del Amor y la Creaci\u00f3n, El Rostro Visible del Amor Divino y La Presencia Viva en Nosotros","og_url":"https:\/\/exaudi.org\/es\/quien-es-dios-padre-dios-hijo-y-dios-espiritu-santo\/","og_site_name":"Exaudi","article_publisher":"https:\/\/www.facebook.com\/ExaudiNews","article_published_time":"2025-01-13T07:30:01+00:00","article_modified_time":"2025-01-13T11:35:55+00:00","og_image":[{"width":1920,"height":1319,"url":"https:\/\/exaudi.org\/wp-content\/uploads\/2025\/01\/7e5823ad-5dce-4615-bf90-d37873b38fe6.jpg","type":"image\/jpeg"}],"author":"Javier Ferrer Garc\u00eda","twitter_card":"summary_large_image","twitter_creator":"@Exaudi_News","twitter_site":"@Exaudi_News","twitter_misc":{"Escrito por":"Javier Ferrer Garc\u00eda","Tiempo de lectura":"6 minutos"},"schema":{"@context":"https:\/\/schema.org","@graph":[{"@type":"Article","@id":"https:\/\/exaudi.org\/es\/quien-es-dios-padre-dios-hijo-y-dios-espiritu-santo\/#article","isPartOf":{"@id":"https:\/\/exaudi.org\/es\/quien-es-dios-padre-dios-hijo-y-dios-espiritu-santo\/"},"author":{"name":"Javier Ferrer Garc\u00eda","@id":"https:\/\/exaudi.org\/#\/schema\/person\/0428626ea256fe1d193098fe0ee2b91d"},"headline":"Quien es Dios Padre, Dios Hijo y Dios Esp\u00edritu Santo","datePublished":"2025-01-13T07:30:01+00:00","dateModified":"2025-01-13T11:35:55+00:00","mainEntityOfPage":{"@id":"https:\/\/exaudi.org\/es\/quien-es-dios-padre-dios-hijo-y-dios-espiritu-santo\/"},"wordCount":1200,"image":{"@id":"https:\/\/exaudi.org\/es\/quien-es-dios-padre-dios-hijo-y-dios-espiritu-santo\/#primaryimage"},"thumbnailUrl":"https:\/\/exaudi.org\/wp-content\/uploads\/2025\/01\/7e5823ad-5dce-4615-bf90-d37873b38fe6.jpg","keywords":["acci\u00f3n del Esp\u00edritu Santo","amor de Dios","amor de Dios Padre","Biblia","catequesis","Cristianismo","Dios Hijo","Dios Padre","dones del Esp\u00edritu Santo","ense\u00f1anza cristiana","Esp\u00edritu Santo","Fe cristiana","Gracia divina","Iglesia cat\u00f3lica","Javier Ferrer Garc\u00eda","Jesucristo","misterio de la Trinidad","Oraci\u00f3n","qui\u00e9n es Dios","Redenci\u00f3n","redenci\u00f3n en Cristo","Salvaci\u00f3n","Sant\u00edsima Trinidad","Trending","Vida espiritual","Vida eterna"],"articleSection":["An\u00e1lisis"],"inLanguage":"es"},{"@type":"WebPage","@id":"https:\/\/exaudi.org\/es\/quien-es-dios-padre-dios-hijo-y-dios-espiritu-santo\/","url":"https:\/\/exaudi.org\/es\/quien-es-dios-padre-dios-hijo-y-dios-espiritu-santo\/","name":"Quien es Dios Padre, Dios Hijo y Dios Esp\u00edritu Santo &#8211; Exaudi","isPartOf":{"@id":"https:\/\/exaudi.org\/#website"},"primaryImageOfPage":{"@id":"https:\/\/exaudi.org\/es\/quien-es-dios-padre-dios-hijo-y-dios-espiritu-santo\/#primaryimage"},"image":{"@id":"https:\/\/exaudi.org\/es\/quien-es-dios-padre-dios-hijo-y-dios-espiritu-santo\/#primaryimage"},"thumbnailUrl":"https:\/\/exaudi.org\/wp-content\/uploads\/2025\/01\/7e5823ad-5dce-4615-bf90-d37873b38fe6.jpg","datePublished":"2025-01-13T07:30:01+00:00","dateModified":"2025-01-13T11:35:55+00:00","author":{"@id":"https:\/\/exaudi.org\/#\/schema\/person\/0428626ea256fe1d193098fe0ee2b91d"},"breadcrumb":{"@id":"https:\/\/exaudi.org\/es\/quien-es-dios-padre-dios-hijo-y-dios-espiritu-santo\/#breadcrumb"},"inLanguage":"es","potentialAction":[{"@type":"ReadAction","target":["https:\/\/exaudi.org\/es\/quien-es-dios-padre-dios-hijo-y-dios-espiritu-santo\/"]}]},{"@type":"ImageObject","inLanguage":"es","@id":"https:\/\/exaudi.org\/es\/quien-es-dios-padre-dios-hijo-y-dios-espiritu-santo\/#primaryimage","url":"https:\/\/exaudi.org\/wp-content\/uploads\/2025\/01\/7e5823ad-5dce-4615-bf90-d37873b38fe6.jpg","contentUrl":"https:\/\/exaudi.org\/wp-content\/uploads\/2025\/01\/7e5823ad-5dce-4615-bf90-d37873b38fe6.jpg","width":1920,"height":1319,"caption":"Museo del Prado"},{"@type":"BreadcrumbList","@id":"https:\/\/exaudi.org\/es\/quien-es-dios-padre-dios-hijo-y-dios-espiritu-santo\/#breadcrumb","itemListElement":[{"@type":"ListItem","position":1,"name":"Portada","item":"https:\/\/exaudi.org\/es\/"},{"@type":"ListItem","position":2,"name":"Quien es Dios Padre, Dios Hijo y Dios Esp\u00edritu Santo"}]},{"@type":"WebSite","@id":"https:\/\/exaudi.org\/#website","url":"https:\/\/exaudi.org\/","name":"Exaudi","description":"News","potentialAction":[{"@type":"SearchAction","target":{"@type":"EntryPoint","urlTemplate":"https:\/\/exaudi.org\/?s={search_term_string}"},"query-input":{"@type":"PropertyValueSpecification","valueRequired":true,"valueName":"search_term_string"}}],"inLanguage":"es"},{"@type":"Person","@id":"https:\/\/exaudi.org\/#\/schema\/person\/0428626ea256fe1d193098fe0ee2b91d","name":"Javier Ferrer Garc\u00eda","image":{"@type":"ImageObject","inLanguage":"es","@id":"https:\/\/secure.gravatar.com\/avatar\/c7bc1aef05f4433794cef4a55499c99ae6c0d617e2aa24ba4876a5432af93b2d?s=96&d=mm&r=g","url":"https:\/\/secure.gravatar.com\/avatar\/c7bc1aef05f4433794cef4a55499c99ae6c0d617e2aa24ba4876a5432af93b2d?s=96&d=mm&r=g","contentUrl":"https:\/\/secure.gravatar.com\/avatar\/c7bc1aef05f4433794cef4a55499c99ae6c0d617e2aa24ba4876a5432af93b2d?s=96&d=mm&r=g","caption":"Javier Ferrer Garc\u00eda"},"description":"Soy un apasionado de la vida. Fil\u00f3sofo y economista. Mi carrera profesional se ha enriquecido con el constante deseo de aprender y crecer tanto en el \u00e1mbito acad\u00e9mico como en el personal. Me considero un ferviente lector y amante del cine, lo cual me permite tener una perspectiva amplia y diversa sobre el mundo que nos rodea. Como cat\u00f3lico comprometido, busco integrar mis valores en cada aspecto de mi vida, desde mi carrera profesional hasta mi rol como esposo y padre de familia","url":"https:\/\/exaudi.org\/es\/author\/javier-ferrer-garcia\/"}]}},"jetpack_featured_media_url":"https:\/\/exaudi.org\/wp-content\/uploads\/2025\/01\/7e5823ad-5dce-4615-bf90-d37873b38fe6.jpg","jetpack_shortlink":"https:\/\/wp.me\/pgKjF2-uiI","_links":{"self":[{"href":"https:\/\/exaudi.org\/es\/wp-json\/wp\/v2\/posts\/116480","targetHints":{"allow":["GET"]}}],"collection":[{"href":"https:\/\/exaudi.org\/es\/wp-json\/wp\/v2\/posts"}],"about":[{"href":"https:\/\/exaudi.org\/es\/wp-json\/wp\/v2\/types\/post"}],"author":[{"embeddable":true,"href":"https:\/\/exaudi.org\/es\/wp-json\/wp\/v2\/users\/149"}],"replies":[{"embeddable":true,"href":"https:\/\/exaudi.org\/es\/wp-json\/wp\/v2\/comments?post=116480"}],"version-history":[{"count":0,"href":"https:\/\/exaudi.org\/es\/wp-json\/wp\/v2\/posts\/116480\/revisions"}],"wp:featuredmedia":[{"embeddable":true,"href":"https:\/\/exaudi.org\/es\/wp-json\/wp\/v2\/media\/116481"}],"wp:attachment":[{"href":"https:\/\/exaudi.org\/es\/wp-json\/wp\/v2\/media?parent=116480"}],"wp:term":[{"taxonomy":"category","embeddable":true,"href":"https:\/\/exaudi.org\/es\/wp-json\/wp\/v2\/categories?post=116480"},{"taxonomy":"post_tag","embeddable":true,"href":"https:\/\/exaudi.org\/es\/wp-json\/wp\/v2\/tags?post=116480"}],"curies":[{"name":"wp","href":"https:\/\/api.w.org\/{rel}","templated":true}]}}