{"id":116318,"date":"2025-01-07T07:30:53","date_gmt":"2025-01-07T06:30:53","guid":{"rendered":"https:\/\/exaudi.org\/?p=116318"},"modified":"2025-01-07T07:35:28","modified_gmt":"2025-01-07T06:35:28","slug":"monterrey-epicentro-del-liderazgo-catolico-juvenil","status":"publish","type":"post","link":"https:\/\/exaudi.org\/es\/monterrey-epicentro-del-liderazgo-catolico-juvenil\/","title":{"rendered":"Monterrey: Epicentro del Liderazgo Cat\u00f3lico Juvenil"},"content":{"rendered":"<p>Monterrey, M\u00e9xico \u2013 La ciudad de Monterrey se ha convertido en el centro del liderazgo cat\u00f3lico juvenil al albergar un evento \u00fanico organizado por la Academia Internacional de L\u00edderes Cat\u00f3licos. Del 5 al 9 de enero de 2025, las instalaciones de la Universidad de la Arquidi\u00f3cesis de Monterrey recibir\u00e1n a j\u00f3venes de diversas partes del mundo en un campamento internacional dise\u00f1ado para fortalecer su vocaci\u00f3n pol\u00edtica y brindar herramientas desde la fe para enfrentar los desaf\u00edos contempor\u00e1neos.<\/p>\n<p>El programa del campamento incluye una serie de conferencias y talleres interactivos dirigidos por destacados expositores. Entre los temas a tratar destacan:<\/p>\n<ul>\n<li><strong>Los j\u00f3venes y la Iglesia:<\/strong> El lugar de los j\u00f3venes en la Iglesia. Mons. Rogelio Cabrera, Arzobispo de Monterrey.<\/li>\n<li><strong>Los j\u00f3venes y la crisis social:<\/strong> El grito de los m\u00e1s pobres y la responsabilidad de los j\u00f3venes. P. \u00c1ngel Garc\u00eda, fundador de Mensajeros de la Paz.<\/li>\n<li><strong>Los j\u00f3venes y la pol\u00edtica:<\/strong> La utop\u00eda de una nueva sociedad y la vocaci\u00f3n pol\u00edtica de los j\u00f3venes. Mons. Jorge Cuapio, Presidente de la Academia de L\u00edderes Cat\u00f3licos \u2013 M\u00e9xico.<\/li>\n<li><strong>Nuestro sue\u00f1o: Generaci\u00f3n Guadalupe<\/strong>. Jos\u00e9 Antonio Rosas, Director General de la Academia Internacional de L\u00edderes Cat\u00f3licos.<\/li>\n<\/ul>\n<p><img loading=\"lazy\" decoding=\"async\" class=\"size-full wp-image-116322 alignnone\" src=\"https:\/\/exaudi.org\/wp-content\/uploads\/2025\/01\/WhatsApp-Image-2025-01-06-at-17.13.24.jpeg\" alt=\"\" width=\"1080\" height=\"810\" srcset=\"https:\/\/exaudi.org\/wp-content\/uploads\/2025\/01\/WhatsApp-Image-2025-01-06-at-17.13.24.jpeg 1080w, https:\/\/exaudi.org\/wp-content\/uploads\/2025\/01\/WhatsApp-Image-2025-01-06-at-17.13.24-300x225.jpeg 300w, https:\/\/exaudi.org\/wp-content\/uploads\/2025\/01\/WhatsApp-Image-2025-01-06-at-17.13.24-1024x768.jpeg 1024w, https:\/\/exaudi.org\/wp-content\/uploads\/2025\/01\/WhatsApp-Image-2025-01-06-at-17.13.24-770x578.jpeg 770w, https:\/\/exaudi.org\/wp-content\/uploads\/2025\/01\/WhatsApp-Image-2025-01-06-at-17.13.24-500x375.jpeg 500w, https:\/\/exaudi.org\/wp-content\/uploads\/2025\/01\/WhatsApp-Image-2025-01-06-at-17.13.24-293x220.jpeg 293w, https:\/\/exaudi.org\/wp-content\/uploads\/2025\/01\/WhatsApp-Image-2025-01-06-at-17.13.24-390x293.jpeg 390w\" sizes=\"auto, (max-width: 1080px) 100vw, 1080px\" \/>Los participantes tambi\u00e9n tendr\u00e1n la oportunidad de participar en espacios deliberativos que promueven el intercambio de ideas y el desarrollo de habilidades cr\u00edticas.<\/p>\n<p>Consuelo B\u00e1\u00f1uelos, directora de la Escuela de L\u00edderes Cat\u00f3licos de Monterrey, resalt\u00f3 la importancia de este encuentro: <em><strong>\u201cEs incre\u00edble y esperanzador. En un tiempo donde la inteligencia artificial y los dispositivos electr\u00f3nicos parecen dominar, ver a decenas de j\u00f3venes queriendo compartir experiencias, aprender de expertos y crecer hacia el Bien Com\u00fan nos llena de esperanza. Estos d\u00edas ser\u00e1n una oportunidad para sembrar semillas de bien que dar\u00e1n frutos abundantes.\u201d<\/strong><\/em><\/p>\n<p><strong>Testimonios<\/strong><\/p>\n<p>El evento tambi\u00e9n re\u00fane historias de j\u00f3venes comprometidos con su fe y su comunidad. Nicol\u00e1s Mauro, un argentino de 27 a\u00f1os, profesor en ciencia pol\u00edtica y estudiante de Derecho, trabaja activamente en la Di\u00f3cesis de Mar del Plata y coordina un grupo de j\u00f3venes adultos en el Movimiento Cen\u00e1culo Vivo. Nicol\u00e1s comparte: <em><strong>\u201cMi motivaci\u00f3n es aprender c\u00f3mo integrar la fe y la pol\u00edtica para transformar la sociedad. Este campamento es una oportunidad \u00fanica para conocer j\u00f3venes con ideas afines y descubrir juntos c\u00f3mo podemos llevar los valores del Evangelio a los \u00e1mbitos sociales y pol\u00edticos de nuestros pa\u00edses.\u201d<\/strong><\/em><\/p>\n<p>Por su parte, Sebasti\u00e1n Chac\u00f3n, de 28 a\u00f1os, originario de El Paso, Texas, es un cat\u00f3lico practicante que ha dedicado su tiempo al voluntariado en el Ministerio de Paz y Justicia de su di\u00f3cesis. Sebasti\u00e1n reflexiona: <em><strong>\u201cLo m\u00e1s hermoso es ver c\u00f3mo j\u00f3venes de distintas ideolog\u00edas nos identificamos con el Evangelio y buscamos poner en pr\u00e1ctica el llamado de Dios para atender al pr\u00f3jimo. Participar en este campamento me motiva a seguir trabajando en mi comunidad y a fortalecer mi compromiso con el Bien Com\u00fan.\u201d<\/strong><\/em><\/p>\n<p>La Academia Internacional de L\u00edderes Cat\u00f3licos, presente en 40 di\u00f3cesis de 15 pa\u00edses de Am\u00e9rica, Espa\u00f1a y recientemente en \u00c1frica, ha certificado a m\u00e1s de 35,000 alumnos en diversas modalidades. Este campamento internacional reafirma su compromiso de formar l\u00edderes comprometidos con la fe y el Bien Com\u00fan.<\/p>\n","protected":false},"excerpt":{"rendered":"<p>Monterrey, M\u00e9xico \u2013 La ciudad de Monterrey se ha convertido en el centro del liderazgo cat\u00f3lico juvenil al albergar un evento \u00fanico organizado por la Academia Internacional de L\u00edderes Cat\u00f3licos. Del 5 al 9 de enero de 2025, las instalaciones de la Universidad de la Arquidi\u00f3cesis de Monterrey recibir\u00e1n a j\u00f3venes de diversas partes del [&hellip;]<\/p>\n","protected":false},"author":107,"featured_media":116319,"comment_status":"closed","ping_status":"closed","sticky":false,"template":"","format":"standard","meta":{"_acf_changed":false,"_crdt_document":"","inline_featured_image":false,"footnotes":""},"categories":[74],"tags":[765,6043,4953],"class_list":["post-116318","post","type-post","status-publish","format-standard","has-post-thumbnail","hentry","category-iglesia-y-mundo","tag-academia-de-lideres-catolicos","tag-monterrey","tag-trending-es"],"acf":[],"yoast_head":"<!-- This site is optimized with the Yoast SEO plugin v27.5 - https:\/\/yoast.com\/product\/yoast-seo-wordpress\/ -->\n<title>Monterrey: Epicentro del Liderazgo Cat\u00f3lico Juvenil &#8211; Exaudi<\/title>\n<meta name=\"robots\" content=\"index, follow, max-snippet:-1, max-image-preview:large, max-video-preview:-1\" \/>\n<link rel=\"canonical\" href=\"https:\/\/exaudi.org\/es\/monterrey-epicentro-del-liderazgo-catolico-juvenil\/\" \/>\n<meta property=\"og:locale\" content=\"es_ES\" \/>\n<meta property=\"og:type\" content=\"article\" \/>\n<meta property=\"og:title\" content=\"Monterrey: Epicentro del Liderazgo Cat\u00f3lico Juvenil &#8211; Exaudi\" \/>\n<meta property=\"og:description\" content=\"Monterrey, M\u00e9xico \u2013 La ciudad de Monterrey se ha convertido en el centro del liderazgo cat\u00f3lico juvenil al albergar un evento \u00fanico organizado por la Academia Internacional de L\u00edderes Cat\u00f3licos. Del 5 al 9 de enero de 2025, las instalaciones de la Universidad de la Arquidi\u00f3cesis de Monterrey recibir\u00e1n a j\u00f3venes de diversas partes del [&hellip;]\" \/>\n<meta property=\"og:url\" content=\"https:\/\/exaudi.org\/es\/monterrey-epicentro-del-liderazgo-catolico-juvenil\/\" \/>\n<meta property=\"og:site_name\" content=\"Exaudi\" \/>\n<meta property=\"article:publisher\" content=\"https:\/\/www.facebook.com\/ExaudiNews\" \/>\n<meta property=\"article:published_time\" content=\"2025-01-07T06:30:53+00:00\" \/>\n<meta property=\"article:modified_time\" content=\"2025-01-07T06:35:28+00:00\" \/>\n<meta property=\"og:image\" content=\"https:\/\/exaudi.org\/wp-content\/uploads\/2025\/01\/WhatsApp-Image-2025-01-06-at-15.00.54.jpeg\" \/>\n\t<meta property=\"og:image:width\" content=\"1600\" \/>\n\t<meta property=\"og:image:height\" content=\"1200\" \/>\n\t<meta property=\"og:image:type\" content=\"image\/jpeg\" \/>\n<meta name=\"author\" content=\"Academia de L\u00edderes Cat\u00f3licos\" \/>\n<meta name=\"twitter:card\" content=\"summary_large_image\" \/>\n<meta name=\"twitter:creator\" content=\"@Exaudi_News\" \/>\n<meta name=\"twitter:site\" content=\"@Exaudi_News\" \/>\n<meta name=\"twitter:label1\" content=\"Escrito por\" \/>\n\t<meta name=\"twitter:data1\" content=\"Academia de L\u00edderes Cat\u00f3licos\" \/>\n\t<meta name=\"twitter:label2\" content=\"Tiempo de lectura\" \/>\n\t<meta name=\"twitter:data2\" content=\"3 minutos\" \/>\n<script type=\"application\/ld+json\" class=\"yoast-schema-graph\">{\"@context\":\"https:\\\/\\\/schema.org\",\"@graph\":[{\"@type\":\"Article\",\"@id\":\"https:\\\/\\\/exaudi.org\\\/es\\\/monterrey-epicentro-del-liderazgo-catolico-juvenil\\\/#article\",\"isPartOf\":{\"@id\":\"https:\\\/\\\/exaudi.org\\\/es\\\/monterrey-epicentro-del-liderazgo-catolico-juvenil\\\/\"},\"author\":{\"name\":\"Academia de L\u00edderes Cat\u00f3licos\",\"@id\":\"https:\\\/\\\/exaudi.org\\\/#\\\/schema\\\/person\\\/334968a332d5dad9f94e08897852c6af\"},\"headline\":\"Monterrey: Epicentro del Liderazgo Cat\u00f3lico Juvenil\",\"datePublished\":\"2025-01-07T06:30:53+00:00\",\"dateModified\":\"2025-01-07T06:35:28+00:00\",\"mainEntityOfPage\":{\"@id\":\"https:\\\/\\\/exaudi.org\\\/es\\\/monterrey-epicentro-del-liderazgo-catolico-juvenil\\\/\"},\"wordCount\":594,\"image\":{\"@id\":\"https:\\\/\\\/exaudi.org\\\/es\\\/monterrey-epicentro-del-liderazgo-catolico-juvenil\\\/#primaryimage\"},\"thumbnailUrl\":\"https:\\\/\\\/exaudi.org\\\/wp-content\\\/uploads\\\/2025\\\/01\\\/WhatsApp-Image-2025-01-06-at-15.00.54.jpeg\",\"keywords\":[\"Academia de L\u00edderes Cat\u00f3licos\",\"Monterrey\",\"Trending\"],\"articleSection\":[\"Iglesia y Mundo\"],\"inLanguage\":\"es\"},{\"@type\":\"WebPage\",\"@id\":\"https:\\\/\\\/exaudi.org\\\/es\\\/monterrey-epicentro-del-liderazgo-catolico-juvenil\\\/\",\"url\":\"https:\\\/\\\/exaudi.org\\\/es\\\/monterrey-epicentro-del-liderazgo-catolico-juvenil\\\/\",\"name\":\"Monterrey: Epicentro del Liderazgo Cat\u00f3lico Juvenil &#8211; Exaudi\",\"isPartOf\":{\"@id\":\"https:\\\/\\\/exaudi.org\\\/#website\"},\"primaryImageOfPage\":{\"@id\":\"https:\\\/\\\/exaudi.org\\\/es\\\/monterrey-epicentro-del-liderazgo-catolico-juvenil\\\/#primaryimage\"},\"image\":{\"@id\":\"https:\\\/\\\/exaudi.org\\\/es\\\/monterrey-epicentro-del-liderazgo-catolico-juvenil\\\/#primaryimage\"},\"thumbnailUrl\":\"https:\\\/\\\/exaudi.org\\\/wp-content\\\/uploads\\\/2025\\\/01\\\/WhatsApp-Image-2025-01-06-at-15.00.54.jpeg\",\"datePublished\":\"2025-01-07T06:30:53+00:00\",\"dateModified\":\"2025-01-07T06:35:28+00:00\",\"author\":{\"@id\":\"https:\\\/\\\/exaudi.org\\\/#\\\/schema\\\/person\\\/334968a332d5dad9f94e08897852c6af\"},\"breadcrumb\":{\"@id\":\"https:\\\/\\\/exaudi.org\\\/es\\\/monterrey-epicentro-del-liderazgo-catolico-juvenil\\\/#breadcrumb\"},\"inLanguage\":\"es\",\"potentialAction\":[{\"@type\":\"ReadAction\",\"target\":[\"https:\\\/\\\/exaudi.org\\\/es\\\/monterrey-epicentro-del-liderazgo-catolico-juvenil\\\/\"]}]},{\"@type\":\"ImageObject\",\"inLanguage\":\"es\",\"@id\":\"https:\\\/\\\/exaudi.org\\\/es\\\/monterrey-epicentro-del-liderazgo-catolico-juvenil\\\/#primaryimage\",\"url\":\"https:\\\/\\\/exaudi.org\\\/wp-content\\\/uploads\\\/2025\\\/01\\\/WhatsApp-Image-2025-01-06-at-15.00.54.jpeg\",\"contentUrl\":\"https:\\\/\\\/exaudi.org\\\/wp-content\\\/uploads\\\/2025\\\/01\\\/WhatsApp-Image-2025-01-06-at-15.00.54.jpeg\",\"width\":1600,\"height\":1200},{\"@type\":\"BreadcrumbList\",\"@id\":\"https:\\\/\\\/exaudi.org\\\/es\\\/monterrey-epicentro-del-liderazgo-catolico-juvenil\\\/#breadcrumb\",\"itemListElement\":[{\"@type\":\"ListItem\",\"position\":1,\"name\":\"Portada\",\"item\":\"https:\\\/\\\/exaudi.org\\\/es\\\/\"},{\"@type\":\"ListItem\",\"position\":2,\"name\":\"Monterrey: Epicentro del Liderazgo Cat\u00f3lico Juvenil\"}]},{\"@type\":\"WebSite\",\"@id\":\"https:\\\/\\\/exaudi.org\\\/#website\",\"url\":\"https:\\\/\\\/exaudi.org\\\/\",\"name\":\"Exaudi\",\"description\":\"News\",\"potentialAction\":[{\"@type\":\"SearchAction\",\"target\":{\"@type\":\"EntryPoint\",\"urlTemplate\":\"https:\\\/\\\/exaudi.org\\\/?s={search_term_string}\"},\"query-input\":{\"@type\":\"PropertyValueSpecification\",\"valueRequired\":true,\"valueName\":\"search_term_string\"}}],\"inLanguage\":\"es\"},{\"@type\":\"Person\",\"@id\":\"https:\\\/\\\/exaudi.org\\\/#\\\/schema\\\/person\\\/334968a332d5dad9f94e08897852c6af\",\"name\":\"Academia de L\u00edderes Cat\u00f3licos\",\"image\":{\"@type\":\"ImageObject\",\"inLanguage\":\"es\",\"@id\":\"https:\\\/\\\/secure.gravatar.com\\\/avatar\\\/80d80b1e34d8fa01f6b95d10e695853ca4ea7e054050e21ad1a15d546d4600ca?s=96&d=mm&r=g\",\"url\":\"https:\\\/\\\/secure.gravatar.com\\\/avatar\\\/80d80b1e34d8fa01f6b95d10e695853ca4ea7e054050e21ad1a15d546d4600ca?s=96&d=mm&r=g\",\"contentUrl\":\"https:\\\/\\\/secure.gravatar.com\\\/avatar\\\/80d80b1e34d8fa01f6b95d10e695853ca4ea7e054050e21ad1a15d546d4600ca?s=96&d=mm&r=g\",\"caption\":\"Academia de L\u00edderes Cat\u00f3licos\"},\"description\":\"Es una fundaci\u00f3n de derecho privado sin fines de lucro que busca formar cat\u00f3licos que a partir de la experiencia cristiana desarrollen su vocaci\u00f3n pol\u00edtica con la ayuda de la Doctrina Social de la Iglesia. La Academia Latinoamericana de L\u00edderes Cat\u00f3licos tiene como misi\u00f3n, formar l\u00edderes desde una perspectiva cat\u00f3lica, arraigados en la fe de la Iglesia, para transformar el mundo social, pol\u00edtico y econ\u00f3mico a la luz de la Doctrina Social de la Iglesia. Formar una nueva generaci\u00f3n de cat\u00f3licos latinoamericanos con responsabilidades pol\u00edticas y sociales para que transformen el rostro del continente al servicio de sus pueblos, a la luz del Magisterio de la Iglesia y de cara a los Jubileos del V Centenario Guadalupano y de los dos mil a\u00f1os de la redenci\u00f3n.\",\"sameAs\":[\"https:\\\/\\\/liderescatolicos.net\\\/\",\"https:\\\/\\\/www.youtube.com\\\/c\\\/LderesCatlicos\"],\"url\":\"https:\\\/\\\/exaudi.org\\\/es\\\/author\\\/academia-de-lideres-catolicos\\\/\"}]}<\/script>\n<!-- \/ Yoast SEO plugin. -->","yoast_head_json":{"title":"Monterrey: Epicentro del Liderazgo Cat\u00f3lico Juvenil &#8211; Exaudi","robots":{"index":"index","follow":"follow","max-snippet":"max-snippet:-1","max-image-preview":"max-image-preview:large","max-video-preview":"max-video-preview:-1"},"canonical":"https:\/\/exaudi.org\/es\/monterrey-epicentro-del-liderazgo-catolico-juvenil\/","og_locale":"es_ES","og_type":"article","og_title":"Monterrey: Epicentro del Liderazgo Cat\u00f3lico Juvenil &#8211; Exaudi","og_description":"Monterrey, M\u00e9xico \u2013 La ciudad de Monterrey se ha convertido en el centro del liderazgo cat\u00f3lico juvenil al albergar un evento \u00fanico organizado por la Academia Internacional de L\u00edderes Cat\u00f3licos. Del 5 al 9 de enero de 2025, las instalaciones de la Universidad de la Arquidi\u00f3cesis de Monterrey recibir\u00e1n a j\u00f3venes de diversas partes del [&hellip;]","og_url":"https:\/\/exaudi.org\/es\/monterrey-epicentro-del-liderazgo-catolico-juvenil\/","og_site_name":"Exaudi","article_publisher":"https:\/\/www.facebook.com\/ExaudiNews","article_published_time":"2025-01-07T06:30:53+00:00","article_modified_time":"2025-01-07T06:35:28+00:00","og_image":[{"width":1600,"height":1200,"url":"https:\/\/exaudi.org\/wp-content\/uploads\/2025\/01\/WhatsApp-Image-2025-01-06-at-15.00.54.jpeg","type":"image\/jpeg"}],"author":"Academia de L\u00edderes Cat\u00f3licos","twitter_card":"summary_large_image","twitter_creator":"@Exaudi_News","twitter_site":"@Exaudi_News","twitter_misc":{"Escrito por":"Academia de L\u00edderes Cat\u00f3licos","Tiempo de lectura":"3 minutos"},"schema":{"@context":"https:\/\/schema.org","@graph":[{"@type":"Article","@id":"https:\/\/exaudi.org\/es\/monterrey-epicentro-del-liderazgo-catolico-juvenil\/#article","isPartOf":{"@id":"https:\/\/exaudi.org\/es\/monterrey-epicentro-del-liderazgo-catolico-juvenil\/"},"author":{"name":"Academia de L\u00edderes Cat\u00f3licos","@id":"https:\/\/exaudi.org\/#\/schema\/person\/334968a332d5dad9f94e08897852c6af"},"headline":"Monterrey: Epicentro del Liderazgo Cat\u00f3lico Juvenil","datePublished":"2025-01-07T06:30:53+00:00","dateModified":"2025-01-07T06:35:28+00:00","mainEntityOfPage":{"@id":"https:\/\/exaudi.org\/es\/monterrey-epicentro-del-liderazgo-catolico-juvenil\/"},"wordCount":594,"image":{"@id":"https:\/\/exaudi.org\/es\/monterrey-epicentro-del-liderazgo-catolico-juvenil\/#primaryimage"},"thumbnailUrl":"https:\/\/exaudi.org\/wp-content\/uploads\/2025\/01\/WhatsApp-Image-2025-01-06-at-15.00.54.jpeg","keywords":["Academia de L\u00edderes Cat\u00f3licos","Monterrey","Trending"],"articleSection":["Iglesia y Mundo"],"inLanguage":"es"},{"@type":"WebPage","@id":"https:\/\/exaudi.org\/es\/monterrey-epicentro-del-liderazgo-catolico-juvenil\/","url":"https:\/\/exaudi.org\/es\/monterrey-epicentro-del-liderazgo-catolico-juvenil\/","name":"Monterrey: Epicentro del Liderazgo Cat\u00f3lico Juvenil &#8211; Exaudi","isPartOf":{"@id":"https:\/\/exaudi.org\/#website"},"primaryImageOfPage":{"@id":"https:\/\/exaudi.org\/es\/monterrey-epicentro-del-liderazgo-catolico-juvenil\/#primaryimage"},"image":{"@id":"https:\/\/exaudi.org\/es\/monterrey-epicentro-del-liderazgo-catolico-juvenil\/#primaryimage"},"thumbnailUrl":"https:\/\/exaudi.org\/wp-content\/uploads\/2025\/01\/WhatsApp-Image-2025-01-06-at-15.00.54.jpeg","datePublished":"2025-01-07T06:30:53+00:00","dateModified":"2025-01-07T06:35:28+00:00","author":{"@id":"https:\/\/exaudi.org\/#\/schema\/person\/334968a332d5dad9f94e08897852c6af"},"breadcrumb":{"@id":"https:\/\/exaudi.org\/es\/monterrey-epicentro-del-liderazgo-catolico-juvenil\/#breadcrumb"},"inLanguage":"es","potentialAction":[{"@type":"ReadAction","target":["https:\/\/exaudi.org\/es\/monterrey-epicentro-del-liderazgo-catolico-juvenil\/"]}]},{"@type":"ImageObject","inLanguage":"es","@id":"https:\/\/exaudi.org\/es\/monterrey-epicentro-del-liderazgo-catolico-juvenil\/#primaryimage","url":"https:\/\/exaudi.org\/wp-content\/uploads\/2025\/01\/WhatsApp-Image-2025-01-06-at-15.00.54.jpeg","contentUrl":"https:\/\/exaudi.org\/wp-content\/uploads\/2025\/01\/WhatsApp-Image-2025-01-06-at-15.00.54.jpeg","width":1600,"height":1200},{"@type":"BreadcrumbList","@id":"https:\/\/exaudi.org\/es\/monterrey-epicentro-del-liderazgo-catolico-juvenil\/#breadcrumb","itemListElement":[{"@type":"ListItem","position":1,"name":"Portada","item":"https:\/\/exaudi.org\/es\/"},{"@type":"ListItem","position":2,"name":"Monterrey: Epicentro del Liderazgo Cat\u00f3lico Juvenil"}]},{"@type":"WebSite","@id":"https:\/\/exaudi.org\/#website","url":"https:\/\/exaudi.org\/","name":"Exaudi","description":"News","potentialAction":[{"@type":"SearchAction","target":{"@type":"EntryPoint","urlTemplate":"https:\/\/exaudi.org\/?s={search_term_string}"},"query-input":{"@type":"PropertyValueSpecification","valueRequired":true,"valueName":"search_term_string"}}],"inLanguage":"es"},{"@type":"Person","@id":"https:\/\/exaudi.org\/#\/schema\/person\/334968a332d5dad9f94e08897852c6af","name":"Academia de L\u00edderes Cat\u00f3licos","image":{"@type":"ImageObject","inLanguage":"es","@id":"https:\/\/secure.gravatar.com\/avatar\/80d80b1e34d8fa01f6b95d10e695853ca4ea7e054050e21ad1a15d546d4600ca?s=96&d=mm&r=g","url":"https:\/\/secure.gravatar.com\/avatar\/80d80b1e34d8fa01f6b95d10e695853ca4ea7e054050e21ad1a15d546d4600ca?s=96&d=mm&r=g","contentUrl":"https:\/\/secure.gravatar.com\/avatar\/80d80b1e34d8fa01f6b95d10e695853ca4ea7e054050e21ad1a15d546d4600ca?s=96&d=mm&r=g","caption":"Academia de L\u00edderes Cat\u00f3licos"},"description":"Es una fundaci\u00f3n de derecho privado sin fines de lucro que busca formar cat\u00f3licos que a partir de la experiencia cristiana desarrollen su vocaci\u00f3n pol\u00edtica con la ayuda de la Doctrina Social de la Iglesia. La Academia Latinoamericana de L\u00edderes Cat\u00f3licos tiene como misi\u00f3n, formar l\u00edderes desde una perspectiva cat\u00f3lica, arraigados en la fe de la Iglesia, para transformar el mundo social, pol\u00edtico y econ\u00f3mico a la luz de la Doctrina Social de la Iglesia. Formar una nueva generaci\u00f3n de cat\u00f3licos latinoamericanos con responsabilidades pol\u00edticas y sociales para que transformen el rostro del continente al servicio de sus pueblos, a la luz del Magisterio de la Iglesia y de cara a los Jubileos del V Centenario Guadalupano y de los dos mil a\u00f1os de la redenci\u00f3n.","sameAs":["https:\/\/liderescatolicos.net\/","https:\/\/www.youtube.com\/c\/LderesCatlicos"],"url":"https:\/\/exaudi.org\/es\/author\/academia-de-lideres-catolicos\/"}]}},"jetpack_featured_media_url":"https:\/\/exaudi.org\/wp-content\/uploads\/2025\/01\/WhatsApp-Image-2025-01-06-at-15.00.54.jpeg","jetpack_shortlink":"https:\/\/wp.me\/pgKjF2-ug6","_links":{"self":[{"href":"https:\/\/exaudi.org\/es\/wp-json\/wp\/v2\/posts\/116318","targetHints":{"allow":["GET"]}}],"collection":[{"href":"https:\/\/exaudi.org\/es\/wp-json\/wp\/v2\/posts"}],"about":[{"href":"https:\/\/exaudi.org\/es\/wp-json\/wp\/v2\/types\/post"}],"author":[{"embeddable":true,"href":"https:\/\/exaudi.org\/es\/wp-json\/wp\/v2\/users\/107"}],"replies":[{"embeddable":true,"href":"https:\/\/exaudi.org\/es\/wp-json\/wp\/v2\/comments?post=116318"}],"version-history":[{"count":0,"href":"https:\/\/exaudi.org\/es\/wp-json\/wp\/v2\/posts\/116318\/revisions"}],"wp:featuredmedia":[{"embeddable":true,"href":"https:\/\/exaudi.org\/es\/wp-json\/wp\/v2\/media\/116319"}],"wp:attachment":[{"href":"https:\/\/exaudi.org\/es\/wp-json\/wp\/v2\/media?parent=116318"}],"wp:term":[{"taxonomy":"category","embeddable":true,"href":"https:\/\/exaudi.org\/es\/wp-json\/wp\/v2\/categories?post=116318"},{"taxonomy":"post_tag","embeddable":true,"href":"https:\/\/exaudi.org\/es\/wp-json\/wp\/v2\/tags?post=116318"}],"curies":[{"name":"wp","href":"https:\/\/api.w.org\/{rel}","templated":true}]}}