{"id":116264,"date":"2025-01-06T09:30:28","date_gmt":"2025-01-06T08:30:28","guid":{"rendered":"https:\/\/exaudi.org\/?p=116264"},"modified":"2025-01-08T17:19:30","modified_gmt":"2025-01-08T16:19:30","slug":"el-nino-del-paraguas","status":"publish","type":"post","link":"https:\/\/exaudi.org\/es\/el-nino-del-paraguas\/","title":{"rendered":"El ni\u00f1o del paraguas"},"content":{"rendered":"<p>Cuando estuve en Medjugorje hace ya varios a\u00f1os, en una visita a Tijalina, un sacerdote nos cont\u00f3 una an\u00e9cdota que muchas veces vuelvo a recordar.<\/p>\n<p><iframe title=\"Spotify Embed: El ni\u00f1o del paraguas\" style=\"border-radius: 12px\" width=\"100%\" height=\"152\" frameborder=\"0\" allowfullscreen allow=\"autoplay; clipboard-write; encrypted-media; fullscreen; picture-in-picture\" loading=\"lazy\" src=\"https:\/\/open.spotify.com\/embed\/episode\/344c4BKELRvnSQOuwAOk49?si=1f752b97e1b541f2&#038;utm_source=oembed\"><\/iframe><\/p>\n<p>Hablaba de c\u00f3mo en una \u00e9poca de sequ\u00eda, un grupo de personas se pusieron a rezar para pedir la lluvia que tanto necesitaban. Un d\u00eda despu\u00e9s de la oraci\u00f3n se pusieron en marcha hacia alg\u00fan lugar. Hab\u00eda en el grupo un ni\u00f1o que, antes de salir, cogi\u00f3 un paraguas. \u00a0Extra\u00f1ados, le preguntaron que a d\u00f3nde iba con \u00e9l, ya que en el cielo no hab\u00eda ni una sola nube. El ni\u00f1o sorprendido por la pregunta y, con la inocencia y la sencillez propias de esta etapa de la vida, les respondi\u00f3 que se llevaba su paraguas porque seguro que iba a llover. \u00bfNo se lo hab\u00edan pedido al Se\u00f1or?\u00a0 Por tanto, para no mojarse era l\u00f3gico que lo cogiera.<\/p>\n<p>Qu\u00e9 gran fe. Me recuerda mucho a la del centuri\u00f3n y a la de la hemorro\u00edsa del Evangelio.<\/p>\n<p>Para m\u00ed el 2025 ha comenzado de una manera agridulce. Y es que una de las cosas que marcan el paso a la adultez ya madura- como es mi caso- es que a tu alrededor empiezan a tener bastante presencia las tristes noticias de grandes personas que se marchan de este mundo.<\/p>\n<p>Unas veces, ni siquiera las conoces, pero de tanto rezar por ellas y por su curaci\u00f3n ya son parte de ti, como es el caso del sacerdote D. Ignacio Belzunce. Otras, en cambio, el dolor se vuelve m\u00e1s agudo, puesto que la partida es de una persona a la que quieres y que ha sido o es importante en tu vida. Es el caso de mi hermanita de Ema\u00fas, Marta.<\/p>\n<p>En estos primeros d\u00edas de enero el agradecimiento por mi vida, por qui\u00e9n soy y por todo lo que tengo \u2013 que es mucho -, se entremezcla finamente con la tristeza e, incluso, la incomprensi\u00f3n ante el sufrimiento y la muerte de personas que por edad no les tocaba haberse marchado.<\/p>\n<p>La ilusi\u00f3n y esperanza por el camino que se abre ante m\u00ed &#8211; 360 d\u00edas por delante- se enfrenta con la realidad de la fragilidad y vulnerabilidad de la persona humana.<\/p>\n<p>Por eso a los Reyes Magos, este a\u00f1o les he pedido tres cosas y no materiales. Normalmente mi carta es bastante extensa pero otro signo de que te vas haciendo mayor es que ves la cantidad de cosas que te sobran por ser superfluas y poco consistentes y c\u00f3mo, sin quererlo, puedes estar intentando llenar tu vida con aquello que nunca lo har\u00e1.<\/p>\n<p>Cuando creces, si no est\u00e1s absorbido por lo que se llama mundanidad, caes en la cuenta de lo que realmente es importante. Y es que lo esencial y lo profundamente vital, no se mide ni se pesa en metros o en kilos ni siquiera es cuantificable en dinero.<\/p>\n<p>Y cuando te vas de aqu\u00ed, lo que solo te puedes llevar contigo y dejar a los tuyos, es lo que te has dado y entregado a los otros. Lo que te has compartido. Lo que has amado.\u00a0 Ah\u00ed est\u00e1 tu huella. En lo peque\u00f1o de tu realidad. En lo ordinario que se vuelve extraordinario si lleva el ingrediente de la entrega de uno mismo.<\/p>\n<p>Estos d\u00edas leyendo testimonios de muchas personas que conocieron a D. Ignacio y dejando pasar de nuevo por mi coraz\u00f3n todo lo vivido junto a Marta estos a\u00f1os, hago experiencia una vez m\u00e1s de esta gran verdad que muchas veces leemos en redes sociales en forma de post de autoayuda pero que es la vida misma. Vivir el presente y cada momento, como lo que es, \u00fanico. Vivir saboreando la vida. Vivir estando y dando testimonio de un Amor que todo lo puede.<\/p>\n<p>Por eso, este a\u00f1o, en mi carta a los Reyes Magos me he pedido: la fe del ni\u00f1o del paraguas para, a pesar de, y pase lo que pase, no olvidarme de qui\u00e9n soy y hacia d\u00f3nde camino. Para vivirme con la sencillez de un ni\u00f1o y dejarme envolver por el asombro ante el amanecer de cada d\u00eda. Mi querida Marta, pese a su enfermedad, vivi\u00f3 as\u00ed cada d\u00eda, con una f\u00e9rrea confianza en que todo es para bien, aunque no seamos capaces de entenderlo.<\/p>\n<p>Me he pedido tambi\u00e9n, una gran dosis de alegr\u00eda. De esa que no depende de si las cosas van mejor o peor. De la que nace de lo profundo de la persona por saber que pase lo que pase, Dios siempre est\u00e1. Si esto lo crees con la confianza del ni\u00f1o del paraguas \u00bfno es verdad que es para estar alegre? La vida es un regalo precioso, pero eso no le quita la dureza de ser vivida. La fe no es una p\u00f3cima m\u00e1gica que te envuelve de un idealismo o de un optimismo \u201cbobo\u201d o poco realista. No te mantiene al margen del dolor y el sufrimiento, pero te abre a una esperanza en el porvenir que se vuelve roca en la que asentar tu vida y soportar los envistes del mundo.<\/p>\n<p>Y, por \u00faltimo, a mis queridos Melchor, Gaspar y Baltasar, les he pedido que me ayuden a ser capaz de recomenzar cada d\u00eda. De no vivir resignada ni aletargada, ni con la mirada puesta en mi ombligo. Que pueda ser un poquito como mi amiga Marta, D. Ignacio y tantos otros que con su ejemplo me ayudan a recalcular la ruta.<\/p>\n<p>Como los Reyes son sabios estoy segura de que sabr\u00e1n lo que necesito para lograr este prop\u00f3sito. As\u00ed que se lo dejo a ellos.<\/p>\n<p>Espero y deseo que este a\u00f1o los Reyes nos hayan tra\u00eddo a ti que me lees y a m\u00ed, muchas cosas de esas que, como dice mi amigo I\u00f1igo, no pesan, pero dejan enorme poso.<\/p>\n","protected":false},"excerpt":{"rendered":"<p>La confianza, la alegr\u00eda y la esperanza en medio de los retos de la vida<\/p>\n","protected":false},"author":129,"featured_media":116265,"comment_status":"closed","ping_status":"closed","sticky":false,"template":"","format":"standard","meta":{"_acf_changed":false,"_crdt_document":"","inline_featured_image":false,"footnotes":""},"categories":[130],"tags":[37307,1761,1442,39514,39520,624,1371,39518,39516,37919,11313,39515,1315,5384,39517,14212,39519,30756],"class_list":["post-116264","post","type-post","status-publish","format-standard","has-post-thumbnail","hentry","category-voces","tag-alegria-cristiana","tag-amor","tag-confianza-en-dios","tag-el-nino-del-paraguas","tag-entrega-a-los-demas","tag-esperanza","tag-espiritualidad","tag-fe-como-un-nino","tag-ignacio-belzunce","tag-marta","tag-marta-luquero","tag-nino-paraguas","tag-reflexiones","tag-reyes-magos","tag-tijalina","tag-vida-cristiana","tag-vida-presente","tag-vulnerabilidad-humana"],"acf":[],"yoast_head":"<!-- This site is optimized with the Yoast SEO plugin v27.4 - https:\/\/yoast.com\/product\/yoast-seo-wordpress\/ -->\n<title>El ni\u00f1o del paraguas &#8211; Exaudi<\/title>\n<meta name=\"robots\" content=\"index, follow, max-snippet:-1, max-image-preview:large, max-video-preview:-1\" \/>\n<link rel=\"canonical\" href=\"https:\/\/exaudi.org\/es\/el-nino-del-paraguas\/\" \/>\n<meta property=\"og:locale\" content=\"es_ES\" \/>\n<meta property=\"og:type\" content=\"article\" \/>\n<meta property=\"og:title\" content=\"El ni\u00f1o del paraguas &#8211; Exaudi\" \/>\n<meta property=\"og:description\" content=\"La confianza, la alegr\u00eda y la esperanza en medio de los retos de la vida\" \/>\n<meta property=\"og:url\" content=\"https:\/\/exaudi.org\/es\/el-nino-del-paraguas\/\" \/>\n<meta property=\"og:site_name\" content=\"Exaudi\" \/>\n<meta property=\"article:publisher\" content=\"https:\/\/www.facebook.com\/ExaudiNews\" \/>\n<meta property=\"article:published_time\" content=\"2025-01-06T08:30:28+00:00\" \/>\n<meta property=\"article:modified_time\" content=\"2025-01-08T16:19:30+00:00\" \/>\n<meta property=\"og:image\" content=\"https:\/\/exaudi.org\/wp-content\/uploads\/2025\/01\/pexels-yusufsinan-10034557-scaled.jpg\" \/>\n\t<meta property=\"og:image:width\" content=\"2560\" \/>\n\t<meta property=\"og:image:height\" content=\"1863\" \/>\n\t<meta property=\"og:image:type\" content=\"image\/jpeg\" \/>\n<meta name=\"author\" content=\"Marta Luquero\" \/>\n<meta name=\"twitter:card\" content=\"summary_large_image\" \/>\n<meta name=\"twitter:creator\" content=\"@Exaudi_News\" \/>\n<meta name=\"twitter:site\" content=\"@Exaudi_News\" \/>\n<meta name=\"twitter:label1\" content=\"Escrito por\" \/>\n\t<meta name=\"twitter:data1\" content=\"Marta Luquero\" \/>\n\t<meta name=\"twitter:label2\" content=\"Tiempo de lectura\" \/>\n\t<meta name=\"twitter:data2\" content=\"5 minutos\" \/>\n<script type=\"application\/ld+json\" class=\"yoast-schema-graph\">{\"@context\":\"https:\\\/\\\/schema.org\",\"@graph\":[{\"@type\":\"Article\",\"@id\":\"https:\\\/\\\/exaudi.org\\\/es\\\/el-nino-del-paraguas\\\/#article\",\"isPartOf\":{\"@id\":\"https:\\\/\\\/exaudi.org\\\/es\\\/el-nino-del-paraguas\\\/\"},\"author\":{\"name\":\"Marta Luquero\",\"@id\":\"https:\\\/\\\/exaudi.org\\\/#\\\/schema\\\/person\\\/593e679cdac2ac955cdf94fd77952021\"},\"headline\":\"El ni\u00f1o del paraguas\",\"datePublished\":\"2025-01-06T08:30:28+00:00\",\"dateModified\":\"2025-01-08T16:19:30+00:00\",\"mainEntityOfPage\":{\"@id\":\"https:\\\/\\\/exaudi.org\\\/es\\\/el-nino-del-paraguas\\\/\"},\"wordCount\":1032,\"image\":{\"@id\":\"https:\\\/\\\/exaudi.org\\\/es\\\/el-nino-del-paraguas\\\/#primaryimage\"},\"thumbnailUrl\":\"https:\\\/\\\/exaudi.org\\\/wp-content\\\/uploads\\\/2025\\\/01\\\/pexels-yusufsinan-10034557-scaled.jpg\",\"keywords\":[\"alegr\u00eda cristiana\",\"Amor\",\"Confianza en Dios\",\"El ni\u00f1o del paraguas\",\"entrega a los dem\u00e1s\",\"Esperanza\",\"Espiritualidad\",\"fe como un ni\u00f1o\",\"Ignacio Belzunce\",\"Marta\",\"Marta Luquero\",\"Ni\u00f1o Paraguas\",\"Reflexiones\",\"Reyes Magos\",\"Tijalina\",\"vida cristiana\",\"vida presente\",\"vulnerabilidad humana\"],\"articleSection\":[\"Voces\"],\"inLanguage\":\"es\"},{\"@type\":\"WebPage\",\"@id\":\"https:\\\/\\\/exaudi.org\\\/es\\\/el-nino-del-paraguas\\\/\",\"url\":\"https:\\\/\\\/exaudi.org\\\/es\\\/el-nino-del-paraguas\\\/\",\"name\":\"El ni\u00f1o del paraguas &#8211; Exaudi\",\"isPartOf\":{\"@id\":\"https:\\\/\\\/exaudi.org\\\/#website\"},\"primaryImageOfPage\":{\"@id\":\"https:\\\/\\\/exaudi.org\\\/es\\\/el-nino-del-paraguas\\\/#primaryimage\"},\"image\":{\"@id\":\"https:\\\/\\\/exaudi.org\\\/es\\\/el-nino-del-paraguas\\\/#primaryimage\"},\"thumbnailUrl\":\"https:\\\/\\\/exaudi.org\\\/wp-content\\\/uploads\\\/2025\\\/01\\\/pexels-yusufsinan-10034557-scaled.jpg\",\"datePublished\":\"2025-01-06T08:30:28+00:00\",\"dateModified\":\"2025-01-08T16:19:30+00:00\",\"author\":{\"@id\":\"https:\\\/\\\/exaudi.org\\\/#\\\/schema\\\/person\\\/593e679cdac2ac955cdf94fd77952021\"},\"breadcrumb\":{\"@id\":\"https:\\\/\\\/exaudi.org\\\/es\\\/el-nino-del-paraguas\\\/#breadcrumb\"},\"inLanguage\":\"es\",\"potentialAction\":[{\"@type\":\"ReadAction\",\"target\":[\"https:\\\/\\\/exaudi.org\\\/es\\\/el-nino-del-paraguas\\\/\"]}]},{\"@type\":\"ImageObject\",\"inLanguage\":\"es\",\"@id\":\"https:\\\/\\\/exaudi.org\\\/es\\\/el-nino-del-paraguas\\\/#primaryimage\",\"url\":\"https:\\\/\\\/exaudi.org\\\/wp-content\\\/uploads\\\/2025\\\/01\\\/pexels-yusufsinan-10034557-scaled.jpg\",\"contentUrl\":\"https:\\\/\\\/exaudi.org\\\/wp-content\\\/uploads\\\/2025\\\/01\\\/pexels-yusufsinan-10034557-scaled.jpg\",\"width\":2560,\"height\":1863,\"caption\":\"Pexels\"},{\"@type\":\"BreadcrumbList\",\"@id\":\"https:\\\/\\\/exaudi.org\\\/es\\\/el-nino-del-paraguas\\\/#breadcrumb\",\"itemListElement\":[{\"@type\":\"ListItem\",\"position\":1,\"name\":\"Portada\",\"item\":\"https:\\\/\\\/exaudi.org\\\/es\\\/\"},{\"@type\":\"ListItem\",\"position\":2,\"name\":\"El ni\u00f1o del paraguas\"}]},{\"@type\":\"WebSite\",\"@id\":\"https:\\\/\\\/exaudi.org\\\/#website\",\"url\":\"https:\\\/\\\/exaudi.org\\\/\",\"name\":\"Exaudi\",\"description\":\"News\",\"potentialAction\":[{\"@type\":\"SearchAction\",\"target\":{\"@type\":\"EntryPoint\",\"urlTemplate\":\"https:\\\/\\\/exaudi.org\\\/?s={search_term_string}\"},\"query-input\":{\"@type\":\"PropertyValueSpecification\",\"valueRequired\":true,\"valueName\":\"search_term_string\"}}],\"inLanguage\":\"es\"},{\"@type\":\"Person\",\"@id\":\"https:\\\/\\\/exaudi.org\\\/#\\\/schema\\\/person\\\/593e679cdac2ac955cdf94fd77952021\",\"name\":\"Marta Luquero\",\"image\":{\"@type\":\"ImageObject\",\"inLanguage\":\"es\",\"@id\":\"https:\\\/\\\/secure.gravatar.com\\\/avatar\\\/4d835dde3204f153d4491cc82848d12bcb03055a2dff4ded8a8746c59d626537?s=96&d=mm&r=g\",\"url\":\"https:\\\/\\\/secure.gravatar.com\\\/avatar\\\/4d835dde3204f153d4491cc82848d12bcb03055a2dff4ded8a8746c59d626537?s=96&d=mm&r=g\",\"contentUrl\":\"https:\\\/\\\/secure.gravatar.com\\\/avatar\\\/4d835dde3204f153d4491cc82848d12bcb03055a2dff4ded8a8746c59d626537?s=96&d=mm&r=g\",\"caption\":\"Marta Luquero\"},\"description\":\"@sencillamentemarta Nacida en Madrid, soy madre de dos hijos. Licenciada en Derecho por la Universidad Complutense de Madrid, actualmente estoy cursando un m\u00e1ster en Humanidades. Apasionada de las personas y de una buena conversaci\u00f3n, hace a\u00f1os mi vida dio un giro de 180 grados cuando comprend\u00ed e hice experiencia de la necesidad vital de acompa\u00f1ar y ser acompa\u00f1ada. Trabajo en el mundo acad\u00e9mico, en una universidad cat\u00f3lica acompa\u00f1ando a j\u00f3venes en su camino universitario donde cada d\u00eda hago m\u00eda la necesidad del arte de recomenzar, y donde he reconectado con lo que significa ser universitario y el valor que tienen las grandes preguntas. Cada d\u00eda pongo intenci\u00f3n en mirar la realidad con atenci\u00f3n para no solo ver y soy firme defensora de las peque\u00f1as cosas hechas con amor.\",\"sameAs\":[\"https:\\\/\\\/www.instagram.com\\\/sencillamentemarta\\\/\"],\"url\":\"https:\\\/\\\/exaudi.org\\\/es\\\/author\\\/marta-luquero\\\/\"}]}<\/script>\n<!-- \/ Yoast SEO plugin. -->","yoast_head_json":{"title":"El ni\u00f1o del paraguas &#8211; Exaudi","robots":{"index":"index","follow":"follow","max-snippet":"max-snippet:-1","max-image-preview":"max-image-preview:large","max-video-preview":"max-video-preview:-1"},"canonical":"https:\/\/exaudi.org\/es\/el-nino-del-paraguas\/","og_locale":"es_ES","og_type":"article","og_title":"El ni\u00f1o del paraguas &#8211; Exaudi","og_description":"La confianza, la alegr\u00eda y la esperanza en medio de los retos de la vida","og_url":"https:\/\/exaudi.org\/es\/el-nino-del-paraguas\/","og_site_name":"Exaudi","article_publisher":"https:\/\/www.facebook.com\/ExaudiNews","article_published_time":"2025-01-06T08:30:28+00:00","article_modified_time":"2025-01-08T16:19:30+00:00","og_image":[{"width":2560,"height":1863,"url":"https:\/\/exaudi.org\/wp-content\/uploads\/2025\/01\/pexels-yusufsinan-10034557-scaled.jpg","type":"image\/jpeg"}],"author":"Marta Luquero","twitter_card":"summary_large_image","twitter_creator":"@Exaudi_News","twitter_site":"@Exaudi_News","twitter_misc":{"Escrito por":"Marta Luquero","Tiempo de lectura":"5 minutos"},"schema":{"@context":"https:\/\/schema.org","@graph":[{"@type":"Article","@id":"https:\/\/exaudi.org\/es\/el-nino-del-paraguas\/#article","isPartOf":{"@id":"https:\/\/exaudi.org\/es\/el-nino-del-paraguas\/"},"author":{"name":"Marta Luquero","@id":"https:\/\/exaudi.org\/#\/schema\/person\/593e679cdac2ac955cdf94fd77952021"},"headline":"El ni\u00f1o del paraguas","datePublished":"2025-01-06T08:30:28+00:00","dateModified":"2025-01-08T16:19:30+00:00","mainEntityOfPage":{"@id":"https:\/\/exaudi.org\/es\/el-nino-del-paraguas\/"},"wordCount":1032,"image":{"@id":"https:\/\/exaudi.org\/es\/el-nino-del-paraguas\/#primaryimage"},"thumbnailUrl":"https:\/\/exaudi.org\/wp-content\/uploads\/2025\/01\/pexels-yusufsinan-10034557-scaled.jpg","keywords":["alegr\u00eda cristiana","Amor","Confianza en Dios","El ni\u00f1o del paraguas","entrega a los dem\u00e1s","Esperanza","Espiritualidad","fe como un ni\u00f1o","Ignacio Belzunce","Marta","Marta Luquero","Ni\u00f1o Paraguas","Reflexiones","Reyes Magos","Tijalina","vida cristiana","vida presente","vulnerabilidad humana"],"articleSection":["Voces"],"inLanguage":"es"},{"@type":"WebPage","@id":"https:\/\/exaudi.org\/es\/el-nino-del-paraguas\/","url":"https:\/\/exaudi.org\/es\/el-nino-del-paraguas\/","name":"El ni\u00f1o del paraguas &#8211; Exaudi","isPartOf":{"@id":"https:\/\/exaudi.org\/#website"},"primaryImageOfPage":{"@id":"https:\/\/exaudi.org\/es\/el-nino-del-paraguas\/#primaryimage"},"image":{"@id":"https:\/\/exaudi.org\/es\/el-nino-del-paraguas\/#primaryimage"},"thumbnailUrl":"https:\/\/exaudi.org\/wp-content\/uploads\/2025\/01\/pexels-yusufsinan-10034557-scaled.jpg","datePublished":"2025-01-06T08:30:28+00:00","dateModified":"2025-01-08T16:19:30+00:00","author":{"@id":"https:\/\/exaudi.org\/#\/schema\/person\/593e679cdac2ac955cdf94fd77952021"},"breadcrumb":{"@id":"https:\/\/exaudi.org\/es\/el-nino-del-paraguas\/#breadcrumb"},"inLanguage":"es","potentialAction":[{"@type":"ReadAction","target":["https:\/\/exaudi.org\/es\/el-nino-del-paraguas\/"]}]},{"@type":"ImageObject","inLanguage":"es","@id":"https:\/\/exaudi.org\/es\/el-nino-del-paraguas\/#primaryimage","url":"https:\/\/exaudi.org\/wp-content\/uploads\/2025\/01\/pexels-yusufsinan-10034557-scaled.jpg","contentUrl":"https:\/\/exaudi.org\/wp-content\/uploads\/2025\/01\/pexels-yusufsinan-10034557-scaled.jpg","width":2560,"height":1863,"caption":"Pexels"},{"@type":"BreadcrumbList","@id":"https:\/\/exaudi.org\/es\/el-nino-del-paraguas\/#breadcrumb","itemListElement":[{"@type":"ListItem","position":1,"name":"Portada","item":"https:\/\/exaudi.org\/es\/"},{"@type":"ListItem","position":2,"name":"El ni\u00f1o del paraguas"}]},{"@type":"WebSite","@id":"https:\/\/exaudi.org\/#website","url":"https:\/\/exaudi.org\/","name":"Exaudi","description":"News","potentialAction":[{"@type":"SearchAction","target":{"@type":"EntryPoint","urlTemplate":"https:\/\/exaudi.org\/?s={search_term_string}"},"query-input":{"@type":"PropertyValueSpecification","valueRequired":true,"valueName":"search_term_string"}}],"inLanguage":"es"},{"@type":"Person","@id":"https:\/\/exaudi.org\/#\/schema\/person\/593e679cdac2ac955cdf94fd77952021","name":"Marta Luquero","image":{"@type":"ImageObject","inLanguage":"es","@id":"https:\/\/secure.gravatar.com\/avatar\/4d835dde3204f153d4491cc82848d12bcb03055a2dff4ded8a8746c59d626537?s=96&d=mm&r=g","url":"https:\/\/secure.gravatar.com\/avatar\/4d835dde3204f153d4491cc82848d12bcb03055a2dff4ded8a8746c59d626537?s=96&d=mm&r=g","contentUrl":"https:\/\/secure.gravatar.com\/avatar\/4d835dde3204f153d4491cc82848d12bcb03055a2dff4ded8a8746c59d626537?s=96&d=mm&r=g","caption":"Marta Luquero"},"description":"@sencillamentemarta Nacida en Madrid, soy madre de dos hijos. Licenciada en Derecho por la Universidad Complutense de Madrid, actualmente estoy cursando un m\u00e1ster en Humanidades. Apasionada de las personas y de una buena conversaci\u00f3n, hace a\u00f1os mi vida dio un giro de 180 grados cuando comprend\u00ed e hice experiencia de la necesidad vital de acompa\u00f1ar y ser acompa\u00f1ada. Trabajo en el mundo acad\u00e9mico, en una universidad cat\u00f3lica acompa\u00f1ando a j\u00f3venes en su camino universitario donde cada d\u00eda hago m\u00eda la necesidad del arte de recomenzar, y donde he reconectado con lo que significa ser universitario y el valor que tienen las grandes preguntas. Cada d\u00eda pongo intenci\u00f3n en mirar la realidad con atenci\u00f3n para no solo ver y soy firme defensora de las peque\u00f1as cosas hechas con amor.","sameAs":["https:\/\/www.instagram.com\/sencillamentemarta\/"],"url":"https:\/\/exaudi.org\/es\/author\/marta-luquero\/"}]}},"jetpack_featured_media_url":"https:\/\/exaudi.org\/wp-content\/uploads\/2025\/01\/pexels-yusufsinan-10034557-scaled.jpg","jetpack_shortlink":"https:\/\/wp.me\/pgKjF2-ufe","_links":{"self":[{"href":"https:\/\/exaudi.org\/es\/wp-json\/wp\/v2\/posts\/116264","targetHints":{"allow":["GET"]}}],"collection":[{"href":"https:\/\/exaudi.org\/es\/wp-json\/wp\/v2\/posts"}],"about":[{"href":"https:\/\/exaudi.org\/es\/wp-json\/wp\/v2\/types\/post"}],"author":[{"embeddable":true,"href":"https:\/\/exaudi.org\/es\/wp-json\/wp\/v2\/users\/129"}],"replies":[{"embeddable":true,"href":"https:\/\/exaudi.org\/es\/wp-json\/wp\/v2\/comments?post=116264"}],"version-history":[{"count":0,"href":"https:\/\/exaudi.org\/es\/wp-json\/wp\/v2\/posts\/116264\/revisions"}],"wp:featuredmedia":[{"embeddable":true,"href":"https:\/\/exaudi.org\/es\/wp-json\/wp\/v2\/media\/116265"}],"wp:attachment":[{"href":"https:\/\/exaudi.org\/es\/wp-json\/wp\/v2\/media?parent=116264"}],"wp:term":[{"taxonomy":"category","embeddable":true,"href":"https:\/\/exaudi.org\/es\/wp-json\/wp\/v2\/categories?post=116264"},{"taxonomy":"post_tag","embeddable":true,"href":"https:\/\/exaudi.org\/es\/wp-json\/wp\/v2\/tags?post=116264"}],"curies":[{"name":"wp","href":"https:\/\/api.w.org\/{rel}","templated":true}]}}