{"id":115991,"date":"2024-12-31T18:36:03","date_gmt":"2024-12-31T17:36:03","guid":{"rendered":"https:\/\/exaudi.org\/?p=115991"},"modified":"2024-12-31T18:36:48","modified_gmt":"2024-12-31T17:36:48","slug":"papa-francisco-en-el-te-deum-roma-una-ciudad-acogedora-y-fraternal","status":"publish","type":"post","link":"https:\/\/exaudi.org\/es\/papa-francisco-en-el-te-deum-roma-una-ciudad-acogedora-y-fraternal\/","title":{"rendered":"Papa Francisco en el Te Deum: Roma, una ciudad acogedora y fraternal"},"content":{"rendered":"<p>En la Bas\u00edlica de San Pedro, se llev\u00f3 a cabo la tradicional plegaria de acci\u00f3n de gracias, concluyendo el a\u00f1o con las Primeras V\u00edsperas a Mar\u00eda Sant\u00edsima Madre de Dios. El Papa Francisco presidi\u00f3 esta ceremonia, acompa\u00f1ado por 36 cardenales, 22 obispos y 40 sacerdotes, con la presencia destacada del alcalde de Roma, Roberto Gualtieri.<\/p>\n<p>Durante su homil\u00eda, el Papa Francisco reflexion\u00f3 sobre los retos y las numerosas obras infraestructurales que se han realizado en Roma en preparaci\u00f3n para el Jubileo. A pesar de estas exigencias, el Pont\u00edfice expres\u00f3 su esperanza de que estas mejoras sirvan para crear un ambiente acogedor para todos los peregrinos de la esperanza, sin importar su origen, y que \u00ablo que no es humano\u00bb se transforme en un deseo de fraternidad.<\/p>\n<h3><strong>Una llamada a la fraternidad y la acogida<\/strong><\/h3>\n<p>El Papa subray\u00f3 la importancia del trabajo digno y su valor intr\u00ednseco. Reiter\u00f3 su mensaje de acoger a todos, elevando su agradecimiento a Dios por permitir tanto esfuerzo en la ciudad:<\/p>\n<p>\u00abRoma est\u00e1 llamada a acoger a todos para que todos puedan reconocerse hijos de Dios y hermanos entre s\u00ed.\u00bb<\/p>\n<p>Francisco mencion\u00f3 la Enc\u00edclica <em>Fratelli tutti<\/em>, destacando la fraternidad universal como clave para el A\u00f1o Santo. Consider\u00f3 que Roma se ha convertido en una gran obra de construcci\u00f3n con el prop\u00f3sito de acoger a personas de todo el mundo, incluyendo cat\u00f3licos, cristianos de otras confesiones, creyentes de diversas religiones y buscadores de verdad, justicia y paz.<\/p>\n<h3><strong>Gratitud y esperanza<\/strong><\/h3>\n<p>Apart\u00e1ndose del texto preparado, el Papa Francisco agradeci\u00f3 especialmente al alcalde de Roma y a todos los trabajadores que han contribuido al desarrollo de la ciudad:<\/p>\n<p>\u00abAdmiramos con gratitud los resultados de las obras realizadas en la ciudad y agradecemos el trabajo de tantos hombres y mujeres que lo han hecho posible, y al Se\u00f1or Alcalde por llevar adelante esta labor.\u00bb<\/p>\n<p>El Pont\u00edfice tambi\u00e9n invoc\u00f3 la ayuda de Mar\u00eda, alentando a todos a mirar dentro de s\u00ed mismos para fomentar la conversi\u00f3n y el compromiso con la fraternidad. Subray\u00f3 que la esperanza de un mundo fraterno no es una ideolog\u00eda ni un sistema econ\u00f3mico, sino que se fundamenta en Cristo, el Hijo encarnado. Concluy\u00f3 pidiendo perd\u00f3n por los pecados y suplicando al Se\u00f1or que nos conceda la fuerza para avanzar en nuestra peregrinaci\u00f3n el pr\u00f3ximo a\u00f1o:<\/p>\n<p>\u00abLa esperanza de un mundo fraterno no es una ideolog\u00eda, no es un sistema econ\u00f3mico, no es el progreso tecnol\u00f3gico. La esperanza de un mundo fraterno es \u00c9l, el Hijo encarnado.\u00bb<\/p>\n<p>Con estas palabras, el Papa Francisco cerr\u00f3 la ceremonia, renovando la esperanza y el compromiso con un futuro m\u00e1s fraternal y acogedor.<\/p>\n<p><iframe loading=\"lazy\" title=\"V\u00edsperas y Te Deum - 31 de diciembre de 2024\" width=\"500\" height=\"281\" src=\"https:\/\/www.youtube.com\/embed\/mOtlsij1yns?feature=oembed\" frameborder=\"0\" allow=\"accelerometer; autoplay; clipboard-write; encrypted-media; gyroscope; picture-in-picture; web-share\" referrerpolicy=\"strict-origin-when-cross-origin\" allowfullscreen><\/iframe><\/p>\n","protected":false},"excerpt":{"rendered":"<p>El Papa Francisco concluye el a\u00f1o en San Pedro con una reflexi\u00f3n sobre la fraternidad y la acogida en Roma, destacando las obras preparatorias para el Jubileo y el papel de la ciudad como hogar para todos los peregrinos<\/p>\n","protected":false},"author":15,"featured_media":115995,"comment_status":"closed","ping_status":"closed","sticky":false,"template":"","format":"standard","meta":{"_acf_changed":false,"_crdt_document":"","inline_featured_image":false,"footnotes":""},"categories":[68],"tags":[3733,32623,30712,3866,3900,489,624,240,39056,449,4385,39054,39057,39055,158,2049,9214,1992,30377,1533,1404,8051,4953],"class_list":["post-115991","post","type-post","status-publish","format-standard","has-post-thumbnail","hentry","category-leon-xiv","tag-acogida","tag-adviento-2024","tag-ano-santo","tag-basilica-de-san-pedro-es","tag-conversion","tag-enciclica-fratelli-tutti","tag-esperanza","tag-fraternidad","tag-fraternidad-universal","tag-iglesia-catolica","tag-jubileo","tag-maria-santisima-madre-de-dios","tag-obras-infraestructurales","tag-oracion-de-accion-de-gracias","tag-papa-francisco","tag-peregrinacion","tag-peregrinos","tag-religion","tag-roberto-gualtieri-2","tag-roma-es","tag-san-pedro","tag-te-deum-2","tag-trending-es"],"acf":[],"yoast_head":"<!-- This site is optimized with the Yoast SEO plugin v27.4 - https:\/\/yoast.com\/product\/yoast-seo-wordpress\/ -->\n<title>Papa Francisco en el Te Deum: Roma, una ciudad acogedora y fraternal &#8211; Exaudi<\/title>\n<meta name=\"robots\" content=\"index, follow, max-snippet:-1, max-image-preview:large, max-video-preview:-1\" \/>\n<link rel=\"canonical\" href=\"https:\/\/exaudi.org\/es\/papa-francisco-en-el-te-deum-roma-una-ciudad-acogedora-y-fraternal\/\" \/>\n<meta property=\"og:locale\" content=\"es_ES\" \/>\n<meta property=\"og:type\" content=\"article\" \/>\n<meta property=\"og:title\" content=\"Papa Francisco en el Te Deum: Roma, una ciudad acogedora y fraternal &#8211; Exaudi\" \/>\n<meta property=\"og:description\" content=\"El Papa Francisco concluye el a\u00f1o en San Pedro con una reflexi\u00f3n sobre la fraternidad y la acogida en Roma, destacando las obras preparatorias para el Jubileo y el papel de la ciudad como hogar para todos los peregrinos\" \/>\n<meta property=\"og:url\" content=\"https:\/\/exaudi.org\/es\/papa-francisco-en-el-te-deum-roma-una-ciudad-acogedora-y-fraternal\/\" \/>\n<meta property=\"og:site_name\" content=\"Exaudi\" \/>\n<meta property=\"article:publisher\" content=\"https:\/\/www.facebook.com\/ExaudiNews\" \/>\n<meta property=\"article:author\" content=\"https:\/\/www.facebook.com\/ExaudiNoticias\/\" \/>\n<meta property=\"article:published_time\" content=\"2024-12-31T17:36:03+00:00\" \/>\n<meta property=\"article:modified_time\" content=\"2024-12-31T17:36:48+00:00\" \/>\n<meta property=\"og:image\" content=\"https:\/\/exaudi.org\/wp-content\/uploads\/2024\/12\/Snapinsta.app_471961315_3901975123391506_4512077486122190053_n_1080.jpg\" \/>\n\t<meta property=\"og:image:width\" content=\"1080\" \/>\n\t<meta property=\"og:image:height\" content=\"1082\" \/>\n\t<meta property=\"og:image:type\" content=\"image\/jpeg\" \/>\n<meta name=\"author\" content=\"Exaudi Redacci\u00f3n\" \/>\n<meta name=\"twitter:card\" content=\"summary_large_image\" \/>\n<meta name=\"twitter:creator\" content=\"@Exaudi_noticias\" \/>\n<meta name=\"twitter:site\" content=\"@Exaudi_News\" \/>\n<meta name=\"twitter:label1\" content=\"Escrito por\" \/>\n\t<meta name=\"twitter:data1\" content=\"Exaudi Redacci\u00f3n\" \/>\n\t<meta name=\"twitter:label2\" content=\"Tiempo de lectura\" \/>\n\t<meta name=\"twitter:data2\" content=\"2 minutos\" \/>\n<script type=\"application\/ld+json\" class=\"yoast-schema-graph\">{\"@context\":\"https:\\\/\\\/schema.org\",\"@graph\":[{\"@type\":\"Article\",\"@id\":\"https:\\\/\\\/exaudi.org\\\/es\\\/papa-francisco-en-el-te-deum-roma-una-ciudad-acogedora-y-fraternal\\\/#article\",\"isPartOf\":{\"@id\":\"https:\\\/\\\/exaudi.org\\\/es\\\/papa-francisco-en-el-te-deum-roma-una-ciudad-acogedora-y-fraternal\\\/\"},\"author\":{\"name\":\"Exaudi Redacci\u00f3n\",\"@id\":\"https:\\\/\\\/exaudi.org\\\/#\\\/schema\\\/person\\\/f5fc8f063065e38742da7afe15f25df7\"},\"headline\":\"Papa Francisco en el Te Deum: Roma, una ciudad acogedora y fraternal\",\"datePublished\":\"2024-12-31T17:36:03+00:00\",\"dateModified\":\"2024-12-31T17:36:48+00:00\",\"mainEntityOfPage\":{\"@id\":\"https:\\\/\\\/exaudi.org\\\/es\\\/papa-francisco-en-el-te-deum-roma-una-ciudad-acogedora-y-fraternal\\\/\"},\"wordCount\":479,\"image\":{\"@id\":\"https:\\\/\\\/exaudi.org\\\/es\\\/papa-francisco-en-el-te-deum-roma-una-ciudad-acogedora-y-fraternal\\\/#primaryimage\"},\"thumbnailUrl\":\"https:\\\/\\\/exaudi.org\\\/wp-content\\\/uploads\\\/2024\\\/12\\\/Snapinsta.app_471961315_3901975123391506_4512077486122190053_n_1080.jpg\",\"keywords\":[\"Acogida\",\"adviento 2024\",\"A\u00f1o Santo\",\"Bas\u00edlica de San Pedro\",\"Conversi\u00f3n\",\"Enc\u00edclica Fratelli Tutti\",\"Esperanza\",\"fraternidad\",\"fraternidad universal\",\"Iglesia cat\u00f3lica\",\"Jubileo\",\"Mar\u00eda Sant\u00edsima Madre de Dios\",\"obras infraestructurales\",\"oraci\u00f3n de acci\u00f3n de gracias\",\"papa francisco\",\"Peregrinaci\u00f3n\",\"Peregrinos\",\"Religi\u00f3n\",\"Roberto Gualtieri\",\"Roma\",\"San Pedro\",\"Te Deum\",\"Trending\"],\"articleSection\":[\"Le\u00f3n XIV\"],\"inLanguage\":\"es\"},{\"@type\":\"WebPage\",\"@id\":\"https:\\\/\\\/exaudi.org\\\/es\\\/papa-francisco-en-el-te-deum-roma-una-ciudad-acogedora-y-fraternal\\\/\",\"url\":\"https:\\\/\\\/exaudi.org\\\/es\\\/papa-francisco-en-el-te-deum-roma-una-ciudad-acogedora-y-fraternal\\\/\",\"name\":\"Papa Francisco en el Te Deum: Roma, una ciudad acogedora y fraternal &#8211; Exaudi\",\"isPartOf\":{\"@id\":\"https:\\\/\\\/exaudi.org\\\/#website\"},\"primaryImageOfPage\":{\"@id\":\"https:\\\/\\\/exaudi.org\\\/es\\\/papa-francisco-en-el-te-deum-roma-una-ciudad-acogedora-y-fraternal\\\/#primaryimage\"},\"image\":{\"@id\":\"https:\\\/\\\/exaudi.org\\\/es\\\/papa-francisco-en-el-te-deum-roma-una-ciudad-acogedora-y-fraternal\\\/#primaryimage\"},\"thumbnailUrl\":\"https:\\\/\\\/exaudi.org\\\/wp-content\\\/uploads\\\/2024\\\/12\\\/Snapinsta.app_471961315_3901975123391506_4512077486122190053_n_1080.jpg\",\"datePublished\":\"2024-12-31T17:36:03+00:00\",\"dateModified\":\"2024-12-31T17:36:48+00:00\",\"author\":{\"@id\":\"https:\\\/\\\/exaudi.org\\\/#\\\/schema\\\/person\\\/f5fc8f063065e38742da7afe15f25df7\"},\"breadcrumb\":{\"@id\":\"https:\\\/\\\/exaudi.org\\\/es\\\/papa-francisco-en-el-te-deum-roma-una-ciudad-acogedora-y-fraternal\\\/#breadcrumb\"},\"inLanguage\":\"es\",\"potentialAction\":[{\"@type\":\"ReadAction\",\"target\":[\"https:\\\/\\\/exaudi.org\\\/es\\\/papa-francisco-en-el-te-deum-roma-una-ciudad-acogedora-y-fraternal\\\/\"]}]},{\"@type\":\"ImageObject\",\"inLanguage\":\"es\",\"@id\":\"https:\\\/\\\/exaudi.org\\\/es\\\/papa-francisco-en-el-te-deum-roma-una-ciudad-acogedora-y-fraternal\\\/#primaryimage\",\"url\":\"https:\\\/\\\/exaudi.org\\\/wp-content\\\/uploads\\\/2024\\\/12\\\/Snapinsta.app_471961315_3901975123391506_4512077486122190053_n_1080.jpg\",\"contentUrl\":\"https:\\\/\\\/exaudi.org\\\/wp-content\\\/uploads\\\/2024\\\/12\\\/Snapinsta.app_471961315_3901975123391506_4512077486122190053_n_1080.jpg\",\"width\":1080,\"height\":1082},{\"@type\":\"BreadcrumbList\",\"@id\":\"https:\\\/\\\/exaudi.org\\\/es\\\/papa-francisco-en-el-te-deum-roma-una-ciudad-acogedora-y-fraternal\\\/#breadcrumb\",\"itemListElement\":[{\"@type\":\"ListItem\",\"position\":1,\"name\":\"Portada\",\"item\":\"https:\\\/\\\/exaudi.org\\\/es\\\/\"},{\"@type\":\"ListItem\",\"position\":2,\"name\":\"Papa Francisco en el Te Deum: Roma, una ciudad acogedora y fraternal\"}]},{\"@type\":\"WebSite\",\"@id\":\"https:\\\/\\\/exaudi.org\\\/#website\",\"url\":\"https:\\\/\\\/exaudi.org\\\/\",\"name\":\"Exaudi\",\"description\":\"News\",\"potentialAction\":[{\"@type\":\"SearchAction\",\"target\":{\"@type\":\"EntryPoint\",\"urlTemplate\":\"https:\\\/\\\/exaudi.org\\\/?s={search_term_string}\"},\"query-input\":{\"@type\":\"PropertyValueSpecification\",\"valueRequired\":true,\"valueName\":\"search_term_string\"}}],\"inLanguage\":\"es\"},{\"@type\":\"Person\",\"@id\":\"https:\\\/\\\/exaudi.org\\\/#\\\/schema\\\/person\\\/f5fc8f063065e38742da7afe15f25df7\",\"name\":\"Exaudi Redacci\u00f3n\",\"image\":{\"@type\":\"ImageObject\",\"inLanguage\":\"es\",\"@id\":\"https:\\\/\\\/secure.gravatar.com\\\/avatar\\\/fe0f6a059fb68d9b3e11bc5850dd4899b1c7492091a3cb6dd9b01b56ad828be2?s=96&d=mm&r=g\",\"url\":\"https:\\\/\\\/secure.gravatar.com\\\/avatar\\\/fe0f6a059fb68d9b3e11bc5850dd4899b1c7492091a3cb6dd9b01b56ad828be2?s=96&d=mm&r=g\",\"contentUrl\":\"https:\\\/\\\/secure.gravatar.com\\\/avatar\\\/fe0f6a059fb68d9b3e11bc5850dd4899b1c7492091a3cb6dd9b01b56ad828be2?s=96&d=mm&r=g\",\"caption\":\"Exaudi Redacci\u00f3n\"},\"description\":\"\u00bfQu\u00e9 es Exaudi News? Exaudi News es un medio de comunicaci\u00f3n cat\u00f3lico internacional que informa, forma y transforma, diariamente en espa\u00f1ol, ingl\u00e9s e italiano. A trav\u00e9s de noticias, art\u00edculos de an\u00e1lisis y transmisiones en directo de los eventos del Papa, Exaudi busca fortalecer la unidad de los cristianos y contribuir a la evangelizaci\u00f3n del mundo, siempre guiados por la doctrina social de la Iglesia. Trabajamos para acercar la verdad y los valores cristianos a cada rinc\u00f3n del planeta. \u00a1Ay\u00fadanos a transformar el mundo con Exaudi! En Exaudi creemos que la evangelizaci\u00f3n y la informaci\u00f3n de calidad pueden cambiar vidas. Para continuar con nuestra misi\u00f3n y expandir nuestro alcance, necesitamos tu ayuda. Adem\u00e1s, buscamos personas comprometidas que deseen unirse a nuestro equipo. Con tu apoyo, lograremos llegar a m\u00e1s personas, difundir el mensaje de Cristo y reforzar la unidad de los cristianos. \u00bfTe unes a nuestra misi\u00f3n? Para m\u00e1s informaci\u00f3n sobre c\u00f3mo colaborar, visita Exaudi.org\\\/es o cont\u00e1ctanos directamente: info@exaudi.org Exaudi: Informa, forma y transforma.\",\"sameAs\":[\"https:\\\/\\\/www.facebook.com\\\/ExaudiNoticias\\\/\",\"https:\\\/\\\/www.instagram.com\\\/exaudi_noticias\\\/\",\"https:\\\/\\\/x.com\\\/Exaudi_noticias\",\"https:\\\/\\\/www.youtube.com\\\/@exaudicatholicnews\"],\"url\":\"https:\\\/\\\/exaudi.org\\\/es\\\/author\\\/redaccionexaudi\\\/\"}]}<\/script>\n<!-- \/ Yoast SEO plugin. -->","yoast_head_json":{"title":"Papa Francisco en el Te Deum: Roma, una ciudad acogedora y fraternal &#8211; Exaudi","robots":{"index":"index","follow":"follow","max-snippet":"max-snippet:-1","max-image-preview":"max-image-preview:large","max-video-preview":"max-video-preview:-1"},"canonical":"https:\/\/exaudi.org\/es\/papa-francisco-en-el-te-deum-roma-una-ciudad-acogedora-y-fraternal\/","og_locale":"es_ES","og_type":"article","og_title":"Papa Francisco en el Te Deum: Roma, una ciudad acogedora y fraternal &#8211; Exaudi","og_description":"El Papa Francisco concluye el a\u00f1o en San Pedro con una reflexi\u00f3n sobre la fraternidad y la acogida en Roma, destacando las obras preparatorias para el Jubileo y el papel de la ciudad como hogar para todos los peregrinos","og_url":"https:\/\/exaudi.org\/es\/papa-francisco-en-el-te-deum-roma-una-ciudad-acogedora-y-fraternal\/","og_site_name":"Exaudi","article_publisher":"https:\/\/www.facebook.com\/ExaudiNews","article_author":"https:\/\/www.facebook.com\/ExaudiNoticias\/","article_published_time":"2024-12-31T17:36:03+00:00","article_modified_time":"2024-12-31T17:36:48+00:00","og_image":[{"width":1080,"height":1082,"url":"https:\/\/exaudi.org\/wp-content\/uploads\/2024\/12\/Snapinsta.app_471961315_3901975123391506_4512077486122190053_n_1080.jpg","type":"image\/jpeg"}],"author":"Exaudi Redacci\u00f3n","twitter_card":"summary_large_image","twitter_creator":"@Exaudi_noticias","twitter_site":"@Exaudi_News","twitter_misc":{"Escrito por":"Exaudi Redacci\u00f3n","Tiempo de lectura":"2 minutos"},"schema":{"@context":"https:\/\/schema.org","@graph":[{"@type":"Article","@id":"https:\/\/exaudi.org\/es\/papa-francisco-en-el-te-deum-roma-una-ciudad-acogedora-y-fraternal\/#article","isPartOf":{"@id":"https:\/\/exaudi.org\/es\/papa-francisco-en-el-te-deum-roma-una-ciudad-acogedora-y-fraternal\/"},"author":{"name":"Exaudi Redacci\u00f3n","@id":"https:\/\/exaudi.org\/#\/schema\/person\/f5fc8f063065e38742da7afe15f25df7"},"headline":"Papa Francisco en el Te Deum: Roma, una ciudad acogedora y fraternal","datePublished":"2024-12-31T17:36:03+00:00","dateModified":"2024-12-31T17:36:48+00:00","mainEntityOfPage":{"@id":"https:\/\/exaudi.org\/es\/papa-francisco-en-el-te-deum-roma-una-ciudad-acogedora-y-fraternal\/"},"wordCount":479,"image":{"@id":"https:\/\/exaudi.org\/es\/papa-francisco-en-el-te-deum-roma-una-ciudad-acogedora-y-fraternal\/#primaryimage"},"thumbnailUrl":"https:\/\/exaudi.org\/wp-content\/uploads\/2024\/12\/Snapinsta.app_471961315_3901975123391506_4512077486122190053_n_1080.jpg","keywords":["Acogida","adviento 2024","A\u00f1o Santo","Bas\u00edlica de San Pedro","Conversi\u00f3n","Enc\u00edclica Fratelli Tutti","Esperanza","fraternidad","fraternidad universal","Iglesia cat\u00f3lica","Jubileo","Mar\u00eda Sant\u00edsima Madre de Dios","obras infraestructurales","oraci\u00f3n de acci\u00f3n de gracias","papa francisco","Peregrinaci\u00f3n","Peregrinos","Religi\u00f3n","Roberto Gualtieri","Roma","San Pedro","Te Deum","Trending"],"articleSection":["Le\u00f3n XIV"],"inLanguage":"es"},{"@type":"WebPage","@id":"https:\/\/exaudi.org\/es\/papa-francisco-en-el-te-deum-roma-una-ciudad-acogedora-y-fraternal\/","url":"https:\/\/exaudi.org\/es\/papa-francisco-en-el-te-deum-roma-una-ciudad-acogedora-y-fraternal\/","name":"Papa Francisco en el Te Deum: Roma, una ciudad acogedora y fraternal &#8211; Exaudi","isPartOf":{"@id":"https:\/\/exaudi.org\/#website"},"primaryImageOfPage":{"@id":"https:\/\/exaudi.org\/es\/papa-francisco-en-el-te-deum-roma-una-ciudad-acogedora-y-fraternal\/#primaryimage"},"image":{"@id":"https:\/\/exaudi.org\/es\/papa-francisco-en-el-te-deum-roma-una-ciudad-acogedora-y-fraternal\/#primaryimage"},"thumbnailUrl":"https:\/\/exaudi.org\/wp-content\/uploads\/2024\/12\/Snapinsta.app_471961315_3901975123391506_4512077486122190053_n_1080.jpg","datePublished":"2024-12-31T17:36:03+00:00","dateModified":"2024-12-31T17:36:48+00:00","author":{"@id":"https:\/\/exaudi.org\/#\/schema\/person\/f5fc8f063065e38742da7afe15f25df7"},"breadcrumb":{"@id":"https:\/\/exaudi.org\/es\/papa-francisco-en-el-te-deum-roma-una-ciudad-acogedora-y-fraternal\/#breadcrumb"},"inLanguage":"es","potentialAction":[{"@type":"ReadAction","target":["https:\/\/exaudi.org\/es\/papa-francisco-en-el-te-deum-roma-una-ciudad-acogedora-y-fraternal\/"]}]},{"@type":"ImageObject","inLanguage":"es","@id":"https:\/\/exaudi.org\/es\/papa-francisco-en-el-te-deum-roma-una-ciudad-acogedora-y-fraternal\/#primaryimage","url":"https:\/\/exaudi.org\/wp-content\/uploads\/2024\/12\/Snapinsta.app_471961315_3901975123391506_4512077486122190053_n_1080.jpg","contentUrl":"https:\/\/exaudi.org\/wp-content\/uploads\/2024\/12\/Snapinsta.app_471961315_3901975123391506_4512077486122190053_n_1080.jpg","width":1080,"height":1082},{"@type":"BreadcrumbList","@id":"https:\/\/exaudi.org\/es\/papa-francisco-en-el-te-deum-roma-una-ciudad-acogedora-y-fraternal\/#breadcrumb","itemListElement":[{"@type":"ListItem","position":1,"name":"Portada","item":"https:\/\/exaudi.org\/es\/"},{"@type":"ListItem","position":2,"name":"Papa Francisco en el Te Deum: Roma, una ciudad acogedora y fraternal"}]},{"@type":"WebSite","@id":"https:\/\/exaudi.org\/#website","url":"https:\/\/exaudi.org\/","name":"Exaudi","description":"News","potentialAction":[{"@type":"SearchAction","target":{"@type":"EntryPoint","urlTemplate":"https:\/\/exaudi.org\/?s={search_term_string}"},"query-input":{"@type":"PropertyValueSpecification","valueRequired":true,"valueName":"search_term_string"}}],"inLanguage":"es"},{"@type":"Person","@id":"https:\/\/exaudi.org\/#\/schema\/person\/f5fc8f063065e38742da7afe15f25df7","name":"Exaudi Redacci\u00f3n","image":{"@type":"ImageObject","inLanguage":"es","@id":"https:\/\/secure.gravatar.com\/avatar\/fe0f6a059fb68d9b3e11bc5850dd4899b1c7492091a3cb6dd9b01b56ad828be2?s=96&d=mm&r=g","url":"https:\/\/secure.gravatar.com\/avatar\/fe0f6a059fb68d9b3e11bc5850dd4899b1c7492091a3cb6dd9b01b56ad828be2?s=96&d=mm&r=g","contentUrl":"https:\/\/secure.gravatar.com\/avatar\/fe0f6a059fb68d9b3e11bc5850dd4899b1c7492091a3cb6dd9b01b56ad828be2?s=96&d=mm&r=g","caption":"Exaudi Redacci\u00f3n"},"description":"\u00bfQu\u00e9 es Exaudi News? Exaudi News es un medio de comunicaci\u00f3n cat\u00f3lico internacional que informa, forma y transforma, diariamente en espa\u00f1ol, ingl\u00e9s e italiano. A trav\u00e9s de noticias, art\u00edculos de an\u00e1lisis y transmisiones en directo de los eventos del Papa, Exaudi busca fortalecer la unidad de los cristianos y contribuir a la evangelizaci\u00f3n del mundo, siempre guiados por la doctrina social de la Iglesia. Trabajamos para acercar la verdad y los valores cristianos a cada rinc\u00f3n del planeta. \u00a1Ay\u00fadanos a transformar el mundo con Exaudi! En Exaudi creemos que la evangelizaci\u00f3n y la informaci\u00f3n de calidad pueden cambiar vidas. Para continuar con nuestra misi\u00f3n y expandir nuestro alcance, necesitamos tu ayuda. Adem\u00e1s, buscamos personas comprometidas que deseen unirse a nuestro equipo. Con tu apoyo, lograremos llegar a m\u00e1s personas, difundir el mensaje de Cristo y reforzar la unidad de los cristianos. \u00bfTe unes a nuestra misi\u00f3n? Para m\u00e1s informaci\u00f3n sobre c\u00f3mo colaborar, visita Exaudi.org\/es o cont\u00e1ctanos directamente: info@exaudi.org Exaudi: Informa, forma y transforma.","sameAs":["https:\/\/www.facebook.com\/ExaudiNoticias\/","https:\/\/www.instagram.com\/exaudi_noticias\/","https:\/\/x.com\/Exaudi_noticias","https:\/\/www.youtube.com\/@exaudicatholicnews"],"url":"https:\/\/exaudi.org\/es\/author\/redaccionexaudi\/"}]}},"jetpack_featured_media_url":"https:\/\/exaudi.org\/wp-content\/uploads\/2024\/12\/Snapinsta.app_471961315_3901975123391506_4512077486122190053_n_1080.jpg","jetpack_shortlink":"https:\/\/wp.me\/pgKjF2-uaP","_links":{"self":[{"href":"https:\/\/exaudi.org\/es\/wp-json\/wp\/v2\/posts\/115991","targetHints":{"allow":["GET"]}}],"collection":[{"href":"https:\/\/exaudi.org\/es\/wp-json\/wp\/v2\/posts"}],"about":[{"href":"https:\/\/exaudi.org\/es\/wp-json\/wp\/v2\/types\/post"}],"author":[{"embeddable":true,"href":"https:\/\/exaudi.org\/es\/wp-json\/wp\/v2\/users\/15"}],"replies":[{"embeddable":true,"href":"https:\/\/exaudi.org\/es\/wp-json\/wp\/v2\/comments?post=115991"}],"version-history":[{"count":0,"href":"https:\/\/exaudi.org\/es\/wp-json\/wp\/v2\/posts\/115991\/revisions"}],"wp:featuredmedia":[{"embeddable":true,"href":"https:\/\/exaudi.org\/es\/wp-json\/wp\/v2\/media\/115995"}],"wp:attachment":[{"href":"https:\/\/exaudi.org\/es\/wp-json\/wp\/v2\/media?parent=115991"}],"wp:term":[{"taxonomy":"category","embeddable":true,"href":"https:\/\/exaudi.org\/es\/wp-json\/wp\/v2\/categories?post=115991"},{"taxonomy":"post_tag","embeddable":true,"href":"https:\/\/exaudi.org\/es\/wp-json\/wp\/v2\/tags?post=115991"}],"curies":[{"name":"wp","href":"https:\/\/api.w.org\/{rel}","templated":true}]}}