{"id":11594,"date":"2021-04-14T13:27:09","date_gmt":"2021-04-14T11:27:09","guid":{"rendered":"https:\/\/exaudi.org\/?p=11594"},"modified":"2021-04-14T14:22:28","modified_gmt":"2021-04-14T12:22:28","slug":"australia-pesame-papa-muerte-cardenal-cassidy-2021","status":"publish","type":"post","link":"https:\/\/exaudi.org\/es\/australia-pesame-papa-muerte-cardenal-cassidy-2021\/","title":{"rendered":"Australia: P\u00e9same del Papa por la muerte del cardenal Cassidy"},"content":{"rendered":"<p>El <a href=\"https:\/\/exaudi.org\/es\/audiencia-general-catequesis-iglesia-maestra-oracion-2021\/\" target=\"_blank\" rel=\"noopener noreferrer\">Papa Francisco<\/a> ha enviado un telegrama de p\u00e9same por el fallecimiento, el pasado s\u00e1bado 10 de abril de 2021, del cardenal Edward Idris Cassidy, presidente em\u00e9rito del <a href=\"https:\/\/www.vatican.va\/roman_curia\/pontifical_councils\/chrstuni\/index_sp.htm\" target=\"_blank\" rel=\"noopener noreferrer\">Pontificio Consejo para la Promoci\u00f3n de la Unidad de los Cristianos<\/a>, del T\u00edtulo de Santa Mar\u00eda en V\u00eda Lata.<\/p>\n<p>En su mensaje, enviado a monse\u00f1or Adolfo Tito Yllana, nuncio apost\u00f3lico en Australia, el Santo Padre expresa: \u201cAl conocer con tristeza el fallecimiento del cardenal Edward Idris Cassidy, le expreso mi m\u00e1s sentido p\u00e9same. Recordando con gratitud los a\u00f1os de valioso servicio del difunto cardenal a la Santa Sede, su celo por la difusi\u00f3n del Evangelio y su compromiso con la promoci\u00f3n de la unidad de los cristianos, encomiendo su noble alma al amor misericordioso de Dios, nuestro padre celestial\u201d.<\/p>\n<p>Asimismo, se dirige a \u201ctodos los que lloran al cardenal Cassidy con la segura esperanza de la resurrecci\u00f3n\u201d para impartirles \u201cde todo coraz\u00f3n mi bendici\u00f3n apost\u00f3lica como prenda de consuelo y paz del Se\u00f1or\u201d.<\/p>\n<h4><strong>Cardenal Edward Idris Cassidy<\/strong><\/h4>\n<p>Naci\u00f3 en S\u00eddney, Australia, el 5 de julio de 1924. Tras completar sus estudios en la <em>Parramatta High School<\/em> de su ciudad de nacimiento, se incorpor\u00f3 a la administraci\u00f3n estatal de Nueva Gales y, durante unos tres meses, sirvi\u00f3 en el Ministerio de Transporte y Tr\u00e1fico. En febrero de 1943 comenz\u00f3 asistiendo al Seminario de <em>St. Dove<\/em> en <em>Springwood,<\/em> mientras que, a partir del a\u00f1o siguiente, fue a Patrick&#8217;s College, Manly, donde complet\u00f3 sus estudios.<\/p>\n<p>Fue ordenado sacerdote el 23 de julio de 1949 en la catedral de Santa Mar\u00eda. De 1950 a 1952 fue asistente en la parroquia de Yenda, en la di\u00f3cesis de Wagga Wagga. Desde 1952 estudi\u00f3 Derecho Can\u00f3nico en la Universidad Pontificia Lateranense de Roma, obteniendo, en 1955, un t\u00edtulo con honores por un estudio hist\u00f3rico y jur\u00eddico sobre la figura eclesi\u00e1stica del delegado apost\u00f3lico.<\/p>\n<p>A partir de 1953 tambi\u00e9n asisti\u00f3 a la Pontificia Academia Eclesi\u00e1stica de la <em>Piazza della Minerva<\/em> y, al concluir el curso, se diploma, entrando posteriormente en el servicio diplom\u00e1tico de la Santa Sede. Su primer destino fue la Internunciatura Apost\u00f3lica de la India (1955-1962). Luego pas\u00f3 cinco a\u00f1os, de 1962 a 1967, en la Nunciatura Apost\u00f3lica de Dubl\u00edn, dos a\u00f1os en El Salvador (1967-1969) y un a\u00f1o en Argentina.<\/p>\n<p>Elegido para la sede arzobispal titular de <em>Amanzia<\/em> el 27 de octubre de 1970, y al mismo tiempo nombrado pro-nuncio apost\u00f3lico en la Rep\u00fablica de China (Taiw\u00e1n), recibi\u00f3 la ordenaci\u00f3n episcopal el 15 de noviembre de 1970. En 1972 fue nombrado el primer pro-nuncio apost\u00f3lico en Bangladesh, pa\u00eds que hab\u00eda conseguido recientemente su independencia, y de delegado apost\u00f3lico en Birmania.<\/p>\n<p>El 25 de marzo de 1979 fue nombrado delegado apost\u00f3lico en Sud\u00e1frica y pro-nuncio en Lesotho, cargos que ocup\u00f3 hasta el 6 de noviembre de 1984, cuando, de nuevo como pro-nuncio apost\u00f3lico, fue trasladado a los Pa\u00edses Bajos. El 23 de marzo de 1988 fue nombrado sustituto de la Secretar\u00eda de Estado de Asuntos Generales, cargo que ocup\u00f3 hasta el 12 de diciembre de 1989, cuando fue nombrado presidente del Consejo Pontificio para la Promoci\u00f3n de la Unidad de los Cristianos.<\/p>\n<p>Desde el 3 de marzo de 2001 es presidente em\u00e9rito. Fue presidente delegado en la Asamblea Especial para Ocean\u00eda del S\u00ednodo de los Obispos (noviembre &#8211; diciembre de 1998) y ejerci\u00f3 como miembro del Comit\u00e9 del Gran Jubileo del A\u00f1o 2000. Creado cardenal por san Juan Pablo II en el Consistorio del 28 de junio de 1991.<\/p>\n","protected":false},"excerpt":{"rendered":"<p>Presidente em\u00e9rito del Consejo para la Unidad de los Cristianos<\/p>\n","protected":false},"author":6,"featured_media":11613,"comment_status":"closed","ping_status":"closed","sticky":false,"template":"","format":"standard","meta":{"_acf_changed":false,"_crdt_document":"","inline_featured_image":false,"footnotes":""},"categories":[68,298],"tags":[1659,1660,158],"class_list":["post-11594","post","type-post","status-publish","format-standard","has-post-thumbnail","hentry","category-leon-xiv","category-ultimas-noticias","tag-cardenal-edward-idris-cassidy","tag-fallecimiento","tag-papa-francisco"],"acf":[],"yoast_head":"<!-- This site is optimized with the Yoast SEO plugin v27.5 - https:\/\/yoast.com\/product\/yoast-seo-wordpress\/ -->\n<title>Australia: P\u00e9same del Papa por la muerte del cardenal Cassidy - Exaudi<\/title>\n<meta name=\"description\" content=\"El Papa da el p\u00e9same por la muerte del cardenal Cassidy, Pte. em\u00e9rito del Pontificio Consejo para la Promoci\u00f3n de la Unidad de los Cristianos\" \/>\n<meta name=\"robots\" content=\"index, follow, max-snippet:-1, max-image-preview:large, max-video-preview:-1\" \/>\n<link rel=\"canonical\" href=\"https:\/\/exaudi.org\/es\/australia-pesame-papa-muerte-cardenal-cassidy-2021\/\" \/>\n<meta property=\"og:locale\" content=\"es_ES\" \/>\n<meta property=\"og:type\" content=\"article\" \/>\n<meta property=\"og:title\" content=\"Australia: P\u00e9same del Papa por la muerte del cardenal Cassidy - Exaudi\" \/>\n<meta property=\"og:description\" content=\"El Papa da el p\u00e9same por la muerte del cardenal Cassidy, Pte. em\u00e9rito del Pontificio Consejo para la Promoci\u00f3n de la Unidad de los Cristianos\" \/>\n<meta property=\"og:url\" content=\"https:\/\/exaudi.org\/es\/australia-pesame-papa-muerte-cardenal-cassidy-2021\/\" \/>\n<meta property=\"og:site_name\" content=\"Exaudi\" \/>\n<meta property=\"article:publisher\" content=\"https:\/\/www.facebook.com\/ExaudiNews\" \/>\n<meta property=\"article:published_time\" content=\"2021-04-14T11:27:09+00:00\" \/>\n<meta property=\"article:modified_time\" content=\"2021-04-14T12:22:28+00:00\" \/>\n<meta property=\"og:image\" content=\"https:\/\/exaudi.org\/wp-content\/uploads\/2021\/04\/EytHMneXEAk2mMB.jpg\" \/>\n\t<meta property=\"og:image:width\" content=\"800\" \/>\n\t<meta property=\"og:image:height\" content=\"600\" \/>\n\t<meta property=\"og:image:type\" content=\"image\/jpeg\" \/>\n<meta name=\"author\" content=\"Gabriel Sales\" \/>\n<meta name=\"twitter:card\" content=\"summary_large_image\" \/>\n<meta name=\"twitter:creator\" content=\"@habemusman\" \/>\n<meta name=\"twitter:site\" content=\"@Exaudi_News\" \/>\n<meta name=\"twitter:label1\" content=\"Escrito por\" \/>\n\t<meta name=\"twitter:data1\" content=\"Gabriel Sales\" \/>\n\t<meta name=\"twitter:label2\" content=\"Tiempo de lectura\" \/>\n\t<meta name=\"twitter:data2\" content=\"3 minutos\" \/>\n<script type=\"application\/ld+json\" class=\"yoast-schema-graph\">{\"@context\":\"https:\\\/\\\/schema.org\",\"@graph\":[{\"@type\":\"Article\",\"@id\":\"https:\\\/\\\/exaudi.org\\\/es\\\/australia-pesame-papa-muerte-cardenal-cassidy-2021\\\/#article\",\"isPartOf\":{\"@id\":\"https:\\\/\\\/exaudi.org\\\/es\\\/australia-pesame-papa-muerte-cardenal-cassidy-2021\\\/\"},\"author\":{\"name\":\"Gabriel Sales\",\"@id\":\"https:\\\/\\\/exaudi.org\\\/#\\\/schema\\\/person\\\/d134b96438278131ce90c90c03fda6cd\"},\"headline\":\"Australia: P\u00e9same del Papa por la muerte del cardenal Cassidy\",\"datePublished\":\"2021-04-14T11:27:09+00:00\",\"dateModified\":\"2021-04-14T12:22:28+00:00\",\"mainEntityOfPage\":{\"@id\":\"https:\\\/\\\/exaudi.org\\\/es\\\/australia-pesame-papa-muerte-cardenal-cassidy-2021\\\/\"},\"wordCount\":608,\"image\":{\"@id\":\"https:\\\/\\\/exaudi.org\\\/es\\\/australia-pesame-papa-muerte-cardenal-cassidy-2021\\\/#primaryimage\"},\"thumbnailUrl\":\"https:\\\/\\\/exaudi.org\\\/wp-content\\\/uploads\\\/2021\\\/04\\\/EytHMneXEAk2mMB.jpg\",\"keywords\":[\"Cardenal Edward Idris Cassidy\",\"Fallecimiento\",\"papa francisco\"],\"articleSection\":[\"Le\u00f3n XIV\",\"\u00daltimas noticias\"],\"inLanguage\":\"es\"},{\"@type\":\"WebPage\",\"@id\":\"https:\\\/\\\/exaudi.org\\\/es\\\/australia-pesame-papa-muerte-cardenal-cassidy-2021\\\/\",\"url\":\"https:\\\/\\\/exaudi.org\\\/es\\\/australia-pesame-papa-muerte-cardenal-cassidy-2021\\\/\",\"name\":\"Australia: P\u00e9same del Papa por la muerte del cardenal Cassidy - Exaudi\",\"isPartOf\":{\"@id\":\"https:\\\/\\\/exaudi.org\\\/#website\"},\"primaryImageOfPage\":{\"@id\":\"https:\\\/\\\/exaudi.org\\\/es\\\/australia-pesame-papa-muerte-cardenal-cassidy-2021\\\/#primaryimage\"},\"image\":{\"@id\":\"https:\\\/\\\/exaudi.org\\\/es\\\/australia-pesame-papa-muerte-cardenal-cassidy-2021\\\/#primaryimage\"},\"thumbnailUrl\":\"https:\\\/\\\/exaudi.org\\\/wp-content\\\/uploads\\\/2021\\\/04\\\/EytHMneXEAk2mMB.jpg\",\"datePublished\":\"2021-04-14T11:27:09+00:00\",\"dateModified\":\"2021-04-14T12:22:28+00:00\",\"author\":{\"@id\":\"https:\\\/\\\/exaudi.org\\\/#\\\/schema\\\/person\\\/d134b96438278131ce90c90c03fda6cd\"},\"description\":\"El Papa da el p\u00e9same por la muerte del cardenal Cassidy, Pte. em\u00e9rito del Pontificio Consejo para la Promoci\u00f3n de la Unidad de los Cristianos\",\"breadcrumb\":{\"@id\":\"https:\\\/\\\/exaudi.org\\\/es\\\/australia-pesame-papa-muerte-cardenal-cassidy-2021\\\/#breadcrumb\"},\"inLanguage\":\"es\",\"potentialAction\":[{\"@type\":\"ReadAction\",\"target\":[\"https:\\\/\\\/exaudi.org\\\/es\\\/australia-pesame-papa-muerte-cardenal-cassidy-2021\\\/\"]}]},{\"@type\":\"ImageObject\",\"inLanguage\":\"es\",\"@id\":\"https:\\\/\\\/exaudi.org\\\/es\\\/australia-pesame-papa-muerte-cardenal-cassidy-2021\\\/#primaryimage\",\"url\":\"https:\\\/\\\/exaudi.org\\\/wp-content\\\/uploads\\\/2021\\\/04\\\/EytHMneXEAk2mMB.jpg\",\"contentUrl\":\"https:\\\/\\\/exaudi.org\\\/wp-content\\\/uploads\\\/2021\\\/04\\\/EytHMneXEAk2mMB.jpg\",\"width\":800,\"height\":600,\"caption\":\"Cardenal Edward Idris Cassidy \u00a9 Colegio Cardenalicio\"},{\"@type\":\"BreadcrumbList\",\"@id\":\"https:\\\/\\\/exaudi.org\\\/es\\\/australia-pesame-papa-muerte-cardenal-cassidy-2021\\\/#breadcrumb\",\"itemListElement\":[{\"@type\":\"ListItem\",\"position\":1,\"name\":\"Portada\",\"item\":\"https:\\\/\\\/exaudi.org\\\/es\\\/\"},{\"@type\":\"ListItem\",\"position\":2,\"name\":\"Australia: P\u00e9same del Papa por la muerte del cardenal Cassidy\"}]},{\"@type\":\"WebSite\",\"@id\":\"https:\\\/\\\/exaudi.org\\\/#website\",\"url\":\"https:\\\/\\\/exaudi.org\\\/\",\"name\":\"Exaudi\",\"description\":\"News\",\"potentialAction\":[{\"@type\":\"SearchAction\",\"target\":{\"@type\":\"EntryPoint\",\"urlTemplate\":\"https:\\\/\\\/exaudi.org\\\/?s={search_term_string}\"},\"query-input\":{\"@type\":\"PropertyValueSpecification\",\"valueRequired\":true,\"valueName\":\"search_term_string\"}}],\"inLanguage\":\"es\"},{\"@type\":\"Person\",\"@id\":\"https:\\\/\\\/exaudi.org\\\/#\\\/schema\\\/person\\\/d134b96438278131ce90c90c03fda6cd\",\"name\":\"Gabriel Sales\",\"image\":{\"@type\":\"ImageObject\",\"inLanguage\":\"es\",\"@id\":\"https:\\\/\\\/secure.gravatar.com\\\/avatar\\\/9b1269566f6a063ed26ffb3532b66a373cdde231ce5d0effb266167437fdaffd?s=96&d=mm&r=g\",\"url\":\"https:\\\/\\\/secure.gravatar.com\\\/avatar\\\/9b1269566f6a063ed26ffb3532b66a373cdde231ce5d0effb266167437fdaffd?s=96&d=mm&r=g\",\"contentUrl\":\"https:\\\/\\\/secure.gravatar.com\\\/avatar\\\/9b1269566f6a063ed26ffb3532b66a373cdde231ce5d0effb266167437fdaffd?s=96&d=mm&r=g\",\"caption\":\"Gabriel Sales\"},\"description\":\"Periodista y especialista en Comunicaci\u00f3n y Branding digital. Cin\u00e9filo y cr\u00edtico de cine y series de televisi\u00f3n.\",\"sameAs\":[\"https:\\\/\\\/www.instagram.com\\\/cine90segundos\\\/\",\"www.linkedin.com\\\/in\\\/habemusman\",\"https:\\\/\\\/x.com\\\/habemusman\",\"https:\\\/\\\/www.youtube.com\\\/channel\\\/UCVfCiOMkJ_C7T7OpyjuaLDg\"],\"url\":\"https:\\\/\\\/exaudi.org\\\/es\\\/author\\\/gsalesexaudi-org\\\/\"}]}<\/script>\n<!-- \/ Yoast SEO plugin. -->","yoast_head_json":{"title":"Australia: P\u00e9same del Papa por la muerte del cardenal Cassidy - Exaudi","description":"El Papa da el p\u00e9same por la muerte del cardenal Cassidy, Pte. em\u00e9rito del Pontificio Consejo para la Promoci\u00f3n de la Unidad de los Cristianos","robots":{"index":"index","follow":"follow","max-snippet":"max-snippet:-1","max-image-preview":"max-image-preview:large","max-video-preview":"max-video-preview:-1"},"canonical":"https:\/\/exaudi.org\/es\/australia-pesame-papa-muerte-cardenal-cassidy-2021\/","og_locale":"es_ES","og_type":"article","og_title":"Australia: P\u00e9same del Papa por la muerte del cardenal Cassidy - Exaudi","og_description":"El Papa da el p\u00e9same por la muerte del cardenal Cassidy, Pte. em\u00e9rito del Pontificio Consejo para la Promoci\u00f3n de la Unidad de los Cristianos","og_url":"https:\/\/exaudi.org\/es\/australia-pesame-papa-muerte-cardenal-cassidy-2021\/","og_site_name":"Exaudi","article_publisher":"https:\/\/www.facebook.com\/ExaudiNews","article_published_time":"2021-04-14T11:27:09+00:00","article_modified_time":"2021-04-14T12:22:28+00:00","og_image":[{"width":800,"height":600,"url":"https:\/\/exaudi.org\/wp-content\/uploads\/2021\/04\/EytHMneXEAk2mMB.jpg","type":"image\/jpeg"}],"author":"Gabriel Sales","twitter_card":"summary_large_image","twitter_creator":"@habemusman","twitter_site":"@Exaudi_News","twitter_misc":{"Escrito por":"Gabriel Sales","Tiempo de lectura":"3 minutos"},"schema":{"@context":"https:\/\/schema.org","@graph":[{"@type":"Article","@id":"https:\/\/exaudi.org\/es\/australia-pesame-papa-muerte-cardenal-cassidy-2021\/#article","isPartOf":{"@id":"https:\/\/exaudi.org\/es\/australia-pesame-papa-muerte-cardenal-cassidy-2021\/"},"author":{"name":"Gabriel Sales","@id":"https:\/\/exaudi.org\/#\/schema\/person\/d134b96438278131ce90c90c03fda6cd"},"headline":"Australia: P\u00e9same del Papa por la muerte del cardenal Cassidy","datePublished":"2021-04-14T11:27:09+00:00","dateModified":"2021-04-14T12:22:28+00:00","mainEntityOfPage":{"@id":"https:\/\/exaudi.org\/es\/australia-pesame-papa-muerte-cardenal-cassidy-2021\/"},"wordCount":608,"image":{"@id":"https:\/\/exaudi.org\/es\/australia-pesame-papa-muerte-cardenal-cassidy-2021\/#primaryimage"},"thumbnailUrl":"https:\/\/exaudi.org\/wp-content\/uploads\/2021\/04\/EytHMneXEAk2mMB.jpg","keywords":["Cardenal Edward Idris Cassidy","Fallecimiento","papa francisco"],"articleSection":["Le\u00f3n XIV","\u00daltimas noticias"],"inLanguage":"es"},{"@type":"WebPage","@id":"https:\/\/exaudi.org\/es\/australia-pesame-papa-muerte-cardenal-cassidy-2021\/","url":"https:\/\/exaudi.org\/es\/australia-pesame-papa-muerte-cardenal-cassidy-2021\/","name":"Australia: P\u00e9same del Papa por la muerte del cardenal Cassidy - Exaudi","isPartOf":{"@id":"https:\/\/exaudi.org\/#website"},"primaryImageOfPage":{"@id":"https:\/\/exaudi.org\/es\/australia-pesame-papa-muerte-cardenal-cassidy-2021\/#primaryimage"},"image":{"@id":"https:\/\/exaudi.org\/es\/australia-pesame-papa-muerte-cardenal-cassidy-2021\/#primaryimage"},"thumbnailUrl":"https:\/\/exaudi.org\/wp-content\/uploads\/2021\/04\/EytHMneXEAk2mMB.jpg","datePublished":"2021-04-14T11:27:09+00:00","dateModified":"2021-04-14T12:22:28+00:00","author":{"@id":"https:\/\/exaudi.org\/#\/schema\/person\/d134b96438278131ce90c90c03fda6cd"},"description":"El Papa da el p\u00e9same por la muerte del cardenal Cassidy, Pte. em\u00e9rito del Pontificio Consejo para la Promoci\u00f3n de la Unidad de los Cristianos","breadcrumb":{"@id":"https:\/\/exaudi.org\/es\/australia-pesame-papa-muerte-cardenal-cassidy-2021\/#breadcrumb"},"inLanguage":"es","potentialAction":[{"@type":"ReadAction","target":["https:\/\/exaudi.org\/es\/australia-pesame-papa-muerte-cardenal-cassidy-2021\/"]}]},{"@type":"ImageObject","inLanguage":"es","@id":"https:\/\/exaudi.org\/es\/australia-pesame-papa-muerte-cardenal-cassidy-2021\/#primaryimage","url":"https:\/\/exaudi.org\/wp-content\/uploads\/2021\/04\/EytHMneXEAk2mMB.jpg","contentUrl":"https:\/\/exaudi.org\/wp-content\/uploads\/2021\/04\/EytHMneXEAk2mMB.jpg","width":800,"height":600,"caption":"Cardenal Edward Idris Cassidy \u00a9 Colegio Cardenalicio"},{"@type":"BreadcrumbList","@id":"https:\/\/exaudi.org\/es\/australia-pesame-papa-muerte-cardenal-cassidy-2021\/#breadcrumb","itemListElement":[{"@type":"ListItem","position":1,"name":"Portada","item":"https:\/\/exaudi.org\/es\/"},{"@type":"ListItem","position":2,"name":"Australia: P\u00e9same del Papa por la muerte del cardenal Cassidy"}]},{"@type":"WebSite","@id":"https:\/\/exaudi.org\/#website","url":"https:\/\/exaudi.org\/","name":"Exaudi","description":"News","potentialAction":[{"@type":"SearchAction","target":{"@type":"EntryPoint","urlTemplate":"https:\/\/exaudi.org\/?s={search_term_string}"},"query-input":{"@type":"PropertyValueSpecification","valueRequired":true,"valueName":"search_term_string"}}],"inLanguage":"es"},{"@type":"Person","@id":"https:\/\/exaudi.org\/#\/schema\/person\/d134b96438278131ce90c90c03fda6cd","name":"Gabriel Sales","image":{"@type":"ImageObject","inLanguage":"es","@id":"https:\/\/secure.gravatar.com\/avatar\/9b1269566f6a063ed26ffb3532b66a373cdde231ce5d0effb266167437fdaffd?s=96&d=mm&r=g","url":"https:\/\/secure.gravatar.com\/avatar\/9b1269566f6a063ed26ffb3532b66a373cdde231ce5d0effb266167437fdaffd?s=96&d=mm&r=g","contentUrl":"https:\/\/secure.gravatar.com\/avatar\/9b1269566f6a063ed26ffb3532b66a373cdde231ce5d0effb266167437fdaffd?s=96&d=mm&r=g","caption":"Gabriel Sales"},"description":"Periodista y especialista en Comunicaci\u00f3n y Branding digital. Cin\u00e9filo y cr\u00edtico de cine y series de televisi\u00f3n.","sameAs":["https:\/\/www.instagram.com\/cine90segundos\/","www.linkedin.com\/in\/habemusman","https:\/\/x.com\/habemusman","https:\/\/www.youtube.com\/channel\/UCVfCiOMkJ_C7T7OpyjuaLDg"],"url":"https:\/\/exaudi.org\/es\/author\/gsalesexaudi-org\/"}]}},"jetpack_featured_media_url":"https:\/\/exaudi.org\/wp-content\/uploads\/2021\/04\/EytHMneXEAk2mMB.jpg","jetpack_shortlink":"https:\/\/wp.me\/pgKjF2-310","_links":{"self":[{"href":"https:\/\/exaudi.org\/es\/wp-json\/wp\/v2\/posts\/11594","targetHints":{"allow":["GET"]}}],"collection":[{"href":"https:\/\/exaudi.org\/es\/wp-json\/wp\/v2\/posts"}],"about":[{"href":"https:\/\/exaudi.org\/es\/wp-json\/wp\/v2\/types\/post"}],"author":[{"embeddable":true,"href":"https:\/\/exaudi.org\/es\/wp-json\/wp\/v2\/users\/6"}],"replies":[{"embeddable":true,"href":"https:\/\/exaudi.org\/es\/wp-json\/wp\/v2\/comments?post=11594"}],"version-history":[{"count":0,"href":"https:\/\/exaudi.org\/es\/wp-json\/wp\/v2\/posts\/11594\/revisions"}],"wp:featuredmedia":[{"embeddable":true,"href":"https:\/\/exaudi.org\/es\/wp-json\/wp\/v2\/media\/11613"}],"wp:attachment":[{"href":"https:\/\/exaudi.org\/es\/wp-json\/wp\/v2\/media?parent=11594"}],"wp:term":[{"taxonomy":"category","embeddable":true,"href":"https:\/\/exaudi.org\/es\/wp-json\/wp\/v2\/categories?post=11594"},{"taxonomy":"post_tag","embeddable":true,"href":"https:\/\/exaudi.org\/es\/wp-json\/wp\/v2\/tags?post=11594"}],"curies":[{"name":"wp","href":"https:\/\/api.w.org\/{rel}","templated":true}]}}