{"id":115812,"date":"2024-12-28T00:03:38","date_gmt":"2024-12-27T23:03:38","guid":{"rendered":"https:\/\/exaudi.org\/?p=115812"},"modified":"2024-12-28T11:05:13","modified_gmt":"2024-12-28T10:05:13","slug":"polonia-ataque-a-radio-maria-y-a-su-director","status":"publish","type":"post","link":"https:\/\/exaudi.org\/es\/polonia-ataque-a-radio-maria-y-a-su-director\/","title":{"rendered":"Polonia: Ataque a Radio Maria y a su director"},"content":{"rendered":"<p>Tusk no soporta a todos aquellos que se oponen a su poder, que se est\u00e1 volviendo cada vez m\u00e1s absoluto: en primer lugar, los pol\u00edticos de la oposici\u00f3n, los medios de comunicaci\u00f3n, pero tambi\u00e9n la Iglesia. Siempre hay que recordar que el gobierno que comenz\u00f3 a funcionar el 13 de diciembre de 2023 es el m\u00e1s anticlerical desde el cambio democr\u00e1tico en 1989. El primer ministro \u00abeurope\u00edsta\u00bb ha ocupado la televisi\u00f3n p\u00fablica y otros medios, luego ha destruido la fiscal\u00eda, y ahora est\u00e1 atacando a la Iglesia, que en Polonia siempre ha sido una garant\u00eda de independencia y libertad. Desde hace tiempo, el objetivo de sus ataques son los medios cat\u00f3licos fundados y gestionados por los padres redentoristas: Radio Maria, la televisi\u00f3n Trwam, el diario Nasz Dziennik, y la persona del director, el padre Tadeusz Rydzyk. Esta propaganda anticat\u00f3lica es constantemente transmitida por los medios de comunicaci\u00f3n principales y alimentada por los ataques del propio Tusk. El \u00faltimo de estos ataques personales tuvo lugar el 5 de diciembre, durante una rueda de prensa al final del encuentro de Tusk con la presidenta del Parlamento Europeo, Roberta Metsola.<\/p>\n<p>Pero recientemente ocurri\u00f3 otro hecho muy grave: a solicitud de la Fiscal\u00eda regional de Rzesz\u00f3w, los agentes del CBA (Oficina Central Anticorrupci\u00f3n) entraron ayer en la sede de la Fundaci\u00f3n Lux Veritatis, emisora de Televisi\u00f3n Trwam. No se trata de una casualidad: los agentes entraron all\u00ed para obtener los documentos relativos a la cooperaci\u00f3n de la Fundaci\u00f3n con el Ministerio de Cultura y Patrimonio Nacional para la construcci\u00f3n del Museo de la Memoria y la Identidad. El caso se refiere al procedimiento contra el exministro de Cultura Piotr Gli\u0144ski, que est\u00e1 acusado de haber subvencionado la construcci\u00f3n de dicho Museo. Si es un delito apoyar las instituciones culturales por parte del Ministerio de Cultura, estamos ante una acusaci\u00f3n absurda y muy grave. El caso es a\u00fan m\u00e1s grave teniendo en cuenta que solo afecta al museo donde se quiere presentar la historia de Polonia desde la perspectiva de Juan Pablo II. Su nombre \u00abMemoria e Identidad\u00bb remite al t\u00edtulo del libro de Juan Pablo II, que es una reflexi\u00f3n sobre la historia y el misterio del mal, encarnado en los grandes sistemas totalitarios del siglo XX como el nazismo y el comunismo, que produjeron el Holocausto, los gulags y los exterminios masivos. Es el testimonio autobiogr\u00e1fico de un hombre que luch\u00f3 por vencer el mal. Y los gobernantes actuales quer\u00edan atacar precisamente esta importante instituci\u00f3n cultural e hist\u00f3rica. Sin embargo, el ministro no ha sido acusado por haber subvencionado otro museo, el Museo POLIN (Museo de la Historia de los Jud\u00edos Polacos).<\/p>\n<p>Cabe se\u00f1alar que la Fundaci\u00f3n Lux Veritatis y la TV Trwam no son sospechosas en el caso que afecta al ministro Gli\u0144ski. Pero se busca alguna irregularidad en estas instituciones para atacar al exministro de Cultura. Tusk insin\u00faa continuamente que en estas instituciones se estaban haciendo \u00abnegocios turbios\u00bb, y desde hace varios meses las continuas inspecciones siguen en las sedes de las obras fundadas por el padre Rydzyk, inspecciones que no han encontrado ninguna irregularidad.<\/p>\n<p>No oculta su indignaci\u00f3n Mons. Wies\u0142aw Mering, obispo em\u00e9rito de W\u0142oc\u0142awek, quien dice que Tusk \u00abpone todo el aparato estatal contra el padre Rydzyk, contra Radio Maria y contra la Iglesia. Predicar la fe y evangelizar Polonia es para \u00e9l un &#8216;negocio sospechoso&#8217;. Habla con desprecio del padre director, omitiendo que se trata de un sacerdote\u00bb. \u00abEl ataque al fundador y director de Radio Maria desencadenado coincidiendo con el 33\u00ba aniversario de la fundaci\u00f3n de la emisora es muy elocuente. Ya se produjeron ataques durante el anterior gobierno de Donald Tusk: ahora han vuelto con nueva fuerza. Pero quien est\u00e1 del lado de la verdad, no debe tener miedo\u00bb &#8211; a\u00f1ade Mons. Mering.<\/p>\n<p>Las vergonzosas palabras de Tusk contra el padre Rydzyk tambi\u00e9n han sido comentadas por el profesor Janusz Kawecki, presidente del grupo de apoyo de Radio Maria: \u00abEsta afirmaci\u00f3n muestra claramente que poner el poder en manos de este hombre lleva a la destrucci\u00f3n de todo el pa\u00eds. Donald Tusk dice cada vez que Polonia necesita paz, pero antagoniza a la gente y destruye todo lo que se ha construido y que une a los polacos en una maravillosa comunidad. Su tarea como jefe del gobierno es construir, no destruir, especialmente lo que est\u00e1 en el coraz\u00f3n de los cat\u00f3licos en Polonia\u00bb.<\/p>\n<p>Y la campa\u00f1a de manipulaci\u00f3n y mentiras contra el padre Rydzyk no se detiene. En la red se puede ver el pseudo-reportaje de Rafa\u0142 Stangreciak \u00ab29 a\u00f1os de impunidad. El fen\u00f3meno del padre Tadeusz\u00bb. El material fue transmitido en enero de 2021 y posteriormente en junio de 2024 fue publicado en l\u00ednea con un nombre cambiado \u00ab32 a\u00f1os de impunidad. El fen\u00f3meno del padre Tadeusz\u00bb. Como explica el abogado del padre Rydzyk, \u00abse trata de una acci\u00f3n consciente: difusi\u00f3n constante y deliberada del mismo contenido en un nuevo empaque. La autorizaci\u00f3n para m\u00e1s repeticiones de estas mentiras son precedentes peligrosos. Cada a\u00f1o este mismo material podr\u00eda ser presentado con el t\u00edtulo cambiado. Este fen\u00f3meno merece una respuesta decidida para evitar la perpetuaci\u00f3n de la difusi\u00f3n de una imagen falsa del padre Rydzyk\u00bb. Por este motivo, la causa ha sido presentada ante el Tribunal de Distrito de Varsovia.<\/p>\n<p>A la campa\u00f1a de difamaci\u00f3n se ha sumado tambi\u00e9n la televisi\u00f3n estatal polaca, ya bajo total control del gobierno. El 13 de diciembre, TVP 1 transmiti\u00f3 el programa \u00abLa obra maestra de Rydzyk\u00bb, que presenta falsamente las circunstancias de la fundaci\u00f3n del Museo \u00abMemoria e Identidad\u00bb dedicado a San Juan Pablo II en Torun. Es un material lleno de mentiras, distorsiones y medias verdades. Tambi\u00e9n en este caso se ha decidido reaccionar: el profesor Kawecki ha presentado una denuncia al Consejo Nacional de Radio y Televisi\u00f3n (KRRT).<\/p>\n<p>Cabe decir que el Consejo Nacional de Radio y Televisi\u00f3n ya ha impuesto una multa de 142 mil PLN a la emisora TVN por haber transmitido el reportaje \u00ab29 a\u00f1os de impunidad. El fen\u00f3meno del padre Tadeusz\u00bb. La misma emisora fue castigada anteriormente por el programa \u00abV\u00eda Franciszka\u0144ska 3\u00bb, transmitido en marzo de 2023, que difamaba al Santo Padre Juan Pablo II: entonces se demostr\u00f3 que la emisora y quienes prepararon el servicio violaron la ley sobre radiodifusi\u00f3n.<\/p>\n<p>Los ataques de Tusk a los medios que no se han alineado con la l\u00ednea de su pol\u00edtica ponen en grave peligro los restos del pluralismo medi\u00e1tico en Polonia y tienen un objetivo preciso: manipular la opini\u00f3n p\u00fablica polaca de cara a las pr\u00f3ximas elecciones presidenciales que decidir\u00e1n el destino del pa\u00eds. Pero surge la pregunta: \u00ab\u00bfPor qu\u00e9 estas \u00abmaniobras\u00bb contra la libertad de expresi\u00f3n y el pluralismo medi\u00e1tico en Polonia no se notan en Bruselas?\u00bb<\/p>\n<p>&#8212;<\/p>\n<p>El texto en italiano fue publicado en La Nuova Bussola Quotidiana.<\/p>\n","protected":false},"excerpt":{"rendered":"<p>El objetivo de Tusk: silenciar los medios cat\u00f3licos<\/p>\n","protected":false},"author":85,"featured_media":115856,"comment_status":"closed","ping_status":"closed","sticky":false,"template":"","format":"standard","meta":{"_acf_changed":false,"_crdt_document":"","inline_featured_image":false,"footnotes":""},"categories":[130],"tags":[14677,38706,38699,25457,1619,38701,795,20503,20504,17413,38705,38703,5394,38700,2425,18119,36970,38702,4953,38704],"class_list":["post-115812","post","type-post","status-publish","format-standard","has-post-thumbnail","hentry","category-voces","tag-anticlericalismo","tag-anticorrupcion-en-polonia","tag-ataque-a-la-iglesia","tag-donald-tusk-2","tag-elecciones-presidenciales","tag-fundacion-lux-veritatis","tag-juan-pablo-ii","tag-libertad-de-expresion","tag-manipulacion-mediatica","tag-medios-catolicos","tag-medios-de-comunicacion-polacos","tag-museo-memoria-e-identidad","tag-persecucion-religiosa","tag-pluralismo-mediatico","tag-polonia-es","tag-radio-maria","tag-tadeusz-rydzyk-2","tag-television-trwam","tag-trending-es","tag-wloclawek"],"acf":[],"yoast_head":"<!-- This site is optimized with the Yoast SEO plugin v27.5 - https:\/\/yoast.com\/product\/yoast-seo-wordpress\/ -->\n<title>Polonia: Ataque a Radio Maria y a su director &#8211; Exaudi<\/title>\n<meta name=\"robots\" content=\"index, follow, max-snippet:-1, max-image-preview:large, max-video-preview:-1\" \/>\n<link rel=\"canonical\" href=\"https:\/\/exaudi.org\/es\/polonia-ataque-a-radio-maria-y-a-su-director\/\" \/>\n<meta property=\"og:locale\" content=\"es_ES\" \/>\n<meta property=\"og:type\" content=\"article\" \/>\n<meta property=\"og:title\" content=\"Polonia: Ataque a Radio Maria y a su director &#8211; Exaudi\" \/>\n<meta property=\"og:description\" content=\"El objetivo de Tusk: silenciar los medios cat\u00f3licos\" \/>\n<meta property=\"og:url\" content=\"https:\/\/exaudi.org\/es\/polonia-ataque-a-radio-maria-y-a-su-director\/\" \/>\n<meta property=\"og:site_name\" content=\"Exaudi\" \/>\n<meta property=\"article:publisher\" content=\"https:\/\/www.facebook.com\/ExaudiNews\" \/>\n<meta property=\"article:published_time\" content=\"2024-12-27T23:03:38+00:00\" \/>\n<meta property=\"article:modified_time\" content=\"2024-12-28T10:05:13+00:00\" \/>\n<meta property=\"og:image\" content=\"https:\/\/exaudi.org\/wp-content\/uploads\/2024\/12\/o-tadeusz-rydzyk-fot.-Tomasz-Strag-1.jpg\" \/>\n\t<meta property=\"og:image:width\" content=\"600\" \/>\n\t<meta property=\"og:image:height\" content=\"400\" \/>\n\t<meta property=\"og:image:type\" content=\"image\/jpeg\" \/>\n<meta name=\"author\" content=\"Wlodzimierz Redzioch\" \/>\n<meta name=\"twitter:card\" content=\"summary_large_image\" \/>\n<meta name=\"twitter:creator\" content=\"@Exaudi_News\" \/>\n<meta name=\"twitter:site\" content=\"@Exaudi_News\" \/>\n<meta name=\"twitter:label1\" content=\"Escrito por\" \/>\n\t<meta name=\"twitter:data1\" content=\"Wlodzimierz Redzioch\" \/>\n\t<meta name=\"twitter:label2\" content=\"Tiempo de lectura\" \/>\n\t<meta name=\"twitter:data2\" content=\"6 minutos\" \/>\n<script type=\"application\/ld+json\" class=\"yoast-schema-graph\">{\"@context\":\"https:\\\/\\\/schema.org\",\"@graph\":[{\"@type\":\"Article\",\"@id\":\"https:\\\/\\\/exaudi.org\\\/es\\\/polonia-ataque-a-radio-maria-y-a-su-director\\\/#article\",\"isPartOf\":{\"@id\":\"https:\\\/\\\/exaudi.org\\\/es\\\/polonia-ataque-a-radio-maria-y-a-su-director\\\/\"},\"author\":{\"name\":\"Wlodzimierz Redzioch\",\"@id\":\"https:\\\/\\\/exaudi.org\\\/#\\\/schema\\\/person\\\/558b6cc7524c4488c69704f46c2578e0\"},\"headline\":\"Polonia: Ataque a Radio Maria y a su director\",\"datePublished\":\"2024-12-27T23:03:38+00:00\",\"dateModified\":\"2024-12-28T10:05:13+00:00\",\"mainEntityOfPage\":{\"@id\":\"https:\\\/\\\/exaudi.org\\\/es\\\/polonia-ataque-a-radio-maria-y-a-su-director\\\/\"},\"wordCount\":1215,\"image\":{\"@id\":\"https:\\\/\\\/exaudi.org\\\/es\\\/polonia-ataque-a-radio-maria-y-a-su-director\\\/#primaryimage\"},\"thumbnailUrl\":\"https:\\\/\\\/exaudi.org\\\/wp-content\\\/uploads\\\/2024\\\/12\\\/o-tadeusz-rydzyk-fot.-Tomasz-Strag-1.jpg\",\"keywords\":[\"Anticlericalismo\",\"anticorrupci\u00f3n en Polonia\",\"ataque a la Iglesia\",\"Donald Tusk\",\"Elecciones presidenciales\",\"Fundaci\u00f3n Lux Veritatis\",\"Juan Pablo II\",\"libertad de expresi\u00f3n\",\"manipulaci\u00f3n medi\u00e1tica\",\"medios cat\u00f3licos\",\"medios de comunicaci\u00f3n polacos\",\"Museo Memoria e Identidad\",\"persecuci\u00f3n religiosa\",\"pluralismo medi\u00e1tico\",\"Polonia\",\"Radio Mar\u00eda\",\"Tadeusz Rydzyk\",\"Televisi\u00f3n Trwam\",\"Trending\",\"W\u0142oc\u0142awek\"],\"articleSection\":[\"Voces\"],\"inLanguage\":\"es\"},{\"@type\":\"WebPage\",\"@id\":\"https:\\\/\\\/exaudi.org\\\/es\\\/polonia-ataque-a-radio-maria-y-a-su-director\\\/\",\"url\":\"https:\\\/\\\/exaudi.org\\\/es\\\/polonia-ataque-a-radio-maria-y-a-su-director\\\/\",\"name\":\"Polonia: Ataque a Radio Maria y a su director &#8211; Exaudi\",\"isPartOf\":{\"@id\":\"https:\\\/\\\/exaudi.org\\\/#website\"},\"primaryImageOfPage\":{\"@id\":\"https:\\\/\\\/exaudi.org\\\/es\\\/polonia-ataque-a-radio-maria-y-a-su-director\\\/#primaryimage\"},\"image\":{\"@id\":\"https:\\\/\\\/exaudi.org\\\/es\\\/polonia-ataque-a-radio-maria-y-a-su-director\\\/#primaryimage\"},\"thumbnailUrl\":\"https:\\\/\\\/exaudi.org\\\/wp-content\\\/uploads\\\/2024\\\/12\\\/o-tadeusz-rydzyk-fot.-Tomasz-Strag-1.jpg\",\"datePublished\":\"2024-12-27T23:03:38+00:00\",\"dateModified\":\"2024-12-28T10:05:13+00:00\",\"author\":{\"@id\":\"https:\\\/\\\/exaudi.org\\\/#\\\/schema\\\/person\\\/558b6cc7524c4488c69704f46c2578e0\"},\"breadcrumb\":{\"@id\":\"https:\\\/\\\/exaudi.org\\\/es\\\/polonia-ataque-a-radio-maria-y-a-su-director\\\/#breadcrumb\"},\"inLanguage\":\"es\",\"potentialAction\":[{\"@type\":\"ReadAction\",\"target\":[\"https:\\\/\\\/exaudi.org\\\/es\\\/polonia-ataque-a-radio-maria-y-a-su-director\\\/\"]}]},{\"@type\":\"ImageObject\",\"inLanguage\":\"es\",\"@id\":\"https:\\\/\\\/exaudi.org\\\/es\\\/polonia-ataque-a-radio-maria-y-a-su-director\\\/#primaryimage\",\"url\":\"https:\\\/\\\/exaudi.org\\\/wp-content\\\/uploads\\\/2024\\\/12\\\/o-tadeusz-rydzyk-fot.-Tomasz-Strag-1.jpg\",\"contentUrl\":\"https:\\\/\\\/exaudi.org\\\/wp-content\\\/uploads\\\/2024\\\/12\\\/o-tadeusz-rydzyk-fot.-Tomasz-Strag-1.jpg\",\"width\":600,\"height\":400},{\"@type\":\"BreadcrumbList\",\"@id\":\"https:\\\/\\\/exaudi.org\\\/es\\\/polonia-ataque-a-radio-maria-y-a-su-director\\\/#breadcrumb\",\"itemListElement\":[{\"@type\":\"ListItem\",\"position\":1,\"name\":\"Portada\",\"item\":\"https:\\\/\\\/exaudi.org\\\/es\\\/\"},{\"@type\":\"ListItem\",\"position\":2,\"name\":\"Polonia: Ataque a Radio Maria y a su director\"}]},{\"@type\":\"WebSite\",\"@id\":\"https:\\\/\\\/exaudi.org\\\/#website\",\"url\":\"https:\\\/\\\/exaudi.org\\\/\",\"name\":\"Exaudi\",\"description\":\"News\",\"potentialAction\":[{\"@type\":\"SearchAction\",\"target\":{\"@type\":\"EntryPoint\",\"urlTemplate\":\"https:\\\/\\\/exaudi.org\\\/?s={search_term_string}\"},\"query-input\":{\"@type\":\"PropertyValueSpecification\",\"valueRequired\":true,\"valueName\":\"search_term_string\"}}],\"inLanguage\":\"es\"},{\"@type\":\"Person\",\"@id\":\"https:\\\/\\\/exaudi.org\\\/#\\\/schema\\\/person\\\/558b6cc7524c4488c69704f46c2578e0\",\"name\":\"Wlodzimierz Redzioch\",\"image\":{\"@type\":\"ImageObject\",\"inLanguage\":\"es\",\"@id\":\"https:\\\/\\\/secure.gravatar.com\\\/avatar\\\/6d24a03e044ad402c01b933d454ac413e287e5a6d92238dd5d98c5c6073d9b49?s=96&d=mm&r=g\",\"url\":\"https:\\\/\\\/secure.gravatar.com\\\/avatar\\\/6d24a03e044ad402c01b933d454ac413e287e5a6d92238dd5d98c5c6073d9b49?s=96&d=mm&r=g\",\"contentUrl\":\"https:\\\/\\\/secure.gravatar.com\\\/avatar\\\/6d24a03e044ad402c01b933d454ac413e287e5a6d92238dd5d98c5c6073d9b49?s=96&d=mm&r=g\",\"caption\":\"Wlodzimierz Redzioch\"},\"description\":\"Wlodzimierz Redzioch \u00e8 nato a Czestochowa (Polonia), si \u00e8 laureato in Ingegneria nel Politecnico. Dopo aver continuato gli studi nell\u2019Universit\u00e0 di Varsavia, presso l\u2019Istituto degli Studi africani, nel 1980 ha lavorato presso il Centro per i pellegrini polacchi a Roma. Dal 1981 al 2012 ha lavorato presso L\u2019Osservatore romano. Dal 1995 collabora con il settimanale cattolico polacco Niedziela come corrispondente dal Vaticano e dall\u2019Italia. Per la sua attivit\u00e0 di vaticanista il 23 settembre 2000 ha ricevuto in Polonia il premio cattolico per il giornalismo \u00abMater Verbi\u00bb; mentre il 14 luglio 2006 Sua Santit\u00e0 Benedetto XVI gli ha conferito il titolo di commendatore dell\u2019Ordine di San Silvestro papa. Autore prolifico, ha scritto diversi volumi sul Vaticano e guide ai due principali santuari mariani: Lourdes e Fatima. Promotore in Polonia del pellegrinaggio a Santiago de Compostela. In occasione della canonizzazione di Giovanni Paolo II ha pubblicato il libro \u201cAccanto a Giovanni Paolo II. Gli amici e i collaboratori raccontano\u201d (Edizioni Ares, Milano 2014), con 22 interviste, compresa la testimonianza d\u2019eccezione di Papa emerito Benedetto XVI. Nel 2024, per commemorare il 40mo anniversario dell\u2019assassinio di don Jerzy Popie\u0142uszko, ha pubblicato la sua biografia \u201cJerzy Popie\u0142uszko. Martire del comunismo\u201d (Edizioni Ares Milano 2024).\",\"url\":\"https:\\\/\\\/exaudi.org\\\/es\\\/author\\\/wlodzimierzredzioc\\\/\"}]}<\/script>\n<!-- \/ Yoast SEO plugin. -->","yoast_head_json":{"title":"Polonia: Ataque a Radio Maria y a su director &#8211; Exaudi","robots":{"index":"index","follow":"follow","max-snippet":"max-snippet:-1","max-image-preview":"max-image-preview:large","max-video-preview":"max-video-preview:-1"},"canonical":"https:\/\/exaudi.org\/es\/polonia-ataque-a-radio-maria-y-a-su-director\/","og_locale":"es_ES","og_type":"article","og_title":"Polonia: Ataque a Radio Maria y a su director &#8211; Exaudi","og_description":"El objetivo de Tusk: silenciar los medios cat\u00f3licos","og_url":"https:\/\/exaudi.org\/es\/polonia-ataque-a-radio-maria-y-a-su-director\/","og_site_name":"Exaudi","article_publisher":"https:\/\/www.facebook.com\/ExaudiNews","article_published_time":"2024-12-27T23:03:38+00:00","article_modified_time":"2024-12-28T10:05:13+00:00","og_image":[{"width":600,"height":400,"url":"https:\/\/exaudi.org\/wp-content\/uploads\/2024\/12\/o-tadeusz-rydzyk-fot.-Tomasz-Strag-1.jpg","type":"image\/jpeg"}],"author":"Wlodzimierz Redzioch","twitter_card":"summary_large_image","twitter_creator":"@Exaudi_News","twitter_site":"@Exaudi_News","twitter_misc":{"Escrito por":"Wlodzimierz Redzioch","Tiempo de lectura":"6 minutos"},"schema":{"@context":"https:\/\/schema.org","@graph":[{"@type":"Article","@id":"https:\/\/exaudi.org\/es\/polonia-ataque-a-radio-maria-y-a-su-director\/#article","isPartOf":{"@id":"https:\/\/exaudi.org\/es\/polonia-ataque-a-radio-maria-y-a-su-director\/"},"author":{"name":"Wlodzimierz Redzioch","@id":"https:\/\/exaudi.org\/#\/schema\/person\/558b6cc7524c4488c69704f46c2578e0"},"headline":"Polonia: Ataque a Radio Maria y a su director","datePublished":"2024-12-27T23:03:38+00:00","dateModified":"2024-12-28T10:05:13+00:00","mainEntityOfPage":{"@id":"https:\/\/exaudi.org\/es\/polonia-ataque-a-radio-maria-y-a-su-director\/"},"wordCount":1215,"image":{"@id":"https:\/\/exaudi.org\/es\/polonia-ataque-a-radio-maria-y-a-su-director\/#primaryimage"},"thumbnailUrl":"https:\/\/exaudi.org\/wp-content\/uploads\/2024\/12\/o-tadeusz-rydzyk-fot.-Tomasz-Strag-1.jpg","keywords":["Anticlericalismo","anticorrupci\u00f3n en Polonia","ataque a la Iglesia","Donald Tusk","Elecciones presidenciales","Fundaci\u00f3n Lux Veritatis","Juan Pablo II","libertad de expresi\u00f3n","manipulaci\u00f3n medi\u00e1tica","medios cat\u00f3licos","medios de comunicaci\u00f3n polacos","Museo Memoria e Identidad","persecuci\u00f3n religiosa","pluralismo medi\u00e1tico","Polonia","Radio Mar\u00eda","Tadeusz Rydzyk","Televisi\u00f3n Trwam","Trending","W\u0142oc\u0142awek"],"articleSection":["Voces"],"inLanguage":"es"},{"@type":"WebPage","@id":"https:\/\/exaudi.org\/es\/polonia-ataque-a-radio-maria-y-a-su-director\/","url":"https:\/\/exaudi.org\/es\/polonia-ataque-a-radio-maria-y-a-su-director\/","name":"Polonia: Ataque a Radio Maria y a su director &#8211; Exaudi","isPartOf":{"@id":"https:\/\/exaudi.org\/#website"},"primaryImageOfPage":{"@id":"https:\/\/exaudi.org\/es\/polonia-ataque-a-radio-maria-y-a-su-director\/#primaryimage"},"image":{"@id":"https:\/\/exaudi.org\/es\/polonia-ataque-a-radio-maria-y-a-su-director\/#primaryimage"},"thumbnailUrl":"https:\/\/exaudi.org\/wp-content\/uploads\/2024\/12\/o-tadeusz-rydzyk-fot.-Tomasz-Strag-1.jpg","datePublished":"2024-12-27T23:03:38+00:00","dateModified":"2024-12-28T10:05:13+00:00","author":{"@id":"https:\/\/exaudi.org\/#\/schema\/person\/558b6cc7524c4488c69704f46c2578e0"},"breadcrumb":{"@id":"https:\/\/exaudi.org\/es\/polonia-ataque-a-radio-maria-y-a-su-director\/#breadcrumb"},"inLanguage":"es","potentialAction":[{"@type":"ReadAction","target":["https:\/\/exaudi.org\/es\/polonia-ataque-a-radio-maria-y-a-su-director\/"]}]},{"@type":"ImageObject","inLanguage":"es","@id":"https:\/\/exaudi.org\/es\/polonia-ataque-a-radio-maria-y-a-su-director\/#primaryimage","url":"https:\/\/exaudi.org\/wp-content\/uploads\/2024\/12\/o-tadeusz-rydzyk-fot.-Tomasz-Strag-1.jpg","contentUrl":"https:\/\/exaudi.org\/wp-content\/uploads\/2024\/12\/o-tadeusz-rydzyk-fot.-Tomasz-Strag-1.jpg","width":600,"height":400},{"@type":"BreadcrumbList","@id":"https:\/\/exaudi.org\/es\/polonia-ataque-a-radio-maria-y-a-su-director\/#breadcrumb","itemListElement":[{"@type":"ListItem","position":1,"name":"Portada","item":"https:\/\/exaudi.org\/es\/"},{"@type":"ListItem","position":2,"name":"Polonia: Ataque a Radio Maria y a su director"}]},{"@type":"WebSite","@id":"https:\/\/exaudi.org\/#website","url":"https:\/\/exaudi.org\/","name":"Exaudi","description":"News","potentialAction":[{"@type":"SearchAction","target":{"@type":"EntryPoint","urlTemplate":"https:\/\/exaudi.org\/?s={search_term_string}"},"query-input":{"@type":"PropertyValueSpecification","valueRequired":true,"valueName":"search_term_string"}}],"inLanguage":"es"},{"@type":"Person","@id":"https:\/\/exaudi.org\/#\/schema\/person\/558b6cc7524c4488c69704f46c2578e0","name":"Wlodzimierz Redzioch","image":{"@type":"ImageObject","inLanguage":"es","@id":"https:\/\/secure.gravatar.com\/avatar\/6d24a03e044ad402c01b933d454ac413e287e5a6d92238dd5d98c5c6073d9b49?s=96&d=mm&r=g","url":"https:\/\/secure.gravatar.com\/avatar\/6d24a03e044ad402c01b933d454ac413e287e5a6d92238dd5d98c5c6073d9b49?s=96&d=mm&r=g","contentUrl":"https:\/\/secure.gravatar.com\/avatar\/6d24a03e044ad402c01b933d454ac413e287e5a6d92238dd5d98c5c6073d9b49?s=96&d=mm&r=g","caption":"Wlodzimierz Redzioch"},"description":"Wlodzimierz Redzioch \u00e8 nato a Czestochowa (Polonia), si \u00e8 laureato in Ingegneria nel Politecnico. Dopo aver continuato gli studi nell\u2019Universit\u00e0 di Varsavia, presso l\u2019Istituto degli Studi africani, nel 1980 ha lavorato presso il Centro per i pellegrini polacchi a Roma. Dal 1981 al 2012 ha lavorato presso L\u2019Osservatore romano. Dal 1995 collabora con il settimanale cattolico polacco Niedziela come corrispondente dal Vaticano e dall\u2019Italia. Per la sua attivit\u00e0 di vaticanista il 23 settembre 2000 ha ricevuto in Polonia il premio cattolico per il giornalismo \u00abMater Verbi\u00bb; mentre il 14 luglio 2006 Sua Santit\u00e0 Benedetto XVI gli ha conferito il titolo di commendatore dell\u2019Ordine di San Silvestro papa. Autore prolifico, ha scritto diversi volumi sul Vaticano e guide ai due principali santuari mariani: Lourdes e Fatima. Promotore in Polonia del pellegrinaggio a Santiago de Compostela. In occasione della canonizzazione di Giovanni Paolo II ha pubblicato il libro \u201cAccanto a Giovanni Paolo II. Gli amici e i collaboratori raccontano\u201d (Edizioni Ares, Milano 2014), con 22 interviste, compresa la testimonianza d\u2019eccezione di Papa emerito Benedetto XVI. Nel 2024, per commemorare il 40mo anniversario dell\u2019assassinio di don Jerzy Popie\u0142uszko, ha pubblicato la sua biografia \u201cJerzy Popie\u0142uszko. Martire del comunismo\u201d (Edizioni Ares Milano 2024).","url":"https:\/\/exaudi.org\/es\/author\/wlodzimierzredzioc\/"}]}},"jetpack_featured_media_url":"https:\/\/exaudi.org\/wp-content\/uploads\/2024\/12\/o-tadeusz-rydzyk-fot.-Tomasz-Strag-1.jpg","jetpack_shortlink":"https:\/\/wp.me\/pgKjF2-u7W","_links":{"self":[{"href":"https:\/\/exaudi.org\/es\/wp-json\/wp\/v2\/posts\/115812","targetHints":{"allow":["GET"]}}],"collection":[{"href":"https:\/\/exaudi.org\/es\/wp-json\/wp\/v2\/posts"}],"about":[{"href":"https:\/\/exaudi.org\/es\/wp-json\/wp\/v2\/types\/post"}],"author":[{"embeddable":true,"href":"https:\/\/exaudi.org\/es\/wp-json\/wp\/v2\/users\/85"}],"replies":[{"embeddable":true,"href":"https:\/\/exaudi.org\/es\/wp-json\/wp\/v2\/comments?post=115812"}],"version-history":[{"count":0,"href":"https:\/\/exaudi.org\/es\/wp-json\/wp\/v2\/posts\/115812\/revisions"}],"wp:featuredmedia":[{"embeddable":true,"href":"https:\/\/exaudi.org\/es\/wp-json\/wp\/v2\/media\/115856"}],"wp:attachment":[{"href":"https:\/\/exaudi.org\/es\/wp-json\/wp\/v2\/media?parent=115812"}],"wp:term":[{"taxonomy":"category","embeddable":true,"href":"https:\/\/exaudi.org\/es\/wp-json\/wp\/v2\/categories?post=115812"},{"taxonomy":"post_tag","embeddable":true,"href":"https:\/\/exaudi.org\/es\/wp-json\/wp\/v2\/tags?post=115812"}],"curies":[{"name":"wp","href":"https:\/\/api.w.org\/{rel}","templated":true}]}}