{"id":115580,"date":"2024-12-23T11:32:17","date_gmt":"2024-12-23T10:32:17","guid":{"rendered":"https:\/\/exaudi.org\/?p=115580"},"modified":"2024-12-23T11:33:37","modified_gmt":"2024-12-23T10:33:37","slug":"elisa-un-milagro-de-luz-en-la-oscuridad-una-historia-que-trasciende-el-tiempo","status":"publish","type":"post","link":"https:\/\/exaudi.org\/es\/elisa-un-milagro-de-luz-en-la-oscuridad-una-historia-que-trasciende-el-tiempo\/","title":{"rendered":"Elisa, un milagro de luz en la oscuridad: una historia que trasciende el tiempo"},"content":{"rendered":"<div id=\"m#msg-f:1819223350271529170\" class=\"mail-message expanded\">\n<div class=\"mail-message-header spacer\">Una historia que ilumina como una peque\u00f1a cerillera.<\/div>\n<div><\/div>\n<div><\/div>\n<div class=\"mail-message-header spacer\">Cuando llegan las fechas navide\u00f1as, es com\u00fan que nuestra memoria recupere cuentos inolvidables. Historias que, aunque parezcan \u00fanicas, pueden repetirse con nuevas formas de esperanza. Una de ellas, sin duda especial, es \u00abLa peque\u00f1a cerillera\u00bb de Hans Christian Andersen.<\/div>\n<div id=\"m#msg-f:1819223350271529170-content\" class=\"mail-message-content collapsible zoom-normal mail-show-images \">\n<div class=\"clear\">\n<div dir=\"auto\">\n<div dir=\"auto\"><\/div>\n<div dir=\"auto\">En esta obra, el autor dan\u00e9s relata c\u00f3mo, en una fr\u00eda Nochebuena, una peque\u00f1a vendedora de cerillas, agotada y sola, se apaga poco a poco, hasta ser recibida en los brazos c\u00e1lidos de quienes la esperan en el Cielo. Y al pensar en este cuento, en la dulzura con la que la peque\u00f1a se despide, no puedo evitar recordar a Elisa. Perm\u00edteme contarte su historia.<\/div>\n<h3 dir=\"auto\"><strong>El inicio de un milagro<\/strong><\/h3>\n<div dir=\"auto\">Elisa era el tercer beb\u00e9 que Patricia y Ant\u00f3n esperaban con ilusi\u00f3n. Sus dos hermanas mayores estaban listas para recibirla con amor y ternura. Sin embargo, en la tercera ecograf\u00eda, los sue\u00f1os comenzaron a tambalearse: los m\u00e9dicos detectaron una anomal\u00eda en la traslucencia nucal, lo que apuntaba a una posible cardiopat\u00eda o una variaci\u00f3n cromos\u00f3mica. Tras varias pruebas, el diagn\u00f3stico fue devastador: s\u00edndrome de Edwards (trisom\u00eda 18).<\/div>\n<div dir=\"auto\"><\/div>\n<div dir=\"auto\">Esta condici\u00f3n, seg\u00fan las estad\u00edsticas, no es \u00abcompatible con la vida\u00bb. Pero Patricia y Ant\u00f3n decidieron confiar en el tiempo que el Cielo les concediera con su hija.<\/div>\n<h3 dir=\"auto\"><strong>La resistencia a la esperanza<\/strong><\/h3>\n<div dir=\"auto\">En el hospital, la decisi\u00f3n de la familia de continuar con el embarazo no fue comprendida. Para muchos, lo \u00abl\u00f3gico\u00bb era evitar un sufrimiento inevitable. Pero Elisa ten\u00eda un prop\u00f3sito, al igual que la peque\u00f1a cerillera: demostrar que, incluso en la brevedad, la vida puede ser significativa.<\/div>\n<h3 dir=\"auto\"><strong>Entre ogros y hadas madrinas<\/strong><\/h3>\n<div dir=\"auto\">Los ogros y las hadas de esta historia vest\u00edan batas blancas. Algunos m\u00e9dicos dijeron que no estaban preparados para recibirla y que no har\u00edan nada por ella si nac\u00eda. Sin embargo, en medio de esta adversidad, hubo quienes se convirtieron en las hadas madrinas de Elisa.<\/div>\n<div dir=\"auto\"><\/div>\n<div dir=\"auto\">Gracias a una cardiopat\u00eda compleja, la tetralog\u00eda de Fallot, el caso de Elisa lleg\u00f3 a manos de un cardi\u00f3logo que les ofreci\u00f3 una peque\u00f1a luz de esperanza. As\u00ed, la familia lleg\u00f3 al Hospital Materno-Infantil de La Coru\u00f1a, donde encontraron un equipo dispuesto a tratar a Elisa como lo que era: una ni\u00f1a \u00fanica, con una historia por contar.<\/div>\n<h3 dir=\"auto\"><strong>Un trato lleno de humanidad<\/strong><\/h3>\n<div dir=\"auto\">Patricia recuerda con gratitud las palabras del jefe de neonatolog\u00eda:<\/div>\n<div dir=\"auto\">\u00abDesde el primer momento, me dej\u00f3 claro que mi hija no era un diagn\u00f3stico, no era una trisom\u00eda, era Elisa, un beb\u00e9 m\u00e1s, y que le dar\u00edan lo mejor durante el tiempo que estuviera con nosotros.\u00bb<\/div>\n<div dir=\"auto\"><\/div>\n<div dir=\"auto\">Estas palabras, llenas de humanidad, contrastaban con la frialdad de quienes antes no ofrecieron m\u00e1s que estad\u00edsticas desalentadoras.<\/div>\n<h3 dir=\"auto\"><strong>Elisa desaf\u00eda los pron\u00f3sticos<\/strong><\/h3>\n<div dir=\"auto\">Elisa naci\u00f3 el 20 de marzo, convirti\u00e9ndose en el primer beb\u00e9 con trisom\u00eda 18 en nacer en ese hospital en este siglo. Contra todo pron\u00f3stico, no solo sobrevivi\u00f3 al parto, sino que pudo irse a casa con su familia. Era peque\u00f1a, fr\u00e1gil, pero hermosa.<\/div>\n<h3 dir=\"auto\"><strong>Una despedida dulce y amorosa<\/strong><\/h3>\n<div dir=\"auto\"><\/div>\n<div dir=\"auto\">En casa, el equipo de cuidados paliativos les brind\u00f3 apoyo constante. Cuando lleg\u00f3 el momento, Patricia tuvo la oportunidad de tomar la decisi\u00f3n m\u00e1s dif\u00edcil pero amorosa: acompa\u00f1ar a Elisa en sus \u00faltimos instantes.<\/div>\n<div dir=\"auto\"><\/div>\n<div dir=\"auto\">\u00abQuer\u00eda ser yo quien, de brazos a brazos, la pasase a su Madre del Cielo,\u00bb recuerda Patricia. Y as\u00ed, el 22 de junio, Elisa se apag\u00f3 suavemente, dejando una lecci\u00f3n imborrable en todos los que la conocieron.<\/div>\n<h3 dir=\"auto\"><strong>Un legado de esperanza<\/strong><\/h3>\n<div dir=\"auto\">Elisa no solo cambi\u00f3 la vida de su familia, sino tambi\u00e9n la de un m\u00e9dico que, hasta entonces, recomendaba la interrupci\u00f3n del embarazo en casos como el suyo. Hoy, este profesional reconoce que existe otro camino, uno lleno de amor, respeto y confianza en lo que no siempre podemos controlar.<\/div>\n<div dir=\"auto\"><\/div>\n<div dir=\"auto\">La historia de Elisa, como la de la peque\u00f1a cerillera, nos recuerda que incluso en la brevedad, la vida puede iluminar los corazones de quienes est\u00e1n dispuestos a recibirla.<\/div>\n<div dir=\"auto\"><\/div>\n<div dir=\"auto\"><\/div>\n<\/div>\n<\/div>\n<\/div>\n<div class=\"mail-message-footer spacer collapsible\"><\/div>\n<\/div>\n","protected":false},"excerpt":{"rendered":"<p>Como la peque\u00f1a cerillera, Elisa demostr\u00f3 que la vida, aunque breve, puede dejar una huella eterna de esperanza y amor<\/p>\n","protected":false},"author":148,"featured_media":115582,"comment_status":"closed","ping_status":"closed","sticky":false,"template":"","format":"standard","meta":{"_acf_changed":false,"_crdt_document":"","inline_featured_image":false,"footnotes":""},"categories":[130],"tags":[32623,1761,38255,2394,38250,624,38252,38259,38257,2226,38260,21881,10358,38261,4700,38251,38253,38256,4953,38254,38258],"class_list":["post-115580","post","type-post","status-publish","format-standard","has-post-thumbnail","hentry","category-voces","tag-adviento-2024","tag-amor","tag-cardiopatia","tag-cuidados-paliativos","tag-elisa","tag-esperanza","tag-hans-christian-andersen","tag-historia-inspiradora","tag-hospital-materno-infantil-de-la-coruna","tag-humanidad","tag-legado-de-esperanza","tag-mar-dorrio","tag-milagro","tag-milagros-navidenos","tag-navidad","tag-pequena-cerillera","tag-sindrome-de-edwards","tag-tetralogia-de-fallot","tag-trending-es","tag-trisomia-18","tag-vida-breve"],"acf":[],"yoast_head":"<!-- This site is optimized with the Yoast SEO plugin v27.4 - https:\/\/yoast.com\/product\/yoast-seo-wordpress\/ -->\n<title>Elisa, un milagro de luz en la oscuridad: una historia que trasciende el tiempo &#8211; Exaudi<\/title>\n<meta name=\"robots\" content=\"index, follow, max-snippet:-1, max-image-preview:large, max-video-preview:-1\" \/>\n<link rel=\"canonical\" href=\"https:\/\/exaudi.org\/es\/elisa-un-milagro-de-luz-en-la-oscuridad-una-historia-que-trasciende-el-tiempo\/\" \/>\n<meta property=\"og:locale\" content=\"es_ES\" \/>\n<meta property=\"og:type\" content=\"article\" \/>\n<meta property=\"og:title\" content=\"Elisa, un milagro de luz en la oscuridad: una historia que trasciende el tiempo &#8211; Exaudi\" \/>\n<meta property=\"og:description\" content=\"Como la peque\u00f1a cerillera, Elisa demostr\u00f3 que la vida, aunque breve, puede dejar una huella eterna de esperanza y amor\" \/>\n<meta property=\"og:url\" content=\"https:\/\/exaudi.org\/es\/elisa-un-milagro-de-luz-en-la-oscuridad-una-historia-que-trasciende-el-tiempo\/\" \/>\n<meta property=\"og:site_name\" content=\"Exaudi\" \/>\n<meta property=\"article:publisher\" content=\"https:\/\/www.facebook.com\/ExaudiNews\" \/>\n<meta property=\"article:published_time\" content=\"2024-12-23T10:32:17+00:00\" \/>\n<meta property=\"article:modified_time\" content=\"2024-12-23T10:33:37+00:00\" \/>\n<meta property=\"og:image\" content=\"https:\/\/exaudi.org\/wp-content\/uploads\/2024\/12\/pexels-pixabay-159466-scaled.jpg\" \/>\n\t<meta property=\"og:image:width\" content=\"2560\" \/>\n\t<meta property=\"og:image:height\" content=\"1707\" \/>\n\t<meta property=\"og:image:type\" content=\"image\/jpeg\" \/>\n<meta name=\"author\" content=\"Mar Dorrio\" \/>\n<meta name=\"twitter:card\" content=\"summary_large_image\" \/>\n<meta name=\"twitter:creator\" content=\"@Exaudi_News\" \/>\n<meta name=\"twitter:site\" content=\"@Exaudi_News\" \/>\n<meta name=\"twitter:label1\" content=\"Escrito por\" \/>\n\t<meta name=\"twitter:data1\" content=\"Mar Dorrio\" \/>\n\t<meta name=\"twitter:label2\" content=\"Tiempo de lectura\" \/>\n\t<meta name=\"twitter:data2\" content=\"4 minutos\" \/>\n<script type=\"application\/ld+json\" class=\"yoast-schema-graph\">{\"@context\":\"https:\\\/\\\/schema.org\",\"@graph\":[{\"@type\":\"Article\",\"@id\":\"https:\\\/\\\/exaudi.org\\\/es\\\/elisa-un-milagro-de-luz-en-la-oscuridad-una-historia-que-trasciende-el-tiempo\\\/#article\",\"isPartOf\":{\"@id\":\"https:\\\/\\\/exaudi.org\\\/es\\\/elisa-un-milagro-de-luz-en-la-oscuridad-una-historia-que-trasciende-el-tiempo\\\/\"},\"author\":{\"name\":\"Mar Dorrio\",\"@id\":\"https:\\\/\\\/exaudi.org\\\/#\\\/schema\\\/person\\\/190063d92b4c81e4169e81af30a8b9db\"},\"headline\":\"Elisa, un milagro de luz en la oscuridad: una historia que trasciende el tiempo\",\"datePublished\":\"2024-12-23T10:32:17+00:00\",\"dateModified\":\"2024-12-23T10:33:37+00:00\",\"mainEntityOfPage\":{\"@id\":\"https:\\\/\\\/exaudi.org\\\/es\\\/elisa-un-milagro-de-luz-en-la-oscuridad-una-historia-que-trasciende-el-tiempo\\\/\"},\"wordCount\":726,\"image\":{\"@id\":\"https:\\\/\\\/exaudi.org\\\/es\\\/elisa-un-milagro-de-luz-en-la-oscuridad-una-historia-que-trasciende-el-tiempo\\\/#primaryimage\"},\"thumbnailUrl\":\"https:\\\/\\\/exaudi.org\\\/wp-content\\\/uploads\\\/2024\\\/12\\\/pexels-pixabay-159466-scaled.jpg\",\"keywords\":[\"adviento 2024\",\"Amor\",\"cardiopat\u00eda\",\"Cuidados paliativos\",\"Elisa\",\"Esperanza\",\"Hans Christian Andersen\",\"historia inspiradora\",\"Hospital Materno-Infantil de La Coru\u00f1a\",\"Humanidad\",\"legado de esperanza\",\"Mar Dorrio\",\"Milagro\",\"milagros navide\u00f1os\",\"navidad\",\"peque\u00f1a cerillera\",\"s\u00edndrome de Edwards\",\"tetralog\u00eda de Fallot\",\"Trending\",\"trisom\u00eda 18\",\"vida breve\"],\"articleSection\":[\"Voces\"],\"inLanguage\":\"es\"},{\"@type\":\"WebPage\",\"@id\":\"https:\\\/\\\/exaudi.org\\\/es\\\/elisa-un-milagro-de-luz-en-la-oscuridad-una-historia-que-trasciende-el-tiempo\\\/\",\"url\":\"https:\\\/\\\/exaudi.org\\\/es\\\/elisa-un-milagro-de-luz-en-la-oscuridad-una-historia-que-trasciende-el-tiempo\\\/\",\"name\":\"Elisa, un milagro de luz en la oscuridad: una historia que trasciende el tiempo &#8211; Exaudi\",\"isPartOf\":{\"@id\":\"https:\\\/\\\/exaudi.org\\\/#website\"},\"primaryImageOfPage\":{\"@id\":\"https:\\\/\\\/exaudi.org\\\/es\\\/elisa-un-milagro-de-luz-en-la-oscuridad-una-historia-que-trasciende-el-tiempo\\\/#primaryimage\"},\"image\":{\"@id\":\"https:\\\/\\\/exaudi.org\\\/es\\\/elisa-un-milagro-de-luz-en-la-oscuridad-una-historia-que-trasciende-el-tiempo\\\/#primaryimage\"},\"thumbnailUrl\":\"https:\\\/\\\/exaudi.org\\\/wp-content\\\/uploads\\\/2024\\\/12\\\/pexels-pixabay-159466-scaled.jpg\",\"datePublished\":\"2024-12-23T10:32:17+00:00\",\"dateModified\":\"2024-12-23T10:33:37+00:00\",\"author\":{\"@id\":\"https:\\\/\\\/exaudi.org\\\/#\\\/schema\\\/person\\\/190063d92b4c81e4169e81af30a8b9db\"},\"breadcrumb\":{\"@id\":\"https:\\\/\\\/exaudi.org\\\/es\\\/elisa-un-milagro-de-luz-en-la-oscuridad-una-historia-que-trasciende-el-tiempo\\\/#breadcrumb\"},\"inLanguage\":\"es\",\"potentialAction\":[{\"@type\":\"ReadAction\",\"target\":[\"https:\\\/\\\/exaudi.org\\\/es\\\/elisa-un-milagro-de-luz-en-la-oscuridad-una-historia-que-trasciende-el-tiempo\\\/\"]}]},{\"@type\":\"ImageObject\",\"inLanguage\":\"es\",\"@id\":\"https:\\\/\\\/exaudi.org\\\/es\\\/elisa-un-milagro-de-luz-en-la-oscuridad-una-historia-que-trasciende-el-tiempo\\\/#primaryimage\",\"url\":\"https:\\\/\\\/exaudi.org\\\/wp-content\\\/uploads\\\/2024\\\/12\\\/pexels-pixabay-159466-scaled.jpg\",\"contentUrl\":\"https:\\\/\\\/exaudi.org\\\/wp-content\\\/uploads\\\/2024\\\/12\\\/pexels-pixabay-159466-scaled.jpg\",\"width\":2560,\"height\":1707},{\"@type\":\"BreadcrumbList\",\"@id\":\"https:\\\/\\\/exaudi.org\\\/es\\\/elisa-un-milagro-de-luz-en-la-oscuridad-una-historia-que-trasciende-el-tiempo\\\/#breadcrumb\",\"itemListElement\":[{\"@type\":\"ListItem\",\"position\":1,\"name\":\"Portada\",\"item\":\"https:\\\/\\\/exaudi.org\\\/es\\\/\"},{\"@type\":\"ListItem\",\"position\":2,\"name\":\"Elisa, un milagro de luz en la oscuridad: una historia que trasciende el tiempo\"}]},{\"@type\":\"WebSite\",\"@id\":\"https:\\\/\\\/exaudi.org\\\/#website\",\"url\":\"https:\\\/\\\/exaudi.org\\\/\",\"name\":\"Exaudi\",\"description\":\"News\",\"potentialAction\":[{\"@type\":\"SearchAction\",\"target\":{\"@type\":\"EntryPoint\",\"urlTemplate\":\"https:\\\/\\\/exaudi.org\\\/?s={search_term_string}\"},\"query-input\":{\"@type\":\"PropertyValueSpecification\",\"valueRequired\":true,\"valueName\":\"search_term_string\"}}],\"inLanguage\":\"es\"},{\"@type\":\"Person\",\"@id\":\"https:\\\/\\\/exaudi.org\\\/#\\\/schema\\\/person\\\/190063d92b4c81e4169e81af30a8b9db\",\"name\":\"Mar Dorrio\",\"image\":{\"@type\":\"ImageObject\",\"inLanguage\":\"es\",\"@id\":\"https:\\\/\\\/secure.gravatar.com\\\/avatar\\\/e83dfcdce3efd6639efe212c38daa01e5377afde4390bfc27b30d803ee0b7fa5?s=96&d=mm&r=g\",\"url\":\"https:\\\/\\\/secure.gravatar.com\\\/avatar\\\/e83dfcdce3efd6639efe212c38daa01e5377afde4390bfc27b30d803ee0b7fa5?s=96&d=mm&r=g\",\"contentUrl\":\"https:\\\/\\\/secure.gravatar.com\\\/avatar\\\/e83dfcdce3efd6639efe212c38daa01e5377afde4390bfc27b30d803ee0b7fa5?s=96&d=mm&r=g\",\"caption\":\"Mar Dorrio\"},\"description\":\"Ser madre de 12 hijos hace que tenga experiencia en psicolog\u00eda, enfermer\u00eda, restauraci\u00f3n, decoraci\u00f3n, organizaci\u00f3n de eventos, coaching de superaci\u00f3n... Y todo regado con la capacidad de trabajo que te da estar disponible las 24 horas del d\u00eda durante 25 a\u00f1os. Con la ilusi\u00f3n de compartir tantas vivencias, cre\u00e9 la cuenta @whynottwelve, actualmente con m\u00e1s de 11.000 seguidores, y la actividad sin \u00e1nimo de lucro \\\"Caf\u00e9 de los Viernes\\\", que consiste en la organizaci\u00f3n de caf\u00e9s simult\u00e1neos en casas particulares de diversas ciudades del mundo, en los que se ofrece, a trav\u00e9s de internet, un testimonio que pretende ayudar a los participantes a acercarse a Dios y a mejorar sus vidas.\",\"sameAs\":[\"https:\\\/\\\/www.instagram.com\\\/whynottwelve\\\/?hl=es\",\"https:\\\/youtu.be\\\/_QDuXCRFK4\"],\"url\":\"https:\\\/\\\/exaudi.org\\\/es\\\/author\\\/mar-dorrio\\\/\"}]}<\/script>\n<!-- \/ Yoast SEO plugin. -->","yoast_head_json":{"title":"Elisa, un milagro de luz en la oscuridad: una historia que trasciende el tiempo &#8211; Exaudi","robots":{"index":"index","follow":"follow","max-snippet":"max-snippet:-1","max-image-preview":"max-image-preview:large","max-video-preview":"max-video-preview:-1"},"canonical":"https:\/\/exaudi.org\/es\/elisa-un-milagro-de-luz-en-la-oscuridad-una-historia-que-trasciende-el-tiempo\/","og_locale":"es_ES","og_type":"article","og_title":"Elisa, un milagro de luz en la oscuridad: una historia que trasciende el tiempo &#8211; Exaudi","og_description":"Como la peque\u00f1a cerillera, Elisa demostr\u00f3 que la vida, aunque breve, puede dejar una huella eterna de esperanza y amor","og_url":"https:\/\/exaudi.org\/es\/elisa-un-milagro-de-luz-en-la-oscuridad-una-historia-que-trasciende-el-tiempo\/","og_site_name":"Exaudi","article_publisher":"https:\/\/www.facebook.com\/ExaudiNews","article_published_time":"2024-12-23T10:32:17+00:00","article_modified_time":"2024-12-23T10:33:37+00:00","og_image":[{"width":2560,"height":1707,"url":"https:\/\/exaudi.org\/wp-content\/uploads\/2024\/12\/pexels-pixabay-159466-scaled.jpg","type":"image\/jpeg"}],"author":"Mar Dorrio","twitter_card":"summary_large_image","twitter_creator":"@Exaudi_News","twitter_site":"@Exaudi_News","twitter_misc":{"Escrito por":"Mar Dorrio","Tiempo de lectura":"4 minutos"},"schema":{"@context":"https:\/\/schema.org","@graph":[{"@type":"Article","@id":"https:\/\/exaudi.org\/es\/elisa-un-milagro-de-luz-en-la-oscuridad-una-historia-que-trasciende-el-tiempo\/#article","isPartOf":{"@id":"https:\/\/exaudi.org\/es\/elisa-un-milagro-de-luz-en-la-oscuridad-una-historia-que-trasciende-el-tiempo\/"},"author":{"name":"Mar Dorrio","@id":"https:\/\/exaudi.org\/#\/schema\/person\/190063d92b4c81e4169e81af30a8b9db"},"headline":"Elisa, un milagro de luz en la oscuridad: una historia que trasciende el tiempo","datePublished":"2024-12-23T10:32:17+00:00","dateModified":"2024-12-23T10:33:37+00:00","mainEntityOfPage":{"@id":"https:\/\/exaudi.org\/es\/elisa-un-milagro-de-luz-en-la-oscuridad-una-historia-que-trasciende-el-tiempo\/"},"wordCount":726,"image":{"@id":"https:\/\/exaudi.org\/es\/elisa-un-milagro-de-luz-en-la-oscuridad-una-historia-que-trasciende-el-tiempo\/#primaryimage"},"thumbnailUrl":"https:\/\/exaudi.org\/wp-content\/uploads\/2024\/12\/pexels-pixabay-159466-scaled.jpg","keywords":["adviento 2024","Amor","cardiopat\u00eda","Cuidados paliativos","Elisa","Esperanza","Hans Christian Andersen","historia inspiradora","Hospital Materno-Infantil de La Coru\u00f1a","Humanidad","legado de esperanza","Mar Dorrio","Milagro","milagros navide\u00f1os","navidad","peque\u00f1a cerillera","s\u00edndrome de Edwards","tetralog\u00eda de Fallot","Trending","trisom\u00eda 18","vida breve"],"articleSection":["Voces"],"inLanguage":"es"},{"@type":"WebPage","@id":"https:\/\/exaudi.org\/es\/elisa-un-milagro-de-luz-en-la-oscuridad-una-historia-que-trasciende-el-tiempo\/","url":"https:\/\/exaudi.org\/es\/elisa-un-milagro-de-luz-en-la-oscuridad-una-historia-que-trasciende-el-tiempo\/","name":"Elisa, un milagro de luz en la oscuridad: una historia que trasciende el tiempo &#8211; Exaudi","isPartOf":{"@id":"https:\/\/exaudi.org\/#website"},"primaryImageOfPage":{"@id":"https:\/\/exaudi.org\/es\/elisa-un-milagro-de-luz-en-la-oscuridad-una-historia-que-trasciende-el-tiempo\/#primaryimage"},"image":{"@id":"https:\/\/exaudi.org\/es\/elisa-un-milagro-de-luz-en-la-oscuridad-una-historia-que-trasciende-el-tiempo\/#primaryimage"},"thumbnailUrl":"https:\/\/exaudi.org\/wp-content\/uploads\/2024\/12\/pexels-pixabay-159466-scaled.jpg","datePublished":"2024-12-23T10:32:17+00:00","dateModified":"2024-12-23T10:33:37+00:00","author":{"@id":"https:\/\/exaudi.org\/#\/schema\/person\/190063d92b4c81e4169e81af30a8b9db"},"breadcrumb":{"@id":"https:\/\/exaudi.org\/es\/elisa-un-milagro-de-luz-en-la-oscuridad-una-historia-que-trasciende-el-tiempo\/#breadcrumb"},"inLanguage":"es","potentialAction":[{"@type":"ReadAction","target":["https:\/\/exaudi.org\/es\/elisa-un-milagro-de-luz-en-la-oscuridad-una-historia-que-trasciende-el-tiempo\/"]}]},{"@type":"ImageObject","inLanguage":"es","@id":"https:\/\/exaudi.org\/es\/elisa-un-milagro-de-luz-en-la-oscuridad-una-historia-que-trasciende-el-tiempo\/#primaryimage","url":"https:\/\/exaudi.org\/wp-content\/uploads\/2024\/12\/pexels-pixabay-159466-scaled.jpg","contentUrl":"https:\/\/exaudi.org\/wp-content\/uploads\/2024\/12\/pexels-pixabay-159466-scaled.jpg","width":2560,"height":1707},{"@type":"BreadcrumbList","@id":"https:\/\/exaudi.org\/es\/elisa-un-milagro-de-luz-en-la-oscuridad-una-historia-que-trasciende-el-tiempo\/#breadcrumb","itemListElement":[{"@type":"ListItem","position":1,"name":"Portada","item":"https:\/\/exaudi.org\/es\/"},{"@type":"ListItem","position":2,"name":"Elisa, un milagro de luz en la oscuridad: una historia que trasciende el tiempo"}]},{"@type":"WebSite","@id":"https:\/\/exaudi.org\/#website","url":"https:\/\/exaudi.org\/","name":"Exaudi","description":"News","potentialAction":[{"@type":"SearchAction","target":{"@type":"EntryPoint","urlTemplate":"https:\/\/exaudi.org\/?s={search_term_string}"},"query-input":{"@type":"PropertyValueSpecification","valueRequired":true,"valueName":"search_term_string"}}],"inLanguage":"es"},{"@type":"Person","@id":"https:\/\/exaudi.org\/#\/schema\/person\/190063d92b4c81e4169e81af30a8b9db","name":"Mar Dorrio","image":{"@type":"ImageObject","inLanguage":"es","@id":"https:\/\/secure.gravatar.com\/avatar\/e83dfcdce3efd6639efe212c38daa01e5377afde4390bfc27b30d803ee0b7fa5?s=96&d=mm&r=g","url":"https:\/\/secure.gravatar.com\/avatar\/e83dfcdce3efd6639efe212c38daa01e5377afde4390bfc27b30d803ee0b7fa5?s=96&d=mm&r=g","contentUrl":"https:\/\/secure.gravatar.com\/avatar\/e83dfcdce3efd6639efe212c38daa01e5377afde4390bfc27b30d803ee0b7fa5?s=96&d=mm&r=g","caption":"Mar Dorrio"},"description":"Ser madre de 12 hijos hace que tenga experiencia en psicolog\u00eda, enfermer\u00eda, restauraci\u00f3n, decoraci\u00f3n, organizaci\u00f3n de eventos, coaching de superaci\u00f3n... Y todo regado con la capacidad de trabajo que te da estar disponible las 24 horas del d\u00eda durante 25 a\u00f1os. Con la ilusi\u00f3n de compartir tantas vivencias, cre\u00e9 la cuenta @whynottwelve, actualmente con m\u00e1s de 11.000 seguidores, y la actividad sin \u00e1nimo de lucro \"Caf\u00e9 de los Viernes\", que consiste en la organizaci\u00f3n de caf\u00e9s simult\u00e1neos en casas particulares de diversas ciudades del mundo, en los que se ofrece, a trav\u00e9s de internet, un testimonio que pretende ayudar a los participantes a acercarse a Dios y a mejorar sus vidas.","sameAs":["https:\/\/www.instagram.com\/whynottwelve\/?hl=es","https:\/youtu.be\/_QDuXCRFK4"],"url":"https:\/\/exaudi.org\/es\/author\/mar-dorrio\/"}]}},"jetpack_featured_media_url":"https:\/\/exaudi.org\/wp-content\/uploads\/2024\/12\/pexels-pixabay-159466-scaled.jpg","jetpack_shortlink":"https:\/\/wp.me\/pgKjF2-u4c","_links":{"self":[{"href":"https:\/\/exaudi.org\/es\/wp-json\/wp\/v2\/posts\/115580","targetHints":{"allow":["GET"]}}],"collection":[{"href":"https:\/\/exaudi.org\/es\/wp-json\/wp\/v2\/posts"}],"about":[{"href":"https:\/\/exaudi.org\/es\/wp-json\/wp\/v2\/types\/post"}],"author":[{"embeddable":true,"href":"https:\/\/exaudi.org\/es\/wp-json\/wp\/v2\/users\/148"}],"replies":[{"embeddable":true,"href":"https:\/\/exaudi.org\/es\/wp-json\/wp\/v2\/comments?post=115580"}],"version-history":[{"count":0,"href":"https:\/\/exaudi.org\/es\/wp-json\/wp\/v2\/posts\/115580\/revisions"}],"wp:featuredmedia":[{"embeddable":true,"href":"https:\/\/exaudi.org\/es\/wp-json\/wp\/v2\/media\/115582"}],"wp:attachment":[{"href":"https:\/\/exaudi.org\/es\/wp-json\/wp\/v2\/media?parent=115580"}],"wp:term":[{"taxonomy":"category","embeddable":true,"href":"https:\/\/exaudi.org\/es\/wp-json\/wp\/v2\/categories?post=115580"},{"taxonomy":"post_tag","embeddable":true,"href":"https:\/\/exaudi.org\/es\/wp-json\/wp\/v2\/tags?post=115580"}],"curies":[{"name":"wp","href":"https:\/\/api.w.org\/{rel}","templated":true}]}}