{"id":115339,"date":"2025-12-21T08:00:43","date_gmt":"2025-12-21T07:00:43","guid":{"rendered":"https:\/\/exaudi.org\/?p=115339"},"modified":"2025-11-23T19:37:42","modified_gmt":"2025-11-23T18:37:42","slug":"los-pastores-y-el-resplandor-divino","status":"publish","type":"post","link":"https:\/\/exaudi.org\/es\/los-pastores-y-el-resplandor-divino\/","title":{"rendered":"Los Pastores y el resplandor Divino"},"content":{"rendered":"<p>Mientras los pastores Marta, Sara, Mat\u00edas y Zabul\u00f3n dorm\u00edan al aire libre con sus ovejas, un resplandor divino los despert\u00f3. Los \u00e1ngeles, con sus voces melodiosas, anunciaron: \u00abNo tem\u00e1is. Mirad que os anunciamos una gran alegr\u00eda, que lo ser\u00e1 para todo el pueblo. Hoy os ha nacido un Salvador, que es el Cristo Se\u00f1or, en la ciudad de David.\u00bb Los pastores, asombrados, no pod\u00edan creer lo que estaban escuchando. Marta, la m\u00e1s valiente, exclam\u00f3: \u00ab\u00a1Sara, despierta, despierta!\u00bb Sara, se\u00f1alando al \u00e1ngel, grit\u00f3: \u00ab\u00a1\u00a1\u00a1 Mira!!!\u00bb. Mat\u00edas, confundido, pregunt\u00f3: \u00abPero \u00bfa qu\u00e9 viene tanto alboroto?\u00bb<\/p>\n<p><iframe title=\"Spotify Embed: Los Pastores y el resplandor Divino\" style=\"border-radius: 12px\" width=\"100%\" height=\"152\" frameborder=\"0\" allowfullscreen allow=\"autoplay; clipboard-write; encrypted-media; fullscreen; picture-in-picture\" loading=\"lazy\" src=\"https:\/\/open.spotify.com\/embed\/episode\/5JgFNIUkPzJESnM9A3UvBi?si=4a6576bc618f4059&#038;utm_source=oembed\"><\/iframe><\/p>\n<p>Zabul\u00f3n, el pastorcillo tonto, se mostr\u00f3 especialmente curioso y valiente. Aunque al principio tuvo miedo, los \u00e1ngeles lo tranquilizaron y le explicaron el significado de \u00abbuena voluntad\u00bb. \u00abDios nos ha mandado que anunciemos el nacimiento del Mes\u00edas a los hombres de buena voluntad,\u00bb dijo \u00c1ngel 1. Rafael a\u00f1adi\u00f3: \u00abA que parece sencillo? Tambi\u00e9n nosotros pensamos eso al principio. Pero cuando nos reunimos para hacer la lista, la cosa empez\u00f3 a complicarse. Tres veces tuvimos que dirigirnos a Yav\u00e9 para preguntarle qu\u00e9 significaba exactamente &#8216;buena voluntad&#8217;&#8230;\u00bb Zabul\u00f3n, intrigado, pregunt\u00f3: \u00ab\u00bfY qu\u00e9 significa?\u00bb<\/p>\n<p>Gabriel, con su sabidur\u00eda y paciencia, explic\u00f3 a Zabul\u00f3n el significado de \u00abbuena voluntad\u00bb usando una analog\u00eda con los p\u00e1jaros. \u00abMira, Zabul\u00f3n, t\u00fa te has fijado muchas veces en los p\u00e1jaros, \u00bfverdad? Hay unos que se beben la leche de las cabras&#8230; Y sabes tambi\u00e9n que algunos vuelan siempre a ras del suelo, picoteando por todas partes, como los gorriones; otros se meten en los basureros o en los establos; algunos s\u00f3lo est\u00e1n a gusto en lo alto de los \u00e1rboles m\u00e1s chicos o en los tejados de las casas; pero hay tambi\u00e9n aves de altura, como las grandes \u00e1guilas, que se elevan al cielo sin esfuerzo, llenas de majestad,\u00bb dijo Gabriel.<\/p>\n<p>\u00c1ngel 1 continu\u00f3 la explicaci\u00f3n: \u00abA los hombres les pasa algo parecido. Dios les ha creado para que vuelen muy alto&#8230;\u00bb Zabul\u00f3n, emocionado, pregunt\u00f3: \u00abEntonces, \u00bfpodemos volar?\u00bb Rafael respondi\u00f3: \u00ab\u00a1Claro! \u00bfNo vuela la fantas\u00eda, la imaginaci\u00f3n, el coraz\u00f3n, el deseo, la memoria&#8230;? El alma vuela, \u00bfme entiendes?\u00bb Zabul\u00f3n, con l\u00e1grimas en los ojos, dijo: \u00abCreo que s\u00ed, un poquito.\u00bb Rafael a\u00f1adi\u00f3: \u00abY, sin embargo, algunos se empe\u00f1an en revolotear entre los estercoleros o en las charcas m\u00e1s repugnantes. Otros utilizan sus alas, no para lograr una meta, sino para exhibirse en vuelos acrob\u00e1ticos. Y son pocos los que quieren de verdad alcanzar al que est\u00e1 en lo m\u00e1s alto&#8230;\u00bb<\/p>\n<p>Zabul\u00f3n, con su inocencia y pureza de coraz\u00f3n, entendi\u00f3 el mensaje de los \u00e1ngeles. \u00abPues entonces yo no soy como ellos. \u00bfC\u00f3mo podr\u00eda ser sabio un tonto? Pero t\u00fa lo eres, porque siempre has tenido tu coraz\u00f3n con Yav\u00e9, y has so\u00f1ado con conocerle y amarle. No te importe que tu ingenio sea peque\u00f1o, con tal de que alcance la Verdad. Adem\u00e1s, Dios ha elegido a los necios para confundir a los sabios. Las aves que vuelan m\u00e1s alto no son las que m\u00e1s aletean, sino las que se dejan llevar por el viento desplegando sus alas sin tener miedo,\u00bb dijo Rafael. Zabul\u00f3n, con una sonrisa, pregunt\u00f3: \u00ab\u00bfY yo puedo ir a ver al Mes\u00edas, aunque s\u00f3lo sea de lejos?\u00bb Miguel respondi\u00f3: \u00abPor supuesto, ven con nosotros, te llevaremos junto a \u00c9l. Adem\u00e1s, estoy seguro de que te est\u00e1 esperando y le encantar\u00e1 escucharte.\u00bb<\/p>\n<p>Art\u00edculo basado en el libro, <em><a href=\"https:\/\/www.palabra.es\/el-belen-que-puso-dios-rustica-0252.html\" target=\"_blank\" rel=\"noopener\">El Bel\u00e9n que puso Dios<\/a><\/em><\/p>\n<ol>\n<li><a href=\"https:\/\/exaudi.org\/es\/el-anuncio-celestial-los-angeles-y-la-estrella-de-oriente\/\" target=\"_blank\" rel=\"noopener\">El Anuncio Celestial: Los \u00c1ngeles y la Estrella de Oriente<\/a><\/li>\n<li><a href=\"https:\/\/exaudi.org\/es\/los-pastores-y-el-resplandor-divino\/\" target=\"_blank\" rel=\"noopener\">Los Pastores y el Resplandor Divino<\/a><\/li>\n<li><a href=\"https:\/\/exaudi.org\/es\/salome-la-lavandera-con-corazon-de-angel\/\" target=\"_blank\" rel=\"noopener\">Salom\u00e9, la Lavandera con Coraz\u00f3n de \u00c1ngel<\/a><\/li>\n<li><a href=\"https:\/\/exaudi.org\/es\/zabulon-y-su-encuentro-con-el-nino-jesus\/\" target=\"_blank\" rel=\"noopener\">Zabul\u00f3n y su Encuentro con el Ni\u00f1o Jes\u00fas<\/a><\/li>\n<li><a href=\"https:\/\/exaudi.org\/es\/el-nacimiento-del-nino-dios-una-noche-de-alegria-y-esperanza\/\" target=\"_blank\" rel=\"noopener\">El Nacimiento del Ni\u00f1o Dios: Una Noche de Alegr\u00eda y Esperanza<\/a><\/li>\n<\/ol>\n<p><img loading=\"lazy\" decoding=\"async\" class=\"size-full wp-image-115366 alignnone\" src=\"https:\/\/exaudi.org\/wp-content\/uploads\/2024\/12\/2.jpg\" alt=\"\" width=\"940\" height=\"788\" srcset=\"https:\/\/exaudi.org\/wp-content\/uploads\/2024\/12\/2.jpg 940w, https:\/\/exaudi.org\/wp-content\/uploads\/2024\/12\/2-300x251.jpg 300w, https:\/\/exaudi.org\/wp-content\/uploads\/2024\/12\/2-770x645.jpg 770w, https:\/\/exaudi.org\/wp-content\/uploads\/2024\/12\/2-500x419.jpg 500w, https:\/\/exaudi.org\/wp-content\/uploads\/2024\/12\/2-293x246.jpg 293w, https:\/\/exaudi.org\/wp-content\/uploads\/2024\/12\/2-390x327.jpg 390w\" sizes=\"auto, (max-width: 940px) 100vw, 940px\" \/><\/p>\n","protected":false},"excerpt":{"rendered":"<p>C\u00f3mo los humildes pastores recibieron la noticia m\u00e1s importante de sus vidas<\/p>\n","protected":false},"author":151,"featured_media":115344,"comment_status":"closed","ping_status":"closed","sticky":false,"template":"","format":"standard","meta":{"_acf_changed":false,"_crdt_document":"","inline_featured_image":false,"footnotes":""},"categories":[],"tags":[37922,37912,17562,37919,37920,27237,8622,37918,18854,37921,37916],"class_list":["post-115339","post","type-post","status-publish","format-standard","has-post-thumbnail","hentry","tag-buena-voluntad","tag-estrellas","tag-juan-el-bautista","tag-marta","tag-matias","tag-mesias","tag-pastores","tag-resplandor-divino","tag-sara","tag-zabulon","tag-zacarias"],"acf":[],"yoast_head":"<!-- This site is optimized with the Yoast SEO plugin v27.4 - https:\/\/yoast.com\/product\/yoast-seo-wordpress\/ -->\n<title>Los Pastores y el resplandor Divino &#8211; Exaudi<\/title>\n<meta name=\"robots\" content=\"index, follow, max-snippet:-1, max-image-preview:large, max-video-preview:-1\" \/>\n<link rel=\"canonical\" href=\"https:\/\/exaudi.org\/es\/the-shepherds-and-the-divine-radiance\/\" \/>\n<meta property=\"og:locale\" content=\"es_ES\" \/>\n<meta property=\"og:type\" content=\"article\" \/>\n<meta property=\"og:title\" content=\"Los Pastores y el resplandor Divino &#8211; Exaudi\" \/>\n<meta property=\"og:description\" content=\"C\u00f3mo los humildes pastores recibieron la noticia m\u00e1s importante de sus vidas\" \/>\n<meta property=\"og:url\" content=\"https:\/\/exaudi.org\/the-shepherds-and-the-divine-radiance\/\" \/>\n<meta property=\"og:site_name\" content=\"Exaudi\" \/>\n<meta property=\"article:publisher\" content=\"https:\/\/www.facebook.com\/ExaudiNews\" \/>\n<meta property=\"article:published_time\" content=\"2025-12-21T07:00:43+00:00\" \/>\n<meta property=\"og:image\" content=\"https:\/\/exaudi.org\/wp-content\/uploads\/2024\/12\/Adoracion_de_los_pastores_Murillo.jpg\" \/>\n\t<meta property=\"og:image:width\" content=\"1244\" \/>\n\t<meta property=\"og:image:height\" content=\"1024\" \/>\n\t<meta property=\"og:image:type\" content=\"image\/jpeg\" \/>\n<meta name=\"author\" content=\"Patricia Jim\u00e9nez Ram\u00edrez\" \/>\n<meta name=\"twitter:card\" content=\"summary_large_image\" \/>\n<meta name=\"twitter:creator\" content=\"@Exaudi_News\" \/>\n<meta name=\"twitter:site\" content=\"@Exaudi_News\" \/>\n<meta name=\"twitter:label1\" content=\"Escrito por\" \/>\n\t<meta name=\"twitter:data1\" content=\"Patricia Jim\u00e9nez Ram\u00edrez\" \/>\n\t<meta name=\"twitter:label2\" content=\"Tiempo de lectura\" \/>\n\t<meta name=\"twitter:data2\" content=\"3 minutos\" \/>\n<script type=\"application\/ld+json\" class=\"yoast-schema-graph\">{\"@context\":\"https:\\\/\\\/schema.org\",\"@graph\":[{\"@type\":\"Article\",\"@id\":\"https:\\\/\\\/exaudi.org\\\/the-shepherds-and-the-divine-radiance\\\/#article\",\"isPartOf\":{\"@id\":\"https:\\\/\\\/exaudi.org\\\/the-shepherds-and-the-divine-radiance\\\/\"},\"author\":{\"name\":\"Patricia Jim\u00e9nez Ram\u00edrez\",\"@id\":\"https:\\\/\\\/exaudi.org\\\/#\\\/schema\\\/person\\\/e7ff749045cafab5d7b926bb4edeaa51\"},\"headline\":\"Los Pastores y el resplandor Divino\",\"datePublished\":\"2025-12-21T07:00:43+00:00\",\"mainEntityOfPage\":{\"@id\":\"https:\\\/\\\/exaudi.org\\\/the-shepherds-and-the-divine-radiance\\\/\"},\"wordCount\":676,\"image\":{\"@id\":\"https:\\\/\\\/exaudi.org\\\/the-shepherds-and-the-divine-radiance\\\/#primaryimage\"},\"thumbnailUrl\":\"https:\\\/\\\/exaudi.org\\\/wp-content\\\/uploads\\\/2024\\\/12\\\/Adoracion_de_los_pastores_Murillo.jpg\",\"keywords\":[\"buena voluntad\",\"estrellas\",\"Juan el Bautista\",\"Marta\",\"Mat\u00edas\",\"Mes\u00edas\",\"Pastores\",\"resplandor divino\",\"Sara\",\"Zabul\u00f3n\",\"Zacar\u00edas\"],\"inLanguage\":\"es\"},{\"@type\":\"WebPage\",\"@id\":\"https:\\\/\\\/exaudi.org\\\/the-shepherds-and-the-divine-radiance\\\/\",\"url\":\"https:\\\/\\\/exaudi.org\\\/the-shepherds-and-the-divine-radiance\\\/\",\"name\":\"Los Pastores y el resplandor Divino &#8211; Exaudi\",\"isPartOf\":{\"@id\":\"https:\\\/\\\/exaudi.org\\\/#website\"},\"primaryImageOfPage\":{\"@id\":\"https:\\\/\\\/exaudi.org\\\/the-shepherds-and-the-divine-radiance\\\/#primaryimage\"},\"image\":{\"@id\":\"https:\\\/\\\/exaudi.org\\\/the-shepherds-and-the-divine-radiance\\\/#primaryimage\"},\"thumbnailUrl\":\"https:\\\/\\\/exaudi.org\\\/wp-content\\\/uploads\\\/2024\\\/12\\\/Adoracion_de_los_pastores_Murillo.jpg\",\"datePublished\":\"2025-12-21T07:00:43+00:00\",\"author\":{\"@id\":\"https:\\\/\\\/exaudi.org\\\/#\\\/schema\\\/person\\\/e7ff749045cafab5d7b926bb4edeaa51\"},\"breadcrumb\":{\"@id\":\"https:\\\/\\\/exaudi.org\\\/the-shepherds-and-the-divine-radiance\\\/#breadcrumb\"},\"inLanguage\":\"es\",\"potentialAction\":[{\"@type\":\"ReadAction\",\"target\":[\"https:\\\/\\\/exaudi.org\\\/the-shepherds-and-the-divine-radiance\\\/\"]}]},{\"@type\":\"ImageObject\",\"inLanguage\":\"es\",\"@id\":\"https:\\\/\\\/exaudi.org\\\/the-shepherds-and-the-divine-radiance\\\/#primaryimage\",\"url\":\"https:\\\/\\\/exaudi.org\\\/wp-content\\\/uploads\\\/2024\\\/12\\\/Adoracion_de_los_pastores_Murillo.jpg\",\"contentUrl\":\"https:\\\/\\\/exaudi.org\\\/wp-content\\\/uploads\\\/2024\\\/12\\\/Adoracion_de_los_pastores_Murillo.jpg\",\"width\":1244,\"height\":1024,\"caption\":\"Murillo . Museo del Prado\"},{\"@type\":\"BreadcrumbList\",\"@id\":\"https:\\\/\\\/exaudi.org\\\/the-shepherds-and-the-divine-radiance\\\/#breadcrumb\",\"itemListElement\":[{\"@type\":\"ListItem\",\"position\":1,\"name\":\"Portada\",\"item\":\"https:\\\/\\\/exaudi.org\\\/es\\\/\"},{\"@type\":\"ListItem\",\"position\":2,\"name\":\"Los Pastores y el resplandor Divino\"}]},{\"@type\":\"WebSite\",\"@id\":\"https:\\\/\\\/exaudi.org\\\/#website\",\"url\":\"https:\\\/\\\/exaudi.org\\\/\",\"name\":\"Exaudi\",\"description\":\"News\",\"potentialAction\":[{\"@type\":\"SearchAction\",\"target\":{\"@type\":\"EntryPoint\",\"urlTemplate\":\"https:\\\/\\\/exaudi.org\\\/?s={search_term_string}\"},\"query-input\":{\"@type\":\"PropertyValueSpecification\",\"valueRequired\":true,\"valueName\":\"search_term_string\"}}],\"inLanguage\":\"es\"},{\"@type\":\"Person\",\"@id\":\"https:\\\/\\\/exaudi.org\\\/#\\\/schema\\\/person\\\/e7ff749045cafab5d7b926bb4edeaa51\",\"name\":\"Patricia Jim\u00e9nez Ram\u00edrez\",\"image\":{\"@type\":\"ImageObject\",\"inLanguage\":\"es\",\"@id\":\"https:\\\/\\\/secure.gravatar.com\\\/avatar\\\/c1f016f3010698237250f552cc424d09fd3f545baa3b0e2f5008eae3181ed438?s=96&d=mm&r=g\",\"url\":\"https:\\\/\\\/secure.gravatar.com\\\/avatar\\\/c1f016f3010698237250f552cc424d09fd3f545baa3b0e2f5008eae3181ed438?s=96&d=mm&r=g\",\"contentUrl\":\"https:\\\/\\\/secure.gravatar.com\\\/avatar\\\/c1f016f3010698237250f552cc424d09fd3f545baa3b0e2f5008eae3181ed438?s=96&d=mm&r=g\",\"caption\":\"Patricia Jim\u00e9nez Ram\u00edrez\"},\"description\":\"Soy una mujer comprometida con mi familia, con una s\u00f3lida experiencia empresarial y una profunda dedicaci\u00f3n al hogar. Durante a\u00f1os trabaj\u00e9 en diversos entornos empresariales, liderando equipos y gestionando proyectos de impacto. Sin embargo, en los \u00faltimos a\u00f1os he tomado la decisi\u00f3n de centrarme en mi hogar y dedicar m\u00e1s tiempo a mi marido e hijos, quienes son mi mayor prioridad. Mi experiencia en el \u00e1mbito empresarial me ha brindado valiosas habilidades en gesti\u00f3n del tiempo, organizaci\u00f3n, liderazgo y resoluci\u00f3n de problemas, que ahora aplico en mi vida familiar para fomentar un ambiente armonioso y saludable para todos\",\"url\":\"https:\\\/\\\/exaudi.org\\\/es\\\/author\\\/patricia-jimenez-ramirez\\\/\"}]}<\/script>\n<!-- \/ Yoast SEO plugin. -->","yoast_head_json":{"title":"Los Pastores y el resplandor Divino &#8211; Exaudi","robots":{"index":"index","follow":"follow","max-snippet":"max-snippet:-1","max-image-preview":"max-image-preview:large","max-video-preview":"max-video-preview:-1"},"canonical":"https:\/\/exaudi.org\/es\/the-shepherds-and-the-divine-radiance\/","og_locale":"es_ES","og_type":"article","og_title":"Los Pastores y el resplandor Divino &#8211; Exaudi","og_description":"C\u00f3mo los humildes pastores recibieron la noticia m\u00e1s importante de sus vidas","og_url":"https:\/\/exaudi.org\/the-shepherds-and-the-divine-radiance\/","og_site_name":"Exaudi","article_publisher":"https:\/\/www.facebook.com\/ExaudiNews","article_published_time":"2025-12-21T07:00:43+00:00","og_image":[{"width":1244,"height":1024,"url":"https:\/\/exaudi.org\/wp-content\/uploads\/2024\/12\/Adoracion_de_los_pastores_Murillo.jpg","type":"image\/jpeg"}],"author":"Patricia Jim\u00e9nez Ram\u00edrez","twitter_card":"summary_large_image","twitter_creator":"@Exaudi_News","twitter_site":"@Exaudi_News","twitter_misc":{"Escrito por":"Patricia Jim\u00e9nez Ram\u00edrez","Tiempo de lectura":"3 minutos"},"schema":{"@context":"https:\/\/schema.org","@graph":[{"@type":"Article","@id":"https:\/\/exaudi.org\/the-shepherds-and-the-divine-radiance\/#article","isPartOf":{"@id":"https:\/\/exaudi.org\/the-shepherds-and-the-divine-radiance\/"},"author":{"name":"Patricia Jim\u00e9nez Ram\u00edrez","@id":"https:\/\/exaudi.org\/#\/schema\/person\/e7ff749045cafab5d7b926bb4edeaa51"},"headline":"Los Pastores y el resplandor Divino","datePublished":"2025-12-21T07:00:43+00:00","mainEntityOfPage":{"@id":"https:\/\/exaudi.org\/the-shepherds-and-the-divine-radiance\/"},"wordCount":676,"image":{"@id":"https:\/\/exaudi.org\/the-shepherds-and-the-divine-radiance\/#primaryimage"},"thumbnailUrl":"https:\/\/exaudi.org\/wp-content\/uploads\/2024\/12\/Adoracion_de_los_pastores_Murillo.jpg","keywords":["buena voluntad","estrellas","Juan el Bautista","Marta","Mat\u00edas","Mes\u00edas","Pastores","resplandor divino","Sara","Zabul\u00f3n","Zacar\u00edas"],"inLanguage":"es"},{"@type":"WebPage","@id":"https:\/\/exaudi.org\/the-shepherds-and-the-divine-radiance\/","url":"https:\/\/exaudi.org\/the-shepherds-and-the-divine-radiance\/","name":"Los Pastores y el resplandor Divino &#8211; Exaudi","isPartOf":{"@id":"https:\/\/exaudi.org\/#website"},"primaryImageOfPage":{"@id":"https:\/\/exaudi.org\/the-shepherds-and-the-divine-radiance\/#primaryimage"},"image":{"@id":"https:\/\/exaudi.org\/the-shepherds-and-the-divine-radiance\/#primaryimage"},"thumbnailUrl":"https:\/\/exaudi.org\/wp-content\/uploads\/2024\/12\/Adoracion_de_los_pastores_Murillo.jpg","datePublished":"2025-12-21T07:00:43+00:00","author":{"@id":"https:\/\/exaudi.org\/#\/schema\/person\/e7ff749045cafab5d7b926bb4edeaa51"},"breadcrumb":{"@id":"https:\/\/exaudi.org\/the-shepherds-and-the-divine-radiance\/#breadcrumb"},"inLanguage":"es","potentialAction":[{"@type":"ReadAction","target":["https:\/\/exaudi.org\/the-shepherds-and-the-divine-radiance\/"]}]},{"@type":"ImageObject","inLanguage":"es","@id":"https:\/\/exaudi.org\/the-shepherds-and-the-divine-radiance\/#primaryimage","url":"https:\/\/exaudi.org\/wp-content\/uploads\/2024\/12\/Adoracion_de_los_pastores_Murillo.jpg","contentUrl":"https:\/\/exaudi.org\/wp-content\/uploads\/2024\/12\/Adoracion_de_los_pastores_Murillo.jpg","width":1244,"height":1024,"caption":"Murillo . Museo del Prado"},{"@type":"BreadcrumbList","@id":"https:\/\/exaudi.org\/the-shepherds-and-the-divine-radiance\/#breadcrumb","itemListElement":[{"@type":"ListItem","position":1,"name":"Portada","item":"https:\/\/exaudi.org\/es\/"},{"@type":"ListItem","position":2,"name":"Los Pastores y el resplandor Divino"}]},{"@type":"WebSite","@id":"https:\/\/exaudi.org\/#website","url":"https:\/\/exaudi.org\/","name":"Exaudi","description":"News","potentialAction":[{"@type":"SearchAction","target":{"@type":"EntryPoint","urlTemplate":"https:\/\/exaudi.org\/?s={search_term_string}"},"query-input":{"@type":"PropertyValueSpecification","valueRequired":true,"valueName":"search_term_string"}}],"inLanguage":"es"},{"@type":"Person","@id":"https:\/\/exaudi.org\/#\/schema\/person\/e7ff749045cafab5d7b926bb4edeaa51","name":"Patricia Jim\u00e9nez Ram\u00edrez","image":{"@type":"ImageObject","inLanguage":"es","@id":"https:\/\/secure.gravatar.com\/avatar\/c1f016f3010698237250f552cc424d09fd3f545baa3b0e2f5008eae3181ed438?s=96&d=mm&r=g","url":"https:\/\/secure.gravatar.com\/avatar\/c1f016f3010698237250f552cc424d09fd3f545baa3b0e2f5008eae3181ed438?s=96&d=mm&r=g","contentUrl":"https:\/\/secure.gravatar.com\/avatar\/c1f016f3010698237250f552cc424d09fd3f545baa3b0e2f5008eae3181ed438?s=96&d=mm&r=g","caption":"Patricia Jim\u00e9nez Ram\u00edrez"},"description":"Soy una mujer comprometida con mi familia, con una s\u00f3lida experiencia empresarial y una profunda dedicaci\u00f3n al hogar. Durante a\u00f1os trabaj\u00e9 en diversos entornos empresariales, liderando equipos y gestionando proyectos de impacto. Sin embargo, en los \u00faltimos a\u00f1os he tomado la decisi\u00f3n de centrarme en mi hogar y dedicar m\u00e1s tiempo a mi marido e hijos, quienes son mi mayor prioridad. Mi experiencia en el \u00e1mbito empresarial me ha brindado valiosas habilidades en gesti\u00f3n del tiempo, organizaci\u00f3n, liderazgo y resoluci\u00f3n de problemas, que ahora aplico en mi vida familiar para fomentar un ambiente armonioso y saludable para todos","url":"https:\/\/exaudi.org\/es\/author\/patricia-jimenez-ramirez\/"}]}},"jetpack_featured_media_url":"https:\/\/exaudi.org\/wp-content\/uploads\/2024\/12\/Adoracion_de_los_pastores_Murillo.jpg","jetpack_shortlink":"https:\/\/wp.me\/pgKjF2-u0j","_links":{"self":[{"href":"https:\/\/exaudi.org\/es\/wp-json\/wp\/v2\/posts\/115339","targetHints":{"allow":["GET"]}}],"collection":[{"href":"https:\/\/exaudi.org\/es\/wp-json\/wp\/v2\/posts"}],"about":[{"href":"https:\/\/exaudi.org\/es\/wp-json\/wp\/v2\/types\/post"}],"author":[{"embeddable":true,"href":"https:\/\/exaudi.org\/es\/wp-json\/wp\/v2\/users\/151"}],"replies":[{"embeddable":true,"href":"https:\/\/exaudi.org\/es\/wp-json\/wp\/v2\/comments?post=115339"}],"version-history":[{"count":1,"href":"https:\/\/exaudi.org\/es\/wp-json\/wp\/v2\/posts\/115339\/revisions"}],"predecessor-version":[{"id":147528,"href":"https:\/\/exaudi.org\/es\/wp-json\/wp\/v2\/posts\/115339\/revisions\/147528"}],"wp:featuredmedia":[{"embeddable":true,"href":"https:\/\/exaudi.org\/es\/wp-json\/wp\/v2\/media\/115344"}],"wp:attachment":[{"href":"https:\/\/exaudi.org\/es\/wp-json\/wp\/v2\/media?parent=115339"}],"wp:term":[{"taxonomy":"category","embeddable":true,"href":"https:\/\/exaudi.org\/es\/wp-json\/wp\/v2\/categories?post=115339"},{"taxonomy":"post_tag","embeddable":true,"href":"https:\/\/exaudi.org\/es\/wp-json\/wp\/v2\/tags?post=115339"}],"curies":[{"name":"wp","href":"https:\/\/api.w.org\/{rel}","templated":true}]}}