{"id":115158,"date":"2024-12-17T09:43:32","date_gmt":"2024-12-17T08:43:32","guid":{"rendered":"https:\/\/exaudi.org\/?p=115158"},"modified":"2024-12-17T10:25:08","modified_gmt":"2024-12-17T09:25:08","slug":"el-papa-francisco-celebra-su-88o-cumpleanos-un-dia-de-oracion-y-agradecimiento","status":"publish","type":"post","link":"https:\/\/exaudi.org\/es\/el-papa-francisco-celebra-su-88o-cumpleanos-un-dia-de-oracion-y-agradecimiento\/","title":{"rendered":"El Papa Francisco celebra su 88\u00ba cumplea\u00f1os: un d\u00eda de oraci\u00f3n y agradecimiento"},"content":{"rendered":"<p>Hoy, 17 de diciembre, el Papa Francisco celebra su 88\u00ba cumplea\u00f1os, un evento que congrega a fieles y l\u00edderes religiosos en el Vaticano y alrededor del mundo en un d\u00eda de oraci\u00f3n y gratitud. Nacido en Buenos Aires, Argentina, en 1936, Jorge Mario Bergoglio ha dejado una profunda huella en la Iglesia Cat\u00f3lica desde su elecci\u00f3n como Papa en 2013.<\/p>\n<p><iframe title=\"Spotify Embed: El Papa Francisco celebra su 88\u00ba cumplea\u00f1os: un d\u00eda de oraci\u00f3n y agradecimiento\" style=\"border-radius: 12px\" width=\"100%\" height=\"152\" frameborder=\"0\" allowfullscreen allow=\"autoplay; clipboard-write; encrypted-media; fullscreen; picture-in-picture\" loading=\"lazy\" src=\"https:\/\/open.spotify.com\/embed\/episode\/3Hsy7zu6QLDngX2Cg79JRu?si=6ad02d8120224fef&#038;utm_source=oembed\"><\/iframe><\/p>\n<p>Conocido por su carisma, humildad y cercan\u00eda a los m\u00e1s desfavorecidos, el Papa Francisco ha trabajado incansablemente por la paz, la justicia social y el cuidado del medio ambiente. Su pontificado ha estado marcado por un enfoque pastoral centrado en la misericordia y el amor, buscando siempre tender puentes y dialogar con todas las personas de buena voluntad.<\/p>\n<p>En el Vaticano, la jornada comenz\u00f3 con una misa especial en la Capilla Sixtina, donde colaboradores cercanos y amigos del pont\u00edfice se reunieron para orar por su salud y bienestar. Durante la homil\u00eda, se destac\u00f3 la dedicaci\u00f3n del Papa Francisco a los pobres y su compromiso con la reforma de la Iglesia, as\u00ed como su incansable llamado a la fraternidad y la solidaridad global.<\/p>\n<p>Los mensajes de felicitaci\u00f3n no se hicieron esperar. L\u00edderes religiosos y pol\u00edticos de todo el mundo enviaron sus buenos deseos a trav\u00e9s de las redes sociales y otros medios, resaltando la influencia positiva del Papa en la promoci\u00f3n de la paz y el entendimiento entre diferentes culturas y religiones. En Buenos Aires, su ciudad natal, se celebraron misas y actos de caridad en su honor, reflejando el cari\u00f1o y el respeto que el pont\u00edfice ha ganado a lo largo de los a\u00f1os.<\/p>\n<p>Desde su elecci\u00f3n, el Papa Francisco ha enfrentado numerosos desaf\u00edos, incluyendo la gesti\u00f3n de la pandemia de COVID-19, la crisis migratoria y las reformas internas del Vaticano. Sin embargo, su liderazgo ha sido una fuente de esperanza para millones de personas, inspirando acciones concretas de solidaridad y compromiso con los valores del Evangelio.<\/p>\n<p>El cumplea\u00f1os del Papa Francisco es una ocasi\u00f3n para recordar su mensaje de amor y compasi\u00f3n, y para renovar el compromiso de trabajar juntos por un mundo m\u00e1s justo y fraterno. En un momento en que el mundo enfrenta tantas divisiones y conflictos, su ejemplo de humildad y servicio es m\u00e1s relevante que nunca.<\/p>\n<p>En palabras del propio Papa Francisco: \u00abRecemos juntos por un mundo en el que nadie sea excluido, donde todos sean acogidos y respetados. Que el Se\u00f1or nos conceda la gracia de ser artesanos de paz y de construir un futuro mejor para las pr\u00f3ximas generaciones.\u00bb<\/p>\n<p>Hoy, al celebrar su 88\u00ba cumplea\u00f1os, unimos nuestras voces en oraci\u00f3n y agradecimiento, pidiendo a Dios que contin\u00fae bendiciendo su vida y su ministerio, y que nos d\u00e9 la fuerza para seguir su ejemplo de amor y servicio a los dem\u00e1s. \u00a1Feliz cumplea\u00f1os, Papa Francisco!<\/p>\n","protected":false},"excerpt":{"rendered":"<p>\u00a1Feliz cumplea\u00f1os, Papa Francisco!<\/p>\n","protected":false},"author":15,"featured_media":115160,"comment_status":"closed","ping_status":"closed","sticky":false,"template":"","format":"standard","meta":{"_acf_changed":false,"_crdt_document":"","inline_featured_image":false,"footnotes":""},"categories":[68],"tags":[37555,1772,4610,37082,37557,37553,37559,37554,37556,4554,449,5256,1767,37558,3592,158,625,31759,726,4953,272],"class_list":["post-115158","post","type-post","status-publish","format-standard","has-post-thumbnail","hentry","category-leon-xiv","tag-88-cumpleanos-papa-francisco","tag-aniversario","tag-caridad","tag-celebracion-catolica","tag-celebracion-en-el-vaticano","tag-cumpleanos","tag-cumpleanos-del-papa","tag-cumpleanos-papa-francisco","tag-homenaje-papa-francisco","tag-humildad","tag-iglesia-catolica","tag-jorge-mario-bergoglio","tag-justicia-social","tag-lider-religioso","tag-misericordia-es","tag-papa-francisco","tag-paz","tag-pontifice","tag-solidaridad","tag-trending-es","tag-vaticano-es"],"acf":[],"yoast_head":"<!-- This site is optimized with the Yoast SEO plugin v27.4 - https:\/\/yoast.com\/product\/yoast-seo-wordpress\/ -->\n<title>El Papa Francisco celebra su 88\u00ba cumplea\u00f1os: un d\u00eda de oraci\u00f3n y agradecimiento &#8211; Exaudi<\/title>\n<meta name=\"robots\" content=\"index, follow, max-snippet:-1, max-image-preview:large, max-video-preview:-1\" \/>\n<link rel=\"canonical\" href=\"https:\/\/exaudi.org\/es\/el-papa-francisco-celebra-su-88o-cumpleanos-un-dia-de-oracion-y-agradecimiento\/\" \/>\n<meta property=\"og:locale\" content=\"es_ES\" \/>\n<meta property=\"og:type\" content=\"article\" \/>\n<meta property=\"og:title\" content=\"El Papa Francisco celebra su 88\u00ba cumplea\u00f1os: un d\u00eda de oraci\u00f3n y agradecimiento &#8211; Exaudi\" \/>\n<meta property=\"og:description\" content=\"\u00a1Feliz cumplea\u00f1os, Papa Francisco!\" \/>\n<meta property=\"og:url\" content=\"https:\/\/exaudi.org\/es\/el-papa-francisco-celebra-su-88o-cumpleanos-un-dia-de-oracion-y-agradecimiento\/\" \/>\n<meta property=\"og:site_name\" content=\"Exaudi\" \/>\n<meta property=\"article:publisher\" content=\"https:\/\/www.facebook.com\/ExaudiNews\" \/>\n<meta property=\"article:author\" content=\"https:\/\/www.facebook.com\/ExaudiNoticias\/\" \/>\n<meta property=\"article:published_time\" content=\"2024-12-17T08:43:32+00:00\" \/>\n<meta property=\"article:modified_time\" content=\"2024-12-17T09:25:08+00:00\" \/>\n<meta property=\"og:image\" content=\"https:\/\/exaudi.org\/wp-content\/uploads\/2024\/12\/cq5dam.thumbnail.cropped.750.422-13.jpeg\" \/>\n\t<meta property=\"og:image:width\" content=\"750\" \/>\n\t<meta property=\"og:image:height\" content=\"422\" \/>\n\t<meta property=\"og:image:type\" content=\"image\/jpeg\" \/>\n<meta name=\"author\" content=\"Exaudi Redacci\u00f3n\" \/>\n<meta name=\"twitter:card\" content=\"summary_large_image\" \/>\n<meta name=\"twitter:creator\" content=\"@Exaudi_noticias\" \/>\n<meta name=\"twitter:site\" content=\"@Exaudi_News\" \/>\n<meta name=\"twitter:label1\" content=\"Escrito por\" \/>\n\t<meta name=\"twitter:data1\" content=\"Exaudi Redacci\u00f3n\" \/>\n\t<meta name=\"twitter:label2\" content=\"Tiempo de lectura\" \/>\n\t<meta name=\"twitter:data2\" content=\"3 minutos\" \/>\n<script type=\"application\/ld+json\" class=\"yoast-schema-graph\">{\"@context\":\"https:\\\/\\\/schema.org\",\"@graph\":[{\"@type\":\"Article\",\"@id\":\"https:\\\/\\\/exaudi.org\\\/es\\\/el-papa-francisco-celebra-su-88o-cumpleanos-un-dia-de-oracion-y-agradecimiento\\\/#article\",\"isPartOf\":{\"@id\":\"https:\\\/\\\/exaudi.org\\\/es\\\/el-papa-francisco-celebra-su-88o-cumpleanos-un-dia-de-oracion-y-agradecimiento\\\/\"},\"author\":{\"name\":\"Exaudi Redacci\u00f3n\",\"@id\":\"https:\\\/\\\/exaudi.org\\\/#\\\/schema\\\/person\\\/f5fc8f063065e38742da7afe15f25df7\"},\"headline\":\"El Papa Francisco celebra su 88\u00ba cumplea\u00f1os: un d\u00eda de oraci\u00f3n y agradecimiento\",\"datePublished\":\"2024-12-17T08:43:32+00:00\",\"dateModified\":\"2024-12-17T09:25:08+00:00\",\"mainEntityOfPage\":{\"@id\":\"https:\\\/\\\/exaudi.org\\\/es\\\/el-papa-francisco-celebra-su-88o-cumpleanos-un-dia-de-oracion-y-agradecimiento\\\/\"},\"wordCount\":519,\"image\":{\"@id\":\"https:\\\/\\\/exaudi.org\\\/es\\\/el-papa-francisco-celebra-su-88o-cumpleanos-un-dia-de-oracion-y-agradecimiento\\\/#primaryimage\"},\"thumbnailUrl\":\"https:\\\/\\\/exaudi.org\\\/wp-content\\\/uploads\\\/2024\\\/12\\\/cq5dam.thumbnail.cropped.750.422-13.jpeg\",\"keywords\":[\"88 cumplea\u00f1os Papa Francisco\",\"Aniversario\",\"caridad\",\"celebraci\u00f3n cat\u00f3lica\",\"celebraci\u00f3n en el Vaticano\",\"Cumplea\u00f1os\",\"cumplea\u00f1os del Papa\",\"cumplea\u00f1os Papa Francisco\",\"homenaje Papa Francisco\",\"humildad\",\"Iglesia cat\u00f3lica\",\"Jorge Mario Bergoglio\",\"Justicia Social\",\"l\u00edder religioso\",\"misericordia\",\"papa francisco\",\"Paz\",\"Pont\u00edfice\",\"solidaridad\",\"Trending\",\"Vaticano\"],\"articleSection\":[\"Le\u00f3n XIV\"],\"inLanguage\":\"es\"},{\"@type\":\"WebPage\",\"@id\":\"https:\\\/\\\/exaudi.org\\\/es\\\/el-papa-francisco-celebra-su-88o-cumpleanos-un-dia-de-oracion-y-agradecimiento\\\/\",\"url\":\"https:\\\/\\\/exaudi.org\\\/es\\\/el-papa-francisco-celebra-su-88o-cumpleanos-un-dia-de-oracion-y-agradecimiento\\\/\",\"name\":\"El Papa Francisco celebra su 88\u00ba cumplea\u00f1os: un d\u00eda de oraci\u00f3n y agradecimiento &#8211; Exaudi\",\"isPartOf\":{\"@id\":\"https:\\\/\\\/exaudi.org\\\/#website\"},\"primaryImageOfPage\":{\"@id\":\"https:\\\/\\\/exaudi.org\\\/es\\\/el-papa-francisco-celebra-su-88o-cumpleanos-un-dia-de-oracion-y-agradecimiento\\\/#primaryimage\"},\"image\":{\"@id\":\"https:\\\/\\\/exaudi.org\\\/es\\\/el-papa-francisco-celebra-su-88o-cumpleanos-un-dia-de-oracion-y-agradecimiento\\\/#primaryimage\"},\"thumbnailUrl\":\"https:\\\/\\\/exaudi.org\\\/wp-content\\\/uploads\\\/2024\\\/12\\\/cq5dam.thumbnail.cropped.750.422-13.jpeg\",\"datePublished\":\"2024-12-17T08:43:32+00:00\",\"dateModified\":\"2024-12-17T09:25:08+00:00\",\"author\":{\"@id\":\"https:\\\/\\\/exaudi.org\\\/#\\\/schema\\\/person\\\/f5fc8f063065e38742da7afe15f25df7\"},\"breadcrumb\":{\"@id\":\"https:\\\/\\\/exaudi.org\\\/es\\\/el-papa-francisco-celebra-su-88o-cumpleanos-un-dia-de-oracion-y-agradecimiento\\\/#breadcrumb\"},\"inLanguage\":\"es\",\"potentialAction\":[{\"@type\":\"ReadAction\",\"target\":[\"https:\\\/\\\/exaudi.org\\\/es\\\/el-papa-francisco-celebra-su-88o-cumpleanos-un-dia-de-oracion-y-agradecimiento\\\/\"]}]},{\"@type\":\"ImageObject\",\"inLanguage\":\"es\",\"@id\":\"https:\\\/\\\/exaudi.org\\\/es\\\/el-papa-francisco-celebra-su-88o-cumpleanos-un-dia-de-oracion-y-agradecimiento\\\/#primaryimage\",\"url\":\"https:\\\/\\\/exaudi.org\\\/wp-content\\\/uploads\\\/2024\\\/12\\\/cq5dam.thumbnail.cropped.750.422-13.jpeg\",\"contentUrl\":\"https:\\\/\\\/exaudi.org\\\/wp-content\\\/uploads\\\/2024\\\/12\\\/cq5dam.thumbnail.cropped.750.422-13.jpeg\",\"width\":750,\"height\":422},{\"@type\":\"BreadcrumbList\",\"@id\":\"https:\\\/\\\/exaudi.org\\\/es\\\/el-papa-francisco-celebra-su-88o-cumpleanos-un-dia-de-oracion-y-agradecimiento\\\/#breadcrumb\",\"itemListElement\":[{\"@type\":\"ListItem\",\"position\":1,\"name\":\"Portada\",\"item\":\"https:\\\/\\\/exaudi.org\\\/es\\\/\"},{\"@type\":\"ListItem\",\"position\":2,\"name\":\"El Papa Francisco celebra su 88\u00ba cumplea\u00f1os: un d\u00eda de oraci\u00f3n y agradecimiento\"}]},{\"@type\":\"WebSite\",\"@id\":\"https:\\\/\\\/exaudi.org\\\/#website\",\"url\":\"https:\\\/\\\/exaudi.org\\\/\",\"name\":\"Exaudi\",\"description\":\"News\",\"potentialAction\":[{\"@type\":\"SearchAction\",\"target\":{\"@type\":\"EntryPoint\",\"urlTemplate\":\"https:\\\/\\\/exaudi.org\\\/?s={search_term_string}\"},\"query-input\":{\"@type\":\"PropertyValueSpecification\",\"valueRequired\":true,\"valueName\":\"search_term_string\"}}],\"inLanguage\":\"es\"},{\"@type\":\"Person\",\"@id\":\"https:\\\/\\\/exaudi.org\\\/#\\\/schema\\\/person\\\/f5fc8f063065e38742da7afe15f25df7\",\"name\":\"Exaudi Redacci\u00f3n\",\"image\":{\"@type\":\"ImageObject\",\"inLanguage\":\"es\",\"@id\":\"https:\\\/\\\/secure.gravatar.com\\\/avatar\\\/fe0f6a059fb68d9b3e11bc5850dd4899b1c7492091a3cb6dd9b01b56ad828be2?s=96&d=mm&r=g\",\"url\":\"https:\\\/\\\/secure.gravatar.com\\\/avatar\\\/fe0f6a059fb68d9b3e11bc5850dd4899b1c7492091a3cb6dd9b01b56ad828be2?s=96&d=mm&r=g\",\"contentUrl\":\"https:\\\/\\\/secure.gravatar.com\\\/avatar\\\/fe0f6a059fb68d9b3e11bc5850dd4899b1c7492091a3cb6dd9b01b56ad828be2?s=96&d=mm&r=g\",\"caption\":\"Exaudi Redacci\u00f3n\"},\"description\":\"\u00bfQu\u00e9 es Exaudi News? Exaudi News es un medio de comunicaci\u00f3n cat\u00f3lico internacional que informa, forma y transforma, diariamente en espa\u00f1ol, ingl\u00e9s e italiano. A trav\u00e9s de noticias, art\u00edculos de an\u00e1lisis y transmisiones en directo de los eventos del Papa, Exaudi busca fortalecer la unidad de los cristianos y contribuir a la evangelizaci\u00f3n del mundo, siempre guiados por la doctrina social de la Iglesia. Trabajamos para acercar la verdad y los valores cristianos a cada rinc\u00f3n del planeta. \u00a1Ay\u00fadanos a transformar el mundo con Exaudi! En Exaudi creemos que la evangelizaci\u00f3n y la informaci\u00f3n de calidad pueden cambiar vidas. Para continuar con nuestra misi\u00f3n y expandir nuestro alcance, necesitamos tu ayuda. Adem\u00e1s, buscamos personas comprometidas que deseen unirse a nuestro equipo. Con tu apoyo, lograremos llegar a m\u00e1s personas, difundir el mensaje de Cristo y reforzar la unidad de los cristianos. \u00bfTe unes a nuestra misi\u00f3n? Para m\u00e1s informaci\u00f3n sobre c\u00f3mo colaborar, visita Exaudi.org\\\/es o cont\u00e1ctanos directamente: info@exaudi.org Exaudi: Informa, forma y transforma.\",\"sameAs\":[\"https:\\\/\\\/www.facebook.com\\\/ExaudiNoticias\\\/\",\"https:\\\/\\\/www.instagram.com\\\/exaudi_noticias\\\/\",\"https:\\\/\\\/x.com\\\/Exaudi_noticias\",\"https:\\\/\\\/www.youtube.com\\\/@exaudicatholicnews\"],\"url\":\"https:\\\/\\\/exaudi.org\\\/es\\\/author\\\/redaccionexaudi\\\/\"}]}<\/script>\n<!-- \/ Yoast SEO plugin. -->","yoast_head_json":{"title":"El Papa Francisco celebra su 88\u00ba cumplea\u00f1os: un d\u00eda de oraci\u00f3n y agradecimiento &#8211; Exaudi","robots":{"index":"index","follow":"follow","max-snippet":"max-snippet:-1","max-image-preview":"max-image-preview:large","max-video-preview":"max-video-preview:-1"},"canonical":"https:\/\/exaudi.org\/es\/el-papa-francisco-celebra-su-88o-cumpleanos-un-dia-de-oracion-y-agradecimiento\/","og_locale":"es_ES","og_type":"article","og_title":"El Papa Francisco celebra su 88\u00ba cumplea\u00f1os: un d\u00eda de oraci\u00f3n y agradecimiento &#8211; Exaudi","og_description":"\u00a1Feliz cumplea\u00f1os, Papa Francisco!","og_url":"https:\/\/exaudi.org\/es\/el-papa-francisco-celebra-su-88o-cumpleanos-un-dia-de-oracion-y-agradecimiento\/","og_site_name":"Exaudi","article_publisher":"https:\/\/www.facebook.com\/ExaudiNews","article_author":"https:\/\/www.facebook.com\/ExaudiNoticias\/","article_published_time":"2024-12-17T08:43:32+00:00","article_modified_time":"2024-12-17T09:25:08+00:00","og_image":[{"width":750,"height":422,"url":"https:\/\/exaudi.org\/wp-content\/uploads\/2024\/12\/cq5dam.thumbnail.cropped.750.422-13.jpeg","type":"image\/jpeg"}],"author":"Exaudi Redacci\u00f3n","twitter_card":"summary_large_image","twitter_creator":"@Exaudi_noticias","twitter_site":"@Exaudi_News","twitter_misc":{"Escrito por":"Exaudi Redacci\u00f3n","Tiempo de lectura":"3 minutos"},"schema":{"@context":"https:\/\/schema.org","@graph":[{"@type":"Article","@id":"https:\/\/exaudi.org\/es\/el-papa-francisco-celebra-su-88o-cumpleanos-un-dia-de-oracion-y-agradecimiento\/#article","isPartOf":{"@id":"https:\/\/exaudi.org\/es\/el-papa-francisco-celebra-su-88o-cumpleanos-un-dia-de-oracion-y-agradecimiento\/"},"author":{"name":"Exaudi Redacci\u00f3n","@id":"https:\/\/exaudi.org\/#\/schema\/person\/f5fc8f063065e38742da7afe15f25df7"},"headline":"El Papa Francisco celebra su 88\u00ba cumplea\u00f1os: un d\u00eda de oraci\u00f3n y agradecimiento","datePublished":"2024-12-17T08:43:32+00:00","dateModified":"2024-12-17T09:25:08+00:00","mainEntityOfPage":{"@id":"https:\/\/exaudi.org\/es\/el-papa-francisco-celebra-su-88o-cumpleanos-un-dia-de-oracion-y-agradecimiento\/"},"wordCount":519,"image":{"@id":"https:\/\/exaudi.org\/es\/el-papa-francisco-celebra-su-88o-cumpleanos-un-dia-de-oracion-y-agradecimiento\/#primaryimage"},"thumbnailUrl":"https:\/\/exaudi.org\/wp-content\/uploads\/2024\/12\/cq5dam.thumbnail.cropped.750.422-13.jpeg","keywords":["88 cumplea\u00f1os Papa Francisco","Aniversario","caridad","celebraci\u00f3n cat\u00f3lica","celebraci\u00f3n en el Vaticano","Cumplea\u00f1os","cumplea\u00f1os del Papa","cumplea\u00f1os Papa Francisco","homenaje Papa Francisco","humildad","Iglesia cat\u00f3lica","Jorge Mario Bergoglio","Justicia Social","l\u00edder religioso","misericordia","papa francisco","Paz","Pont\u00edfice","solidaridad","Trending","Vaticano"],"articleSection":["Le\u00f3n XIV"],"inLanguage":"es"},{"@type":"WebPage","@id":"https:\/\/exaudi.org\/es\/el-papa-francisco-celebra-su-88o-cumpleanos-un-dia-de-oracion-y-agradecimiento\/","url":"https:\/\/exaudi.org\/es\/el-papa-francisco-celebra-su-88o-cumpleanos-un-dia-de-oracion-y-agradecimiento\/","name":"El Papa Francisco celebra su 88\u00ba cumplea\u00f1os: un d\u00eda de oraci\u00f3n y agradecimiento &#8211; Exaudi","isPartOf":{"@id":"https:\/\/exaudi.org\/#website"},"primaryImageOfPage":{"@id":"https:\/\/exaudi.org\/es\/el-papa-francisco-celebra-su-88o-cumpleanos-un-dia-de-oracion-y-agradecimiento\/#primaryimage"},"image":{"@id":"https:\/\/exaudi.org\/es\/el-papa-francisco-celebra-su-88o-cumpleanos-un-dia-de-oracion-y-agradecimiento\/#primaryimage"},"thumbnailUrl":"https:\/\/exaudi.org\/wp-content\/uploads\/2024\/12\/cq5dam.thumbnail.cropped.750.422-13.jpeg","datePublished":"2024-12-17T08:43:32+00:00","dateModified":"2024-12-17T09:25:08+00:00","author":{"@id":"https:\/\/exaudi.org\/#\/schema\/person\/f5fc8f063065e38742da7afe15f25df7"},"breadcrumb":{"@id":"https:\/\/exaudi.org\/es\/el-papa-francisco-celebra-su-88o-cumpleanos-un-dia-de-oracion-y-agradecimiento\/#breadcrumb"},"inLanguage":"es","potentialAction":[{"@type":"ReadAction","target":["https:\/\/exaudi.org\/es\/el-papa-francisco-celebra-su-88o-cumpleanos-un-dia-de-oracion-y-agradecimiento\/"]}]},{"@type":"ImageObject","inLanguage":"es","@id":"https:\/\/exaudi.org\/es\/el-papa-francisco-celebra-su-88o-cumpleanos-un-dia-de-oracion-y-agradecimiento\/#primaryimage","url":"https:\/\/exaudi.org\/wp-content\/uploads\/2024\/12\/cq5dam.thumbnail.cropped.750.422-13.jpeg","contentUrl":"https:\/\/exaudi.org\/wp-content\/uploads\/2024\/12\/cq5dam.thumbnail.cropped.750.422-13.jpeg","width":750,"height":422},{"@type":"BreadcrumbList","@id":"https:\/\/exaudi.org\/es\/el-papa-francisco-celebra-su-88o-cumpleanos-un-dia-de-oracion-y-agradecimiento\/#breadcrumb","itemListElement":[{"@type":"ListItem","position":1,"name":"Portada","item":"https:\/\/exaudi.org\/es\/"},{"@type":"ListItem","position":2,"name":"El Papa Francisco celebra su 88\u00ba cumplea\u00f1os: un d\u00eda de oraci\u00f3n y agradecimiento"}]},{"@type":"WebSite","@id":"https:\/\/exaudi.org\/#website","url":"https:\/\/exaudi.org\/","name":"Exaudi","description":"News","potentialAction":[{"@type":"SearchAction","target":{"@type":"EntryPoint","urlTemplate":"https:\/\/exaudi.org\/?s={search_term_string}"},"query-input":{"@type":"PropertyValueSpecification","valueRequired":true,"valueName":"search_term_string"}}],"inLanguage":"es"},{"@type":"Person","@id":"https:\/\/exaudi.org\/#\/schema\/person\/f5fc8f063065e38742da7afe15f25df7","name":"Exaudi Redacci\u00f3n","image":{"@type":"ImageObject","inLanguage":"es","@id":"https:\/\/secure.gravatar.com\/avatar\/fe0f6a059fb68d9b3e11bc5850dd4899b1c7492091a3cb6dd9b01b56ad828be2?s=96&d=mm&r=g","url":"https:\/\/secure.gravatar.com\/avatar\/fe0f6a059fb68d9b3e11bc5850dd4899b1c7492091a3cb6dd9b01b56ad828be2?s=96&d=mm&r=g","contentUrl":"https:\/\/secure.gravatar.com\/avatar\/fe0f6a059fb68d9b3e11bc5850dd4899b1c7492091a3cb6dd9b01b56ad828be2?s=96&d=mm&r=g","caption":"Exaudi Redacci\u00f3n"},"description":"\u00bfQu\u00e9 es Exaudi News? Exaudi News es un medio de comunicaci\u00f3n cat\u00f3lico internacional que informa, forma y transforma, diariamente en espa\u00f1ol, ingl\u00e9s e italiano. A trav\u00e9s de noticias, art\u00edculos de an\u00e1lisis y transmisiones en directo de los eventos del Papa, Exaudi busca fortalecer la unidad de los cristianos y contribuir a la evangelizaci\u00f3n del mundo, siempre guiados por la doctrina social de la Iglesia. Trabajamos para acercar la verdad y los valores cristianos a cada rinc\u00f3n del planeta. \u00a1Ay\u00fadanos a transformar el mundo con Exaudi! En Exaudi creemos que la evangelizaci\u00f3n y la informaci\u00f3n de calidad pueden cambiar vidas. Para continuar con nuestra misi\u00f3n y expandir nuestro alcance, necesitamos tu ayuda. Adem\u00e1s, buscamos personas comprometidas que deseen unirse a nuestro equipo. Con tu apoyo, lograremos llegar a m\u00e1s personas, difundir el mensaje de Cristo y reforzar la unidad de los cristianos. \u00bfTe unes a nuestra misi\u00f3n? Para m\u00e1s informaci\u00f3n sobre c\u00f3mo colaborar, visita Exaudi.org\/es o cont\u00e1ctanos directamente: info@exaudi.org Exaudi: Informa, forma y transforma.","sameAs":["https:\/\/www.facebook.com\/ExaudiNoticias\/","https:\/\/www.instagram.com\/exaudi_noticias\/","https:\/\/x.com\/Exaudi_noticias","https:\/\/www.youtube.com\/@exaudicatholicnews"],"url":"https:\/\/exaudi.org\/es\/author\/redaccionexaudi\/"}]}},"jetpack_featured_media_url":"https:\/\/exaudi.org\/wp-content\/uploads\/2024\/12\/cq5dam.thumbnail.cropped.750.422-13.jpeg","jetpack_shortlink":"https:\/\/wp.me\/pgKjF2-tXo","_links":{"self":[{"href":"https:\/\/exaudi.org\/es\/wp-json\/wp\/v2\/posts\/115158","targetHints":{"allow":["GET"]}}],"collection":[{"href":"https:\/\/exaudi.org\/es\/wp-json\/wp\/v2\/posts"}],"about":[{"href":"https:\/\/exaudi.org\/es\/wp-json\/wp\/v2\/types\/post"}],"author":[{"embeddable":true,"href":"https:\/\/exaudi.org\/es\/wp-json\/wp\/v2\/users\/15"}],"replies":[{"embeddable":true,"href":"https:\/\/exaudi.org\/es\/wp-json\/wp\/v2\/comments?post=115158"}],"version-history":[{"count":0,"href":"https:\/\/exaudi.org\/es\/wp-json\/wp\/v2\/posts\/115158\/revisions"}],"wp:featuredmedia":[{"embeddable":true,"href":"https:\/\/exaudi.org\/es\/wp-json\/wp\/v2\/media\/115160"}],"wp:attachment":[{"href":"https:\/\/exaudi.org\/es\/wp-json\/wp\/v2\/media?parent=115158"}],"wp:term":[{"taxonomy":"category","embeddable":true,"href":"https:\/\/exaudi.org\/es\/wp-json\/wp\/v2\/categories?post=115158"},{"taxonomy":"post_tag","embeddable":true,"href":"https:\/\/exaudi.org\/es\/wp-json\/wp\/v2\/tags?post=115158"}],"curies":[{"name":"wp","href":"https:\/\/api.w.org\/{rel}","templated":true}]}}