{"id":115081,"date":"2025-12-19T08:00:09","date_gmt":"2025-12-19T07:00:09","guid":{"rendered":"https:\/\/exaudi.org\/?p=115081"},"modified":"2025-12-18T09:38:11","modified_gmt":"2025-12-18T08:38:11","slug":"la-familia-en-vacaciones-tiempo-para-descansar-rezar-y-reavivar-la-fe","status":"publish","type":"post","link":"https:\/\/exaudi.org\/es\/la-familia-en-vacaciones-tiempo-para-descansar-rezar-y-reavivar-la-fe\/","title":{"rendered":"La Familia en Vacaciones: Tiempo para descansar, rezar y reavivar la fe"},"content":{"rendered":"<p>Las vacaciones son un momento privilegiado para la familia, una oportunidad para dejar a un lado las responsabilidades laborales y escolares, y dedicarse plenamente a compartir, descansar y fortalecer los lazos afectivos. Pero, m\u00e1s all\u00e1 del ocio y la diversi\u00f3n, este tiempo tambi\u00e9n puede ser una excelente ocasi\u00f3n para profundizar en la fe y vivir momentos de espiritualidad. Aqu\u00ed te presentamos algunas ideas para aprovechar al m\u00e1ximo las vacaciones en familia.<\/p>\n<p><iframe title=\"Spotify Embed: La Familia en Vacaciones: Tiempo para descansar, rezar y reavivar la fe\" style=\"border-radius: 12px\" width=\"100%\" height=\"152\" frameborder=\"0\" allowfullscreen allow=\"autoplay; clipboard-write; encrypted-media; fullscreen; picture-in-picture\" loading=\"lazy\" src=\"https:\/\/open.spotify.com\/embed\/episode\/6YD0sWLpOjT5okaWK2XK1t?si=07baf0d490374f0b&amp;utm_source=oembed\"><\/iframe><\/p>\n<h3><strong>1. Descansar Juntos<\/strong><\/h3>\n<p>El descanso es esencial para recuperar energ\u00edas y aliviar el estr\u00e9s acumulado durante el a\u00f1o. Las vacaciones permiten a la familia desconectar de las rutinas diarias y disfrutar de actividades relajantes. Es importante planificar momentos de descanso real, como pasar un d\u00eda en la playa, hacer una caminata en la naturaleza o simplemente disfrutar de una tarde de juegos de mesa en casa. Este tiempo juntos ayuda a fortalecer los lazos familiares y a crear recuerdos imborrables.<\/p>\n<h3><strong>2. Rezar en Familia<\/strong><\/h3>\n<p>El tiempo de vacaciones es una oportunidad perfecta para intensificar la vida de oraci\u00f3n en familia. La oraci\u00f3n familiar es una forma poderosa de unir a la familia y acercarse m\u00e1s a Dios. Se pueden establecer momentos espec\u00edficos para rezar juntos, como al levantarse, antes de las comidas y antes de dormir. Tambi\u00e9n es una buena ocasi\u00f3n para rezar el rosario en familia, una pr\u00e1ctica que trae paz y unidad al hogar.<\/p>\n<h3><strong>3. Conversar y Compartir<\/strong><\/h3>\n<p>La comunicaci\u00f3n es clave para una familia unida. Las vacaciones brindan la oportunidad de tener conversaciones profundas y significativas que pueden no ser posibles en la vor\u00e1gine del d\u00eda a d\u00eda. Hablar sobre los sue\u00f1os, preocupaciones y esperanzas de cada miembro de la familia puede fortalecer el v\u00ednculo y mejorar la comprensi\u00f3n mutua. Adem\u00e1s, estos momentos de di\u00e1logo pueden ser una excelente oportunidad para ense\u00f1ar y transmitir valores cristianos.<\/p>\n<h3><strong>4. Cantar Villancicos y Alabar Juntos<\/strong><\/h3>\n<p>Durante el tiempo de Navidad, cantar villancicos en familia no solo es una tradici\u00f3n divertida, sino tambi\u00e9n una manera de alabar a Dios y celebrar el nacimiento de Jes\u00fas. Esta actividad puede ser una forma alegre de vivir la fe y compartir el esp\u00edritu navide\u00f1o. Organizar peque\u00f1as \u00abserenatas\u00bb familiares, incluso virtuales si es necesario, puede ser una experiencia enriquecedora que une a la familia en el amor y la celebraci\u00f3n de Cristo.<\/p>\n<h3><strong>5. Participar en Actividades Lit\u00fargicas<\/strong><\/h3>\n<p>Aprovechar el tiempo libre para asistir a misa juntos y participar en otras actividades lit\u00fargicas es fundamental. Las parroquias suelen organizar eventos especiales durante las vacaciones, como retiros espirituales, adoraciones eucar\u00edsticas y confesiones. Involucrarse en estas actividades no solo fortalece la fe personal, sino que tambi\u00e9n edifica la comunidad parroquial.<\/p>\n<h3><strong>6. Fomentar el Servicio y la Caridad<\/strong><\/h3>\n<p>Las vacaciones tambi\u00e9n pueden ser un momento para pensar en los dem\u00e1s y practicar la caridad. Participar en actividades de servicio comunitario, como visitar a los ancianos, ayudar en comedores sociales o colaborar con organizaciones ben\u00e9ficas, puede ser una manera de ense\u00f1ar a los hijos la importancia de ayudar a los necesitados y vivir el Evangelio en la vida diaria.<\/p>\n<p>Las vacaciones en familia son una oportunidad invaluable para descansar, rezar y fortalecer la fe. Al integrar actividades de ocio con pr\u00e1cticas espirituales, se puede crear un ambiente de amor, unidad y crecimiento espiritual. Siguiendo estas ideas, cada familia puede aprovechar este tiempo para crecer juntos en el amor a Dios y a los dem\u00e1s.<\/p>\n<p><img loading=\"lazy\" decoding=\"async\" class=\"size-full wp-image-150971 alignnone\" src=\"https:\/\/exaudi.org\/wp-content\/uploads\/2025\/12\/Laetare-2.jpg\" alt=\"\" width=\"940\" height=\"788\" srcset=\"https:\/\/exaudi.org\/wp-content\/uploads\/2025\/12\/Laetare-2.jpg 940w, https:\/\/exaudi.org\/wp-content\/uploads\/2025\/12\/Laetare-2-300x251.jpg 300w, https:\/\/exaudi.org\/wp-content\/uploads\/2025\/12\/Laetare-2-770x645.jpg 770w, https:\/\/exaudi.org\/wp-content\/uploads\/2025\/12\/Laetare-2-500x419.jpg 500w\" sizes=\"auto, (max-width: 940px) 100vw, 940px\" \/><\/p>\n","protected":false},"excerpt":{"rendered":"<p>Tiempo de unidad, familia y oraci\u00f3n<\/p>\n","protected":false},"author":154,"featured_media":115082,"comment_status":"closed","ping_status":"closed","sticky":false,"template":"","format":"standard","meta":{"_acf_changed":false,"_crdt_document":"","inline_featured_image":false,"footnotes":""},"categories":[72],"tags":[37434,5024,18420,2470,1371,617,3164,32678,676,37435,58880,3151,19540,5199],"class_list":["post-115081","post","type-post","status-publish","format-standard","has-post-thumbnail","hentry","category-analisis","tag-actividades-liturgicas","tag-adviento","tag-comunicacion-familiar","tag-descanso","tag-espiritualidad","tag-familia","tag-fe-es","tag-navidad-en-familia","tag-oracion","tag-servicio-comunitario","tag-trending-es-151","tag-vacaciones","tag-valores-cristianos","tag-villancicos"],"acf":[],"yoast_head":"<!-- This site is optimized with the Yoast SEO plugin v27.5 - https:\/\/yoast.com\/product\/yoast-seo-wordpress\/ -->\n<title>La Familia en Vacaciones: Tiempo para descansar, rezar y reavivar la fe &#8211; Exaudi<\/title>\n<meta name=\"robots\" content=\"index, follow, max-snippet:-1, max-image-preview:large, max-video-preview:-1\" \/>\n<link rel=\"canonical\" href=\"https:\/\/exaudi.org\/es\/family-vacation-time-to-rest-pray-and-rekindle-faith\/\" \/>\n<meta property=\"og:locale\" content=\"es_ES\" \/>\n<meta property=\"og:type\" content=\"article\" \/>\n<meta property=\"og:title\" content=\"La Familia en Vacaciones: Tiempo para descansar, rezar y reavivar la fe &#8211; Exaudi\" \/>\n<meta property=\"og:description\" content=\"Tiempo de unidad, familia y oraci\u00f3n\" \/>\n<meta property=\"og:url\" content=\"https:\/\/exaudi.org\/family-vacation-time-to-rest-pray-and-rekindle-faith\/\" \/>\n<meta property=\"og:site_name\" content=\"Exaudi\" \/>\n<meta property=\"article:publisher\" content=\"https:\/\/www.facebook.com\/ExaudiNews\" \/>\n<meta property=\"article:published_time\" content=\"2025-12-19T07:00:09+00:00\" \/>\n<meta property=\"og:image\" content=\"https:\/\/exaudi.org\/wp-content\/uploads\/2024\/12\/pexels-helen1-14737999-scaled.jpg\" \/>\n\t<meta property=\"og:image:width\" content=\"2560\" \/>\n\t<meta property=\"og:image:height\" content=\"1707\" \/>\n\t<meta property=\"og:image:type\" content=\"image\/jpeg\" \/>\n<meta name=\"author\" content=\"Laetare\" \/>\n<meta name=\"twitter:card\" content=\"summary_large_image\" \/>\n<meta name=\"twitter:creator\" content=\"@Exaudi_News\" \/>\n<meta name=\"twitter:site\" content=\"@Exaudi_News\" \/>\n<meta name=\"twitter:label1\" content=\"Escrito por\" \/>\n\t<meta name=\"twitter:data1\" content=\"Laetare\" \/>\n\t<meta name=\"twitter:label2\" content=\"Tiempo de lectura\" \/>\n\t<meta name=\"twitter:data2\" content=\"3 minutos\" \/>\n<script type=\"application\/ld+json\" class=\"yoast-schema-graph\">{\"@context\":\"https:\\\/\\\/schema.org\",\"@graph\":[{\"@type\":\"Article\",\"@id\":\"https:\\\/\\\/exaudi.org\\\/family-vacation-time-to-rest-pray-and-rekindle-faith\\\/#article\",\"isPartOf\":{\"@id\":\"https:\\\/\\\/exaudi.org\\\/family-vacation-time-to-rest-pray-and-rekindle-faith\\\/\"},\"author\":{\"name\":\"Laetare\",\"@id\":\"https:\\\/\\\/exaudi.org\\\/#\\\/schema\\\/person\\\/b4f60770b050db60868378f3d473b3d4\"},\"headline\":\"La Familia en Vacaciones: Tiempo para descansar, rezar y reavivar la fe\",\"datePublished\":\"2025-12-19T07:00:09+00:00\",\"mainEntityOfPage\":{\"@id\":\"https:\\\/\\\/exaudi.org\\\/family-vacation-time-to-rest-pray-and-rekindle-faith\\\/\"},\"wordCount\":619,\"image\":{\"@id\":\"https:\\\/\\\/exaudi.org\\\/family-vacation-time-to-rest-pray-and-rekindle-faith\\\/#primaryimage\"},\"thumbnailUrl\":\"https:\\\/\\\/exaudi.org\\\/wp-content\\\/uploads\\\/2024\\\/12\\\/pexels-helen1-14737999-scaled.jpg\",\"keywords\":[\"actividades lit\u00fargicas\",\"Adviento\",\"comunicaci\u00f3n familiar\",\"Descanso\",\"Espiritualidad\",\"Familia\",\"fe\",\"Navidad en familia\",\"Oraci\u00f3n\",\"servicio comunitario\",\"Trending\",\"Vacaciones\",\"valores cristianos\",\"Villancicos\"],\"articleSection\":[\"An\u00e1lisis\"],\"inLanguage\":\"es\"},{\"@type\":\"WebPage\",\"@id\":\"https:\\\/\\\/exaudi.org\\\/family-vacation-time-to-rest-pray-and-rekindle-faith\\\/\",\"url\":\"https:\\\/\\\/exaudi.org\\\/family-vacation-time-to-rest-pray-and-rekindle-faith\\\/\",\"name\":\"La Familia en Vacaciones: Tiempo para descansar, rezar y reavivar la fe &#8211; Exaudi\",\"isPartOf\":{\"@id\":\"https:\\\/\\\/exaudi.org\\\/#website\"},\"primaryImageOfPage\":{\"@id\":\"https:\\\/\\\/exaudi.org\\\/family-vacation-time-to-rest-pray-and-rekindle-faith\\\/#primaryimage\"},\"image\":{\"@id\":\"https:\\\/\\\/exaudi.org\\\/family-vacation-time-to-rest-pray-and-rekindle-faith\\\/#primaryimage\"},\"thumbnailUrl\":\"https:\\\/\\\/exaudi.org\\\/wp-content\\\/uploads\\\/2024\\\/12\\\/pexels-helen1-14737999-scaled.jpg\",\"datePublished\":\"2025-12-19T07:00:09+00:00\",\"author\":{\"@id\":\"https:\\\/\\\/exaudi.org\\\/#\\\/schema\\\/person\\\/b4f60770b050db60868378f3d473b3d4\"},\"breadcrumb\":{\"@id\":\"https:\\\/\\\/exaudi.org\\\/family-vacation-time-to-rest-pray-and-rekindle-faith\\\/#breadcrumb\"},\"inLanguage\":\"es\",\"potentialAction\":[{\"@type\":\"ReadAction\",\"target\":[\"https:\\\/\\\/exaudi.org\\\/family-vacation-time-to-rest-pray-and-rekindle-faith\\\/\"]}]},{\"@type\":\"ImageObject\",\"inLanguage\":\"es\",\"@id\":\"https:\\\/\\\/exaudi.org\\\/family-vacation-time-to-rest-pray-and-rekindle-faith\\\/#primaryimage\",\"url\":\"https:\\\/\\\/exaudi.org\\\/wp-content\\\/uploads\\\/2024\\\/12\\\/pexels-helen1-14737999-scaled.jpg\",\"contentUrl\":\"https:\\\/\\\/exaudi.org\\\/wp-content\\\/uploads\\\/2024\\\/12\\\/pexels-helen1-14737999-scaled.jpg\",\"width\":2560,\"height\":1707,\"caption\":\"Pexels . Helena Jankovi\u010dov\u00e1 Kov\u00e1\u010dov\u00e1\"},{\"@type\":\"BreadcrumbList\",\"@id\":\"https:\\\/\\\/exaudi.org\\\/family-vacation-time-to-rest-pray-and-rekindle-faith\\\/#breadcrumb\",\"itemListElement\":[{\"@type\":\"ListItem\",\"position\":1,\"name\":\"Portada\",\"item\":\"https:\\\/\\\/exaudi.org\\\/es\\\/\"},{\"@type\":\"ListItem\",\"position\":2,\"name\":\"La Familia en Vacaciones: Tiempo para descansar, rezar y reavivar la fe\"}]},{\"@type\":\"WebSite\",\"@id\":\"https:\\\/\\\/exaudi.org\\\/#website\",\"url\":\"https:\\\/\\\/exaudi.org\\\/\",\"name\":\"Exaudi\",\"description\":\"News\",\"potentialAction\":[{\"@type\":\"SearchAction\",\"target\":{\"@type\":\"EntryPoint\",\"urlTemplate\":\"https:\\\/\\\/exaudi.org\\\/?s={search_term_string}\"},\"query-input\":{\"@type\":\"PropertyValueSpecification\",\"valueRequired\":true,\"valueName\":\"search_term_string\"}}],\"inLanguage\":\"es\"},{\"@type\":\"Person\",\"@id\":\"https:\\\/\\\/exaudi.org\\\/#\\\/schema\\\/person\\\/b4f60770b050db60868378f3d473b3d4\",\"name\":\"Laetare\",\"image\":{\"@type\":\"ImageObject\",\"inLanguage\":\"es\",\"@id\":\"https:\\\/\\\/secure.gravatar.com\\\/avatar\\\/239ae5fc763d8bf7c26706d150679faa0bec9e2d51089775f40e9decb4806f15?s=96&d=mm&r=g\",\"url\":\"https:\\\/\\\/secure.gravatar.com\\\/avatar\\\/239ae5fc763d8bf7c26706d150679faa0bec9e2d51089775f40e9decb4806f15?s=96&d=mm&r=g\",\"contentUrl\":\"https:\\\/\\\/secure.gravatar.com\\\/avatar\\\/239ae5fc763d8bf7c26706d150679faa0bec9e2d51089775f40e9decb4806f15?s=96&d=mm&r=g\",\"caption\":\"Laetare\"},\"description\":\"Laetare es una asociaci\u00f3n fundada por Gabriel N\u00fa\u00f1ez, nacida en Sevilla con el prop\u00f3sito de defender y promover el desarrollo integral de la familia cristiana. Su actividad se organiza en cuatro ejes fundamentales: sensibilizar, orar, formar y servir. La asociaci\u00f3n trabaja en la preservaci\u00f3n de la familia como pilar de la sociedad, ofreciendo formaci\u00f3n especializada, retiros espirituales y apoyo integral a matrimonios en crisis, con un enfoque basado en la doctrina cat\u00f3lica y la acci\u00f3n comunitaria.\",\"url\":\"https:\\\/\\\/exaudi.org\\\/es\\\/author\\\/laetare\\\/\"}]}<\/script>\n<!-- \/ Yoast SEO plugin. -->","yoast_head_json":{"title":"La Familia en Vacaciones: Tiempo para descansar, rezar y reavivar la fe &#8211; Exaudi","robots":{"index":"index","follow":"follow","max-snippet":"max-snippet:-1","max-image-preview":"max-image-preview:large","max-video-preview":"max-video-preview:-1"},"canonical":"https:\/\/exaudi.org\/es\/family-vacation-time-to-rest-pray-and-rekindle-faith\/","og_locale":"es_ES","og_type":"article","og_title":"La Familia en Vacaciones: Tiempo para descansar, rezar y reavivar la fe &#8211; Exaudi","og_description":"Tiempo de unidad, familia y oraci\u00f3n","og_url":"https:\/\/exaudi.org\/family-vacation-time-to-rest-pray-and-rekindle-faith\/","og_site_name":"Exaudi","article_publisher":"https:\/\/www.facebook.com\/ExaudiNews","article_published_time":"2025-12-19T07:00:09+00:00","og_image":[{"width":2560,"height":1707,"url":"https:\/\/exaudi.org\/wp-content\/uploads\/2024\/12\/pexels-helen1-14737999-scaled.jpg","type":"image\/jpeg"}],"author":"Laetare","twitter_card":"summary_large_image","twitter_creator":"@Exaudi_News","twitter_site":"@Exaudi_News","twitter_misc":{"Escrito por":"Laetare","Tiempo de lectura":"3 minutos"},"schema":{"@context":"https:\/\/schema.org","@graph":[{"@type":"Article","@id":"https:\/\/exaudi.org\/family-vacation-time-to-rest-pray-and-rekindle-faith\/#article","isPartOf":{"@id":"https:\/\/exaudi.org\/family-vacation-time-to-rest-pray-and-rekindle-faith\/"},"author":{"name":"Laetare","@id":"https:\/\/exaudi.org\/#\/schema\/person\/b4f60770b050db60868378f3d473b3d4"},"headline":"La Familia en Vacaciones: Tiempo para descansar, rezar y reavivar la fe","datePublished":"2025-12-19T07:00:09+00:00","mainEntityOfPage":{"@id":"https:\/\/exaudi.org\/family-vacation-time-to-rest-pray-and-rekindle-faith\/"},"wordCount":619,"image":{"@id":"https:\/\/exaudi.org\/family-vacation-time-to-rest-pray-and-rekindle-faith\/#primaryimage"},"thumbnailUrl":"https:\/\/exaudi.org\/wp-content\/uploads\/2024\/12\/pexels-helen1-14737999-scaled.jpg","keywords":["actividades lit\u00fargicas","Adviento","comunicaci\u00f3n familiar","Descanso","Espiritualidad","Familia","fe","Navidad en familia","Oraci\u00f3n","servicio comunitario","Trending","Vacaciones","valores cristianos","Villancicos"],"articleSection":["An\u00e1lisis"],"inLanguage":"es"},{"@type":"WebPage","@id":"https:\/\/exaudi.org\/family-vacation-time-to-rest-pray-and-rekindle-faith\/","url":"https:\/\/exaudi.org\/family-vacation-time-to-rest-pray-and-rekindle-faith\/","name":"La Familia en Vacaciones: Tiempo para descansar, rezar y reavivar la fe &#8211; Exaudi","isPartOf":{"@id":"https:\/\/exaudi.org\/#website"},"primaryImageOfPage":{"@id":"https:\/\/exaudi.org\/family-vacation-time-to-rest-pray-and-rekindle-faith\/#primaryimage"},"image":{"@id":"https:\/\/exaudi.org\/family-vacation-time-to-rest-pray-and-rekindle-faith\/#primaryimage"},"thumbnailUrl":"https:\/\/exaudi.org\/wp-content\/uploads\/2024\/12\/pexels-helen1-14737999-scaled.jpg","datePublished":"2025-12-19T07:00:09+00:00","author":{"@id":"https:\/\/exaudi.org\/#\/schema\/person\/b4f60770b050db60868378f3d473b3d4"},"breadcrumb":{"@id":"https:\/\/exaudi.org\/family-vacation-time-to-rest-pray-and-rekindle-faith\/#breadcrumb"},"inLanguage":"es","potentialAction":[{"@type":"ReadAction","target":["https:\/\/exaudi.org\/family-vacation-time-to-rest-pray-and-rekindle-faith\/"]}]},{"@type":"ImageObject","inLanguage":"es","@id":"https:\/\/exaudi.org\/family-vacation-time-to-rest-pray-and-rekindle-faith\/#primaryimage","url":"https:\/\/exaudi.org\/wp-content\/uploads\/2024\/12\/pexels-helen1-14737999-scaled.jpg","contentUrl":"https:\/\/exaudi.org\/wp-content\/uploads\/2024\/12\/pexels-helen1-14737999-scaled.jpg","width":2560,"height":1707,"caption":"Pexels . Helena Jankovi\u010dov\u00e1 Kov\u00e1\u010dov\u00e1"},{"@type":"BreadcrumbList","@id":"https:\/\/exaudi.org\/family-vacation-time-to-rest-pray-and-rekindle-faith\/#breadcrumb","itemListElement":[{"@type":"ListItem","position":1,"name":"Portada","item":"https:\/\/exaudi.org\/es\/"},{"@type":"ListItem","position":2,"name":"La Familia en Vacaciones: Tiempo para descansar, rezar y reavivar la fe"}]},{"@type":"WebSite","@id":"https:\/\/exaudi.org\/#website","url":"https:\/\/exaudi.org\/","name":"Exaudi","description":"News","potentialAction":[{"@type":"SearchAction","target":{"@type":"EntryPoint","urlTemplate":"https:\/\/exaudi.org\/?s={search_term_string}"},"query-input":{"@type":"PropertyValueSpecification","valueRequired":true,"valueName":"search_term_string"}}],"inLanguage":"es"},{"@type":"Person","@id":"https:\/\/exaudi.org\/#\/schema\/person\/b4f60770b050db60868378f3d473b3d4","name":"Laetare","image":{"@type":"ImageObject","inLanguage":"es","@id":"https:\/\/secure.gravatar.com\/avatar\/239ae5fc763d8bf7c26706d150679faa0bec9e2d51089775f40e9decb4806f15?s=96&d=mm&r=g","url":"https:\/\/secure.gravatar.com\/avatar\/239ae5fc763d8bf7c26706d150679faa0bec9e2d51089775f40e9decb4806f15?s=96&d=mm&r=g","contentUrl":"https:\/\/secure.gravatar.com\/avatar\/239ae5fc763d8bf7c26706d150679faa0bec9e2d51089775f40e9decb4806f15?s=96&d=mm&r=g","caption":"Laetare"},"description":"Laetare es una asociaci\u00f3n fundada por Gabriel N\u00fa\u00f1ez, nacida en Sevilla con el prop\u00f3sito de defender y promover el desarrollo integral de la familia cristiana. Su actividad se organiza en cuatro ejes fundamentales: sensibilizar, orar, formar y servir. La asociaci\u00f3n trabaja en la preservaci\u00f3n de la familia como pilar de la sociedad, ofreciendo formaci\u00f3n especializada, retiros espirituales y apoyo integral a matrimonios en crisis, con un enfoque basado en la doctrina cat\u00f3lica y la acci\u00f3n comunitaria.","url":"https:\/\/exaudi.org\/es\/author\/laetare\/"}]}},"jetpack_featured_media_url":"https:\/\/exaudi.org\/wp-content\/uploads\/2024\/12\/pexels-helen1-14737999-scaled.jpg","jetpack_shortlink":"https:\/\/wp.me\/pgKjF2-tW9","_links":{"self":[{"href":"https:\/\/exaudi.org\/es\/wp-json\/wp\/v2\/posts\/115081","targetHints":{"allow":["GET"]}}],"collection":[{"href":"https:\/\/exaudi.org\/es\/wp-json\/wp\/v2\/posts"}],"about":[{"href":"https:\/\/exaudi.org\/es\/wp-json\/wp\/v2\/types\/post"}],"author":[{"embeddable":true,"href":"https:\/\/exaudi.org\/es\/wp-json\/wp\/v2\/users\/154"}],"replies":[{"embeddable":true,"href":"https:\/\/exaudi.org\/es\/wp-json\/wp\/v2\/comments?post=115081"}],"version-history":[{"count":3,"href":"https:\/\/exaudi.org\/es\/wp-json\/wp\/v2\/posts\/115081\/revisions"}],"predecessor-version":[{"id":150975,"href":"https:\/\/exaudi.org\/es\/wp-json\/wp\/v2\/posts\/115081\/revisions\/150975"}],"wp:featuredmedia":[{"embeddable":true,"href":"https:\/\/exaudi.org\/es\/wp-json\/wp\/v2\/media\/115082"}],"wp:attachment":[{"href":"https:\/\/exaudi.org\/es\/wp-json\/wp\/v2\/media?parent=115081"}],"wp:term":[{"taxonomy":"category","embeddable":true,"href":"https:\/\/exaudi.org\/es\/wp-json\/wp\/v2\/categories?post=115081"},{"taxonomy":"post_tag","embeddable":true,"href":"https:\/\/exaudi.org\/es\/wp-json\/wp\/v2\/tags?post=115081"}],"curies":[{"name":"wp","href":"https:\/\/api.w.org\/{rel}","templated":true}]}}