{"id":115014,"date":"2024-12-16T08:47:33","date_gmt":"2024-12-16T07:47:33","guid":{"rendered":"https:\/\/exaudi.org\/?p=115014"},"modified":"2024-12-16T10:44:52","modified_gmt":"2024-12-16T09:44:52","slug":"seguridad-psicologica-desde-la-familia-a-la-empresa","status":"publish","type":"post","link":"https:\/\/exaudi.org\/es\/seguridad-psicologica-desde-la-familia-a-la-empresa\/","title":{"rendered":"Seguridad Psicol\u00f3gica, desde la familia a la empresa"},"content":{"rendered":"<p id=\"ember562\" class=\"ember-view reader-text-block__paragraph\">Hoy en d\u00eda, el termino seguridad psicol\u00f3gica, esta asociado a como se sienten las personas en sus entornos de trabajo en general y como esto ayuda a desarrollar y potenciar m\u00e1s los equipos de trabajo. Sin embargo, la seguridad psicol\u00f3gica es tan antiguo como el ser humano y la familia.<\/p>\n<p><iframe title=\"Spotify Embed: Seguridad Psicol\u00f3gica, desde la familia a la empresa\" style=\"border-radius: 12px\" width=\"100%\" height=\"152\" frameborder=\"0\" allowfullscreen allow=\"autoplay; clipboard-write; encrypted-media; fullscreen; picture-in-picture\" loading=\"lazy\" src=\"https:\/\/open.spotify.com\/embed\/episode\/0zshIhGNIyI7j9yEXsnrAJ?si=106e39fbc43a4415&#038;utm_source=oembed\"><\/iframe><\/p>\n<p id=\"ember563\" class=\"ember-view reader-text-block__paragraph\">La definici\u00f3n de seguridad psicol\u00f3gica dentro del \u00e1mbito organizacional se origin\u00f3 en 1960, son Edgar Schein y Warren Bennis, quienes indicaron que \u00e9sta, facilita la disposici\u00f3n de las personas para aprender y cambiar. En los a\u00f1os 90, otro investigador, William Kahn, indic\u00f3 \u201cEs la habilidad de ser capaz de mostrarse a s\u00ed mismo, sin temor a encontrar consecuencias negativas para su imagen, su estatus o su desarrollo de carrera\u201d<\/p>\n<p id=\"ember564\" class=\"ember-view reader-text-block__paragraph\">Posteriormente, Amy Edmonson, investigadora y acad\u00e9mica americana especializada en el tema (cuenta con varios libros y art\u00edculos asociados a seguridad psicol\u00f3gica), hace menci\u00f3n que esta, es la base o fundamento para la innovaci\u00f3n y el aprendizaje continuo, entre otras cosas.<\/p>\n<p id=\"ember565\" class=\"ember-view reader-text-block__paragraph\">M\u00e1s recientemente, Timothy Clark, en su libro publicado \u00a0a inicios del 2023, titulado \u201clas cuatro etapas de la seguridad psicol\u00f3gica\u201d indica que \u00e9sta, es un proceso donde las personas en toda organizaci\u00f3n, se deben sentir incluidas, listas para aprender, contribuir y desafiar.<\/p>\n<p id=\"ember566\" class=\"ember-view reader-text-block__paragraph\">Luego de este breve y sucinto paso por la visi\u00f3n de la psicolog\u00eda organizacional y lo asociado al termino seguridad psicol\u00f3gica, quisiera extrapolarlo a como lo aplicamos de manera natural en nuestras familias, esto con un ejemplo real que me ha tocado vivir.<\/p>\n<p id=\"ember567\" class=\"ember-view reader-text-block__paragraph\">Mi esposa, quien trabaja en una empresa americana, ha sido trasladada nuevamente de pa\u00eds, pronto (en los siguientes meses) dejaremos Argentina y llegaremos a Colombia, esto ha tra\u00eddo para todos los integrantes de nuestra familia, chicas de 21, 18 y 14 a\u00f1os y nosotros mismos, interrogantes-preguntas, opiniones, etc\u2026 desde donde vivir\u00e1n las chicas mayores, que se quedan en Buenos Aires y estudiar\u00e1n en universidades que se ubican literalmente en extremos opuestos de la ciudad, como se movilizar\u00e1n, entre otras cosas m\u00e1s, por otro lado, la m\u00e1s peque\u00f1a de las chicas, nos ha dado muestra de los mayores signos de adaptabilidad ante un nuevo entorno y el que debe aprender de esa actitud soy yo\u2026 como haremos con las dos mascotas de la familia\u2026 Pepi la perrita Labradora Retriver, que hemos heredado en este tiempo y que se queda en Argentina con las chicas, versus Brisa la Golden Retriver que nos acompa\u00f1a desde Per\u00fa y que se ir\u00e1 tambi\u00e9n a Colombia, etc.<\/p>\n<p id=\"ember568\" class=\"ember-view reader-text-block__paragraph\">Mirando en retrospectiva este acontecimiento y como hemos tomado varias decisiones asociadas a esto, les comparto, lo que los cinco integrantes de nuestra familia ha aprendido y de seguro nos servir\u00e1 para eventos futuros.<\/p>\n<ul>\n<li id=\"ember572\" class=\"ember-view reader-text-block__paragraph\">Abrirnos, estar dispuestos a escuchar sin interrupciones, opiniones que no necesariamente compartimos y eran divergentes entre s\u00ed.<\/li>\n<li id=\"ember573\" class=\"ember-view reader-text-block__paragraph\">Tratar de ser emp\u00e1ticos con los dem\u00e1s, debo admitir que eso me cuesta.<\/li>\n<li id=\"ember574\" class=\"ember-view reader-text-block__paragraph\">Llegar a consensos, entender que la comunicaci\u00f3n es de doble v\u00eda.<\/li>\n<li id=\"ember575\" class=\"ember-view reader-text-block__paragraph\">Ser conscientes que todos debemos colaborar, para que esta nueva forma de convivir a distancia, fluya de la mejor manera posible.<\/li>\n<li id=\"ember576\" class=\"ember-view reader-text-block__paragraph\">Entender que este reto, nos har\u00e1 a todos m\u00e1s creativos y resolutivos con los inconvenientes que enfrentemos.<\/li>\n<li id=\"ember577\" class=\"ember-view reader-text-block__paragraph\">Tener presente que nos vamos a equivocar posiblemente, pero que es parte de todo este proceso.<\/li>\n<li id=\"ember578\" class=\"ember-view reader-text-block__paragraph\">Entender que nuestro papel (Jessica y yo) como lideres de esta organizaci\u00f3n bic\u00e9fala, es hacer que las chicas sientan, que sus opiniones son escuchadas, valoradas, que aportan valor y son innovadoras inclusive.<\/li>\n<\/ul>\n<p id=\"ember579\" class=\"ember-view reader-text-block__paragraph\">Como dijo, Charles Darwin en el siglo XIX, \u201cNo es el m\u00e1s fuerte ni el m\u00e1s inteligente el que sobrevive, sino el que se adapta mejor al cambio\u201d.<\/p>\n<p id=\"ember580\" class=\"ember-view reader-text-block__paragraph\">Sin ninguna duda, todos queremos ser o tener, colaboradores m\u00e1s eficientes, productivos, e innovadores, \u2026 empecemos en nuestro entorno m\u00e1s cercano, Nuestras Familias.<\/p>\n<p id=\"ember581\" class=\"ember-view reader-text-block__paragraph\">Que dices\u2026te animas a remar contra corriente\u2026 y contribuir a tener mejores empresas-organizaciones y la sociedad en su conjunto.<\/p>\n","protected":false},"excerpt":{"rendered":"<p>Clave para la Innovaci\u00f3n y el Aprendizaje<\/p>\n","protected":false},"author":134,"featured_media":115015,"comment_status":"closed","ping_status":"closed","sticky":false,"template":"","format":"standard","meta":{"_acf_changed":false,"_crdt_document":"","inline_featured_image":false,"footnotes":""},"categories":[130],"tags":[37341,37339,7286,617,15535,37340,15622,37338,4953],"class_list":["post-115014","post","type-post","status-publish","format-standard","has-post-thumbnail","hentry","category-voces","tag-clement-proust","tag-desde-la-familia-a-la-empresa","tag-empresa","tag-familia","tag-hugo-saldana-estrada","tag-nina","tag-pexels","tag-seguridad-psicologica","tag-trending-es"],"acf":[],"yoast_head":"<!-- This site is optimized with the Yoast SEO plugin v27.5 - https:\/\/yoast.com\/product\/yoast-seo-wordpress\/ -->\n<title>Seguridad Psicol\u00f3gica, desde la familia a la empresa &#8211; Exaudi<\/title>\n<meta name=\"robots\" content=\"index, follow, max-snippet:-1, max-image-preview:large, max-video-preview:-1\" \/>\n<link rel=\"canonical\" href=\"https:\/\/exaudi.org\/es\/seguridad-psicologica-desde-la-familia-a-la-empresa\/\" \/>\n<meta property=\"og:locale\" content=\"es_ES\" \/>\n<meta property=\"og:type\" content=\"article\" \/>\n<meta property=\"og:title\" content=\"Seguridad Psicol\u00f3gica, desde la familia a la empresa &#8211; Exaudi\" \/>\n<meta property=\"og:description\" content=\"Clave para la Innovaci\u00f3n y el Aprendizaje\" \/>\n<meta property=\"og:url\" content=\"https:\/\/exaudi.org\/es\/seguridad-psicologica-desde-la-familia-a-la-empresa\/\" \/>\n<meta property=\"og:site_name\" content=\"Exaudi\" \/>\n<meta property=\"article:publisher\" content=\"https:\/\/www.facebook.com\/ExaudiNews\" \/>\n<meta property=\"article:published_time\" content=\"2024-12-16T07:47:33+00:00\" \/>\n<meta property=\"article:modified_time\" content=\"2024-12-16T09:44:52+00:00\" \/>\n<meta property=\"og:image\" content=\"https:\/\/exaudi.org\/wp-content\/uploads\/2024\/12\/pexels-clement-proust-363898785-18114720-scaled-e1734335238978.jpg\" \/>\n\t<meta property=\"og:image:width\" content=\"1706\" \/>\n\t<meta property=\"og:image:height\" content=\"1181\" \/>\n\t<meta property=\"og:image:type\" content=\"image\/jpeg\" \/>\n<meta name=\"author\" content=\"Hugo Salda\u00f1a Estrada\" \/>\n<meta name=\"twitter:card\" content=\"summary_large_image\" \/>\n<meta name=\"twitter:creator\" content=\"@Exaudi_News\" \/>\n<meta name=\"twitter:site\" content=\"@Exaudi_News\" \/>\n<meta name=\"twitter:label1\" content=\"Escrito por\" \/>\n\t<meta name=\"twitter:data1\" content=\"Hugo Salda\u00f1a Estrada\" \/>\n\t<meta name=\"twitter:label2\" content=\"Tiempo de lectura\" \/>\n\t<meta name=\"twitter:data2\" content=\"3 minutos\" \/>\n<script type=\"application\/ld+json\" class=\"yoast-schema-graph\">{\"@context\":\"https:\\\/\\\/schema.org\",\"@graph\":[{\"@type\":\"Article\",\"@id\":\"https:\\\/\\\/exaudi.org\\\/es\\\/seguridad-psicologica-desde-la-familia-a-la-empresa\\\/#article\",\"isPartOf\":{\"@id\":\"https:\\\/\\\/exaudi.org\\\/es\\\/seguridad-psicologica-desde-la-familia-a-la-empresa\\\/\"},\"author\":{\"name\":\"Hugo Salda\u00f1a Estrada\",\"@id\":\"https:\\\/\\\/exaudi.org\\\/#\\\/schema\\\/person\\\/353d70da24ff03991a0f19b1948992e3\"},\"headline\":\"Seguridad Psicol\u00f3gica, desde la familia a la empresa\",\"datePublished\":\"2024-12-16T07:47:33+00:00\",\"dateModified\":\"2024-12-16T09:44:52+00:00\",\"mainEntityOfPage\":{\"@id\":\"https:\\\/\\\/exaudi.org\\\/es\\\/seguridad-psicologica-desde-la-familia-a-la-empresa\\\/\"},\"wordCount\":692,\"image\":{\"@id\":\"https:\\\/\\\/exaudi.org\\\/es\\\/seguridad-psicologica-desde-la-familia-a-la-empresa\\\/#primaryimage\"},\"thumbnailUrl\":\"https:\\\/\\\/exaudi.org\\\/wp-content\\\/uploads\\\/2024\\\/12\\\/pexels-clement-proust-363898785-18114720-scaled-e1734335238978.jpg\",\"keywords\":[\"Cl\u00e9ment Proust\",\"desde la familia a la empresa\",\"empresa\",\"Familia\",\"Hugo Salda\u00f1a Estrada\",\"Ni\u00f1a\",\"Pexels\",\"Seguridad Psicol\u00f3gica\",\"Trending\"],\"articleSection\":[\"Voces\"],\"inLanguage\":\"es\"},{\"@type\":\"WebPage\",\"@id\":\"https:\\\/\\\/exaudi.org\\\/es\\\/seguridad-psicologica-desde-la-familia-a-la-empresa\\\/\",\"url\":\"https:\\\/\\\/exaudi.org\\\/es\\\/seguridad-psicologica-desde-la-familia-a-la-empresa\\\/\",\"name\":\"Seguridad Psicol\u00f3gica, desde la familia a la empresa &#8211; Exaudi\",\"isPartOf\":{\"@id\":\"https:\\\/\\\/exaudi.org\\\/#website\"},\"primaryImageOfPage\":{\"@id\":\"https:\\\/\\\/exaudi.org\\\/es\\\/seguridad-psicologica-desde-la-familia-a-la-empresa\\\/#primaryimage\"},\"image\":{\"@id\":\"https:\\\/\\\/exaudi.org\\\/es\\\/seguridad-psicologica-desde-la-familia-a-la-empresa\\\/#primaryimage\"},\"thumbnailUrl\":\"https:\\\/\\\/exaudi.org\\\/wp-content\\\/uploads\\\/2024\\\/12\\\/pexels-clement-proust-363898785-18114720-scaled-e1734335238978.jpg\",\"datePublished\":\"2024-12-16T07:47:33+00:00\",\"dateModified\":\"2024-12-16T09:44:52+00:00\",\"author\":{\"@id\":\"https:\\\/\\\/exaudi.org\\\/#\\\/schema\\\/person\\\/353d70da24ff03991a0f19b1948992e3\"},\"breadcrumb\":{\"@id\":\"https:\\\/\\\/exaudi.org\\\/es\\\/seguridad-psicologica-desde-la-familia-a-la-empresa\\\/#breadcrumb\"},\"inLanguage\":\"es\",\"potentialAction\":[{\"@type\":\"ReadAction\",\"target\":[\"https:\\\/\\\/exaudi.org\\\/es\\\/seguridad-psicologica-desde-la-familia-a-la-empresa\\\/\"]}]},{\"@type\":\"ImageObject\",\"inLanguage\":\"es\",\"@id\":\"https:\\\/\\\/exaudi.org\\\/es\\\/seguridad-psicologica-desde-la-familia-a-la-empresa\\\/#primaryimage\",\"url\":\"https:\\\/\\\/exaudi.org\\\/wp-content\\\/uploads\\\/2024\\\/12\\\/pexels-clement-proust-363898785-18114720-scaled-e1734335238978.jpg\",\"contentUrl\":\"https:\\\/\\\/exaudi.org\\\/wp-content\\\/uploads\\\/2024\\\/12\\\/pexels-clement-proust-363898785-18114720-scaled-e1734335238978.jpg\",\"width\":1706,\"height\":1181,\"caption\":\"Pexels . Cl\u00e9ment Proust\"},{\"@type\":\"BreadcrumbList\",\"@id\":\"https:\\\/\\\/exaudi.org\\\/es\\\/seguridad-psicologica-desde-la-familia-a-la-empresa\\\/#breadcrumb\",\"itemListElement\":[{\"@type\":\"ListItem\",\"position\":1,\"name\":\"Portada\",\"item\":\"https:\\\/\\\/exaudi.org\\\/es\\\/\"},{\"@type\":\"ListItem\",\"position\":2,\"name\":\"Seguridad Psicol\u00f3gica, desde la familia a la empresa\"}]},{\"@type\":\"WebSite\",\"@id\":\"https:\\\/\\\/exaudi.org\\\/#website\",\"url\":\"https:\\\/\\\/exaudi.org\\\/\",\"name\":\"Exaudi\",\"description\":\"News\",\"potentialAction\":[{\"@type\":\"SearchAction\",\"target\":{\"@type\":\"EntryPoint\",\"urlTemplate\":\"https:\\\/\\\/exaudi.org\\\/?s={search_term_string}\"},\"query-input\":{\"@type\":\"PropertyValueSpecification\",\"valueRequired\":true,\"valueName\":\"search_term_string\"}}],\"inLanguage\":\"es\"},{\"@type\":\"Person\",\"@id\":\"https:\\\/\\\/exaudi.org\\\/#\\\/schema\\\/person\\\/353d70da24ff03991a0f19b1948992e3\",\"name\":\"Hugo Salda\u00f1a Estrada\",\"image\":{\"@type\":\"ImageObject\",\"inLanguage\":\"es\",\"@id\":\"https:\\\/\\\/secure.gravatar.com\\\/avatar\\\/aec371521ec3d7c6916577aaa96c57dd491f5cbb6c5480ff969ad34bc7f63c6a?s=96&d=mm&r=g\",\"url\":\"https:\\\/\\\/secure.gravatar.com\\\/avatar\\\/aec371521ec3d7c6916577aaa96c57dd491f5cbb6c5480ff969ad34bc7f63c6a?s=96&d=mm&r=g\",\"contentUrl\":\"https:\\\/\\\/secure.gravatar.com\\\/avatar\\\/aec371521ec3d7c6916577aaa96c57dd491f5cbb6c5480ff969ad34bc7f63c6a?s=96&d=mm&r=g\",\"caption\":\"Hugo Salda\u00f1a Estrada\"},\"description\":\"Gerente de Showroom Ventas en Roca SAC. Veinte a\u00f1os de experiencia, generando valor en empresas transnacionales y de primer nivel a trav\u00e9s de la gesti\u00f3n integral de procesos de recursos humanos, tales como selecci\u00f3n de talento, estrategias de compensaciones, evaluaci\u00f3n del desempe\u00f1o y gesti\u00f3n del clima laboral.\",\"sameAs\":[\"https:\\\/\\\/www.linkedin.com\\\/in\\\/hugosaldanaestrada\\\/\"],\"url\":\"https:\\\/\\\/exaudi.org\\\/es\\\/author\\\/hugo-saldana-estrada\\\/\"}]}<\/script>\n<!-- \/ Yoast SEO plugin. -->","yoast_head_json":{"title":"Seguridad Psicol\u00f3gica, desde la familia a la empresa &#8211; Exaudi","robots":{"index":"index","follow":"follow","max-snippet":"max-snippet:-1","max-image-preview":"max-image-preview:large","max-video-preview":"max-video-preview:-1"},"canonical":"https:\/\/exaudi.org\/es\/seguridad-psicologica-desde-la-familia-a-la-empresa\/","og_locale":"es_ES","og_type":"article","og_title":"Seguridad Psicol\u00f3gica, desde la familia a la empresa &#8211; Exaudi","og_description":"Clave para la Innovaci\u00f3n y el Aprendizaje","og_url":"https:\/\/exaudi.org\/es\/seguridad-psicologica-desde-la-familia-a-la-empresa\/","og_site_name":"Exaudi","article_publisher":"https:\/\/www.facebook.com\/ExaudiNews","article_published_time":"2024-12-16T07:47:33+00:00","article_modified_time":"2024-12-16T09:44:52+00:00","og_image":[{"width":1706,"height":1181,"url":"https:\/\/exaudi.org\/wp-content\/uploads\/2024\/12\/pexels-clement-proust-363898785-18114720-scaled-e1734335238978.jpg","type":"image\/jpeg"}],"author":"Hugo Salda\u00f1a Estrada","twitter_card":"summary_large_image","twitter_creator":"@Exaudi_News","twitter_site":"@Exaudi_News","twitter_misc":{"Escrito por":"Hugo Salda\u00f1a Estrada","Tiempo de lectura":"3 minutos"},"schema":{"@context":"https:\/\/schema.org","@graph":[{"@type":"Article","@id":"https:\/\/exaudi.org\/es\/seguridad-psicologica-desde-la-familia-a-la-empresa\/#article","isPartOf":{"@id":"https:\/\/exaudi.org\/es\/seguridad-psicologica-desde-la-familia-a-la-empresa\/"},"author":{"name":"Hugo Salda\u00f1a Estrada","@id":"https:\/\/exaudi.org\/#\/schema\/person\/353d70da24ff03991a0f19b1948992e3"},"headline":"Seguridad Psicol\u00f3gica, desde la familia a la empresa","datePublished":"2024-12-16T07:47:33+00:00","dateModified":"2024-12-16T09:44:52+00:00","mainEntityOfPage":{"@id":"https:\/\/exaudi.org\/es\/seguridad-psicologica-desde-la-familia-a-la-empresa\/"},"wordCount":692,"image":{"@id":"https:\/\/exaudi.org\/es\/seguridad-psicologica-desde-la-familia-a-la-empresa\/#primaryimage"},"thumbnailUrl":"https:\/\/exaudi.org\/wp-content\/uploads\/2024\/12\/pexels-clement-proust-363898785-18114720-scaled-e1734335238978.jpg","keywords":["Cl\u00e9ment Proust","desde la familia a la empresa","empresa","Familia","Hugo Salda\u00f1a Estrada","Ni\u00f1a","Pexels","Seguridad Psicol\u00f3gica","Trending"],"articleSection":["Voces"],"inLanguage":"es"},{"@type":"WebPage","@id":"https:\/\/exaudi.org\/es\/seguridad-psicologica-desde-la-familia-a-la-empresa\/","url":"https:\/\/exaudi.org\/es\/seguridad-psicologica-desde-la-familia-a-la-empresa\/","name":"Seguridad Psicol\u00f3gica, desde la familia a la empresa &#8211; Exaudi","isPartOf":{"@id":"https:\/\/exaudi.org\/#website"},"primaryImageOfPage":{"@id":"https:\/\/exaudi.org\/es\/seguridad-psicologica-desde-la-familia-a-la-empresa\/#primaryimage"},"image":{"@id":"https:\/\/exaudi.org\/es\/seguridad-psicologica-desde-la-familia-a-la-empresa\/#primaryimage"},"thumbnailUrl":"https:\/\/exaudi.org\/wp-content\/uploads\/2024\/12\/pexels-clement-proust-363898785-18114720-scaled-e1734335238978.jpg","datePublished":"2024-12-16T07:47:33+00:00","dateModified":"2024-12-16T09:44:52+00:00","author":{"@id":"https:\/\/exaudi.org\/#\/schema\/person\/353d70da24ff03991a0f19b1948992e3"},"breadcrumb":{"@id":"https:\/\/exaudi.org\/es\/seguridad-psicologica-desde-la-familia-a-la-empresa\/#breadcrumb"},"inLanguage":"es","potentialAction":[{"@type":"ReadAction","target":["https:\/\/exaudi.org\/es\/seguridad-psicologica-desde-la-familia-a-la-empresa\/"]}]},{"@type":"ImageObject","inLanguage":"es","@id":"https:\/\/exaudi.org\/es\/seguridad-psicologica-desde-la-familia-a-la-empresa\/#primaryimage","url":"https:\/\/exaudi.org\/wp-content\/uploads\/2024\/12\/pexels-clement-proust-363898785-18114720-scaled-e1734335238978.jpg","contentUrl":"https:\/\/exaudi.org\/wp-content\/uploads\/2024\/12\/pexels-clement-proust-363898785-18114720-scaled-e1734335238978.jpg","width":1706,"height":1181,"caption":"Pexels . Cl\u00e9ment Proust"},{"@type":"BreadcrumbList","@id":"https:\/\/exaudi.org\/es\/seguridad-psicologica-desde-la-familia-a-la-empresa\/#breadcrumb","itemListElement":[{"@type":"ListItem","position":1,"name":"Portada","item":"https:\/\/exaudi.org\/es\/"},{"@type":"ListItem","position":2,"name":"Seguridad Psicol\u00f3gica, desde la familia a la empresa"}]},{"@type":"WebSite","@id":"https:\/\/exaudi.org\/#website","url":"https:\/\/exaudi.org\/","name":"Exaudi","description":"News","potentialAction":[{"@type":"SearchAction","target":{"@type":"EntryPoint","urlTemplate":"https:\/\/exaudi.org\/?s={search_term_string}"},"query-input":{"@type":"PropertyValueSpecification","valueRequired":true,"valueName":"search_term_string"}}],"inLanguage":"es"},{"@type":"Person","@id":"https:\/\/exaudi.org\/#\/schema\/person\/353d70da24ff03991a0f19b1948992e3","name":"Hugo Salda\u00f1a Estrada","image":{"@type":"ImageObject","inLanguage":"es","@id":"https:\/\/secure.gravatar.com\/avatar\/aec371521ec3d7c6916577aaa96c57dd491f5cbb6c5480ff969ad34bc7f63c6a?s=96&d=mm&r=g","url":"https:\/\/secure.gravatar.com\/avatar\/aec371521ec3d7c6916577aaa96c57dd491f5cbb6c5480ff969ad34bc7f63c6a?s=96&d=mm&r=g","contentUrl":"https:\/\/secure.gravatar.com\/avatar\/aec371521ec3d7c6916577aaa96c57dd491f5cbb6c5480ff969ad34bc7f63c6a?s=96&d=mm&r=g","caption":"Hugo Salda\u00f1a Estrada"},"description":"Gerente de Showroom Ventas en Roca SAC. Veinte a\u00f1os de experiencia, generando valor en empresas transnacionales y de primer nivel a trav\u00e9s de la gesti\u00f3n integral de procesos de recursos humanos, tales como selecci\u00f3n de talento, estrategias de compensaciones, evaluaci\u00f3n del desempe\u00f1o y gesti\u00f3n del clima laboral.","sameAs":["https:\/\/www.linkedin.com\/in\/hugosaldanaestrada\/"],"url":"https:\/\/exaudi.org\/es\/author\/hugo-saldana-estrada\/"}]}},"jetpack_featured_media_url":"https:\/\/exaudi.org\/wp-content\/uploads\/2024\/12\/pexels-clement-proust-363898785-18114720-scaled-e1734335238978.jpg","jetpack_shortlink":"https:\/\/wp.me\/pgKjF2-tV4","_links":{"self":[{"href":"https:\/\/exaudi.org\/es\/wp-json\/wp\/v2\/posts\/115014","targetHints":{"allow":["GET"]}}],"collection":[{"href":"https:\/\/exaudi.org\/es\/wp-json\/wp\/v2\/posts"}],"about":[{"href":"https:\/\/exaudi.org\/es\/wp-json\/wp\/v2\/types\/post"}],"author":[{"embeddable":true,"href":"https:\/\/exaudi.org\/es\/wp-json\/wp\/v2\/users\/134"}],"replies":[{"embeddable":true,"href":"https:\/\/exaudi.org\/es\/wp-json\/wp\/v2\/comments?post=115014"}],"version-history":[{"count":0,"href":"https:\/\/exaudi.org\/es\/wp-json\/wp\/v2\/posts\/115014\/revisions"}],"wp:featuredmedia":[{"embeddable":true,"href":"https:\/\/exaudi.org\/es\/wp-json\/wp\/v2\/media\/115015"}],"wp:attachment":[{"href":"https:\/\/exaudi.org\/es\/wp-json\/wp\/v2\/media?parent=115014"}],"wp:term":[{"taxonomy":"category","embeddable":true,"href":"https:\/\/exaudi.org\/es\/wp-json\/wp\/v2\/categories?post=115014"},{"taxonomy":"post_tag","embeddable":true,"href":"https:\/\/exaudi.org\/es\/wp-json\/wp\/v2\/tags?post=115014"}],"curies":[{"name":"wp","href":"https:\/\/api.w.org\/{rel}","templated":true}]}}