{"id":114878,"date":"2024-12-13T07:55:02","date_gmt":"2024-12-13T06:55:02","guid":{"rendered":"https:\/\/exaudi.org\/?p=114878"},"modified":"2024-12-13T16:25:09","modified_gmt":"2024-12-13T15:25:09","slug":"papa-francisco-un-llamado-a-la-veneracion-y-a-la-unidad","status":"publish","type":"post","link":"https:\/\/exaudi.org\/es\/papa-francisco-un-llamado-a-la-veneracion-y-a-la-unidad\/","title":{"rendered":"Papa Francisco: Un Llamado a la Veneraci\u00f3n y a la Unidad"},"content":{"rendered":"<p>En una emotiva misa celebrada en la Bas\u00edlica de San Pedro en el Vaticano, el Papa Francisco se dirigi\u00f3 a miles de fieles para conmemorar la memoria de Nuestra Se\u00f1ora de Guadalupe. Durante la homil\u00eda, Francisco enfatiz\u00f3 que el verdadero misterio guadalupano se centra en la veneraci\u00f3n a la Virgen Mar\u00eda, alej\u00e1ndose de cualquier interpretaci\u00f3n ideol\u00f3gica.<\/p>\n<p><iframe title=\"Spotify Embed: Papa Francisco: Un Llamado a la Veneraci\u00f3n y a la Unidad\" style=\"border-radius: 12px\" width=\"100%\" height=\"152\" frameborder=\"0\" allowfullscreen allow=\"autoplay; clipboard-write; encrypted-media; fullscreen; picture-in-picture\" loading=\"lazy\" src=\"https:\/\/open.spotify.com\/embed\/episode\/645tCS78Nwnydz3a8G3Jov?si=9a43cb346cd74ed6&#038;utm_source=oembed\"><\/iframe><\/p>\n<p>El Papa record\u00f3 las palabras consoladoras de la Virgen a Juan Diego: \u201cNo tengas miedo, \u00bfacaso no estoy yo aqu\u00ed, que soy tu Madre?\u201d. Estas palabras, llenas de ternura y amor maternal, resuenan en los corazones de millones de devotos guadalupanos en todo el mundo. Francisco subray\u00f3 que la tilma, la Madre y la rosa son los elementos esenciales del misterio guadalupano, y cualquier interpretaci\u00f3n que vaya m\u00e1s all\u00e1 de esto es una distorsi\u00f3n ideol\u00f3gica.<\/p>\n<h3><strong><img loading=\"lazy\" decoding=\"async\" class=\"size-full wp-image-114885 alignnone\" src=\"https:\/\/exaudi.org\/wp-content\/uploads\/2024\/12\/Snapinsta.app_469752840_975722604581274_8283559391037951261_n_1080.jpg\" alt=\"\" width=\"1080\" height=\"720\" srcset=\"https:\/\/exaudi.org\/wp-content\/uploads\/2024\/12\/Snapinsta.app_469752840_975722604581274_8283559391037951261_n_1080.jpg 1080w, https:\/\/exaudi.org\/wp-content\/uploads\/2024\/12\/Snapinsta.app_469752840_975722604581274_8283559391037951261_n_1080-300x200.jpg 300w, https:\/\/exaudi.org\/wp-content\/uploads\/2024\/12\/Snapinsta.app_469752840_975722604581274_8283559391037951261_n_1080-1024x683.jpg 1024w, https:\/\/exaudi.org\/wp-content\/uploads\/2024\/12\/Snapinsta.app_469752840_975722604581274_8283559391037951261_n_1080-770x513.jpg 770w, https:\/\/exaudi.org\/wp-content\/uploads\/2024\/12\/Snapinsta.app_469752840_975722604581274_8283559391037951261_n_1080-360x240.jpg?crop=1 360w, https:\/\/exaudi.org\/wp-content\/uploads\/2024\/12\/Snapinsta.app_469752840_975722604581274_8283559391037951261_n_1080-500x333.jpg 500w, https:\/\/exaudi.org\/wp-content\/uploads\/2024\/12\/Snapinsta.app_469752840_975722604581274_8283559391037951261_n_1080-370x247.jpg 370w, https:\/\/exaudi.org\/wp-content\/uploads\/2024\/12\/Snapinsta.app_469752840_975722604581274_8283559391037951261_n_1080-293x195.jpg 293w, https:\/\/exaudi.org\/wp-content\/uploads\/2024\/12\/Snapinsta.app_469752840_975722604581274_8283559391037951261_n_1080-120x80.jpg 120w, https:\/\/exaudi.org\/wp-content\/uploads\/2024\/12\/Snapinsta.app_469752840_975722604581274_8283559391037951261_n_1080-240x160.jpg 240w, https:\/\/exaudi.org\/wp-content\/uploads\/2024\/12\/Snapinsta.app_469752840_975722604581274_8283559391037951261_n_1080-390x260.jpg 390w\" sizes=\"auto, (max-width: 1080px) 100vw, 1080px\" \/>Una Celebraci\u00f3n para Todos los Latinos<\/strong><\/h3>\n<p>La misa, que es una celebraci\u00f3n especial para los latinoamericanos, reuni\u00f3 a miles de fieles en la Bas\u00edlica de San Pedro. La oraci\u00f3n colecta de la misa ped\u00eda a la Virgen de Guadalupe que intercediera para que profundiz\u00e1ramos en nuestra fe por caminos de justicia y paz. La participaci\u00f3n de los coros del Colegio Mexicano y del Pio Latino, junto con la Capella Sixtina, enriqueci\u00f3 la celebraci\u00f3n con cantos solemnes y emotivos.<\/p>\n<p>El evento cont\u00f3 con la concelebraci\u00f3n de unos 30 cardenales y m\u00e1s de 350 sacerdotes. Las lecturas se realizaron en espa\u00f1ol y portugu\u00e9s, y la liturgia eucar\u00edstica estuvo a cargo del cardenal Robert Prevost Mart\u00ednez, prefecto del Dicasterio para los Obispos y presidente de la Pontificia Comisi\u00f3n para Am\u00e9rica Latina, junto con monse\u00f1ores Luis Manuel Al\u00ed Herrera y Hilario Gonz\u00e1lez Garc\u00eda.<\/p>\n<h3><strong>La Maternidad de Mar\u00eda, el Centro del Misterio Guadalupano<\/strong><\/h3>\n<p>En su homil\u00eda, Francisco destac\u00f3 la imagen de Mar\u00eda de Guadalupe, embarazada, anunciando el nacimiento del Salvador. Describi\u00f3 con ternura c\u00f3mo la Virgen le dijo a Juan Diego que no tuviera miedo, revelando as\u00ed su maternidad protectora. El Papa explic\u00f3 que la maternidad de Mar\u00eda est\u00e1 grabada en la tilma sencilla y se manifiesta con la belleza de las rosas que el indio encontr\u00f3 y llev\u00f3.<\/p>\n<p>\u201cEl misterio guadalupano es para venerarla y para sentir en nuestros o\u00eddos: \u2018\u00bfAcaso no estoy yo aqu\u00ed, que soy tu Madre?\u2019\u201d, reiter\u00f3 el Papa. Enfatiz\u00f3 que este mensaje debe resonar en los momentos dif\u00edciles, felices y cotidianos de la vida, alej\u00e1ndonos de cualquier uso ideol\u00f3gico del misterio.<\/p>\n<h3><strong><img loading=\"lazy\" decoding=\"async\" class=\"size-full wp-image-114882 alignnone\" src=\"https:\/\/exaudi.org\/wp-content\/uploads\/2024\/12\/Snapinsta.app_470240196_975722624581272_3787864627607848628_n_1080.jpg\" alt=\"\" width=\"1080\" height=\"720\" srcset=\"https:\/\/exaudi.org\/wp-content\/uploads\/2024\/12\/Snapinsta.app_470240196_975722624581272_3787864627607848628_n_1080.jpg 1080w, https:\/\/exaudi.org\/wp-content\/uploads\/2024\/12\/Snapinsta.app_470240196_975722624581272_3787864627607848628_n_1080-300x200.jpg 300w, https:\/\/exaudi.org\/wp-content\/uploads\/2024\/12\/Snapinsta.app_470240196_975722624581272_3787864627607848628_n_1080-1024x683.jpg 1024w, https:\/\/exaudi.org\/wp-content\/uploads\/2024\/12\/Snapinsta.app_470240196_975722624581272_3787864627607848628_n_1080-770x513.jpg 770w, https:\/\/exaudi.org\/wp-content\/uploads\/2024\/12\/Snapinsta.app_470240196_975722624581272_3787864627607848628_n_1080-360x240.jpg?crop=1 360w, https:\/\/exaudi.org\/wp-content\/uploads\/2024\/12\/Snapinsta.app_470240196_975722624581272_3787864627607848628_n_1080-500x333.jpg 500w, https:\/\/exaudi.org\/wp-content\/uploads\/2024\/12\/Snapinsta.app_470240196_975722624581272_3787864627607848628_n_1080-370x247.jpg 370w, https:\/\/exaudi.org\/wp-content\/uploads\/2024\/12\/Snapinsta.app_470240196_975722624581272_3787864627607848628_n_1080-293x195.jpg 293w, https:\/\/exaudi.org\/wp-content\/uploads\/2024\/12\/Snapinsta.app_470240196_975722624581272_3787864627607848628_n_1080-120x80.jpg 120w, https:\/\/exaudi.org\/wp-content\/uploads\/2024\/12\/Snapinsta.app_470240196_975722624581272_3787864627607848628_n_1080-240x160.jpg 240w, https:\/\/exaudi.org\/wp-content\/uploads\/2024\/12\/Snapinsta.app_470240196_975722624581272_3787864627607848628_n_1080-390x260.jpg 390w\" sizes=\"auto, (max-width: 1080px) 100vw, 1080px\" \/>Un Llamado a la Unidad y a la Fe<\/strong><\/h3>\n<p>Francisco concluy\u00f3 su homil\u00eda reiterando la importancia de venerar a la Virgen de Guadalupe y escuchar su voz maternal que nos dice: \u201cNo tengas miedo, \u00bfacaso no estoy yo aqu\u00ed, que soy tu Madre?\u201d. Con estas palabras, el Papa hizo un llamado a la unidad y a la profundizaci\u00f3n de la fe, record\u00e1ndonos que, en la figura de la Virgen, encontramos consuelo y protecci\u00f3n maternal en todos los momentos de nuestras vidas.<\/p>\n<p>Esta celebraci\u00f3n en el Vaticano no solo fue un homenaje a la Patrona de Am\u00e9rica, sino tambi\u00e9n una reafirmaci\u00f3n del compromiso de los fieles guadalupanos de todo el mundo de seguir su mensaje de amor, fe y unidad.<\/p>\n<p><iframe loading=\"lazy\" title=\"Santa Misa Solemnidad Virgen de Guadalupe - 12 diciembre 2024\" width=\"500\" height=\"281\" src=\"https:\/\/www.youtube.com\/embed\/zmGZoPRsan0?feature=oembed\" frameborder=\"0\" allow=\"accelerometer; autoplay; clipboard-write; encrypted-media; gyroscope; picture-in-picture; web-share\" referrerpolicy=\"strict-origin-when-cross-origin\" allowfullscreen><\/iframe><\/p>\n","protected":false},"excerpt":{"rendered":"<p>Mensaje en la Celebraci\u00f3n de Nuestra Se\u00f1ora de Guadalupe<\/p>\n","protected":false},"author":15,"featured_media":114879,"comment_status":"closed","ping_status":"closed","sticky":false,"template":"","format":"standard","meta":{"_acf_changed":false,"_crdt_document":"","inline_featured_image":false,"footnotes":""},"categories":[114,68],"tags":[25436,3866,37089,37090,37087,17568,15371,7880,37094,14676,12961,37088,37091,37093,36412,37095,37085,37086,5110,158,37092,4953,37096,272,589],"class_list":["post-114878","post","type-post","status-publish","format-standard","has-post-thumbnail","hentry","category-homilias","category-leon-xiv","tag-amor-maternal","tag-basilica-de-san-pedro-es","tag-capella-sixtina","tag-cardenales-y-sacerdotes","tag-celebracion-guadalupana","tag-devocion-mariana","tag-fe-catolica","tag-guadalupe-2","tag-hilario-gonzalez-garcia","tag-ideologias","tag-juan-diego","tag-latinoamericanos","tag-liturgia-eucaristica","tag-luis-manuel-ali-herrera","tag-maternidad-de-maria","tag-mensaje-guadalupano","tag-misa-en-el-vaticano","tag-misterio-guadalupano","tag-nuestra-senora-de-guadalupe","tag-papa-francisco","tag-robert-prevost-martinez","tag-trending-es","tag-unidad-y-fe","tag-vaticano-es","tag-virgen-de-guadalupe"],"acf":[],"yoast_head":"<!-- This site is optimized with the Yoast SEO plugin v27.5 - https:\/\/yoast.com\/product\/yoast-seo-wordpress\/ -->\n<title>Papa Francisco: Un Llamado a la Veneraci\u00f3n y a la Unidad &#8211; Exaudi<\/title>\n<meta name=\"robots\" content=\"index, follow, max-snippet:-1, max-image-preview:large, max-video-preview:-1\" \/>\n<link rel=\"canonical\" href=\"https:\/\/exaudi.org\/es\/papa-francisco-un-llamado-a-la-veneracion-y-a-la-unidad\/\" \/>\n<meta property=\"og:locale\" content=\"es_ES\" \/>\n<meta property=\"og:type\" content=\"article\" \/>\n<meta property=\"og:title\" content=\"Papa Francisco: Un Llamado a la Veneraci\u00f3n y a la Unidad &#8211; Exaudi\" \/>\n<meta property=\"og:description\" content=\"Mensaje en la Celebraci\u00f3n de Nuestra Se\u00f1ora de Guadalupe\" \/>\n<meta property=\"og:url\" content=\"https:\/\/exaudi.org\/es\/papa-francisco-un-llamado-a-la-veneracion-y-a-la-unidad\/\" \/>\n<meta property=\"og:site_name\" content=\"Exaudi\" \/>\n<meta property=\"article:publisher\" content=\"https:\/\/www.facebook.com\/ExaudiNews\" \/>\n<meta property=\"article:author\" content=\"https:\/\/www.facebook.com\/ExaudiNoticias\/\" \/>\n<meta property=\"article:published_time\" content=\"2024-12-13T06:55:02+00:00\" \/>\n<meta property=\"article:modified_time\" content=\"2024-12-13T15:25:09+00:00\" \/>\n<meta property=\"og:image\" content=\"https:\/\/exaudi.org\/wp-content\/uploads\/2024\/12\/Snapinsta.app_469964655_975722261247975_3027599123041459808_n_1080.jpg\" \/>\n\t<meta property=\"og:image:width\" content=\"1080\" \/>\n\t<meta property=\"og:image:height\" content=\"720\" \/>\n\t<meta property=\"og:image:type\" content=\"image\/jpeg\" \/>\n<meta name=\"author\" content=\"Exaudi Redacci\u00f3n\" \/>\n<meta name=\"twitter:card\" content=\"summary_large_image\" \/>\n<meta name=\"twitter:creator\" content=\"@Exaudi_noticias\" \/>\n<meta name=\"twitter:site\" content=\"@Exaudi_News\" \/>\n<meta name=\"twitter:label1\" content=\"Escrito por\" \/>\n\t<meta name=\"twitter:data1\" content=\"Exaudi Redacci\u00f3n\" \/>\n\t<meta name=\"twitter:label2\" content=\"Tiempo de lectura\" \/>\n\t<meta name=\"twitter:data2\" content=\"3 minutos\" \/>\n<script type=\"application\/ld+json\" class=\"yoast-schema-graph\">{\"@context\":\"https:\\\/\\\/schema.org\",\"@graph\":[{\"@type\":\"Article\",\"@id\":\"https:\\\/\\\/exaudi.org\\\/es\\\/papa-francisco-un-llamado-a-la-veneracion-y-a-la-unidad\\\/#article\",\"isPartOf\":{\"@id\":\"https:\\\/\\\/exaudi.org\\\/es\\\/papa-francisco-un-llamado-a-la-veneracion-y-a-la-unidad\\\/\"},\"author\":{\"name\":\"Exaudi Redacci\u00f3n\",\"@id\":\"https:\\\/\\\/exaudi.org\\\/#\\\/schema\\\/person\\\/f5fc8f063065e38742da7afe15f25df7\"},\"headline\":\"Papa Francisco: Un Llamado a la Veneraci\u00f3n y a la Unidad\",\"datePublished\":\"2024-12-13T06:55:02+00:00\",\"dateModified\":\"2024-12-13T15:25:09+00:00\",\"mainEntityOfPage\":{\"@id\":\"https:\\\/\\\/exaudi.org\\\/es\\\/papa-francisco-un-llamado-a-la-veneracion-y-a-la-unidad\\\/\"},\"wordCount\":588,\"image\":{\"@id\":\"https:\\\/\\\/exaudi.org\\\/es\\\/papa-francisco-un-llamado-a-la-veneracion-y-a-la-unidad\\\/#primaryimage\"},\"thumbnailUrl\":\"https:\\\/\\\/exaudi.org\\\/wp-content\\\/uploads\\\/2024\\\/12\\\/Snapinsta.app_469964655_975722261247975_3027599123041459808_n_1080.jpg\",\"keywords\":[\"amor maternal\",\"Bas\u00edlica de San Pedro\",\"Capella Sixtina\",\"cardenales y sacerdotes\",\"celebraci\u00f3n guadalupana\",\"Devoci\u00f3n mariana\",\"Fe cat\u00f3lica\",\"Guadalupe\",\"Hilario Gonz\u00e1lez Garc\u00eda\",\"Ideolog\u00edas\",\"Juan Diego\",\"latinoamericanos\",\"liturgia eucar\u00edstica\",\"Luis Manuel Al\u00ed Herrera\",\"maternidad de Mar\u00eda\",\"mensaje guadalupano\",\"misa en el Vaticano\",\"misterio guadalupano\",\"Nuestra Se\u00f1ora de Guadalupe\",\"papa francisco\",\"Robert Prevost Mart\u00ednez\",\"Trending\",\"unidad y fe\",\"Vaticano\",\"Virgen de Guadalupe\"],\"articleSection\":[\"Homilias\",\"Le\u00f3n XIV\"],\"inLanguage\":\"es\"},{\"@type\":\"WebPage\",\"@id\":\"https:\\\/\\\/exaudi.org\\\/es\\\/papa-francisco-un-llamado-a-la-veneracion-y-a-la-unidad\\\/\",\"url\":\"https:\\\/\\\/exaudi.org\\\/es\\\/papa-francisco-un-llamado-a-la-veneracion-y-a-la-unidad\\\/\",\"name\":\"Papa Francisco: Un Llamado a la Veneraci\u00f3n y a la Unidad &#8211; Exaudi\",\"isPartOf\":{\"@id\":\"https:\\\/\\\/exaudi.org\\\/#website\"},\"primaryImageOfPage\":{\"@id\":\"https:\\\/\\\/exaudi.org\\\/es\\\/papa-francisco-un-llamado-a-la-veneracion-y-a-la-unidad\\\/#primaryimage\"},\"image\":{\"@id\":\"https:\\\/\\\/exaudi.org\\\/es\\\/papa-francisco-un-llamado-a-la-veneracion-y-a-la-unidad\\\/#primaryimage\"},\"thumbnailUrl\":\"https:\\\/\\\/exaudi.org\\\/wp-content\\\/uploads\\\/2024\\\/12\\\/Snapinsta.app_469964655_975722261247975_3027599123041459808_n_1080.jpg\",\"datePublished\":\"2024-12-13T06:55:02+00:00\",\"dateModified\":\"2024-12-13T15:25:09+00:00\",\"author\":{\"@id\":\"https:\\\/\\\/exaudi.org\\\/#\\\/schema\\\/person\\\/f5fc8f063065e38742da7afe15f25df7\"},\"breadcrumb\":{\"@id\":\"https:\\\/\\\/exaudi.org\\\/es\\\/papa-francisco-un-llamado-a-la-veneracion-y-a-la-unidad\\\/#breadcrumb\"},\"inLanguage\":\"es\",\"potentialAction\":[{\"@type\":\"ReadAction\",\"target\":[\"https:\\\/\\\/exaudi.org\\\/es\\\/papa-francisco-un-llamado-a-la-veneracion-y-a-la-unidad\\\/\"]}]},{\"@type\":\"ImageObject\",\"inLanguage\":\"es\",\"@id\":\"https:\\\/\\\/exaudi.org\\\/es\\\/papa-francisco-un-llamado-a-la-veneracion-y-a-la-unidad\\\/#primaryimage\",\"url\":\"https:\\\/\\\/exaudi.org\\\/wp-content\\\/uploads\\\/2024\\\/12\\\/Snapinsta.app_469964655_975722261247975_3027599123041459808_n_1080.jpg\",\"contentUrl\":\"https:\\\/\\\/exaudi.org\\\/wp-content\\\/uploads\\\/2024\\\/12\\\/Snapinsta.app_469964655_975722261247975_3027599123041459808_n_1080.jpg\",\"width\":1080,\"height\":720},{\"@type\":\"BreadcrumbList\",\"@id\":\"https:\\\/\\\/exaudi.org\\\/es\\\/papa-francisco-un-llamado-a-la-veneracion-y-a-la-unidad\\\/#breadcrumb\",\"itemListElement\":[{\"@type\":\"ListItem\",\"position\":1,\"name\":\"Portada\",\"item\":\"https:\\\/\\\/exaudi.org\\\/es\\\/\"},{\"@type\":\"ListItem\",\"position\":2,\"name\":\"Papa Francisco: Un Llamado a la Veneraci\u00f3n y a la Unidad\"}]},{\"@type\":\"WebSite\",\"@id\":\"https:\\\/\\\/exaudi.org\\\/#website\",\"url\":\"https:\\\/\\\/exaudi.org\\\/\",\"name\":\"Exaudi\",\"description\":\"News\",\"potentialAction\":[{\"@type\":\"SearchAction\",\"target\":{\"@type\":\"EntryPoint\",\"urlTemplate\":\"https:\\\/\\\/exaudi.org\\\/?s={search_term_string}\"},\"query-input\":{\"@type\":\"PropertyValueSpecification\",\"valueRequired\":true,\"valueName\":\"search_term_string\"}}],\"inLanguage\":\"es\"},{\"@type\":\"Person\",\"@id\":\"https:\\\/\\\/exaudi.org\\\/#\\\/schema\\\/person\\\/f5fc8f063065e38742da7afe15f25df7\",\"name\":\"Exaudi Redacci\u00f3n\",\"image\":{\"@type\":\"ImageObject\",\"inLanguage\":\"es\",\"@id\":\"https:\\\/\\\/secure.gravatar.com\\\/avatar\\\/fe0f6a059fb68d9b3e11bc5850dd4899b1c7492091a3cb6dd9b01b56ad828be2?s=96&d=mm&r=g\",\"url\":\"https:\\\/\\\/secure.gravatar.com\\\/avatar\\\/fe0f6a059fb68d9b3e11bc5850dd4899b1c7492091a3cb6dd9b01b56ad828be2?s=96&d=mm&r=g\",\"contentUrl\":\"https:\\\/\\\/secure.gravatar.com\\\/avatar\\\/fe0f6a059fb68d9b3e11bc5850dd4899b1c7492091a3cb6dd9b01b56ad828be2?s=96&d=mm&r=g\",\"caption\":\"Exaudi Redacci\u00f3n\"},\"description\":\"\u00bfQu\u00e9 es Exaudi News? Exaudi News es un medio de comunicaci\u00f3n cat\u00f3lico internacional que informa, forma y transforma, diariamente en espa\u00f1ol, ingl\u00e9s e italiano. A trav\u00e9s de noticias, art\u00edculos de an\u00e1lisis y transmisiones en directo de los eventos del Papa, Exaudi busca fortalecer la unidad de los cristianos y contribuir a la evangelizaci\u00f3n del mundo, siempre guiados por la doctrina social de la Iglesia. Trabajamos para acercar la verdad y los valores cristianos a cada rinc\u00f3n del planeta. \u00a1Ay\u00fadanos a transformar el mundo con Exaudi! En Exaudi creemos que la evangelizaci\u00f3n y la informaci\u00f3n de calidad pueden cambiar vidas. Para continuar con nuestra misi\u00f3n y expandir nuestro alcance, necesitamos tu ayuda. Adem\u00e1s, buscamos personas comprometidas que deseen unirse a nuestro equipo. Con tu apoyo, lograremos llegar a m\u00e1s personas, difundir el mensaje de Cristo y reforzar la unidad de los cristianos. \u00bfTe unes a nuestra misi\u00f3n? Para m\u00e1s informaci\u00f3n sobre c\u00f3mo colaborar, visita Exaudi.org\\\/es o cont\u00e1ctanos directamente: info@exaudi.org Exaudi: Informa, forma y transforma.\",\"sameAs\":[\"https:\\\/\\\/www.facebook.com\\\/ExaudiNoticias\\\/\",\"https:\\\/\\\/www.instagram.com\\\/exaudi_noticias\\\/\",\"https:\\\/\\\/x.com\\\/Exaudi_noticias\",\"https:\\\/\\\/www.youtube.com\\\/@exaudicatholicnews\"],\"url\":\"https:\\\/\\\/exaudi.org\\\/es\\\/author\\\/redaccionexaudi\\\/\"}]}<\/script>\n<!-- \/ Yoast SEO plugin. -->","yoast_head_json":{"title":"Papa Francisco: Un Llamado a la Veneraci\u00f3n y a la Unidad &#8211; Exaudi","robots":{"index":"index","follow":"follow","max-snippet":"max-snippet:-1","max-image-preview":"max-image-preview:large","max-video-preview":"max-video-preview:-1"},"canonical":"https:\/\/exaudi.org\/es\/papa-francisco-un-llamado-a-la-veneracion-y-a-la-unidad\/","og_locale":"es_ES","og_type":"article","og_title":"Papa Francisco: Un Llamado a la Veneraci\u00f3n y a la Unidad &#8211; Exaudi","og_description":"Mensaje en la Celebraci\u00f3n de Nuestra Se\u00f1ora de Guadalupe","og_url":"https:\/\/exaudi.org\/es\/papa-francisco-un-llamado-a-la-veneracion-y-a-la-unidad\/","og_site_name":"Exaudi","article_publisher":"https:\/\/www.facebook.com\/ExaudiNews","article_author":"https:\/\/www.facebook.com\/ExaudiNoticias\/","article_published_time":"2024-12-13T06:55:02+00:00","article_modified_time":"2024-12-13T15:25:09+00:00","og_image":[{"width":1080,"height":720,"url":"https:\/\/exaudi.org\/wp-content\/uploads\/2024\/12\/Snapinsta.app_469964655_975722261247975_3027599123041459808_n_1080.jpg","type":"image\/jpeg"}],"author":"Exaudi Redacci\u00f3n","twitter_card":"summary_large_image","twitter_creator":"@Exaudi_noticias","twitter_site":"@Exaudi_News","twitter_misc":{"Escrito por":"Exaudi Redacci\u00f3n","Tiempo de lectura":"3 minutos"},"schema":{"@context":"https:\/\/schema.org","@graph":[{"@type":"Article","@id":"https:\/\/exaudi.org\/es\/papa-francisco-un-llamado-a-la-veneracion-y-a-la-unidad\/#article","isPartOf":{"@id":"https:\/\/exaudi.org\/es\/papa-francisco-un-llamado-a-la-veneracion-y-a-la-unidad\/"},"author":{"name":"Exaudi Redacci\u00f3n","@id":"https:\/\/exaudi.org\/#\/schema\/person\/f5fc8f063065e38742da7afe15f25df7"},"headline":"Papa Francisco: Un Llamado a la Veneraci\u00f3n y a la Unidad","datePublished":"2024-12-13T06:55:02+00:00","dateModified":"2024-12-13T15:25:09+00:00","mainEntityOfPage":{"@id":"https:\/\/exaudi.org\/es\/papa-francisco-un-llamado-a-la-veneracion-y-a-la-unidad\/"},"wordCount":588,"image":{"@id":"https:\/\/exaudi.org\/es\/papa-francisco-un-llamado-a-la-veneracion-y-a-la-unidad\/#primaryimage"},"thumbnailUrl":"https:\/\/exaudi.org\/wp-content\/uploads\/2024\/12\/Snapinsta.app_469964655_975722261247975_3027599123041459808_n_1080.jpg","keywords":["amor maternal","Bas\u00edlica de San Pedro","Capella Sixtina","cardenales y sacerdotes","celebraci\u00f3n guadalupana","Devoci\u00f3n mariana","Fe cat\u00f3lica","Guadalupe","Hilario Gonz\u00e1lez Garc\u00eda","Ideolog\u00edas","Juan Diego","latinoamericanos","liturgia eucar\u00edstica","Luis Manuel Al\u00ed Herrera","maternidad de Mar\u00eda","mensaje guadalupano","misa en el Vaticano","misterio guadalupano","Nuestra Se\u00f1ora de Guadalupe","papa francisco","Robert Prevost Mart\u00ednez","Trending","unidad y fe","Vaticano","Virgen de Guadalupe"],"articleSection":["Homilias","Le\u00f3n XIV"],"inLanguage":"es"},{"@type":"WebPage","@id":"https:\/\/exaudi.org\/es\/papa-francisco-un-llamado-a-la-veneracion-y-a-la-unidad\/","url":"https:\/\/exaudi.org\/es\/papa-francisco-un-llamado-a-la-veneracion-y-a-la-unidad\/","name":"Papa Francisco: Un Llamado a la Veneraci\u00f3n y a la Unidad &#8211; Exaudi","isPartOf":{"@id":"https:\/\/exaudi.org\/#website"},"primaryImageOfPage":{"@id":"https:\/\/exaudi.org\/es\/papa-francisco-un-llamado-a-la-veneracion-y-a-la-unidad\/#primaryimage"},"image":{"@id":"https:\/\/exaudi.org\/es\/papa-francisco-un-llamado-a-la-veneracion-y-a-la-unidad\/#primaryimage"},"thumbnailUrl":"https:\/\/exaudi.org\/wp-content\/uploads\/2024\/12\/Snapinsta.app_469964655_975722261247975_3027599123041459808_n_1080.jpg","datePublished":"2024-12-13T06:55:02+00:00","dateModified":"2024-12-13T15:25:09+00:00","author":{"@id":"https:\/\/exaudi.org\/#\/schema\/person\/f5fc8f063065e38742da7afe15f25df7"},"breadcrumb":{"@id":"https:\/\/exaudi.org\/es\/papa-francisco-un-llamado-a-la-veneracion-y-a-la-unidad\/#breadcrumb"},"inLanguage":"es","potentialAction":[{"@type":"ReadAction","target":["https:\/\/exaudi.org\/es\/papa-francisco-un-llamado-a-la-veneracion-y-a-la-unidad\/"]}]},{"@type":"ImageObject","inLanguage":"es","@id":"https:\/\/exaudi.org\/es\/papa-francisco-un-llamado-a-la-veneracion-y-a-la-unidad\/#primaryimage","url":"https:\/\/exaudi.org\/wp-content\/uploads\/2024\/12\/Snapinsta.app_469964655_975722261247975_3027599123041459808_n_1080.jpg","contentUrl":"https:\/\/exaudi.org\/wp-content\/uploads\/2024\/12\/Snapinsta.app_469964655_975722261247975_3027599123041459808_n_1080.jpg","width":1080,"height":720},{"@type":"BreadcrumbList","@id":"https:\/\/exaudi.org\/es\/papa-francisco-un-llamado-a-la-veneracion-y-a-la-unidad\/#breadcrumb","itemListElement":[{"@type":"ListItem","position":1,"name":"Portada","item":"https:\/\/exaudi.org\/es\/"},{"@type":"ListItem","position":2,"name":"Papa Francisco: Un Llamado a la Veneraci\u00f3n y a la Unidad"}]},{"@type":"WebSite","@id":"https:\/\/exaudi.org\/#website","url":"https:\/\/exaudi.org\/","name":"Exaudi","description":"News","potentialAction":[{"@type":"SearchAction","target":{"@type":"EntryPoint","urlTemplate":"https:\/\/exaudi.org\/?s={search_term_string}"},"query-input":{"@type":"PropertyValueSpecification","valueRequired":true,"valueName":"search_term_string"}}],"inLanguage":"es"},{"@type":"Person","@id":"https:\/\/exaudi.org\/#\/schema\/person\/f5fc8f063065e38742da7afe15f25df7","name":"Exaudi Redacci\u00f3n","image":{"@type":"ImageObject","inLanguage":"es","@id":"https:\/\/secure.gravatar.com\/avatar\/fe0f6a059fb68d9b3e11bc5850dd4899b1c7492091a3cb6dd9b01b56ad828be2?s=96&d=mm&r=g","url":"https:\/\/secure.gravatar.com\/avatar\/fe0f6a059fb68d9b3e11bc5850dd4899b1c7492091a3cb6dd9b01b56ad828be2?s=96&d=mm&r=g","contentUrl":"https:\/\/secure.gravatar.com\/avatar\/fe0f6a059fb68d9b3e11bc5850dd4899b1c7492091a3cb6dd9b01b56ad828be2?s=96&d=mm&r=g","caption":"Exaudi Redacci\u00f3n"},"description":"\u00bfQu\u00e9 es Exaudi News? Exaudi News es un medio de comunicaci\u00f3n cat\u00f3lico internacional que informa, forma y transforma, diariamente en espa\u00f1ol, ingl\u00e9s e italiano. A trav\u00e9s de noticias, art\u00edculos de an\u00e1lisis y transmisiones en directo de los eventos del Papa, Exaudi busca fortalecer la unidad de los cristianos y contribuir a la evangelizaci\u00f3n del mundo, siempre guiados por la doctrina social de la Iglesia. Trabajamos para acercar la verdad y los valores cristianos a cada rinc\u00f3n del planeta. \u00a1Ay\u00fadanos a transformar el mundo con Exaudi! En Exaudi creemos que la evangelizaci\u00f3n y la informaci\u00f3n de calidad pueden cambiar vidas. Para continuar con nuestra misi\u00f3n y expandir nuestro alcance, necesitamos tu ayuda. Adem\u00e1s, buscamos personas comprometidas que deseen unirse a nuestro equipo. Con tu apoyo, lograremos llegar a m\u00e1s personas, difundir el mensaje de Cristo y reforzar la unidad de los cristianos. \u00bfTe unes a nuestra misi\u00f3n? Para m\u00e1s informaci\u00f3n sobre c\u00f3mo colaborar, visita Exaudi.org\/es o cont\u00e1ctanos directamente: info@exaudi.org Exaudi: Informa, forma y transforma.","sameAs":["https:\/\/www.facebook.com\/ExaudiNoticias\/","https:\/\/www.instagram.com\/exaudi_noticias\/","https:\/\/x.com\/Exaudi_noticias","https:\/\/www.youtube.com\/@exaudicatholicnews"],"url":"https:\/\/exaudi.org\/es\/author\/redaccionexaudi\/"}]}},"jetpack_featured_media_url":"https:\/\/exaudi.org\/wp-content\/uploads\/2024\/12\/Snapinsta.app_469964655_975722261247975_3027599123041459808_n_1080.jpg","jetpack_shortlink":"https:\/\/wp.me\/pgKjF2-tSS","_links":{"self":[{"href":"https:\/\/exaudi.org\/es\/wp-json\/wp\/v2\/posts\/114878","targetHints":{"allow":["GET"]}}],"collection":[{"href":"https:\/\/exaudi.org\/es\/wp-json\/wp\/v2\/posts"}],"about":[{"href":"https:\/\/exaudi.org\/es\/wp-json\/wp\/v2\/types\/post"}],"author":[{"embeddable":true,"href":"https:\/\/exaudi.org\/es\/wp-json\/wp\/v2\/users\/15"}],"replies":[{"embeddable":true,"href":"https:\/\/exaudi.org\/es\/wp-json\/wp\/v2\/comments?post=114878"}],"version-history":[{"count":0,"href":"https:\/\/exaudi.org\/es\/wp-json\/wp\/v2\/posts\/114878\/revisions"}],"wp:featuredmedia":[{"embeddable":true,"href":"https:\/\/exaudi.org\/es\/wp-json\/wp\/v2\/media\/114879"}],"wp:attachment":[{"href":"https:\/\/exaudi.org\/es\/wp-json\/wp\/v2\/media?parent=114878"}],"wp:term":[{"taxonomy":"category","embeddable":true,"href":"https:\/\/exaudi.org\/es\/wp-json\/wp\/v2\/categories?post=114878"},{"taxonomy":"post_tag","embeddable":true,"href":"https:\/\/exaudi.org\/es\/wp-json\/wp\/v2\/tags?post=114878"}],"curies":[{"name":"wp","href":"https:\/\/api.w.org\/{rel}","templated":true}]}}