{"id":114662,"date":"2024-12-10T08:15:31","date_gmt":"2024-12-10T07:15:31","guid":{"rendered":"https:\/\/exaudi.org\/?p=114662"},"modified":"2024-12-10T12:24:47","modified_gmt":"2024-12-10T11:24:47","slug":"el-papa-a-manos-unidas-erradiquen-los-males-que-golpean-a-las-naciones","status":"publish","type":"post","link":"https:\/\/exaudi.org\/es\/el-papa-a-manos-unidas-erradiquen-los-males-que-golpean-a-las-naciones\/","title":{"rendered":"El Papa a \u201cManos Unidas\u201d: Erradiquen los males que golpean a las naciones"},"content":{"rendered":"<p>Luchar contra el hambre, el subdesarrollo y la falta de instrucci\u00f3n, comprometi\u00e9ndose, adem\u00e1s, en trabajar para erradicar las causas estructurales que las producen. Esta es la misi\u00f3n espec\u00edfica de \u201cManos Unidas \u2013 Comit\u00e9 Cat\u00f3lico de la Campa\u00f1a contra el Hambre en el Mundo\u201d, cuya comisi\u00f3n permanente el Papa Francisco recibi\u00f3 esta ma\u00f1ana, 9 de diciembre en el Palacio Apost\u00f3lico.<\/p>\n<p>\u201cEsta asociaci\u00f3n surgi\u00f3 en 1959 como respuesta de las mujeres de Acci\u00f3n Cat\u00f3lica de Espa\u00f1a al llamamiento de la FAO, que denunciaba el\u00a0<i>\u201chambre de pan, el hambre de cultura y el hambre de Dios que padece gran parte de la humanidad\u201d<\/i>, recuerda el Papa al inicio de su discurso, destacando que desde hace 65 a\u00f1os llevan adelante \u201cla tarea de ayudar y contribuir a la promoci\u00f3n y al progreso de los pa\u00edses en v\u00eda de desarrollo\u201d.<\/p>\n<p>Seg\u00fan datos de la misma ONG a principios de diciembre, m\u00e1s de un mill\u00f3n de personas en Am\u00e9rica, \u00c1frica y Asia han conseguido ya cambiar sus vidas con la generosidad y dedicaci\u00f3n de una red solidaria de 6.500 voluntarios, pero con la campa\u00f1a, subraya Francisco dejanto el texto escrito, \u201capenas alcanzan a cubrir el 15% del hambre en el mundo. Es muy duro, muy duro\u201d.<\/p>\n<p>A continuaci\u00f3n, destaca la labor que, \u00abcon la sensibilidad y la fortaleza propias del genio femenino\u00bb,\u00a0 Manos Unidas realiza en la erradicaci\u00f3n de \u00abesos males que siguen golpeando a tantas naciones\u00bb y hace referencia a la figura de la Madre de Dios, porque \u00abla Virgen Mar\u00eda es la Mujer por excelencia\u00bb<i>.\u00a0<\/i>Y dejando nuevamente de lado el discurso preparado, a\u00f1ade:<i><br \/>\n<\/i><\/p>\n<p><i>Nosotros estamos acostumbrados con esta cultura machista, a tener a la mujer como, no digo como el perrito o el gato de la casa, pero como un ser humano de segunda calidad\u2026 Y nos olvidamos que las que llevan adelante el mundo son las mujeres. Como dicen algunos, \u201cy son las que mandan\u201d. Pero est\u00e1 bien. Pero la mujer que lleva adelante una familia, que lleva adelante los pueblos, que se acerca a la necesidad, esa sensibilidad tan rica de la mujer.<\/i><\/p>\n<h3><b>Mar\u00eda, modelo para mejorar nuestro mundo<\/b><\/h3>\n<p>\u201cMar\u00eda, con el coraz\u00f3n radicado en Dios, contin\u00faa atenta a las necesidades de sus hijos\u201d asegura Francisco. \u00a0\u201cElla es el\u00a0<i>modelo plenamente realizado<\/i>\u00a0de nuestra humanidad, a trav\u00e9s del cual, por la gracia de Dios, todos podemos contribuir para mejorar nuestro mundo\u201d. Y eso es lo Manos Unidas trata de actuar \u201cgracias a su caracter\u00edstica y a su intuici\u00f3n y realidad como madres, hijas y esposas\u201d, llevando a cabo su misi\u00f3n espec\u00edfica: \u201cluchar contra el hambre, el subdesarrollo y la falta de instrucci\u00f3n\u201d y trabajando para \u201cerradicar las causas estructurales que las producen\u201d.<\/p>\n<p><i>Este cometido se hace posible solamente con una visi\u00f3n cristiana del ser humano, que tenga como fundamento el Evangelio y la Doctrina Social de la Iglesia.<\/i><\/p>\n<h3><strong>En el Jubileo, reorientar nuestra vida hacia Jes\u00fas<\/strong><\/h3>\n<p>Anim\u00e1ndolos a a seguir adelante con \u201csu hermosa misi\u00f3n de voluntariado y asistencia\u201d, el Pont\u00edfice mira al Jubileo y los invita a \u201cser peregrinos de esperanza y a reorientar la vida hacia Jes\u00fas, tambi\u00e9n a trav\u00e9s de su contribuci\u00f3n a la mejora material, al progreso moral y desarrollo espiritual de los m\u00e1s fr\u00e1giles y necesitados, para ayudarlos a conseguir una vida que responda a la dignidad de hijos de Dios\u201d.<\/p>\n<p><i>Deseo que este tiempo de Adviento, en la espera paciente, llena de esperanza en las promesas de Dios, nos ayude a todos a alcanzar una renovaci\u00f3n espiritual para contribuir en la tan deseada construcci\u00f3n de la civilizaci\u00f3n del amor, de tal manera<b>\u00a0<\/b>que nos permita unir nuestro amor filial hacia Dios con el amor al pr\u00f3jimo.<\/i><\/p>\n","protected":false},"excerpt":{"rendered":"<p>Francisco destaca la figura de la mujer que contribuy\u00f3 a crear hace 65 a\u00f1os la asociaci\u00f3n p\u00fablica femenina espa\u00f1ola que trabaja para combatir el hambre, el subdesarrollo y la falta de educaci\u00f3n en los pa\u00edses de Am\u00e9rica, \u00c1frica y Asia. De cara al Jubileo el Pont\u00edfice invita a ser \u201cperegrinos de la esperanza\u201d y a contribuir \u201ca la mejora material, al progreso moral y al desarrollo espiritual de los m\u00e1s fr\u00e1giles y necesitados\u201d<\/p>\n","protected":false},"author":15,"featured_media":114663,"comment_status":"closed","ping_status":"closed","sticky":false,"template":"","format":"standard","meta":{"_acf_changed":false,"_crdt_document":"","inline_featured_image":false,"footnotes":""},"categories":[116,68],"tags":[36627,36622,2483,763,9918,36626,3718,28794,24319,2523,36625,36621,1096,4385,7418,9975,36623,27197,36628,158,5857,36624,726,36620,4953,1119,6487],"class_list":["post-114662","post","type-post","status-publish","format-standard","has-post-thumbnail","hentry","category-encuentros","category-leon-xiv","tag-65-anos","tag-accion-catolica-espanola","tag-africa-es","tag-america","tag-asia-2","tag-asociacion-femenina","tag-ayuda-humanitaria","tag-civilizacion-del-amor","tag-desarrollo-espiritual","tag-doctrina-social-de-la-iglesia","tag-erradicacion-de-la-pobreza","tag-falta-de-educacion","tag-fao-es","tag-jubileo","tag-lucha-contra-el-hambre","tag-manos-unidas","tag-mejora-material","tag-mujeres-en-la-iglesia","tag-paises-en-desarrollo","tag-papa-francisco","tag-peregrinos-de-la-esperanza","tag-progreso-moral","tag-solidaridad","tag-subdesarrollo","tag-trending-es","tag-virgen-maria","tag-voluntariado"],"acf":[],"yoast_head":"<!-- This site is optimized with the Yoast SEO plugin v27.4 - https:\/\/yoast.com\/product\/yoast-seo-wordpress\/ -->\n<title>El Papa a \u201cManos Unidas\u201d: Erradiquen los males que golpean a las naciones &#8211; Exaudi<\/title>\n<meta name=\"robots\" content=\"index, follow, max-snippet:-1, max-image-preview:large, max-video-preview:-1\" \/>\n<link rel=\"canonical\" href=\"https:\/\/exaudi.org\/es\/el-papa-a-manos-unidas-erradiquen-los-males-que-golpean-a-las-naciones\/\" \/>\n<meta property=\"og:locale\" content=\"es_ES\" \/>\n<meta property=\"og:type\" content=\"article\" \/>\n<meta property=\"og:title\" content=\"El Papa a \u201cManos Unidas\u201d: Erradiquen los males que golpean a las naciones &#8211; Exaudi\" \/>\n<meta property=\"og:description\" content=\"Francisco destaca la figura de la mujer que contribuy\u00f3 a crear hace 65 a\u00f1os la asociaci\u00f3n p\u00fablica femenina espa\u00f1ola que trabaja para combatir el hambre, el subdesarrollo y la falta de educaci\u00f3n en los pa\u00edses de Am\u00e9rica, \u00c1frica y Asia. De cara al Jubileo el Pont\u00edfice invita a ser \u201cperegrinos de la esperanza\u201d y a contribuir \u201ca la mejora material, al progreso moral y al desarrollo espiritual de los m\u00e1s fr\u00e1giles y necesitados\u201d\" \/>\n<meta property=\"og:url\" content=\"https:\/\/exaudi.org\/es\/el-papa-a-manos-unidas-erradiquen-los-males-que-golpean-a-las-naciones\/\" \/>\n<meta property=\"og:site_name\" content=\"Exaudi\" \/>\n<meta property=\"article:publisher\" content=\"https:\/\/www.facebook.com\/ExaudiNews\" \/>\n<meta property=\"article:author\" content=\"https:\/\/www.facebook.com\/ExaudiNoticias\/\" \/>\n<meta property=\"article:published_time\" content=\"2024-12-10T07:15:31+00:00\" \/>\n<meta property=\"article:modified_time\" content=\"2024-12-10T11:24:47+00:00\" \/>\n<meta property=\"og:image\" content=\"https:\/\/exaudi.org\/wp-content\/uploads\/2024\/12\/cq5dam.thumbnail.cropped.750.422-11.jpeg\" \/>\n\t<meta property=\"og:image:width\" content=\"750\" \/>\n\t<meta property=\"og:image:height\" content=\"422\" \/>\n\t<meta property=\"og:image:type\" content=\"image\/jpeg\" \/>\n<meta name=\"author\" content=\"Exaudi Redacci\u00f3n\" \/>\n<meta name=\"twitter:card\" content=\"summary_large_image\" \/>\n<meta name=\"twitter:creator\" content=\"@Exaudi_noticias\" \/>\n<meta name=\"twitter:site\" content=\"@Exaudi_News\" \/>\n<meta name=\"twitter:label1\" content=\"Escrito por\" \/>\n\t<meta name=\"twitter:data1\" content=\"Exaudi Redacci\u00f3n\" \/>\n\t<meta name=\"twitter:label2\" content=\"Tiempo de lectura\" \/>\n\t<meta name=\"twitter:data2\" content=\"3 minutos\" \/>\n<script type=\"application\/ld+json\" class=\"yoast-schema-graph\">{\"@context\":\"https:\\\/\\\/schema.org\",\"@graph\":[{\"@type\":\"Article\",\"@id\":\"https:\\\/\\\/exaudi.org\\\/es\\\/el-papa-a-manos-unidas-erradiquen-los-males-que-golpean-a-las-naciones\\\/#article\",\"isPartOf\":{\"@id\":\"https:\\\/\\\/exaudi.org\\\/es\\\/el-papa-a-manos-unidas-erradiquen-los-males-que-golpean-a-las-naciones\\\/\"},\"author\":{\"name\":\"Exaudi Redacci\u00f3n\",\"@id\":\"https:\\\/\\\/exaudi.org\\\/#\\\/schema\\\/person\\\/f5fc8f063065e38742da7afe15f25df7\"},\"headline\":\"El Papa a \u201cManos Unidas\u201d: Erradiquen los males que golpean a las naciones\",\"datePublished\":\"2024-12-10T07:15:31+00:00\",\"dateModified\":\"2024-12-10T11:24:47+00:00\",\"mainEntityOfPage\":{\"@id\":\"https:\\\/\\\/exaudi.org\\\/es\\\/el-papa-a-manos-unidas-erradiquen-los-males-que-golpean-a-las-naciones\\\/\"},\"wordCount\":662,\"image\":{\"@id\":\"https:\\\/\\\/exaudi.org\\\/es\\\/el-papa-a-manos-unidas-erradiquen-los-males-que-golpean-a-las-naciones\\\/#primaryimage\"},\"thumbnailUrl\":\"https:\\\/\\\/exaudi.org\\\/wp-content\\\/uploads\\\/2024\\\/12\\\/cq5dam.thumbnail.cropped.750.422-11.jpeg\",\"keywords\":[\"65 a\u00f1os\",\"Acci\u00f3n Cat\u00f3lica Espa\u00f1ola\",\"Africa\",\"Am\u00e9rica\",\"Asia\",\"asociaci\u00f3n femenina\",\"Ayuda humanitaria\",\"civilizaci\u00f3n del amor\",\"desarrollo espiritual\",\"Doctrina Social de la Iglesia\",\"erradicaci\u00f3n de la pobreza\",\"falta de educaci\u00f3n\",\"FAO\",\"Jubileo\",\"Lucha contra el hambre\",\"Manos unidas\",\"mejora material\",\"Mujeres en la Iglesia\",\"pa\u00edses en desarrollo\",\"papa francisco\",\"Peregrinos de la Esperanza\u201d.\",\"progreso moral\",\"solidaridad\",\"subdesarrollo\",\"Trending\",\"Virgen Mar\u00eda\",\"Voluntariado\"],\"articleSection\":[\"Encuentros\",\"Le\u00f3n XIV\"],\"inLanguage\":\"es\"},{\"@type\":\"WebPage\",\"@id\":\"https:\\\/\\\/exaudi.org\\\/es\\\/el-papa-a-manos-unidas-erradiquen-los-males-que-golpean-a-las-naciones\\\/\",\"url\":\"https:\\\/\\\/exaudi.org\\\/es\\\/el-papa-a-manos-unidas-erradiquen-los-males-que-golpean-a-las-naciones\\\/\",\"name\":\"El Papa a \u201cManos Unidas\u201d: Erradiquen los males que golpean a las naciones &#8211; Exaudi\",\"isPartOf\":{\"@id\":\"https:\\\/\\\/exaudi.org\\\/#website\"},\"primaryImageOfPage\":{\"@id\":\"https:\\\/\\\/exaudi.org\\\/es\\\/el-papa-a-manos-unidas-erradiquen-los-males-que-golpean-a-las-naciones\\\/#primaryimage\"},\"image\":{\"@id\":\"https:\\\/\\\/exaudi.org\\\/es\\\/el-papa-a-manos-unidas-erradiquen-los-males-que-golpean-a-las-naciones\\\/#primaryimage\"},\"thumbnailUrl\":\"https:\\\/\\\/exaudi.org\\\/wp-content\\\/uploads\\\/2024\\\/12\\\/cq5dam.thumbnail.cropped.750.422-11.jpeg\",\"datePublished\":\"2024-12-10T07:15:31+00:00\",\"dateModified\":\"2024-12-10T11:24:47+00:00\",\"author\":{\"@id\":\"https:\\\/\\\/exaudi.org\\\/#\\\/schema\\\/person\\\/f5fc8f063065e38742da7afe15f25df7\"},\"breadcrumb\":{\"@id\":\"https:\\\/\\\/exaudi.org\\\/es\\\/el-papa-a-manos-unidas-erradiquen-los-males-que-golpean-a-las-naciones\\\/#breadcrumb\"},\"inLanguage\":\"es\",\"potentialAction\":[{\"@type\":\"ReadAction\",\"target\":[\"https:\\\/\\\/exaudi.org\\\/es\\\/el-papa-a-manos-unidas-erradiquen-los-males-que-golpean-a-las-naciones\\\/\"]}]},{\"@type\":\"ImageObject\",\"inLanguage\":\"es\",\"@id\":\"https:\\\/\\\/exaudi.org\\\/es\\\/el-papa-a-manos-unidas-erradiquen-los-males-que-golpean-a-las-naciones\\\/#primaryimage\",\"url\":\"https:\\\/\\\/exaudi.org\\\/wp-content\\\/uploads\\\/2024\\\/12\\\/cq5dam.thumbnail.cropped.750.422-11.jpeg\",\"contentUrl\":\"https:\\\/\\\/exaudi.org\\\/wp-content\\\/uploads\\\/2024\\\/12\\\/cq5dam.thumbnail.cropped.750.422-11.jpeg\",\"width\":750,\"height\":422},{\"@type\":\"BreadcrumbList\",\"@id\":\"https:\\\/\\\/exaudi.org\\\/es\\\/el-papa-a-manos-unidas-erradiquen-los-males-que-golpean-a-las-naciones\\\/#breadcrumb\",\"itemListElement\":[{\"@type\":\"ListItem\",\"position\":1,\"name\":\"Portada\",\"item\":\"https:\\\/\\\/exaudi.org\\\/es\\\/\"},{\"@type\":\"ListItem\",\"position\":2,\"name\":\"El Papa a \u201cManos Unidas\u201d: Erradiquen los males que golpean a las naciones\"}]},{\"@type\":\"WebSite\",\"@id\":\"https:\\\/\\\/exaudi.org\\\/#website\",\"url\":\"https:\\\/\\\/exaudi.org\\\/\",\"name\":\"Exaudi\",\"description\":\"News\",\"potentialAction\":[{\"@type\":\"SearchAction\",\"target\":{\"@type\":\"EntryPoint\",\"urlTemplate\":\"https:\\\/\\\/exaudi.org\\\/?s={search_term_string}\"},\"query-input\":{\"@type\":\"PropertyValueSpecification\",\"valueRequired\":true,\"valueName\":\"search_term_string\"}}],\"inLanguage\":\"es\"},{\"@type\":\"Person\",\"@id\":\"https:\\\/\\\/exaudi.org\\\/#\\\/schema\\\/person\\\/f5fc8f063065e38742da7afe15f25df7\",\"name\":\"Exaudi Redacci\u00f3n\",\"image\":{\"@type\":\"ImageObject\",\"inLanguage\":\"es\",\"@id\":\"https:\\\/\\\/secure.gravatar.com\\\/avatar\\\/fe0f6a059fb68d9b3e11bc5850dd4899b1c7492091a3cb6dd9b01b56ad828be2?s=96&d=mm&r=g\",\"url\":\"https:\\\/\\\/secure.gravatar.com\\\/avatar\\\/fe0f6a059fb68d9b3e11bc5850dd4899b1c7492091a3cb6dd9b01b56ad828be2?s=96&d=mm&r=g\",\"contentUrl\":\"https:\\\/\\\/secure.gravatar.com\\\/avatar\\\/fe0f6a059fb68d9b3e11bc5850dd4899b1c7492091a3cb6dd9b01b56ad828be2?s=96&d=mm&r=g\",\"caption\":\"Exaudi Redacci\u00f3n\"},\"description\":\"\u00bfQu\u00e9 es Exaudi News? Exaudi News es un medio de comunicaci\u00f3n cat\u00f3lico internacional que informa, forma y transforma, diariamente en espa\u00f1ol, ingl\u00e9s e italiano. A trav\u00e9s de noticias, art\u00edculos de an\u00e1lisis y transmisiones en directo de los eventos del Papa, Exaudi busca fortalecer la unidad de los cristianos y contribuir a la evangelizaci\u00f3n del mundo, siempre guiados por la doctrina social de la Iglesia. Trabajamos para acercar la verdad y los valores cristianos a cada rinc\u00f3n del planeta. \u00a1Ay\u00fadanos a transformar el mundo con Exaudi! En Exaudi creemos que la evangelizaci\u00f3n y la informaci\u00f3n de calidad pueden cambiar vidas. Para continuar con nuestra misi\u00f3n y expandir nuestro alcance, necesitamos tu ayuda. Adem\u00e1s, buscamos personas comprometidas que deseen unirse a nuestro equipo. Con tu apoyo, lograremos llegar a m\u00e1s personas, difundir el mensaje de Cristo y reforzar la unidad de los cristianos. \u00bfTe unes a nuestra misi\u00f3n? Para m\u00e1s informaci\u00f3n sobre c\u00f3mo colaborar, visita Exaudi.org\\\/es o cont\u00e1ctanos directamente: info@exaudi.org Exaudi: Informa, forma y transforma.\",\"sameAs\":[\"https:\\\/\\\/www.facebook.com\\\/ExaudiNoticias\\\/\",\"https:\\\/\\\/www.instagram.com\\\/exaudi_noticias\\\/\",\"https:\\\/\\\/x.com\\\/Exaudi_noticias\",\"https:\\\/\\\/www.youtube.com\\\/@exaudicatholicnews\"],\"url\":\"https:\\\/\\\/exaudi.org\\\/es\\\/author\\\/redaccionexaudi\\\/\"}]}<\/script>\n<!-- \/ Yoast SEO plugin. -->","yoast_head_json":{"title":"El Papa a \u201cManos Unidas\u201d: Erradiquen los males que golpean a las naciones &#8211; Exaudi","robots":{"index":"index","follow":"follow","max-snippet":"max-snippet:-1","max-image-preview":"max-image-preview:large","max-video-preview":"max-video-preview:-1"},"canonical":"https:\/\/exaudi.org\/es\/el-papa-a-manos-unidas-erradiquen-los-males-que-golpean-a-las-naciones\/","og_locale":"es_ES","og_type":"article","og_title":"El Papa a \u201cManos Unidas\u201d: Erradiquen los males que golpean a las naciones &#8211; Exaudi","og_description":"Francisco destaca la figura de la mujer que contribuy\u00f3 a crear hace 65 a\u00f1os la asociaci\u00f3n p\u00fablica femenina espa\u00f1ola que trabaja para combatir el hambre, el subdesarrollo y la falta de educaci\u00f3n en los pa\u00edses de Am\u00e9rica, \u00c1frica y Asia. De cara al Jubileo el Pont\u00edfice invita a ser \u201cperegrinos de la esperanza\u201d y a contribuir \u201ca la mejora material, al progreso moral y al desarrollo espiritual de los m\u00e1s fr\u00e1giles y necesitados\u201d","og_url":"https:\/\/exaudi.org\/es\/el-papa-a-manos-unidas-erradiquen-los-males-que-golpean-a-las-naciones\/","og_site_name":"Exaudi","article_publisher":"https:\/\/www.facebook.com\/ExaudiNews","article_author":"https:\/\/www.facebook.com\/ExaudiNoticias\/","article_published_time":"2024-12-10T07:15:31+00:00","article_modified_time":"2024-12-10T11:24:47+00:00","og_image":[{"width":750,"height":422,"url":"https:\/\/exaudi.org\/wp-content\/uploads\/2024\/12\/cq5dam.thumbnail.cropped.750.422-11.jpeg","type":"image\/jpeg"}],"author":"Exaudi Redacci\u00f3n","twitter_card":"summary_large_image","twitter_creator":"@Exaudi_noticias","twitter_site":"@Exaudi_News","twitter_misc":{"Escrito por":"Exaudi Redacci\u00f3n","Tiempo de lectura":"3 minutos"},"schema":{"@context":"https:\/\/schema.org","@graph":[{"@type":"Article","@id":"https:\/\/exaudi.org\/es\/el-papa-a-manos-unidas-erradiquen-los-males-que-golpean-a-las-naciones\/#article","isPartOf":{"@id":"https:\/\/exaudi.org\/es\/el-papa-a-manos-unidas-erradiquen-los-males-que-golpean-a-las-naciones\/"},"author":{"name":"Exaudi Redacci\u00f3n","@id":"https:\/\/exaudi.org\/#\/schema\/person\/f5fc8f063065e38742da7afe15f25df7"},"headline":"El Papa a \u201cManos Unidas\u201d: Erradiquen los males que golpean a las naciones","datePublished":"2024-12-10T07:15:31+00:00","dateModified":"2024-12-10T11:24:47+00:00","mainEntityOfPage":{"@id":"https:\/\/exaudi.org\/es\/el-papa-a-manos-unidas-erradiquen-los-males-que-golpean-a-las-naciones\/"},"wordCount":662,"image":{"@id":"https:\/\/exaudi.org\/es\/el-papa-a-manos-unidas-erradiquen-los-males-que-golpean-a-las-naciones\/#primaryimage"},"thumbnailUrl":"https:\/\/exaudi.org\/wp-content\/uploads\/2024\/12\/cq5dam.thumbnail.cropped.750.422-11.jpeg","keywords":["65 a\u00f1os","Acci\u00f3n Cat\u00f3lica Espa\u00f1ola","Africa","Am\u00e9rica","Asia","asociaci\u00f3n femenina","Ayuda humanitaria","civilizaci\u00f3n del amor","desarrollo espiritual","Doctrina Social de la Iglesia","erradicaci\u00f3n de la pobreza","falta de educaci\u00f3n","FAO","Jubileo","Lucha contra el hambre","Manos unidas","mejora material","Mujeres en la Iglesia","pa\u00edses en desarrollo","papa francisco","Peregrinos de la Esperanza\u201d.","progreso moral","solidaridad","subdesarrollo","Trending","Virgen Mar\u00eda","Voluntariado"],"articleSection":["Encuentros","Le\u00f3n XIV"],"inLanguage":"es"},{"@type":"WebPage","@id":"https:\/\/exaudi.org\/es\/el-papa-a-manos-unidas-erradiquen-los-males-que-golpean-a-las-naciones\/","url":"https:\/\/exaudi.org\/es\/el-papa-a-manos-unidas-erradiquen-los-males-que-golpean-a-las-naciones\/","name":"El Papa a \u201cManos Unidas\u201d: Erradiquen los males que golpean a las naciones &#8211; Exaudi","isPartOf":{"@id":"https:\/\/exaudi.org\/#website"},"primaryImageOfPage":{"@id":"https:\/\/exaudi.org\/es\/el-papa-a-manos-unidas-erradiquen-los-males-que-golpean-a-las-naciones\/#primaryimage"},"image":{"@id":"https:\/\/exaudi.org\/es\/el-papa-a-manos-unidas-erradiquen-los-males-que-golpean-a-las-naciones\/#primaryimage"},"thumbnailUrl":"https:\/\/exaudi.org\/wp-content\/uploads\/2024\/12\/cq5dam.thumbnail.cropped.750.422-11.jpeg","datePublished":"2024-12-10T07:15:31+00:00","dateModified":"2024-12-10T11:24:47+00:00","author":{"@id":"https:\/\/exaudi.org\/#\/schema\/person\/f5fc8f063065e38742da7afe15f25df7"},"breadcrumb":{"@id":"https:\/\/exaudi.org\/es\/el-papa-a-manos-unidas-erradiquen-los-males-que-golpean-a-las-naciones\/#breadcrumb"},"inLanguage":"es","potentialAction":[{"@type":"ReadAction","target":["https:\/\/exaudi.org\/es\/el-papa-a-manos-unidas-erradiquen-los-males-que-golpean-a-las-naciones\/"]}]},{"@type":"ImageObject","inLanguage":"es","@id":"https:\/\/exaudi.org\/es\/el-papa-a-manos-unidas-erradiquen-los-males-que-golpean-a-las-naciones\/#primaryimage","url":"https:\/\/exaudi.org\/wp-content\/uploads\/2024\/12\/cq5dam.thumbnail.cropped.750.422-11.jpeg","contentUrl":"https:\/\/exaudi.org\/wp-content\/uploads\/2024\/12\/cq5dam.thumbnail.cropped.750.422-11.jpeg","width":750,"height":422},{"@type":"BreadcrumbList","@id":"https:\/\/exaudi.org\/es\/el-papa-a-manos-unidas-erradiquen-los-males-que-golpean-a-las-naciones\/#breadcrumb","itemListElement":[{"@type":"ListItem","position":1,"name":"Portada","item":"https:\/\/exaudi.org\/es\/"},{"@type":"ListItem","position":2,"name":"El Papa a \u201cManos Unidas\u201d: Erradiquen los males que golpean a las naciones"}]},{"@type":"WebSite","@id":"https:\/\/exaudi.org\/#website","url":"https:\/\/exaudi.org\/","name":"Exaudi","description":"News","potentialAction":[{"@type":"SearchAction","target":{"@type":"EntryPoint","urlTemplate":"https:\/\/exaudi.org\/?s={search_term_string}"},"query-input":{"@type":"PropertyValueSpecification","valueRequired":true,"valueName":"search_term_string"}}],"inLanguage":"es"},{"@type":"Person","@id":"https:\/\/exaudi.org\/#\/schema\/person\/f5fc8f063065e38742da7afe15f25df7","name":"Exaudi Redacci\u00f3n","image":{"@type":"ImageObject","inLanguage":"es","@id":"https:\/\/secure.gravatar.com\/avatar\/fe0f6a059fb68d9b3e11bc5850dd4899b1c7492091a3cb6dd9b01b56ad828be2?s=96&d=mm&r=g","url":"https:\/\/secure.gravatar.com\/avatar\/fe0f6a059fb68d9b3e11bc5850dd4899b1c7492091a3cb6dd9b01b56ad828be2?s=96&d=mm&r=g","contentUrl":"https:\/\/secure.gravatar.com\/avatar\/fe0f6a059fb68d9b3e11bc5850dd4899b1c7492091a3cb6dd9b01b56ad828be2?s=96&d=mm&r=g","caption":"Exaudi Redacci\u00f3n"},"description":"\u00bfQu\u00e9 es Exaudi News? Exaudi News es un medio de comunicaci\u00f3n cat\u00f3lico internacional que informa, forma y transforma, diariamente en espa\u00f1ol, ingl\u00e9s e italiano. A trav\u00e9s de noticias, art\u00edculos de an\u00e1lisis y transmisiones en directo de los eventos del Papa, Exaudi busca fortalecer la unidad de los cristianos y contribuir a la evangelizaci\u00f3n del mundo, siempre guiados por la doctrina social de la Iglesia. Trabajamos para acercar la verdad y los valores cristianos a cada rinc\u00f3n del planeta. \u00a1Ay\u00fadanos a transformar el mundo con Exaudi! En Exaudi creemos que la evangelizaci\u00f3n y la informaci\u00f3n de calidad pueden cambiar vidas. Para continuar con nuestra misi\u00f3n y expandir nuestro alcance, necesitamos tu ayuda. Adem\u00e1s, buscamos personas comprometidas que deseen unirse a nuestro equipo. Con tu apoyo, lograremos llegar a m\u00e1s personas, difundir el mensaje de Cristo y reforzar la unidad de los cristianos. \u00bfTe unes a nuestra misi\u00f3n? Para m\u00e1s informaci\u00f3n sobre c\u00f3mo colaborar, visita Exaudi.org\/es o cont\u00e1ctanos directamente: info@exaudi.org Exaudi: Informa, forma y transforma.","sameAs":["https:\/\/www.facebook.com\/ExaudiNoticias\/","https:\/\/www.instagram.com\/exaudi_noticias\/","https:\/\/x.com\/Exaudi_noticias","https:\/\/www.youtube.com\/@exaudicatholicnews"],"url":"https:\/\/exaudi.org\/es\/author\/redaccionexaudi\/"}]}},"jetpack_featured_media_url":"https:\/\/exaudi.org\/wp-content\/uploads\/2024\/12\/cq5dam.thumbnail.cropped.750.422-11.jpeg","jetpack_shortlink":"https:\/\/wp.me\/pgKjF2-tPo","_links":{"self":[{"href":"https:\/\/exaudi.org\/es\/wp-json\/wp\/v2\/posts\/114662","targetHints":{"allow":["GET"]}}],"collection":[{"href":"https:\/\/exaudi.org\/es\/wp-json\/wp\/v2\/posts"}],"about":[{"href":"https:\/\/exaudi.org\/es\/wp-json\/wp\/v2\/types\/post"}],"author":[{"embeddable":true,"href":"https:\/\/exaudi.org\/es\/wp-json\/wp\/v2\/users\/15"}],"replies":[{"embeddable":true,"href":"https:\/\/exaudi.org\/es\/wp-json\/wp\/v2\/comments?post=114662"}],"version-history":[{"count":0,"href":"https:\/\/exaudi.org\/es\/wp-json\/wp\/v2\/posts\/114662\/revisions"}],"wp:featuredmedia":[{"embeddable":true,"href":"https:\/\/exaudi.org\/es\/wp-json\/wp\/v2\/media\/114663"}],"wp:attachment":[{"href":"https:\/\/exaudi.org\/es\/wp-json\/wp\/v2\/media?parent=114662"}],"wp:term":[{"taxonomy":"category","embeddable":true,"href":"https:\/\/exaudi.org\/es\/wp-json\/wp\/v2\/categories?post=114662"},{"taxonomy":"post_tag","embeddable":true,"href":"https:\/\/exaudi.org\/es\/wp-json\/wp\/v2\/tags?post=114662"}],"curies":[{"name":"wp","href":"https:\/\/api.w.org\/{rel}","templated":true}]}}