{"id":114423,"date":"2024-12-06T13:01:16","date_gmt":"2024-12-06T12:01:16","guid":{"rendered":"https:\/\/exaudi.org\/?p=114423"},"modified":"2024-12-06T13:03:15","modified_gmt":"2024-12-06T12:03:15","slug":"vuelven-las-ferias-monasticas-de-la-fundacion-contemplare-mucho-mas-que-dulces","status":"publish","type":"post","link":"https:\/\/exaudi.org\/es\/vuelven-las-ferias-monasticas-de-la-fundacion-contemplare-mucho-mas-que-dulces\/","title":{"rendered":"Vuelven las Ferias Mon\u00e1sticas de la Fundaci\u00f3n  Contemplare \u2013 Mucho m\u00e1s que Dulces"},"content":{"rendered":"<p>Por supuesto que tenemos toneladas de polvorones, mantecados, mazapanes y turrones; las pastas de siempre, las garrapi\u00f1adas, los panettone y los licores potentes. Pero las Ferias Mon\u00e1sticas de Contemplare son mucho m\u00e1s que dulces navide\u00f1os. Y este a\u00f1o especialmente:<\/p>\n<p>Por primera vez, traemos productos de monasterios franceses, en un intercambio de saberes y especialidades, y nos estrenamos con el pat\u00e9 de campa\u00f1a de los famosos \u201ccerdos del P\u00e8re Marc\u201d y con un producto delicioso muy poco conocido en Espa\u00f1a: rilletes de canard (pato desmenuzado). Todas las tarrinas llegan directamente de los cistercienses de Normand\u00eda.<\/p>\n<p>Los monasterios masculinos de Espa\u00f1a, en cambio, est\u00e1n especializados en cervezas artesanas \u2013rubia, tostada y trigo- as\u00ed como en mermeladas de sabores impensables. Tambi\u00e9n las pondremos a la venta junto con sus quesos e incluso la leche de las vacas que pastan en los cenobios de Galicia.<\/p>\n<p>Y para los golosos con peticiones especiales, este a\u00f1o potenciamos las l\u00edneas integrales de productos t\u00edpicos: \u00a1un descubrimiento el polvor\u00f3n sin az\u00facar!<\/p>\n<p>En la selecci\u00f3n de artesan\u00eda la gran novedad son las coronas de Adviento tejidas a mano, con sus angelitos a juego para colgar en el \u00e1rbol. Y, por supuesto, los nacimientos que han confeccionado en silencio y oraci\u00f3n durante todo el a\u00f1o las Hermanas de Bel\u00e9n, especialistas en ornamentos navide\u00f1os, \u00e1ngeles y medallas. Menci\u00f3n aparte para el Ni\u00f1o Jes\u00fas de Charles de Foucauld, que es rojizo y oriental.<\/p>\n<p>En definitiva, la Fundaci\u00f3n Contemplare busca dar a conocer a trav\u00e9s de sus ferias mon\u00e1sticas navide\u00f1as a los miles hombres y mujeres que han entregado su vida a la contemplaci\u00f3n, inmersos en el mundo a trav\u00e9s de sus rezos, pero anticipando ya las primicias del Cielo. Comprar sus productos es ayudarles a vivir su ora et labora.<\/p>\n<h3><strong>\u00bfD\u00f3nde encontrarnos este a\u00f1o en Madrid?<\/strong><\/h3>\n<p>En la Plaza Mayor de Madrid \u2013 del mi\u00e9rcoles 11 al domingo 15 de diciembre \u2013 venta exclusiva en la Casa de la Panader\u00eda la semana justo despu\u00e9s del puente<\/p>\n<p>En el ABC Serrano \u2013 del 5 al 20 de diciembre \u2013 como cada a\u00f1o, casi todo el mes<\/p>\n<h3><strong>\u00bfY fuera de Madrid?<\/strong><\/h3>\n<p>En el centro de Oviedo \u2013 con ocho casetas de madera, del 5 al 22 de diciembre<\/p>\n<p>Y env\u00edos a casa, tipo Amazon, desde nuestra web <a href=\"http:\/\/www.fundacioncontemplare.org\" rel=\"nofollow\">http:\/\/www.fundacioncontemplare.org<\/a><\/p>\n<p>#Muchom\u00e1squedulces #MadeinPrayer #SomoselAmazondelosMonasterios<\/p>\n","protected":false},"excerpt":{"rendered":"<p>M\u00e1s de 80 monasterios, 900 variedades de producto, y todo #MadeinPrayer<\/p>\n","protected":false},"author":15,"featured_media":114424,"comment_status":"closed","ping_status":"closed","sticky":false,"template":"","format":"standard","meta":{"_acf_changed":false,"_crdt_document":"","inline_featured_image":false,"footnotes":""},"categories":[74],"tags":[36289,32623,36284,36278,32628,36274,36290,36287,36271,36272,36281,36291,36279,36275,36283,36292,14499,36276,36288,36273,36282,36293,36280,36285,36277,4953,36286],"class_list":["post-114423","post","type-post","status-publish","format-standard","has-post-thumbnail","hentry","category-iglesia-y-mundo","tag-abc-serrano","tag-adviento-2024","tag-artesania-navidena","tag-cervezas-artesanas","tag-coronas-de-adviento","tag-dulces-navidenos","tag-envios-a-casa","tag-exposicion-madrid","tag-ferias-monasticas","tag-fundacion-contemplare","tag-leche-de-vaca","tag-madeinprayer","tag-mermeladas","tag-monasterios","tag-nacimientos-navidenos","tag-ora-et-labora","tag-oviedo","tag-pate-de-campana","tag-plaza-mayor","tag-productos-monasticos","tag-productos-sin-azucar","tag-productos-solidarios","tag-quesos-monasticos","tag-regalos-navidenos","tag-rilletes-de-canard","tag-trending-es","tag-venta-de-productos-monasticos"],"acf":[],"yoast_head":"<!-- This site is optimized with the Yoast SEO plugin v27.4 - https:\/\/yoast.com\/product\/yoast-seo-wordpress\/ -->\n<title>Vuelven las Ferias Mon\u00e1sticas de la Fundaci\u00f3n Contemplare \u2013 Mucho m\u00e1s que Dulces &#8211; Exaudi<\/title>\n<meta name=\"robots\" content=\"index, follow, max-snippet:-1, max-image-preview:large, max-video-preview:-1\" \/>\n<link rel=\"canonical\" href=\"https:\/\/exaudi.org\/es\/vuelven-las-ferias-monasticas-de-la-fundacion-contemplare-mucho-mas-que-dulces\/\" \/>\n<meta property=\"og:locale\" content=\"es_ES\" \/>\n<meta property=\"og:type\" content=\"article\" \/>\n<meta property=\"og:title\" content=\"Vuelven las Ferias Mon\u00e1sticas de la Fundaci\u00f3n Contemplare \u2013 Mucho m\u00e1s que Dulces &#8211; Exaudi\" \/>\n<meta property=\"og:description\" content=\"M\u00e1s de 80 monasterios, 900 variedades de producto, y todo #MadeinPrayer\" \/>\n<meta property=\"og:url\" content=\"https:\/\/exaudi.org\/es\/vuelven-las-ferias-monasticas-de-la-fundacion-contemplare-mucho-mas-que-dulces\/\" \/>\n<meta property=\"og:site_name\" content=\"Exaudi\" \/>\n<meta property=\"article:publisher\" content=\"https:\/\/www.facebook.com\/ExaudiNews\" \/>\n<meta property=\"article:author\" content=\"https:\/\/www.facebook.com\/ExaudiNoticias\/\" \/>\n<meta property=\"article:published_time\" content=\"2024-12-06T12:01:16+00:00\" \/>\n<meta property=\"article:modified_time\" content=\"2024-12-06T12:03:15+00:00\" \/>\n<meta property=\"og:image\" content=\"https:\/\/exaudi.org\/wp-content\/uploads\/2024\/12\/IMG-20241205-WA0042.jpg\" \/>\n\t<meta property=\"og:image:width\" content=\"2048\" \/>\n\t<meta property=\"og:image:height\" content=\"1368\" \/>\n\t<meta property=\"og:image:type\" content=\"image\/jpeg\" \/>\n<meta name=\"author\" content=\"Exaudi Redacci\u00f3n\" \/>\n<meta name=\"twitter:card\" content=\"summary_large_image\" \/>\n<meta name=\"twitter:creator\" content=\"@Exaudi_noticias\" \/>\n<meta name=\"twitter:site\" content=\"@Exaudi_News\" \/>\n<meta name=\"twitter:label1\" content=\"Escrito por\" \/>\n\t<meta name=\"twitter:data1\" content=\"Exaudi Redacci\u00f3n\" \/>\n\t<meta name=\"twitter:label2\" content=\"Tiempo de lectura\" \/>\n\t<meta name=\"twitter:data2\" content=\"2 minutos\" \/>\n<script type=\"application\/ld+json\" class=\"yoast-schema-graph\">{\"@context\":\"https:\\\/\\\/schema.org\",\"@graph\":[{\"@type\":\"Article\",\"@id\":\"https:\\\/\\\/exaudi.org\\\/es\\\/vuelven-las-ferias-monasticas-de-la-fundacion-contemplare-mucho-mas-que-dulces\\\/#article\",\"isPartOf\":{\"@id\":\"https:\\\/\\\/exaudi.org\\\/es\\\/vuelven-las-ferias-monasticas-de-la-fundacion-contemplare-mucho-mas-que-dulces\\\/\"},\"author\":{\"name\":\"Exaudi Redacci\u00f3n\",\"@id\":\"https:\\\/\\\/exaudi.org\\\/#\\\/schema\\\/person\\\/f5fc8f063065e38742da7afe15f25df7\"},\"headline\":\"Vuelven las Ferias Mon\u00e1sticas de la Fundaci\u00f3n Contemplare \u2013 Mucho m\u00e1s que Dulces\",\"datePublished\":\"2024-12-06T12:01:16+00:00\",\"dateModified\":\"2024-12-06T12:03:15+00:00\",\"mainEntityOfPage\":{\"@id\":\"https:\\\/\\\/exaudi.org\\\/es\\\/vuelven-las-ferias-monasticas-de-la-fundacion-contemplare-mucho-mas-que-dulces\\\/\"},\"wordCount\":423,\"image\":{\"@id\":\"https:\\\/\\\/exaudi.org\\\/es\\\/vuelven-las-ferias-monasticas-de-la-fundacion-contemplare-mucho-mas-que-dulces\\\/#primaryimage\"},\"thumbnailUrl\":\"https:\\\/\\\/exaudi.org\\\/wp-content\\\/uploads\\\/2024\\\/12\\\/IMG-20241205-WA0042.jpg\",\"keywords\":[\"ABC Serrano\",\"adviento 2024\",\"artesan\u00eda navide\u00f1a\",\"cervezas artesanas\",\"coronas de Adviento\",\"dulces navide\u00f1os\",\"env\u00edos a casa\",\"exposici\u00f3n Madrid\",\"Ferias Mon\u00e1sticas\",\"Fundaci\u00f3n Contemplare\",\"leche de vaca\",\"MadeinPrayer\",\"mermeladas\",\"monasterios\",\"nacimientos navide\u00f1os\",\"Ora et Labora\",\"Oviedo\",\"pat\u00e9 de campa\u00f1a\",\"Plaza Mayor\",\"productos mon\u00e1sticos\",\"productos sin az\u00facar\",\"productos solidarios\",\"quesos mon\u00e1sticos\",\"regalos navide\u00f1os\",\"rilletes de canard\",\"Trending\",\"venta de productos mon\u00e1sticos\"],\"articleSection\":[\"Iglesia y Mundo\"],\"inLanguage\":\"es\"},{\"@type\":\"WebPage\",\"@id\":\"https:\\\/\\\/exaudi.org\\\/es\\\/vuelven-las-ferias-monasticas-de-la-fundacion-contemplare-mucho-mas-que-dulces\\\/\",\"url\":\"https:\\\/\\\/exaudi.org\\\/es\\\/vuelven-las-ferias-monasticas-de-la-fundacion-contemplare-mucho-mas-que-dulces\\\/\",\"name\":\"Vuelven las Ferias Mon\u00e1sticas de la Fundaci\u00f3n Contemplare \u2013 Mucho m\u00e1s que Dulces &#8211; Exaudi\",\"isPartOf\":{\"@id\":\"https:\\\/\\\/exaudi.org\\\/#website\"},\"primaryImageOfPage\":{\"@id\":\"https:\\\/\\\/exaudi.org\\\/es\\\/vuelven-las-ferias-monasticas-de-la-fundacion-contemplare-mucho-mas-que-dulces\\\/#primaryimage\"},\"image\":{\"@id\":\"https:\\\/\\\/exaudi.org\\\/es\\\/vuelven-las-ferias-monasticas-de-la-fundacion-contemplare-mucho-mas-que-dulces\\\/#primaryimage\"},\"thumbnailUrl\":\"https:\\\/\\\/exaudi.org\\\/wp-content\\\/uploads\\\/2024\\\/12\\\/IMG-20241205-WA0042.jpg\",\"datePublished\":\"2024-12-06T12:01:16+00:00\",\"dateModified\":\"2024-12-06T12:03:15+00:00\",\"author\":{\"@id\":\"https:\\\/\\\/exaudi.org\\\/#\\\/schema\\\/person\\\/f5fc8f063065e38742da7afe15f25df7\"},\"breadcrumb\":{\"@id\":\"https:\\\/\\\/exaudi.org\\\/es\\\/vuelven-las-ferias-monasticas-de-la-fundacion-contemplare-mucho-mas-que-dulces\\\/#breadcrumb\"},\"inLanguage\":\"es\",\"potentialAction\":[{\"@type\":\"ReadAction\",\"target\":[\"https:\\\/\\\/exaudi.org\\\/es\\\/vuelven-las-ferias-monasticas-de-la-fundacion-contemplare-mucho-mas-que-dulces\\\/\"]}]},{\"@type\":\"ImageObject\",\"inLanguage\":\"es\",\"@id\":\"https:\\\/\\\/exaudi.org\\\/es\\\/vuelven-las-ferias-monasticas-de-la-fundacion-contemplare-mucho-mas-que-dulces\\\/#primaryimage\",\"url\":\"https:\\\/\\\/exaudi.org\\\/wp-content\\\/uploads\\\/2024\\\/12\\\/IMG-20241205-WA0042.jpg\",\"contentUrl\":\"https:\\\/\\\/exaudi.org\\\/wp-content\\\/uploads\\\/2024\\\/12\\\/IMG-20241205-WA0042.jpg\",\"width\":2048,\"height\":1368},{\"@type\":\"BreadcrumbList\",\"@id\":\"https:\\\/\\\/exaudi.org\\\/es\\\/vuelven-las-ferias-monasticas-de-la-fundacion-contemplare-mucho-mas-que-dulces\\\/#breadcrumb\",\"itemListElement\":[{\"@type\":\"ListItem\",\"position\":1,\"name\":\"Portada\",\"item\":\"https:\\\/\\\/exaudi.org\\\/es\\\/\"},{\"@type\":\"ListItem\",\"position\":2,\"name\":\"Vuelven las Ferias Mon\u00e1sticas de la Fundaci\u00f3n Contemplare \u2013 Mucho m\u00e1s que Dulces\"}]},{\"@type\":\"WebSite\",\"@id\":\"https:\\\/\\\/exaudi.org\\\/#website\",\"url\":\"https:\\\/\\\/exaudi.org\\\/\",\"name\":\"Exaudi\",\"description\":\"News\",\"potentialAction\":[{\"@type\":\"SearchAction\",\"target\":{\"@type\":\"EntryPoint\",\"urlTemplate\":\"https:\\\/\\\/exaudi.org\\\/?s={search_term_string}\"},\"query-input\":{\"@type\":\"PropertyValueSpecification\",\"valueRequired\":true,\"valueName\":\"search_term_string\"}}],\"inLanguage\":\"es\"},{\"@type\":\"Person\",\"@id\":\"https:\\\/\\\/exaudi.org\\\/#\\\/schema\\\/person\\\/f5fc8f063065e38742da7afe15f25df7\",\"name\":\"Exaudi Redacci\u00f3n\",\"image\":{\"@type\":\"ImageObject\",\"inLanguage\":\"es\",\"@id\":\"https:\\\/\\\/secure.gravatar.com\\\/avatar\\\/fe0f6a059fb68d9b3e11bc5850dd4899b1c7492091a3cb6dd9b01b56ad828be2?s=96&d=mm&r=g\",\"url\":\"https:\\\/\\\/secure.gravatar.com\\\/avatar\\\/fe0f6a059fb68d9b3e11bc5850dd4899b1c7492091a3cb6dd9b01b56ad828be2?s=96&d=mm&r=g\",\"contentUrl\":\"https:\\\/\\\/secure.gravatar.com\\\/avatar\\\/fe0f6a059fb68d9b3e11bc5850dd4899b1c7492091a3cb6dd9b01b56ad828be2?s=96&d=mm&r=g\",\"caption\":\"Exaudi Redacci\u00f3n\"},\"description\":\"\u00bfQu\u00e9 es Exaudi News? Exaudi News es un medio de comunicaci\u00f3n cat\u00f3lico internacional que informa, forma y transforma, diariamente en espa\u00f1ol, ingl\u00e9s e italiano. A trav\u00e9s de noticias, art\u00edculos de an\u00e1lisis y transmisiones en directo de los eventos del Papa, Exaudi busca fortalecer la unidad de los cristianos y contribuir a la evangelizaci\u00f3n del mundo, siempre guiados por la doctrina social de la Iglesia. Trabajamos para acercar la verdad y los valores cristianos a cada rinc\u00f3n del planeta. \u00a1Ay\u00fadanos a transformar el mundo con Exaudi! En Exaudi creemos que la evangelizaci\u00f3n y la informaci\u00f3n de calidad pueden cambiar vidas. Para continuar con nuestra misi\u00f3n y expandir nuestro alcance, necesitamos tu ayuda. Adem\u00e1s, buscamos personas comprometidas que deseen unirse a nuestro equipo. Con tu apoyo, lograremos llegar a m\u00e1s personas, difundir el mensaje de Cristo y reforzar la unidad de los cristianos. \u00bfTe unes a nuestra misi\u00f3n? Para m\u00e1s informaci\u00f3n sobre c\u00f3mo colaborar, visita Exaudi.org\\\/es o cont\u00e1ctanos directamente: info@exaudi.org Exaudi: Informa, forma y transforma.\",\"sameAs\":[\"https:\\\/\\\/www.facebook.com\\\/ExaudiNoticias\\\/\",\"https:\\\/\\\/www.instagram.com\\\/exaudi_noticias\\\/\",\"https:\\\/\\\/x.com\\\/Exaudi_noticias\",\"https:\\\/\\\/www.youtube.com\\\/@exaudicatholicnews\"],\"url\":\"https:\\\/\\\/exaudi.org\\\/es\\\/author\\\/redaccionexaudi\\\/\"}]}<\/script>\n<!-- \/ Yoast SEO plugin. -->","yoast_head_json":{"title":"Vuelven las Ferias Mon\u00e1sticas de la Fundaci\u00f3n Contemplare \u2013 Mucho m\u00e1s que Dulces &#8211; Exaudi","robots":{"index":"index","follow":"follow","max-snippet":"max-snippet:-1","max-image-preview":"max-image-preview:large","max-video-preview":"max-video-preview:-1"},"canonical":"https:\/\/exaudi.org\/es\/vuelven-las-ferias-monasticas-de-la-fundacion-contemplare-mucho-mas-que-dulces\/","og_locale":"es_ES","og_type":"article","og_title":"Vuelven las Ferias Mon\u00e1sticas de la Fundaci\u00f3n Contemplare \u2013 Mucho m\u00e1s que Dulces &#8211; Exaudi","og_description":"M\u00e1s de 80 monasterios, 900 variedades de producto, y todo #MadeinPrayer","og_url":"https:\/\/exaudi.org\/es\/vuelven-las-ferias-monasticas-de-la-fundacion-contemplare-mucho-mas-que-dulces\/","og_site_name":"Exaudi","article_publisher":"https:\/\/www.facebook.com\/ExaudiNews","article_author":"https:\/\/www.facebook.com\/ExaudiNoticias\/","article_published_time":"2024-12-06T12:01:16+00:00","article_modified_time":"2024-12-06T12:03:15+00:00","og_image":[{"width":2048,"height":1368,"url":"https:\/\/exaudi.org\/wp-content\/uploads\/2024\/12\/IMG-20241205-WA0042.jpg","type":"image\/jpeg"}],"author":"Exaudi Redacci\u00f3n","twitter_card":"summary_large_image","twitter_creator":"@Exaudi_noticias","twitter_site":"@Exaudi_News","twitter_misc":{"Escrito por":"Exaudi Redacci\u00f3n","Tiempo de lectura":"2 minutos"},"schema":{"@context":"https:\/\/schema.org","@graph":[{"@type":"Article","@id":"https:\/\/exaudi.org\/es\/vuelven-las-ferias-monasticas-de-la-fundacion-contemplare-mucho-mas-que-dulces\/#article","isPartOf":{"@id":"https:\/\/exaudi.org\/es\/vuelven-las-ferias-monasticas-de-la-fundacion-contemplare-mucho-mas-que-dulces\/"},"author":{"name":"Exaudi Redacci\u00f3n","@id":"https:\/\/exaudi.org\/#\/schema\/person\/f5fc8f063065e38742da7afe15f25df7"},"headline":"Vuelven las Ferias Mon\u00e1sticas de la Fundaci\u00f3n Contemplare \u2013 Mucho m\u00e1s que Dulces","datePublished":"2024-12-06T12:01:16+00:00","dateModified":"2024-12-06T12:03:15+00:00","mainEntityOfPage":{"@id":"https:\/\/exaudi.org\/es\/vuelven-las-ferias-monasticas-de-la-fundacion-contemplare-mucho-mas-que-dulces\/"},"wordCount":423,"image":{"@id":"https:\/\/exaudi.org\/es\/vuelven-las-ferias-monasticas-de-la-fundacion-contemplare-mucho-mas-que-dulces\/#primaryimage"},"thumbnailUrl":"https:\/\/exaudi.org\/wp-content\/uploads\/2024\/12\/IMG-20241205-WA0042.jpg","keywords":["ABC Serrano","adviento 2024","artesan\u00eda navide\u00f1a","cervezas artesanas","coronas de Adviento","dulces navide\u00f1os","env\u00edos a casa","exposici\u00f3n Madrid","Ferias Mon\u00e1sticas","Fundaci\u00f3n Contemplare","leche de vaca","MadeinPrayer","mermeladas","monasterios","nacimientos navide\u00f1os","Ora et Labora","Oviedo","pat\u00e9 de campa\u00f1a","Plaza Mayor","productos mon\u00e1sticos","productos sin az\u00facar","productos solidarios","quesos mon\u00e1sticos","regalos navide\u00f1os","rilletes de canard","Trending","venta de productos mon\u00e1sticos"],"articleSection":["Iglesia y Mundo"],"inLanguage":"es"},{"@type":"WebPage","@id":"https:\/\/exaudi.org\/es\/vuelven-las-ferias-monasticas-de-la-fundacion-contemplare-mucho-mas-que-dulces\/","url":"https:\/\/exaudi.org\/es\/vuelven-las-ferias-monasticas-de-la-fundacion-contemplare-mucho-mas-que-dulces\/","name":"Vuelven las Ferias Mon\u00e1sticas de la Fundaci\u00f3n Contemplare \u2013 Mucho m\u00e1s que Dulces &#8211; Exaudi","isPartOf":{"@id":"https:\/\/exaudi.org\/#website"},"primaryImageOfPage":{"@id":"https:\/\/exaudi.org\/es\/vuelven-las-ferias-monasticas-de-la-fundacion-contemplare-mucho-mas-que-dulces\/#primaryimage"},"image":{"@id":"https:\/\/exaudi.org\/es\/vuelven-las-ferias-monasticas-de-la-fundacion-contemplare-mucho-mas-que-dulces\/#primaryimage"},"thumbnailUrl":"https:\/\/exaudi.org\/wp-content\/uploads\/2024\/12\/IMG-20241205-WA0042.jpg","datePublished":"2024-12-06T12:01:16+00:00","dateModified":"2024-12-06T12:03:15+00:00","author":{"@id":"https:\/\/exaudi.org\/#\/schema\/person\/f5fc8f063065e38742da7afe15f25df7"},"breadcrumb":{"@id":"https:\/\/exaudi.org\/es\/vuelven-las-ferias-monasticas-de-la-fundacion-contemplare-mucho-mas-que-dulces\/#breadcrumb"},"inLanguage":"es","potentialAction":[{"@type":"ReadAction","target":["https:\/\/exaudi.org\/es\/vuelven-las-ferias-monasticas-de-la-fundacion-contemplare-mucho-mas-que-dulces\/"]}]},{"@type":"ImageObject","inLanguage":"es","@id":"https:\/\/exaudi.org\/es\/vuelven-las-ferias-monasticas-de-la-fundacion-contemplare-mucho-mas-que-dulces\/#primaryimage","url":"https:\/\/exaudi.org\/wp-content\/uploads\/2024\/12\/IMG-20241205-WA0042.jpg","contentUrl":"https:\/\/exaudi.org\/wp-content\/uploads\/2024\/12\/IMG-20241205-WA0042.jpg","width":2048,"height":1368},{"@type":"BreadcrumbList","@id":"https:\/\/exaudi.org\/es\/vuelven-las-ferias-monasticas-de-la-fundacion-contemplare-mucho-mas-que-dulces\/#breadcrumb","itemListElement":[{"@type":"ListItem","position":1,"name":"Portada","item":"https:\/\/exaudi.org\/es\/"},{"@type":"ListItem","position":2,"name":"Vuelven las Ferias Mon\u00e1sticas de la Fundaci\u00f3n Contemplare \u2013 Mucho m\u00e1s que Dulces"}]},{"@type":"WebSite","@id":"https:\/\/exaudi.org\/#website","url":"https:\/\/exaudi.org\/","name":"Exaudi","description":"News","potentialAction":[{"@type":"SearchAction","target":{"@type":"EntryPoint","urlTemplate":"https:\/\/exaudi.org\/?s={search_term_string}"},"query-input":{"@type":"PropertyValueSpecification","valueRequired":true,"valueName":"search_term_string"}}],"inLanguage":"es"},{"@type":"Person","@id":"https:\/\/exaudi.org\/#\/schema\/person\/f5fc8f063065e38742da7afe15f25df7","name":"Exaudi Redacci\u00f3n","image":{"@type":"ImageObject","inLanguage":"es","@id":"https:\/\/secure.gravatar.com\/avatar\/fe0f6a059fb68d9b3e11bc5850dd4899b1c7492091a3cb6dd9b01b56ad828be2?s=96&d=mm&r=g","url":"https:\/\/secure.gravatar.com\/avatar\/fe0f6a059fb68d9b3e11bc5850dd4899b1c7492091a3cb6dd9b01b56ad828be2?s=96&d=mm&r=g","contentUrl":"https:\/\/secure.gravatar.com\/avatar\/fe0f6a059fb68d9b3e11bc5850dd4899b1c7492091a3cb6dd9b01b56ad828be2?s=96&d=mm&r=g","caption":"Exaudi Redacci\u00f3n"},"description":"\u00bfQu\u00e9 es Exaudi News? Exaudi News es un medio de comunicaci\u00f3n cat\u00f3lico internacional que informa, forma y transforma, diariamente en espa\u00f1ol, ingl\u00e9s e italiano. A trav\u00e9s de noticias, art\u00edculos de an\u00e1lisis y transmisiones en directo de los eventos del Papa, Exaudi busca fortalecer la unidad de los cristianos y contribuir a la evangelizaci\u00f3n del mundo, siempre guiados por la doctrina social de la Iglesia. Trabajamos para acercar la verdad y los valores cristianos a cada rinc\u00f3n del planeta. \u00a1Ay\u00fadanos a transformar el mundo con Exaudi! En Exaudi creemos que la evangelizaci\u00f3n y la informaci\u00f3n de calidad pueden cambiar vidas. Para continuar con nuestra misi\u00f3n y expandir nuestro alcance, necesitamos tu ayuda. Adem\u00e1s, buscamos personas comprometidas que deseen unirse a nuestro equipo. Con tu apoyo, lograremos llegar a m\u00e1s personas, difundir el mensaje de Cristo y reforzar la unidad de los cristianos. \u00bfTe unes a nuestra misi\u00f3n? Para m\u00e1s informaci\u00f3n sobre c\u00f3mo colaborar, visita Exaudi.org\/es o cont\u00e1ctanos directamente: info@exaudi.org Exaudi: Informa, forma y transforma.","sameAs":["https:\/\/www.facebook.com\/ExaudiNoticias\/","https:\/\/www.instagram.com\/exaudi_noticias\/","https:\/\/x.com\/Exaudi_noticias","https:\/\/www.youtube.com\/@exaudicatholicnews"],"url":"https:\/\/exaudi.org\/es\/author\/redaccionexaudi\/"}]}},"jetpack_featured_media_url":"https:\/\/exaudi.org\/wp-content\/uploads\/2024\/12\/IMG-20241205-WA0042.jpg","jetpack_shortlink":"https:\/\/wp.me\/pgKjF2-tLx","_links":{"self":[{"href":"https:\/\/exaudi.org\/es\/wp-json\/wp\/v2\/posts\/114423","targetHints":{"allow":["GET"]}}],"collection":[{"href":"https:\/\/exaudi.org\/es\/wp-json\/wp\/v2\/posts"}],"about":[{"href":"https:\/\/exaudi.org\/es\/wp-json\/wp\/v2\/types\/post"}],"author":[{"embeddable":true,"href":"https:\/\/exaudi.org\/es\/wp-json\/wp\/v2\/users\/15"}],"replies":[{"embeddable":true,"href":"https:\/\/exaudi.org\/es\/wp-json\/wp\/v2\/comments?post=114423"}],"version-history":[{"count":0,"href":"https:\/\/exaudi.org\/es\/wp-json\/wp\/v2\/posts\/114423\/revisions"}],"wp:featuredmedia":[{"embeddable":true,"href":"https:\/\/exaudi.org\/es\/wp-json\/wp\/v2\/media\/114424"}],"wp:attachment":[{"href":"https:\/\/exaudi.org\/es\/wp-json\/wp\/v2\/media?parent=114423"}],"wp:term":[{"taxonomy":"category","embeddable":true,"href":"https:\/\/exaudi.org\/es\/wp-json\/wp\/v2\/categories?post=114423"},{"taxonomy":"post_tag","embeddable":true,"href":"https:\/\/exaudi.org\/es\/wp-json\/wp\/v2\/tags?post=114423"}],"curies":[{"name":"wp","href":"https:\/\/api.w.org\/{rel}","templated":true}]}}