{"id":114405,"date":"2024-12-06T09:00:26","date_gmt":"2024-12-06T08:00:26","guid":{"rendered":"https:\/\/exaudi.org\/?p=114405"},"modified":"2025-01-27T16:58:58","modified_gmt":"2025-01-27T15:58:58","slug":"la-ciencia-cuantica-esa-sorprendente-aliada-de-dios","status":"publish","type":"post","link":"https:\/\/exaudi.org\/es\/la-ciencia-cuantica-esa-sorprendente-aliada-de-dios\/","title":{"rendered":"La ciencia cu\u00e1ntica: \u00a1esa sorprendente aliada de Dios!"},"content":{"rendered":"<p>Las Naciones Unidas han proclamado 2025 A\u00f1o Internacional de la Ciencia y la Tecnolog\u00eda Cu\u00e1nticas. En este ensayo me gustar\u00eda destacar la relevancia cultural de esta proclamaci\u00f3n dando testimonio de c\u00f3mo la F\u00edsica Cu\u00e1ntica me ayuda, como creyente y f\u00edsico cu\u00e1ntico, a un indecible disfrute de la presencia de Dios en el mundo en que vivimos y nos movemos.<\/p>\n<p><iframe title=\"Spotify Embed: La ciencia cu\u00e1ntica: \u00a1esa sorprendente aliada de Dios!\" style=\"border-radius: 12px\" width=\"100%\" height=\"152\" frameborder=\"0\" allowfullscreen allow=\"autoplay; clipboard-write; encrypted-media; fullscreen; picture-in-picture\" loading=\"lazy\" src=\"https:\/\/open.spotify.com\/embed\/episode\/5ojy3sZnPK1wcbGONqJKJ2?si=04fe2067535f43ff&#038;utm_source=oembed\"><\/iframe><\/p>\n<p>La F\u00edsica Cu\u00e1ntica encierra tres grandes paradojas: el Entrelazamiento (\u201cEntanglement\u201d), el Gato de Schr\u00f6dinger y la Irreversibilidad. El Premio Nobel de F\u00edsica 2022 fue concedido a John F. Clauser, Alain Aspect y Anton Zeilinger, \u00abpor experimentos con fotones entrelazados y violaciones de las desigualdades de Bell\u00bb. Este Premio corona un siglo de trabajo sobre el entrelazamiento cu\u00e1ntico, en el que hemos participado muchos cient\u00edficos, y que ahora est\u00e1 dando lugar a potentes tecnolog\u00edas. Intento primero explicar esta fascinante caracter\u00edstica cu\u00e1ntica de forma generalmente comprensible.<\/p>\n<p>Todos tenemos experiencias cotidianas de control remoto mediante se\u00f1ales de radio: Si introduzco en mi IPhone el n\u00famero del m\u00f3vil de Vd. a cientos o miles de kil\u00f3metros de distancia, su m\u00f3vil sonar\u00e1, aunque no inmediatamente, sino unos milisegundos despu\u00e9s. La comunicaci\u00f3n mediante se\u00f1ales de radio, aunque es veloc\u00edsima, lleva tiempo: varios segundos para llegar a la Luna y varios minutos para llegar a Marte. \u00a1No puedo guiar el Rover Perseverance en Marte m\u00e1s r\u00e1pido que la luz!<\/p>\n<p>En un experimento t\u00edpico de entrelazamiento, una fuente l\u00e1ser S emite pares de fotones: uno de los fotones es guiado por una fibra de vidrio hasta el laboratorio de Alice, y el otro fot\u00f3n es guiado por una fibra de vidrio en direcci\u00f3n opuesta hasta el laboratorio de Bob.<\/p>\n<p>En el laboratorio de Alice el fot\u00f3n atraviesa un dispositivo con dos puertos de salida, uno vigilado por el Detector A(1) y el otro por el Detector A(0). Llamamos a este dispositivo ACD (Alice\u2019s Choice Device) ya que al salir de ACD, se produce una elecci\u00f3n: el fot\u00f3n es detectado y contado por A(1), y registramos el resultado como \u00ab1\u00bb, o por A(0), y registramos el resultado como \u00ab0\u00bb. Del mismo modo, en el lado de Bob tenemos un BCD, con detectores B(1) y B(0), y los correspondientes resultados \u00ab1\u00bb y \u00ab0\u00bb. Las cosas suceden como si Alice y Bob estuvieran lanzando respectivas monedas en sus laboratorios y anotando \u00ab1\u00bb cuando obtienen \u00abCruz\u00bb y \u00ab0\u00bb cuando obtienen \u00abCara\u00bb.<\/p>\n<p>Disponemos la distancia entre S y ACD de modo que sea igual a la distancia entre S y BCD, con una precisi\u00f3n de algunos micr\u00f3metros: as\u00ed podamos estar seguros de que no existe coordinaci\u00f3n mediante se\u00f1ales de radio entre ACD y BCD en el momento en que los detectores cuentan los fotones y se registran los resultados. En otras palabras, es como si Alice lanzase su moneda en la Tierra y simult\u00e1neamente Bob lanzase la suya en Marte.<\/p>\n<p>Despu\u00e9s de muchos lanzamientos Alice obtiene una larga secuencia de esta forma:<\/p>\n<p>1,0,0,1,0,1,11,0,0,0,1,0,1,0,1,1,1, \u2026<\/p>\n<p>Analiza la secuencia y observa un 50% de \u00ab1\u00bb, un 50% de \u00ab0\u00bb, sin ninguna particular regularidad. Concluye que su aparato se comporta como un buen generador de n\u00fameros aleatorios: Aleatoriedad en el laboratorio de Alice.<\/p>\n<p>Lo mismo para Bob. Aleatoriedad en el laboratorio de Bob.<\/p>\n<p>Dado que no puede haber comunicaci\u00f3n por se\u00f1ales de radio entre los dos laboratorios en el momento en que se producen los resultados, se deber\u00eda observar que el 50% de las veces Alice y Bob obtienen el mismo resultado y el 50% de las veces resultados diferentes.<\/p>\n<p>Supongamos ahora que Alice y Bob se juntan, comparan sus resultados y, para su gran sorpresa, se dan cuenta de que en cada lanzamiento obtienen el mismo resultado: Si Alice registr\u00f3 \u00ab1\u00bb, Bob registr\u00f3 \u00ab1\u00bb; si Alice registr\u00f3 \u00ab0\u00bb, Bob registr\u00f3 \u00ab0\u00bb.<\/p>\n<p><img loading=\"lazy\" decoding=\"async\" class=\"size-full wp-image-114406 alignnone\" src=\"https:\/\/exaudi.org\/wp-content\/uploads\/2024\/12\/Technology-Review.png\" alt=\"\" width=\"1280\" height=\"720\" srcset=\"https:\/\/exaudi.org\/wp-content\/uploads\/2024\/12\/Technology-Review.png 1280w, https:\/\/exaudi.org\/wp-content\/uploads\/2024\/12\/Technology-Review-300x169.png 300w, https:\/\/exaudi.org\/wp-content\/uploads\/2024\/12\/Technology-Review-1024x576.png 1024w, https:\/\/exaudi.org\/wp-content\/uploads\/2024\/12\/Technology-Review-770x433.png 770w, https:\/\/exaudi.org\/wp-content\/uploads\/2024\/12\/Technology-Review-500x281.png 500w, https:\/\/exaudi.org\/wp-content\/uploads\/2024\/12\/Technology-Review-293x165.png 293w, https:\/\/exaudi.org\/wp-content\/uploads\/2024\/12\/Technology-Review-390x219.png 390w\" sizes=\"auto, (max-width: 1280px) 100vw, 1280px\" \/><\/p>\n<p>\u00bfEs esto posible?<\/p>\n<p>S\u00cd. Esto es el entrelazamiento cu\u00e1ntico, y se ha demostrado en cientos de experimentos.<\/p>\n<p>Einstein llam\u00f3 al \u00abentrelazamiento cu\u00e1ntico\u00bb una \u00abacci\u00f3n fantasma a distancia \u00bb que \u00abno puede reconciliarse con la idea de que la f\u00edsica debe representar una realidad en el tiempo y el espacio\u00bb, la idea de que las se\u00f1ales causantes de los sucesos correlacionados no pueden propagarse en el espacio m\u00e1s r\u00e1pido que la luz. Junto con Boris Podolski y Nathan Rosen, Einstein escribi\u00f3 en 1935 el famoso art\u00edculo EPR, en el que argumentaba que la mec\u00e1nica cu\u00e1ntica es incompleta, y que las part\u00edculas entrelazadas se comportan de la misma manera porque son emitidas desde la fuente como gemelos gen\u00e9ticos que llevan \u00abprogramas gen\u00e9ticos\u00bb (\u201cvariables ocultas\u201d) que, en entornos similares, les hacen reaccionar de la misma manera.<\/p>\n<p>El art\u00edculo de EPR provoc\u00f3 una gran controversia que qued\u00f3 sin resolver hasta la llegada de John Stewart Bell. John descubri\u00f3 una propiedad matem\u00e1tica, las llamadas \u00abdesigualdades de Bell\u00bb mencionadas en el anuncio del Premio Nobel, que permite decidir mediante un experimento entre la explicaci\u00f3n de Einstein y la Mec\u00e1nica Cu\u00e1ntica. El descubrimiento se public\u00f3 en 1964.<\/p>\n<p>Desde entonces se han realizado muchos experimentos que descartan la explicaci\u00f3n de Einstein de las variables o programas ocultos, y confirman que el entrelazamiento cu\u00e1ntico es algo real. Esto significa: existen sucesos correlacionados en condiciones tales, que queda excluida cualquier coordinaci\u00f3n mediante se\u00f1ales de radio. Entre estos experimentos se encuentran los galardonados con el Premio Nobel en 2022.<\/p>\n<p>Sin embargo, estos experimentos no descartan la explicaci\u00f3n de que uno de los resultados, digamos el de Alice, pueda considerarse la causa (<em>antes<\/em> en el tiempo) y el otro el efecto (<em>despu\u00e9s<\/em> en el tiempo). Para descartar esta posibilidad, es necesario poner en movimiento los dispositivos ACD y BCD para crear la configuraci\u00f3n relativista en la que la elecci\u00f3n del resultado en el laboratorio de Alice, ocurre antes que la elecci\u00f3n del resultado en el laboratorio de Bob, y la elecci\u00f3n en el laboratorio de Bob ocurre antes que la elecci\u00f3n en el laboratorio de Alice. Con tal orden temporal relativista, el resultado de Alice no puede tener en cuenta el resultado de Bob, y el resultado de Bob no puede tener en cuenta el resultado de Alice: en consecuencia, la correlaci\u00f3n entre los resultados de Alice y Bob deber\u00eda desaparecer. Este es el llamado experimento \u201cbefore-before\u201d (\u00abantes-antes\u00bb) con aparatos de medida en movimiento, que completa los convencionales con aparatos en reposo.<\/p>\n<p>La inspiraci\u00f3n para este experimento me vino durante un Coloquio que organic\u00e9 con John Bell el 22 de enero de 1990, en el CERN de Ginebra, para discutir las implicaciones filos\u00f3ficas de su descubrimiento (la charla de Bell y la discusi\u00f3n posterior est\u00e1n grabadas en <a href=\"https:\/\/videos.cern.ch\/record\/1049544\">este v\u00eddeo<\/a>). Unos meses m\u00e1s tarde se pudo repetir un Coloquio similar en Colonia (Alemania), y esta vez entre los ponentes no s\u00f3lo estaba John Bell, sino tambi\u00e9n Anton Zeilinger, uno de los tres ganadores del Premio Nobel 2022 (las actas est\u00e1n publicadas en <a href=\"https:\/\/www.amazon.de\/Naturherrschaft-Wissenschaft-begegnen-Lindenthal-Institut-Colloquium\/dp\/3512030661\">este libro<\/a>). Las discusiones con John y Anton reforzaron mi inter\u00e9s por el experimento.<\/p>\n<p>En los a\u00f1os siguientes, me hice amigo de Marcel Odier, un banquero privado de Ginebra, que se entusiasm\u00f3 por el experimento y quiso patrocinarlo. Lamentablemente, John Bell muri\u00f3 el 1 de octubre de 1990. As\u00ed que Marcel y yo viajamos varias veces a Innsbruck para visitar a Anton Zeilinger, y mantuvimos provechosas conversaciones con \u00e9l. En 1997 pude publicar el experimento junto con Valerio Scarani (cfr. art\u00edculo en <a href=\"https:\/\/www.sciencedirect.com\/science\/article\/abs\/pii\/S0375960197003460\">PLA<\/a>), y finalmente pude realizarlo en 2001 junto con Nicolas Gisin, Andr\u00e9 Stefanov y Hugo Zbinden en el Laboratorio de \u00d3ptica Cu\u00e1ntica de la Universidad de Ginebra (cfr. art\u00edculos en <a href=\"https:\/\/journals.aps.org\/prl\/abstract\/10.1103\/PhysRevLett.88.120404\">PRL<\/a> y <a href=\"https:\/\/journals.aps.org\/pra\/abstract\/10.1103\/PhysRevA.67.042115\">PRA<\/a>).<\/p>\n<p>El experimento demostr\u00f3 que las correlaciones cu\u00e1nticas no desaparecen y, por tanto, descarta la explicaci\u00f3n por \u00abcausalidad en el tiempo\u00bb, es decir: la hip\u00f3tesis de que existe una relaci\u00f3n causa-efecto entre los sucesos correlacionados. Esto tiene importantes implicaciones para nuestra comprensi\u00f3n del espacio y el tiempo:<\/p>\n<p><img loading=\"lazy\" decoding=\"async\" class=\"size-full wp-image-114409 alignnone\" src=\"https:\/\/exaudi.org\/wp-content\/uploads\/2024\/12\/Team-of-the-before-before-experiment.png\" alt=\"\" width=\"1280\" height=\"720\" srcset=\"https:\/\/exaudi.org\/wp-content\/uploads\/2024\/12\/Team-of-the-before-before-experiment.png 1280w, https:\/\/exaudi.org\/wp-content\/uploads\/2024\/12\/Team-of-the-before-before-experiment-300x169.png 300w, https:\/\/exaudi.org\/wp-content\/uploads\/2024\/12\/Team-of-the-before-before-experiment-1024x576.png 1024w, https:\/\/exaudi.org\/wp-content\/uploads\/2024\/12\/Team-of-the-before-before-experiment-770x433.png 770w, https:\/\/exaudi.org\/wp-content\/uploads\/2024\/12\/Team-of-the-before-before-experiment-500x281.png 500w, https:\/\/exaudi.org\/wp-content\/uploads\/2024\/12\/Team-of-the-before-before-experiment-293x165.png 293w, https:\/\/exaudi.org\/wp-content\/uploads\/2024\/12\/Team-of-the-before-before-experiment-390x219.png 390w\" sizes=\"auto, (max-width: 1280px) 100vw, 1280px\" \/>Los sucesos distantes correlacionados no son dos sucesos distintos, sino que constituyen de hecho un \u00fanico efecto nolocal: este aparece (se materializa) en el espacio-tiempo, pero la causa est\u00e1 m\u00e1s all\u00e1 del espacio y el tiempo. Con otraspalabras, no todo lo que importa para los fen\u00f3menos f\u00edsicos est\u00e1 contenido en el espacio-tiempo. \u00abLas correlaciones cu\u00e1nticas parecen venir de fuera del espacio-tiempo\u00bb (Nicolas Gisin); \u00abel espacio y el tiempo son construcciones secundarias\u00bb (Anton Zeilinger).<\/p>\n<p>El mundo visible en el que vivimos y nos movemos no puede explicarse \u00fanicamente mediante cadenas causales visibles, materiales, en el espacio-tiempo. No podemos dejar de reconocer causas invisibles que act\u00faan desde fuera del espacio-tiempo. \u00ab\u00a1Las correlaciones piden a gritos una explicaci\u00f3n!\u00bb, afirmaba John Bell. Los experimentos de entrelazamiento estimulan sin duda nuestra imaginaci\u00f3n y creatividad a la hora de buscar explicaciones sobre qu\u00e9 clase de seres son estas causas invisibles:<\/p>\n<p>Nicolas Gisin se pregunta si hay que invocar \u00e1ngeles cu\u00e1nticos que lleven la cuenta del registro cu\u00e1ntico, anotando \u00abqui\u00e9n est\u00e1 entrelazado con qui\u00e9n, de modo similar a como se registra quien est\u00e1 casado con quien\u201d. Anton Zeilinger afirma que \u00abla m\u00edstica es un enfoque importante sobre el que podemos construir\u00bb. John Conway y Simon Kochen proponen aceptar que el comportamiento de las part\u00edculas entrelazadas revela la misma libertad de elecci\u00f3n que tienen los experimentadores.<\/p>\n<p>A veces, las interpretaciones que nos ofrecen los f\u00edsicos cu\u00e1nticos, suenan como extra\u00f1as y contradictorias. Sin embargo, si escuchamos atentamente y juntamos lo que dicen, obtenemos una magn\u00edfica polifon\u00eda contrapunt\u00edstica: el reino cu\u00e1ntico no est\u00e1 formado por part\u00edculas u ondas \u00abmateriales\u00bb, sino que es una descripci\u00f3n matem\u00e1tica, una vasta nube de algoritmos. El mundo visible (material) en el que vivimos y nos movemos es un gran c\u00e1lculo, procesado en realidad por potent\u00edsimos intelectos invisibles (los \u201csupercomputaional intellects\u201d de Fred Hoyle) que proyectan incesantemente los fen\u00f3menos que percibimos en la pantalla que llamamos espacio-tiempo. La conciencia es la interfaz donde se desarrolla el di\u00e1logo entre estos intelectos invisibles (espirituales) y nosotros (intelectos neuronales).<\/p>\n<p>Con ocasi\u00f3n del Nobel la revista alemana \u00abTechnology Review\u00bb public\u00f3 un <a href=\"https:\/\/www.heise.de\/hintergrund\/Zwischen-Religion-und-Ratio-Zwei-Forscher-finden-zum-Licht-4443031.html\">art\u00edculo<\/a> ilustrando la complementariedad del experimento de Alain Aspect y el \u201cbefore-before\u201d, y el periodista se pregunta si Religi\u00f3n y Ciencia est\u00e1n entrelazadas. Mi respuesta: yo no pretendo que la F\u00edsica Cu\u00e1ntica demuestra la existencia de Dios. Sin embargo, como creyente y f\u00edsico cu\u00e1ntico puedo testimoniar que \u00a1la f\u00edsica cu\u00e1ntica me ayuda much\u00edsimo a disfrutar de Dios, y Dios me ayuda a disfrutar de la f\u00edsica cu\u00e1ntica!<\/p>\n","protected":false},"excerpt":{"rendered":"<p>Las Naciones Unidas han proclamado 2025 A\u00f1o Internacional de la Ciencia y la Tecnolog\u00eda Cu\u00e1nticas. En este ensayo me gustar\u00eda destacar la relevancia cultural de esta proclamaci\u00f3n dando testimonio de c\u00f3mo la F\u00edsica Cu\u00e1ntica me ayuda, como creyente y f\u00edsico cu\u00e1ntico, a un indecible disfrute de la presencia de Dios en el mundo en que [&hellip;]<\/p>\n","protected":false},"author":133,"featured_media":114412,"comment_status":"closed","ping_status":"closed","sticky":false,"template":"","format":"standard","meta":{"_acf_changed":false,"_crdt_document":"","inline_featured_image":false,"footnotes":""},"categories":[130],"tags":[36190,36204,36187,15163,36191,36201,36181,36206,36210,36199,36192,36195,36212,36200,36194,36198,36182,12168,36185,36188,36203,36186,36208,36189,36183,36202,36209,36193,36196,36205,36211,36207,36197,4953],"class_list":["post-114405","post","type-post","status-publish","format-standard","has-post-thumbnail","hentry","category-voces","tag-alain-aspect","tag-angeles-cuanticos","tag-ano-internacional-de-la-ciencia-y-la-tecnologia-cuanticas-2025","tag-antoine-suarez","tag-anton-zeilinger","tag-causas-invisibles","tag-ciencia-cuantica","tag-complementariedad-cuantica","tag-conciencia-y-cuantica","tag-correlaciones-cuanticas","tag-desigualdades-de-bell","tag-dios-y-ciencia","tag-entrelazamiento-religion-y-ciencia","tag-espacio-tiempo","tag-experimentos-cuanticos","tag-experimentos-de-entrelazamiento","tag-fisica-cuantica","tag-fred-hoyle","tag-gato-de-schrodinger","tag-igor-omilaev","tag-intelectos-invisibles","tag-irreversibilidad-cuantica","tag-john-bell","tag-john-f-clauser","tag-mecanica-cuantica","tag-mistica-cuantica","tag-nicolas-gisin","tag-premio-nobel-de-fisica-2022","tag-presencia-de-dios-en-la-fisica","tag-supercomputational-intellects","tag-technology-review","tag-tecnologia-cuantica","tag-teoria-cuantica-y-religion","tag-trending-es"],"acf":[],"yoast_head":"<!-- This site is optimized with the Yoast SEO plugin v27.5 - https:\/\/yoast.com\/product\/yoast-seo-wordpress\/ -->\n<title>La ciencia cu\u00e1ntica: \u00a1esa sorprendente aliada de Dios! &#8211; Exaudi<\/title>\n<meta name=\"robots\" content=\"index, follow, max-snippet:-1, max-image-preview:large, max-video-preview:-1\" \/>\n<link rel=\"canonical\" href=\"https:\/\/exaudi.org\/es\/la-ciencia-cuantica-esa-sorprendente-aliada-de-dios\/\" \/>\n<meta property=\"og:locale\" content=\"es_ES\" \/>\n<meta property=\"og:type\" content=\"article\" \/>\n<meta property=\"og:title\" content=\"La ciencia cu\u00e1ntica: \u00a1esa sorprendente aliada de Dios! &#8211; Exaudi\" \/>\n<meta property=\"og:description\" content=\"Las Naciones Unidas han proclamado 2025 A\u00f1o Internacional de la Ciencia y la Tecnolog\u00eda Cu\u00e1nticas. En este ensayo me gustar\u00eda destacar la relevancia cultural de esta proclamaci\u00f3n dando testimonio de c\u00f3mo la F\u00edsica Cu\u00e1ntica me ayuda, como creyente y f\u00edsico cu\u00e1ntico, a un indecible disfrute de la presencia de Dios en el mundo en que [&hellip;]\" \/>\n<meta property=\"og:url\" content=\"https:\/\/exaudi.org\/es\/la-ciencia-cuantica-esa-sorprendente-aliada-de-dios\/\" \/>\n<meta property=\"og:site_name\" content=\"Exaudi\" \/>\n<meta property=\"article:publisher\" content=\"https:\/\/www.facebook.com\/ExaudiNews\" \/>\n<meta property=\"article:published_time\" content=\"2024-12-06T08:00:26+00:00\" \/>\n<meta property=\"article:modified_time\" content=\"2025-01-27T15:58:58+00:00\" \/>\n<meta property=\"og:image\" content=\"https:\/\/exaudi.org\/wp-content\/uploads\/2024\/12\/igor-omilaev-hibWw5mk1UY-unsplash-scaled.jpg\" \/>\n\t<meta property=\"og:image:width\" content=\"2560\" \/>\n\t<meta property=\"og:image:height\" content=\"1600\" \/>\n\t<meta property=\"og:image:type\" content=\"image\/jpeg\" \/>\n<meta name=\"author\" content=\"Antoine Suarez\" \/>\n<meta name=\"twitter:card\" content=\"summary_large_image\" \/>\n<meta name=\"twitter:creator\" content=\"@Exaudi_News\" \/>\n<meta name=\"twitter:site\" content=\"@Exaudi_News\" \/>\n<meta name=\"twitter:label1\" content=\"Escrito por\" \/>\n\t<meta name=\"twitter:data1\" content=\"Antoine Suarez\" \/>\n\t<meta name=\"twitter:label2\" content=\"Tiempo de lectura\" \/>\n\t<meta name=\"twitter:data2\" content=\"9 minutos\" \/>\n<script type=\"application\/ld+json\" class=\"yoast-schema-graph\">{\"@context\":\"https:\\\/\\\/schema.org\",\"@graph\":[{\"@type\":\"Article\",\"@id\":\"https:\\\/\\\/exaudi.org\\\/es\\\/la-ciencia-cuantica-esa-sorprendente-aliada-de-dios\\\/#article\",\"isPartOf\":{\"@id\":\"https:\\\/\\\/exaudi.org\\\/es\\\/la-ciencia-cuantica-esa-sorprendente-aliada-de-dios\\\/\"},\"author\":{\"name\":\"Antoine Suarez\",\"@id\":\"https:\\\/\\\/exaudi.org\\\/#\\\/schema\\\/person\\\/22a86290cb8d5bad07a826ca60cd04f8\"},\"headline\":\"La ciencia cu\u00e1ntica: \u00a1esa sorprendente aliada de Dios!\",\"datePublished\":\"2024-12-06T08:00:26+00:00\",\"dateModified\":\"2025-01-27T15:58:58+00:00\",\"mainEntityOfPage\":{\"@id\":\"https:\\\/\\\/exaudi.org\\\/es\\\/la-ciencia-cuantica-esa-sorprendente-aliada-de-dios\\\/\"},\"wordCount\":1812,\"image\":{\"@id\":\"https:\\\/\\\/exaudi.org\\\/es\\\/la-ciencia-cuantica-esa-sorprendente-aliada-de-dios\\\/#primaryimage\"},\"thumbnailUrl\":\"https:\\\/\\\/exaudi.org\\\/wp-content\\\/uploads\\\/2024\\\/12\\\/igor-omilaev-hibWw5mk1UY-unsplash-scaled.jpg\",\"keywords\":[\"Alain Aspect\",\"\u00e1ngeles cu\u00e1nticos\",\"A\u00f1o Internacional de la Ciencia y la Tecnolog\u00eda Cu\u00e1nticas 2025\",\"Antoine Suarez\",\"Anton Zeilinger\",\"causas invisibles\",\"ciencia cu\u00e1ntica\",\"complementariedad cu\u00e1ntica\",\"conciencia y cu\u00e1ntica\",\"correlaciones cu\u00e1nticas\",\"desigualdades de Bell\",\"Dios y ciencia\",\"entrelazamiento religi\u00f3n y ciencia\",\"espacio-tiempo\",\"experimentos cu\u00e1nticos\",\"experimentos de entrelazamiento\",\"f\u00edsica cu\u00e1ntica\",\"Fred Hoyle\",\"gato de Schr\u00f6dinger\",\"Igor Omilaev\",\"intelectos invisibles\",\"irreversibilidad cu\u00e1ntica\",\"John Bell\",\"John F. Clauser\",\"mec\u00e1nica cu\u00e1ntica\",\"m\u00edstica cu\u00e1ntica\",\"Nicolas Gisin\",\"Premio Nobel de F\u00edsica 2022\",\"presencia de Dios en la f\u00edsica\",\"supercomputational intellects\",\"Technology Review\",\"tecnolog\u00eda cu\u00e1ntica\",\"teor\u00eda cu\u00e1ntica y religi\u00f3n\",\"Trending\"],\"articleSection\":[\"Voces\"],\"inLanguage\":\"es\"},{\"@type\":\"WebPage\",\"@id\":\"https:\\\/\\\/exaudi.org\\\/es\\\/la-ciencia-cuantica-esa-sorprendente-aliada-de-dios\\\/\",\"url\":\"https:\\\/\\\/exaudi.org\\\/es\\\/la-ciencia-cuantica-esa-sorprendente-aliada-de-dios\\\/\",\"name\":\"La ciencia cu\u00e1ntica: \u00a1esa sorprendente aliada de Dios! &#8211; Exaudi\",\"isPartOf\":{\"@id\":\"https:\\\/\\\/exaudi.org\\\/#website\"},\"primaryImageOfPage\":{\"@id\":\"https:\\\/\\\/exaudi.org\\\/es\\\/la-ciencia-cuantica-esa-sorprendente-aliada-de-dios\\\/#primaryimage\"},\"image\":{\"@id\":\"https:\\\/\\\/exaudi.org\\\/es\\\/la-ciencia-cuantica-esa-sorprendente-aliada-de-dios\\\/#primaryimage\"},\"thumbnailUrl\":\"https:\\\/\\\/exaudi.org\\\/wp-content\\\/uploads\\\/2024\\\/12\\\/igor-omilaev-hibWw5mk1UY-unsplash-scaled.jpg\",\"datePublished\":\"2024-12-06T08:00:26+00:00\",\"dateModified\":\"2025-01-27T15:58:58+00:00\",\"author\":{\"@id\":\"https:\\\/\\\/exaudi.org\\\/#\\\/schema\\\/person\\\/22a86290cb8d5bad07a826ca60cd04f8\"},\"breadcrumb\":{\"@id\":\"https:\\\/\\\/exaudi.org\\\/es\\\/la-ciencia-cuantica-esa-sorprendente-aliada-de-dios\\\/#breadcrumb\"},\"inLanguage\":\"es\",\"potentialAction\":[{\"@type\":\"ReadAction\",\"target\":[\"https:\\\/\\\/exaudi.org\\\/es\\\/la-ciencia-cuantica-esa-sorprendente-aliada-de-dios\\\/\"]}]},{\"@type\":\"ImageObject\",\"inLanguage\":\"es\",\"@id\":\"https:\\\/\\\/exaudi.org\\\/es\\\/la-ciencia-cuantica-esa-sorprendente-aliada-de-dios\\\/#primaryimage\",\"url\":\"https:\\\/\\\/exaudi.org\\\/wp-content\\\/uploads\\\/2024\\\/12\\\/igor-omilaev-hibWw5mk1UY-unsplash-scaled.jpg\",\"contentUrl\":\"https:\\\/\\\/exaudi.org\\\/wp-content\\\/uploads\\\/2024\\\/12\\\/igor-omilaev-hibWw5mk1UY-unsplash-scaled.jpg\",\"width\":2560,\"height\":1600,\"caption\":\"Igor Omilaev . Unsplash\"},{\"@type\":\"BreadcrumbList\",\"@id\":\"https:\\\/\\\/exaudi.org\\\/es\\\/la-ciencia-cuantica-esa-sorprendente-aliada-de-dios\\\/#breadcrumb\",\"itemListElement\":[{\"@type\":\"ListItem\",\"position\":1,\"name\":\"Portada\",\"item\":\"https:\\\/\\\/exaudi.org\\\/es\\\/\"},{\"@type\":\"ListItem\",\"position\":2,\"name\":\"La ciencia cu\u00e1ntica: \u00a1esa sorprendente aliada de Dios!\"}]},{\"@type\":\"WebSite\",\"@id\":\"https:\\\/\\\/exaudi.org\\\/#website\",\"url\":\"https:\\\/\\\/exaudi.org\\\/\",\"name\":\"Exaudi\",\"description\":\"News\",\"potentialAction\":[{\"@type\":\"SearchAction\",\"target\":{\"@type\":\"EntryPoint\",\"urlTemplate\":\"https:\\\/\\\/exaudi.org\\\/?s={search_term_string}\"},\"query-input\":{\"@type\":\"PropertyValueSpecification\",\"valueRequired\":true,\"valueName\":\"search_term_string\"}}],\"inLanguage\":\"es\"},{\"@type\":\"Person\",\"@id\":\"https:\\\/\\\/exaudi.org\\\/#\\\/schema\\\/person\\\/22a86290cb8d5bad07a826ca60cd04f8\",\"name\":\"Antoine Suarez\",\"image\":{\"@type\":\"ImageObject\",\"inLanguage\":\"es\",\"@id\":\"https:\\\/\\\/secure.gravatar.com\\\/avatar\\\/6f75ee12500189b8937b4ddde7bd3b633f6aa7276db4e7df5a1c6fd006abbf36?s=96&d=mm&r=g\",\"url\":\"https:\\\/\\\/secure.gravatar.com\\\/avatar\\\/6f75ee12500189b8937b4ddde7bd3b633f6aa7276db4e7df5a1c6fd006abbf36?s=96&d=mm&r=g\",\"contentUrl\":\"https:\\\/\\\/secure.gravatar.com\\\/avatar\\\/6f75ee12500189b8937b4ddde7bd3b633f6aa7276db4e7df5a1c6fd006abbf36?s=96&d=mm&r=g\",\"caption\":\"Antoine Suarez\"},\"description\":\"F\u00edsico y fil\u00f3sofo suizo, ha desarrollado en colaboraci\u00f3n con John Bell experimentos significativos en el \u00e1mbito de la f\u00edsica cu\u00e1ntica, que confirman la perspectiva de la \u201ccontextualidad\u201d de Ernst Specker. En el \u00e1mbito de la evoluci\u00f3n promueve, con Richard Durbin y Mark Thomas, la tesis del origen fracturado de la humanidad en Africa, y con Robin Dunbar, la tesis de que el Neol\u00edtico es crucial para el desarrollo de la humanidad como es hoy. Vive en Zurich.\",\"url\":\"https:\\\/\\\/exaudi.org\\\/es\\\/author\\\/antoine-suarez\\\/\"}]}<\/script>\n<!-- \/ Yoast SEO plugin. -->","yoast_head_json":{"title":"La ciencia cu\u00e1ntica: \u00a1esa sorprendente aliada de Dios! &#8211; Exaudi","robots":{"index":"index","follow":"follow","max-snippet":"max-snippet:-1","max-image-preview":"max-image-preview:large","max-video-preview":"max-video-preview:-1"},"canonical":"https:\/\/exaudi.org\/es\/la-ciencia-cuantica-esa-sorprendente-aliada-de-dios\/","og_locale":"es_ES","og_type":"article","og_title":"La ciencia cu\u00e1ntica: \u00a1esa sorprendente aliada de Dios! &#8211; Exaudi","og_description":"Las Naciones Unidas han proclamado 2025 A\u00f1o Internacional de la Ciencia y la Tecnolog\u00eda Cu\u00e1nticas. En este ensayo me gustar\u00eda destacar la relevancia cultural de esta proclamaci\u00f3n dando testimonio de c\u00f3mo la F\u00edsica Cu\u00e1ntica me ayuda, como creyente y f\u00edsico cu\u00e1ntico, a un indecible disfrute de la presencia de Dios en el mundo en que [&hellip;]","og_url":"https:\/\/exaudi.org\/es\/la-ciencia-cuantica-esa-sorprendente-aliada-de-dios\/","og_site_name":"Exaudi","article_publisher":"https:\/\/www.facebook.com\/ExaudiNews","article_published_time":"2024-12-06T08:00:26+00:00","article_modified_time":"2025-01-27T15:58:58+00:00","og_image":[{"width":2560,"height":1600,"url":"https:\/\/exaudi.org\/wp-content\/uploads\/2024\/12\/igor-omilaev-hibWw5mk1UY-unsplash-scaled.jpg","type":"image\/jpeg"}],"author":"Antoine Suarez","twitter_card":"summary_large_image","twitter_creator":"@Exaudi_News","twitter_site":"@Exaudi_News","twitter_misc":{"Escrito por":"Antoine Suarez","Tiempo de lectura":"9 minutos"},"schema":{"@context":"https:\/\/schema.org","@graph":[{"@type":"Article","@id":"https:\/\/exaudi.org\/es\/la-ciencia-cuantica-esa-sorprendente-aliada-de-dios\/#article","isPartOf":{"@id":"https:\/\/exaudi.org\/es\/la-ciencia-cuantica-esa-sorprendente-aliada-de-dios\/"},"author":{"name":"Antoine Suarez","@id":"https:\/\/exaudi.org\/#\/schema\/person\/22a86290cb8d5bad07a826ca60cd04f8"},"headline":"La ciencia cu\u00e1ntica: \u00a1esa sorprendente aliada de Dios!","datePublished":"2024-12-06T08:00:26+00:00","dateModified":"2025-01-27T15:58:58+00:00","mainEntityOfPage":{"@id":"https:\/\/exaudi.org\/es\/la-ciencia-cuantica-esa-sorprendente-aliada-de-dios\/"},"wordCount":1812,"image":{"@id":"https:\/\/exaudi.org\/es\/la-ciencia-cuantica-esa-sorprendente-aliada-de-dios\/#primaryimage"},"thumbnailUrl":"https:\/\/exaudi.org\/wp-content\/uploads\/2024\/12\/igor-omilaev-hibWw5mk1UY-unsplash-scaled.jpg","keywords":["Alain Aspect","\u00e1ngeles cu\u00e1nticos","A\u00f1o Internacional de la Ciencia y la Tecnolog\u00eda Cu\u00e1nticas 2025","Antoine Suarez","Anton Zeilinger","causas invisibles","ciencia cu\u00e1ntica","complementariedad cu\u00e1ntica","conciencia y cu\u00e1ntica","correlaciones cu\u00e1nticas","desigualdades de Bell","Dios y ciencia","entrelazamiento religi\u00f3n y ciencia","espacio-tiempo","experimentos cu\u00e1nticos","experimentos de entrelazamiento","f\u00edsica cu\u00e1ntica","Fred Hoyle","gato de Schr\u00f6dinger","Igor Omilaev","intelectos invisibles","irreversibilidad cu\u00e1ntica","John Bell","John F. Clauser","mec\u00e1nica cu\u00e1ntica","m\u00edstica cu\u00e1ntica","Nicolas Gisin","Premio Nobel de F\u00edsica 2022","presencia de Dios en la f\u00edsica","supercomputational intellects","Technology Review","tecnolog\u00eda cu\u00e1ntica","teor\u00eda cu\u00e1ntica y religi\u00f3n","Trending"],"articleSection":["Voces"],"inLanguage":"es"},{"@type":"WebPage","@id":"https:\/\/exaudi.org\/es\/la-ciencia-cuantica-esa-sorprendente-aliada-de-dios\/","url":"https:\/\/exaudi.org\/es\/la-ciencia-cuantica-esa-sorprendente-aliada-de-dios\/","name":"La ciencia cu\u00e1ntica: \u00a1esa sorprendente aliada de Dios! &#8211; Exaudi","isPartOf":{"@id":"https:\/\/exaudi.org\/#website"},"primaryImageOfPage":{"@id":"https:\/\/exaudi.org\/es\/la-ciencia-cuantica-esa-sorprendente-aliada-de-dios\/#primaryimage"},"image":{"@id":"https:\/\/exaudi.org\/es\/la-ciencia-cuantica-esa-sorprendente-aliada-de-dios\/#primaryimage"},"thumbnailUrl":"https:\/\/exaudi.org\/wp-content\/uploads\/2024\/12\/igor-omilaev-hibWw5mk1UY-unsplash-scaled.jpg","datePublished":"2024-12-06T08:00:26+00:00","dateModified":"2025-01-27T15:58:58+00:00","author":{"@id":"https:\/\/exaudi.org\/#\/schema\/person\/22a86290cb8d5bad07a826ca60cd04f8"},"breadcrumb":{"@id":"https:\/\/exaudi.org\/es\/la-ciencia-cuantica-esa-sorprendente-aliada-de-dios\/#breadcrumb"},"inLanguage":"es","potentialAction":[{"@type":"ReadAction","target":["https:\/\/exaudi.org\/es\/la-ciencia-cuantica-esa-sorprendente-aliada-de-dios\/"]}]},{"@type":"ImageObject","inLanguage":"es","@id":"https:\/\/exaudi.org\/es\/la-ciencia-cuantica-esa-sorprendente-aliada-de-dios\/#primaryimage","url":"https:\/\/exaudi.org\/wp-content\/uploads\/2024\/12\/igor-omilaev-hibWw5mk1UY-unsplash-scaled.jpg","contentUrl":"https:\/\/exaudi.org\/wp-content\/uploads\/2024\/12\/igor-omilaev-hibWw5mk1UY-unsplash-scaled.jpg","width":2560,"height":1600,"caption":"Igor Omilaev . Unsplash"},{"@type":"BreadcrumbList","@id":"https:\/\/exaudi.org\/es\/la-ciencia-cuantica-esa-sorprendente-aliada-de-dios\/#breadcrumb","itemListElement":[{"@type":"ListItem","position":1,"name":"Portada","item":"https:\/\/exaudi.org\/es\/"},{"@type":"ListItem","position":2,"name":"La ciencia cu\u00e1ntica: \u00a1esa sorprendente aliada de Dios!"}]},{"@type":"WebSite","@id":"https:\/\/exaudi.org\/#website","url":"https:\/\/exaudi.org\/","name":"Exaudi","description":"News","potentialAction":[{"@type":"SearchAction","target":{"@type":"EntryPoint","urlTemplate":"https:\/\/exaudi.org\/?s={search_term_string}"},"query-input":{"@type":"PropertyValueSpecification","valueRequired":true,"valueName":"search_term_string"}}],"inLanguage":"es"},{"@type":"Person","@id":"https:\/\/exaudi.org\/#\/schema\/person\/22a86290cb8d5bad07a826ca60cd04f8","name":"Antoine Suarez","image":{"@type":"ImageObject","inLanguage":"es","@id":"https:\/\/secure.gravatar.com\/avatar\/6f75ee12500189b8937b4ddde7bd3b633f6aa7276db4e7df5a1c6fd006abbf36?s=96&d=mm&r=g","url":"https:\/\/secure.gravatar.com\/avatar\/6f75ee12500189b8937b4ddde7bd3b633f6aa7276db4e7df5a1c6fd006abbf36?s=96&d=mm&r=g","contentUrl":"https:\/\/secure.gravatar.com\/avatar\/6f75ee12500189b8937b4ddde7bd3b633f6aa7276db4e7df5a1c6fd006abbf36?s=96&d=mm&r=g","caption":"Antoine Suarez"},"description":"F\u00edsico y fil\u00f3sofo suizo, ha desarrollado en colaboraci\u00f3n con John Bell experimentos significativos en el \u00e1mbito de la f\u00edsica cu\u00e1ntica, que confirman la perspectiva de la \u201ccontextualidad\u201d de Ernst Specker. En el \u00e1mbito de la evoluci\u00f3n promueve, con Richard Durbin y Mark Thomas, la tesis del origen fracturado de la humanidad en Africa, y con Robin Dunbar, la tesis de que el Neol\u00edtico es crucial para el desarrollo de la humanidad como es hoy. Vive en Zurich.","url":"https:\/\/exaudi.org\/es\/author\/antoine-suarez\/"}]}},"jetpack_featured_media_url":"https:\/\/exaudi.org\/wp-content\/uploads\/2024\/12\/igor-omilaev-hibWw5mk1UY-unsplash-scaled.jpg","jetpack_shortlink":"https:\/\/wp.me\/pgKjF2-tLf","_links":{"self":[{"href":"https:\/\/exaudi.org\/es\/wp-json\/wp\/v2\/posts\/114405","targetHints":{"allow":["GET"]}}],"collection":[{"href":"https:\/\/exaudi.org\/es\/wp-json\/wp\/v2\/posts"}],"about":[{"href":"https:\/\/exaudi.org\/es\/wp-json\/wp\/v2\/types\/post"}],"author":[{"embeddable":true,"href":"https:\/\/exaudi.org\/es\/wp-json\/wp\/v2\/users\/133"}],"replies":[{"embeddable":true,"href":"https:\/\/exaudi.org\/es\/wp-json\/wp\/v2\/comments?post=114405"}],"version-history":[{"count":0,"href":"https:\/\/exaudi.org\/es\/wp-json\/wp\/v2\/posts\/114405\/revisions"}],"wp:featuredmedia":[{"embeddable":true,"href":"https:\/\/exaudi.org\/es\/wp-json\/wp\/v2\/media\/114412"}],"wp:attachment":[{"href":"https:\/\/exaudi.org\/es\/wp-json\/wp\/v2\/media?parent=114405"}],"wp:term":[{"taxonomy":"category","embeddable":true,"href":"https:\/\/exaudi.org\/es\/wp-json\/wp\/v2\/categories?post=114405"},{"taxonomy":"post_tag","embeddable":true,"href":"https:\/\/exaudi.org\/es\/wp-json\/wp\/v2\/tags?post=114405"}],"curies":[{"name":"wp","href":"https:\/\/api.w.org\/{rel}","templated":true}]}}