{"id":114036,"date":"2024-12-06T08:30:06","date_gmt":"2024-12-06T07:30:06","guid":{"rendered":"https:\/\/exaudi.org\/?p=114036"},"modified":"2024-12-05T23:48:45","modified_gmt":"2024-12-05T22:48:45","slug":"todos-veran-la-salvacion-de-dios-comentario-p-jorge-miro","status":"publish","type":"post","link":"https:\/\/exaudi.org\/es\/todos-veran-la-salvacion-de-dios-comentario-p-jorge-miro\/","title":{"rendered":"Todos ver\u00e1n la salvaci\u00f3n de Dios: Comentario P. Jorge Mir\u00f3"},"content":{"rendered":"<p>El P. Jorge Mir\u00f3 comparte con los lectores de Exaudi su comentario sobre el\u00a0<a href=\"https:\/\/www.dominicos.org\/predicacion\/homilia\/8-12-2024\/\" target=\"_blank\" rel=\"noopener\">Evangelio de este, domingo 08 de diciembre de 2024<\/a>,\u00a0titulado\u00a0<em>\u201cTodos ver\u00e1n la salvaci\u00f3n de Dios<\/em><em>\u201d<\/em><\/p>\n<p><iframe title=\"Spotify Embed: Todos ver\u00e1n la salvaci\u00f3n de Dios: Comentario P. Jorge Mir\u00f3\" style=\"border-radius: 12px\" width=\"100%\" height=\"152\" frameborder=\"0\" allowfullscreen allow=\"autoplay; clipboard-write; encrypted-media; fullscreen; picture-in-picture\" loading=\"lazy\" src=\"https:\/\/open.spotify.com\/embed\/episode\/1pz5ZXVZJt695EjcIgVRVZ?si=50af6096b5094b97&#038;utm_source=oembed\"><\/iframe><\/p>\n<p>Dec\u00edamos el domingo pasado que <strong>el Se\u00f1or est\u00e1 llamando <em>hoy <\/em>a la puerta de tu vida <\/strong>para regalarte una vida nueva, para vivir en ti.<\/p>\n<p>Pero resulta que <strong>esta puerta tiene la cerradura por dentro<\/strong>. Es decir, <strong>s\u00f3lo t\u00fa puedes abrirla <\/strong>o\u2026 dejarla cerrada.<\/p>\n<p><strong>Y esto es la <em>conversi\u00f3n<\/em><\/strong> a la que hoy nos invita la Palabra. El Se\u00f1or est\u00e1 llamando <em>hoy<\/em> a la puerta de tu coraz\u00f3n: \u00a1\u00e1brele! \u00a1<strong>No tengas miedo! Jesucristo no viene a quitarte nada <\/strong>de lo que te hace m\u00e1s feliz, sino que <strong>viene a d\u00e1rtelo todo.<\/strong><\/p>\n<p><strong>La <em>conversi\u00f3n<\/em><\/strong> a la que te llama el Se\u00f1or <strong>no es a un mero cumplimiento de normas<\/strong>. La conversi\u00f3n <strong>es un acto de fe que te lleva a <em>volver<\/em> a Jesucristo<\/strong>, a dejar entrar al Se\u00f1or en tu vida, pero a entrar no de visita, sino <strong>a dejar que \u00c9l sea el Se\u00f1or de tu vida<\/strong>, \u00a1de toda tu vida!<\/p>\n<p><strong>La <em>conversi\u00f3n<\/em> es un <em>don<\/em>, es dejar que el Esp\u00edritu Santo reproduzca en ti la imagen de Jesucristo.<\/strong> La <em>conversi\u00f3n<\/em> no es tanto algo que t\u00fa has de hacer, sino algo que sucede en ti, que va haciendo el Esp\u00edritu Santo en ti, si t\u00fa le dejas, claro.<\/p>\n<p>Tener <strong>esp\u00edritu de conversi\u00f3n<\/strong> significa creer que Jesucristo es el \u00fanico Maestro y el \u00fanico Se\u00f1or. Significa vivir cada d\u00eda con el deseo y la ilusi\u00f3n de ser mejor, de crecer, de madurar, de cambiar aquellas actitudes de tu vida que no son conformes a la voluntad de Dios.<\/p>\n<p><strong>Significa no seguir sin m\u00e1s los deseos de tu coraz\u00f3n<\/strong>, herido por el pecado original, ni seguir las modas, ni el estilo de vida del mundo, <strong>sino fijarte en Jesucristo<\/strong>, en el Se\u00f1or de se\u00f1ores. Significa pedirle cada d\u00eda al Se\u00f1or que te d\u00e9 un coraz\u00f3n nuevo, cada vez m\u00e1s semejante al suyo.<\/p>\n<p><strong><em>Convertirse<\/em><\/strong> <strong>es aceptar la voluntad de Dios<\/strong>, confiar en \u00c9l no buscando las seguridades humanas y terrenas.<\/p>\n<p><strong>La conversi\u00f3n lleva al seguimiento total del Se\u00f1or<\/strong>. Seguir a Jesucristo significa darte cuenta de que tener fe no es solamente tener cuatro ideas en la cabeza.<\/p>\n<p><strong>Tener fe es estar enamorado de Jesucristo<\/strong>, <strong>es vivir una vida de amistad y de uni\u00f3n con \u00c9l, en su Cuerpo, que es la Iglesia.<\/strong> Es seguir sus pasos, recorrer el camino que \u00c9l nos ha marcado. Es no conformarse con un cumplimiento pasivo de los mandamientos, sino tratar de vivir cada d\u00eda m\u00e1s unido a \u00c9l, m\u00e1s llenos de \u00c9l.<\/p>\n<p><strong><em>Convertirse<\/em><\/strong><strong> significa que has de tomar en serio la vida cristiana. <\/strong>No confiarte en que est\u00e1s bautizado o en que vas a Misa todos los domingos. \u00a1Es necesario, pero no es suficiente! Hay que vivir conforme a la Palabra de Dios, tratar de ser fiel a Jesucristo y a la Iglesia, y realizar obras de misericordia y caridad.<\/p>\n<p><strong>Es descubrir que la meta es la <em>vida eterna<\/em><\/strong>, es relativizar las cosas de este mundo, y tratar de poner tu coraz\u00f3n en Dios, y vivir siempre desde Dios. Es descubrir que el \u201cnegocio\u201d m\u00e1s importante que tienes es la salvaci\u00f3n, que <em>de nada le sirve a uno ganar el mundo entero, si se pierde su alma. <\/em><\/p>\n<p>Por tanto, hoy <strong>es necesario que hagas una revisi\u00f3n en profundidad de tu vida<\/strong>, que mires con detenimiento tu coraz\u00f3n a la luz de la Palabra de Dios y la doctrina de la Iglesia y <strong>le pidas al Se\u00f1or un coraz\u00f3n nuevo<\/strong> que pueda vivir en su voluntad.<\/p>\n<p><strong>Que pongas tu vida en las manos del Se\u00f1or<\/strong>, que vuelvas a \u00e9l, que tengas paciencia contigo mismo. Dios no deja de amarte nunca, y <strong>el que comenz\u00f3 en ti la obra buena, \u00e9l mismo la llevar\u00e1 a su t\u00e9rmino.<\/strong> Si le abres el coraz\u00f3n al Se\u00f1or \u00e9l ir\u00e1 haciendo obras grandes en ti.<\/p>\n<p>\u00a1Ven, Esp\u00edritu Santo!<\/p>\n","protected":false},"excerpt":{"rendered":"<p>XXXVI Domingo, 08 de diciembre de 2024<\/p>\n","protected":false},"author":20,"featured_media":114041,"comment_status":"closed","ping_status":"closed","sticky":false,"template":"","format":"standard","meta":{"_acf_changed":false,"_crdt_document":"","inline_featured_image":false,"footnotes":""},"categories":[96,74],"tags":[4610,3900,16989,448,35239,3164,445,6281,3592,676,6318,17700,9686,35240,4953,14212,14712],"class_list":["post-114036","post","type-post","status-publish","format-standard","has-post-thumbnail","hentry","category-espiritualidad","category-iglesia-y-mundo","tag-caridad","tag-conversion","tag-doctrina-catolica","tag-espiritu-santo","tag-evangelio-08-de-diciembre-2024","tag-fe-es","tag-jesucristo","tag-jorge-miro","tag-misericordia-es","tag-oracion","tag-p-jorge-miro","tag-palabra-de-dios","tag-salvacion","tag-seguimiento-de-cristo","tag-trending-es","tag-vida-cristiana","tag-vida-eterna"],"acf":[],"yoast_head":"<!-- This site is optimized with the Yoast SEO plugin v27.4 - https:\/\/yoast.com\/product\/yoast-seo-wordpress\/ -->\n<title>Todos ver\u00e1n la salvaci\u00f3n de Dios: Comentario P. Jorge Mir\u00f3 &#8211; Exaudi<\/title>\n<meta name=\"robots\" content=\"index, follow, max-snippet:-1, max-image-preview:large, max-video-preview:-1\" \/>\n<link rel=\"canonical\" href=\"https:\/\/exaudi.org\/es\/todos-veran-la-salvacion-de-dios-comentario-p-jorge-miro\/\" \/>\n<meta property=\"og:locale\" content=\"es_ES\" \/>\n<meta property=\"og:type\" content=\"article\" \/>\n<meta property=\"og:title\" content=\"Todos ver\u00e1n la salvaci\u00f3n de Dios: Comentario P. Jorge Mir\u00f3 &#8211; Exaudi\" \/>\n<meta property=\"og:description\" content=\"XXXVI Domingo, 08 de diciembre de 2024\" \/>\n<meta property=\"og:url\" content=\"https:\/\/exaudi.org\/es\/todos-veran-la-salvacion-de-dios-comentario-p-jorge-miro\/\" \/>\n<meta property=\"og:site_name\" content=\"Exaudi\" \/>\n<meta property=\"article:publisher\" content=\"https:\/\/www.facebook.com\/ExaudiNews\" \/>\n<meta property=\"article:published_time\" content=\"2024-12-06T07:30:06+00:00\" \/>\n<meta property=\"og:image\" content=\"https:\/\/exaudi.org\/wp-content\/uploads\/2024\/12\/pexels-beate-vogl-852640107-29599600-scaled.jpg\" \/>\n\t<meta property=\"og:image:width\" content=\"2560\" \/>\n\t<meta property=\"og:image:height\" content=\"1707\" \/>\n\t<meta property=\"og:image:type\" content=\"image\/jpeg\" \/>\n<meta name=\"author\" content=\"Jorge Mir\u00f3\" \/>\n<meta name=\"twitter:card\" content=\"summary_large_image\" \/>\n<meta name=\"twitter:creator\" content=\"@Exaudi_News\" \/>\n<meta name=\"twitter:site\" content=\"@Exaudi_News\" \/>\n<meta name=\"twitter:label1\" content=\"Escrito por\" \/>\n\t<meta name=\"twitter:data1\" content=\"Jorge Mir\u00f3\" \/>\n\t<meta name=\"twitter:label2\" content=\"Tiempo de lectura\" \/>\n\t<meta name=\"twitter:data2\" content=\"4 minutos\" \/>\n<script type=\"application\/ld+json\" class=\"yoast-schema-graph\">{\"@context\":\"https:\\\/\\\/schema.org\",\"@graph\":[{\"@type\":\"Article\",\"@id\":\"https:\\\/\\\/exaudi.org\\\/es\\\/todos-veran-la-salvacion-de-dios-comentario-p-jorge-miro\\\/#article\",\"isPartOf\":{\"@id\":\"https:\\\/\\\/exaudi.org\\\/es\\\/todos-veran-la-salvacion-de-dios-comentario-p-jorge-miro\\\/\"},\"author\":{\"name\":\"Jorge Mir\u00f3\",\"@id\":\"https:\\\/\\\/exaudi.org\\\/#\\\/schema\\\/person\\\/a258c56b05e63b2b367bdca29e0ed3e3\"},\"headline\":\"Todos ver\u00e1n la salvaci\u00f3n de Dios: Comentario P. Jorge Mir\u00f3\",\"datePublished\":\"2024-12-06T07:30:06+00:00\",\"mainEntityOfPage\":{\"@id\":\"https:\\\/\\\/exaudi.org\\\/es\\\/todos-veran-la-salvacion-de-dios-comentario-p-jorge-miro\\\/\"},\"wordCount\":729,\"image\":{\"@id\":\"https:\\\/\\\/exaudi.org\\\/es\\\/todos-veran-la-salvacion-de-dios-comentario-p-jorge-miro\\\/#primaryimage\"},\"thumbnailUrl\":\"https:\\\/\\\/exaudi.org\\\/wp-content\\\/uploads\\\/2024\\\/12\\\/pexels-beate-vogl-852640107-29599600-scaled.jpg\",\"keywords\":[\"caridad\",\"Conversi\u00f3n\",\"doctrina cat\u00f3lica\",\"Esp\u00edritu Santo\",\"Evangelio 08 de diciembre 2024\",\"fe\",\"Jesucristo\",\"Jorge Mir\u00f3\",\"misericordia\",\"Oraci\u00f3n\",\"P. Jorge Mir\u00f3\",\"Palabra de Dios\",\"Salvaci\u00f3n\",\"seguimiento de Cristo\",\"Trending\",\"vida cristiana\",\"Vida eterna\"],\"articleSection\":[\"Espiritualidad\",\"Iglesia y Mundo\"],\"inLanguage\":\"es\"},{\"@type\":\"WebPage\",\"@id\":\"https:\\\/\\\/exaudi.org\\\/es\\\/todos-veran-la-salvacion-de-dios-comentario-p-jorge-miro\\\/\",\"url\":\"https:\\\/\\\/exaudi.org\\\/es\\\/todos-veran-la-salvacion-de-dios-comentario-p-jorge-miro\\\/\",\"name\":\"Todos ver\u00e1n la salvaci\u00f3n de Dios: Comentario P. Jorge Mir\u00f3 &#8211; Exaudi\",\"isPartOf\":{\"@id\":\"https:\\\/\\\/exaudi.org\\\/#website\"},\"primaryImageOfPage\":{\"@id\":\"https:\\\/\\\/exaudi.org\\\/es\\\/todos-veran-la-salvacion-de-dios-comentario-p-jorge-miro\\\/#primaryimage\"},\"image\":{\"@id\":\"https:\\\/\\\/exaudi.org\\\/es\\\/todos-veran-la-salvacion-de-dios-comentario-p-jorge-miro\\\/#primaryimage\"},\"thumbnailUrl\":\"https:\\\/\\\/exaudi.org\\\/wp-content\\\/uploads\\\/2024\\\/12\\\/pexels-beate-vogl-852640107-29599600-scaled.jpg\",\"datePublished\":\"2024-12-06T07:30:06+00:00\",\"author\":{\"@id\":\"https:\\\/\\\/exaudi.org\\\/#\\\/schema\\\/person\\\/a258c56b05e63b2b367bdca29e0ed3e3\"},\"breadcrumb\":{\"@id\":\"https:\\\/\\\/exaudi.org\\\/es\\\/todos-veran-la-salvacion-de-dios-comentario-p-jorge-miro\\\/#breadcrumb\"},\"inLanguage\":\"es\",\"potentialAction\":[{\"@type\":\"ReadAction\",\"target\":[\"https:\\\/\\\/exaudi.org\\\/es\\\/todos-veran-la-salvacion-de-dios-comentario-p-jorge-miro\\\/\"]}]},{\"@type\":\"ImageObject\",\"inLanguage\":\"es\",\"@id\":\"https:\\\/\\\/exaudi.org\\\/es\\\/todos-veran-la-salvacion-de-dios-comentario-p-jorge-miro\\\/#primaryimage\",\"url\":\"https:\\\/\\\/exaudi.org\\\/wp-content\\\/uploads\\\/2024\\\/12\\\/pexels-beate-vogl-852640107-29599600-scaled.jpg\",\"contentUrl\":\"https:\\\/\\\/exaudi.org\\\/wp-content\\\/uploads\\\/2024\\\/12\\\/pexels-beate-vogl-852640107-29599600-scaled.jpg\",\"width\":2560,\"height\":1707,\"caption\":\"Pexels\"},{\"@type\":\"BreadcrumbList\",\"@id\":\"https:\\\/\\\/exaudi.org\\\/es\\\/todos-veran-la-salvacion-de-dios-comentario-p-jorge-miro\\\/#breadcrumb\",\"itemListElement\":[{\"@type\":\"ListItem\",\"position\":1,\"name\":\"Portada\",\"item\":\"https:\\\/\\\/exaudi.org\\\/es\\\/\"},{\"@type\":\"ListItem\",\"position\":2,\"name\":\"Todos ver\u00e1n la salvaci\u00f3n de Dios: Comentario P. Jorge Mir\u00f3\"}]},{\"@type\":\"WebSite\",\"@id\":\"https:\\\/\\\/exaudi.org\\\/#website\",\"url\":\"https:\\\/\\\/exaudi.org\\\/\",\"name\":\"Exaudi\",\"description\":\"News\",\"potentialAction\":[{\"@type\":\"SearchAction\",\"target\":{\"@type\":\"EntryPoint\",\"urlTemplate\":\"https:\\\/\\\/exaudi.org\\\/?s={search_term_string}\"},\"query-input\":{\"@type\":\"PropertyValueSpecification\",\"valueRequired\":true,\"valueName\":\"search_term_string\"}}],\"inLanguage\":\"es\"},{\"@type\":\"Person\",\"@id\":\"https:\\\/\\\/exaudi.org\\\/#\\\/schema\\\/person\\\/a258c56b05e63b2b367bdca29e0ed3e3\",\"name\":\"Jorge Mir\u00f3\",\"image\":{\"@type\":\"ImageObject\",\"inLanguage\":\"es\",\"@id\":\"https:\\\/\\\/secure.gravatar.com\\\/avatar\\\/f5ea26c436669b01b7b02124bf13596df002525d6f392707d301543be365bd44?s=96&d=mm&r=g\",\"url\":\"https:\\\/\\\/secure.gravatar.com\\\/avatar\\\/f5ea26c436669b01b7b02124bf13596df002525d6f392707d301543be365bd44?s=96&d=mm&r=g\",\"contentUrl\":\"https:\\\/\\\/secure.gravatar.com\\\/avatar\\\/f5ea26c436669b01b7b02124bf13596df002525d6f392707d301543be365bd44?s=96&d=mm&r=g\",\"caption\":\"Jorge Mir\u00f3\"},\"description\":\"Sacerdote de la archidi\u00f3cesis de Valencia y profesor en la Facultad de Ciencias Jur\u00eddicas, Econ\u00f3micas y Sociales de la Universidad Cat\u00f3lica de Valencia\",\"url\":\"https:\\\/\\\/exaudi.org\\\/es\\\/author\\\/jorgemiro\\\/\"}]}<\/script>\n<!-- \/ Yoast SEO plugin. -->","yoast_head_json":{"title":"Todos ver\u00e1n la salvaci\u00f3n de Dios: Comentario P. Jorge Mir\u00f3 &#8211; Exaudi","robots":{"index":"index","follow":"follow","max-snippet":"max-snippet:-1","max-image-preview":"max-image-preview:large","max-video-preview":"max-video-preview:-1"},"canonical":"https:\/\/exaudi.org\/es\/todos-veran-la-salvacion-de-dios-comentario-p-jorge-miro\/","og_locale":"es_ES","og_type":"article","og_title":"Todos ver\u00e1n la salvaci\u00f3n de Dios: Comentario P. Jorge Mir\u00f3 &#8211; Exaudi","og_description":"XXXVI Domingo, 08 de diciembre de 2024","og_url":"https:\/\/exaudi.org\/es\/todos-veran-la-salvacion-de-dios-comentario-p-jorge-miro\/","og_site_name":"Exaudi","article_publisher":"https:\/\/www.facebook.com\/ExaudiNews","article_published_time":"2024-12-06T07:30:06+00:00","og_image":[{"width":2560,"height":1707,"url":"https:\/\/exaudi.org\/wp-content\/uploads\/2024\/12\/pexels-beate-vogl-852640107-29599600-scaled.jpg","type":"image\/jpeg"}],"author":"Jorge Mir\u00f3","twitter_card":"summary_large_image","twitter_creator":"@Exaudi_News","twitter_site":"@Exaudi_News","twitter_misc":{"Escrito por":"Jorge Mir\u00f3","Tiempo de lectura":"4 minutos"},"schema":{"@context":"https:\/\/schema.org","@graph":[{"@type":"Article","@id":"https:\/\/exaudi.org\/es\/todos-veran-la-salvacion-de-dios-comentario-p-jorge-miro\/#article","isPartOf":{"@id":"https:\/\/exaudi.org\/es\/todos-veran-la-salvacion-de-dios-comentario-p-jorge-miro\/"},"author":{"name":"Jorge Mir\u00f3","@id":"https:\/\/exaudi.org\/#\/schema\/person\/a258c56b05e63b2b367bdca29e0ed3e3"},"headline":"Todos ver\u00e1n la salvaci\u00f3n de Dios: Comentario P. Jorge Mir\u00f3","datePublished":"2024-12-06T07:30:06+00:00","mainEntityOfPage":{"@id":"https:\/\/exaudi.org\/es\/todos-veran-la-salvacion-de-dios-comentario-p-jorge-miro\/"},"wordCount":729,"image":{"@id":"https:\/\/exaudi.org\/es\/todos-veran-la-salvacion-de-dios-comentario-p-jorge-miro\/#primaryimage"},"thumbnailUrl":"https:\/\/exaudi.org\/wp-content\/uploads\/2024\/12\/pexels-beate-vogl-852640107-29599600-scaled.jpg","keywords":["caridad","Conversi\u00f3n","doctrina cat\u00f3lica","Esp\u00edritu Santo","Evangelio 08 de diciembre 2024","fe","Jesucristo","Jorge Mir\u00f3","misericordia","Oraci\u00f3n","P. Jorge Mir\u00f3","Palabra de Dios","Salvaci\u00f3n","seguimiento de Cristo","Trending","vida cristiana","Vida eterna"],"articleSection":["Espiritualidad","Iglesia y Mundo"],"inLanguage":"es"},{"@type":"WebPage","@id":"https:\/\/exaudi.org\/es\/todos-veran-la-salvacion-de-dios-comentario-p-jorge-miro\/","url":"https:\/\/exaudi.org\/es\/todos-veran-la-salvacion-de-dios-comentario-p-jorge-miro\/","name":"Todos ver\u00e1n la salvaci\u00f3n de Dios: Comentario P. Jorge Mir\u00f3 &#8211; Exaudi","isPartOf":{"@id":"https:\/\/exaudi.org\/#website"},"primaryImageOfPage":{"@id":"https:\/\/exaudi.org\/es\/todos-veran-la-salvacion-de-dios-comentario-p-jorge-miro\/#primaryimage"},"image":{"@id":"https:\/\/exaudi.org\/es\/todos-veran-la-salvacion-de-dios-comentario-p-jorge-miro\/#primaryimage"},"thumbnailUrl":"https:\/\/exaudi.org\/wp-content\/uploads\/2024\/12\/pexels-beate-vogl-852640107-29599600-scaled.jpg","datePublished":"2024-12-06T07:30:06+00:00","author":{"@id":"https:\/\/exaudi.org\/#\/schema\/person\/a258c56b05e63b2b367bdca29e0ed3e3"},"breadcrumb":{"@id":"https:\/\/exaudi.org\/es\/todos-veran-la-salvacion-de-dios-comentario-p-jorge-miro\/#breadcrumb"},"inLanguage":"es","potentialAction":[{"@type":"ReadAction","target":["https:\/\/exaudi.org\/es\/todos-veran-la-salvacion-de-dios-comentario-p-jorge-miro\/"]}]},{"@type":"ImageObject","inLanguage":"es","@id":"https:\/\/exaudi.org\/es\/todos-veran-la-salvacion-de-dios-comentario-p-jorge-miro\/#primaryimage","url":"https:\/\/exaudi.org\/wp-content\/uploads\/2024\/12\/pexels-beate-vogl-852640107-29599600-scaled.jpg","contentUrl":"https:\/\/exaudi.org\/wp-content\/uploads\/2024\/12\/pexels-beate-vogl-852640107-29599600-scaled.jpg","width":2560,"height":1707,"caption":"Pexels"},{"@type":"BreadcrumbList","@id":"https:\/\/exaudi.org\/es\/todos-veran-la-salvacion-de-dios-comentario-p-jorge-miro\/#breadcrumb","itemListElement":[{"@type":"ListItem","position":1,"name":"Portada","item":"https:\/\/exaudi.org\/es\/"},{"@type":"ListItem","position":2,"name":"Todos ver\u00e1n la salvaci\u00f3n de Dios: Comentario P. Jorge Mir\u00f3"}]},{"@type":"WebSite","@id":"https:\/\/exaudi.org\/#website","url":"https:\/\/exaudi.org\/","name":"Exaudi","description":"News","potentialAction":[{"@type":"SearchAction","target":{"@type":"EntryPoint","urlTemplate":"https:\/\/exaudi.org\/?s={search_term_string}"},"query-input":{"@type":"PropertyValueSpecification","valueRequired":true,"valueName":"search_term_string"}}],"inLanguage":"es"},{"@type":"Person","@id":"https:\/\/exaudi.org\/#\/schema\/person\/a258c56b05e63b2b367bdca29e0ed3e3","name":"Jorge Mir\u00f3","image":{"@type":"ImageObject","inLanguage":"es","@id":"https:\/\/secure.gravatar.com\/avatar\/f5ea26c436669b01b7b02124bf13596df002525d6f392707d301543be365bd44?s=96&d=mm&r=g","url":"https:\/\/secure.gravatar.com\/avatar\/f5ea26c436669b01b7b02124bf13596df002525d6f392707d301543be365bd44?s=96&d=mm&r=g","contentUrl":"https:\/\/secure.gravatar.com\/avatar\/f5ea26c436669b01b7b02124bf13596df002525d6f392707d301543be365bd44?s=96&d=mm&r=g","caption":"Jorge Mir\u00f3"},"description":"Sacerdote de la archidi\u00f3cesis de Valencia y profesor en la Facultad de Ciencias Jur\u00eddicas, Econ\u00f3micas y Sociales de la Universidad Cat\u00f3lica de Valencia","url":"https:\/\/exaudi.org\/es\/author\/jorgemiro\/"}]}},"jetpack_featured_media_url":"https:\/\/exaudi.org\/wp-content\/uploads\/2024\/12\/pexels-beate-vogl-852640107-29599600-scaled.jpg","jetpack_shortlink":"https:\/\/wp.me\/pgKjF2-tFi","_links":{"self":[{"href":"https:\/\/exaudi.org\/es\/wp-json\/wp\/v2\/posts\/114036","targetHints":{"allow":["GET"]}}],"collection":[{"href":"https:\/\/exaudi.org\/es\/wp-json\/wp\/v2\/posts"}],"about":[{"href":"https:\/\/exaudi.org\/es\/wp-json\/wp\/v2\/types\/post"}],"author":[{"embeddable":true,"href":"https:\/\/exaudi.org\/es\/wp-json\/wp\/v2\/users\/20"}],"replies":[{"embeddable":true,"href":"https:\/\/exaudi.org\/es\/wp-json\/wp\/v2\/comments?post=114036"}],"version-history":[{"count":0,"href":"https:\/\/exaudi.org\/es\/wp-json\/wp\/v2\/posts\/114036\/revisions"}],"wp:featuredmedia":[{"embeddable":true,"href":"https:\/\/exaudi.org\/es\/wp-json\/wp\/v2\/media\/114041"}],"wp:attachment":[{"href":"https:\/\/exaudi.org\/es\/wp-json\/wp\/v2\/media?parent=114036"}],"wp:term":[{"taxonomy":"category","embeddable":true,"href":"https:\/\/exaudi.org\/es\/wp-json\/wp\/v2\/categories?post=114036"},{"taxonomy":"post_tag","embeddable":true,"href":"https:\/\/exaudi.org\/es\/wp-json\/wp\/v2\/tags?post=114036"}],"curies":[{"name":"wp","href":"https:\/\/api.w.org\/{rel}","templated":true}]}}