{"id":113931,"date":"2024-12-01T12:32:37","date_gmt":"2024-12-01T11:32:37","guid":{"rendered":"https:\/\/exaudi.org\/?p=113931"},"modified":"2024-12-01T21:08:35","modified_gmt":"2024-12-01T20:08:35","slug":"el-adviento-un-tiempo-para-aliviar-el-corazon-en-medio-de-las-dificultades","status":"publish","type":"post","link":"https:\/\/exaudi.org\/es\/el-adviento-un-tiempo-para-aliviar-el-corazon-en-medio-de-las-dificultades\/","title":{"rendered":"El Adviento: Un Tiempo para Aliviar el Coraz\u00f3n en Medio de las Dificultades"},"content":{"rendered":"<p>En el \u00c1ngelus del primer domingo de Adviento, el Papa Francisco nos invita a enfrentar las angustias y falsas creencias \u00ablevantando la cabeza\u00bb hacia Jes\u00fas. Nos anima a no dejarnos abrumar por la tristeza en los momentos dif\u00edciles tanto a nivel personal como mundial.<\/p>\n<p><iframe title=\"Spotify Embed: El Adviento: Un Tiempo para Aliviar el Coraz\u00f3n en Medio de las Dificultades\" style=\"border-radius: 12px\" width=\"100%\" height=\"152\" frameborder=\"0\" allowfullscreen allow=\"autoplay; clipboard-write; encrypted-media; fullscreen; picture-in-picture\" loading=\"lazy\" src=\"https:\/\/open.spotify.com\/embed\/episode\/2S3cod9gWppz73fMEIxu4V?si=887d964e2f6044ac&#038;utm_source=oembed\"><\/iframe><\/p>\n<h3><strong>La Esperanza en Medio de las Preocupaciones<\/strong><\/h3>\n<p>El Papa comenz\u00f3 su mensaje recordando c\u00f3mo las ansiedades, miedos y preocupaciones de la vida personal y los eventos mundiales pueden sentirse como pesadas cargas que llevan al desaliento. Estas preocupaciones, seg\u00fan Francisco, \u00abpesan sobre el coraz\u00f3n\u00bb, llevando al aislamiento y la desesperanza. Sin embargo, al hacer espacio para Jes\u00fas, especialmente en el tiempo de Adviento que nos prepara para la Navidad, es posible \u00abrecuperar la esperanza\u00bb.<\/p>\n<h3><strong>Un Mensaje de Esperanza en el Evangelio<\/strong><\/h3>\n<p>Comentando el Evangelio del d\u00eda, que describe eventos c\u00f3smicos y angustias, el Papa subray\u00f3 que Jes\u00fas siempre ofrece una palabra de esperanza a sus disc\u00edpulos: \u00abLev\u00e1ntense y alcen la cabeza, porque se acerca su liberaci\u00f3n\u00bb. Jes\u00fas les aconseja no dejar que sus corazones se agobien y esperar con vigilancia la llegada del Hijo del Hombre. La invitaci\u00f3n es clara: levantar la mirada y mantener el coraz\u00f3n ligero y despierto.<\/p>\n<h3><strong>Mirar al Cielo para Comprender la Tierra<\/strong><\/h3>\n<p>Francisco explic\u00f3 que muchos contempor\u00e1neos de Jes\u00fas, al presenciar persecuciones, conflictos y desastres naturales, sent\u00edan que el fin del mundo estaba cerca y sus corazones se llenaban de miedo. Sin embargo, Jes\u00fas busca liberarlos de sus angustias y falsas creencias, ense\u00f1\u00e1ndoles a \u00abmantener el coraz\u00f3n despierto\u00bb y a interpretar los eventos desde el plan de Dios, quien \u00abobra la salvaci\u00f3n\u00bb incluso en los momentos m\u00e1s dram\u00e1ticos de la historia. Para ello, Jes\u00fas sugiere \u00abmirar al Cielo para comprender las cosas de la tierra\u00bb.<\/p>\n<h3><strong>El Amor de Dios Nos Salva en Todo Momento<\/strong><\/h3>\n<p>El Papa invita a adoptar la recomendaci\u00f3n de Jes\u00fas para que nuestros corazones no se vean abrumados. Reflexiona sobre c\u00f3mo podemos tener un coraz\u00f3n ligero, despierto y libre que no se deje aplastar por la tristeza. La tristeza, dice Francisco, es algo terrible que debemos evitar.<\/p>\n<h3><strong>No Ceder al Desaliento<\/strong><\/h3>\n<p>Francisco nos llama a confiar en el amor de Dios, que \u00abquiere salvarnos\u00bb y se acerca a nosotros en todas las circunstancias de nuestra vida. Nos invita a reflexionar: \u00bfEst\u00e1 mi coraz\u00f3n agobiado por el miedo, las preocupaciones y las ansiedades por el futuro? \u00bfSoy capaz de ver los eventos diarios y los acontecimientos hist\u00f3ricos con los ojos de Dios, en oraci\u00f3n, con una perspectiva m\u00e1s amplia? \u00bfO me dejo llevar por el desaliento?<\/p>\n<p>Finalmente, el Papa espera que este tiempo de Adviento sea una \u00abocasi\u00f3n valiosa\u00bb para levantar la mirada hacia Aquel que \u00abalivia el coraz\u00f3n\u00bb y \u00absostiene nuestro camino\u00bb.<\/p>\n<p><iframe loading=\"lazy\" title=\"\u00c1ngelus - 01 de diciembre de 2024 - 1er Domingo de Adviento\" width=\"500\" height=\"281\" src=\"https:\/\/www.youtube.com\/embed\/i7En0LAv80o?feature=oembed\" frameborder=\"0\" allow=\"accelerometer; autoplay; clipboard-write; encrypted-media; gyroscope; picture-in-picture; web-share\" referrerpolicy=\"strict-origin-when-cross-origin\" allowfullscreen><\/iframe><\/p>\n","protected":false},"excerpt":{"rendered":"<p>\u00c1ngelus del primer domingo de Adviento<\/p>\n","protected":false},"author":15,"featured_media":113932,"comment_status":"closed","ping_status":"closed","sticky":false,"template":"","format":"standard","meta":{"_acf_changed":false,"_crdt_document":"","inline_featured_image":false,"footnotes":""},"categories":[70,68],"tags":[13604,5024,32623,20350,191,34904,1442,34910,34911,26644,624,1371,3164,2419,449,2623,6770,27138,4700,676,158,34912,32622,34913,9686,16379,272],"class_list":["post-113931","post","type-post","status-publish","format-standard","has-post-thumbnail","hentry","category-angelus-es","category-leon-xiv","tag-2024-2","tag-adviento","tag-adviento-2024","tag-amor-de-dios","tag-angelus","tag-angustias","tag-confianza-en-dios","tag-corazon-ligero","tag-desaliento","tag-ensenanza-de-jesus","tag-esperanza","tag-espiritualidad","tag-fe-es","tag-featured","tag-iglesia-catolica","tag-jesus","tag-liberacion","tag-mensaje-papal","tag-navidad","tag-oracion","tag-papa-francisco","tag-preocupaciones","tag-preparacion-para-navidad","tag-primeros-domingos-de-adviento","tag-salvacion","tag-tristeza","tag-vaticano-es"],"acf":[],"yoast_head":"<!-- This site is optimized with the Yoast SEO plugin v27.4 - https:\/\/yoast.com\/product\/yoast-seo-wordpress\/ -->\n<title>El Adviento: Un Tiempo para Aliviar el Coraz\u00f3n en Medio de las Dificultades &#8211; Exaudi<\/title>\n<meta name=\"robots\" content=\"index, follow, max-snippet:-1, max-image-preview:large, max-video-preview:-1\" \/>\n<link rel=\"canonical\" href=\"https:\/\/exaudi.org\/es\/el-adviento-un-tiempo-para-aliviar-el-corazon-en-medio-de-las-dificultades\/\" \/>\n<meta property=\"og:locale\" content=\"es_ES\" \/>\n<meta property=\"og:type\" content=\"article\" \/>\n<meta property=\"og:title\" content=\"El Adviento: Un Tiempo para Aliviar el Coraz\u00f3n en Medio de las Dificultades &#8211; Exaudi\" \/>\n<meta property=\"og:description\" content=\"\u00c1ngelus del primer domingo de Adviento\" \/>\n<meta property=\"og:url\" content=\"https:\/\/exaudi.org\/es\/el-adviento-un-tiempo-para-aliviar-el-corazon-en-medio-de-las-dificultades\/\" \/>\n<meta property=\"og:site_name\" content=\"Exaudi\" \/>\n<meta property=\"article:publisher\" content=\"https:\/\/www.facebook.com\/ExaudiNews\" \/>\n<meta property=\"article:author\" content=\"https:\/\/www.facebook.com\/ExaudiNoticias\/\" \/>\n<meta property=\"article:published_time\" content=\"2024-12-01T11:32:37+00:00\" \/>\n<meta property=\"article:modified_time\" content=\"2024-12-01T20:08:35+00:00\" \/>\n<meta property=\"og:image\" content=\"https:\/\/exaudi.org\/wp-content\/uploads\/2024\/12\/cq5dam.thumbnail.cropped.750.422-1.jpeg\" \/>\n\t<meta property=\"og:image:width\" content=\"750\" \/>\n\t<meta property=\"og:image:height\" content=\"422\" \/>\n\t<meta property=\"og:image:type\" content=\"image\/jpeg\" \/>\n<meta name=\"author\" content=\"Exaudi Redacci\u00f3n\" \/>\n<meta name=\"twitter:card\" content=\"summary_large_image\" \/>\n<meta name=\"twitter:creator\" content=\"@Exaudi_noticias\" \/>\n<meta name=\"twitter:site\" content=\"@Exaudi_News\" \/>\n<meta name=\"twitter:label1\" content=\"Escrito por\" \/>\n\t<meta name=\"twitter:data1\" content=\"Exaudi Redacci\u00f3n\" \/>\n\t<meta name=\"twitter:label2\" content=\"Tiempo de lectura\" \/>\n\t<meta name=\"twitter:data2\" content=\"3 minutos\" \/>\n<script type=\"application\/ld+json\" class=\"yoast-schema-graph\">{\"@context\":\"https:\\\/\\\/schema.org\",\"@graph\":[{\"@type\":\"Article\",\"@id\":\"https:\\\/\\\/exaudi.org\\\/es\\\/el-adviento-un-tiempo-para-aliviar-el-corazon-en-medio-de-las-dificultades\\\/#article\",\"isPartOf\":{\"@id\":\"https:\\\/\\\/exaudi.org\\\/es\\\/el-adviento-un-tiempo-para-aliviar-el-corazon-en-medio-de-las-dificultades\\\/\"},\"author\":{\"name\":\"Exaudi Redacci\u00f3n\",\"@id\":\"https:\\\/\\\/exaudi.org\\\/#\\\/schema\\\/person\\\/f5fc8f063065e38742da7afe15f25df7\"},\"headline\":\"El Adviento: Un Tiempo para Aliviar el Coraz\u00f3n en Medio de las Dificultades\",\"datePublished\":\"2024-12-01T11:32:37+00:00\",\"dateModified\":\"2024-12-01T20:08:35+00:00\",\"mainEntityOfPage\":{\"@id\":\"https:\\\/\\\/exaudi.org\\\/es\\\/el-adviento-un-tiempo-para-aliviar-el-corazon-en-medio-de-las-dificultades\\\/\"},\"wordCount\":515,\"image\":{\"@id\":\"https:\\\/\\\/exaudi.org\\\/es\\\/el-adviento-un-tiempo-para-aliviar-el-corazon-en-medio-de-las-dificultades\\\/#primaryimage\"},\"thumbnailUrl\":\"https:\\\/\\\/exaudi.org\\\/wp-content\\\/uploads\\\/2024\\\/12\\\/cq5dam.thumbnail.cropped.750.422-1.jpeg\",\"keywords\":[\"2024\",\"Adviento\",\"adviento 2024\",\"amor de Dios\",\"\u00e1ngelus\",\"angustias\",\"Confianza en Dios\",\"coraz\u00f3n ligero\",\"desaliento\",\"ense\u00f1anza de Jes\u00fas\",\"Esperanza\",\"Espiritualidad\",\"fe\",\"Featured\",\"Iglesia cat\u00f3lica\",\"Jes\u00fas\",\"Liberaci\u00f3n\",\"mensaje papal\",\"navidad\",\"Oraci\u00f3n\",\"papa francisco\",\"preocupaciones\",\"preparaci\u00f3n para Navidad\",\"primeros domingos de Adviento\",\"Salvaci\u00f3n\",\"tristeza\",\"Vaticano\"],\"articleSection\":[\"\u00c1ngelus\",\"Le\u00f3n XIV\"],\"inLanguage\":\"es\"},{\"@type\":\"WebPage\",\"@id\":\"https:\\\/\\\/exaudi.org\\\/es\\\/el-adviento-un-tiempo-para-aliviar-el-corazon-en-medio-de-las-dificultades\\\/\",\"url\":\"https:\\\/\\\/exaudi.org\\\/es\\\/el-adviento-un-tiempo-para-aliviar-el-corazon-en-medio-de-las-dificultades\\\/\",\"name\":\"El Adviento: Un Tiempo para Aliviar el Coraz\u00f3n en Medio de las Dificultades &#8211; Exaudi\",\"isPartOf\":{\"@id\":\"https:\\\/\\\/exaudi.org\\\/#website\"},\"primaryImageOfPage\":{\"@id\":\"https:\\\/\\\/exaudi.org\\\/es\\\/el-adviento-un-tiempo-para-aliviar-el-corazon-en-medio-de-las-dificultades\\\/#primaryimage\"},\"image\":{\"@id\":\"https:\\\/\\\/exaudi.org\\\/es\\\/el-adviento-un-tiempo-para-aliviar-el-corazon-en-medio-de-las-dificultades\\\/#primaryimage\"},\"thumbnailUrl\":\"https:\\\/\\\/exaudi.org\\\/wp-content\\\/uploads\\\/2024\\\/12\\\/cq5dam.thumbnail.cropped.750.422-1.jpeg\",\"datePublished\":\"2024-12-01T11:32:37+00:00\",\"dateModified\":\"2024-12-01T20:08:35+00:00\",\"author\":{\"@id\":\"https:\\\/\\\/exaudi.org\\\/#\\\/schema\\\/person\\\/f5fc8f063065e38742da7afe15f25df7\"},\"breadcrumb\":{\"@id\":\"https:\\\/\\\/exaudi.org\\\/es\\\/el-adviento-un-tiempo-para-aliviar-el-corazon-en-medio-de-las-dificultades\\\/#breadcrumb\"},\"inLanguage\":\"es\",\"potentialAction\":[{\"@type\":\"ReadAction\",\"target\":[\"https:\\\/\\\/exaudi.org\\\/es\\\/el-adviento-un-tiempo-para-aliviar-el-corazon-en-medio-de-las-dificultades\\\/\"]}]},{\"@type\":\"ImageObject\",\"inLanguage\":\"es\",\"@id\":\"https:\\\/\\\/exaudi.org\\\/es\\\/el-adviento-un-tiempo-para-aliviar-el-corazon-en-medio-de-las-dificultades\\\/#primaryimage\",\"url\":\"https:\\\/\\\/exaudi.org\\\/wp-content\\\/uploads\\\/2024\\\/12\\\/cq5dam.thumbnail.cropped.750.422-1.jpeg\",\"contentUrl\":\"https:\\\/\\\/exaudi.org\\\/wp-content\\\/uploads\\\/2024\\\/12\\\/cq5dam.thumbnail.cropped.750.422-1.jpeg\",\"width\":750,\"height\":422},{\"@type\":\"BreadcrumbList\",\"@id\":\"https:\\\/\\\/exaudi.org\\\/es\\\/el-adviento-un-tiempo-para-aliviar-el-corazon-en-medio-de-las-dificultades\\\/#breadcrumb\",\"itemListElement\":[{\"@type\":\"ListItem\",\"position\":1,\"name\":\"Portada\",\"item\":\"https:\\\/\\\/exaudi.org\\\/es\\\/\"},{\"@type\":\"ListItem\",\"position\":2,\"name\":\"El Adviento: Un Tiempo para Aliviar el Coraz\u00f3n en Medio de las Dificultades\"}]},{\"@type\":\"WebSite\",\"@id\":\"https:\\\/\\\/exaudi.org\\\/#website\",\"url\":\"https:\\\/\\\/exaudi.org\\\/\",\"name\":\"Exaudi\",\"description\":\"News\",\"potentialAction\":[{\"@type\":\"SearchAction\",\"target\":{\"@type\":\"EntryPoint\",\"urlTemplate\":\"https:\\\/\\\/exaudi.org\\\/?s={search_term_string}\"},\"query-input\":{\"@type\":\"PropertyValueSpecification\",\"valueRequired\":true,\"valueName\":\"search_term_string\"}}],\"inLanguage\":\"es\"},{\"@type\":\"Person\",\"@id\":\"https:\\\/\\\/exaudi.org\\\/#\\\/schema\\\/person\\\/f5fc8f063065e38742da7afe15f25df7\",\"name\":\"Exaudi Redacci\u00f3n\",\"image\":{\"@type\":\"ImageObject\",\"inLanguage\":\"es\",\"@id\":\"https:\\\/\\\/secure.gravatar.com\\\/avatar\\\/fe0f6a059fb68d9b3e11bc5850dd4899b1c7492091a3cb6dd9b01b56ad828be2?s=96&d=mm&r=g\",\"url\":\"https:\\\/\\\/secure.gravatar.com\\\/avatar\\\/fe0f6a059fb68d9b3e11bc5850dd4899b1c7492091a3cb6dd9b01b56ad828be2?s=96&d=mm&r=g\",\"contentUrl\":\"https:\\\/\\\/secure.gravatar.com\\\/avatar\\\/fe0f6a059fb68d9b3e11bc5850dd4899b1c7492091a3cb6dd9b01b56ad828be2?s=96&d=mm&r=g\",\"caption\":\"Exaudi Redacci\u00f3n\"},\"description\":\"\u00bfQu\u00e9 es Exaudi News? Exaudi News es un medio de comunicaci\u00f3n cat\u00f3lico internacional que informa, forma y transforma, diariamente en espa\u00f1ol, ingl\u00e9s e italiano. A trav\u00e9s de noticias, art\u00edculos de an\u00e1lisis y transmisiones en directo de los eventos del Papa, Exaudi busca fortalecer la unidad de los cristianos y contribuir a la evangelizaci\u00f3n del mundo, siempre guiados por la doctrina social de la Iglesia. Trabajamos para acercar la verdad y los valores cristianos a cada rinc\u00f3n del planeta. \u00a1Ay\u00fadanos a transformar el mundo con Exaudi! En Exaudi creemos que la evangelizaci\u00f3n y la informaci\u00f3n de calidad pueden cambiar vidas. Para continuar con nuestra misi\u00f3n y expandir nuestro alcance, necesitamos tu ayuda. Adem\u00e1s, buscamos personas comprometidas que deseen unirse a nuestro equipo. Con tu apoyo, lograremos llegar a m\u00e1s personas, difundir el mensaje de Cristo y reforzar la unidad de los cristianos. \u00bfTe unes a nuestra misi\u00f3n? Para m\u00e1s informaci\u00f3n sobre c\u00f3mo colaborar, visita Exaudi.org\\\/es o cont\u00e1ctanos directamente: info@exaudi.org Exaudi: Informa, forma y transforma.\",\"sameAs\":[\"https:\\\/\\\/www.facebook.com\\\/ExaudiNoticias\\\/\",\"https:\\\/\\\/www.instagram.com\\\/exaudi_noticias\\\/\",\"https:\\\/\\\/x.com\\\/Exaudi_noticias\",\"https:\\\/\\\/www.youtube.com\\\/@exaudicatholicnews\"],\"url\":\"https:\\\/\\\/exaudi.org\\\/es\\\/author\\\/redaccionexaudi\\\/\"}]}<\/script>\n<!-- \/ Yoast SEO plugin. -->","yoast_head_json":{"title":"El Adviento: Un Tiempo para Aliviar el Coraz\u00f3n en Medio de las Dificultades &#8211; Exaudi","robots":{"index":"index","follow":"follow","max-snippet":"max-snippet:-1","max-image-preview":"max-image-preview:large","max-video-preview":"max-video-preview:-1"},"canonical":"https:\/\/exaudi.org\/es\/el-adviento-un-tiempo-para-aliviar-el-corazon-en-medio-de-las-dificultades\/","og_locale":"es_ES","og_type":"article","og_title":"El Adviento: Un Tiempo para Aliviar el Coraz\u00f3n en Medio de las Dificultades &#8211; Exaudi","og_description":"\u00c1ngelus del primer domingo de Adviento","og_url":"https:\/\/exaudi.org\/es\/el-adviento-un-tiempo-para-aliviar-el-corazon-en-medio-de-las-dificultades\/","og_site_name":"Exaudi","article_publisher":"https:\/\/www.facebook.com\/ExaudiNews","article_author":"https:\/\/www.facebook.com\/ExaudiNoticias\/","article_published_time":"2024-12-01T11:32:37+00:00","article_modified_time":"2024-12-01T20:08:35+00:00","og_image":[{"width":750,"height":422,"url":"https:\/\/exaudi.org\/wp-content\/uploads\/2024\/12\/cq5dam.thumbnail.cropped.750.422-1.jpeg","type":"image\/jpeg"}],"author":"Exaudi Redacci\u00f3n","twitter_card":"summary_large_image","twitter_creator":"@Exaudi_noticias","twitter_site":"@Exaudi_News","twitter_misc":{"Escrito por":"Exaudi Redacci\u00f3n","Tiempo de lectura":"3 minutos"},"schema":{"@context":"https:\/\/schema.org","@graph":[{"@type":"Article","@id":"https:\/\/exaudi.org\/es\/el-adviento-un-tiempo-para-aliviar-el-corazon-en-medio-de-las-dificultades\/#article","isPartOf":{"@id":"https:\/\/exaudi.org\/es\/el-adviento-un-tiempo-para-aliviar-el-corazon-en-medio-de-las-dificultades\/"},"author":{"name":"Exaudi Redacci\u00f3n","@id":"https:\/\/exaudi.org\/#\/schema\/person\/f5fc8f063065e38742da7afe15f25df7"},"headline":"El Adviento: Un Tiempo para Aliviar el Coraz\u00f3n en Medio de las Dificultades","datePublished":"2024-12-01T11:32:37+00:00","dateModified":"2024-12-01T20:08:35+00:00","mainEntityOfPage":{"@id":"https:\/\/exaudi.org\/es\/el-adviento-un-tiempo-para-aliviar-el-corazon-en-medio-de-las-dificultades\/"},"wordCount":515,"image":{"@id":"https:\/\/exaudi.org\/es\/el-adviento-un-tiempo-para-aliviar-el-corazon-en-medio-de-las-dificultades\/#primaryimage"},"thumbnailUrl":"https:\/\/exaudi.org\/wp-content\/uploads\/2024\/12\/cq5dam.thumbnail.cropped.750.422-1.jpeg","keywords":["2024","Adviento","adviento 2024","amor de Dios","\u00e1ngelus","angustias","Confianza en Dios","coraz\u00f3n ligero","desaliento","ense\u00f1anza de Jes\u00fas","Esperanza","Espiritualidad","fe","Featured","Iglesia cat\u00f3lica","Jes\u00fas","Liberaci\u00f3n","mensaje papal","navidad","Oraci\u00f3n","papa francisco","preocupaciones","preparaci\u00f3n para Navidad","primeros domingos de Adviento","Salvaci\u00f3n","tristeza","Vaticano"],"articleSection":["\u00c1ngelus","Le\u00f3n XIV"],"inLanguage":"es"},{"@type":"WebPage","@id":"https:\/\/exaudi.org\/es\/el-adviento-un-tiempo-para-aliviar-el-corazon-en-medio-de-las-dificultades\/","url":"https:\/\/exaudi.org\/es\/el-adviento-un-tiempo-para-aliviar-el-corazon-en-medio-de-las-dificultades\/","name":"El Adviento: Un Tiempo para Aliviar el Coraz\u00f3n en Medio de las Dificultades &#8211; Exaudi","isPartOf":{"@id":"https:\/\/exaudi.org\/#website"},"primaryImageOfPage":{"@id":"https:\/\/exaudi.org\/es\/el-adviento-un-tiempo-para-aliviar-el-corazon-en-medio-de-las-dificultades\/#primaryimage"},"image":{"@id":"https:\/\/exaudi.org\/es\/el-adviento-un-tiempo-para-aliviar-el-corazon-en-medio-de-las-dificultades\/#primaryimage"},"thumbnailUrl":"https:\/\/exaudi.org\/wp-content\/uploads\/2024\/12\/cq5dam.thumbnail.cropped.750.422-1.jpeg","datePublished":"2024-12-01T11:32:37+00:00","dateModified":"2024-12-01T20:08:35+00:00","author":{"@id":"https:\/\/exaudi.org\/#\/schema\/person\/f5fc8f063065e38742da7afe15f25df7"},"breadcrumb":{"@id":"https:\/\/exaudi.org\/es\/el-adviento-un-tiempo-para-aliviar-el-corazon-en-medio-de-las-dificultades\/#breadcrumb"},"inLanguage":"es","potentialAction":[{"@type":"ReadAction","target":["https:\/\/exaudi.org\/es\/el-adviento-un-tiempo-para-aliviar-el-corazon-en-medio-de-las-dificultades\/"]}]},{"@type":"ImageObject","inLanguage":"es","@id":"https:\/\/exaudi.org\/es\/el-adviento-un-tiempo-para-aliviar-el-corazon-en-medio-de-las-dificultades\/#primaryimage","url":"https:\/\/exaudi.org\/wp-content\/uploads\/2024\/12\/cq5dam.thumbnail.cropped.750.422-1.jpeg","contentUrl":"https:\/\/exaudi.org\/wp-content\/uploads\/2024\/12\/cq5dam.thumbnail.cropped.750.422-1.jpeg","width":750,"height":422},{"@type":"BreadcrumbList","@id":"https:\/\/exaudi.org\/es\/el-adviento-un-tiempo-para-aliviar-el-corazon-en-medio-de-las-dificultades\/#breadcrumb","itemListElement":[{"@type":"ListItem","position":1,"name":"Portada","item":"https:\/\/exaudi.org\/es\/"},{"@type":"ListItem","position":2,"name":"El Adviento: Un Tiempo para Aliviar el Coraz\u00f3n en Medio de las Dificultades"}]},{"@type":"WebSite","@id":"https:\/\/exaudi.org\/#website","url":"https:\/\/exaudi.org\/","name":"Exaudi","description":"News","potentialAction":[{"@type":"SearchAction","target":{"@type":"EntryPoint","urlTemplate":"https:\/\/exaudi.org\/?s={search_term_string}"},"query-input":{"@type":"PropertyValueSpecification","valueRequired":true,"valueName":"search_term_string"}}],"inLanguage":"es"},{"@type":"Person","@id":"https:\/\/exaudi.org\/#\/schema\/person\/f5fc8f063065e38742da7afe15f25df7","name":"Exaudi Redacci\u00f3n","image":{"@type":"ImageObject","inLanguage":"es","@id":"https:\/\/secure.gravatar.com\/avatar\/fe0f6a059fb68d9b3e11bc5850dd4899b1c7492091a3cb6dd9b01b56ad828be2?s=96&d=mm&r=g","url":"https:\/\/secure.gravatar.com\/avatar\/fe0f6a059fb68d9b3e11bc5850dd4899b1c7492091a3cb6dd9b01b56ad828be2?s=96&d=mm&r=g","contentUrl":"https:\/\/secure.gravatar.com\/avatar\/fe0f6a059fb68d9b3e11bc5850dd4899b1c7492091a3cb6dd9b01b56ad828be2?s=96&d=mm&r=g","caption":"Exaudi Redacci\u00f3n"},"description":"\u00bfQu\u00e9 es Exaudi News? Exaudi News es un medio de comunicaci\u00f3n cat\u00f3lico internacional que informa, forma y transforma, diariamente en espa\u00f1ol, ingl\u00e9s e italiano. A trav\u00e9s de noticias, art\u00edculos de an\u00e1lisis y transmisiones en directo de los eventos del Papa, Exaudi busca fortalecer la unidad de los cristianos y contribuir a la evangelizaci\u00f3n del mundo, siempre guiados por la doctrina social de la Iglesia. Trabajamos para acercar la verdad y los valores cristianos a cada rinc\u00f3n del planeta. \u00a1Ay\u00fadanos a transformar el mundo con Exaudi! En Exaudi creemos que la evangelizaci\u00f3n y la informaci\u00f3n de calidad pueden cambiar vidas. Para continuar con nuestra misi\u00f3n y expandir nuestro alcance, necesitamos tu ayuda. Adem\u00e1s, buscamos personas comprometidas que deseen unirse a nuestro equipo. Con tu apoyo, lograremos llegar a m\u00e1s personas, difundir el mensaje de Cristo y reforzar la unidad de los cristianos. \u00bfTe unes a nuestra misi\u00f3n? Para m\u00e1s informaci\u00f3n sobre c\u00f3mo colaborar, visita Exaudi.org\/es o cont\u00e1ctanos directamente: info@exaudi.org Exaudi: Informa, forma y transforma.","sameAs":["https:\/\/www.facebook.com\/ExaudiNoticias\/","https:\/\/www.instagram.com\/exaudi_noticias\/","https:\/\/x.com\/Exaudi_noticias","https:\/\/www.youtube.com\/@exaudicatholicnews"],"url":"https:\/\/exaudi.org\/es\/author\/redaccionexaudi\/"}]}},"jetpack_featured_media_url":"https:\/\/exaudi.org\/wp-content\/uploads\/2024\/12\/cq5dam.thumbnail.cropped.750.422-1.jpeg","jetpack_shortlink":"https:\/\/wp.me\/pgKjF2-tDB","_links":{"self":[{"href":"https:\/\/exaudi.org\/es\/wp-json\/wp\/v2\/posts\/113931","targetHints":{"allow":["GET"]}}],"collection":[{"href":"https:\/\/exaudi.org\/es\/wp-json\/wp\/v2\/posts"}],"about":[{"href":"https:\/\/exaudi.org\/es\/wp-json\/wp\/v2\/types\/post"}],"author":[{"embeddable":true,"href":"https:\/\/exaudi.org\/es\/wp-json\/wp\/v2\/users\/15"}],"replies":[{"embeddable":true,"href":"https:\/\/exaudi.org\/es\/wp-json\/wp\/v2\/comments?post=113931"}],"version-history":[{"count":0,"href":"https:\/\/exaudi.org\/es\/wp-json\/wp\/v2\/posts\/113931\/revisions"}],"wp:featuredmedia":[{"embeddable":true,"href":"https:\/\/exaudi.org\/es\/wp-json\/wp\/v2\/media\/113932"}],"wp:attachment":[{"href":"https:\/\/exaudi.org\/es\/wp-json\/wp\/v2\/media?parent=113931"}],"wp:term":[{"taxonomy":"category","embeddable":true,"href":"https:\/\/exaudi.org\/es\/wp-json\/wp\/v2\/categories?post=113931"},{"taxonomy":"post_tag","embeddable":true,"href":"https:\/\/exaudi.org\/es\/wp-json\/wp\/v2\/tags?post=113931"}],"curies":[{"name":"wp","href":"https:\/\/api.w.org\/{rel}","templated":true}]}}