{"id":113650,"date":"2024-11-26T14:42:13","date_gmt":"2024-11-26T13:42:13","guid":{"rendered":"https:\/\/exaudi.org\/?p=113650"},"modified":"2024-11-26T14:42:13","modified_gmt":"2024-11-26T13:42:13","slug":"el-papa-exhorta-a-detener-de-inmediato-la-produccion-y-el-uso-de-minas-antipersona","status":"publish","type":"post","link":"https:\/\/exaudi.org\/es\/el-papa-exhorta-a-detener-de-inmediato-la-produccion-y-el-uso-de-minas-antipersona\/","title":{"rendered":"El Papa exhorta a detener de inmediato la producci\u00f3n y el uso de minas antipersona"},"content":{"rendered":"<p>Que los Estados que a\u00fan no lo hayan hecho se adhieran a la Convenci\u00f3n Internacional sobre la Prohibici\u00f3n del uso, almacenamiento, producci\u00f3n y venta de minas antipersona y relativa destrucci\u00f3n, y cesen inmediatamente la producci\u00f3n y el uso de minas terrestres. Con esta firme recomendaci\u00f3n el Papa Francisco saluda a los participantes en la Quinta Conferencia de Revisi\u00f3n de la propia Convenci\u00f3n, que se ha inaugurado hoy, y se prolongar\u00e1 hasta el 29 de noviembre, en Siem Reap, Camboya. En un mensaje, firmado por el cardenal secretario de Estado, Pietro Parolin, y le\u00eddo por el observador permanente de la Santa Sede ante las Naciones Unidas y otras Organizaciones Internacionales en Ginebra, el arzobispo Ettore Balestrero, el Pont\u00edfice defiende el tratado como un \u00abejemplo concreto de c\u00f3mo el multilateralismo puede ser exitoso y adecuado a su prop\u00f3sito\u00bb, ya que est\u00e1 firmemente arraigado en \u00abla centralidad de la persona humana y el sentido de responsabilidad compartida\u00bb.<\/p>\n<h3><b>Dolor por las v\u00edctimas inocentes<\/b><\/h3>\n<p>Con pesar, el Papa se\u00f1ala c\u00f3mo, 25 a\u00f1os despu\u00e9s de la entrada en vigor del documento, el primero de marzo de 1999, \u00abse siguen utilizando minas antipersona y artefactos explosivos activados por las v\u00edctimas\u00bb, y que \u00ablos conflictos son un fracaso de la humanidad para vivir como una sola familia humana\u00bb. Con profunda tristeza, Francisco se\u00f1ala la dram\u00e1tica realidad de c\u00f3mo \u00abincluso muchos a\u00f1os despu\u00e9s del fin de las hostilidades, estos insidiosos artefactos siguen causando terribles sufrimientos a los civiles, especialmente a los ni\u00f1os, creando una ulterior sensaci\u00f3n de miedo que interrumpe los medios de subsistencia y obstaculiza la reconciliaci\u00f3n, la paz y el desarrollo integral\u00bb, lo que se traduce en un n\u00famero de v\u00edctimas que ha ido en aumento en los \u00faltimos a\u00f1os. La pregunta que el Pont\u00edfice dirige a los presentes en la Conferencia y a toda la comunidad internacional es cu\u00e1ntos inocentes m\u00e1s \u00abse ver\u00e1n obligados a cargar con las cicatrices del conflicto\u00bb. Vidas humanas que son sagradas y cuya desaparici\u00f3n hace perder a toda la humanidad.<\/p>\n<h3><strong>Detener la producci\u00f3n y el uso de artefactos explosivos<\/strong><\/h3>\n<p>De ah\u00ed el llamamiento a todos los Estados para que se adhieran a la Convenci\u00f3n, detengan la producci\u00f3n y el uso de esos dispositivos y \u00abapliquen plenamente la Convenci\u00f3n, cumplan sus compromisos con renovada urgencia y perseverancia y refuercen la cooperaci\u00f3n y la solidaridad internacionales\u00bb, pues, de lo contrario, \u00abcualquier retraso o retroceso aumentar\u00e1 inevitablemente el coste humano\u00bb.<\/p>\n<h3><strong>El papel de la Iglesia cat\u00f3lica<\/strong><\/h3>\n<p>A continuaci\u00f3n, el mensaje expresa la gratitud del Papa a todos los que trabajan peligrosamente en la remoci\u00f3n de minas, a las ONG y a las organizaciones gubernamentales que prestan asistencia a las v\u00edctimas y a sus allegados. Entre estas organizaciones, explica Francisco, \u00abhay un n\u00famero significativo de asociaciones de inspiraci\u00f3n religiosa: sin sus redes de solidaridad, en muchos lugares la gente estar\u00eda abandonada a su suerte\u00bb. La Iglesia cat\u00f3lica, asegura el Papa, \u00absigue decididamente comprometida a ayudar a las v\u00edctimas y a contribuir a la paz mundial\u00bb. Y espera que la Conferencia, \u00abinspirada en los nobles objetivos de la Convenci\u00f3n, se convierta en un paso importante hacia un mundo libre de minas y garantice una asistencia verdaderamente integral y reparadora a las v\u00edctimas\u00bb.<\/p>\n","protected":false},"excerpt":{"rendered":"<p>En un mensaje firmado por el cardenal secretario de Estado Parolin, Francisco saluda a la Conferencia de Revisi\u00f3n de la Convenci\u00f3n que proh\u00edbe las minas antipersona, que se est\u00e1 celebrando en Camboya. El Pont\u00edfice pide a los Estados que ratifiquen el tratado y denuncia los artefactos que \u00absiguen causando terribles sufrimientos a los civiles, especialmente a los ni\u00f1os\u00bb<\/p>\n","protected":false},"author":15,"featured_media":113651,"comment_status":"closed","ping_status":"closed","sticky":false,"template":"","format":"standard","meta":{"_acf_changed":false,"_crdt_document":"","inline_featured_image":false,"footnotes":""},"categories":[68],"tags":[34043,34036,34035,34044,802,34046,34039,449,34034,34041,1196,4200,158,19550,34049,3076,34045,34047,34037,34048,34042,34040,34038],"class_list":["post-113650","post","type-post","status-publish","format-standard","has-post-thumbnail","hentry","category-leon-xiv","tag-asistencia-a-victimas","tag-camboya","tag-convencion-internacional","tag-convenciones-internacionales","tag-derechos-humanos","tag-desarme","tag-desminado","tag-iglesia-catolica","tag-minas-antipersona","tag-multilateralismo-2","tag-ninos","tag-ong","tag-papa-francisco","tag-paz-mundial","tag-paz-y-desarrollo","tag-pietro-parolin","tag-responsabilidad-compartida","tag-seguridad-humana","tag-siem-reap","tag-solidaridad-internacional","tag-sufrimiento-civil","tag-tratados-internacionales","tag-victimas-de-minas"],"acf":[],"yoast_head":"<!-- This site is optimized with the Yoast SEO plugin v27.5 - https:\/\/yoast.com\/product\/yoast-seo-wordpress\/ -->\n<title>El Papa exhorta a detener de inmediato la producci\u00f3n y el uso de minas antipersona &#8211; Exaudi<\/title>\n<meta name=\"robots\" content=\"index, follow, max-snippet:-1, max-image-preview:large, max-video-preview:-1\" \/>\n<link rel=\"canonical\" href=\"https:\/\/exaudi.org\/es\/el-papa-exhorta-a-detener-de-inmediato-la-produccion-y-el-uso-de-minas-antipersona\/\" \/>\n<meta property=\"og:locale\" content=\"es_ES\" \/>\n<meta property=\"og:type\" content=\"article\" \/>\n<meta property=\"og:title\" content=\"El Papa exhorta a detener de inmediato la producci\u00f3n y el uso de minas antipersona &#8211; Exaudi\" \/>\n<meta property=\"og:description\" content=\"En un mensaje firmado por el cardenal secretario de Estado Parolin, Francisco saluda a la Conferencia de Revisi\u00f3n de la Convenci\u00f3n que proh\u00edbe las minas antipersona, que se est\u00e1 celebrando en Camboya. El Pont\u00edfice pide a los Estados que ratifiquen el tratado y denuncia los artefactos que \u00absiguen causando terribles sufrimientos a los civiles, especialmente a los ni\u00f1os\u00bb\" \/>\n<meta property=\"og:url\" content=\"https:\/\/exaudi.org\/es\/el-papa-exhorta-a-detener-de-inmediato-la-produccion-y-el-uso-de-minas-antipersona\/\" \/>\n<meta property=\"og:site_name\" content=\"Exaudi\" \/>\n<meta property=\"article:publisher\" content=\"https:\/\/www.facebook.com\/ExaudiNews\" \/>\n<meta property=\"article:author\" content=\"https:\/\/www.facebook.com\/ExaudiNoticias\/\" \/>\n<meta property=\"article:published_time\" content=\"2024-11-26T13:42:13+00:00\" \/>\n<meta property=\"og:image\" content=\"https:\/\/exaudi.org\/wp-content\/uploads\/2024\/11\/robert-bye-_G8eum0SF6g-unsplash-scaled.jpg\" \/>\n\t<meta property=\"og:image:width\" content=\"2560\" \/>\n\t<meta property=\"og:image:height\" content=\"1707\" \/>\n\t<meta property=\"og:image:type\" content=\"image\/jpeg\" \/>\n<meta name=\"author\" content=\"Exaudi Redacci\u00f3n\" \/>\n<meta name=\"twitter:card\" content=\"summary_large_image\" \/>\n<meta name=\"twitter:creator\" content=\"@Exaudi_noticias\" \/>\n<meta name=\"twitter:site\" content=\"@Exaudi_News\" \/>\n<meta name=\"twitter:label1\" content=\"Escrito por\" \/>\n\t<meta name=\"twitter:data1\" content=\"Exaudi Redacci\u00f3n\" \/>\n\t<meta name=\"twitter:label2\" content=\"Tiempo de lectura\" \/>\n\t<meta name=\"twitter:data2\" content=\"3 minutos\" \/>\n<script type=\"application\/ld+json\" class=\"yoast-schema-graph\">{\"@context\":\"https:\\\/\\\/schema.org\",\"@graph\":[{\"@type\":\"Article\",\"@id\":\"https:\\\/\\\/exaudi.org\\\/es\\\/el-papa-exhorta-a-detener-de-inmediato-la-produccion-y-el-uso-de-minas-antipersona\\\/#article\",\"isPartOf\":{\"@id\":\"https:\\\/\\\/exaudi.org\\\/es\\\/el-papa-exhorta-a-detener-de-inmediato-la-produccion-y-el-uso-de-minas-antipersona\\\/\"},\"author\":{\"name\":\"Exaudi Redacci\u00f3n\",\"@id\":\"https:\\\/\\\/exaudi.org\\\/#\\\/schema\\\/person\\\/f5fc8f063065e38742da7afe15f25df7\"},\"headline\":\"El Papa exhorta a detener de inmediato la producci\u00f3n y el uso de minas antipersona\",\"datePublished\":\"2024-11-26T13:42:13+00:00\",\"mainEntityOfPage\":{\"@id\":\"https:\\\/\\\/exaudi.org\\\/es\\\/el-papa-exhorta-a-detener-de-inmediato-la-produccion-y-el-uso-de-minas-antipersona\\\/\"},\"wordCount\":590,\"image\":{\"@id\":\"https:\\\/\\\/exaudi.org\\\/es\\\/el-papa-exhorta-a-detener-de-inmediato-la-produccion-y-el-uso-de-minas-antipersona\\\/#primaryimage\"},\"thumbnailUrl\":\"https:\\\/\\\/exaudi.org\\\/wp-content\\\/uploads\\\/2024\\\/11\\\/robert-bye-_G8eum0SF6g-unsplash-scaled.jpg\",\"keywords\":[\"asistencia a v\u00edctimas\",\"Camboya\",\"Convenci\u00f3n internacional\",\"convenciones internacionales\",\"Derechos Humanos\",\"desarme\",\"desminado\",\"Iglesia cat\u00f3lica\",\"minas antipersona\",\"multilateralismo\",\"Ni\u00f1os\",\"ONG\",\"papa francisco\",\"paz mundial\",\"paz y desarrollo\",\"Pietro Parol\u00edn\",\"responsabilidad compartida\",\"seguridad humana\",\"Siem Reap\",\"solidaridad internacional\",\"sufrimiento civil\",\"tratados internacionales\",\"v\u00edctimas de minas\"],\"articleSection\":[\"Le\u00f3n XIV\"],\"inLanguage\":\"es\"},{\"@type\":\"WebPage\",\"@id\":\"https:\\\/\\\/exaudi.org\\\/es\\\/el-papa-exhorta-a-detener-de-inmediato-la-produccion-y-el-uso-de-minas-antipersona\\\/\",\"url\":\"https:\\\/\\\/exaudi.org\\\/es\\\/el-papa-exhorta-a-detener-de-inmediato-la-produccion-y-el-uso-de-minas-antipersona\\\/\",\"name\":\"El Papa exhorta a detener de inmediato la producci\u00f3n y el uso de minas antipersona &#8211; Exaudi\",\"isPartOf\":{\"@id\":\"https:\\\/\\\/exaudi.org\\\/#website\"},\"primaryImageOfPage\":{\"@id\":\"https:\\\/\\\/exaudi.org\\\/es\\\/el-papa-exhorta-a-detener-de-inmediato-la-produccion-y-el-uso-de-minas-antipersona\\\/#primaryimage\"},\"image\":{\"@id\":\"https:\\\/\\\/exaudi.org\\\/es\\\/el-papa-exhorta-a-detener-de-inmediato-la-produccion-y-el-uso-de-minas-antipersona\\\/#primaryimage\"},\"thumbnailUrl\":\"https:\\\/\\\/exaudi.org\\\/wp-content\\\/uploads\\\/2024\\\/11\\\/robert-bye-_G8eum0SF6g-unsplash-scaled.jpg\",\"datePublished\":\"2024-11-26T13:42:13+00:00\",\"author\":{\"@id\":\"https:\\\/\\\/exaudi.org\\\/#\\\/schema\\\/person\\\/f5fc8f063065e38742da7afe15f25df7\"},\"breadcrumb\":{\"@id\":\"https:\\\/\\\/exaudi.org\\\/es\\\/el-papa-exhorta-a-detener-de-inmediato-la-produccion-y-el-uso-de-minas-antipersona\\\/#breadcrumb\"},\"inLanguage\":\"es\",\"potentialAction\":[{\"@type\":\"ReadAction\",\"target\":[\"https:\\\/\\\/exaudi.org\\\/es\\\/el-papa-exhorta-a-detener-de-inmediato-la-produccion-y-el-uso-de-minas-antipersona\\\/\"]}]},{\"@type\":\"ImageObject\",\"inLanguage\":\"es\",\"@id\":\"https:\\\/\\\/exaudi.org\\\/es\\\/el-papa-exhorta-a-detener-de-inmediato-la-produccion-y-el-uso-de-minas-antipersona\\\/#primaryimage\",\"url\":\"https:\\\/\\\/exaudi.org\\\/wp-content\\\/uploads\\\/2024\\\/11\\\/robert-bye-_G8eum0SF6g-unsplash-scaled.jpg\",\"contentUrl\":\"https:\\\/\\\/exaudi.org\\\/wp-content\\\/uploads\\\/2024\\\/11\\\/robert-bye-_G8eum0SF6g-unsplash-scaled.jpg\",\"width\":2560,\"height\":1707,\"caption\":\"Foto de Robert Bye en Unsplash\"},{\"@type\":\"BreadcrumbList\",\"@id\":\"https:\\\/\\\/exaudi.org\\\/es\\\/el-papa-exhorta-a-detener-de-inmediato-la-produccion-y-el-uso-de-minas-antipersona\\\/#breadcrumb\",\"itemListElement\":[{\"@type\":\"ListItem\",\"position\":1,\"name\":\"Portada\",\"item\":\"https:\\\/\\\/exaudi.org\\\/es\\\/\"},{\"@type\":\"ListItem\",\"position\":2,\"name\":\"El Papa exhorta a detener de inmediato la producci\u00f3n y el uso de minas antipersona\"}]},{\"@type\":\"WebSite\",\"@id\":\"https:\\\/\\\/exaudi.org\\\/#website\",\"url\":\"https:\\\/\\\/exaudi.org\\\/\",\"name\":\"Exaudi\",\"description\":\"News\",\"potentialAction\":[{\"@type\":\"SearchAction\",\"target\":{\"@type\":\"EntryPoint\",\"urlTemplate\":\"https:\\\/\\\/exaudi.org\\\/?s={search_term_string}\"},\"query-input\":{\"@type\":\"PropertyValueSpecification\",\"valueRequired\":true,\"valueName\":\"search_term_string\"}}],\"inLanguage\":\"es\"},{\"@type\":\"Person\",\"@id\":\"https:\\\/\\\/exaudi.org\\\/#\\\/schema\\\/person\\\/f5fc8f063065e38742da7afe15f25df7\",\"name\":\"Exaudi Redacci\u00f3n\",\"image\":{\"@type\":\"ImageObject\",\"inLanguage\":\"es\",\"@id\":\"https:\\\/\\\/secure.gravatar.com\\\/avatar\\\/fe0f6a059fb68d9b3e11bc5850dd4899b1c7492091a3cb6dd9b01b56ad828be2?s=96&d=mm&r=g\",\"url\":\"https:\\\/\\\/secure.gravatar.com\\\/avatar\\\/fe0f6a059fb68d9b3e11bc5850dd4899b1c7492091a3cb6dd9b01b56ad828be2?s=96&d=mm&r=g\",\"contentUrl\":\"https:\\\/\\\/secure.gravatar.com\\\/avatar\\\/fe0f6a059fb68d9b3e11bc5850dd4899b1c7492091a3cb6dd9b01b56ad828be2?s=96&d=mm&r=g\",\"caption\":\"Exaudi Redacci\u00f3n\"},\"description\":\"\u00bfQu\u00e9 es Exaudi News? Exaudi News es un medio de comunicaci\u00f3n cat\u00f3lico internacional que informa, forma y transforma, diariamente en espa\u00f1ol, ingl\u00e9s e italiano. A trav\u00e9s de noticias, art\u00edculos de an\u00e1lisis y transmisiones en directo de los eventos del Papa, Exaudi busca fortalecer la unidad de los cristianos y contribuir a la evangelizaci\u00f3n del mundo, siempre guiados por la doctrina social de la Iglesia. Trabajamos para acercar la verdad y los valores cristianos a cada rinc\u00f3n del planeta. \u00a1Ay\u00fadanos a transformar el mundo con Exaudi! En Exaudi creemos que la evangelizaci\u00f3n y la informaci\u00f3n de calidad pueden cambiar vidas. Para continuar con nuestra misi\u00f3n y expandir nuestro alcance, necesitamos tu ayuda. Adem\u00e1s, buscamos personas comprometidas que deseen unirse a nuestro equipo. Con tu apoyo, lograremos llegar a m\u00e1s personas, difundir el mensaje de Cristo y reforzar la unidad de los cristianos. \u00bfTe unes a nuestra misi\u00f3n? Para m\u00e1s informaci\u00f3n sobre c\u00f3mo colaborar, visita Exaudi.org\\\/es o cont\u00e1ctanos directamente: info@exaudi.org Exaudi: Informa, forma y transforma.\",\"sameAs\":[\"https:\\\/\\\/www.facebook.com\\\/ExaudiNoticias\\\/\",\"https:\\\/\\\/www.instagram.com\\\/exaudi_noticias\\\/\",\"https:\\\/\\\/x.com\\\/Exaudi_noticias\",\"https:\\\/\\\/www.youtube.com\\\/@exaudicatholicnews\"],\"url\":\"https:\\\/\\\/exaudi.org\\\/es\\\/author\\\/redaccionexaudi\\\/\"}]}<\/script>\n<!-- \/ Yoast SEO plugin. -->","yoast_head_json":{"title":"El Papa exhorta a detener de inmediato la producci\u00f3n y el uso de minas antipersona &#8211; Exaudi","robots":{"index":"index","follow":"follow","max-snippet":"max-snippet:-1","max-image-preview":"max-image-preview:large","max-video-preview":"max-video-preview:-1"},"canonical":"https:\/\/exaudi.org\/es\/el-papa-exhorta-a-detener-de-inmediato-la-produccion-y-el-uso-de-minas-antipersona\/","og_locale":"es_ES","og_type":"article","og_title":"El Papa exhorta a detener de inmediato la producci\u00f3n y el uso de minas antipersona &#8211; Exaudi","og_description":"En un mensaje firmado por el cardenal secretario de Estado Parolin, Francisco saluda a la Conferencia de Revisi\u00f3n de la Convenci\u00f3n que proh\u00edbe las minas antipersona, que se est\u00e1 celebrando en Camboya. El Pont\u00edfice pide a los Estados que ratifiquen el tratado y denuncia los artefactos que \u00absiguen causando terribles sufrimientos a los civiles, especialmente a los ni\u00f1os\u00bb","og_url":"https:\/\/exaudi.org\/es\/el-papa-exhorta-a-detener-de-inmediato-la-produccion-y-el-uso-de-minas-antipersona\/","og_site_name":"Exaudi","article_publisher":"https:\/\/www.facebook.com\/ExaudiNews","article_author":"https:\/\/www.facebook.com\/ExaudiNoticias\/","article_published_time":"2024-11-26T13:42:13+00:00","og_image":[{"width":2560,"height":1707,"url":"https:\/\/exaudi.org\/wp-content\/uploads\/2024\/11\/robert-bye-_G8eum0SF6g-unsplash-scaled.jpg","type":"image\/jpeg"}],"author":"Exaudi Redacci\u00f3n","twitter_card":"summary_large_image","twitter_creator":"@Exaudi_noticias","twitter_site":"@Exaudi_News","twitter_misc":{"Escrito por":"Exaudi Redacci\u00f3n","Tiempo de lectura":"3 minutos"},"schema":{"@context":"https:\/\/schema.org","@graph":[{"@type":"Article","@id":"https:\/\/exaudi.org\/es\/el-papa-exhorta-a-detener-de-inmediato-la-produccion-y-el-uso-de-minas-antipersona\/#article","isPartOf":{"@id":"https:\/\/exaudi.org\/es\/el-papa-exhorta-a-detener-de-inmediato-la-produccion-y-el-uso-de-minas-antipersona\/"},"author":{"name":"Exaudi Redacci\u00f3n","@id":"https:\/\/exaudi.org\/#\/schema\/person\/f5fc8f063065e38742da7afe15f25df7"},"headline":"El Papa exhorta a detener de inmediato la producci\u00f3n y el uso de minas antipersona","datePublished":"2024-11-26T13:42:13+00:00","mainEntityOfPage":{"@id":"https:\/\/exaudi.org\/es\/el-papa-exhorta-a-detener-de-inmediato-la-produccion-y-el-uso-de-minas-antipersona\/"},"wordCount":590,"image":{"@id":"https:\/\/exaudi.org\/es\/el-papa-exhorta-a-detener-de-inmediato-la-produccion-y-el-uso-de-minas-antipersona\/#primaryimage"},"thumbnailUrl":"https:\/\/exaudi.org\/wp-content\/uploads\/2024\/11\/robert-bye-_G8eum0SF6g-unsplash-scaled.jpg","keywords":["asistencia a v\u00edctimas","Camboya","Convenci\u00f3n internacional","convenciones internacionales","Derechos Humanos","desarme","desminado","Iglesia cat\u00f3lica","minas antipersona","multilateralismo","Ni\u00f1os","ONG","papa francisco","paz mundial","paz y desarrollo","Pietro Parol\u00edn","responsabilidad compartida","seguridad humana","Siem Reap","solidaridad internacional","sufrimiento civil","tratados internacionales","v\u00edctimas de minas"],"articleSection":["Le\u00f3n XIV"],"inLanguage":"es"},{"@type":"WebPage","@id":"https:\/\/exaudi.org\/es\/el-papa-exhorta-a-detener-de-inmediato-la-produccion-y-el-uso-de-minas-antipersona\/","url":"https:\/\/exaudi.org\/es\/el-papa-exhorta-a-detener-de-inmediato-la-produccion-y-el-uso-de-minas-antipersona\/","name":"El Papa exhorta a detener de inmediato la producci\u00f3n y el uso de minas antipersona &#8211; Exaudi","isPartOf":{"@id":"https:\/\/exaudi.org\/#website"},"primaryImageOfPage":{"@id":"https:\/\/exaudi.org\/es\/el-papa-exhorta-a-detener-de-inmediato-la-produccion-y-el-uso-de-minas-antipersona\/#primaryimage"},"image":{"@id":"https:\/\/exaudi.org\/es\/el-papa-exhorta-a-detener-de-inmediato-la-produccion-y-el-uso-de-minas-antipersona\/#primaryimage"},"thumbnailUrl":"https:\/\/exaudi.org\/wp-content\/uploads\/2024\/11\/robert-bye-_G8eum0SF6g-unsplash-scaled.jpg","datePublished":"2024-11-26T13:42:13+00:00","author":{"@id":"https:\/\/exaudi.org\/#\/schema\/person\/f5fc8f063065e38742da7afe15f25df7"},"breadcrumb":{"@id":"https:\/\/exaudi.org\/es\/el-papa-exhorta-a-detener-de-inmediato-la-produccion-y-el-uso-de-minas-antipersona\/#breadcrumb"},"inLanguage":"es","potentialAction":[{"@type":"ReadAction","target":["https:\/\/exaudi.org\/es\/el-papa-exhorta-a-detener-de-inmediato-la-produccion-y-el-uso-de-minas-antipersona\/"]}]},{"@type":"ImageObject","inLanguage":"es","@id":"https:\/\/exaudi.org\/es\/el-papa-exhorta-a-detener-de-inmediato-la-produccion-y-el-uso-de-minas-antipersona\/#primaryimage","url":"https:\/\/exaudi.org\/wp-content\/uploads\/2024\/11\/robert-bye-_G8eum0SF6g-unsplash-scaled.jpg","contentUrl":"https:\/\/exaudi.org\/wp-content\/uploads\/2024\/11\/robert-bye-_G8eum0SF6g-unsplash-scaled.jpg","width":2560,"height":1707,"caption":"Foto de Robert Bye en Unsplash"},{"@type":"BreadcrumbList","@id":"https:\/\/exaudi.org\/es\/el-papa-exhorta-a-detener-de-inmediato-la-produccion-y-el-uso-de-minas-antipersona\/#breadcrumb","itemListElement":[{"@type":"ListItem","position":1,"name":"Portada","item":"https:\/\/exaudi.org\/es\/"},{"@type":"ListItem","position":2,"name":"El Papa exhorta a detener de inmediato la producci\u00f3n y el uso de minas antipersona"}]},{"@type":"WebSite","@id":"https:\/\/exaudi.org\/#website","url":"https:\/\/exaudi.org\/","name":"Exaudi","description":"News","potentialAction":[{"@type":"SearchAction","target":{"@type":"EntryPoint","urlTemplate":"https:\/\/exaudi.org\/?s={search_term_string}"},"query-input":{"@type":"PropertyValueSpecification","valueRequired":true,"valueName":"search_term_string"}}],"inLanguage":"es"},{"@type":"Person","@id":"https:\/\/exaudi.org\/#\/schema\/person\/f5fc8f063065e38742da7afe15f25df7","name":"Exaudi Redacci\u00f3n","image":{"@type":"ImageObject","inLanguage":"es","@id":"https:\/\/secure.gravatar.com\/avatar\/fe0f6a059fb68d9b3e11bc5850dd4899b1c7492091a3cb6dd9b01b56ad828be2?s=96&d=mm&r=g","url":"https:\/\/secure.gravatar.com\/avatar\/fe0f6a059fb68d9b3e11bc5850dd4899b1c7492091a3cb6dd9b01b56ad828be2?s=96&d=mm&r=g","contentUrl":"https:\/\/secure.gravatar.com\/avatar\/fe0f6a059fb68d9b3e11bc5850dd4899b1c7492091a3cb6dd9b01b56ad828be2?s=96&d=mm&r=g","caption":"Exaudi Redacci\u00f3n"},"description":"\u00bfQu\u00e9 es Exaudi News? Exaudi News es un medio de comunicaci\u00f3n cat\u00f3lico internacional que informa, forma y transforma, diariamente en espa\u00f1ol, ingl\u00e9s e italiano. A trav\u00e9s de noticias, art\u00edculos de an\u00e1lisis y transmisiones en directo de los eventos del Papa, Exaudi busca fortalecer la unidad de los cristianos y contribuir a la evangelizaci\u00f3n del mundo, siempre guiados por la doctrina social de la Iglesia. Trabajamos para acercar la verdad y los valores cristianos a cada rinc\u00f3n del planeta. \u00a1Ay\u00fadanos a transformar el mundo con Exaudi! En Exaudi creemos que la evangelizaci\u00f3n y la informaci\u00f3n de calidad pueden cambiar vidas. Para continuar con nuestra misi\u00f3n y expandir nuestro alcance, necesitamos tu ayuda. Adem\u00e1s, buscamos personas comprometidas que deseen unirse a nuestro equipo. Con tu apoyo, lograremos llegar a m\u00e1s personas, difundir el mensaje de Cristo y reforzar la unidad de los cristianos. \u00bfTe unes a nuestra misi\u00f3n? Para m\u00e1s informaci\u00f3n sobre c\u00f3mo colaborar, visita Exaudi.org\/es o cont\u00e1ctanos directamente: info@exaudi.org Exaudi: Informa, forma y transforma.","sameAs":["https:\/\/www.facebook.com\/ExaudiNoticias\/","https:\/\/www.instagram.com\/exaudi_noticias\/","https:\/\/x.com\/Exaudi_noticias","https:\/\/www.youtube.com\/@exaudicatholicnews"],"url":"https:\/\/exaudi.org\/es\/author\/redaccionexaudi\/"}]}},"jetpack_featured_media_url":"https:\/\/exaudi.org\/wp-content\/uploads\/2024\/11\/robert-bye-_G8eum0SF6g-unsplash-scaled.jpg","jetpack_shortlink":"https:\/\/wp.me\/pgKjF2-tz4","_links":{"self":[{"href":"https:\/\/exaudi.org\/es\/wp-json\/wp\/v2\/posts\/113650","targetHints":{"allow":["GET"]}}],"collection":[{"href":"https:\/\/exaudi.org\/es\/wp-json\/wp\/v2\/posts"}],"about":[{"href":"https:\/\/exaudi.org\/es\/wp-json\/wp\/v2\/types\/post"}],"author":[{"embeddable":true,"href":"https:\/\/exaudi.org\/es\/wp-json\/wp\/v2\/users\/15"}],"replies":[{"embeddable":true,"href":"https:\/\/exaudi.org\/es\/wp-json\/wp\/v2\/comments?post=113650"}],"version-history":[{"count":0,"href":"https:\/\/exaudi.org\/es\/wp-json\/wp\/v2\/posts\/113650\/revisions"}],"wp:featuredmedia":[{"embeddable":true,"href":"https:\/\/exaudi.org\/es\/wp-json\/wp\/v2\/media\/113651"}],"wp:attachment":[{"href":"https:\/\/exaudi.org\/es\/wp-json\/wp\/v2\/media?parent=113650"}],"wp:term":[{"taxonomy":"category","embeddable":true,"href":"https:\/\/exaudi.org\/es\/wp-json\/wp\/v2\/categories?post=113650"},{"taxonomy":"post_tag","embeddable":true,"href":"https:\/\/exaudi.org\/es\/wp-json\/wp\/v2\/tags?post=113650"}],"curies":[{"name":"wp","href":"https:\/\/api.w.org\/{rel}","templated":true}]}}