{"id":113509,"date":"2024-11-26T08:00:12","date_gmt":"2024-11-26T07:00:12","guid":{"rendered":"https:\/\/exaudi.org\/?p=113509"},"modified":"2024-11-27T14:05:04","modified_gmt":"2024-11-27T13:05:04","slug":"26-de-noviembre-adviento","status":"publish","type":"post","link":"https:\/\/exaudi.org\/es\/26-de-noviembre-adviento\/","title":{"rendered":"26 de noviembre, preparaci\u00f3n para el adviento"},"content":{"rendered":"<h3><strong>Reflexi\u00f3n del Evangelio<\/strong><\/h3>\n<p>En el Evangelio de hoy, Lucas 21:1-4, Jes\u00fas nos presenta el ejemplo de la viuda pobre que ofrenda dos peque\u00f1as monedas, todo lo que ten\u00eda para vivir. Jes\u00fas destaca su generosidad y confianza en Dios, subrayando que su ofrenda tiene un valor inmenso a los ojos de Dios, m\u00e1s que las grandes sumas de los ricos.<\/p>\n<p><iframe title=\"Spotify Embed: 26 de noviembre, Adviento\" style=\"border-radius: 12px\" width=\"100%\" height=\"152\" frameborder=\"0\" allowfullscreen allow=\"autoplay; clipboard-write; encrypted-media; fullscreen; picture-in-picture\" loading=\"lazy\" src=\"https:\/\/open.spotify.com\/embed\/episode\/0Y5JGcMf4PXIRp2reF7kCg?si=1afb666a3a87416f&#038;utm_source=oembed\"><\/iframe><\/p>\n<h3><strong>Prop\u00f3sito para el d\u00eda<\/strong><\/h3>\n<p>Hoy, revisa tu actitud hacia la generosidad y la caridad. \u00bfDas de lo que te sobra o de lo que necesitas? Dedica tiempo y recursos para ayudar a alguien en necesidad. Puede ser una donaci\u00f3n a una organizaci\u00f3n ben\u00e9fica o simplemente ayudar a un vecino o amigo.<\/p>\n<h3><strong>C\u00f3mo vivir la Navidad en familia<\/strong><\/h3>\n<p>Hablen en familia sobre la importancia de la generosidad y piensen en c\u00f3mo pueden ayudar a los dem\u00e1s durante esta temporada. Pueden organizar una colecta de alimentos o ropa para los m\u00e1s necesitados o planear una visita a una residencia de ancianos para compartir un momento de alegr\u00eda.<\/p>\n<h3><strong>Oraci\u00f3n para el d\u00eda<\/strong><\/h3>\n<p>\u00abSe\u00f1or Jes\u00fas, dame un coraz\u00f3n generoso como el de la viuda del Evangelio. Ay\u00fadame a confiar en tu providencia y a dar con alegr\u00eda y amor. Bendice a mi familia y perm\u00edtenos ser instrumentos de tu amor para los dem\u00e1s en este Adviento. Am\u00e9n.\u00bb<\/p>\n<p><a href=\"https:\/\/exaudi.org\/es\/25-de-noviembre\/\" target=\"_blank\" rel=\"noopener\"><img loading=\"lazy\" decoding=\"async\" class=\"size-full wp-image-113686 alignnone\" src=\"https:\/\/exaudi.org\/wp-content\/uploads\/2024\/11\/Mar-Dorrio-Adviento-ES-Banner-03-1400x222-1.jpg\" alt=\"\" width=\"1400\" height=\"222\" srcset=\"https:\/\/exaudi.org\/wp-content\/uploads\/2024\/11\/Mar-Dorrio-Adviento-ES-Banner-03-1400x222-1.jpg 1400w, https:\/\/exaudi.org\/wp-content\/uploads\/2024\/11\/Mar-Dorrio-Adviento-ES-Banner-03-1400x222-1-300x48.jpg 300w, https:\/\/exaudi.org\/wp-content\/uploads\/2024\/11\/Mar-Dorrio-Adviento-ES-Banner-03-1400x222-1-1024x162.jpg 1024w, https:\/\/exaudi.org\/wp-content\/uploads\/2024\/11\/Mar-Dorrio-Adviento-ES-Banner-03-1400x222-1-770x122.jpg 770w, https:\/\/exaudi.org\/wp-content\/uploads\/2024\/11\/Mar-Dorrio-Adviento-ES-Banner-03-1400x222-1-500x79.jpg 500w, https:\/\/exaudi.org\/wp-content\/uploads\/2024\/11\/Mar-Dorrio-Adviento-ES-Banner-03-1400x222-1-293x46.jpg 293w, https:\/\/exaudi.org\/wp-content\/uploads\/2024\/11\/Mar-Dorrio-Adviento-ES-Banner-03-1400x222-1-390x62.jpg 390w\" sizes=\"auto, (max-width: 1400px) 100vw, 1400px\" \/><\/a><\/p>\n","protected":false},"excerpt":{"rendered":"<p>Reflexiones Diarias<\/p>\n","protected":false},"author":15,"featured_media":113501,"comment_status":"closed","ping_status":"closed","sticky":false,"template":"","format":"standard","meta":{"_acf_changed":false,"_crdt_document":"","inline_featured_image":false,"footnotes":""},"categories":[74],"tags":[33796,5024,32623,31773,4610,1442,1372,7976,33798,32678,676,33800,22646,33797,726,33801,4953,33799],"class_list":["post-113509","post","type-post","status-publish","format-standard","has-post-thumbnail","hentry","category-iglesia-y-mundo","tag-26-de-noviembre","tag-adviento","tag-adviento-2024","tag-ayuda-a-los-necesitados","tag-caridad","tag-confianza-en-dios","tag-evangelio","tag-generosidad","tag-lucas-211-4","tag-navidad-en-familia","tag-oracion","tag-proposito-del-dia","tag-reflexion-catolica","tag-reflexiones-diarias","tag-solidaridad","tag-temporada-navidena","tag-trending-es","tag-viuda-pobre"],"acf":[],"yoast_head":"<!-- This site is optimized with the Yoast SEO plugin v27.5 - https:\/\/yoast.com\/product\/yoast-seo-wordpress\/ -->\n<title>26 de noviembre, preparaci\u00f3n para el adviento &#8211; Exaudi<\/title>\n<meta name=\"robots\" content=\"index, follow, max-snippet:-1, max-image-preview:large, max-video-preview:-1\" \/>\n<link rel=\"canonical\" href=\"https:\/\/exaudi.org\/es\/26-de-noviembre-adviento\/\" \/>\n<meta property=\"og:locale\" content=\"es_ES\" \/>\n<meta property=\"og:type\" content=\"article\" \/>\n<meta property=\"og:title\" content=\"26 de noviembre, preparaci\u00f3n para el adviento &#8211; Exaudi\" \/>\n<meta property=\"og:description\" content=\"Reflexiones Diarias\" \/>\n<meta property=\"og:url\" content=\"https:\/\/exaudi.org\/es\/26-de-noviembre-adviento\/\" \/>\n<meta property=\"og:site_name\" content=\"Exaudi\" \/>\n<meta property=\"article:publisher\" content=\"https:\/\/www.facebook.com\/ExaudiNews\" \/>\n<meta property=\"article:author\" content=\"https:\/\/www.facebook.com\/ExaudiNoticias\/\" \/>\n<meta property=\"article:published_time\" content=\"2024-11-26T07:00:12+00:00\" \/>\n<meta property=\"article:modified_time\" content=\"2024-11-27T13:05:04+00:00\" \/>\n<meta property=\"og:image\" content=\"https:\/\/exaudi.org\/wp-content\/uploads\/2024\/11\/Diseno-sin-titulo-1.jpg\" \/>\n\t<meta property=\"og:image:width\" content=\"1280\" \/>\n\t<meta property=\"og:image:height\" content=\"720\" \/>\n\t<meta property=\"og:image:type\" content=\"image\/jpeg\" \/>\n<meta name=\"author\" content=\"Exaudi Redacci\u00f3n\" \/>\n<meta name=\"twitter:card\" content=\"summary_large_image\" \/>\n<meta name=\"twitter:creator\" content=\"@Exaudi_noticias\" \/>\n<meta name=\"twitter:site\" content=\"@Exaudi_News\" \/>\n<meta name=\"twitter:label1\" content=\"Escrito por\" \/>\n\t<meta name=\"twitter:data1\" content=\"Exaudi Redacci\u00f3n\" \/>\n\t<meta name=\"twitter:label2\" content=\"Tiempo de lectura\" \/>\n\t<meta name=\"twitter:data2\" content=\"1 minuto\" \/>\n<script type=\"application\/ld+json\" class=\"yoast-schema-graph\">{\"@context\":\"https:\\\/\\\/schema.org\",\"@graph\":[{\"@type\":\"Article\",\"@id\":\"https:\\\/\\\/exaudi.org\\\/es\\\/26-de-noviembre-adviento\\\/#article\",\"isPartOf\":{\"@id\":\"https:\\\/\\\/exaudi.org\\\/es\\\/26-de-noviembre-adviento\\\/\"},\"author\":{\"name\":\"Exaudi Redacci\u00f3n\",\"@id\":\"https:\\\/\\\/exaudi.org\\\/#\\\/schema\\\/person\\\/f5fc8f063065e38742da7afe15f25df7\"},\"headline\":\"26 de noviembre, preparaci\u00f3n para el adviento\",\"datePublished\":\"2024-11-26T07:00:12+00:00\",\"dateModified\":\"2024-11-27T13:05:04+00:00\",\"mainEntityOfPage\":{\"@id\":\"https:\\\/\\\/exaudi.org\\\/es\\\/26-de-noviembre-adviento\\\/\"},\"wordCount\":260,\"image\":{\"@id\":\"https:\\\/\\\/exaudi.org\\\/es\\\/26-de-noviembre-adviento\\\/#primaryimage\"},\"thumbnailUrl\":\"https:\\\/\\\/exaudi.org\\\/wp-content\\\/uploads\\\/2024\\\/11\\\/Diseno-sin-titulo-1.jpg\",\"keywords\":[\"26 de noviembre\",\"Adviento\",\"adviento 2024\",\"ayuda a los necesitados\",\"caridad\",\"Confianza en Dios\",\"Evangelio\",\"Generosidad\",\"Lucas 21:1-4\",\"Navidad en familia\",\"Oraci\u00f3n\",\"prop\u00f3sito del d\u00eda\",\"reflexi\u00f3n cat\u00f3lica\",\"Reflexiones Diarias\",\"solidaridad\",\"temporada navide\u00f1a\",\"Trending\",\"viuda pobre\"],\"articleSection\":[\"Iglesia y Mundo\"],\"inLanguage\":\"es\"},{\"@type\":\"WebPage\",\"@id\":\"https:\\\/\\\/exaudi.org\\\/es\\\/26-de-noviembre-adviento\\\/\",\"url\":\"https:\\\/\\\/exaudi.org\\\/es\\\/26-de-noviembre-adviento\\\/\",\"name\":\"26 de noviembre, preparaci\u00f3n para el adviento &#8211; Exaudi\",\"isPartOf\":{\"@id\":\"https:\\\/\\\/exaudi.org\\\/#website\"},\"primaryImageOfPage\":{\"@id\":\"https:\\\/\\\/exaudi.org\\\/es\\\/26-de-noviembre-adviento\\\/#primaryimage\"},\"image\":{\"@id\":\"https:\\\/\\\/exaudi.org\\\/es\\\/26-de-noviembre-adviento\\\/#primaryimage\"},\"thumbnailUrl\":\"https:\\\/\\\/exaudi.org\\\/wp-content\\\/uploads\\\/2024\\\/11\\\/Diseno-sin-titulo-1.jpg\",\"datePublished\":\"2024-11-26T07:00:12+00:00\",\"dateModified\":\"2024-11-27T13:05:04+00:00\",\"author\":{\"@id\":\"https:\\\/\\\/exaudi.org\\\/#\\\/schema\\\/person\\\/f5fc8f063065e38742da7afe15f25df7\"},\"breadcrumb\":{\"@id\":\"https:\\\/\\\/exaudi.org\\\/es\\\/26-de-noviembre-adviento\\\/#breadcrumb\"},\"inLanguage\":\"es\",\"potentialAction\":[{\"@type\":\"ReadAction\",\"target\":[\"https:\\\/\\\/exaudi.org\\\/es\\\/26-de-noviembre-adviento\\\/\"]}]},{\"@type\":\"ImageObject\",\"inLanguage\":\"es\",\"@id\":\"https:\\\/\\\/exaudi.org\\\/es\\\/26-de-noviembre-adviento\\\/#primaryimage\",\"url\":\"https:\\\/\\\/exaudi.org\\\/wp-content\\\/uploads\\\/2024\\\/11\\\/Diseno-sin-titulo-1.jpg\",\"contentUrl\":\"https:\\\/\\\/exaudi.org\\\/wp-content\\\/uploads\\\/2024\\\/11\\\/Diseno-sin-titulo-1.jpg\",\"width\":1280,\"height\":720},{\"@type\":\"BreadcrumbList\",\"@id\":\"https:\\\/\\\/exaudi.org\\\/es\\\/26-de-noviembre-adviento\\\/#breadcrumb\",\"itemListElement\":[{\"@type\":\"ListItem\",\"position\":1,\"name\":\"Portada\",\"item\":\"https:\\\/\\\/exaudi.org\\\/es\\\/\"},{\"@type\":\"ListItem\",\"position\":2,\"name\":\"26 de noviembre, preparaci\u00f3n para el adviento\"}]},{\"@type\":\"WebSite\",\"@id\":\"https:\\\/\\\/exaudi.org\\\/#website\",\"url\":\"https:\\\/\\\/exaudi.org\\\/\",\"name\":\"Exaudi\",\"description\":\"News\",\"potentialAction\":[{\"@type\":\"SearchAction\",\"target\":{\"@type\":\"EntryPoint\",\"urlTemplate\":\"https:\\\/\\\/exaudi.org\\\/?s={search_term_string}\"},\"query-input\":{\"@type\":\"PropertyValueSpecification\",\"valueRequired\":true,\"valueName\":\"search_term_string\"}}],\"inLanguage\":\"es\"},{\"@type\":\"Person\",\"@id\":\"https:\\\/\\\/exaudi.org\\\/#\\\/schema\\\/person\\\/f5fc8f063065e38742da7afe15f25df7\",\"name\":\"Exaudi Redacci\u00f3n\",\"image\":{\"@type\":\"ImageObject\",\"inLanguage\":\"es\",\"@id\":\"https:\\\/\\\/secure.gravatar.com\\\/avatar\\\/fe0f6a059fb68d9b3e11bc5850dd4899b1c7492091a3cb6dd9b01b56ad828be2?s=96&d=mm&r=g\",\"url\":\"https:\\\/\\\/secure.gravatar.com\\\/avatar\\\/fe0f6a059fb68d9b3e11bc5850dd4899b1c7492091a3cb6dd9b01b56ad828be2?s=96&d=mm&r=g\",\"contentUrl\":\"https:\\\/\\\/secure.gravatar.com\\\/avatar\\\/fe0f6a059fb68d9b3e11bc5850dd4899b1c7492091a3cb6dd9b01b56ad828be2?s=96&d=mm&r=g\",\"caption\":\"Exaudi Redacci\u00f3n\"},\"description\":\"\u00bfQu\u00e9 es Exaudi News? Exaudi News es un medio de comunicaci\u00f3n cat\u00f3lico internacional que informa, forma y transforma, diariamente en espa\u00f1ol, ingl\u00e9s e italiano. A trav\u00e9s de noticias, art\u00edculos de an\u00e1lisis y transmisiones en directo de los eventos del Papa, Exaudi busca fortalecer la unidad de los cristianos y contribuir a la evangelizaci\u00f3n del mundo, siempre guiados por la doctrina social de la Iglesia. Trabajamos para acercar la verdad y los valores cristianos a cada rinc\u00f3n del planeta. \u00a1Ay\u00fadanos a transformar el mundo con Exaudi! En Exaudi creemos que la evangelizaci\u00f3n y la informaci\u00f3n de calidad pueden cambiar vidas. Para continuar con nuestra misi\u00f3n y expandir nuestro alcance, necesitamos tu ayuda. Adem\u00e1s, buscamos personas comprometidas que deseen unirse a nuestro equipo. Con tu apoyo, lograremos llegar a m\u00e1s personas, difundir el mensaje de Cristo y reforzar la unidad de los cristianos. \u00bfTe unes a nuestra misi\u00f3n? Para m\u00e1s informaci\u00f3n sobre c\u00f3mo colaborar, visita Exaudi.org\\\/es o cont\u00e1ctanos directamente: info@exaudi.org Exaudi: Informa, forma y transforma.\",\"sameAs\":[\"https:\\\/\\\/www.facebook.com\\\/ExaudiNoticias\\\/\",\"https:\\\/\\\/www.instagram.com\\\/exaudi_noticias\\\/\",\"https:\\\/\\\/x.com\\\/Exaudi_noticias\",\"https:\\\/\\\/www.youtube.com\\\/@exaudicatholicnews\"],\"url\":\"https:\\\/\\\/exaudi.org\\\/es\\\/author\\\/redaccionexaudi\\\/\"}]}<\/script>\n<!-- \/ Yoast SEO plugin. -->","yoast_head_json":{"title":"26 de noviembre, preparaci\u00f3n para el adviento &#8211; Exaudi","robots":{"index":"index","follow":"follow","max-snippet":"max-snippet:-1","max-image-preview":"max-image-preview:large","max-video-preview":"max-video-preview:-1"},"canonical":"https:\/\/exaudi.org\/es\/26-de-noviembre-adviento\/","og_locale":"es_ES","og_type":"article","og_title":"26 de noviembre, preparaci\u00f3n para el adviento &#8211; Exaudi","og_description":"Reflexiones Diarias","og_url":"https:\/\/exaudi.org\/es\/26-de-noviembre-adviento\/","og_site_name":"Exaudi","article_publisher":"https:\/\/www.facebook.com\/ExaudiNews","article_author":"https:\/\/www.facebook.com\/ExaudiNoticias\/","article_published_time":"2024-11-26T07:00:12+00:00","article_modified_time":"2024-11-27T13:05:04+00:00","og_image":[{"width":1280,"height":720,"url":"https:\/\/exaudi.org\/wp-content\/uploads\/2024\/11\/Diseno-sin-titulo-1.jpg","type":"image\/jpeg"}],"author":"Exaudi Redacci\u00f3n","twitter_card":"summary_large_image","twitter_creator":"@Exaudi_noticias","twitter_site":"@Exaudi_News","twitter_misc":{"Escrito por":"Exaudi Redacci\u00f3n","Tiempo de lectura":"1 minuto"},"schema":{"@context":"https:\/\/schema.org","@graph":[{"@type":"Article","@id":"https:\/\/exaudi.org\/es\/26-de-noviembre-adviento\/#article","isPartOf":{"@id":"https:\/\/exaudi.org\/es\/26-de-noviembre-adviento\/"},"author":{"name":"Exaudi Redacci\u00f3n","@id":"https:\/\/exaudi.org\/#\/schema\/person\/f5fc8f063065e38742da7afe15f25df7"},"headline":"26 de noviembre, preparaci\u00f3n para el adviento","datePublished":"2024-11-26T07:00:12+00:00","dateModified":"2024-11-27T13:05:04+00:00","mainEntityOfPage":{"@id":"https:\/\/exaudi.org\/es\/26-de-noviembre-adviento\/"},"wordCount":260,"image":{"@id":"https:\/\/exaudi.org\/es\/26-de-noviembre-adviento\/#primaryimage"},"thumbnailUrl":"https:\/\/exaudi.org\/wp-content\/uploads\/2024\/11\/Diseno-sin-titulo-1.jpg","keywords":["26 de noviembre","Adviento","adviento 2024","ayuda a los necesitados","caridad","Confianza en Dios","Evangelio","Generosidad","Lucas 21:1-4","Navidad en familia","Oraci\u00f3n","prop\u00f3sito del d\u00eda","reflexi\u00f3n cat\u00f3lica","Reflexiones Diarias","solidaridad","temporada navide\u00f1a","Trending","viuda pobre"],"articleSection":["Iglesia y Mundo"],"inLanguage":"es"},{"@type":"WebPage","@id":"https:\/\/exaudi.org\/es\/26-de-noviembre-adviento\/","url":"https:\/\/exaudi.org\/es\/26-de-noviembre-adviento\/","name":"26 de noviembre, preparaci\u00f3n para el adviento &#8211; Exaudi","isPartOf":{"@id":"https:\/\/exaudi.org\/#website"},"primaryImageOfPage":{"@id":"https:\/\/exaudi.org\/es\/26-de-noviembre-adviento\/#primaryimage"},"image":{"@id":"https:\/\/exaudi.org\/es\/26-de-noviembre-adviento\/#primaryimage"},"thumbnailUrl":"https:\/\/exaudi.org\/wp-content\/uploads\/2024\/11\/Diseno-sin-titulo-1.jpg","datePublished":"2024-11-26T07:00:12+00:00","dateModified":"2024-11-27T13:05:04+00:00","author":{"@id":"https:\/\/exaudi.org\/#\/schema\/person\/f5fc8f063065e38742da7afe15f25df7"},"breadcrumb":{"@id":"https:\/\/exaudi.org\/es\/26-de-noviembre-adviento\/#breadcrumb"},"inLanguage":"es","potentialAction":[{"@type":"ReadAction","target":["https:\/\/exaudi.org\/es\/26-de-noviembre-adviento\/"]}]},{"@type":"ImageObject","inLanguage":"es","@id":"https:\/\/exaudi.org\/es\/26-de-noviembre-adviento\/#primaryimage","url":"https:\/\/exaudi.org\/wp-content\/uploads\/2024\/11\/Diseno-sin-titulo-1.jpg","contentUrl":"https:\/\/exaudi.org\/wp-content\/uploads\/2024\/11\/Diseno-sin-titulo-1.jpg","width":1280,"height":720},{"@type":"BreadcrumbList","@id":"https:\/\/exaudi.org\/es\/26-de-noviembre-adviento\/#breadcrumb","itemListElement":[{"@type":"ListItem","position":1,"name":"Portada","item":"https:\/\/exaudi.org\/es\/"},{"@type":"ListItem","position":2,"name":"26 de noviembre, preparaci\u00f3n para el adviento"}]},{"@type":"WebSite","@id":"https:\/\/exaudi.org\/#website","url":"https:\/\/exaudi.org\/","name":"Exaudi","description":"News","potentialAction":[{"@type":"SearchAction","target":{"@type":"EntryPoint","urlTemplate":"https:\/\/exaudi.org\/?s={search_term_string}"},"query-input":{"@type":"PropertyValueSpecification","valueRequired":true,"valueName":"search_term_string"}}],"inLanguage":"es"},{"@type":"Person","@id":"https:\/\/exaudi.org\/#\/schema\/person\/f5fc8f063065e38742da7afe15f25df7","name":"Exaudi Redacci\u00f3n","image":{"@type":"ImageObject","inLanguage":"es","@id":"https:\/\/secure.gravatar.com\/avatar\/fe0f6a059fb68d9b3e11bc5850dd4899b1c7492091a3cb6dd9b01b56ad828be2?s=96&d=mm&r=g","url":"https:\/\/secure.gravatar.com\/avatar\/fe0f6a059fb68d9b3e11bc5850dd4899b1c7492091a3cb6dd9b01b56ad828be2?s=96&d=mm&r=g","contentUrl":"https:\/\/secure.gravatar.com\/avatar\/fe0f6a059fb68d9b3e11bc5850dd4899b1c7492091a3cb6dd9b01b56ad828be2?s=96&d=mm&r=g","caption":"Exaudi Redacci\u00f3n"},"description":"\u00bfQu\u00e9 es Exaudi News? Exaudi News es un medio de comunicaci\u00f3n cat\u00f3lico internacional que informa, forma y transforma, diariamente en espa\u00f1ol, ingl\u00e9s e italiano. A trav\u00e9s de noticias, art\u00edculos de an\u00e1lisis y transmisiones en directo de los eventos del Papa, Exaudi busca fortalecer la unidad de los cristianos y contribuir a la evangelizaci\u00f3n del mundo, siempre guiados por la doctrina social de la Iglesia. Trabajamos para acercar la verdad y los valores cristianos a cada rinc\u00f3n del planeta. \u00a1Ay\u00fadanos a transformar el mundo con Exaudi! En Exaudi creemos que la evangelizaci\u00f3n y la informaci\u00f3n de calidad pueden cambiar vidas. Para continuar con nuestra misi\u00f3n y expandir nuestro alcance, necesitamos tu ayuda. Adem\u00e1s, buscamos personas comprometidas que deseen unirse a nuestro equipo. Con tu apoyo, lograremos llegar a m\u00e1s personas, difundir el mensaje de Cristo y reforzar la unidad de los cristianos. \u00bfTe unes a nuestra misi\u00f3n? Para m\u00e1s informaci\u00f3n sobre c\u00f3mo colaborar, visita Exaudi.org\/es o cont\u00e1ctanos directamente: info@exaudi.org Exaudi: Informa, forma y transforma.","sameAs":["https:\/\/www.facebook.com\/ExaudiNoticias\/","https:\/\/www.instagram.com\/exaudi_noticias\/","https:\/\/x.com\/Exaudi_noticias","https:\/\/www.youtube.com\/@exaudicatholicnews"],"url":"https:\/\/exaudi.org\/es\/author\/redaccionexaudi\/"}]}},"jetpack_featured_media_url":"https:\/\/exaudi.org\/wp-content\/uploads\/2024\/11\/Diseno-sin-titulo-1.jpg","jetpack_shortlink":"https:\/\/wp.me\/pgKjF2-twN","_links":{"self":[{"href":"https:\/\/exaudi.org\/es\/wp-json\/wp\/v2\/posts\/113509","targetHints":{"allow":["GET"]}}],"collection":[{"href":"https:\/\/exaudi.org\/es\/wp-json\/wp\/v2\/posts"}],"about":[{"href":"https:\/\/exaudi.org\/es\/wp-json\/wp\/v2\/types\/post"}],"author":[{"embeddable":true,"href":"https:\/\/exaudi.org\/es\/wp-json\/wp\/v2\/users\/15"}],"replies":[{"embeddable":true,"href":"https:\/\/exaudi.org\/es\/wp-json\/wp\/v2\/comments?post=113509"}],"version-history":[{"count":0,"href":"https:\/\/exaudi.org\/es\/wp-json\/wp\/v2\/posts\/113509\/revisions"}],"wp:featuredmedia":[{"embeddable":true,"href":"https:\/\/exaudi.org\/es\/wp-json\/wp\/v2\/media\/113501"}],"wp:attachment":[{"href":"https:\/\/exaudi.org\/es\/wp-json\/wp\/v2\/media?parent=113509"}],"wp:term":[{"taxonomy":"category","embeddable":true,"href":"https:\/\/exaudi.org\/es\/wp-json\/wp\/v2\/categories?post=113509"},{"taxonomy":"post_tag","embeddable":true,"href":"https:\/\/exaudi.org\/es\/wp-json\/wp\/v2\/tags?post=113509"}],"curies":[{"name":"wp","href":"https:\/\/api.w.org\/{rel}","templated":true}]}}