{"id":11331,"date":"2021-04-13T12:30:13","date_gmt":"2021-04-13T10:30:13","guid":{"rendered":"https:\/\/exaudi.org\/?p=11331"},"modified":"2021-04-20T11:19:59","modified_gmt":"2021-04-20T09:19:59","slug":"haiti-secuestro-de-siete-religiosos","status":"publish","type":"post","link":"https:\/\/exaudi.org\/es\/haiti-secuestro-de-siete-religiosos\/","title":{"rendered":"Hait\u00ed: Secuestro de 7 religiosos"},"content":{"rendered":"<p>A trav\u00e9s de un portavoz, la Conferencia de Obispos de Hait\u00ed inform\u00f3 del secuestro de siete religiosos en la localidad de Croix-des-Bouquets, en Puerto Pr\u00edncipe, capital haitiana. En total han sido cinco sacerdotes y dos religiosas, junto a los cuales hab\u00eda tres laicos, todos ellos celebrando la <a href=\"https:\/\/exaudi.org\/es\/misa-divina-misericordia-homilia-del-papa\/\" target=\"_blank\" rel=\"noopener noreferrer\">Fiesta del Domingo de la Divina Misericordia<\/a> con el nuevo p\u00e1rroco de la zona.<\/p>\n<p>Tal y como indica el <a href=\"https:\/\/prensacelam.org\/\" target=\"_blank\" rel=\"noopener noreferrer\">Consejo Episcopal Latinoamericano (CELAM)<\/a> en una nota del 12 de abril de 2021, medios internacionales han explicado que los secuestradores pertenec\u00edan a las bandas criminales que operan en la capital, apodada\u00a0<em>400 Mowozo<\/em>. La petici\u00f3n de rescate asciende a un mill\u00f3n de d\u00f3lares.<\/p>\n<h4><strong>V\u00edctimas<\/strong><\/h4>\n<p>El padre Gilbert Peltrop, secretario general de la Conferencia de Religiosos de Hait\u00ed (CRH), revel\u00f3 los nombres de las diez personas secuestradas. Los siete religiosos son los sacerdotes Evens Joseph, Michel Briand (ambos de nacionalidad francesa), Jean Nicaisse Milien, Jo\u00ebl Thomas y Hugues Baptiste, y las hermanas Anne Marie Dorc\u00e9lus y Agn\u00e8s Bordeau (tambi\u00e9n francesa).<\/p>\n<p>Adem\u00e1s les acompa\u00f1aron tres miembros de la familia del padre\u00a0 Arnel Joseph: su madre, Oxane Dorc\u00e9lus, su hermana, Lovely Joseph y su padrino, Welder Joly.<\/p>\n<h4><strong>Crisis sin control<\/strong><\/h4>\n<p>El CELAM tambi\u00e9n recuerda que recientemente el episcopado de Hait\u00ed emiti\u00f3 un comunicado como denuncia de la grave situaci\u00f3n que vive el pa\u00eds caribe\u00f1o, cuyas autoridades han perdido el control frente al aumento del n\u00famero de secuestros ocurrido en los \u00faltimos meses.<\/p>\n<p>Al mismo tiempo, la CRH y el Servicio Jesuita a Refugiados han reclamado soluciones integrales a un conflicto agudizado por la pandemia, la migraci\u00f3n forzada y la arcaica pobreza.<\/p>\n","protected":false},"excerpt":{"rendered":"<p>Mientras celebraban la Divina Misericordia<\/p>\n","protected":false},"author":6,"featured_media":11334,"comment_status":"closed","ping_status":"closed","sticky":false,"template":"","format":"standard","meta":{"_acf_changed":false,"_crdt_document":"","inline_featured_image":false,"footnotes":""},"categories":[86,298],"tags":[1617,794,1618],"class_list":["post-11331","post","type-post","status-publish","format-standard","has-post-thumbnail","hentry","category-iglesia-local","category-ultimas-noticias","tag-conferencia-de-obispos-de-haiti","tag-religiosos","tag-secuestro"],"acf":[],"yoast_head":"<!-- This site is optimized with the Yoast SEO plugin v27.5 - https:\/\/yoast.com\/product\/yoast-seo-wordpress\/ -->\n<title>Hait\u00ed: Secuestro de 7 religiosos &#8211; Exaudi<\/title>\n<meta name=\"description\" content=\"El Episcopado de Hait\u00ed inform\u00f3 del secuestro de siete religiosos en la localidad de Croix-des-Bouquets, en Puerto Pr\u00edncipe, capital haitiana.\" \/>\n<meta name=\"robots\" content=\"index, follow, max-snippet:-1, max-image-preview:large, max-video-preview:-1\" \/>\n<link rel=\"canonical\" href=\"https:\/\/exaudi.org\/es\/haiti-secuestro-de-siete-religiosos\/\" \/>\n<meta property=\"og:locale\" content=\"es_ES\" \/>\n<meta property=\"og:type\" content=\"article\" \/>\n<meta property=\"og:title\" content=\"Hait\u00ed: Secuestro de 7 religiosos &#8211; Exaudi\" \/>\n<meta property=\"og:description\" content=\"El Episcopado de Hait\u00ed inform\u00f3 del secuestro de siete religiosos en la localidad de Croix-des-Bouquets, en Puerto Pr\u00edncipe, capital haitiana.\" \/>\n<meta property=\"og:url\" content=\"https:\/\/exaudi.org\/es\/haiti-secuestro-de-siete-religiosos\/\" \/>\n<meta property=\"og:site_name\" content=\"Exaudi\" \/>\n<meta property=\"article:publisher\" content=\"https:\/\/www.facebook.com\/ExaudiNews\" \/>\n<meta property=\"article:published_time\" content=\"2021-04-13T10:30:13+00:00\" \/>\n<meta property=\"article:modified_time\" content=\"2021-04-20T09:19:59+00:00\" \/>\n<meta property=\"og:image\" content=\"https:\/\/exaudi.org\/wp-content\/uploads\/2021\/04\/haiti-religiosos-afp.jpg\" \/>\n\t<meta property=\"og:image:width\" content=\"1200\" \/>\n\t<meta property=\"og:image:height\" content=\"675\" \/>\n\t<meta property=\"og:image:type\" content=\"image\/jpeg\" \/>\n<meta name=\"author\" content=\"Gabriel Sales\" \/>\n<meta name=\"twitter:card\" content=\"summary_large_image\" \/>\n<meta name=\"twitter:creator\" content=\"@habemusman\" \/>\n<meta name=\"twitter:site\" content=\"@Exaudi_News\" \/>\n<meta name=\"twitter:label1\" content=\"Escrito por\" \/>\n\t<meta name=\"twitter:data1\" content=\"Gabriel Sales\" \/>\n\t<meta name=\"twitter:label2\" content=\"Tiempo de lectura\" \/>\n\t<meta name=\"twitter:data2\" content=\"2 minutos\" \/>\n<script type=\"application\/ld+json\" class=\"yoast-schema-graph\">{\"@context\":\"https:\\\/\\\/schema.org\",\"@graph\":[{\"@type\":\"Article\",\"@id\":\"https:\\\/\\\/exaudi.org\\\/es\\\/haiti-secuestro-de-siete-religiosos\\\/#article\",\"isPartOf\":{\"@id\":\"https:\\\/\\\/exaudi.org\\\/es\\\/haiti-secuestro-de-siete-religiosos\\\/\"},\"author\":{\"name\":\"Gabriel Sales\",\"@id\":\"https:\\\/\\\/exaudi.org\\\/#\\\/schema\\\/person\\\/d134b96438278131ce90c90c03fda6cd\"},\"headline\":\"Hait\u00ed: Secuestro de 7 religiosos\",\"datePublished\":\"2021-04-13T10:30:13+00:00\",\"dateModified\":\"2021-04-20T09:19:59+00:00\",\"mainEntityOfPage\":{\"@id\":\"https:\\\/\\\/exaudi.org\\\/es\\\/haiti-secuestro-de-siete-religiosos\\\/\"},\"wordCount\":287,\"image\":{\"@id\":\"https:\\\/\\\/exaudi.org\\\/es\\\/haiti-secuestro-de-siete-religiosos\\\/#primaryimage\"},\"thumbnailUrl\":\"https:\\\/\\\/exaudi.org\\\/wp-content\\\/uploads\\\/2021\\\/04\\\/haiti-religiosos-afp.jpg\",\"keywords\":[\"Conferencia de Obispos de Hait\u00ed\",\"Religiosos\",\"Secuestro\"],\"articleSection\":[\"Iglesia Local\",\"\u00daltimas noticias\"],\"inLanguage\":\"es\"},{\"@type\":\"WebPage\",\"@id\":\"https:\\\/\\\/exaudi.org\\\/es\\\/haiti-secuestro-de-siete-religiosos\\\/\",\"url\":\"https:\\\/\\\/exaudi.org\\\/es\\\/haiti-secuestro-de-siete-religiosos\\\/\",\"name\":\"Hait\u00ed: Secuestro de 7 religiosos &#8211; Exaudi\",\"isPartOf\":{\"@id\":\"https:\\\/\\\/exaudi.org\\\/#website\"},\"primaryImageOfPage\":{\"@id\":\"https:\\\/\\\/exaudi.org\\\/es\\\/haiti-secuestro-de-siete-religiosos\\\/#primaryimage\"},\"image\":{\"@id\":\"https:\\\/\\\/exaudi.org\\\/es\\\/haiti-secuestro-de-siete-religiosos\\\/#primaryimage\"},\"thumbnailUrl\":\"https:\\\/\\\/exaudi.org\\\/wp-content\\\/uploads\\\/2021\\\/04\\\/haiti-religiosos-afp.jpg\",\"datePublished\":\"2021-04-13T10:30:13+00:00\",\"dateModified\":\"2021-04-20T09:19:59+00:00\",\"author\":{\"@id\":\"https:\\\/\\\/exaudi.org\\\/#\\\/schema\\\/person\\\/d134b96438278131ce90c90c03fda6cd\"},\"description\":\"El Episcopado de Hait\u00ed inform\u00f3 del secuestro de siete religiosos en la localidad de Croix-des-Bouquets, en Puerto Pr\u00edncipe, capital haitiana.\",\"breadcrumb\":{\"@id\":\"https:\\\/\\\/exaudi.org\\\/es\\\/haiti-secuestro-de-siete-religiosos\\\/#breadcrumb\"},\"inLanguage\":\"es\",\"potentialAction\":[{\"@type\":\"ReadAction\",\"target\":[\"https:\\\/\\\/exaudi.org\\\/es\\\/haiti-secuestro-de-siete-religiosos\\\/\"]}]},{\"@type\":\"ImageObject\",\"inLanguage\":\"es\",\"@id\":\"https:\\\/\\\/exaudi.org\\\/es\\\/haiti-secuestro-de-siete-religiosos\\\/#primaryimage\",\"url\":\"https:\\\/\\\/exaudi.org\\\/wp-content\\\/uploads\\\/2021\\\/04\\\/haiti-religiosos-afp.jpg\",\"contentUrl\":\"https:\\\/\\\/exaudi.org\\\/wp-content\\\/uploads\\\/2021\\\/04\\\/haiti-religiosos-afp.jpg\",\"width\":1200,\"height\":675,\"caption\":\"Grupo de haitianos orando \u00a9 CELAM\"},{\"@type\":\"BreadcrumbList\",\"@id\":\"https:\\\/\\\/exaudi.org\\\/es\\\/haiti-secuestro-de-siete-religiosos\\\/#breadcrumb\",\"itemListElement\":[{\"@type\":\"ListItem\",\"position\":1,\"name\":\"Portada\",\"item\":\"https:\\\/\\\/exaudi.org\\\/es\\\/\"},{\"@type\":\"ListItem\",\"position\":2,\"name\":\"Hait\u00ed: Secuestro de 7 religiosos\"}]},{\"@type\":\"WebSite\",\"@id\":\"https:\\\/\\\/exaudi.org\\\/#website\",\"url\":\"https:\\\/\\\/exaudi.org\\\/\",\"name\":\"Exaudi\",\"description\":\"News\",\"potentialAction\":[{\"@type\":\"SearchAction\",\"target\":{\"@type\":\"EntryPoint\",\"urlTemplate\":\"https:\\\/\\\/exaudi.org\\\/?s={search_term_string}\"},\"query-input\":{\"@type\":\"PropertyValueSpecification\",\"valueRequired\":true,\"valueName\":\"search_term_string\"}}],\"inLanguage\":\"es\"},{\"@type\":\"Person\",\"@id\":\"https:\\\/\\\/exaudi.org\\\/#\\\/schema\\\/person\\\/d134b96438278131ce90c90c03fda6cd\",\"name\":\"Gabriel Sales\",\"image\":{\"@type\":\"ImageObject\",\"inLanguage\":\"es\",\"@id\":\"https:\\\/\\\/secure.gravatar.com\\\/avatar\\\/9b1269566f6a063ed26ffb3532b66a373cdde231ce5d0effb266167437fdaffd?s=96&d=mm&r=g\",\"url\":\"https:\\\/\\\/secure.gravatar.com\\\/avatar\\\/9b1269566f6a063ed26ffb3532b66a373cdde231ce5d0effb266167437fdaffd?s=96&d=mm&r=g\",\"contentUrl\":\"https:\\\/\\\/secure.gravatar.com\\\/avatar\\\/9b1269566f6a063ed26ffb3532b66a373cdde231ce5d0effb266167437fdaffd?s=96&d=mm&r=g\",\"caption\":\"Gabriel Sales\"},\"description\":\"Periodista y especialista en Comunicaci\u00f3n y Branding digital. Cin\u00e9filo y cr\u00edtico de cine y series de televisi\u00f3n.\",\"sameAs\":[\"https:\\\/\\\/www.instagram.com\\\/cine90segundos\\\/\",\"www.linkedin.com\\\/in\\\/habemusman\",\"https:\\\/\\\/x.com\\\/habemusman\",\"https:\\\/\\\/www.youtube.com\\\/channel\\\/UCVfCiOMkJ_C7T7OpyjuaLDg\"],\"url\":\"https:\\\/\\\/exaudi.org\\\/es\\\/author\\\/gsalesexaudi-org\\\/\"}]}<\/script>\n<!-- \/ Yoast SEO plugin. -->","yoast_head_json":{"title":"Hait\u00ed: Secuestro de 7 religiosos &#8211; Exaudi","description":"El Episcopado de Hait\u00ed inform\u00f3 del secuestro de siete religiosos en la localidad de Croix-des-Bouquets, en Puerto Pr\u00edncipe, capital haitiana.","robots":{"index":"index","follow":"follow","max-snippet":"max-snippet:-1","max-image-preview":"max-image-preview:large","max-video-preview":"max-video-preview:-1"},"canonical":"https:\/\/exaudi.org\/es\/haiti-secuestro-de-siete-religiosos\/","og_locale":"es_ES","og_type":"article","og_title":"Hait\u00ed: Secuestro de 7 religiosos &#8211; Exaudi","og_description":"El Episcopado de Hait\u00ed inform\u00f3 del secuestro de siete religiosos en la localidad de Croix-des-Bouquets, en Puerto Pr\u00edncipe, capital haitiana.","og_url":"https:\/\/exaudi.org\/es\/haiti-secuestro-de-siete-religiosos\/","og_site_name":"Exaudi","article_publisher":"https:\/\/www.facebook.com\/ExaudiNews","article_published_time":"2021-04-13T10:30:13+00:00","article_modified_time":"2021-04-20T09:19:59+00:00","og_image":[{"width":1200,"height":675,"url":"https:\/\/exaudi.org\/wp-content\/uploads\/2021\/04\/haiti-religiosos-afp.jpg","type":"image\/jpeg"}],"author":"Gabriel Sales","twitter_card":"summary_large_image","twitter_creator":"@habemusman","twitter_site":"@Exaudi_News","twitter_misc":{"Escrito por":"Gabriel Sales","Tiempo de lectura":"2 minutos"},"schema":{"@context":"https:\/\/schema.org","@graph":[{"@type":"Article","@id":"https:\/\/exaudi.org\/es\/haiti-secuestro-de-siete-religiosos\/#article","isPartOf":{"@id":"https:\/\/exaudi.org\/es\/haiti-secuestro-de-siete-religiosos\/"},"author":{"name":"Gabriel Sales","@id":"https:\/\/exaudi.org\/#\/schema\/person\/d134b96438278131ce90c90c03fda6cd"},"headline":"Hait\u00ed: Secuestro de 7 religiosos","datePublished":"2021-04-13T10:30:13+00:00","dateModified":"2021-04-20T09:19:59+00:00","mainEntityOfPage":{"@id":"https:\/\/exaudi.org\/es\/haiti-secuestro-de-siete-religiosos\/"},"wordCount":287,"image":{"@id":"https:\/\/exaudi.org\/es\/haiti-secuestro-de-siete-religiosos\/#primaryimage"},"thumbnailUrl":"https:\/\/exaudi.org\/wp-content\/uploads\/2021\/04\/haiti-religiosos-afp.jpg","keywords":["Conferencia de Obispos de Hait\u00ed","Religiosos","Secuestro"],"articleSection":["Iglesia Local","\u00daltimas noticias"],"inLanguage":"es"},{"@type":"WebPage","@id":"https:\/\/exaudi.org\/es\/haiti-secuestro-de-siete-religiosos\/","url":"https:\/\/exaudi.org\/es\/haiti-secuestro-de-siete-religiosos\/","name":"Hait\u00ed: Secuestro de 7 religiosos &#8211; Exaudi","isPartOf":{"@id":"https:\/\/exaudi.org\/#website"},"primaryImageOfPage":{"@id":"https:\/\/exaudi.org\/es\/haiti-secuestro-de-siete-religiosos\/#primaryimage"},"image":{"@id":"https:\/\/exaudi.org\/es\/haiti-secuestro-de-siete-religiosos\/#primaryimage"},"thumbnailUrl":"https:\/\/exaudi.org\/wp-content\/uploads\/2021\/04\/haiti-religiosos-afp.jpg","datePublished":"2021-04-13T10:30:13+00:00","dateModified":"2021-04-20T09:19:59+00:00","author":{"@id":"https:\/\/exaudi.org\/#\/schema\/person\/d134b96438278131ce90c90c03fda6cd"},"description":"El Episcopado de Hait\u00ed inform\u00f3 del secuestro de siete religiosos en la localidad de Croix-des-Bouquets, en Puerto Pr\u00edncipe, capital haitiana.","breadcrumb":{"@id":"https:\/\/exaudi.org\/es\/haiti-secuestro-de-siete-religiosos\/#breadcrumb"},"inLanguage":"es","potentialAction":[{"@type":"ReadAction","target":["https:\/\/exaudi.org\/es\/haiti-secuestro-de-siete-religiosos\/"]}]},{"@type":"ImageObject","inLanguage":"es","@id":"https:\/\/exaudi.org\/es\/haiti-secuestro-de-siete-religiosos\/#primaryimage","url":"https:\/\/exaudi.org\/wp-content\/uploads\/2021\/04\/haiti-religiosos-afp.jpg","contentUrl":"https:\/\/exaudi.org\/wp-content\/uploads\/2021\/04\/haiti-religiosos-afp.jpg","width":1200,"height":675,"caption":"Grupo de haitianos orando \u00a9 CELAM"},{"@type":"BreadcrumbList","@id":"https:\/\/exaudi.org\/es\/haiti-secuestro-de-siete-religiosos\/#breadcrumb","itemListElement":[{"@type":"ListItem","position":1,"name":"Portada","item":"https:\/\/exaudi.org\/es\/"},{"@type":"ListItem","position":2,"name":"Hait\u00ed: Secuestro de 7 religiosos"}]},{"@type":"WebSite","@id":"https:\/\/exaudi.org\/#website","url":"https:\/\/exaudi.org\/","name":"Exaudi","description":"News","potentialAction":[{"@type":"SearchAction","target":{"@type":"EntryPoint","urlTemplate":"https:\/\/exaudi.org\/?s={search_term_string}"},"query-input":{"@type":"PropertyValueSpecification","valueRequired":true,"valueName":"search_term_string"}}],"inLanguage":"es"},{"@type":"Person","@id":"https:\/\/exaudi.org\/#\/schema\/person\/d134b96438278131ce90c90c03fda6cd","name":"Gabriel Sales","image":{"@type":"ImageObject","inLanguage":"es","@id":"https:\/\/secure.gravatar.com\/avatar\/9b1269566f6a063ed26ffb3532b66a373cdde231ce5d0effb266167437fdaffd?s=96&d=mm&r=g","url":"https:\/\/secure.gravatar.com\/avatar\/9b1269566f6a063ed26ffb3532b66a373cdde231ce5d0effb266167437fdaffd?s=96&d=mm&r=g","contentUrl":"https:\/\/secure.gravatar.com\/avatar\/9b1269566f6a063ed26ffb3532b66a373cdde231ce5d0effb266167437fdaffd?s=96&d=mm&r=g","caption":"Gabriel Sales"},"description":"Periodista y especialista en Comunicaci\u00f3n y Branding digital. Cin\u00e9filo y cr\u00edtico de cine y series de televisi\u00f3n.","sameAs":["https:\/\/www.instagram.com\/cine90segundos\/","www.linkedin.com\/in\/habemusman","https:\/\/x.com\/habemusman","https:\/\/www.youtube.com\/channel\/UCVfCiOMkJ_C7T7OpyjuaLDg"],"url":"https:\/\/exaudi.org\/es\/author\/gsalesexaudi-org\/"}]}},"jetpack_featured_media_url":"https:\/\/exaudi.org\/wp-content\/uploads\/2021\/04\/haiti-religiosos-afp.jpg","jetpack_shortlink":"https:\/\/wp.me\/pgKjF2-2WL","_links":{"self":[{"href":"https:\/\/exaudi.org\/es\/wp-json\/wp\/v2\/posts\/11331","targetHints":{"allow":["GET"]}}],"collection":[{"href":"https:\/\/exaudi.org\/es\/wp-json\/wp\/v2\/posts"}],"about":[{"href":"https:\/\/exaudi.org\/es\/wp-json\/wp\/v2\/types\/post"}],"author":[{"embeddable":true,"href":"https:\/\/exaudi.org\/es\/wp-json\/wp\/v2\/users\/6"}],"replies":[{"embeddable":true,"href":"https:\/\/exaudi.org\/es\/wp-json\/wp\/v2\/comments?post=11331"}],"version-history":[{"count":0,"href":"https:\/\/exaudi.org\/es\/wp-json\/wp\/v2\/posts\/11331\/revisions"}],"wp:featuredmedia":[{"embeddable":true,"href":"https:\/\/exaudi.org\/es\/wp-json\/wp\/v2\/media\/11334"}],"wp:attachment":[{"href":"https:\/\/exaudi.org\/es\/wp-json\/wp\/v2\/media?parent=11331"}],"wp:term":[{"taxonomy":"category","embeddable":true,"href":"https:\/\/exaudi.org\/es\/wp-json\/wp\/v2\/categories?post=11331"},{"taxonomy":"post_tag","embeddable":true,"href":"https:\/\/exaudi.org\/es\/wp-json\/wp\/v2\/tags?post=11331"}],"curies":[{"name":"wp","href":"https:\/\/api.w.org\/{rel}","templated":true}]}}