{"id":112983,"date":"2024-11-14T22:39:07","date_gmt":"2024-11-14T21:39:07","guid":{"rendered":"https:\/\/exaudi.org\/?p=112983"},"modified":"2024-11-14T22:39:07","modified_gmt":"2024-11-14T21:39:07","slug":"el-encuentro-internacional-de-la-familia-vicenciana-comienza-en-roma-el-14-de-noviembre","status":"publish","type":"post","link":"https:\/\/exaudi.org\/es\/el-encuentro-internacional-de-la-familia-vicenciana-comienza-en-roma-el-14-de-noviembre\/","title":{"rendered":"El encuentro internacional de la Familia Vicenciana comienza en Roma el 14 de noviembre"},"content":{"rendered":"<p><span style=\"font-weight: 400\">La <\/span><a href=\"https:\/\/famvin.org\/es\/famvin-2024\/\" target=\"_blank\" rel=\"noopener\"><b>Familia Vicenciana<\/b><\/a><span style=\"font-weight: 400\">, que congrega a m\u00e1s de doscientas congregaciones, entidades y asociaciones en el mundo, que comparten el carisma de San Vicente de Pa\u00fal e implican a millones de personas en unos 167 pa\u00edses de todo el mundo, se prepara para vivir una cita muy importante: la Convocatoria Vicenciana 2024: \u00ab<\/span><b><i>Mantener el fuego encendido: la Sinodalidad Vicenciana en acci\u00f3n<\/i><\/b><span style=\"font-weight: 400\">\u00ab.\u00a0<\/span><\/p>\n<p><span style=\"font-weight: 400\">El encuentro internacional se realizar\u00e1 en <\/span><b>Roma, del 14 al 17 de noviembre<\/b><span style=\"font-weight: 400\">;<\/span> <span style=\"font-weight: 400\">esta ser\u00e1 la segunda vez que representantes de todo el mundo de la Familia Vicenciana se re\u00fanan, en esta ocasi\u00f3n \u00ab<\/span><b><i>para mantener el fuego encendido<\/i><\/b><span style=\"font-weight: 400\">\u00ab, como reza el lema: el primer encuentro fue en enero de 2020 en Castel Gandolfo. El lema tambi\u00e9n se refiere a la <\/span><b><i>\u00abSinodalidad Vicenciana en acci\u00f3n\u00bb<\/i><\/b><span style=\"font-weight: 400\">: significativa es la referencia a la llamada del Papa Francisco a un proceso de renovaci\u00f3n a trav\u00e9s de la sinodalidad; los tres pilares de una Iglesia sinodal, Comuni\u00f3n, Participaci\u00f3n y Misi\u00f3n, son ahora \u00ab<\/span><i><span style=\"font-weight: 400\">la forma permanente de actuar en la Iglesia, a todos los niveles<\/span><\/i><span style=\"font-weight: 400\">\u00bb (Papa Francisco, 13 de junio de 2024) y la Familia Vicenciana, cuya composici\u00f3n heterog\u00e9nea es en s\u00ed misma valiosa, en cuanto que cada miembro es portador de una concreci\u00f3n diferente del carisma vicenciano, est\u00e1 invitada a servirse de ella para orientar el discernimiento de los tiempos, es decir, para dar respuestas siempre nuevas a la pregunta \u00ab\u00bfqu\u00e9 se debe hacer?\u00bb<\/span><\/p>\n<p><span style=\"font-weight: 400\">Los participantes en la reuni\u00f3n comenzar\u00e1n a trabajar el <\/span><b>jueves 14<\/b><span style=\"font-weight: 400\"> por la tarde en el Teatro Ghione de Via delle Fornaci, 37, y entrar\u00e1n ya en el ambiente sinodal con una visi\u00f3n pr\u00e1ctica de lo que significa. A continuaci\u00f3n, <\/span><b>el Superior General de la Congregaci\u00f3n de la Misi\u00f3n, Padre Toma\u017e Mavri\u010d, C.M.<\/b><span style=\"font-weight: 400\">, pronunciar\u00e1 una conferencia sobre el tema \u00ab<\/span><i><span style=\"font-weight: 400\">El combustible que alimenta la llama<\/span><\/i><span style=\"font-weight: 400\">\u00ab.\u00a0<\/span><\/p>\n<p><span style=\"font-weight: 400\">Al d\u00eda siguiente, <\/span><b>viernes 15 de noviembre<\/b><span style=\"font-weight: 400\">, tras la Eucarist\u00eda celebrada por el Superior General, ser\u00e1 el Prefecto del Dicasterio para el Servicio del Desarrollo Humano Integral,<\/span><b> Cardenal Michael Czerny<\/b><span style=\"font-weight: 400\">, <\/span><b>S.J.<\/b><span style=\"font-weight: 400\">, quien pronuncie la reflexi\u00f3n titulada \u00ab<\/span><i><span style=\"font-weight: 400\">La llamada de los pobres<\/span><\/i><span style=\"font-weight: 400\">\u00ab. A continuaci\u00f3n, el di\u00e1logo sinodal continuar\u00e1 en peque\u00f1os grupos; las sesiones de trabajo de la tarde, que se repetir\u00e1n al d\u00eda siguiente, tendr\u00e1n lugar en \u00abCasa Tra Noi\u00bb, en via di Monte del Gallo 113.\u00a0<\/span><\/p>\n<p><b>El s\u00e1bado, 16 de noviembre<\/b><span style=\"font-weight: 400\">, el tema central ser\u00e1 \u00ab<\/span><i><span style=\"font-weight: 400\">Vivir la Caridad: los m\u00faltiples rostros del Carisma Vicenciano en el mundo<\/span><\/i><span style=\"font-weight: 400\">\u00ab, con un v\u00eddeo que describir\u00e1 la realidad de la Familia Vicenciana, y \u00ab<\/span><b><i>El A\u00f1o Jubilar y la campa\u00f1a de las 13 Casas de San Vicente<\/i><\/b><span style=\"font-weight: 400\">\u00ab. El grupo<\/span><b> Gen Verde <\/b><span style=\"font-weight: 400\">animar\u00e1 la Misa, que se celebrar\u00e1 en el Teatro Ghione.<\/span><\/p>\n<p><span style=\"font-weight: 400\">A las 20.00 horas tendr\u00e1 lugar el \u00ab<\/span><b>Concierto Ac\u00fastico ARISE &#8211; Gen Verde<\/b><span style=\"font-weight: 400\">\u00ab, de nuevo en el mismo teatro, con un animado programa que ofrecer\u00e1 una selecci\u00f3n, en versi\u00f3n ac\u00fastica, de algunas de las canciones m\u00e1s queridas de la banda, junto con algunas piezas creadas especialmente para este concierto, que abordan muchos de los temas m\u00e1s candentes de nuestra actualidad: <\/span><b>la<\/b> <b>paz, el di\u00e1logo, la unidad en la diversidad, la justicia social.<\/b><span style=\"font-weight: 400\"> Ser\u00e1 un viaje musical y espiritual durante el cual los miembros de la banda compartir\u00e1n algunos retazos de su trayectoria art\u00edstica y personal, implicando al p\u00fablico e invit\u00e1ndole a reflexionar sobre la actualidad de los temas propuestos. Una parte especial del programa preparado en colaboraci\u00f3n con los vicencianos estar\u00e1 dedicada a la celebraci\u00f3n de la clausura del encuentro. <\/span><i><span style=\"font-weight: 400\">\u00abPara nosotras es una magn\u00edfica oportunidad formar parte de esta reuni\u00f3n y poder aportar una contribuci\u00f3n especial a trav\u00e9s de nuestro concierto. Sentimos a la Familia Vicenciana como nuestra familia, donde siempre hemos experimentado un gran esp\u00edritu de acogida y donde nos sentimos valoradas y queridas. Por lo tanto, es tambi\u00e9n un regalo para nosotras poder corresponder a este amor a trav\u00e9s de nuestra m\u00fasica y cantar junto con todos los miembros de la Familia, compartiendo tambi\u00e9n las canciones inspiradas en el carisma de San Vicente de Pa\u00fal, a saber, &#8216;Walk on Holy Ground&#8217; y &#8216;Vincent&#8217;s Song (You Did It to Me)<\/span><\/i><span style=\"font-weight: 400\">&#8216;\u00bb, dice <\/span><b>Nancy Uelmen <\/b><span style=\"font-weight: 400\">(cantante, pianista y compositora, EE.UU.).\u00a0<\/span><\/p>\n<p><a href=\"https:\/\/vfhomelessalliance.org\/c13h\/13-houses-jubilee-project\/\" target=\"_blank\" rel=\"noopener\"><b>Proyecto \u00ab13 casas\u00bb para el Jubileo<\/b><\/a><\/p>\n<p><b>El domingo 17 de noviembre<\/b><span style=\"font-weight: 400\">, \u00faltimo d\u00eda del encuentro, los participantes se trasladar\u00e1n a la Plaza de San Pedro para asistir a la <\/span><b>misa de la Jornada Mundial de los Pobres, <\/b><span style=\"font-weight: 400\">celebrada por el Papa Francisco. El Santo Padre apoyar\u00e1 la nueva iniciativa de la Familia Vicenciana denominada <\/span><a href=\"https:\/\/vfhomelessalliance.org\/es\/c13c\/proyecto-13-casas-para-el-jubileo\/\" target=\"_blank\" rel=\"noopener\"><b>Proyecto \u201c13 Casas\u201d para el Jubileo<\/b><\/a><span style=\"font-weight: 400\">, un hito importante en su misi\u00f3n de apoyar a los m\u00e1s vulnerables. Lanzada <\/span><b>por la <\/b><a href=\"https:\/\/vfhomelessalliance.org\/\" target=\"_blank\" rel=\"noopener\"><b>Alianza Famvin con las Personas sin Hogar<\/b><\/a><span style=\"font-weight: 400\"> (FHA), esta iniciativa est\u00e1 en l\u00ednea con <\/span><b>la Jornada Mundial de los Pobres 2024 <\/b><span style=\"font-weight: 400\">y el <\/span><b>pr\u00f3ximo Jubileo de la Iglesia<\/b><span style=\"font-weight: 400\">. Su objetivo es movilizar a las comunidades de todo el mundo para ofrecer soluciones sostenibles de vivienda y autosuficiencia a las personas sin hogar, empezando en 13 pa\u00edses.<\/span><\/p>\n<p><img loading=\"lazy\" decoding=\"async\" class=\"size-full wp-image-112984 alignnone\" src=\"https:\/\/exaudi.org\/wp-content\/uploads\/2024\/11\/Infographic-13-Houses-Jubilee-Project-ES.jpg\" alt=\"\" width=\"4500\" height=\"21236\" \/><\/p>\n","protected":false},"excerpt":{"rendered":"<p>El tema: \u00abLa sinodalidad vicenciana en acci\u00f3n\u00bb (14 -17 de noviembre, Roma)<\/p>\n","protected":false},"author":15,"featured_media":112987,"comment_status":"closed","ping_status":"closed","sticky":false,"template":"","format":"standard","meta":{"_acf_changed":false,"_crdt_document":"","inline_featured_image":false,"footnotes":""},"categories":[74],"tags":[32302,32303,2409,32305,32308,32311,32301,32310,4881,5856,32309,158,32312,32306,1533,4269,32304,32307],"class_list":["post-112983","post","type-post","status-publish","format-standard","has-post-thumbnail","hentry","category-iglesia-y-mundo","tag-14-de-noviembre","tag-17-de-noviembre","tag-cardenal-michael-czerny","tag-carisma-vicenciano","tag-casa-tra-noi","tag-concierto-acustico-arise","tag-encuentro-internacional-de-la-familia-vicenciana","tag-gen-verde","tag-jornada-mundial-de-los-pobres","tag-jubileo-2025","tag-padre-tomaz-mavric-2","tag-papa-francisco","tag-proyecto-13-casas","tag-reunion-vicenciana","tag-roma-es","tag-san-vicente-de-paul","tag-sinodalidad-vicenciana","tag-teatro-ghione"],"acf":[],"yoast_head":"<!-- This site is optimized with the Yoast SEO plugin v27.5 - https:\/\/yoast.com\/product\/yoast-seo-wordpress\/ -->\n<title>El encuentro internacional de la Familia Vicenciana comienza en Roma el 14 de noviembre &#8211; Exaudi<\/title>\n<meta name=\"robots\" content=\"index, follow, max-snippet:-1, max-image-preview:large, max-video-preview:-1\" \/>\n<link rel=\"canonical\" href=\"https:\/\/exaudi.org\/es\/el-encuentro-internacional-de-la-familia-vicenciana-comienza-en-roma-el-14-de-noviembre\/\" \/>\n<meta property=\"og:locale\" content=\"es_ES\" \/>\n<meta property=\"og:type\" content=\"article\" \/>\n<meta property=\"og:title\" content=\"El encuentro internacional de la Familia Vicenciana comienza en Roma el 14 de noviembre &#8211; Exaudi\" \/>\n<meta property=\"og:description\" content=\"El tema: &quot;La sinodalidad vicenciana en acci\u00f3n&quot; (14 -17 de noviembre, Roma)\" \/>\n<meta property=\"og:url\" content=\"https:\/\/exaudi.org\/es\/el-encuentro-internacional-de-la-familia-vicenciana-comienza-en-roma-el-14-de-noviembre\/\" \/>\n<meta property=\"og:site_name\" content=\"Exaudi\" \/>\n<meta property=\"article:publisher\" content=\"https:\/\/www.facebook.com\/ExaudiNews\" \/>\n<meta property=\"article:author\" content=\"https:\/\/www.facebook.com\/ExaudiNoticias\/\" \/>\n<meta property=\"article:published_time\" content=\"2024-11-14T21:39:07+00:00\" \/>\n<meta property=\"og:image\" content=\"https:\/\/exaudi.org\/wp-content\/uploads\/2024\/11\/13-Houses-Jubilee-Project-Symbolic-keys-Famvin-Homeless-Alliance-6-scaled.jpg\" \/>\n\t<meta property=\"og:image:width\" content=\"2560\" \/>\n\t<meta property=\"og:image:height\" content=\"1954\" \/>\n\t<meta property=\"og:image:type\" content=\"image\/jpeg\" \/>\n<meta name=\"author\" content=\"Exaudi Redacci\u00f3n\" \/>\n<meta name=\"twitter:card\" content=\"summary_large_image\" \/>\n<meta name=\"twitter:creator\" content=\"@Exaudi_noticias\" \/>\n<meta name=\"twitter:site\" content=\"@Exaudi_News\" \/>\n<meta name=\"twitter:label1\" content=\"Escrito por\" \/>\n\t<meta name=\"twitter:data1\" content=\"Exaudi Redacci\u00f3n\" \/>\n\t<meta name=\"twitter:label2\" content=\"Tiempo de lectura\" \/>\n\t<meta name=\"twitter:data2\" content=\"4 minutos\" \/>\n<script type=\"application\/ld+json\" class=\"yoast-schema-graph\">{\"@context\":\"https:\\\/\\\/schema.org\",\"@graph\":[{\"@type\":\"Article\",\"@id\":\"https:\\\/\\\/exaudi.org\\\/es\\\/el-encuentro-internacional-de-la-familia-vicenciana-comienza-en-roma-el-14-de-noviembre\\\/#article\",\"isPartOf\":{\"@id\":\"https:\\\/\\\/exaudi.org\\\/es\\\/el-encuentro-internacional-de-la-familia-vicenciana-comienza-en-roma-el-14-de-noviembre\\\/\"},\"author\":{\"name\":\"Exaudi Redacci\u00f3n\",\"@id\":\"https:\\\/\\\/exaudi.org\\\/#\\\/schema\\\/person\\\/f5fc8f063065e38742da7afe15f25df7\"},\"headline\":\"El encuentro internacional de la Familia Vicenciana comienza en Roma el 14 de noviembre\",\"datePublished\":\"2024-11-14T21:39:07+00:00\",\"mainEntityOfPage\":{\"@id\":\"https:\\\/\\\/exaudi.org\\\/es\\\/el-encuentro-internacional-de-la-familia-vicenciana-comienza-en-roma-el-14-de-noviembre\\\/\"},\"wordCount\":867,\"image\":{\"@id\":\"https:\\\/\\\/exaudi.org\\\/es\\\/el-encuentro-internacional-de-la-familia-vicenciana-comienza-en-roma-el-14-de-noviembre\\\/#primaryimage\"},\"thumbnailUrl\":\"https:\\\/\\\/exaudi.org\\\/wp-content\\\/uploads\\\/2024\\\/11\\\/13-Houses-Jubilee-Project-Symbolic-keys-Famvin-Homeless-Alliance-6-scaled.jpg\",\"keywords\":[\"14 de noviembre\",\"17 de noviembre\",\"Cardenal Michael Czerny\",\"carisma vicenciano\",\"Casa Tra Noi\",\"Concierto Ac\u00fastico ARISE\",\"Encuentro Internacional de la Familia Vicenciana\",\"Gen Verde\",\"Jornada Mundial de los Pobres\",\"Jubileo 2025\",\"Padre Toma\u017e Mavri\u010d\",\"papa francisco\",\"Proyecto 13 Casas\",\"reuni\u00f3n vicenciana\",\"Roma\",\"San Vicente de Pa\u00fal\",\"sinodalidad vicenciana\",\"Teatro Ghione\"],\"articleSection\":[\"Iglesia y Mundo\"],\"inLanguage\":\"es\"},{\"@type\":\"WebPage\",\"@id\":\"https:\\\/\\\/exaudi.org\\\/es\\\/el-encuentro-internacional-de-la-familia-vicenciana-comienza-en-roma-el-14-de-noviembre\\\/\",\"url\":\"https:\\\/\\\/exaudi.org\\\/es\\\/el-encuentro-internacional-de-la-familia-vicenciana-comienza-en-roma-el-14-de-noviembre\\\/\",\"name\":\"El encuentro internacional de la Familia Vicenciana comienza en Roma el 14 de noviembre &#8211; Exaudi\",\"isPartOf\":{\"@id\":\"https:\\\/\\\/exaudi.org\\\/#website\"},\"primaryImageOfPage\":{\"@id\":\"https:\\\/\\\/exaudi.org\\\/es\\\/el-encuentro-internacional-de-la-familia-vicenciana-comienza-en-roma-el-14-de-noviembre\\\/#primaryimage\"},\"image\":{\"@id\":\"https:\\\/\\\/exaudi.org\\\/es\\\/el-encuentro-internacional-de-la-familia-vicenciana-comienza-en-roma-el-14-de-noviembre\\\/#primaryimage\"},\"thumbnailUrl\":\"https:\\\/\\\/exaudi.org\\\/wp-content\\\/uploads\\\/2024\\\/11\\\/13-Houses-Jubilee-Project-Symbolic-keys-Famvin-Homeless-Alliance-6-scaled.jpg\",\"datePublished\":\"2024-11-14T21:39:07+00:00\",\"author\":{\"@id\":\"https:\\\/\\\/exaudi.org\\\/#\\\/schema\\\/person\\\/f5fc8f063065e38742da7afe15f25df7\"},\"breadcrumb\":{\"@id\":\"https:\\\/\\\/exaudi.org\\\/es\\\/el-encuentro-internacional-de-la-familia-vicenciana-comienza-en-roma-el-14-de-noviembre\\\/#breadcrumb\"},\"inLanguage\":\"es\",\"potentialAction\":[{\"@type\":\"ReadAction\",\"target\":[\"https:\\\/\\\/exaudi.org\\\/es\\\/el-encuentro-internacional-de-la-familia-vicenciana-comienza-en-roma-el-14-de-noviembre\\\/\"]}]},{\"@type\":\"ImageObject\",\"inLanguage\":\"es\",\"@id\":\"https:\\\/\\\/exaudi.org\\\/es\\\/el-encuentro-internacional-de-la-familia-vicenciana-comienza-en-roma-el-14-de-noviembre\\\/#primaryimage\",\"url\":\"https:\\\/\\\/exaudi.org\\\/wp-content\\\/uploads\\\/2024\\\/11\\\/13-Houses-Jubilee-Project-Symbolic-keys-Famvin-Homeless-Alliance-6-scaled.jpg\",\"contentUrl\":\"https:\\\/\\\/exaudi.org\\\/wp-content\\\/uploads\\\/2024\\\/11\\\/13-Houses-Jubilee-Project-Symbolic-keys-Famvin-Homeless-Alliance-6-scaled.jpg\",\"width\":2560,\"height\":1954},{\"@type\":\"BreadcrumbList\",\"@id\":\"https:\\\/\\\/exaudi.org\\\/es\\\/el-encuentro-internacional-de-la-familia-vicenciana-comienza-en-roma-el-14-de-noviembre\\\/#breadcrumb\",\"itemListElement\":[{\"@type\":\"ListItem\",\"position\":1,\"name\":\"Portada\",\"item\":\"https:\\\/\\\/exaudi.org\\\/es\\\/\"},{\"@type\":\"ListItem\",\"position\":2,\"name\":\"El encuentro internacional de la Familia Vicenciana comienza en Roma el 14 de noviembre\"}]},{\"@type\":\"WebSite\",\"@id\":\"https:\\\/\\\/exaudi.org\\\/#website\",\"url\":\"https:\\\/\\\/exaudi.org\\\/\",\"name\":\"Exaudi\",\"description\":\"News\",\"potentialAction\":[{\"@type\":\"SearchAction\",\"target\":{\"@type\":\"EntryPoint\",\"urlTemplate\":\"https:\\\/\\\/exaudi.org\\\/?s={search_term_string}\"},\"query-input\":{\"@type\":\"PropertyValueSpecification\",\"valueRequired\":true,\"valueName\":\"search_term_string\"}}],\"inLanguage\":\"es\"},{\"@type\":\"Person\",\"@id\":\"https:\\\/\\\/exaudi.org\\\/#\\\/schema\\\/person\\\/f5fc8f063065e38742da7afe15f25df7\",\"name\":\"Exaudi Redacci\u00f3n\",\"image\":{\"@type\":\"ImageObject\",\"inLanguage\":\"es\",\"@id\":\"https:\\\/\\\/secure.gravatar.com\\\/avatar\\\/fe0f6a059fb68d9b3e11bc5850dd4899b1c7492091a3cb6dd9b01b56ad828be2?s=96&d=mm&r=g\",\"url\":\"https:\\\/\\\/secure.gravatar.com\\\/avatar\\\/fe0f6a059fb68d9b3e11bc5850dd4899b1c7492091a3cb6dd9b01b56ad828be2?s=96&d=mm&r=g\",\"contentUrl\":\"https:\\\/\\\/secure.gravatar.com\\\/avatar\\\/fe0f6a059fb68d9b3e11bc5850dd4899b1c7492091a3cb6dd9b01b56ad828be2?s=96&d=mm&r=g\",\"caption\":\"Exaudi Redacci\u00f3n\"},\"description\":\"\u00bfQu\u00e9 es Exaudi News? Exaudi News es un medio de comunicaci\u00f3n cat\u00f3lico internacional que informa, forma y transforma, diariamente en espa\u00f1ol, ingl\u00e9s e italiano. A trav\u00e9s de noticias, art\u00edculos de an\u00e1lisis y transmisiones en directo de los eventos del Papa, Exaudi busca fortalecer la unidad de los cristianos y contribuir a la evangelizaci\u00f3n del mundo, siempre guiados por la doctrina social de la Iglesia. Trabajamos para acercar la verdad y los valores cristianos a cada rinc\u00f3n del planeta. \u00a1Ay\u00fadanos a transformar el mundo con Exaudi! En Exaudi creemos que la evangelizaci\u00f3n y la informaci\u00f3n de calidad pueden cambiar vidas. Para continuar con nuestra misi\u00f3n y expandir nuestro alcance, necesitamos tu ayuda. Adem\u00e1s, buscamos personas comprometidas que deseen unirse a nuestro equipo. Con tu apoyo, lograremos llegar a m\u00e1s personas, difundir el mensaje de Cristo y reforzar la unidad de los cristianos. \u00bfTe unes a nuestra misi\u00f3n? Para m\u00e1s informaci\u00f3n sobre c\u00f3mo colaborar, visita Exaudi.org\\\/es o cont\u00e1ctanos directamente: info@exaudi.org Exaudi: Informa, forma y transforma.\",\"sameAs\":[\"https:\\\/\\\/www.facebook.com\\\/ExaudiNoticias\\\/\",\"https:\\\/\\\/www.instagram.com\\\/exaudi_noticias\\\/\",\"https:\\\/\\\/x.com\\\/Exaudi_noticias\",\"https:\\\/\\\/www.youtube.com\\\/@exaudicatholicnews\"],\"url\":\"https:\\\/\\\/exaudi.org\\\/es\\\/author\\\/redaccionexaudi\\\/\"}]}<\/script>\n<!-- \/ Yoast SEO plugin. -->","yoast_head_json":{"title":"El encuentro internacional de la Familia Vicenciana comienza en Roma el 14 de noviembre &#8211; Exaudi","robots":{"index":"index","follow":"follow","max-snippet":"max-snippet:-1","max-image-preview":"max-image-preview:large","max-video-preview":"max-video-preview:-1"},"canonical":"https:\/\/exaudi.org\/es\/el-encuentro-internacional-de-la-familia-vicenciana-comienza-en-roma-el-14-de-noviembre\/","og_locale":"es_ES","og_type":"article","og_title":"El encuentro internacional de la Familia Vicenciana comienza en Roma el 14 de noviembre &#8211; Exaudi","og_description":"El tema: \"La sinodalidad vicenciana en acci\u00f3n\" (14 -17 de noviembre, Roma)","og_url":"https:\/\/exaudi.org\/es\/el-encuentro-internacional-de-la-familia-vicenciana-comienza-en-roma-el-14-de-noviembre\/","og_site_name":"Exaudi","article_publisher":"https:\/\/www.facebook.com\/ExaudiNews","article_author":"https:\/\/www.facebook.com\/ExaudiNoticias\/","article_published_time":"2024-11-14T21:39:07+00:00","og_image":[{"width":2560,"height":1954,"url":"https:\/\/exaudi.org\/wp-content\/uploads\/2024\/11\/13-Houses-Jubilee-Project-Symbolic-keys-Famvin-Homeless-Alliance-6-scaled.jpg","type":"image\/jpeg"}],"author":"Exaudi Redacci\u00f3n","twitter_card":"summary_large_image","twitter_creator":"@Exaudi_noticias","twitter_site":"@Exaudi_News","twitter_misc":{"Escrito por":"Exaudi Redacci\u00f3n","Tiempo de lectura":"4 minutos"},"schema":{"@context":"https:\/\/schema.org","@graph":[{"@type":"Article","@id":"https:\/\/exaudi.org\/es\/el-encuentro-internacional-de-la-familia-vicenciana-comienza-en-roma-el-14-de-noviembre\/#article","isPartOf":{"@id":"https:\/\/exaudi.org\/es\/el-encuentro-internacional-de-la-familia-vicenciana-comienza-en-roma-el-14-de-noviembre\/"},"author":{"name":"Exaudi Redacci\u00f3n","@id":"https:\/\/exaudi.org\/#\/schema\/person\/f5fc8f063065e38742da7afe15f25df7"},"headline":"El encuentro internacional de la Familia Vicenciana comienza en Roma el 14 de noviembre","datePublished":"2024-11-14T21:39:07+00:00","mainEntityOfPage":{"@id":"https:\/\/exaudi.org\/es\/el-encuentro-internacional-de-la-familia-vicenciana-comienza-en-roma-el-14-de-noviembre\/"},"wordCount":867,"image":{"@id":"https:\/\/exaudi.org\/es\/el-encuentro-internacional-de-la-familia-vicenciana-comienza-en-roma-el-14-de-noviembre\/#primaryimage"},"thumbnailUrl":"https:\/\/exaudi.org\/wp-content\/uploads\/2024\/11\/13-Houses-Jubilee-Project-Symbolic-keys-Famvin-Homeless-Alliance-6-scaled.jpg","keywords":["14 de noviembre","17 de noviembre","Cardenal Michael Czerny","carisma vicenciano","Casa Tra Noi","Concierto Ac\u00fastico ARISE","Encuentro Internacional de la Familia Vicenciana","Gen Verde","Jornada Mundial de los Pobres","Jubileo 2025","Padre Toma\u017e Mavri\u010d","papa francisco","Proyecto 13 Casas","reuni\u00f3n vicenciana","Roma","San Vicente de Pa\u00fal","sinodalidad vicenciana","Teatro Ghione"],"articleSection":["Iglesia y Mundo"],"inLanguage":"es"},{"@type":"WebPage","@id":"https:\/\/exaudi.org\/es\/el-encuentro-internacional-de-la-familia-vicenciana-comienza-en-roma-el-14-de-noviembre\/","url":"https:\/\/exaudi.org\/es\/el-encuentro-internacional-de-la-familia-vicenciana-comienza-en-roma-el-14-de-noviembre\/","name":"El encuentro internacional de la Familia Vicenciana comienza en Roma el 14 de noviembre &#8211; Exaudi","isPartOf":{"@id":"https:\/\/exaudi.org\/#website"},"primaryImageOfPage":{"@id":"https:\/\/exaudi.org\/es\/el-encuentro-internacional-de-la-familia-vicenciana-comienza-en-roma-el-14-de-noviembre\/#primaryimage"},"image":{"@id":"https:\/\/exaudi.org\/es\/el-encuentro-internacional-de-la-familia-vicenciana-comienza-en-roma-el-14-de-noviembre\/#primaryimage"},"thumbnailUrl":"https:\/\/exaudi.org\/wp-content\/uploads\/2024\/11\/13-Houses-Jubilee-Project-Symbolic-keys-Famvin-Homeless-Alliance-6-scaled.jpg","datePublished":"2024-11-14T21:39:07+00:00","author":{"@id":"https:\/\/exaudi.org\/#\/schema\/person\/f5fc8f063065e38742da7afe15f25df7"},"breadcrumb":{"@id":"https:\/\/exaudi.org\/es\/el-encuentro-internacional-de-la-familia-vicenciana-comienza-en-roma-el-14-de-noviembre\/#breadcrumb"},"inLanguage":"es","potentialAction":[{"@type":"ReadAction","target":["https:\/\/exaudi.org\/es\/el-encuentro-internacional-de-la-familia-vicenciana-comienza-en-roma-el-14-de-noviembre\/"]}]},{"@type":"ImageObject","inLanguage":"es","@id":"https:\/\/exaudi.org\/es\/el-encuentro-internacional-de-la-familia-vicenciana-comienza-en-roma-el-14-de-noviembre\/#primaryimage","url":"https:\/\/exaudi.org\/wp-content\/uploads\/2024\/11\/13-Houses-Jubilee-Project-Symbolic-keys-Famvin-Homeless-Alliance-6-scaled.jpg","contentUrl":"https:\/\/exaudi.org\/wp-content\/uploads\/2024\/11\/13-Houses-Jubilee-Project-Symbolic-keys-Famvin-Homeless-Alliance-6-scaled.jpg","width":2560,"height":1954},{"@type":"BreadcrumbList","@id":"https:\/\/exaudi.org\/es\/el-encuentro-internacional-de-la-familia-vicenciana-comienza-en-roma-el-14-de-noviembre\/#breadcrumb","itemListElement":[{"@type":"ListItem","position":1,"name":"Portada","item":"https:\/\/exaudi.org\/es\/"},{"@type":"ListItem","position":2,"name":"El encuentro internacional de la Familia Vicenciana comienza en Roma el 14 de noviembre"}]},{"@type":"WebSite","@id":"https:\/\/exaudi.org\/#website","url":"https:\/\/exaudi.org\/","name":"Exaudi","description":"News","potentialAction":[{"@type":"SearchAction","target":{"@type":"EntryPoint","urlTemplate":"https:\/\/exaudi.org\/?s={search_term_string}"},"query-input":{"@type":"PropertyValueSpecification","valueRequired":true,"valueName":"search_term_string"}}],"inLanguage":"es"},{"@type":"Person","@id":"https:\/\/exaudi.org\/#\/schema\/person\/f5fc8f063065e38742da7afe15f25df7","name":"Exaudi Redacci\u00f3n","image":{"@type":"ImageObject","inLanguage":"es","@id":"https:\/\/secure.gravatar.com\/avatar\/fe0f6a059fb68d9b3e11bc5850dd4899b1c7492091a3cb6dd9b01b56ad828be2?s=96&d=mm&r=g","url":"https:\/\/secure.gravatar.com\/avatar\/fe0f6a059fb68d9b3e11bc5850dd4899b1c7492091a3cb6dd9b01b56ad828be2?s=96&d=mm&r=g","contentUrl":"https:\/\/secure.gravatar.com\/avatar\/fe0f6a059fb68d9b3e11bc5850dd4899b1c7492091a3cb6dd9b01b56ad828be2?s=96&d=mm&r=g","caption":"Exaudi Redacci\u00f3n"},"description":"\u00bfQu\u00e9 es Exaudi News? Exaudi News es un medio de comunicaci\u00f3n cat\u00f3lico internacional que informa, forma y transforma, diariamente en espa\u00f1ol, ingl\u00e9s e italiano. A trav\u00e9s de noticias, art\u00edculos de an\u00e1lisis y transmisiones en directo de los eventos del Papa, Exaudi busca fortalecer la unidad de los cristianos y contribuir a la evangelizaci\u00f3n del mundo, siempre guiados por la doctrina social de la Iglesia. Trabajamos para acercar la verdad y los valores cristianos a cada rinc\u00f3n del planeta. \u00a1Ay\u00fadanos a transformar el mundo con Exaudi! En Exaudi creemos que la evangelizaci\u00f3n y la informaci\u00f3n de calidad pueden cambiar vidas. Para continuar con nuestra misi\u00f3n y expandir nuestro alcance, necesitamos tu ayuda. Adem\u00e1s, buscamos personas comprometidas que deseen unirse a nuestro equipo. Con tu apoyo, lograremos llegar a m\u00e1s personas, difundir el mensaje de Cristo y reforzar la unidad de los cristianos. \u00bfTe unes a nuestra misi\u00f3n? Para m\u00e1s informaci\u00f3n sobre c\u00f3mo colaborar, visita Exaudi.org\/es o cont\u00e1ctanos directamente: info@exaudi.org Exaudi: Informa, forma y transforma.","sameAs":["https:\/\/www.facebook.com\/ExaudiNoticias\/","https:\/\/www.instagram.com\/exaudi_noticias\/","https:\/\/x.com\/Exaudi_noticias","https:\/\/www.youtube.com\/@exaudicatholicnews"],"url":"https:\/\/exaudi.org\/es\/author\/redaccionexaudi\/"}]}},"jetpack_featured_media_url":"https:\/\/exaudi.org\/wp-content\/uploads\/2024\/11\/13-Houses-Jubilee-Project-Symbolic-keys-Famvin-Homeless-Alliance-6-scaled.jpg","jetpack_shortlink":"https:\/\/wp.me\/pgKjF2-toj","_links":{"self":[{"href":"https:\/\/exaudi.org\/es\/wp-json\/wp\/v2\/posts\/112983","targetHints":{"allow":["GET"]}}],"collection":[{"href":"https:\/\/exaudi.org\/es\/wp-json\/wp\/v2\/posts"}],"about":[{"href":"https:\/\/exaudi.org\/es\/wp-json\/wp\/v2\/types\/post"}],"author":[{"embeddable":true,"href":"https:\/\/exaudi.org\/es\/wp-json\/wp\/v2\/users\/15"}],"replies":[{"embeddable":true,"href":"https:\/\/exaudi.org\/es\/wp-json\/wp\/v2\/comments?post=112983"}],"version-history":[{"count":0,"href":"https:\/\/exaudi.org\/es\/wp-json\/wp\/v2\/posts\/112983\/revisions"}],"wp:featuredmedia":[{"embeddable":true,"href":"https:\/\/exaudi.org\/es\/wp-json\/wp\/v2\/media\/112987"}],"wp:attachment":[{"href":"https:\/\/exaudi.org\/es\/wp-json\/wp\/v2\/media?parent=112983"}],"wp:term":[{"taxonomy":"category","embeddable":true,"href":"https:\/\/exaudi.org\/es\/wp-json\/wp\/v2\/categories?post=112983"},{"taxonomy":"post_tag","embeddable":true,"href":"https:\/\/exaudi.org\/es\/wp-json\/wp\/v2\/tags?post=112983"}],"curies":[{"name":"wp","href":"https:\/\/api.w.org\/{rel}","templated":true}]}}