{"id":112934,"date":"2024-11-15T08:15:20","date_gmt":"2024-11-15T07:15:20","guid":{"rendered":"https:\/\/exaudi.org\/?p=112934"},"modified":"2024-11-15T09:46:53","modified_gmt":"2024-11-15T08:46:53","slug":"tenemos-que-humanizar-el-proceso-de-morir-jacinto-batiz","status":"publish","type":"post","link":"https:\/\/exaudi.org\/es\/tenemos-que-humanizar-el-proceso-de-morir-jacinto-batiz\/","title":{"rendered":"\u201cTenemos que humanizar el proceso de morir\u201d, Jacinto B\u00e1tiz"},"content":{"rendered":"<p>Jacinto B\u00e1tiz es una de las voces m\u00e1s medi\u00e1ticas de la medicina paliativa. Durante 24 a\u00f1os fue jefe de la Unidad de Cuidados Paliativos del Hospital San Juan de Dios de Santurce-Vizcaya y desde 2017 es director del Instituto para Cuidar Mejor, del mismo hospital, para la divulgaci\u00f3n y sensibilizaci\u00f3n. Tambi\u00e9n es uno de los colaboradores habituales de la web del Observatorio de Bio\u00e9tica.<\/p>\n<p><iframe title=\"Spotify Embed: \u201cTenemos que humanizar el proceso de morir\u201d, Jacinto B\u00e1tiz\" style=\"border-radius: 12px\" width=\"100%\" height=\"152\" frameborder=\"0\" allowfullscreen allow=\"autoplay; clipboard-write; encrypted-media; fullscreen; picture-in-picture\" loading=\"lazy\" src=\"https:\/\/open.spotify.com\/embed\/episode\/0VAamob1qGyJytaxkKtL2w?si=61ad13fd74464ad8&#038;utm_source=oembed\"><\/iframe><\/p>\n<p>Tras jubilarse contin\u00faa con su actividad docente, publicando art\u00edculos y escribiendo libros como<strong><a href=\"https:\/\/fundacionpiaaguirreche.org\/hacia-una-cultura-paliativa-dr-jacinto-batiz\/\" target=\"_blank\" rel=\"noopener\">\u00a0\u00abHacia una cultura paliativa\u00bb<\/a>\u00a0<\/strong>o\u00a0<strong><a href=\"https:\/\/www.observatoriobioetica.org\/2024\/10\/cuidadme-asi-decalogo-para-morir-bien\/10002597\" target=\"_blank\" rel=\"noopener\">\u00ab\u00a1Cuidadme as\u00ed!\u00bb<\/a><\/strong>, de los que ha hablado en el\u00a0<strong><a href=\"https:\/\/www.humanizar.es\/\" target=\"_blank\" rel=\"noopener\">Centro de Humanizaci\u00f3n de la Salud San Camilo<\/a><\/strong>. donde le entrevistamos. \u2013Dice que con algunos de sus art\u00edculos period\u00edsticos ha conseguido m\u00e1s que escribiendo un libro.<\/p>\n<ul>\n<li><strong>\u00bfQu\u00e9 responsabilidad tiene un medio de comunicaci\u00f3n para conseguir cambios en lo sanitario?<\/strong><\/li>\n<li>Los medios de comunicaci\u00f3n ten\u00e9is una labor fundamental en estos temas. Los m\u00e9dicos paliativistas tenemos ideas, pero no sabemos c\u00f3mo comunicarlas y los periodistas no tienen ideas, pero saben comunicar para que la sociedad lo entienda. Cuando en una jornada aparece un periodista me alegro, porque s\u00e9 que sabr\u00e1 transmitirlo y divulgarlo. La sociedad necesita saber qu\u00e9 son los\u00a0<strong><a href=\"https:\/\/www.observatoriobioetica.org\/2021\/02\/que-son-los-cuidados-paliativos\/35315\" target=\"_blank\" rel=\"noopener\">cuidados paliativos<\/a><\/strong>\u00a0y, a menos que los viva de cerca, es una realidad que desconoce.<\/li>\n<li><strong>\u00bfEn este sentido qu\u00e9 recomendar\u00eda la revista Humanizar?<\/strong><\/li>\n<li>Ahora tenemos un instrumento muy bueno que son las redes sociales y hay que estar ah\u00ed, por ejemplo, divulgando las Jornadas de Cuidados Paliativos que se hacen desde el Centro San Camilo. Actividades con las que consegu\u00eds humanizar y tambi\u00e9n reivindicar que los cuidados paliativos no sean el privilegio de unos pocos sino un derecho de todos.<\/li>\n<\/ul>\n<p><a href=\"https:\/\/i0.wp.com\/www.observatoriobioetica.org\/wp-content\/uploads\/2024\/11\/22-scaled.jpg?ssl=1\" data-caption=\"\"><img loading=\"lazy\" decoding=\"async\" class=\"alignnone wp-image-10002761 size-full\" src=\"https:\/\/i0.wp.com\/www.observatoriobioetica.org\/wp-content\/uploads\/2024\/11\/22-scaled.jpg?resize=1200%2C433&amp;ssl=1\" alt=\"\" width=\"1200\" height=\"433\" data-recalc-dims=\"1\" \/><\/a><\/p>\n<ul>\n<li><strong>\u00bfLa cultura paliativa ser\u00eda posible sin la humanizaci\u00f3n de la salud?<\/strong><\/li>\n<li>En estos momentos los profesionales sanitarios estamos muy comprometidos con la medicina preventiva y tenemos clara la medicina curativa, pero cuando no somos capaces ni de una cosa ni la otra llega la medicina paliativa. Asignatura que no se ense\u00f1a en la universidad, la aprendemos sobre la pr\u00e1ctica cuando tenemos que estar con el enfermo y acompa\u00f1arle. La medicina paliativa es la del acompa\u00f1amiento, la del acercamiento humano, la que m\u00e1s necesita el enfermo en ese momento. M\u00e1s que una muerte digna, tenemos que humanizar el proceso de morir: contestar a las preguntas del paciente, escucharle, tocarle, acompa\u00f1arle\u2026 que sienta que es el centro de nuestra atenci\u00f3n.<\/li>\n<li><strong>\u00bfEs un reto para la sociedad?<\/strong><\/li>\n<li>Una sociedad se mide por su grado de responsabilidad en la atenci\u00f3n a las personas m\u00e1s d\u00e9biles, dependientes, fr\u00e1giles, vulnerables y sufrientes. No se trata de hacer una ley para eliminar a la persona que sufre, sino de hacer leyes que eliminen el sufrimiento de las personas. Nadie quiere sufrir\u2026 Sin embargo, el sufrimiento es inherente a la vida humana. La figura del psic\u00f3logo es fundamental para hacer ver los distintos \u00e1ngulos del sufrimiento y ayudar al paciente a afrontarlos con sus propios recursos. As\u00ed trabajamos en paliativos: abordando la dimensi\u00f3n f\u00edsica, la emocional o psicol\u00f3gica, la social y familiar, y la dimensi\u00f3n espiritual o trascendental. Esta \u00faltima es la que observa una mayor demanda al final de vida, cuando el paciente te dice \u201cay\u00fademe a dar sentido a mi vida\u201d, algo que va m\u00e1s all\u00e1 de lo religioso.<\/li>\n<li><strong>\u00bfQu\u00e9 hacer para generar una cultura paliativa?<\/strong><\/li>\n<li>Acercarnos a los focos de la sociedad donde se debaten estos temas: ayuntamientos, asociaciones, barrios\u2026 donde explicar lo que son los cuidados paliativos. Hablar de la muerte ayuda a no ofrecer resistencias entre los pacientes. La informaci\u00f3n aclara conceptos, porque a\u00fan hay gente que confunde sedaci\u00f3n con eutanasia. Hacer cultura tambi\u00e9n es formar a los m\u00e9dicos y profesionales en que la medicina paliativa no es la medicina de la caridad, no es \u201cla palmadita en la espalda\u201d sino una medicina cient\u00edficamente demostrada y con evidencia cient\u00edfica; adem\u00e1s es eficaz y eficiente. Este es el mensaje que tenemos que hacer llegar a los profesionales y los ciudadanos. Cuando lleguemos a implementar los cuidados paliativos a los ciudadanos estaremos consiguiendo una cultura paliativa, para lo que es fundamental: la divulgaci\u00f3n o sensibilizaci\u00f3n, la formaci\u00f3n, la investigaci\u00f3n y la innovaci\u00f3n. Todo para cuidar mejor.<\/li>\n<\/ul>\n<h5><em><strong>*Art\u00edculo publicado en la revista Humanizar de noviembre-diciembre de 2024.\u00a0<\/strong><\/em><\/h5>\n","protected":false},"excerpt":{"rendered":"<p>La importancia de los cuidados paliativos en la sociedad moderna<\/p>\n","protected":false},"author":87,"featured_media":112935,"comment_status":"closed","ping_status":"closed","sticky":false,"template":"","format":"standard","meta":{"_acf_changed":false,"_crdt_document":"","inline_featured_image":false,"footnotes":""},"categories":[130],"tags":[32052,32051,32054,32057,32050,32061,32060,32056,32049,32059,32053,32062,32058,32055,2394,29653,3047,630,4953],"class_list":["post-112934","post","type-post","status-publish","format-standard","has-post-thumbnail","hentry","category-voces","tag-acompanamiento-en-el-final-de-la-vida","tag-cultura-paliativa","tag-derechos-en-cuidados-paliativos","tag-formacion-en-medicina-paliativa","tag-humanizacion-de-la-salud","tag-humanizar-el-proceso-de-morir","tag-institutos-para-mejorar-cuidados","tag-investigacion-en-cuidados-paliativos","tag-medicina-paliativa","tag-medicina-preventiva-y-curativa","tag-psicologia-en-cuidados-paliativos","tag-salud-integral-y-paliativa","tag-sedacion-vs-eutanasia","tag-sensibilizacion-sobre-la-muerte","tag-cuidados-paliativos","tag-jacinto-batiz","tag-muerte-digna","tag-observatorio-de-bioetica-de-la-universidad-catolica-de-valencia","tag-trending-es"],"acf":[],"yoast_head":"<!-- This site is optimized with the Yoast SEO plugin v27.4 - https:\/\/yoast.com\/product\/yoast-seo-wordpress\/ -->\n<title>\u201cTenemos que humanizar el proceso de morir\u201d, Jacinto B\u00e1tiz &#8211; Exaudi<\/title>\n<meta name=\"robots\" content=\"index, follow, max-snippet:-1, max-image-preview:large, max-video-preview:-1\" \/>\n<link rel=\"canonical\" href=\"https:\/\/exaudi.org\/es\/tenemos-que-humanizar-el-proceso-de-morir-jacinto-batiz\/\" \/>\n<meta property=\"og:locale\" content=\"es_ES\" \/>\n<meta property=\"og:type\" content=\"article\" \/>\n<meta property=\"og:title\" content=\"\u201cTenemos que humanizar el proceso de morir\u201d, Jacinto B\u00e1tiz &#8211; Exaudi\" \/>\n<meta property=\"og:description\" content=\"La importancia de los cuidados paliativos en la sociedad moderna\" \/>\n<meta property=\"og:url\" content=\"https:\/\/exaudi.org\/es\/tenemos-que-humanizar-el-proceso-de-morir-jacinto-batiz\/\" \/>\n<meta property=\"og:site_name\" content=\"Exaudi\" \/>\n<meta property=\"article:publisher\" content=\"https:\/\/www.facebook.com\/ExaudiNews\" \/>\n<meta property=\"article:author\" content=\"https:\/\/www.facebook.com\/observatoriodebioetica\/\" \/>\n<meta property=\"article:published_time\" content=\"2024-11-15T07:15:20+00:00\" \/>\n<meta property=\"article:modified_time\" content=\"2024-11-15T08:46:53+00:00\" \/>\n<meta property=\"og:image\" content=\"https:\/\/exaudi.org\/wp-content\/uploads\/2024\/11\/21-scaled-1-scaled.webp\" \/>\n\t<meta property=\"og:image:width\" content=\"2560\" \/>\n\t<meta property=\"og:image:height\" content=\"1440\" \/>\n\t<meta property=\"og:image:type\" content=\"image\/webp\" \/>\n<meta name=\"author\" content=\"Observatorio de Bio\u00e9tica UCV\" \/>\n<meta name=\"twitter:card\" content=\"summary_large_image\" \/>\n<meta name=\"twitter:creator\" content=\"@obioetica\" \/>\n<meta name=\"twitter:site\" content=\"@Exaudi_News\" \/>\n<meta name=\"twitter:label1\" content=\"Escrito por\" \/>\n\t<meta name=\"twitter:data1\" content=\"Observatorio de Bio\u00e9tica UCV\" \/>\n\t<meta name=\"twitter:label2\" content=\"Tiempo de lectura\" \/>\n\t<meta name=\"twitter:data2\" content=\"4 minutos\" \/>\n<script type=\"application\/ld+json\" class=\"yoast-schema-graph\">{\"@context\":\"https:\\\/\\\/schema.org\",\"@graph\":[{\"@type\":\"Article\",\"@id\":\"https:\\\/\\\/exaudi.org\\\/es\\\/tenemos-que-humanizar-el-proceso-de-morir-jacinto-batiz\\\/#article\",\"isPartOf\":{\"@id\":\"https:\\\/\\\/exaudi.org\\\/es\\\/tenemos-que-humanizar-el-proceso-de-morir-jacinto-batiz\\\/\"},\"author\":{\"name\":\"Observatorio de Bio\u00e9tica UCV\",\"@id\":\"https:\\\/\\\/exaudi.org\\\/#\\\/schema\\\/person\\\/05d1c06e56ecb5490e9bff0d27026595\"},\"headline\":\"\u201cTenemos que humanizar el proceso de morir\u201d, Jacinto B\u00e1tiz\",\"datePublished\":\"2024-11-15T07:15:20+00:00\",\"dateModified\":\"2024-11-15T08:46:53+00:00\",\"mainEntityOfPage\":{\"@id\":\"https:\\\/\\\/exaudi.org\\\/es\\\/tenemos-que-humanizar-el-proceso-de-morir-jacinto-batiz\\\/\"},\"wordCount\":766,\"image\":{\"@id\":\"https:\\\/\\\/exaudi.org\\\/es\\\/tenemos-que-humanizar-el-proceso-de-morir-jacinto-batiz\\\/#primaryimage\"},\"thumbnailUrl\":\"https:\\\/\\\/exaudi.org\\\/wp-content\\\/uploads\\\/2024\\\/11\\\/21-scaled-1-scaled.webp\",\"keywords\":[\"\\\"Acompa\u00f1amiento en el final de la vida\\\"\",\"\\\"Cultura paliativa\\\"\",\"\\\"Derechos en cuidados paliativos\\\"\",\"\\\"Formaci\u00f3n en medicina paliativa\\\"\",\"\\\"Humanizaci\u00f3n de la salud\\\"\",\"\\\"Humanizar el proceso de morir\\\"\",\"\\\"Institutos para mejorar cuidados\\\"\",\"\\\"Investigaci\u00f3n en cuidados paliativos\\\"\",\"\\\"Medicina paliativa\\\"\",\"\\\"Medicina preventiva y curativa\\\"\",\"\\\"Psicolog\u00eda en cuidados paliativos\\\"\",\"\\\"Salud integral y paliativa\",\"\\\"Sedaci\u00f3n vs eutanasia\\\"\",\"\\\"Sensibilizaci\u00f3n sobre la muerte\\\"\",\"Cuidados paliativos\",\"Jacinto B\u00e1tiz\",\"Muerte digna\",\"Observatorio de Bio\u00e9tica de la Universidad Cat\u00f3lica de Valencia\",\"Trending\"],\"articleSection\":[\"Voces\"],\"inLanguage\":\"es\"},{\"@type\":\"WebPage\",\"@id\":\"https:\\\/\\\/exaudi.org\\\/es\\\/tenemos-que-humanizar-el-proceso-de-morir-jacinto-batiz\\\/\",\"url\":\"https:\\\/\\\/exaudi.org\\\/es\\\/tenemos-que-humanizar-el-proceso-de-morir-jacinto-batiz\\\/\",\"name\":\"\u201cTenemos que humanizar el proceso de morir\u201d, Jacinto B\u00e1tiz &#8211; Exaudi\",\"isPartOf\":{\"@id\":\"https:\\\/\\\/exaudi.org\\\/#website\"},\"primaryImageOfPage\":{\"@id\":\"https:\\\/\\\/exaudi.org\\\/es\\\/tenemos-que-humanizar-el-proceso-de-morir-jacinto-batiz\\\/#primaryimage\"},\"image\":{\"@id\":\"https:\\\/\\\/exaudi.org\\\/es\\\/tenemos-que-humanizar-el-proceso-de-morir-jacinto-batiz\\\/#primaryimage\"},\"thumbnailUrl\":\"https:\\\/\\\/exaudi.org\\\/wp-content\\\/uploads\\\/2024\\\/11\\\/21-scaled-1-scaled.webp\",\"datePublished\":\"2024-11-15T07:15:20+00:00\",\"dateModified\":\"2024-11-15T08:46:53+00:00\",\"author\":{\"@id\":\"https:\\\/\\\/exaudi.org\\\/#\\\/schema\\\/person\\\/05d1c06e56ecb5490e9bff0d27026595\"},\"breadcrumb\":{\"@id\":\"https:\\\/\\\/exaudi.org\\\/es\\\/tenemos-que-humanizar-el-proceso-de-morir-jacinto-batiz\\\/#breadcrumb\"},\"inLanguage\":\"es\",\"potentialAction\":[{\"@type\":\"ReadAction\",\"target\":[\"https:\\\/\\\/exaudi.org\\\/es\\\/tenemos-que-humanizar-el-proceso-de-morir-jacinto-batiz\\\/\"]}]},{\"@type\":\"ImageObject\",\"inLanguage\":\"es\",\"@id\":\"https:\\\/\\\/exaudi.org\\\/es\\\/tenemos-que-humanizar-el-proceso-de-morir-jacinto-batiz\\\/#primaryimage\",\"url\":\"https:\\\/\\\/exaudi.org\\\/wp-content\\\/uploads\\\/2024\\\/11\\\/21-scaled-1-scaled.webp\",\"contentUrl\":\"https:\\\/\\\/exaudi.org\\\/wp-content\\\/uploads\\\/2024\\\/11\\\/21-scaled-1-scaled.webp\",\"width\":2560,\"height\":1440},{\"@type\":\"BreadcrumbList\",\"@id\":\"https:\\\/\\\/exaudi.org\\\/es\\\/tenemos-que-humanizar-el-proceso-de-morir-jacinto-batiz\\\/#breadcrumb\",\"itemListElement\":[{\"@type\":\"ListItem\",\"position\":1,\"name\":\"Portada\",\"item\":\"https:\\\/\\\/exaudi.org\\\/es\\\/\"},{\"@type\":\"ListItem\",\"position\":2,\"name\":\"\u201cTenemos que humanizar el proceso de morir\u201d, Jacinto B\u00e1tiz\"}]},{\"@type\":\"WebSite\",\"@id\":\"https:\\\/\\\/exaudi.org\\\/#website\",\"url\":\"https:\\\/\\\/exaudi.org\\\/\",\"name\":\"Exaudi\",\"description\":\"News\",\"potentialAction\":[{\"@type\":\"SearchAction\",\"target\":{\"@type\":\"EntryPoint\",\"urlTemplate\":\"https:\\\/\\\/exaudi.org\\\/?s={search_term_string}\"},\"query-input\":{\"@type\":\"PropertyValueSpecification\",\"valueRequired\":true,\"valueName\":\"search_term_string\"}}],\"inLanguage\":\"es\"},{\"@type\":\"Person\",\"@id\":\"https:\\\/\\\/exaudi.org\\\/#\\\/schema\\\/person\\\/05d1c06e56ecb5490e9bff0d27026595\",\"name\":\"Observatorio de Bio\u00e9tica UCV\",\"image\":{\"@type\":\"ImageObject\",\"inLanguage\":\"es\",\"@id\":\"https:\\\/\\\/secure.gravatar.com\\\/avatar\\\/086563f59595a89fb0851de25d712a03657b1cdfa8af3c9cd0a1ee122fc5d596?s=96&d=mm&r=g\",\"url\":\"https:\\\/\\\/secure.gravatar.com\\\/avatar\\\/086563f59595a89fb0851de25d712a03657b1cdfa8af3c9cd0a1ee122fc5d596?s=96&d=mm&r=g\",\"contentUrl\":\"https:\\\/\\\/secure.gravatar.com\\\/avatar\\\/086563f59595a89fb0851de25d712a03657b1cdfa8af3c9cd0a1ee122fc5d596?s=96&d=mm&r=g\",\"caption\":\"Observatorio de Bio\u00e9tica UCV\"},\"description\":\"El Observatorio de Bio\u00e9tica se encuentra dentro del Instituto Ciencias de la vida de la Universidad Cat\u00f3lica de Valencia \u201cSan Vicente M\u00e1rtir\u201d . En el trasfondo de sus publicaciones, se defiende la vida humana desde la fecundaci\u00f3n a la muerte natural y la dignidad de la persona, teniendo como objetivo aunar esfuerzos para difundir la cultura de la vida como la define la Evangelium Vitae.\",\"sameAs\":[\"https:\\\/\\\/www.observatoriobioetica.org\\\/\",\"https:\\\/\\\/www.facebook.com\\\/observatoriodebioetica\\\/\",\"https:\\\/\\\/x.com\\\/obioetica\",\"https:\\\/\\\/www.youtube.com\\\/channel\\\/UC_Tr4WS5-TXoNo5e1MdQc7w\"],\"url\":\"https:\\\/\\\/exaudi.org\\\/es\\\/author\\\/observatoriodebioeticaucv\\\/\"}]}<\/script>\n<!-- \/ Yoast SEO plugin. -->","yoast_head_json":{"title":"\u201cTenemos que humanizar el proceso de morir\u201d, Jacinto B\u00e1tiz &#8211; Exaudi","robots":{"index":"index","follow":"follow","max-snippet":"max-snippet:-1","max-image-preview":"max-image-preview:large","max-video-preview":"max-video-preview:-1"},"canonical":"https:\/\/exaudi.org\/es\/tenemos-que-humanizar-el-proceso-de-morir-jacinto-batiz\/","og_locale":"es_ES","og_type":"article","og_title":"\u201cTenemos que humanizar el proceso de morir\u201d, Jacinto B\u00e1tiz &#8211; Exaudi","og_description":"La importancia de los cuidados paliativos en la sociedad moderna","og_url":"https:\/\/exaudi.org\/es\/tenemos-que-humanizar-el-proceso-de-morir-jacinto-batiz\/","og_site_name":"Exaudi","article_publisher":"https:\/\/www.facebook.com\/ExaudiNews","article_author":"https:\/\/www.facebook.com\/observatoriodebioetica\/","article_published_time":"2024-11-15T07:15:20+00:00","article_modified_time":"2024-11-15T08:46:53+00:00","og_image":[{"width":2560,"height":1440,"url":"https:\/\/exaudi.org\/wp-content\/uploads\/2024\/11\/21-scaled-1-scaled.webp","type":"image\/webp"}],"author":"Observatorio de Bio\u00e9tica UCV","twitter_card":"summary_large_image","twitter_creator":"@obioetica","twitter_site":"@Exaudi_News","twitter_misc":{"Escrito por":"Observatorio de Bio\u00e9tica UCV","Tiempo de lectura":"4 minutos"},"schema":{"@context":"https:\/\/schema.org","@graph":[{"@type":"Article","@id":"https:\/\/exaudi.org\/es\/tenemos-que-humanizar-el-proceso-de-morir-jacinto-batiz\/#article","isPartOf":{"@id":"https:\/\/exaudi.org\/es\/tenemos-que-humanizar-el-proceso-de-morir-jacinto-batiz\/"},"author":{"name":"Observatorio de Bio\u00e9tica UCV","@id":"https:\/\/exaudi.org\/#\/schema\/person\/05d1c06e56ecb5490e9bff0d27026595"},"headline":"\u201cTenemos que humanizar el proceso de morir\u201d, Jacinto B\u00e1tiz","datePublished":"2024-11-15T07:15:20+00:00","dateModified":"2024-11-15T08:46:53+00:00","mainEntityOfPage":{"@id":"https:\/\/exaudi.org\/es\/tenemos-que-humanizar-el-proceso-de-morir-jacinto-batiz\/"},"wordCount":766,"image":{"@id":"https:\/\/exaudi.org\/es\/tenemos-que-humanizar-el-proceso-de-morir-jacinto-batiz\/#primaryimage"},"thumbnailUrl":"https:\/\/exaudi.org\/wp-content\/uploads\/2024\/11\/21-scaled-1-scaled.webp","keywords":["\"Acompa\u00f1amiento en el final de la vida\"","\"Cultura paliativa\"","\"Derechos en cuidados paliativos\"","\"Formaci\u00f3n en medicina paliativa\"","\"Humanizaci\u00f3n de la salud\"","\"Humanizar el proceso de morir\"","\"Institutos para mejorar cuidados\"","\"Investigaci\u00f3n en cuidados paliativos\"","\"Medicina paliativa\"","\"Medicina preventiva y curativa\"","\"Psicolog\u00eda en cuidados paliativos\"","\"Salud integral y paliativa","\"Sedaci\u00f3n vs eutanasia\"","\"Sensibilizaci\u00f3n sobre la muerte\"","Cuidados paliativos","Jacinto B\u00e1tiz","Muerte digna","Observatorio de Bio\u00e9tica de la Universidad Cat\u00f3lica de Valencia","Trending"],"articleSection":["Voces"],"inLanguage":"es"},{"@type":"WebPage","@id":"https:\/\/exaudi.org\/es\/tenemos-que-humanizar-el-proceso-de-morir-jacinto-batiz\/","url":"https:\/\/exaudi.org\/es\/tenemos-que-humanizar-el-proceso-de-morir-jacinto-batiz\/","name":"\u201cTenemos que humanizar el proceso de morir\u201d, Jacinto B\u00e1tiz &#8211; Exaudi","isPartOf":{"@id":"https:\/\/exaudi.org\/#website"},"primaryImageOfPage":{"@id":"https:\/\/exaudi.org\/es\/tenemos-que-humanizar-el-proceso-de-morir-jacinto-batiz\/#primaryimage"},"image":{"@id":"https:\/\/exaudi.org\/es\/tenemos-que-humanizar-el-proceso-de-morir-jacinto-batiz\/#primaryimage"},"thumbnailUrl":"https:\/\/exaudi.org\/wp-content\/uploads\/2024\/11\/21-scaled-1-scaled.webp","datePublished":"2024-11-15T07:15:20+00:00","dateModified":"2024-11-15T08:46:53+00:00","author":{"@id":"https:\/\/exaudi.org\/#\/schema\/person\/05d1c06e56ecb5490e9bff0d27026595"},"breadcrumb":{"@id":"https:\/\/exaudi.org\/es\/tenemos-que-humanizar-el-proceso-de-morir-jacinto-batiz\/#breadcrumb"},"inLanguage":"es","potentialAction":[{"@type":"ReadAction","target":["https:\/\/exaudi.org\/es\/tenemos-que-humanizar-el-proceso-de-morir-jacinto-batiz\/"]}]},{"@type":"ImageObject","inLanguage":"es","@id":"https:\/\/exaudi.org\/es\/tenemos-que-humanizar-el-proceso-de-morir-jacinto-batiz\/#primaryimage","url":"https:\/\/exaudi.org\/wp-content\/uploads\/2024\/11\/21-scaled-1-scaled.webp","contentUrl":"https:\/\/exaudi.org\/wp-content\/uploads\/2024\/11\/21-scaled-1-scaled.webp","width":2560,"height":1440},{"@type":"BreadcrumbList","@id":"https:\/\/exaudi.org\/es\/tenemos-que-humanizar-el-proceso-de-morir-jacinto-batiz\/#breadcrumb","itemListElement":[{"@type":"ListItem","position":1,"name":"Portada","item":"https:\/\/exaudi.org\/es\/"},{"@type":"ListItem","position":2,"name":"\u201cTenemos que humanizar el proceso de morir\u201d, Jacinto B\u00e1tiz"}]},{"@type":"WebSite","@id":"https:\/\/exaudi.org\/#website","url":"https:\/\/exaudi.org\/","name":"Exaudi","description":"News","potentialAction":[{"@type":"SearchAction","target":{"@type":"EntryPoint","urlTemplate":"https:\/\/exaudi.org\/?s={search_term_string}"},"query-input":{"@type":"PropertyValueSpecification","valueRequired":true,"valueName":"search_term_string"}}],"inLanguage":"es"},{"@type":"Person","@id":"https:\/\/exaudi.org\/#\/schema\/person\/05d1c06e56ecb5490e9bff0d27026595","name":"Observatorio de Bio\u00e9tica UCV","image":{"@type":"ImageObject","inLanguage":"es","@id":"https:\/\/secure.gravatar.com\/avatar\/086563f59595a89fb0851de25d712a03657b1cdfa8af3c9cd0a1ee122fc5d596?s=96&d=mm&r=g","url":"https:\/\/secure.gravatar.com\/avatar\/086563f59595a89fb0851de25d712a03657b1cdfa8af3c9cd0a1ee122fc5d596?s=96&d=mm&r=g","contentUrl":"https:\/\/secure.gravatar.com\/avatar\/086563f59595a89fb0851de25d712a03657b1cdfa8af3c9cd0a1ee122fc5d596?s=96&d=mm&r=g","caption":"Observatorio de Bio\u00e9tica UCV"},"description":"El Observatorio de Bio\u00e9tica se encuentra dentro del Instituto Ciencias de la vida de la Universidad Cat\u00f3lica de Valencia \u201cSan Vicente M\u00e1rtir\u201d . En el trasfondo de sus publicaciones, se defiende la vida humana desde la fecundaci\u00f3n a la muerte natural y la dignidad de la persona, teniendo como objetivo aunar esfuerzos para difundir la cultura de la vida como la define la Evangelium Vitae.","sameAs":["https:\/\/www.observatoriobioetica.org\/","https:\/\/www.facebook.com\/observatoriodebioetica\/","https:\/\/x.com\/obioetica","https:\/\/www.youtube.com\/channel\/UC_Tr4WS5-TXoNo5e1MdQc7w"],"url":"https:\/\/exaudi.org\/es\/author\/observatoriodebioeticaucv\/"}]}},"jetpack_featured_media_url":"https:\/\/exaudi.org\/wp-content\/uploads\/2024\/11\/21-scaled-1-scaled.webp","jetpack_shortlink":"https:\/\/wp.me\/pgKjF2-tnw","_links":{"self":[{"href":"https:\/\/exaudi.org\/es\/wp-json\/wp\/v2\/posts\/112934","targetHints":{"allow":["GET"]}}],"collection":[{"href":"https:\/\/exaudi.org\/es\/wp-json\/wp\/v2\/posts"}],"about":[{"href":"https:\/\/exaudi.org\/es\/wp-json\/wp\/v2\/types\/post"}],"author":[{"embeddable":true,"href":"https:\/\/exaudi.org\/es\/wp-json\/wp\/v2\/users\/87"}],"replies":[{"embeddable":true,"href":"https:\/\/exaudi.org\/es\/wp-json\/wp\/v2\/comments?post=112934"}],"version-history":[{"count":0,"href":"https:\/\/exaudi.org\/es\/wp-json\/wp\/v2\/posts\/112934\/revisions"}],"wp:featuredmedia":[{"embeddable":true,"href":"https:\/\/exaudi.org\/es\/wp-json\/wp\/v2\/media\/112935"}],"wp:attachment":[{"href":"https:\/\/exaudi.org\/es\/wp-json\/wp\/v2\/media?parent=112934"}],"wp:term":[{"taxonomy":"category","embeddable":true,"href":"https:\/\/exaudi.org\/es\/wp-json\/wp\/v2\/categories?post=112934"},{"taxonomy":"post_tag","embeddable":true,"href":"https:\/\/exaudi.org\/es\/wp-json\/wp\/v2\/tags?post=112934"}],"curies":[{"name":"wp","href":"https:\/\/api.w.org\/{rel}","templated":true}]}}