{"id":112805,"date":"2024-11-14T08:00:06","date_gmt":"2024-11-14T07:00:06","guid":{"rendered":"https:\/\/exaudi.org\/?p=112805"},"modified":"2024-11-13T13:11:50","modified_gmt":"2024-11-13T12:11:50","slug":"una-parte-de-la-biblioteca-y-del-archivo-vaticano-sera-deslocalizada","status":"publish","type":"post","link":"https:\/\/exaudi.org\/es\/una-parte-de-la-biblioteca-y-del-archivo-vaticano-sera-deslocalizada\/","title":{"rendered":"Una parte de la Biblioteca y del Archivo Vaticano ser\u00e1 deslocalizada"},"content":{"rendered":"<p>Con el fin de aprovechar m\u00e1s el precioso patrimonio del Archivo y de la Biblioteca del Vaticano, el Papa Francisco estableci\u00f3 que una parte de los bienes y documentos custodiados por las dos instituciones seculares sean reubicados, es decir, trasladados a algunos espacios del edificio y de las adyacencias del Pontificio Seminario Romano Mayor. La decisi\u00f3n del Pont\u00edfice llega en un quir\u00f3grafo firmado el 29 de octubre y publicado este martes 12 de noviembre.<\/p>\n<p><img loading=\"lazy\" decoding=\"async\" class=\"alignleft wp-image-112810\" src=\"https:\/\/exaudi.org\/wp-content\/uploads\/2024\/11\/cq5dam.thumbnail.cropped.1500.844-1.jpeg\" alt=\"\" width=\"302\" height=\"170\" srcset=\"https:\/\/exaudi.org\/wp-content\/uploads\/2024\/11\/cq5dam.thumbnail.cropped.1500.844-1.jpeg 1500w, https:\/\/exaudi.org\/wp-content\/uploads\/2024\/11\/cq5dam.thumbnail.cropped.1500.844-1-300x169.jpeg 300w, https:\/\/exaudi.org\/wp-content\/uploads\/2024\/11\/cq5dam.thumbnail.cropped.1500.844-1-1024x576.jpeg 1024w, https:\/\/exaudi.org\/wp-content\/uploads\/2024\/11\/cq5dam.thumbnail.cropped.1500.844-1-770x433.jpeg 770w, https:\/\/exaudi.org\/wp-content\/uploads\/2024\/11\/cq5dam.thumbnail.cropped.1500.844-1-500x281.jpeg 500w, https:\/\/exaudi.org\/wp-content\/uploads\/2024\/11\/cq5dam.thumbnail.cropped.1500.844-1-293x165.jpeg 293w, https:\/\/exaudi.org\/wp-content\/uploads\/2024\/11\/cq5dam.thumbnail.cropped.1500.844-1-1400x788.jpeg 1400w, https:\/\/exaudi.org\/wp-content\/uploads\/2024\/11\/cq5dam.thumbnail.cropped.1500.844-1-390x219.jpeg 390w\" sizes=\"auto, (max-width: 302px) 100vw, 302px\" \/>\u00abEl secular cuidado por la custodia de los actos y documentos que conciernen al gobierno de la Iglesia universal, unido al empe\u00f1o por el desarrollo y la difusi\u00f3n de la cultura, son los rasgos caracter\u00edsticos de la actividad del Archivo y de la Biblioteca Vaticanos\u00bb, reza el documento. Continuando la obra iniciada por los Papas anteriores, \u00abdesde el Scrinium de la Iglesia de Roma\u00bb, las dos instituciones \u00abest\u00e1n llamadas hoy a hacer aprovechable este precioso patrimonio\u00bb, afirma Francisco.<\/p>\n<p>Por ello, \u00abpersiguiendo el objetivo de contribuir a la gesti\u00f3n m\u00e1s eficaz de las actividades y a la conservaci\u00f3n de los bienes, tras haber adquirido las informaciones oportunas y los dict\u00e1menes competentes\u00bb, el Papa decreta que \u00abse ampl\u00eden los espacios a disposici\u00f3n del Archivo Apost\u00f3lico y de la Biblioteca Apost\u00f3lica, utilizando parte del edificio y sus alrededores que en el \u00e1rea extraterritorial de San Juan de Letr\u00e1n alberga el Pontificio Seminario Romano Mayor\u00bb.<\/p>\n<p>Con esta finalidad, el Archivo y la Biblioteca \u00abcolaborar\u00e1n juntos en la realizaci\u00f3n de los trabajos, seg\u00fan sus respectivas competencias, observando las disposiciones vigentes, los procedimientos y las directrices que sean necesarios para una ordenada ejecuci\u00f3n de esta indispensable labor que la Sede de Pedro pone al servicio de la Iglesia y del mundo de la cultura\u00bb, estipula el documento.<\/p>\n<p><img loading=\"lazy\" decoding=\"async\" class=\"size-full wp-image-112813 alignnone\" src=\"https:\/\/exaudi.org\/wp-content\/uploads\/2024\/11\/cq5dam.thumbnail.cropped.1500.844-2.jpeg\" alt=\"\" width=\"993\" height=\"559\" srcset=\"https:\/\/exaudi.org\/wp-content\/uploads\/2024\/11\/cq5dam.thumbnail.cropped.1500.844-2.jpeg 993w, https:\/\/exaudi.org\/wp-content\/uploads\/2024\/11\/cq5dam.thumbnail.cropped.1500.844-2-300x169.jpeg 300w, https:\/\/exaudi.org\/wp-content\/uploads\/2024\/11\/cq5dam.thumbnail.cropped.1500.844-2-770x433.jpeg 770w, https:\/\/exaudi.org\/wp-content\/uploads\/2024\/11\/cq5dam.thumbnail.cropped.1500.844-2-500x281.jpeg 500w, https:\/\/exaudi.org\/wp-content\/uploads\/2024\/11\/cq5dam.thumbnail.cropped.1500.844-2-293x165.jpeg 293w, https:\/\/exaudi.org\/wp-content\/uploads\/2024\/11\/cq5dam.thumbnail.cropped.1500.844-2-390x220.jpeg 390w\" sizes=\"auto, (max-width: 993px) 100vw, 993px\" \/>Asimismo, el Pont\u00edfice encarga la constituci\u00f3n de una Comisi\u00f3n compuesta por representantes de la Secretar\u00eda de Estado, del Archivo Apost\u00f3lico Vaticano y de la Biblioteca Vaticana para determinar las categor\u00edas de documentos que se trasladar\u00e1n a las nuevas salas. A su vez, el Santo Padre aclara que la Comisi\u00f3n podr\u00e1 funcionar inmediatamente, en paralelo a los trabajos que se est\u00e1n llevando a cabo.<\/p>\n<p><iframe loading=\"lazy\" title=\"Una parte de la Biblioteca y del Archivo Vaticano ser\u00e1 deslocalizada\" width=\"500\" height=\"281\" src=\"https:\/\/www.youtube.com\/embed\/bOTqD6P00ug?feature=oembed\" frameborder=\"0\" allow=\"accelerometer; autoplay; clipboard-write; encrypted-media; gyroscope; picture-in-picture; web-share\" referrerpolicy=\"strict-origin-when-cross-origin\" allowfullscreen><\/iframe><\/p>\n","protected":false},"excerpt":{"rendered":"<p>El Santo Padre ha promulgado un quir\u00f3grafo para ampliar el espacio a disposici\u00f3n de las dos instituciones utilizando parte del edificio y sus alrededores en la zona del Pontificio Seminario Romano Mayor. Se formar\u00e1 una comisi\u00f3n de representantes de la Secretar\u00eda de Estado, del Archivo Apost\u00f3lico Vaticano y de la Biblioteca Apost\u00f3lica para determinar las categor\u00edas de documentos que se transferir\u00e1n a las nuevas salas<\/p>\n","protected":false},"author":15,"featured_media":112807,"comment_status":"closed","ping_status":"closed","sticky":false,"template":"","format":"standard","meta":{"_acf_changed":false,"_crdt_document":"","inline_featured_image":false,"footnotes":""},"categories":[132],"tags":[31750,4769,31757,31755,31751,31753,31758,31754,158,31761,26484,31759,31752,4423,31762,1891,31756,4953,272,31760],"class_list":["post-112805","post","type-post","status-publish","format-standard","has-post-thumbnail","hentry","category-vaticano-es","tag-archivo-apostolico-vaticano","tag-biblioteca-vaticana","tag-conservacion-de-bienes-vaticanos","tag-cultura-vaticana","tag-deslocalizacion","tag-documentos-vaticanos","tag-espacio-vaticano","tag-gestion-de-archivos","tag-papa-francisco","tag-patrimonio-cultural-de-la-iglesia","tag-patrimonio-vaticano","tag-pontifice","tag-pontificio-seminario-romano-mayor","tag-quirografo","tag-reubicacion-de-documentos-vaticanos","tag-santa-sede","tag-sede-de-pedro","tag-trending-es","tag-vaticano-es","tag-vaticano-2024"],"acf":[],"yoast_head":"<!-- This site is optimized with the Yoast SEO plugin v27.4 - https:\/\/yoast.com\/product\/yoast-seo-wordpress\/ -->\n<title>Una parte de la Biblioteca y del Archivo Vaticano ser\u00e1 deslocalizada &#8211; Exaudi<\/title>\n<meta name=\"robots\" content=\"index, follow, max-snippet:-1, max-image-preview:large, max-video-preview:-1\" \/>\n<link rel=\"canonical\" href=\"https:\/\/exaudi.org\/es\/una-parte-de-la-biblioteca-y-del-archivo-vaticano-sera-deslocalizada\/\" \/>\n<meta property=\"og:locale\" content=\"es_ES\" \/>\n<meta property=\"og:type\" content=\"article\" \/>\n<meta property=\"og:title\" content=\"Una parte de la Biblioteca y del Archivo Vaticano ser\u00e1 deslocalizada &#8211; Exaudi\" \/>\n<meta property=\"og:description\" content=\"El Santo Padre ha promulgado un quir\u00f3grafo para ampliar el espacio a disposici\u00f3n de las dos instituciones utilizando parte del edificio y sus alrededores en la zona del Pontificio Seminario Romano Mayor. Se formar\u00e1 una comisi\u00f3n de representantes de la Secretar\u00eda de Estado, del Archivo Apost\u00f3lico Vaticano y de la Biblioteca Apost\u00f3lica para determinar las categor\u00edas de documentos que se transferir\u00e1n a las nuevas salas\" \/>\n<meta property=\"og:url\" content=\"https:\/\/exaudi.org\/es\/una-parte-de-la-biblioteca-y-del-archivo-vaticano-sera-deslocalizada\/\" \/>\n<meta property=\"og:site_name\" content=\"Exaudi\" \/>\n<meta property=\"article:publisher\" content=\"https:\/\/www.facebook.com\/ExaudiNews\" \/>\n<meta property=\"article:author\" content=\"https:\/\/www.facebook.com\/ExaudiNoticias\/\" \/>\n<meta property=\"article:published_time\" content=\"2024-11-14T07:00:06+00:00\" \/>\n<meta property=\"og:image\" content=\"https:\/\/exaudi.org\/wp-content\/uploads\/2024\/11\/BibliotecaVaticana_25feb2016_AlexeyGotovskiy_CNA.webp\" \/>\n\t<meta property=\"og:image:width\" content=\"900\" \/>\n\t<meta property=\"og:image:height\" content=\"500\" \/>\n\t<meta property=\"og:image:type\" content=\"image\/webp\" \/>\n<meta name=\"author\" content=\"Exaudi Redacci\u00f3n\" \/>\n<meta name=\"twitter:card\" content=\"summary_large_image\" \/>\n<meta name=\"twitter:creator\" content=\"@Exaudi_noticias\" \/>\n<meta name=\"twitter:site\" content=\"@Exaudi_News\" \/>\n<meta name=\"twitter:label1\" content=\"Escrito por\" \/>\n\t<meta name=\"twitter:data1\" content=\"Exaudi Redacci\u00f3n\" \/>\n\t<meta name=\"twitter:label2\" content=\"Tiempo de lectura\" \/>\n\t<meta name=\"twitter:data2\" content=\"2 minutos\" \/>\n<script type=\"application\/ld+json\" class=\"yoast-schema-graph\">{\"@context\":\"https:\\\/\\\/schema.org\",\"@graph\":[{\"@type\":\"Article\",\"@id\":\"https:\\\/\\\/exaudi.org\\\/es\\\/una-parte-de-la-biblioteca-y-del-archivo-vaticano-sera-deslocalizada\\\/#article\",\"isPartOf\":{\"@id\":\"https:\\\/\\\/exaudi.org\\\/es\\\/una-parte-de-la-biblioteca-y-del-archivo-vaticano-sera-deslocalizada\\\/\"},\"author\":{\"name\":\"Exaudi Redacci\u00f3n\",\"@id\":\"https:\\\/\\\/exaudi.org\\\/#\\\/schema\\\/person\\\/f5fc8f063065e38742da7afe15f25df7\"},\"headline\":\"Una parte de la Biblioteca y del Archivo Vaticano ser\u00e1 deslocalizada\",\"datePublished\":\"2024-11-14T07:00:06+00:00\",\"mainEntityOfPage\":{\"@id\":\"https:\\\/\\\/exaudi.org\\\/es\\\/una-parte-de-la-biblioteca-y-del-archivo-vaticano-sera-deslocalizada\\\/\"},\"wordCount\":396,\"image\":{\"@id\":\"https:\\\/\\\/exaudi.org\\\/es\\\/una-parte-de-la-biblioteca-y-del-archivo-vaticano-sera-deslocalizada\\\/#primaryimage\"},\"thumbnailUrl\":\"https:\\\/\\\/exaudi.org\\\/wp-content\\\/uploads\\\/2024\\\/11\\\/BibliotecaVaticana_25feb2016_AlexeyGotovskiy_CNA.webp\",\"keywords\":[\"Archivo Apost\u00f3lico Vaticano\",\"Biblioteca Vaticana\",\"conservaci\u00f3n de bienes vaticanos\",\"cultura vaticana\",\"deslocalizaci\u00f3n\",\"documentos vaticanos\",\"espacio Vaticano\",\"gesti\u00f3n de archivos\",\"papa francisco\",\"patrimonio cultural de la Iglesia\",\"patrimonio vaticano\",\"Pont\u00edfice\",\"Pontificio Seminario Romano Mayor\",\"Quir\u00f3grafo\",\"reubicaci\u00f3n de documentos vaticanos\",\"Santa Sede\",\"Sede de Pedro\",\"Trending\",\"Vaticano\",\"Vaticano 2024\"],\"articleSection\":[\"Vaticano\"],\"inLanguage\":\"es\"},{\"@type\":\"WebPage\",\"@id\":\"https:\\\/\\\/exaudi.org\\\/es\\\/una-parte-de-la-biblioteca-y-del-archivo-vaticano-sera-deslocalizada\\\/\",\"url\":\"https:\\\/\\\/exaudi.org\\\/es\\\/una-parte-de-la-biblioteca-y-del-archivo-vaticano-sera-deslocalizada\\\/\",\"name\":\"Una parte de la Biblioteca y del Archivo Vaticano ser\u00e1 deslocalizada &#8211; Exaudi\",\"isPartOf\":{\"@id\":\"https:\\\/\\\/exaudi.org\\\/#website\"},\"primaryImageOfPage\":{\"@id\":\"https:\\\/\\\/exaudi.org\\\/es\\\/una-parte-de-la-biblioteca-y-del-archivo-vaticano-sera-deslocalizada\\\/#primaryimage\"},\"image\":{\"@id\":\"https:\\\/\\\/exaudi.org\\\/es\\\/una-parte-de-la-biblioteca-y-del-archivo-vaticano-sera-deslocalizada\\\/#primaryimage\"},\"thumbnailUrl\":\"https:\\\/\\\/exaudi.org\\\/wp-content\\\/uploads\\\/2024\\\/11\\\/BibliotecaVaticana_25feb2016_AlexeyGotovskiy_CNA.webp\",\"datePublished\":\"2024-11-14T07:00:06+00:00\",\"author\":{\"@id\":\"https:\\\/\\\/exaudi.org\\\/#\\\/schema\\\/person\\\/f5fc8f063065e38742da7afe15f25df7\"},\"breadcrumb\":{\"@id\":\"https:\\\/\\\/exaudi.org\\\/es\\\/una-parte-de-la-biblioteca-y-del-archivo-vaticano-sera-deslocalizada\\\/#breadcrumb\"},\"inLanguage\":\"es\",\"potentialAction\":[{\"@type\":\"ReadAction\",\"target\":[\"https:\\\/\\\/exaudi.org\\\/es\\\/una-parte-de-la-biblioteca-y-del-archivo-vaticano-sera-deslocalizada\\\/\"]}]},{\"@type\":\"ImageObject\",\"inLanguage\":\"es\",\"@id\":\"https:\\\/\\\/exaudi.org\\\/es\\\/una-parte-de-la-biblioteca-y-del-archivo-vaticano-sera-deslocalizada\\\/#primaryimage\",\"url\":\"https:\\\/\\\/exaudi.org\\\/wp-content\\\/uploads\\\/2024\\\/11\\\/BibliotecaVaticana_25feb2016_AlexeyGotovskiy_CNA.webp\",\"contentUrl\":\"https:\\\/\\\/exaudi.org\\\/wp-content\\\/uploads\\\/2024\\\/11\\\/BibliotecaVaticana_25feb2016_AlexeyGotovskiy_CNA.webp\",\"width\":900,\"height\":500},{\"@type\":\"BreadcrumbList\",\"@id\":\"https:\\\/\\\/exaudi.org\\\/es\\\/una-parte-de-la-biblioteca-y-del-archivo-vaticano-sera-deslocalizada\\\/#breadcrumb\",\"itemListElement\":[{\"@type\":\"ListItem\",\"position\":1,\"name\":\"Portada\",\"item\":\"https:\\\/\\\/exaudi.org\\\/es\\\/\"},{\"@type\":\"ListItem\",\"position\":2,\"name\":\"Una parte de la Biblioteca y del Archivo Vaticano ser\u00e1 deslocalizada\"}]},{\"@type\":\"WebSite\",\"@id\":\"https:\\\/\\\/exaudi.org\\\/#website\",\"url\":\"https:\\\/\\\/exaudi.org\\\/\",\"name\":\"Exaudi\",\"description\":\"News\",\"potentialAction\":[{\"@type\":\"SearchAction\",\"target\":{\"@type\":\"EntryPoint\",\"urlTemplate\":\"https:\\\/\\\/exaudi.org\\\/?s={search_term_string}\"},\"query-input\":{\"@type\":\"PropertyValueSpecification\",\"valueRequired\":true,\"valueName\":\"search_term_string\"}}],\"inLanguage\":\"es\"},{\"@type\":\"Person\",\"@id\":\"https:\\\/\\\/exaudi.org\\\/#\\\/schema\\\/person\\\/f5fc8f063065e38742da7afe15f25df7\",\"name\":\"Exaudi Redacci\u00f3n\",\"image\":{\"@type\":\"ImageObject\",\"inLanguage\":\"es\",\"@id\":\"https:\\\/\\\/secure.gravatar.com\\\/avatar\\\/fe0f6a059fb68d9b3e11bc5850dd4899b1c7492091a3cb6dd9b01b56ad828be2?s=96&d=mm&r=g\",\"url\":\"https:\\\/\\\/secure.gravatar.com\\\/avatar\\\/fe0f6a059fb68d9b3e11bc5850dd4899b1c7492091a3cb6dd9b01b56ad828be2?s=96&d=mm&r=g\",\"contentUrl\":\"https:\\\/\\\/secure.gravatar.com\\\/avatar\\\/fe0f6a059fb68d9b3e11bc5850dd4899b1c7492091a3cb6dd9b01b56ad828be2?s=96&d=mm&r=g\",\"caption\":\"Exaudi Redacci\u00f3n\"},\"description\":\"\u00bfQu\u00e9 es Exaudi News? Exaudi News es un medio de comunicaci\u00f3n cat\u00f3lico internacional que informa, forma y transforma, diariamente en espa\u00f1ol, ingl\u00e9s e italiano. A trav\u00e9s de noticias, art\u00edculos de an\u00e1lisis y transmisiones en directo de los eventos del Papa, Exaudi busca fortalecer la unidad de los cristianos y contribuir a la evangelizaci\u00f3n del mundo, siempre guiados por la doctrina social de la Iglesia. Trabajamos para acercar la verdad y los valores cristianos a cada rinc\u00f3n del planeta. \u00a1Ay\u00fadanos a transformar el mundo con Exaudi! En Exaudi creemos que la evangelizaci\u00f3n y la informaci\u00f3n de calidad pueden cambiar vidas. Para continuar con nuestra misi\u00f3n y expandir nuestro alcance, necesitamos tu ayuda. Adem\u00e1s, buscamos personas comprometidas que deseen unirse a nuestro equipo. Con tu apoyo, lograremos llegar a m\u00e1s personas, difundir el mensaje de Cristo y reforzar la unidad de los cristianos. \u00bfTe unes a nuestra misi\u00f3n? Para m\u00e1s informaci\u00f3n sobre c\u00f3mo colaborar, visita Exaudi.org\\\/es o cont\u00e1ctanos directamente: info@exaudi.org Exaudi: Informa, forma y transforma.\",\"sameAs\":[\"https:\\\/\\\/www.facebook.com\\\/ExaudiNoticias\\\/\",\"https:\\\/\\\/www.instagram.com\\\/exaudi_noticias\\\/\",\"https:\\\/\\\/x.com\\\/Exaudi_noticias\",\"https:\\\/\\\/www.youtube.com\\\/@exaudicatholicnews\"],\"url\":\"https:\\\/\\\/exaudi.org\\\/es\\\/author\\\/redaccionexaudi\\\/\"}]}<\/script>\n<!-- \/ Yoast SEO plugin. -->","yoast_head_json":{"title":"Una parte de la Biblioteca y del Archivo Vaticano ser\u00e1 deslocalizada &#8211; Exaudi","robots":{"index":"index","follow":"follow","max-snippet":"max-snippet:-1","max-image-preview":"max-image-preview:large","max-video-preview":"max-video-preview:-1"},"canonical":"https:\/\/exaudi.org\/es\/una-parte-de-la-biblioteca-y-del-archivo-vaticano-sera-deslocalizada\/","og_locale":"es_ES","og_type":"article","og_title":"Una parte de la Biblioteca y del Archivo Vaticano ser\u00e1 deslocalizada &#8211; Exaudi","og_description":"El Santo Padre ha promulgado un quir\u00f3grafo para ampliar el espacio a disposici\u00f3n de las dos instituciones utilizando parte del edificio y sus alrededores en la zona del Pontificio Seminario Romano Mayor. Se formar\u00e1 una comisi\u00f3n de representantes de la Secretar\u00eda de Estado, del Archivo Apost\u00f3lico Vaticano y de la Biblioteca Apost\u00f3lica para determinar las categor\u00edas de documentos que se transferir\u00e1n a las nuevas salas","og_url":"https:\/\/exaudi.org\/es\/una-parte-de-la-biblioteca-y-del-archivo-vaticano-sera-deslocalizada\/","og_site_name":"Exaudi","article_publisher":"https:\/\/www.facebook.com\/ExaudiNews","article_author":"https:\/\/www.facebook.com\/ExaudiNoticias\/","article_published_time":"2024-11-14T07:00:06+00:00","og_image":[{"width":900,"height":500,"url":"https:\/\/exaudi.org\/wp-content\/uploads\/2024\/11\/BibliotecaVaticana_25feb2016_AlexeyGotovskiy_CNA.webp","type":"image\/webp"}],"author":"Exaudi Redacci\u00f3n","twitter_card":"summary_large_image","twitter_creator":"@Exaudi_noticias","twitter_site":"@Exaudi_News","twitter_misc":{"Escrito por":"Exaudi Redacci\u00f3n","Tiempo de lectura":"2 minutos"},"schema":{"@context":"https:\/\/schema.org","@graph":[{"@type":"Article","@id":"https:\/\/exaudi.org\/es\/una-parte-de-la-biblioteca-y-del-archivo-vaticano-sera-deslocalizada\/#article","isPartOf":{"@id":"https:\/\/exaudi.org\/es\/una-parte-de-la-biblioteca-y-del-archivo-vaticano-sera-deslocalizada\/"},"author":{"name":"Exaudi Redacci\u00f3n","@id":"https:\/\/exaudi.org\/#\/schema\/person\/f5fc8f063065e38742da7afe15f25df7"},"headline":"Una parte de la Biblioteca y del Archivo Vaticano ser\u00e1 deslocalizada","datePublished":"2024-11-14T07:00:06+00:00","mainEntityOfPage":{"@id":"https:\/\/exaudi.org\/es\/una-parte-de-la-biblioteca-y-del-archivo-vaticano-sera-deslocalizada\/"},"wordCount":396,"image":{"@id":"https:\/\/exaudi.org\/es\/una-parte-de-la-biblioteca-y-del-archivo-vaticano-sera-deslocalizada\/#primaryimage"},"thumbnailUrl":"https:\/\/exaudi.org\/wp-content\/uploads\/2024\/11\/BibliotecaVaticana_25feb2016_AlexeyGotovskiy_CNA.webp","keywords":["Archivo Apost\u00f3lico Vaticano","Biblioteca Vaticana","conservaci\u00f3n de bienes vaticanos","cultura vaticana","deslocalizaci\u00f3n","documentos vaticanos","espacio Vaticano","gesti\u00f3n de archivos","papa francisco","patrimonio cultural de la Iglesia","patrimonio vaticano","Pont\u00edfice","Pontificio Seminario Romano Mayor","Quir\u00f3grafo","reubicaci\u00f3n de documentos vaticanos","Santa Sede","Sede de Pedro","Trending","Vaticano","Vaticano 2024"],"articleSection":["Vaticano"],"inLanguage":"es"},{"@type":"WebPage","@id":"https:\/\/exaudi.org\/es\/una-parte-de-la-biblioteca-y-del-archivo-vaticano-sera-deslocalizada\/","url":"https:\/\/exaudi.org\/es\/una-parte-de-la-biblioteca-y-del-archivo-vaticano-sera-deslocalizada\/","name":"Una parte de la Biblioteca y del Archivo Vaticano ser\u00e1 deslocalizada &#8211; Exaudi","isPartOf":{"@id":"https:\/\/exaudi.org\/#website"},"primaryImageOfPage":{"@id":"https:\/\/exaudi.org\/es\/una-parte-de-la-biblioteca-y-del-archivo-vaticano-sera-deslocalizada\/#primaryimage"},"image":{"@id":"https:\/\/exaudi.org\/es\/una-parte-de-la-biblioteca-y-del-archivo-vaticano-sera-deslocalizada\/#primaryimage"},"thumbnailUrl":"https:\/\/exaudi.org\/wp-content\/uploads\/2024\/11\/BibliotecaVaticana_25feb2016_AlexeyGotovskiy_CNA.webp","datePublished":"2024-11-14T07:00:06+00:00","author":{"@id":"https:\/\/exaudi.org\/#\/schema\/person\/f5fc8f063065e38742da7afe15f25df7"},"breadcrumb":{"@id":"https:\/\/exaudi.org\/es\/una-parte-de-la-biblioteca-y-del-archivo-vaticano-sera-deslocalizada\/#breadcrumb"},"inLanguage":"es","potentialAction":[{"@type":"ReadAction","target":["https:\/\/exaudi.org\/es\/una-parte-de-la-biblioteca-y-del-archivo-vaticano-sera-deslocalizada\/"]}]},{"@type":"ImageObject","inLanguage":"es","@id":"https:\/\/exaudi.org\/es\/una-parte-de-la-biblioteca-y-del-archivo-vaticano-sera-deslocalizada\/#primaryimage","url":"https:\/\/exaudi.org\/wp-content\/uploads\/2024\/11\/BibliotecaVaticana_25feb2016_AlexeyGotovskiy_CNA.webp","contentUrl":"https:\/\/exaudi.org\/wp-content\/uploads\/2024\/11\/BibliotecaVaticana_25feb2016_AlexeyGotovskiy_CNA.webp","width":900,"height":500},{"@type":"BreadcrumbList","@id":"https:\/\/exaudi.org\/es\/una-parte-de-la-biblioteca-y-del-archivo-vaticano-sera-deslocalizada\/#breadcrumb","itemListElement":[{"@type":"ListItem","position":1,"name":"Portada","item":"https:\/\/exaudi.org\/es\/"},{"@type":"ListItem","position":2,"name":"Una parte de la Biblioteca y del Archivo Vaticano ser\u00e1 deslocalizada"}]},{"@type":"WebSite","@id":"https:\/\/exaudi.org\/#website","url":"https:\/\/exaudi.org\/","name":"Exaudi","description":"News","potentialAction":[{"@type":"SearchAction","target":{"@type":"EntryPoint","urlTemplate":"https:\/\/exaudi.org\/?s={search_term_string}"},"query-input":{"@type":"PropertyValueSpecification","valueRequired":true,"valueName":"search_term_string"}}],"inLanguage":"es"},{"@type":"Person","@id":"https:\/\/exaudi.org\/#\/schema\/person\/f5fc8f063065e38742da7afe15f25df7","name":"Exaudi Redacci\u00f3n","image":{"@type":"ImageObject","inLanguage":"es","@id":"https:\/\/secure.gravatar.com\/avatar\/fe0f6a059fb68d9b3e11bc5850dd4899b1c7492091a3cb6dd9b01b56ad828be2?s=96&d=mm&r=g","url":"https:\/\/secure.gravatar.com\/avatar\/fe0f6a059fb68d9b3e11bc5850dd4899b1c7492091a3cb6dd9b01b56ad828be2?s=96&d=mm&r=g","contentUrl":"https:\/\/secure.gravatar.com\/avatar\/fe0f6a059fb68d9b3e11bc5850dd4899b1c7492091a3cb6dd9b01b56ad828be2?s=96&d=mm&r=g","caption":"Exaudi Redacci\u00f3n"},"description":"\u00bfQu\u00e9 es Exaudi News? Exaudi News es un medio de comunicaci\u00f3n cat\u00f3lico internacional que informa, forma y transforma, diariamente en espa\u00f1ol, ingl\u00e9s e italiano. A trav\u00e9s de noticias, art\u00edculos de an\u00e1lisis y transmisiones en directo de los eventos del Papa, Exaudi busca fortalecer la unidad de los cristianos y contribuir a la evangelizaci\u00f3n del mundo, siempre guiados por la doctrina social de la Iglesia. Trabajamos para acercar la verdad y los valores cristianos a cada rinc\u00f3n del planeta. \u00a1Ay\u00fadanos a transformar el mundo con Exaudi! En Exaudi creemos que la evangelizaci\u00f3n y la informaci\u00f3n de calidad pueden cambiar vidas. Para continuar con nuestra misi\u00f3n y expandir nuestro alcance, necesitamos tu ayuda. Adem\u00e1s, buscamos personas comprometidas que deseen unirse a nuestro equipo. Con tu apoyo, lograremos llegar a m\u00e1s personas, difundir el mensaje de Cristo y reforzar la unidad de los cristianos. \u00bfTe unes a nuestra misi\u00f3n? Para m\u00e1s informaci\u00f3n sobre c\u00f3mo colaborar, visita Exaudi.org\/es o cont\u00e1ctanos directamente: info@exaudi.org Exaudi: Informa, forma y transforma.","sameAs":["https:\/\/www.facebook.com\/ExaudiNoticias\/","https:\/\/www.instagram.com\/exaudi_noticias\/","https:\/\/x.com\/Exaudi_noticias","https:\/\/www.youtube.com\/@exaudicatholicnews"],"url":"https:\/\/exaudi.org\/es\/author\/redaccionexaudi\/"}]}},"jetpack_featured_media_url":"https:\/\/exaudi.org\/wp-content\/uploads\/2024\/11\/BibliotecaVaticana_25feb2016_AlexeyGotovskiy_CNA.webp","jetpack_shortlink":"https:\/\/wp.me\/pgKjF2-tlr","_links":{"self":[{"href":"https:\/\/exaudi.org\/es\/wp-json\/wp\/v2\/posts\/112805","targetHints":{"allow":["GET"]}}],"collection":[{"href":"https:\/\/exaudi.org\/es\/wp-json\/wp\/v2\/posts"}],"about":[{"href":"https:\/\/exaudi.org\/es\/wp-json\/wp\/v2\/types\/post"}],"author":[{"embeddable":true,"href":"https:\/\/exaudi.org\/es\/wp-json\/wp\/v2\/users\/15"}],"replies":[{"embeddable":true,"href":"https:\/\/exaudi.org\/es\/wp-json\/wp\/v2\/comments?post=112805"}],"version-history":[{"count":0,"href":"https:\/\/exaudi.org\/es\/wp-json\/wp\/v2\/posts\/112805\/revisions"}],"wp:featuredmedia":[{"embeddable":true,"href":"https:\/\/exaudi.org\/es\/wp-json\/wp\/v2\/media\/112807"}],"wp:attachment":[{"href":"https:\/\/exaudi.org\/es\/wp-json\/wp\/v2\/media?parent=112805"}],"wp:term":[{"taxonomy":"category","embeddable":true,"href":"https:\/\/exaudi.org\/es\/wp-json\/wp\/v2\/categories?post=112805"},{"taxonomy":"post_tag","embeddable":true,"href":"https:\/\/exaudi.org\/es\/wp-json\/wp\/v2\/tags?post=112805"}],"curies":[{"name":"wp","href":"https:\/\/api.w.org\/{rel}","templated":true}]}}