{"id":112679,"date":"2024-11-12T11:18:01","date_gmt":"2024-11-12T10:18:01","guid":{"rendered":"https:\/\/exaudi.org\/?p=112679"},"modified":"2024-11-12T11:22:27","modified_gmt":"2024-11-12T10:22:27","slug":"relanzamiento-de-la-escuela-de-lideres-catolicos-de-madrid","status":"publish","type":"post","link":"https:\/\/exaudi.org\/es\/relanzamiento-de-la-escuela-de-lideres-catolicos-de-madrid\/","title":{"rendered":"Relanzamiento de la Escuela de L\u00edderes Cat\u00f3licos de Madrid"},"content":{"rendered":"<p>El pr\u00f3ximo martes 26 de noviembre, se llevar\u00e1 a cabo un evento significativo para la comunidad cat\u00f3lica y acad\u00e9mica de Madrid: la <strong>Jornada Internacional<\/strong> organizada por la Delegaci\u00f3n de J\u00f3venes-Pastoral Universitaria de la Archidi\u00f3cesis de Madrid, en colaboraci\u00f3n con la Academia Internacional de L\u00edderes Cat\u00f3licos y la Universidad Complutense de Madrid. Este evento marca el relanzamiento de la Escuela de L\u00edderes Cat\u00f3licos de Madrid bajo el liderazgo de la Pastoral Juvenil de la Archidi\u00f3cesis, encabezada por Laura Moreno.<\/p>\n<p>La jornada se desarrollar\u00e1 en el Aula de Grados de la Facultad de Derecho de la Universidad Complutense, iniciando a las 17:00 horas. La agenda del evento incluye intervenciones de personalidades destacadas como el Cardenal Arzobispo de Madrid, Jos\u00e9 Cobo Cano, y el Vicerrector de la Universidad Complutense, Jos\u00e9 Mar\u00eda Coello de Portugal. Adem\u00e1s, se presentar\u00e1 oficialmente la Academia Internacional de L\u00edderes Cat\u00f3licos a cargo de su director general, Jos\u00e9 Antonio Rosas.<\/p>\n<p>Uno de los puntos centrales del evento ser\u00e1 la mesa de di\u00e1logo titulada <strong>\u00abUna nueva pol\u00edtica para un mundo en cambio: \u00e9tica y regeneraci\u00f3n democr\u00e1tica\u00bb<\/strong>, en la que participar\u00e1n figuras relevantes como:<\/p>\n<ul>\n<li><strong>Rocco Buttiglione<\/strong>, presidente de la AILC y exministro del Gobierno de Italia.<\/li>\n<li><strong>Gonzalo Robles Orozco<\/strong>, senador del PP y presidente de la Comisi\u00f3n de cooperaci\u00f3n internacional para el desarrollo.<\/li>\n<li><strong>Ignacio de Benito P\u00e9rez<\/strong>, concejal del PSOE en el Ayuntamiento de Madrid.<\/li>\n<li>Moderar\u00e1 la mesa <strong>Sara de la Torre<\/strong>, delegada de medios del arzobispado.<\/li>\n<\/ul>\n<p>Este encuentro busca ofrecer un espacio de reflexi\u00f3n y di\u00e1logo sobre la \u00e9tica y la regeneraci\u00f3n democr\u00e1tica en el contexto actual, involucrando a l\u00edderes religiosos, acad\u00e9micos y pol\u00edticos. La participaci\u00f3n de estas personalidades promete enriquecer el debate y aportar diversas perspectivas sobre temas cruciales para la sociedad contempor\u00e1nea.<\/p>\n<p>La organizaci\u00f3n hace un llamado a todos los interesados a asistir y contribuir a la difusi\u00f3n de este evento entre sus contactos en Madrid. La jornada representa una oportunidad invaluable para quienes buscan profundizar en el liderazgo cat\u00f3lico y su influencia en la sociedad.<\/p>\n<p><strong>Detalles del evento:<\/strong><\/p>\n<ul>\n<li><strong>Fecha<\/strong>: Martes, 26 de noviembre<\/li>\n<li><strong>Hora<\/strong>: 17:00 horas<\/li>\n<li><strong>Lugar<\/strong>: Aula de Grados, Facultad de Derecho, Universidad Complutense de Madrid<\/li>\n<\/ul>\n<p>No te pierdas esta oportunidad de participar en un evento que promete ser un punto de inflexi\u00f3n para la formaci\u00f3n de l\u00edderes cat\u00f3licos en Madrid.<\/p>\n","protected":false},"excerpt":{"rendered":"<p>Jornada Internacional en la Universidad Complutense de Madrid con la participaci\u00f3n de destacados l\u00edderes religiosos y pol\u00edticos<\/p>\n","protected":false},"author":107,"featured_media":112680,"comment_status":"closed","ping_status":"closed","sticky":false,"template":"","format":"standard","meta":{"_acf_changed":false,"_crdt_document":"","inline_featured_image":false,"footnotes":""},"categories":[],"tags":[765,11767,3089,31485,21867,1008,1793,31491,31488,31489,31481,9414,31487,31484,21872,3269,4480,9230,2191,31490,31482,7284,31483,31486],"class_list":["post-112679","post","type-post","status-publish","format-standard","has-post-thumbnail","hentry","tag-academia-de-lideres-catolicos","tag-academia-internacional-de-lideres-catolicos","tag-archidiocesis-de-madrid","tag-cardenal-arzobispo-de-madrid","tag-escuela-de-lideres-catolicos","tag-espana","tag-etica","tag-evento-catolico","tag-gonzalo-robles-orozco","tag-ignacio-de-benito-perez","tag-jornada-internacional","tag-jose-cobo-cano","tag-jose-maria-coello-de-portugal","tag-laura-moreno","tag-liderazgo-catolico","tag-lideres-politicos","tag-lideres-religiosos","tag-madrid-2","tag-pastoral-universitaria","tag-regeneracion-democratica","tag-relanzamiento","tag-sociedad","tag-universidad-complutense","tag-vicerrector"],"acf":[],"yoast_head":"<!-- This site is optimized with the Yoast SEO plugin v27.4 - https:\/\/yoast.com\/product\/yoast-seo-wordpress\/ -->\n<title>Relanzamiento de la Escuela de L\u00edderes Cat\u00f3licos de Madrid &#8211; Exaudi<\/title>\n<meta name=\"robots\" content=\"index, follow, max-snippet:-1, max-image-preview:large, max-video-preview:-1\" \/>\n<link rel=\"canonical\" href=\"https:\/\/exaudi.org\/es\/relanzamiento-de-la-escuela-de-lideres-catolicos-de-madrid\/\" \/>\n<meta property=\"og:locale\" content=\"es_ES\" \/>\n<meta property=\"og:type\" content=\"article\" \/>\n<meta property=\"og:title\" content=\"Relanzamiento de la Escuela de L\u00edderes Cat\u00f3licos de Madrid &#8211; Exaudi\" \/>\n<meta property=\"og:description\" content=\"Jornada Internacional en la Universidad Complutense de Madrid con la participaci\u00f3n de destacados l\u00edderes religiosos y pol\u00edticos\" \/>\n<meta property=\"og:url\" content=\"https:\/\/exaudi.org\/es\/relanzamiento-de-la-escuela-de-lideres-catolicos-de-madrid\/\" \/>\n<meta property=\"og:site_name\" content=\"Exaudi\" \/>\n<meta property=\"article:publisher\" content=\"https:\/\/www.facebook.com\/ExaudiNews\" \/>\n<meta property=\"article:published_time\" content=\"2024-11-12T10:18:01+00:00\" \/>\n<meta property=\"article:modified_time\" content=\"2024-11-12T10:22:27+00:00\" \/>\n<meta property=\"og:image\" content=\"https:\/\/exaudi.org\/wp-content\/uploads\/2024\/11\/pexels-alexazabache-3757144-scaled.jpg\" \/>\n\t<meta property=\"og:image:width\" content=\"2560\" \/>\n\t<meta property=\"og:image:height\" content=\"1707\" \/>\n\t<meta property=\"og:image:type\" content=\"image\/jpeg\" \/>\n<meta name=\"author\" content=\"Academia de L\u00edderes Cat\u00f3licos\" \/>\n<meta name=\"twitter:card\" content=\"summary_large_image\" \/>\n<meta name=\"twitter:creator\" content=\"@Exaudi_News\" \/>\n<meta name=\"twitter:site\" content=\"@Exaudi_News\" \/>\n<meta name=\"twitter:label1\" content=\"Escrito por\" \/>\n\t<meta name=\"twitter:data1\" content=\"Academia de L\u00edderes Cat\u00f3licos\" \/>\n\t<meta name=\"twitter:label2\" content=\"Tiempo de lectura\" \/>\n\t<meta name=\"twitter:data2\" content=\"2 minutos\" \/>\n<script type=\"application\/ld+json\" class=\"yoast-schema-graph\">{\"@context\":\"https:\\\/\\\/schema.org\",\"@graph\":[{\"@type\":\"Article\",\"@id\":\"https:\\\/\\\/exaudi.org\\\/es\\\/relanzamiento-de-la-escuela-de-lideres-catolicos-de-madrid\\\/#article\",\"isPartOf\":{\"@id\":\"https:\\\/\\\/exaudi.org\\\/es\\\/relanzamiento-de-la-escuela-de-lideres-catolicos-de-madrid\\\/\"},\"author\":{\"name\":\"Academia de L\u00edderes Cat\u00f3licos\",\"@id\":\"https:\\\/\\\/exaudi.org\\\/#\\\/schema\\\/person\\\/334968a332d5dad9f94e08897852c6af\"},\"headline\":\"Relanzamiento de la Escuela de L\u00edderes Cat\u00f3licos de Madrid\",\"datePublished\":\"2024-11-12T10:18:01+00:00\",\"dateModified\":\"2024-11-12T10:22:27+00:00\",\"mainEntityOfPage\":{\"@id\":\"https:\\\/\\\/exaudi.org\\\/es\\\/relanzamiento-de-la-escuela-de-lideres-catolicos-de-madrid\\\/\"},\"wordCount\":421,\"image\":{\"@id\":\"https:\\\/\\\/exaudi.org\\\/es\\\/relanzamiento-de-la-escuela-de-lideres-catolicos-de-madrid\\\/#primaryimage\"},\"thumbnailUrl\":\"https:\\\/\\\/exaudi.org\\\/wp-content\\\/uploads\\\/2024\\\/11\\\/pexels-alexazabache-3757144-scaled.jpg\",\"keywords\":[\"Academia de L\u00edderes Cat\u00f3licos\",\"Academia Internacional de L\u00edderes Cat\u00f3licos\",\"Archidi\u00f3cesis de Madrid\",\"Cardenal Arzobispo de Madrid\",\"Escuela de L\u00edderes Cat\u00f3licos\",\"Espa\u00f1a\",\"\u00c9tica\",\"evento cat\u00f3lico\",\"Gonzalo Robles Orozco\",\"Ignacio de Benito P\u00e9rez\",\"Jornada Internacional\",\"Jos\u00e9 Cobo Cano\",\"Jos\u00e9 Mar\u00eda Coello de Portugal\",\"Laura Moreno\",\"liderazgo cat\u00f3lico\",\"L\u00edderes pol\u00edticos\",\"L\u00edderes religiosos\",\"Madrid\",\"Pastoral Universitaria\",\"regeneraci\u00f3n democr\u00e1tica\",\"Relanzamiento\",\"Sociedad\",\"Universidad Complutense\",\"Vicerrector\"],\"inLanguage\":\"es\"},{\"@type\":\"WebPage\",\"@id\":\"https:\\\/\\\/exaudi.org\\\/es\\\/relanzamiento-de-la-escuela-de-lideres-catolicos-de-madrid\\\/\",\"url\":\"https:\\\/\\\/exaudi.org\\\/es\\\/relanzamiento-de-la-escuela-de-lideres-catolicos-de-madrid\\\/\",\"name\":\"Relanzamiento de la Escuela de L\u00edderes Cat\u00f3licos de Madrid &#8211; Exaudi\",\"isPartOf\":{\"@id\":\"https:\\\/\\\/exaudi.org\\\/#website\"},\"primaryImageOfPage\":{\"@id\":\"https:\\\/\\\/exaudi.org\\\/es\\\/relanzamiento-de-la-escuela-de-lideres-catolicos-de-madrid\\\/#primaryimage\"},\"image\":{\"@id\":\"https:\\\/\\\/exaudi.org\\\/es\\\/relanzamiento-de-la-escuela-de-lideres-catolicos-de-madrid\\\/#primaryimage\"},\"thumbnailUrl\":\"https:\\\/\\\/exaudi.org\\\/wp-content\\\/uploads\\\/2024\\\/11\\\/pexels-alexazabache-3757144-scaled.jpg\",\"datePublished\":\"2024-11-12T10:18:01+00:00\",\"dateModified\":\"2024-11-12T10:22:27+00:00\",\"author\":{\"@id\":\"https:\\\/\\\/exaudi.org\\\/#\\\/schema\\\/person\\\/334968a332d5dad9f94e08897852c6af\"},\"breadcrumb\":{\"@id\":\"https:\\\/\\\/exaudi.org\\\/es\\\/relanzamiento-de-la-escuela-de-lideres-catolicos-de-madrid\\\/#breadcrumb\"},\"inLanguage\":\"es\",\"potentialAction\":[{\"@type\":\"ReadAction\",\"target\":[\"https:\\\/\\\/exaudi.org\\\/es\\\/relanzamiento-de-la-escuela-de-lideres-catolicos-de-madrid\\\/\"]}]},{\"@type\":\"ImageObject\",\"inLanguage\":\"es\",\"@id\":\"https:\\\/\\\/exaudi.org\\\/es\\\/relanzamiento-de-la-escuela-de-lideres-catolicos-de-madrid\\\/#primaryimage\",\"url\":\"https:\\\/\\\/exaudi.org\\\/wp-content\\\/uploads\\\/2024\\\/11\\\/pexels-alexazabache-3757144-scaled.jpg\",\"contentUrl\":\"https:\\\/\\\/exaudi.org\\\/wp-content\\\/uploads\\\/2024\\\/11\\\/pexels-alexazabache-3757144-scaled.jpg\",\"width\":2560,\"height\":1707},{\"@type\":\"BreadcrumbList\",\"@id\":\"https:\\\/\\\/exaudi.org\\\/es\\\/relanzamiento-de-la-escuela-de-lideres-catolicos-de-madrid\\\/#breadcrumb\",\"itemListElement\":[{\"@type\":\"ListItem\",\"position\":1,\"name\":\"Portada\",\"item\":\"https:\\\/\\\/exaudi.org\\\/es\\\/\"},{\"@type\":\"ListItem\",\"position\":2,\"name\":\"Relanzamiento de la Escuela de L\u00edderes Cat\u00f3licos de Madrid\"}]},{\"@type\":\"WebSite\",\"@id\":\"https:\\\/\\\/exaudi.org\\\/#website\",\"url\":\"https:\\\/\\\/exaudi.org\\\/\",\"name\":\"Exaudi\",\"description\":\"News\",\"potentialAction\":[{\"@type\":\"SearchAction\",\"target\":{\"@type\":\"EntryPoint\",\"urlTemplate\":\"https:\\\/\\\/exaudi.org\\\/?s={search_term_string}\"},\"query-input\":{\"@type\":\"PropertyValueSpecification\",\"valueRequired\":true,\"valueName\":\"search_term_string\"}}],\"inLanguage\":\"es\"},{\"@type\":\"Person\",\"@id\":\"https:\\\/\\\/exaudi.org\\\/#\\\/schema\\\/person\\\/334968a332d5dad9f94e08897852c6af\",\"name\":\"Academia de L\u00edderes Cat\u00f3licos\",\"image\":{\"@type\":\"ImageObject\",\"inLanguage\":\"es\",\"@id\":\"https:\\\/\\\/secure.gravatar.com\\\/avatar\\\/80d80b1e34d8fa01f6b95d10e695853ca4ea7e054050e21ad1a15d546d4600ca?s=96&d=mm&r=g\",\"url\":\"https:\\\/\\\/secure.gravatar.com\\\/avatar\\\/80d80b1e34d8fa01f6b95d10e695853ca4ea7e054050e21ad1a15d546d4600ca?s=96&d=mm&r=g\",\"contentUrl\":\"https:\\\/\\\/secure.gravatar.com\\\/avatar\\\/80d80b1e34d8fa01f6b95d10e695853ca4ea7e054050e21ad1a15d546d4600ca?s=96&d=mm&r=g\",\"caption\":\"Academia de L\u00edderes Cat\u00f3licos\"},\"description\":\"Es una fundaci\u00f3n de derecho privado sin fines de lucro que busca formar cat\u00f3licos que a partir de la experiencia cristiana desarrollen su vocaci\u00f3n pol\u00edtica con la ayuda de la Doctrina Social de la Iglesia. La Academia Latinoamericana de L\u00edderes Cat\u00f3licos tiene como misi\u00f3n, formar l\u00edderes desde una perspectiva cat\u00f3lica, arraigados en la fe de la Iglesia, para transformar el mundo social, pol\u00edtico y econ\u00f3mico a la luz de la Doctrina Social de la Iglesia. Formar una nueva generaci\u00f3n de cat\u00f3licos latinoamericanos con responsabilidades pol\u00edticas y sociales para que transformen el rostro del continente al servicio de sus pueblos, a la luz del Magisterio de la Iglesia y de cara a los Jubileos del V Centenario Guadalupano y de los dos mil a\u00f1os de la redenci\u00f3n.\",\"sameAs\":[\"https:\\\/\\\/liderescatolicos.net\\\/\",\"https:\\\/\\\/www.youtube.com\\\/c\\\/LderesCatlicos\"],\"url\":\"https:\\\/\\\/exaudi.org\\\/es\\\/author\\\/academia-de-lideres-catolicos\\\/\"}]}<\/script>\n<!-- \/ Yoast SEO plugin. -->","yoast_head_json":{"title":"Relanzamiento de la Escuela de L\u00edderes Cat\u00f3licos de Madrid &#8211; Exaudi","robots":{"index":"index","follow":"follow","max-snippet":"max-snippet:-1","max-image-preview":"max-image-preview:large","max-video-preview":"max-video-preview:-1"},"canonical":"https:\/\/exaudi.org\/es\/relanzamiento-de-la-escuela-de-lideres-catolicos-de-madrid\/","og_locale":"es_ES","og_type":"article","og_title":"Relanzamiento de la Escuela de L\u00edderes Cat\u00f3licos de Madrid &#8211; Exaudi","og_description":"Jornada Internacional en la Universidad Complutense de Madrid con la participaci\u00f3n de destacados l\u00edderes religiosos y pol\u00edticos","og_url":"https:\/\/exaudi.org\/es\/relanzamiento-de-la-escuela-de-lideres-catolicos-de-madrid\/","og_site_name":"Exaudi","article_publisher":"https:\/\/www.facebook.com\/ExaudiNews","article_published_time":"2024-11-12T10:18:01+00:00","article_modified_time":"2024-11-12T10:22:27+00:00","og_image":[{"width":2560,"height":1707,"url":"https:\/\/exaudi.org\/wp-content\/uploads\/2024\/11\/pexels-alexazabache-3757144-scaled.jpg","type":"image\/jpeg"}],"author":"Academia de L\u00edderes Cat\u00f3licos","twitter_card":"summary_large_image","twitter_creator":"@Exaudi_News","twitter_site":"@Exaudi_News","twitter_misc":{"Escrito por":"Academia de L\u00edderes Cat\u00f3licos","Tiempo de lectura":"2 minutos"},"schema":{"@context":"https:\/\/schema.org","@graph":[{"@type":"Article","@id":"https:\/\/exaudi.org\/es\/relanzamiento-de-la-escuela-de-lideres-catolicos-de-madrid\/#article","isPartOf":{"@id":"https:\/\/exaudi.org\/es\/relanzamiento-de-la-escuela-de-lideres-catolicos-de-madrid\/"},"author":{"name":"Academia de L\u00edderes Cat\u00f3licos","@id":"https:\/\/exaudi.org\/#\/schema\/person\/334968a332d5dad9f94e08897852c6af"},"headline":"Relanzamiento de la Escuela de L\u00edderes Cat\u00f3licos de Madrid","datePublished":"2024-11-12T10:18:01+00:00","dateModified":"2024-11-12T10:22:27+00:00","mainEntityOfPage":{"@id":"https:\/\/exaudi.org\/es\/relanzamiento-de-la-escuela-de-lideres-catolicos-de-madrid\/"},"wordCount":421,"image":{"@id":"https:\/\/exaudi.org\/es\/relanzamiento-de-la-escuela-de-lideres-catolicos-de-madrid\/#primaryimage"},"thumbnailUrl":"https:\/\/exaudi.org\/wp-content\/uploads\/2024\/11\/pexels-alexazabache-3757144-scaled.jpg","keywords":["Academia de L\u00edderes Cat\u00f3licos","Academia Internacional de L\u00edderes Cat\u00f3licos","Archidi\u00f3cesis de Madrid","Cardenal Arzobispo de Madrid","Escuela de L\u00edderes Cat\u00f3licos","Espa\u00f1a","\u00c9tica","evento cat\u00f3lico","Gonzalo Robles Orozco","Ignacio de Benito P\u00e9rez","Jornada Internacional","Jos\u00e9 Cobo Cano","Jos\u00e9 Mar\u00eda Coello de Portugal","Laura Moreno","liderazgo cat\u00f3lico","L\u00edderes pol\u00edticos","L\u00edderes religiosos","Madrid","Pastoral Universitaria","regeneraci\u00f3n democr\u00e1tica","Relanzamiento","Sociedad","Universidad Complutense","Vicerrector"],"inLanguage":"es"},{"@type":"WebPage","@id":"https:\/\/exaudi.org\/es\/relanzamiento-de-la-escuela-de-lideres-catolicos-de-madrid\/","url":"https:\/\/exaudi.org\/es\/relanzamiento-de-la-escuela-de-lideres-catolicos-de-madrid\/","name":"Relanzamiento de la Escuela de L\u00edderes Cat\u00f3licos de Madrid &#8211; Exaudi","isPartOf":{"@id":"https:\/\/exaudi.org\/#website"},"primaryImageOfPage":{"@id":"https:\/\/exaudi.org\/es\/relanzamiento-de-la-escuela-de-lideres-catolicos-de-madrid\/#primaryimage"},"image":{"@id":"https:\/\/exaudi.org\/es\/relanzamiento-de-la-escuela-de-lideres-catolicos-de-madrid\/#primaryimage"},"thumbnailUrl":"https:\/\/exaudi.org\/wp-content\/uploads\/2024\/11\/pexels-alexazabache-3757144-scaled.jpg","datePublished":"2024-11-12T10:18:01+00:00","dateModified":"2024-11-12T10:22:27+00:00","author":{"@id":"https:\/\/exaudi.org\/#\/schema\/person\/334968a332d5dad9f94e08897852c6af"},"breadcrumb":{"@id":"https:\/\/exaudi.org\/es\/relanzamiento-de-la-escuela-de-lideres-catolicos-de-madrid\/#breadcrumb"},"inLanguage":"es","potentialAction":[{"@type":"ReadAction","target":["https:\/\/exaudi.org\/es\/relanzamiento-de-la-escuela-de-lideres-catolicos-de-madrid\/"]}]},{"@type":"ImageObject","inLanguage":"es","@id":"https:\/\/exaudi.org\/es\/relanzamiento-de-la-escuela-de-lideres-catolicos-de-madrid\/#primaryimage","url":"https:\/\/exaudi.org\/wp-content\/uploads\/2024\/11\/pexels-alexazabache-3757144-scaled.jpg","contentUrl":"https:\/\/exaudi.org\/wp-content\/uploads\/2024\/11\/pexels-alexazabache-3757144-scaled.jpg","width":2560,"height":1707},{"@type":"BreadcrumbList","@id":"https:\/\/exaudi.org\/es\/relanzamiento-de-la-escuela-de-lideres-catolicos-de-madrid\/#breadcrumb","itemListElement":[{"@type":"ListItem","position":1,"name":"Portada","item":"https:\/\/exaudi.org\/es\/"},{"@type":"ListItem","position":2,"name":"Relanzamiento de la Escuela de L\u00edderes Cat\u00f3licos de Madrid"}]},{"@type":"WebSite","@id":"https:\/\/exaudi.org\/#website","url":"https:\/\/exaudi.org\/","name":"Exaudi","description":"News","potentialAction":[{"@type":"SearchAction","target":{"@type":"EntryPoint","urlTemplate":"https:\/\/exaudi.org\/?s={search_term_string}"},"query-input":{"@type":"PropertyValueSpecification","valueRequired":true,"valueName":"search_term_string"}}],"inLanguage":"es"},{"@type":"Person","@id":"https:\/\/exaudi.org\/#\/schema\/person\/334968a332d5dad9f94e08897852c6af","name":"Academia de L\u00edderes Cat\u00f3licos","image":{"@type":"ImageObject","inLanguage":"es","@id":"https:\/\/secure.gravatar.com\/avatar\/80d80b1e34d8fa01f6b95d10e695853ca4ea7e054050e21ad1a15d546d4600ca?s=96&d=mm&r=g","url":"https:\/\/secure.gravatar.com\/avatar\/80d80b1e34d8fa01f6b95d10e695853ca4ea7e054050e21ad1a15d546d4600ca?s=96&d=mm&r=g","contentUrl":"https:\/\/secure.gravatar.com\/avatar\/80d80b1e34d8fa01f6b95d10e695853ca4ea7e054050e21ad1a15d546d4600ca?s=96&d=mm&r=g","caption":"Academia de L\u00edderes Cat\u00f3licos"},"description":"Es una fundaci\u00f3n de derecho privado sin fines de lucro que busca formar cat\u00f3licos que a partir de la experiencia cristiana desarrollen su vocaci\u00f3n pol\u00edtica con la ayuda de la Doctrina Social de la Iglesia. La Academia Latinoamericana de L\u00edderes Cat\u00f3licos tiene como misi\u00f3n, formar l\u00edderes desde una perspectiva cat\u00f3lica, arraigados en la fe de la Iglesia, para transformar el mundo social, pol\u00edtico y econ\u00f3mico a la luz de la Doctrina Social de la Iglesia. Formar una nueva generaci\u00f3n de cat\u00f3licos latinoamericanos con responsabilidades pol\u00edticas y sociales para que transformen el rostro del continente al servicio de sus pueblos, a la luz del Magisterio de la Iglesia y de cara a los Jubileos del V Centenario Guadalupano y de los dos mil a\u00f1os de la redenci\u00f3n.","sameAs":["https:\/\/liderescatolicos.net\/","https:\/\/www.youtube.com\/c\/LderesCatlicos"],"url":"https:\/\/exaudi.org\/es\/author\/academia-de-lideres-catolicos\/"}]}},"jetpack_featured_media_url":"https:\/\/exaudi.org\/wp-content\/uploads\/2024\/11\/pexels-alexazabache-3757144-scaled.jpg","jetpack_shortlink":"https:\/\/wp.me\/pgKjF2-tjp","_links":{"self":[{"href":"https:\/\/exaudi.org\/es\/wp-json\/wp\/v2\/posts\/112679","targetHints":{"allow":["GET"]}}],"collection":[{"href":"https:\/\/exaudi.org\/es\/wp-json\/wp\/v2\/posts"}],"about":[{"href":"https:\/\/exaudi.org\/es\/wp-json\/wp\/v2\/types\/post"}],"author":[{"embeddable":true,"href":"https:\/\/exaudi.org\/es\/wp-json\/wp\/v2\/users\/107"}],"replies":[{"embeddable":true,"href":"https:\/\/exaudi.org\/es\/wp-json\/wp\/v2\/comments?post=112679"}],"version-history":[{"count":0,"href":"https:\/\/exaudi.org\/es\/wp-json\/wp\/v2\/posts\/112679\/revisions"}],"wp:featuredmedia":[{"embeddable":true,"href":"https:\/\/exaudi.org\/es\/wp-json\/wp\/v2\/media\/112680"}],"wp:attachment":[{"href":"https:\/\/exaudi.org\/es\/wp-json\/wp\/v2\/media?parent=112679"}],"wp:term":[{"taxonomy":"category","embeddable":true,"href":"https:\/\/exaudi.org\/es\/wp-json\/wp\/v2\/categories?post=112679"},{"taxonomy":"post_tag","embeddable":true,"href":"https:\/\/exaudi.org\/es\/wp-json\/wp\/v2\/tags?post=112679"}],"curies":[{"name":"wp","href":"https:\/\/api.w.org\/{rel}","templated":true}]}}