{"id":112622,"date":"2024-11-12T08:45:40","date_gmt":"2024-11-12T07:45:40","guid":{"rendered":"https:\/\/exaudi.org\/?p=112622"},"modified":"2024-11-11T12:37:59","modified_gmt":"2024-11-11T11:37:59","slug":"la-agenda-2030-una-vision-critica-desde-la-doctrina-social-de-la-iglesia","status":"publish","type":"post","link":"https:\/\/exaudi.org\/es\/la-agenda-2030-una-vision-critica-desde-la-doctrina-social-de-la-iglesia\/","title":{"rendered":"La Agenda 2030: Una Visi\u00f3n Cr\u00edtica desde la Doctrina Social de la Iglesia"},"content":{"rendered":"<p>La Agenda 2030, promovida por la Organizaci\u00f3n de las Naciones Unidas (ONU), se ha convertido en un referente global para el desarrollo sostenible, proponiendo 17 Objetivos de Desarrollo Sostenible (ODS) que abarcan desde la erradicaci\u00f3n de la pobreza hasta la acci\u00f3n por el clima. Sin embargo, este ambicioso proyecto no ha estado exento de cr\u00edticas, especialmente desde ciertos sectores de la Iglesia Cat\u00f3lica. En este art\u00edculo, exploramos las reservas y las objeciones planteadas por el Nuncio Apost\u00f3lico en Espa\u00f1a, Bernardito Auza, y otros expertos, bas\u00e1ndonos en diversas fuentes acad\u00e9micas y period\u00edsticas.<\/p>\n<p><a href=\"https:\/\/open.spotify.com\/episode\/7ax8g9dS5EWftnFEQFjsLm?si=19f6cdb866dc45f1\" rel=\"nofollow\">https:\/\/open.spotify.com\/episode\/7ax8g9dS5EWftnFEQFjsLm?si=19f6cdb866dc45f1<\/a><\/p>\n<h3><strong>Reservas y Cr\u00edticas del Nuncio Bernardito Auza<\/strong><\/h3>\n<p>Bernardito Auza, Nuncio Apost\u00f3lico en Espa\u00f1a, ha expresado en varias ocasiones sus reservas respecto a la Agenda 2030. En su conferencia en la Universidad Pontificia Comillas, Auza destac\u00f3 que, aunque muchos de los objetivos de la Agenda 2030 son compartidos por la Iglesia, existen puntos de discrepancia significativos, especialmente en temas relacionados con la ideolog\u00eda de g\u00e9nero y los llamados \u00abderechos reproductivos\u00bb. El Nuncio considera que ciertos aspectos de la Agenda imponen un pensamiento \u00fanico y una colonizaci\u00f3n ideol\u00f3gica que va en contra de la libertad de conciencia y la diversidad cultural.<\/p>\n<h3><strong>Objeciones a la Implementaci\u00f3n de la Agenda 2030<\/strong><\/h3>\n<p>Auza ha planteado seis objeciones principales a la Agenda 2030, que se pueden resumir en los siguientes puntos:<\/p>\n<ol>\n<li><strong>Imposici\u00f3n de un Pensamiento \u00danico<\/strong>: La Agenda 2030 es vista como un intento de imponer un marco ideol\u00f3gico global que no respeta las diferencias culturales y religiosas de los pa\u00edses.<\/li>\n<li><strong>Derechos Reproductivos y G\u00e9nero<\/strong>: La inclusi\u00f3n de derechos reproductivos y cuestiones de g\u00e9nero son particularmente controvertidos, ya que chocan con la visi\u00f3n de la Iglesia sobre la dignidad de la vida humana desde la concepci\u00f3n y la complementariedad entre hombre y mujer.<\/li>\n<li><strong>Colonizaci\u00f3n Ideol\u00f3gica<\/strong>: Se critica que la Agenda 2030 promueve una forma de colonialismo moderno, imponiendo valores occidentales sobre otras culturas y sociedades.<\/li>\n<li><strong>Irrealizabilidad y Utopismo<\/strong>: Algunos objetivos de la Agenda 2030 son vistos como ut\u00f3picos e irrealizables, lo que podr\u00eda desviar recursos y esfuerzos de metas m\u00e1s alcanzables y concretas.<\/li>\n<li><strong>Fomento del Aborto<\/strong>: La Agenda 2030 es criticada por fomentar pr\u00e1cticas abortivas bajo el eufemismo de \u00absalud reproductiva\u00bb, algo que es inaceptable desde la perspectiva de la Iglesia.<\/li>\n<li><strong>Desviaci\u00f3n de Valores \u00c9ticos<\/strong>: Se argumenta que ciertos objetivos de la Agenda 2030 no est\u00e1n alineados con los principios de la doctrina social de la Iglesia, que promueve el bien com\u00fan, la dignidad de la persona y el desarrollo integral humano.<\/li>\n<\/ol>\n<h3><strong>Reflexiones desde la Doctrina Social de la Iglesia<\/strong><\/h3>\n<p>La doctrina social de la Iglesia ofrece una perspectiva cr\u00edtica pero constructiva sobre la Agenda 2030. Seg\u00fan un an\u00e1lisis desde esta doctrina, es fundamental que cualquier plan de desarrollo respete la dignidad de la persona humana, promueva el bien com\u00fan y se base en los principios de subsidiariedad y solidaridad. En este sentido, aunque se reconocen las aspiraciones loables de la Agenda 2030, como la lucha contra la pobreza y la promoci\u00f3n de la educaci\u00f3n, se subraya la necesidad de reevaluar ciertos objetivos y m\u00e9todos que pueden contravenir estos principios.<\/p>\n<p>La Agenda 2030 representa una oportunidad para avanzar hacia un mundo m\u00e1s justo y sostenible. Sin embargo, como se\u00f1alan las cr\u00edticas del Nuncio Bernardito Auza y otros expertos, es crucial abordar los puntos de controversia y garantizar que las pol\u00edticas de desarrollo no impongan un pensamiento \u00fanico ni vulneren la dignidad de la persona. Un di\u00e1logo abierto y respetuoso entre las distintas partes interesadas, incluido el \u00e1mbito religioso, puede contribuir a una implementaci\u00f3n m\u00e1s equilibrada y efectiva de los Objetivos de Desarrollo Sostenible.<\/p>\n<p>***<\/p>\n<p><strong>Referencias:<\/strong><\/p>\n<ol>\n<li><a href=\"https:\/\/www.comillas.edu\/noticias\/el-nuncio-apostolico-visito-comillas-para-hablar-de-agenda-2030-y-finanzas-eticas\/\" target=\"_new\" rel=\"noopener\">Auza en la Universidad Pontificia Comillas<\/a><\/li>\n<li><a href=\"https:\/\/www.vidanuevadigital.com\/2023\/01\/27\/bernardito-auza-la-santa-sede-no-esta-de-acuerdo-con-toda-la-agenda-2030-pero-la-mayoria-de-objetivos-son-compartidos\/\" target=\"_new\" rel=\"noopener\">Vida Nueva Digital<\/a><\/li>\n<li><a href=\"https:\/\/www.religionenlibertad.com\/espana\/642123220\/auza-plantea-reservas-agenda-2030-intencion-imponer-pensamiento.html\" target=\"_new\" rel=\"noopener\">Religi\u00f3n en Libertad<\/a><\/li>\n<li><a href=\"https:\/\/www.eldebate.com\/religion\/20240619\/nuncio-cuestiona-agenda-2030-totalitaria-irrealizable-colonialista-fomenta-aborto_206562.html\" target=\"_new\" rel=\"noopener\">El Debate<\/a><\/li>\n<li><a href=\"https:\/\/www.cope.es\/religion\/hoy-en-dia\/iglesia-espanola\/noticias\/bernardito-auza-rechaza-los-derechos-reproductivos-cuestion-genero-agenda-2030-20240529_3322296\" target=\"_new\" rel=\"noopener\">COPE<\/a><\/li>\n<li><a href=\"https:\/\/www.religionenlibertad.com\/mundo\/835140889\/seis-objeciones-nuncio-espana-agenda-utopica-pensamiento-unico.html\" target=\"_new\" rel=\"noopener\">Religi\u00f3n en Libertad &#8211; Mundo<\/a><\/li>\n<li><a href=\"https:\/\/oratoribonaigua.org\/agenda-2030-una-reflexion-desde-la-doctrina-social-de-la-iglesia\/\" target=\"_new\" rel=\"noopener\">Oratori Bonaigua<\/a><\/li>\n<li><a href=\"https:\/\/alfayomega.es\/auza-en-la-agenda-2030-hay-aspiraciones-loables-y-colonizacion-ideologica\/\" target=\"_new\" rel=\"noopener\">Alfa y Omega<\/a><\/li>\n<li><a href=\"https:\/\/repositorioinstitucional.ceu.es\/bitstream\/10637\/14183\/1\/Santa_Bernardito_C_Auza_LeccMag_USPCEU_2023.pdf\" target=\"_new\" rel=\"noopener\">Repositorio Institucional CEU<\/a><\/li>\n<\/ol>\n","protected":false},"excerpt":{"rendered":"<p>Reservas, objeciones y propuestas para un desarrollo humano integral<\/p>\n","protected":false},"author":15,"featured_media":112623,"comment_status":"closed","ping_status":"closed","sticky":false,"template":"","format":"standard","meta":{"_acf_changed":false,"_crdt_document":"","inline_featured_image":false,"footnotes":""},"categories":[72],"tags":[1121,8593,31339,31334,27119,31336,21133,3846,21605,2523,2379,1854,10757,1122,31338,31333,29927,29928,31335,1646,31337,24629,8265,4953],"class_list":["post-112622","post","type-post","status-publish","format-standard","has-post-thumbnail","hentry","category-analisis","tag-aborto","tag-agenda-2030","tag-agenda-2030-y-la-iglesia","tag-colonizacion-ideologica","tag-crisis-global","tag-critica-religiosa","tag-derechos-reproductivos","tag-desarrollo-humano-integral","tag-desarrollo-sostenible","tag-doctrina-social-de-la-iglesia","tag-ecologia-es","tag-educacion","tag-etica-social","tag-ideologia-de-genero","tag-igualdad-de-genero","tag-nuncio-bernardito-auza","tag-objetivos-de-desarrollo-sostenible","tag-ods","tag-pensamiento-unico","tag-pobreza","tag-pobreza-cero","tag-principios-catolicos","tag-sostenibilidad","tag-trending-es"],"acf":[],"yoast_head":"<!-- This site is optimized with the Yoast SEO plugin v27.5 - https:\/\/yoast.com\/product\/yoast-seo-wordpress\/ -->\n<title>La Agenda 2030: Una Visi\u00f3n Cr\u00edtica desde la Doctrina Social de la Iglesia &#8211; Exaudi<\/title>\n<meta name=\"robots\" content=\"index, follow, max-snippet:-1, max-image-preview:large, max-video-preview:-1\" \/>\n<link rel=\"canonical\" href=\"https:\/\/exaudi.org\/es\/la-agenda-2030-una-vision-critica-desde-la-doctrina-social-de-la-iglesia\/\" \/>\n<meta property=\"og:locale\" content=\"es_ES\" \/>\n<meta property=\"og:type\" content=\"article\" \/>\n<meta property=\"og:title\" content=\"La Agenda 2030: Una Visi\u00f3n Cr\u00edtica desde la Doctrina Social de la Iglesia &#8211; Exaudi\" \/>\n<meta property=\"og:description\" content=\"Reservas, objeciones y propuestas para un desarrollo humano integral\" \/>\n<meta property=\"og:url\" content=\"https:\/\/exaudi.org\/es\/la-agenda-2030-una-vision-critica-desde-la-doctrina-social-de-la-iglesia\/\" \/>\n<meta property=\"og:site_name\" content=\"Exaudi\" \/>\n<meta property=\"article:publisher\" content=\"https:\/\/www.facebook.com\/ExaudiNews\" \/>\n<meta property=\"article:author\" content=\"https:\/\/www.facebook.com\/ExaudiNoticias\/\" \/>\n<meta property=\"article:published_time\" content=\"2024-11-12T07:45:40+00:00\" \/>\n<meta property=\"og:image\" content=\"https:\/\/exaudi.org\/wp-content\/uploads\/2024\/11\/pexels-markus-winkler-1430818-4072689-scaled.jpg\" \/>\n\t<meta property=\"og:image:width\" content=\"2560\" \/>\n\t<meta property=\"og:image:height\" content=\"1707\" \/>\n\t<meta property=\"og:image:type\" content=\"image\/jpeg\" \/>\n<meta name=\"author\" content=\"Exaudi Redacci\u00f3n\" \/>\n<meta name=\"twitter:card\" content=\"summary_large_image\" \/>\n<meta name=\"twitter:creator\" content=\"@Exaudi_noticias\" \/>\n<meta name=\"twitter:site\" content=\"@Exaudi_News\" \/>\n<meta name=\"twitter:label1\" content=\"Escrito por\" \/>\n\t<meta name=\"twitter:data1\" content=\"Exaudi Redacci\u00f3n\" \/>\n\t<meta name=\"twitter:label2\" content=\"Tiempo de lectura\" \/>\n\t<meta name=\"twitter:data2\" content=\"3 minutos\" \/>\n<script type=\"application\/ld+json\" class=\"yoast-schema-graph\">{\"@context\":\"https:\\\/\\\/schema.org\",\"@graph\":[{\"@type\":\"Article\",\"@id\":\"https:\\\/\\\/exaudi.org\\\/es\\\/la-agenda-2030-una-vision-critica-desde-la-doctrina-social-de-la-iglesia\\\/#article\",\"isPartOf\":{\"@id\":\"https:\\\/\\\/exaudi.org\\\/es\\\/la-agenda-2030-una-vision-critica-desde-la-doctrina-social-de-la-iglesia\\\/\"},\"author\":{\"name\":\"Exaudi Redacci\u00f3n\",\"@id\":\"https:\\\/\\\/exaudi.org\\\/#\\\/schema\\\/person\\\/f5fc8f063065e38742da7afe15f25df7\"},\"headline\":\"La Agenda 2030: Una Visi\u00f3n Cr\u00edtica desde la Doctrina Social de la Iglesia\",\"datePublished\":\"2024-11-12T07:45:40+00:00\",\"mainEntityOfPage\":{\"@id\":\"https:\\\/\\\/exaudi.org\\\/es\\\/la-agenda-2030-una-vision-critica-desde-la-doctrina-social-de-la-iglesia\\\/\"},\"wordCount\":683,\"image\":{\"@id\":\"https:\\\/\\\/exaudi.org\\\/es\\\/la-agenda-2030-una-vision-critica-desde-la-doctrina-social-de-la-iglesia\\\/#primaryimage\"},\"thumbnailUrl\":\"https:\\\/\\\/exaudi.org\\\/wp-content\\\/uploads\\\/2024\\\/11\\\/pexels-markus-winkler-1430818-4072689-scaled.jpg\",\"keywords\":[\"Aborto\",\"Agenda 2030\",\"Agenda 2030 y la Iglesia\",\"colonizaci\u00f3n ideol\u00f3gica\",\"Crisis global\",\"cr\u00edtica religiosa\",\"derechos reproductivos\",\"Desarrollo humano integral\",\"desarrollo sostenible\",\"Doctrina Social de la Iglesia\",\"ecologia\",\"Educaci\u00f3n\",\"\u00e9tica Social\",\"Ideolog\u00eda de g\u00e9nero\",\"igualdad de g\u00e9nero\",\"Nuncio Bernardito Auza\",\"Objetivos de Desarrollo Sostenible\",\"ODS\",\"pensamiento \u00fanico\",\"Pobreza\",\"pobreza cero\",\"principios cat\u00f3licos\",\"sostenibilidad\",\"Trending\"],\"articleSection\":[\"An\u00e1lisis\"],\"inLanguage\":\"es\"},{\"@type\":\"WebPage\",\"@id\":\"https:\\\/\\\/exaudi.org\\\/es\\\/la-agenda-2030-una-vision-critica-desde-la-doctrina-social-de-la-iglesia\\\/\",\"url\":\"https:\\\/\\\/exaudi.org\\\/es\\\/la-agenda-2030-una-vision-critica-desde-la-doctrina-social-de-la-iglesia\\\/\",\"name\":\"La Agenda 2030: Una Visi\u00f3n Cr\u00edtica desde la Doctrina Social de la Iglesia &#8211; Exaudi\",\"isPartOf\":{\"@id\":\"https:\\\/\\\/exaudi.org\\\/#website\"},\"primaryImageOfPage\":{\"@id\":\"https:\\\/\\\/exaudi.org\\\/es\\\/la-agenda-2030-una-vision-critica-desde-la-doctrina-social-de-la-iglesia\\\/#primaryimage\"},\"image\":{\"@id\":\"https:\\\/\\\/exaudi.org\\\/es\\\/la-agenda-2030-una-vision-critica-desde-la-doctrina-social-de-la-iglesia\\\/#primaryimage\"},\"thumbnailUrl\":\"https:\\\/\\\/exaudi.org\\\/wp-content\\\/uploads\\\/2024\\\/11\\\/pexels-markus-winkler-1430818-4072689-scaled.jpg\",\"datePublished\":\"2024-11-12T07:45:40+00:00\",\"author\":{\"@id\":\"https:\\\/\\\/exaudi.org\\\/#\\\/schema\\\/person\\\/f5fc8f063065e38742da7afe15f25df7\"},\"breadcrumb\":{\"@id\":\"https:\\\/\\\/exaudi.org\\\/es\\\/la-agenda-2030-una-vision-critica-desde-la-doctrina-social-de-la-iglesia\\\/#breadcrumb\"},\"inLanguage\":\"es\",\"potentialAction\":[{\"@type\":\"ReadAction\",\"target\":[\"https:\\\/\\\/exaudi.org\\\/es\\\/la-agenda-2030-una-vision-critica-desde-la-doctrina-social-de-la-iglesia\\\/\"]}]},{\"@type\":\"ImageObject\",\"inLanguage\":\"es\",\"@id\":\"https:\\\/\\\/exaudi.org\\\/es\\\/la-agenda-2030-una-vision-critica-desde-la-doctrina-social-de-la-iglesia\\\/#primaryimage\",\"url\":\"https:\\\/\\\/exaudi.org\\\/wp-content\\\/uploads\\\/2024\\\/11\\\/pexels-markus-winkler-1430818-4072689-scaled.jpg\",\"contentUrl\":\"https:\\\/\\\/exaudi.org\\\/wp-content\\\/uploads\\\/2024\\\/11\\\/pexels-markus-winkler-1430818-4072689-scaled.jpg\",\"width\":2560,\"height\":1707,\"caption\":\"Pexels - Markus Winkler\"},{\"@type\":\"BreadcrumbList\",\"@id\":\"https:\\\/\\\/exaudi.org\\\/es\\\/la-agenda-2030-una-vision-critica-desde-la-doctrina-social-de-la-iglesia\\\/#breadcrumb\",\"itemListElement\":[{\"@type\":\"ListItem\",\"position\":1,\"name\":\"Portada\",\"item\":\"https:\\\/\\\/exaudi.org\\\/es\\\/\"},{\"@type\":\"ListItem\",\"position\":2,\"name\":\"La Agenda 2030: Una Visi\u00f3n Cr\u00edtica desde la Doctrina Social de la Iglesia\"}]},{\"@type\":\"WebSite\",\"@id\":\"https:\\\/\\\/exaudi.org\\\/#website\",\"url\":\"https:\\\/\\\/exaudi.org\\\/\",\"name\":\"Exaudi\",\"description\":\"News\",\"potentialAction\":[{\"@type\":\"SearchAction\",\"target\":{\"@type\":\"EntryPoint\",\"urlTemplate\":\"https:\\\/\\\/exaudi.org\\\/?s={search_term_string}\"},\"query-input\":{\"@type\":\"PropertyValueSpecification\",\"valueRequired\":true,\"valueName\":\"search_term_string\"}}],\"inLanguage\":\"es\"},{\"@type\":\"Person\",\"@id\":\"https:\\\/\\\/exaudi.org\\\/#\\\/schema\\\/person\\\/f5fc8f063065e38742da7afe15f25df7\",\"name\":\"Exaudi Redacci\u00f3n\",\"image\":{\"@type\":\"ImageObject\",\"inLanguage\":\"es\",\"@id\":\"https:\\\/\\\/secure.gravatar.com\\\/avatar\\\/fe0f6a059fb68d9b3e11bc5850dd4899b1c7492091a3cb6dd9b01b56ad828be2?s=96&d=mm&r=g\",\"url\":\"https:\\\/\\\/secure.gravatar.com\\\/avatar\\\/fe0f6a059fb68d9b3e11bc5850dd4899b1c7492091a3cb6dd9b01b56ad828be2?s=96&d=mm&r=g\",\"contentUrl\":\"https:\\\/\\\/secure.gravatar.com\\\/avatar\\\/fe0f6a059fb68d9b3e11bc5850dd4899b1c7492091a3cb6dd9b01b56ad828be2?s=96&d=mm&r=g\",\"caption\":\"Exaudi Redacci\u00f3n\"},\"description\":\"\u00bfQu\u00e9 es Exaudi News? Exaudi News es un medio de comunicaci\u00f3n cat\u00f3lico internacional que informa, forma y transforma, diariamente en espa\u00f1ol, ingl\u00e9s e italiano. A trav\u00e9s de noticias, art\u00edculos de an\u00e1lisis y transmisiones en directo de los eventos del Papa, Exaudi busca fortalecer la unidad de los cristianos y contribuir a la evangelizaci\u00f3n del mundo, siempre guiados por la doctrina social de la Iglesia. Trabajamos para acercar la verdad y los valores cristianos a cada rinc\u00f3n del planeta. \u00a1Ay\u00fadanos a transformar el mundo con Exaudi! En Exaudi creemos que la evangelizaci\u00f3n y la informaci\u00f3n de calidad pueden cambiar vidas. Para continuar con nuestra misi\u00f3n y expandir nuestro alcance, necesitamos tu ayuda. Adem\u00e1s, buscamos personas comprometidas que deseen unirse a nuestro equipo. Con tu apoyo, lograremos llegar a m\u00e1s personas, difundir el mensaje de Cristo y reforzar la unidad de los cristianos. \u00bfTe unes a nuestra misi\u00f3n? Para m\u00e1s informaci\u00f3n sobre c\u00f3mo colaborar, visita Exaudi.org\\\/es o cont\u00e1ctanos directamente: info@exaudi.org Exaudi: Informa, forma y transforma.\",\"sameAs\":[\"https:\\\/\\\/www.facebook.com\\\/ExaudiNoticias\\\/\",\"https:\\\/\\\/www.instagram.com\\\/exaudi_noticias\\\/\",\"https:\\\/\\\/x.com\\\/Exaudi_noticias\",\"https:\\\/\\\/www.youtube.com\\\/@exaudicatholicnews\"],\"url\":\"https:\\\/\\\/exaudi.org\\\/es\\\/author\\\/redaccionexaudi\\\/\"}]}<\/script>\n<!-- \/ Yoast SEO plugin. -->","yoast_head_json":{"title":"La Agenda 2030: Una Visi\u00f3n Cr\u00edtica desde la Doctrina Social de la Iglesia &#8211; Exaudi","robots":{"index":"index","follow":"follow","max-snippet":"max-snippet:-1","max-image-preview":"max-image-preview:large","max-video-preview":"max-video-preview:-1"},"canonical":"https:\/\/exaudi.org\/es\/la-agenda-2030-una-vision-critica-desde-la-doctrina-social-de-la-iglesia\/","og_locale":"es_ES","og_type":"article","og_title":"La Agenda 2030: Una Visi\u00f3n Cr\u00edtica desde la Doctrina Social de la Iglesia &#8211; Exaudi","og_description":"Reservas, objeciones y propuestas para un desarrollo humano integral","og_url":"https:\/\/exaudi.org\/es\/la-agenda-2030-una-vision-critica-desde-la-doctrina-social-de-la-iglesia\/","og_site_name":"Exaudi","article_publisher":"https:\/\/www.facebook.com\/ExaudiNews","article_author":"https:\/\/www.facebook.com\/ExaudiNoticias\/","article_published_time":"2024-11-12T07:45:40+00:00","og_image":[{"width":2560,"height":1707,"url":"https:\/\/exaudi.org\/wp-content\/uploads\/2024\/11\/pexels-markus-winkler-1430818-4072689-scaled.jpg","type":"image\/jpeg"}],"author":"Exaudi Redacci\u00f3n","twitter_card":"summary_large_image","twitter_creator":"@Exaudi_noticias","twitter_site":"@Exaudi_News","twitter_misc":{"Escrito por":"Exaudi Redacci\u00f3n","Tiempo de lectura":"3 minutos"},"schema":{"@context":"https:\/\/schema.org","@graph":[{"@type":"Article","@id":"https:\/\/exaudi.org\/es\/la-agenda-2030-una-vision-critica-desde-la-doctrina-social-de-la-iglesia\/#article","isPartOf":{"@id":"https:\/\/exaudi.org\/es\/la-agenda-2030-una-vision-critica-desde-la-doctrina-social-de-la-iglesia\/"},"author":{"name":"Exaudi Redacci\u00f3n","@id":"https:\/\/exaudi.org\/#\/schema\/person\/f5fc8f063065e38742da7afe15f25df7"},"headline":"La Agenda 2030: Una Visi\u00f3n Cr\u00edtica desde la Doctrina Social de la Iglesia","datePublished":"2024-11-12T07:45:40+00:00","mainEntityOfPage":{"@id":"https:\/\/exaudi.org\/es\/la-agenda-2030-una-vision-critica-desde-la-doctrina-social-de-la-iglesia\/"},"wordCount":683,"image":{"@id":"https:\/\/exaudi.org\/es\/la-agenda-2030-una-vision-critica-desde-la-doctrina-social-de-la-iglesia\/#primaryimage"},"thumbnailUrl":"https:\/\/exaudi.org\/wp-content\/uploads\/2024\/11\/pexels-markus-winkler-1430818-4072689-scaled.jpg","keywords":["Aborto","Agenda 2030","Agenda 2030 y la Iglesia","colonizaci\u00f3n ideol\u00f3gica","Crisis global","cr\u00edtica religiosa","derechos reproductivos","Desarrollo humano integral","desarrollo sostenible","Doctrina Social de la Iglesia","ecologia","Educaci\u00f3n","\u00e9tica Social","Ideolog\u00eda de g\u00e9nero","igualdad de g\u00e9nero","Nuncio Bernardito Auza","Objetivos de Desarrollo Sostenible","ODS","pensamiento \u00fanico","Pobreza","pobreza cero","principios cat\u00f3licos","sostenibilidad","Trending"],"articleSection":["An\u00e1lisis"],"inLanguage":"es"},{"@type":"WebPage","@id":"https:\/\/exaudi.org\/es\/la-agenda-2030-una-vision-critica-desde-la-doctrina-social-de-la-iglesia\/","url":"https:\/\/exaudi.org\/es\/la-agenda-2030-una-vision-critica-desde-la-doctrina-social-de-la-iglesia\/","name":"La Agenda 2030: Una Visi\u00f3n Cr\u00edtica desde la Doctrina Social de la Iglesia &#8211; Exaudi","isPartOf":{"@id":"https:\/\/exaudi.org\/#website"},"primaryImageOfPage":{"@id":"https:\/\/exaudi.org\/es\/la-agenda-2030-una-vision-critica-desde-la-doctrina-social-de-la-iglesia\/#primaryimage"},"image":{"@id":"https:\/\/exaudi.org\/es\/la-agenda-2030-una-vision-critica-desde-la-doctrina-social-de-la-iglesia\/#primaryimage"},"thumbnailUrl":"https:\/\/exaudi.org\/wp-content\/uploads\/2024\/11\/pexels-markus-winkler-1430818-4072689-scaled.jpg","datePublished":"2024-11-12T07:45:40+00:00","author":{"@id":"https:\/\/exaudi.org\/#\/schema\/person\/f5fc8f063065e38742da7afe15f25df7"},"breadcrumb":{"@id":"https:\/\/exaudi.org\/es\/la-agenda-2030-una-vision-critica-desde-la-doctrina-social-de-la-iglesia\/#breadcrumb"},"inLanguage":"es","potentialAction":[{"@type":"ReadAction","target":["https:\/\/exaudi.org\/es\/la-agenda-2030-una-vision-critica-desde-la-doctrina-social-de-la-iglesia\/"]}]},{"@type":"ImageObject","inLanguage":"es","@id":"https:\/\/exaudi.org\/es\/la-agenda-2030-una-vision-critica-desde-la-doctrina-social-de-la-iglesia\/#primaryimage","url":"https:\/\/exaudi.org\/wp-content\/uploads\/2024\/11\/pexels-markus-winkler-1430818-4072689-scaled.jpg","contentUrl":"https:\/\/exaudi.org\/wp-content\/uploads\/2024\/11\/pexels-markus-winkler-1430818-4072689-scaled.jpg","width":2560,"height":1707,"caption":"Pexels - Markus Winkler"},{"@type":"BreadcrumbList","@id":"https:\/\/exaudi.org\/es\/la-agenda-2030-una-vision-critica-desde-la-doctrina-social-de-la-iglesia\/#breadcrumb","itemListElement":[{"@type":"ListItem","position":1,"name":"Portada","item":"https:\/\/exaudi.org\/es\/"},{"@type":"ListItem","position":2,"name":"La Agenda 2030: Una Visi\u00f3n Cr\u00edtica desde la Doctrina Social de la Iglesia"}]},{"@type":"WebSite","@id":"https:\/\/exaudi.org\/#website","url":"https:\/\/exaudi.org\/","name":"Exaudi","description":"News","potentialAction":[{"@type":"SearchAction","target":{"@type":"EntryPoint","urlTemplate":"https:\/\/exaudi.org\/?s={search_term_string}"},"query-input":{"@type":"PropertyValueSpecification","valueRequired":true,"valueName":"search_term_string"}}],"inLanguage":"es"},{"@type":"Person","@id":"https:\/\/exaudi.org\/#\/schema\/person\/f5fc8f063065e38742da7afe15f25df7","name":"Exaudi Redacci\u00f3n","image":{"@type":"ImageObject","inLanguage":"es","@id":"https:\/\/secure.gravatar.com\/avatar\/fe0f6a059fb68d9b3e11bc5850dd4899b1c7492091a3cb6dd9b01b56ad828be2?s=96&d=mm&r=g","url":"https:\/\/secure.gravatar.com\/avatar\/fe0f6a059fb68d9b3e11bc5850dd4899b1c7492091a3cb6dd9b01b56ad828be2?s=96&d=mm&r=g","contentUrl":"https:\/\/secure.gravatar.com\/avatar\/fe0f6a059fb68d9b3e11bc5850dd4899b1c7492091a3cb6dd9b01b56ad828be2?s=96&d=mm&r=g","caption":"Exaudi Redacci\u00f3n"},"description":"\u00bfQu\u00e9 es Exaudi News? Exaudi News es un medio de comunicaci\u00f3n cat\u00f3lico internacional que informa, forma y transforma, diariamente en espa\u00f1ol, ingl\u00e9s e italiano. A trav\u00e9s de noticias, art\u00edculos de an\u00e1lisis y transmisiones en directo de los eventos del Papa, Exaudi busca fortalecer la unidad de los cristianos y contribuir a la evangelizaci\u00f3n del mundo, siempre guiados por la doctrina social de la Iglesia. Trabajamos para acercar la verdad y los valores cristianos a cada rinc\u00f3n del planeta. \u00a1Ay\u00fadanos a transformar el mundo con Exaudi! En Exaudi creemos que la evangelizaci\u00f3n y la informaci\u00f3n de calidad pueden cambiar vidas. Para continuar con nuestra misi\u00f3n y expandir nuestro alcance, necesitamos tu ayuda. Adem\u00e1s, buscamos personas comprometidas que deseen unirse a nuestro equipo. Con tu apoyo, lograremos llegar a m\u00e1s personas, difundir el mensaje de Cristo y reforzar la unidad de los cristianos. \u00bfTe unes a nuestra misi\u00f3n? Para m\u00e1s informaci\u00f3n sobre c\u00f3mo colaborar, visita Exaudi.org\/es o cont\u00e1ctanos directamente: info@exaudi.org Exaudi: Informa, forma y transforma.","sameAs":["https:\/\/www.facebook.com\/ExaudiNoticias\/","https:\/\/www.instagram.com\/exaudi_noticias\/","https:\/\/x.com\/Exaudi_noticias","https:\/\/www.youtube.com\/@exaudicatholicnews"],"url":"https:\/\/exaudi.org\/es\/author\/redaccionexaudi\/"}]}},"jetpack_featured_media_url":"https:\/\/exaudi.org\/wp-content\/uploads\/2024\/11\/pexels-markus-winkler-1430818-4072689-scaled.jpg","jetpack_shortlink":"https:\/\/wp.me\/pgKjF2-tiu","_links":{"self":[{"href":"https:\/\/exaudi.org\/es\/wp-json\/wp\/v2\/posts\/112622","targetHints":{"allow":["GET"]}}],"collection":[{"href":"https:\/\/exaudi.org\/es\/wp-json\/wp\/v2\/posts"}],"about":[{"href":"https:\/\/exaudi.org\/es\/wp-json\/wp\/v2\/types\/post"}],"author":[{"embeddable":true,"href":"https:\/\/exaudi.org\/es\/wp-json\/wp\/v2\/users\/15"}],"replies":[{"embeddable":true,"href":"https:\/\/exaudi.org\/es\/wp-json\/wp\/v2\/comments?post=112622"}],"version-history":[{"count":0,"href":"https:\/\/exaudi.org\/es\/wp-json\/wp\/v2\/posts\/112622\/revisions"}],"wp:featuredmedia":[{"embeddable":true,"href":"https:\/\/exaudi.org\/es\/wp-json\/wp\/v2\/media\/112623"}],"wp:attachment":[{"href":"https:\/\/exaudi.org\/es\/wp-json\/wp\/v2\/media?parent=112622"}],"wp:term":[{"taxonomy":"category","embeddable":true,"href":"https:\/\/exaudi.org\/es\/wp-json\/wp\/v2\/categories?post=112622"},{"taxonomy":"post_tag","embeddable":true,"href":"https:\/\/exaudi.org\/es\/wp-json\/wp\/v2\/tags?post=112622"}],"curies":[{"name":"wp","href":"https:\/\/api.w.org\/{rel}","templated":true}]}}