{"id":112286,"date":"2024-11-07T08:30:25","date_gmt":"2024-11-07T07:30:25","guid":{"rendered":"https:\/\/exaudi.org\/?p=112286"},"modified":"2024-11-07T12:01:24","modified_gmt":"2024-11-07T11:01:24","slug":"redimir-el-mal-con-el-mal","status":"publish","type":"post","link":"https:\/\/exaudi.org\/es\/redimir-el-mal-con-el-mal\/","title":{"rendered":"\u00bfRedimir el mal con el mal?"},"content":{"rendered":"<p>Una de las acepciones que el diccionario de la RAE da al verbo \u201credimir\u201d es la de \u201cponer\u00a0t\u00e9rmino\u00a0a\u00a0alg\u00fan\u00a0vejamen,\u00a0dolor,\u00a0penuria\u00a0u\u00a0otra\u00a0adversidad\u00a0o\u00a0molestia.\u201d<\/p>\n<p>El sufrimiento que acompa\u00f1a a la existencia y que puede causar dolor, vejamen, penuria u otra adversidad o molestia, mueve al que lo sufre a tratar de librarse de \u00e9l de una u otra manera. Esta necesidad de redenci\u00f3n que le libere de las consecuencias del mal que ha sufrido, conlleva la b\u00fasqueda tanto del remedio que le alivie, como de las causas que lo provocaron, en el leg\u00edtimo intento de, corrigi\u00e9ndolas, evitar su repetici\u00f3n.<\/p>\n<p>Muchos de los males que asolan la existencia tienen remedio: podemos calmar el dolor, curar enfermedades, reconstruir casas, ciudades, reparar lo que no funciona\u2026 Otros no: no podemos curarlo todo, ni aliviarlo todo, ni evitar la muerte, ni las cat\u00e1strofes naturales\u2026<\/p>\n<p>As\u00ed que se espera del ser humano, inteligente y libre, que sea capaz de adaptarse a las situaciones de vulnerabilidad que le limitan y le hacen sufrir. Y en este proceso adaptativo deben incluirse tambi\u00e9n los intentos por curar, corregir, prevenir, reconstruir o aliviar que le permitan sobrevivir de la mejor manera posible.<\/p>\n<p>Esta respuesta al mal, que busca atenuar sus efectos y abrir nuevas esperanzas y posibilidades a\u00fan en medio de la vulnerabilidad, es, por lo tanto, leg\u00edtima y exigible. Es propio de la naturaleza humana que busca incesantemente el bien.<\/p>\n<p>Un segundo recurso en el intento de redenci\u00f3n del mal sufrido es identificar las causas que originan el mal que provoca mi sufrimiento, con la intenci\u00f3n de aplicar medidas correctivas que eviten su repetici\u00f3n.<\/p>\n<p>As\u00ed, investigamos el origen de las enfermedades para dise\u00f1ar remedios, o el de los terremotos, los volcanes, los ciclones o las DANAS, para tratar de prevenir sus efectos y, cuando sea posible, evitarlos o paliarlos.<\/p>\n<p>La ciencia ha permitido al ser humano realizar grandes avances en el conocimiento de la naturaleza y sus fuerzas que originan situaciones en la que se muestra vulnerable, impotente, fr\u00e1gil y expuesto. Pero la sensaci\u00f3n de autosuficiencia que estos avances proporcionan se esfuma cuando el mal se impone inevitablemente, nos asolan pandemias, o inundaciones destructivas, cat\u00e1strofes ante las que queda patente nuestra naturaleza limitada, de creaturas, expuesta, vulnerable.<\/p>\n<p>No tenemos los recursos suficientes para identificar claramente las causas que se sit\u00faan en el origen de estas cat\u00e1strofes, de modo que nos sea posible prevenirlas o neutralizarlas.<\/p>\n<p>Aunque s\u00ed debemos aliviar sus efectos elaborando procedimientos preventivos, de coordinaci\u00f3n, de an\u00e1lisis y de respuesta que, en la medida de las posibilidades reales, minimicen los efectos destructivos del mal inevitable.<\/p>\n<p>Pero es ante el mal inevitable cuando aparece una profunda tentaci\u00f3n en nuestro interior:<\/p>\n<p>lejos de aceptar nuestra limitaci\u00f3n tratamos de identificar a los culpables sobre los que recaer\u00eda la responsabilidad de los males sufridos, en un intento tan desesperado como in\u00fatil de escapar de ellos.<\/p>\n<p>Y es cierto que pueden cometerse errores, negligencias, comportamientos censurables o inaceptables, que contribuyan a agrandar las consecuencias de los males sufridos. Deben ser identificados para promover acciones correctoras de todo tipo que traten de minimizar que tales actitudes puedan repetirse.<\/p>\n<p>El problema surge cuando, en el leg\u00edtimo intento de redimirse del mal que le asola, el ser humano renuncia a aceptar su condici\u00f3n de creatura vulnerable y asume que la causa de este mal radica en la culpa de alguien que, por negligencia, incompetencia o mala fe se sit\u00faa en el origen de sus sufrimientos.<\/p>\n<p>En muchas ocasiones existe tal culpa, que debe ser justamente identificada y expiada. En otras la negligencia o incompetencia de algunos es parte del problema, pero no la causa \u00faltima que permita pensar que eliminando al negligente o haci\u00e9ndole pagar, erradicamos toda posibilidad de que el mal pueda repetirse.<\/p>\n<p>Y en otras, no es posible hacer descansar sobre los presuntos culpables la responsabilidad del mal sufrido. Porque no lo han causado ni lo han magnificado. No ha podido evitarse.<\/p>\n<p>No es f\u00e1cil discernir en todos los casos el alcance de la responsabilidad humana en los males que padecemos.<\/p>\n<p>La actitud negligente que no trate de identificar conductas reprensibles debe condenarse. Como tambi\u00e9n debe condenarse la venganza, la culpabilizaci\u00f3n indiscriminada, los dedos acusadores, escraches, difamaciones o calumnias vertidos ciegamente en un intento de se\u00f1alar al culpable, para que, quit\u00e1ndolo del medio y haci\u00e9ndole pagar, evitemos que el mal que pone a prueba nuestra vulnerabilidad siga haci\u00e9ndonos sufrir.<\/p>\n<p>Exigir responsabilidades a aquellos que pueden estar en el origen de situaciones que nos da\u00f1an es aplicar la justicia para preservar el bien. Pero pensar que tras cada mal que nos hiere existe un culpable sobre el que podemos hacer caer el peso de su total redenci\u00f3n es un error grave.<\/p>\n<p>Porque somos vulnerables y sufrimos. Y no somos capaces de evitar todo sufrimiento. Encontrar su sentido, que nos empuja a la solidaridad, la compasi\u00f3n y la entrega a los otros, nos permite levantarnos tras las ca\u00eddas, comenzar la reconstrucci\u00f3n, recuperar la esperanza, y hacernos mejores personas; quiz\u00e1 m\u00e1s pobres, m\u00e1s vulnerables, pero m\u00e1s sensibles al sufrimiento de los otros, m\u00e1s entregados a la b\u00fasqueda del bien, de la verdad, m\u00e1s libres. El mal se redime con el bien.<\/p>\n<p><em><strong>Julio Tudela &#8211;\u00a0Observatorio de Bio\u00e9tica &#8211;\u00a0Instituto Ciencias de la Vida &#8211;\u00a0Universidad Cat\u00f3lica de Valencia<\/strong><\/em><\/p>\n<ul>\n<li><strong><a href=\"https:\/\/valenciaplaza.com\/redimir-mal-con-mal\">Art\u00edculo publicado en Valencia Plaza.\u00a0<\/a><\/strong><\/li>\n<\/ul>\n<p><iframe title=\"Spotify Embed: \u00bfRedimir el mal con el mal?\" style=\"border-radius: 12px\" width=\"100%\" height=\"152\" frameborder=\"0\" allowfullscreen allow=\"autoplay; clipboard-write; encrypted-media; fullscreen; picture-in-picture\" loading=\"lazy\" src=\"https:\/\/open.spotify.com\/embed\/episode\/69yxjLP6S8hxGPOyHLRBqD?si=5b6ac9a3ac5045a8&#038;utm_source=oembed\"><\/iframe><\/p>\n<p><img loading=\"lazy\" decoding=\"async\" class=\"size-full wp-image-112355 alignnone\" src=\"https:\/\/exaudi.org\/wp-content\/uploads\/2024\/11\/Voces-2.jpg\" alt=\"\" width=\"940\" height=\"788\" srcset=\"https:\/\/exaudi.org\/wp-content\/uploads\/2024\/11\/Voces-2.jpg 940w, https:\/\/exaudi.org\/wp-content\/uploads\/2024\/11\/Voces-2-300x251.jpg 300w, https:\/\/exaudi.org\/wp-content\/uploads\/2024\/11\/Voces-2-770x645.jpg 770w, https:\/\/exaudi.org\/wp-content\/uploads\/2024\/11\/Voces-2-500x419.jpg 500w, https:\/\/exaudi.org\/wp-content\/uploads\/2024\/11\/Voces-2-293x246.jpg 293w, https:\/\/exaudi.org\/wp-content\/uploads\/2024\/11\/Voces-2-390x327.jpg 390w\" sizes=\"auto, (max-width: 940px) 100vw, 940px\" \/><\/p>\n<p>&nbsp;<\/p>\n","protected":false},"excerpt":{"rendered":"<p>Reflexiones sobre el sufrimiento, la responsabilidad y la b\u00fasqueda de sentido en medio de la adversidad<\/p>\n","protected":false},"author":87,"featured_media":112287,"comment_status":"closed","ping_status":"closed","sticky":false,"template":"","format":"standard","meta":{"_acf_changed":false,"_crdt_document":"","inline_featured_image":false,"footnotes":""},"categories":[130],"tags":[30755,728,1696,3345,4648,3997,10790,630,30757,30754,12069,16862,726,1311,4953,3049,27576,30756],"class_list":["post-112286","post","type-post","status-publish","format-standard","has-post-thumbnail","hentry","category-voces","tag-adversidad","tag-bioetica","tag-ciencias-naturales","tag-compasion","tag-dolor","tag-justicia","tag-observatorio-de-bioetica","tag-observatorio-de-bioetica-de-la-universidad-catolica-de-valencia","tag-prevencion-de-catastrofes","tag-redimir-el-mal","tag-resiliencia","tag-responsabilidad-humana","tag-solidaridad","tag-sufrimiento","tag-trending-es","tag-universidad-catolica-de-valencia","tag-venganza","tag-vulnerabilidad-humana"],"acf":[],"yoast_head":"<!-- This site is optimized with the Yoast SEO plugin v27.5 - https:\/\/yoast.com\/product\/yoast-seo-wordpress\/ -->\n<title>\u00bfRedimir el mal con el mal? &#8211; Exaudi<\/title>\n<meta name=\"robots\" content=\"index, follow, max-snippet:-1, max-image-preview:large, max-video-preview:-1\" \/>\n<link rel=\"canonical\" href=\"https:\/\/exaudi.org\/es\/redimir-el-mal-con-el-mal\/\" \/>\n<meta property=\"og:locale\" content=\"es_ES\" \/>\n<meta property=\"og:type\" content=\"article\" \/>\n<meta property=\"og:title\" content=\"\u00bfRedimir el mal con el mal? &#8211; Exaudi\" \/>\n<meta property=\"og:description\" content=\"Reflexiones sobre el sufrimiento, la responsabilidad y la b\u00fasqueda de sentido en medio de la adversidad\" \/>\n<meta property=\"og:url\" content=\"https:\/\/exaudi.org\/es\/redimir-el-mal-con-el-mal\/\" \/>\n<meta property=\"og:site_name\" content=\"Exaudi\" \/>\n<meta property=\"article:publisher\" content=\"https:\/\/www.facebook.com\/ExaudiNews\" \/>\n<meta property=\"article:author\" content=\"https:\/\/www.facebook.com\/observatoriodebioetica\/\" \/>\n<meta property=\"article:published_time\" content=\"2024-11-07T07:30:25+00:00\" \/>\n<meta property=\"article:modified_time\" content=\"2024-11-07T11:01:24+00:00\" \/>\n<meta property=\"og:image\" content=\"https:\/\/exaudi.org\/wp-content\/uploads\/2024\/11\/fotos-web-ob-1-1024x538.png\" \/>\n\t<meta property=\"og:image:width\" content=\"1024\" \/>\n\t<meta property=\"og:image:height\" content=\"538\" \/>\n\t<meta property=\"og:image:type\" content=\"image\/png\" \/>\n<meta name=\"author\" content=\"Observatorio de Bio\u00e9tica UCV\" \/>\n<meta name=\"twitter:card\" content=\"summary_large_image\" \/>\n<meta name=\"twitter:creator\" content=\"@obioetica\" \/>\n<meta name=\"twitter:site\" content=\"@Exaudi_News\" \/>\n<meta name=\"twitter:label1\" content=\"Escrito por\" \/>\n\t<meta name=\"twitter:data1\" content=\"Observatorio de Bio\u00e9tica UCV\" \/>\n\t<meta name=\"twitter:label2\" content=\"Tiempo de lectura\" \/>\n\t<meta name=\"twitter:data2\" content=\"5 minutos\" \/>\n<script type=\"application\/ld+json\" class=\"yoast-schema-graph\">{\"@context\":\"https:\\\/\\\/schema.org\",\"@graph\":[{\"@type\":\"Article\",\"@id\":\"https:\\\/\\\/exaudi.org\\\/es\\\/redimir-el-mal-con-el-mal\\\/#article\",\"isPartOf\":{\"@id\":\"https:\\\/\\\/exaudi.org\\\/es\\\/redimir-el-mal-con-el-mal\\\/\"},\"author\":{\"name\":\"Observatorio de Bio\u00e9tica UCV\",\"@id\":\"https:\\\/\\\/exaudi.org\\\/#\\\/schema\\\/person\\\/05d1c06e56ecb5490e9bff0d27026595\"},\"headline\":\"\u00bfRedimir el mal con el mal?\",\"datePublished\":\"2024-11-07T07:30:25+00:00\",\"dateModified\":\"2024-11-07T11:01:24+00:00\",\"mainEntityOfPage\":{\"@id\":\"https:\\\/\\\/exaudi.org\\\/es\\\/redimir-el-mal-con-el-mal\\\/\"},\"wordCount\":955,\"image\":{\"@id\":\"https:\\\/\\\/exaudi.org\\\/es\\\/redimir-el-mal-con-el-mal\\\/#primaryimage\"},\"thumbnailUrl\":\"https:\\\/\\\/exaudi.org\\\/wp-content\\\/uploads\\\/2024\\\/11\\\/fotos-web-ob-1.png\",\"keywords\":[\"adversidad\",\"Bio\u00e9tica\",\"Ciencias Naturales\",\"Compasi\u00f3n\",\"dolor\",\"Justicia\",\"Observatorio de Bio\u00e9tica\",\"Observatorio de Bio\u00e9tica de la Universidad Cat\u00f3lica de Valencia\",\"prevenci\u00f3n de cat\u00e1strofes\",\"redimir el mal\",\"Resiliencia\",\"responsabilidad humana\",\"solidaridad\",\"sufrimiento\",\"Trending\",\"Universidad Cat\u00f3lica de Valencia\",\"venganza\",\"vulnerabilidad humana\"],\"articleSection\":[\"Voces\"],\"inLanguage\":\"es\"},{\"@type\":\"WebPage\",\"@id\":\"https:\\\/\\\/exaudi.org\\\/es\\\/redimir-el-mal-con-el-mal\\\/\",\"url\":\"https:\\\/\\\/exaudi.org\\\/es\\\/redimir-el-mal-con-el-mal\\\/\",\"name\":\"\u00bfRedimir el mal con el mal? &#8211; Exaudi\",\"isPartOf\":{\"@id\":\"https:\\\/\\\/exaudi.org\\\/#website\"},\"primaryImageOfPage\":{\"@id\":\"https:\\\/\\\/exaudi.org\\\/es\\\/redimir-el-mal-con-el-mal\\\/#primaryimage\"},\"image\":{\"@id\":\"https:\\\/\\\/exaudi.org\\\/es\\\/redimir-el-mal-con-el-mal\\\/#primaryimage\"},\"thumbnailUrl\":\"https:\\\/\\\/exaudi.org\\\/wp-content\\\/uploads\\\/2024\\\/11\\\/fotos-web-ob-1.png\",\"datePublished\":\"2024-11-07T07:30:25+00:00\",\"dateModified\":\"2024-11-07T11:01:24+00:00\",\"author\":{\"@id\":\"https:\\\/\\\/exaudi.org\\\/#\\\/schema\\\/person\\\/05d1c06e56ecb5490e9bff0d27026595\"},\"breadcrumb\":{\"@id\":\"https:\\\/\\\/exaudi.org\\\/es\\\/redimir-el-mal-con-el-mal\\\/#breadcrumb\"},\"inLanguage\":\"es\",\"potentialAction\":[{\"@type\":\"ReadAction\",\"target\":[\"https:\\\/\\\/exaudi.org\\\/es\\\/redimir-el-mal-con-el-mal\\\/\"]}]},{\"@type\":\"ImageObject\",\"inLanguage\":\"es\",\"@id\":\"https:\\\/\\\/exaudi.org\\\/es\\\/redimir-el-mal-con-el-mal\\\/#primaryimage\",\"url\":\"https:\\\/\\\/exaudi.org\\\/wp-content\\\/uploads\\\/2024\\\/11\\\/fotos-web-ob-1.png\",\"contentUrl\":\"https:\\\/\\\/exaudi.org\\\/wp-content\\\/uploads\\\/2024\\\/11\\\/fotos-web-ob-1.png\",\"width\":2560,\"height\":1344,\"caption\":\"OBV\"},{\"@type\":\"BreadcrumbList\",\"@id\":\"https:\\\/\\\/exaudi.org\\\/es\\\/redimir-el-mal-con-el-mal\\\/#breadcrumb\",\"itemListElement\":[{\"@type\":\"ListItem\",\"position\":1,\"name\":\"Portada\",\"item\":\"https:\\\/\\\/exaudi.org\\\/es\\\/\"},{\"@type\":\"ListItem\",\"position\":2,\"name\":\"\u00bfRedimir el mal con el mal?\"}]},{\"@type\":\"WebSite\",\"@id\":\"https:\\\/\\\/exaudi.org\\\/#website\",\"url\":\"https:\\\/\\\/exaudi.org\\\/\",\"name\":\"Exaudi\",\"description\":\"News\",\"potentialAction\":[{\"@type\":\"SearchAction\",\"target\":{\"@type\":\"EntryPoint\",\"urlTemplate\":\"https:\\\/\\\/exaudi.org\\\/?s={search_term_string}\"},\"query-input\":{\"@type\":\"PropertyValueSpecification\",\"valueRequired\":true,\"valueName\":\"search_term_string\"}}],\"inLanguage\":\"es\"},{\"@type\":\"Person\",\"@id\":\"https:\\\/\\\/exaudi.org\\\/#\\\/schema\\\/person\\\/05d1c06e56ecb5490e9bff0d27026595\",\"name\":\"Observatorio de Bio\u00e9tica UCV\",\"image\":{\"@type\":\"ImageObject\",\"inLanguage\":\"es\",\"@id\":\"https:\\\/\\\/secure.gravatar.com\\\/avatar\\\/086563f59595a89fb0851de25d712a03657b1cdfa8af3c9cd0a1ee122fc5d596?s=96&d=mm&r=g\",\"url\":\"https:\\\/\\\/secure.gravatar.com\\\/avatar\\\/086563f59595a89fb0851de25d712a03657b1cdfa8af3c9cd0a1ee122fc5d596?s=96&d=mm&r=g\",\"contentUrl\":\"https:\\\/\\\/secure.gravatar.com\\\/avatar\\\/086563f59595a89fb0851de25d712a03657b1cdfa8af3c9cd0a1ee122fc5d596?s=96&d=mm&r=g\",\"caption\":\"Observatorio de Bio\u00e9tica UCV\"},\"description\":\"El Observatorio de Bio\u00e9tica se encuentra dentro del Instituto Ciencias de la vida de la Universidad Cat\u00f3lica de Valencia \u201cSan Vicente M\u00e1rtir\u201d . En el trasfondo de sus publicaciones, se defiende la vida humana desde la fecundaci\u00f3n a la muerte natural y la dignidad de la persona, teniendo como objetivo aunar esfuerzos para difundir la cultura de la vida como la define la Evangelium Vitae.\",\"sameAs\":[\"https:\\\/\\\/www.observatoriobioetica.org\\\/\",\"https:\\\/\\\/www.facebook.com\\\/observatoriodebioetica\\\/\",\"https:\\\/\\\/x.com\\\/obioetica\",\"https:\\\/\\\/www.youtube.com\\\/channel\\\/UC_Tr4WS5-TXoNo5e1MdQc7w\"],\"url\":\"https:\\\/\\\/exaudi.org\\\/es\\\/author\\\/observatoriodebioeticaucv\\\/\"}]}<\/script>\n<!-- \/ Yoast SEO plugin. -->","yoast_head_json":{"title":"\u00bfRedimir el mal con el mal? &#8211; Exaudi","robots":{"index":"index","follow":"follow","max-snippet":"max-snippet:-1","max-image-preview":"max-image-preview:large","max-video-preview":"max-video-preview:-1"},"canonical":"https:\/\/exaudi.org\/es\/redimir-el-mal-con-el-mal\/","og_locale":"es_ES","og_type":"article","og_title":"\u00bfRedimir el mal con el mal? &#8211; Exaudi","og_description":"Reflexiones sobre el sufrimiento, la responsabilidad y la b\u00fasqueda de sentido en medio de la adversidad","og_url":"https:\/\/exaudi.org\/es\/redimir-el-mal-con-el-mal\/","og_site_name":"Exaudi","article_publisher":"https:\/\/www.facebook.com\/ExaudiNews","article_author":"https:\/\/www.facebook.com\/observatoriodebioetica\/","article_published_time":"2024-11-07T07:30:25+00:00","article_modified_time":"2024-11-07T11:01:24+00:00","og_image":[{"width":1024,"height":538,"url":"https:\/\/exaudi.org\/wp-content\/uploads\/2024\/11\/fotos-web-ob-1-1024x538.png","type":"image\/png"}],"author":"Observatorio de Bio\u00e9tica UCV","twitter_card":"summary_large_image","twitter_creator":"@obioetica","twitter_site":"@Exaudi_News","twitter_misc":{"Escrito por":"Observatorio de Bio\u00e9tica UCV","Tiempo de lectura":"5 minutos"},"schema":{"@context":"https:\/\/schema.org","@graph":[{"@type":"Article","@id":"https:\/\/exaudi.org\/es\/redimir-el-mal-con-el-mal\/#article","isPartOf":{"@id":"https:\/\/exaudi.org\/es\/redimir-el-mal-con-el-mal\/"},"author":{"name":"Observatorio de Bio\u00e9tica UCV","@id":"https:\/\/exaudi.org\/#\/schema\/person\/05d1c06e56ecb5490e9bff0d27026595"},"headline":"\u00bfRedimir el mal con el mal?","datePublished":"2024-11-07T07:30:25+00:00","dateModified":"2024-11-07T11:01:24+00:00","mainEntityOfPage":{"@id":"https:\/\/exaudi.org\/es\/redimir-el-mal-con-el-mal\/"},"wordCount":955,"image":{"@id":"https:\/\/exaudi.org\/es\/redimir-el-mal-con-el-mal\/#primaryimage"},"thumbnailUrl":"https:\/\/exaudi.org\/wp-content\/uploads\/2024\/11\/fotos-web-ob-1.png","keywords":["adversidad","Bio\u00e9tica","Ciencias Naturales","Compasi\u00f3n","dolor","Justicia","Observatorio de Bio\u00e9tica","Observatorio de Bio\u00e9tica de la Universidad Cat\u00f3lica de Valencia","prevenci\u00f3n de cat\u00e1strofes","redimir el mal","Resiliencia","responsabilidad humana","solidaridad","sufrimiento","Trending","Universidad Cat\u00f3lica de Valencia","venganza","vulnerabilidad humana"],"articleSection":["Voces"],"inLanguage":"es"},{"@type":"WebPage","@id":"https:\/\/exaudi.org\/es\/redimir-el-mal-con-el-mal\/","url":"https:\/\/exaudi.org\/es\/redimir-el-mal-con-el-mal\/","name":"\u00bfRedimir el mal con el mal? &#8211; Exaudi","isPartOf":{"@id":"https:\/\/exaudi.org\/#website"},"primaryImageOfPage":{"@id":"https:\/\/exaudi.org\/es\/redimir-el-mal-con-el-mal\/#primaryimage"},"image":{"@id":"https:\/\/exaudi.org\/es\/redimir-el-mal-con-el-mal\/#primaryimage"},"thumbnailUrl":"https:\/\/exaudi.org\/wp-content\/uploads\/2024\/11\/fotos-web-ob-1.png","datePublished":"2024-11-07T07:30:25+00:00","dateModified":"2024-11-07T11:01:24+00:00","author":{"@id":"https:\/\/exaudi.org\/#\/schema\/person\/05d1c06e56ecb5490e9bff0d27026595"},"breadcrumb":{"@id":"https:\/\/exaudi.org\/es\/redimir-el-mal-con-el-mal\/#breadcrumb"},"inLanguage":"es","potentialAction":[{"@type":"ReadAction","target":["https:\/\/exaudi.org\/es\/redimir-el-mal-con-el-mal\/"]}]},{"@type":"ImageObject","inLanguage":"es","@id":"https:\/\/exaudi.org\/es\/redimir-el-mal-con-el-mal\/#primaryimage","url":"https:\/\/exaudi.org\/wp-content\/uploads\/2024\/11\/fotos-web-ob-1.png","contentUrl":"https:\/\/exaudi.org\/wp-content\/uploads\/2024\/11\/fotos-web-ob-1.png","width":2560,"height":1344,"caption":"OBV"},{"@type":"BreadcrumbList","@id":"https:\/\/exaudi.org\/es\/redimir-el-mal-con-el-mal\/#breadcrumb","itemListElement":[{"@type":"ListItem","position":1,"name":"Portada","item":"https:\/\/exaudi.org\/es\/"},{"@type":"ListItem","position":2,"name":"\u00bfRedimir el mal con el mal?"}]},{"@type":"WebSite","@id":"https:\/\/exaudi.org\/#website","url":"https:\/\/exaudi.org\/","name":"Exaudi","description":"News","potentialAction":[{"@type":"SearchAction","target":{"@type":"EntryPoint","urlTemplate":"https:\/\/exaudi.org\/?s={search_term_string}"},"query-input":{"@type":"PropertyValueSpecification","valueRequired":true,"valueName":"search_term_string"}}],"inLanguage":"es"},{"@type":"Person","@id":"https:\/\/exaudi.org\/#\/schema\/person\/05d1c06e56ecb5490e9bff0d27026595","name":"Observatorio de Bio\u00e9tica UCV","image":{"@type":"ImageObject","inLanguage":"es","@id":"https:\/\/secure.gravatar.com\/avatar\/086563f59595a89fb0851de25d712a03657b1cdfa8af3c9cd0a1ee122fc5d596?s=96&d=mm&r=g","url":"https:\/\/secure.gravatar.com\/avatar\/086563f59595a89fb0851de25d712a03657b1cdfa8af3c9cd0a1ee122fc5d596?s=96&d=mm&r=g","contentUrl":"https:\/\/secure.gravatar.com\/avatar\/086563f59595a89fb0851de25d712a03657b1cdfa8af3c9cd0a1ee122fc5d596?s=96&d=mm&r=g","caption":"Observatorio de Bio\u00e9tica UCV"},"description":"El Observatorio de Bio\u00e9tica se encuentra dentro del Instituto Ciencias de la vida de la Universidad Cat\u00f3lica de Valencia \u201cSan Vicente M\u00e1rtir\u201d . En el trasfondo de sus publicaciones, se defiende la vida humana desde la fecundaci\u00f3n a la muerte natural y la dignidad de la persona, teniendo como objetivo aunar esfuerzos para difundir la cultura de la vida como la define la Evangelium Vitae.","sameAs":["https:\/\/www.observatoriobioetica.org\/","https:\/\/www.facebook.com\/observatoriodebioetica\/","https:\/\/x.com\/obioetica","https:\/\/www.youtube.com\/channel\/UC_Tr4WS5-TXoNo5e1MdQc7w"],"url":"https:\/\/exaudi.org\/es\/author\/observatoriodebioeticaucv\/"}]}},"jetpack_featured_media_url":"https:\/\/exaudi.org\/wp-content\/uploads\/2024\/11\/fotos-web-ob-1.png","jetpack_shortlink":"https:\/\/wp.me\/pgKjF2-td4","_links":{"self":[{"href":"https:\/\/exaudi.org\/es\/wp-json\/wp\/v2\/posts\/112286","targetHints":{"allow":["GET"]}}],"collection":[{"href":"https:\/\/exaudi.org\/es\/wp-json\/wp\/v2\/posts"}],"about":[{"href":"https:\/\/exaudi.org\/es\/wp-json\/wp\/v2\/types\/post"}],"author":[{"embeddable":true,"href":"https:\/\/exaudi.org\/es\/wp-json\/wp\/v2\/users\/87"}],"replies":[{"embeddable":true,"href":"https:\/\/exaudi.org\/es\/wp-json\/wp\/v2\/comments?post=112286"}],"version-history":[{"count":0,"href":"https:\/\/exaudi.org\/es\/wp-json\/wp\/v2\/posts\/112286\/revisions"}],"wp:featuredmedia":[{"embeddable":true,"href":"https:\/\/exaudi.org\/es\/wp-json\/wp\/v2\/media\/112287"}],"wp:attachment":[{"href":"https:\/\/exaudi.org\/es\/wp-json\/wp\/v2\/media?parent=112286"}],"wp:term":[{"taxonomy":"category","embeddable":true,"href":"https:\/\/exaudi.org\/es\/wp-json\/wp\/v2\/categories?post=112286"},{"taxonomy":"post_tag","embeddable":true,"href":"https:\/\/exaudi.org\/es\/wp-json\/wp\/v2\/tags?post=112286"}],"curies":[{"name":"wp","href":"https:\/\/api.w.org\/{rel}","templated":true}]}}