{"id":112216,"date":"2024-11-06T08:30:03","date_gmt":"2024-11-06T07:30:03","guid":{"rendered":"https:\/\/exaudi.org\/?p=112216"},"modified":"2024-11-06T08:46:14","modified_gmt":"2024-11-06T07:46:14","slug":"la-solidaridad-de-las-diocesis-de-espana-ante-la-tragedia-en-valencia","status":"publish","type":"post","link":"https:\/\/exaudi.org\/es\/la-solidaridad-de-las-diocesis-de-espana-ante-la-tragedia-en-valencia\/","title":{"rendered":"Sacerdotes y Voluntarios: Un Despliegue de Ayuda y Esperanza en Momentos de Crisis"},"content":{"rendered":"<p>La reciente tragedia en Valencia, que ha dejado una estela de devastaci\u00f3n y sufrimiento, ha movilizado a las di\u00f3cesis de toda Espa\u00f1a en un extraordinario despliegue de solidaridad y apoyo. Desde el primer momento, sacerdotes y voluntarios se han volcado en ayudar a las v\u00edctimas, demostrando el profundo compromiso de la Iglesia con quienes m\u00e1s lo necesitan en estos momentos de dolor.<\/p>\n<h3><strong>La Respuesta Inmediata de las Di\u00f3cesis<\/strong><\/h3>\n<p>En respuesta a la emergencia, las di\u00f3cesis espa\u00f1olas han coordinado esfuerzos para proporcionar ayuda material y espiritual a los afectados. Seg\u00fan reporta COPE, se han habilitado centros de acogida en diversas parroquias de Valencia y sus alrededores, donde se ofrece refugio, comida y asistencia m\u00e9dica a las v\u00edctimas. Estos centros est\u00e1n gestionados por sacerdotes y voluntarios que trabajan incansablemente para asegurar que nadie se quede sin la ayuda necesaria.<\/p>\n<h3><strong>El Rol de los Sacerdotes<\/strong><\/h3>\n<p>Los sacerdotes han sido una pieza clave en esta respuesta. No solo est\u00e1n brindando apoyo espiritual y emocional a los afectados, sino que tambi\u00e9n est\u00e1n colaborando en tareas log\u00edsticas, como la distribuci\u00f3n de alimentos y ropa. En una entrevista con Ecclesia, el Arzobispo de Valencia expres\u00f3 su gratitud hacia todos los sacerdotes que han dejado sus parroquias para unirse a los esfuerzos de ayuda, destacando el esp\u00edritu de sacrificio y dedicaci\u00f3n que caracteriza a la Iglesia en tiempos de crisis.<\/p>\n<h3><strong>La Fuerza de los Voluntarios<\/strong><\/h3>\n<p>El papel de los voluntarios ha sido igualmente crucial. Organizaciones como C\u00e1ritas y diversos movimientos laicales han desplegado a sus miembros para asistir en las labores de rescate y recuperaci\u00f3n. Estos d\u00edas se est\u00e1 viendo c\u00f3mo estos voluntarios, provenientes de todas las di\u00f3cesis de Espa\u00f1a, han formado una red de apoyo que no solo se centra en las necesidades inmediatas, sino tambi\u00e9n en la recuperaci\u00f3n a largo plazo de las comunidades afectadas.<\/p>\n<h3><strong>La Coordinaci\u00f3n Nacional<\/strong><\/h3>\n<p>La respuesta a la tragedia ha sido posible gracias a la coordinaci\u00f3n nacional entre las di\u00f3cesis. La Conferencia Episcopal Espa\u00f1ola ha establecido un comit\u00e9 de crisis que trabaja estrechamente con las autoridades locales y organizaciones no gubernamentales para asegurar que la ayuda llegue de manera efectiva y eficiente. Este comit\u00e9 tambi\u00e9n est\u00e1 encargado de movilizar recursos y coordinar las donaciones provenientes de todo el pa\u00eds.<\/p>\n<h3><strong>Testimonios de Esperanza<\/strong><\/h3>\n<p>En medio del dolor, surgen tambi\u00e9n testimonios de esperanza. Exaudi recoge las palabras de algunos de los afectados, quienes han encontrado consuelo y fortaleza en la ayuda recibida. Un padre de familia, cuya casa fue destruida, expres\u00f3 su agradecimiento: \u00abLa Iglesia ha sido nuestro refugio en estos momentos. No solo nos han dado un techo y comida, sino tambi\u00e9n la esperanza de que podemos reconstruir nuestras vidas\u00bb.<\/p>\n<h3><strong>Un Llamado a la Solidaridad<\/strong><\/h3>\n<p>La tragedia de Valencia ha puesto de manifiesto la capacidad de la Iglesia para responder con compasi\u00f3n y eficacia ante el sufrimiento humano. Las di\u00f3cesis de Espa\u00f1a contin\u00faan trabajando incansablemente, demostrando que en tiempos de crisis, la solidaridad y el amor al pr\u00f3jimo son los pilares sobre los que se construye la esperanza. Se hace un llamado a todos los fieles a seguir apoyando estas iniciativas, ya sea a trav\u00e9s de donaciones, voluntariado o simplemente con oraciones, para que juntos podamos superar esta tragedia y construir un futuro m\u00e1s esperanzador para todos.<\/p>\n<p>La tragedia de Valencia es un recordatorio doloroso de la fragilidad de la vida, pero tambi\u00e9n una prueba del poder del amor y la solidaridad. La Iglesia, una vez m\u00e1s, se erige como un faro de esperanza en la oscuridad, guiando a sus fieles y a todos los afectados hacia un camino de recuperaci\u00f3n y paz.<\/p>\n","protected":false},"excerpt":{"rendered":"<p>La Solidaridad de las Di\u00f3cesis de Espa\u00f1a ante la Tragedia en Valencia<\/p>\n","protected":false},"author":15,"featured_media":112217,"comment_status":"closed","ping_status":"closed","sticky":false,"template":"","format":"standard","meta":{"_acf_changed":false,"_crdt_document":"","inline_featured_image":false,"footnotes":""},"categories":[74],"tags":[20333,30583,2143,30586,932,30581,19940,30589,449,30588,30587,30585,30584,30582,30580,4953],"class_list":["post-112216","post","type-post","status-publish","format-standard","has-post-thumbnail","hentry","category-iglesia-y-mundo","tag-apoyo-espiritual","tag-ayuda-a-victimas","tag-caritas-es","tag-centros-de-acogida","tag-conferencia-episcopal-espanola","tag-diocesis-de-espana","tag-donaciones","tag-emergencia-en-valencia","tag-iglesia-catolica","tag-movimientos-laicales","tag-recuperacion-comunitaria","tag-respuesta-humanitaria","tag-sacerdotes-voluntarios","tag-solidaridad-eclesiastica","tag-tragedia-en-valencia","tag-trending-es"],"acf":[],"yoast_head":"<!-- This site is optimized with the Yoast SEO plugin v27.5 - https:\/\/yoast.com\/product\/yoast-seo-wordpress\/ -->\n<title>Sacerdotes y Voluntarios: Un Despliegue de Ayuda y Esperanza en Momentos de Crisis &#8211; Exaudi<\/title>\n<meta name=\"robots\" content=\"index, follow, max-snippet:-1, max-image-preview:large, max-video-preview:-1\" \/>\n<link rel=\"canonical\" href=\"https:\/\/exaudi.org\/es\/la-solidaridad-de-las-diocesis-de-espana-ante-la-tragedia-en-valencia\/\" \/>\n<meta property=\"og:locale\" content=\"es_ES\" \/>\n<meta property=\"og:type\" content=\"article\" \/>\n<meta property=\"og:title\" content=\"Sacerdotes y Voluntarios: Un Despliegue de Ayuda y Esperanza en Momentos de Crisis &#8211; Exaudi\" \/>\n<meta property=\"og:description\" content=\"La Solidaridad de las Di\u00f3cesis de Espa\u00f1a ante la Tragedia en Valencia\" \/>\n<meta property=\"og:url\" content=\"https:\/\/exaudi.org\/es\/la-solidaridad-de-las-diocesis-de-espana-ante-la-tragedia-en-valencia\/\" \/>\n<meta property=\"og:site_name\" content=\"Exaudi\" \/>\n<meta property=\"article:publisher\" content=\"https:\/\/www.facebook.com\/ExaudiNews\" \/>\n<meta property=\"article:author\" content=\"https:\/\/www.facebook.com\/ExaudiNoticias\/\" \/>\n<meta property=\"article:published_time\" content=\"2024-11-06T07:30:03+00:00\" \/>\n<meta property=\"article:modified_time\" content=\"2024-11-06T07:46:14+00:00\" \/>\n<meta property=\"og:image\" content=\"https:\/\/exaudi.org\/wp-content\/uploads\/2024\/11\/cq5dam.thumbnail.cropped.1000.563-1.jpeg\" \/>\n\t<meta property=\"og:image:width\" content=\"1000\" \/>\n\t<meta property=\"og:image:height\" content=\"563\" \/>\n\t<meta property=\"og:image:type\" content=\"image\/jpeg\" \/>\n<meta name=\"author\" content=\"Exaudi Redacci\u00f3n\" \/>\n<meta name=\"twitter:card\" content=\"summary_large_image\" \/>\n<meta name=\"twitter:creator\" content=\"@Exaudi_noticias\" \/>\n<meta name=\"twitter:site\" content=\"@Exaudi_News\" \/>\n<meta name=\"twitter:label1\" content=\"Escrito por\" \/>\n\t<meta name=\"twitter:data1\" content=\"Exaudi Redacci\u00f3n\" \/>\n\t<meta name=\"twitter:label2\" content=\"Tiempo de lectura\" \/>\n\t<meta name=\"twitter:data2\" content=\"3 minutos\" \/>\n<script type=\"application\/ld+json\" class=\"yoast-schema-graph\">{\"@context\":\"https:\\\/\\\/schema.org\",\"@graph\":[{\"@type\":\"Article\",\"@id\":\"https:\\\/\\\/exaudi.org\\\/es\\\/la-solidaridad-de-las-diocesis-de-espana-ante-la-tragedia-en-valencia\\\/#article\",\"isPartOf\":{\"@id\":\"https:\\\/\\\/exaudi.org\\\/es\\\/la-solidaridad-de-las-diocesis-de-espana-ante-la-tragedia-en-valencia\\\/\"},\"author\":{\"name\":\"Exaudi Redacci\u00f3n\",\"@id\":\"https:\\\/\\\/exaudi.org\\\/#\\\/schema\\\/person\\\/f5fc8f063065e38742da7afe15f25df7\"},\"headline\":\"Sacerdotes y Voluntarios: Un Despliegue de Ayuda y Esperanza en Momentos de Crisis\",\"datePublished\":\"2024-11-06T07:30:03+00:00\",\"dateModified\":\"2024-11-06T07:46:14+00:00\",\"mainEntityOfPage\":{\"@id\":\"https:\\\/\\\/exaudi.org\\\/es\\\/la-solidaridad-de-las-diocesis-de-espana-ante-la-tragedia-en-valencia\\\/\"},\"wordCount\":648,\"image\":{\"@id\":\"https:\\\/\\\/exaudi.org\\\/es\\\/la-solidaridad-de-las-diocesis-de-espana-ante-la-tragedia-en-valencia\\\/#primaryimage\"},\"thumbnailUrl\":\"https:\\\/\\\/exaudi.org\\\/wp-content\\\/uploads\\\/2024\\\/11\\\/cq5dam.thumbnail.cropped.1000.563-1.jpeg\",\"keywords\":[\"apoyo espiritual\",\"Ayuda a v\u00edctimas\",\"Caritas\",\"Centros de acogida\",\"Conferencia Episcopal Espa\u00f1ola\",\"Di\u00f3cesis de Espa\u00f1a\",\"donaciones\",\"Emergencia en Valencia\",\"Iglesia cat\u00f3lica\",\"Movimientos laicales\",\"Recuperaci\u00f3n comunitaria\",\"Respuesta humanitaria\",\"Sacerdotes voluntarios\",\"Solidaridad eclesi\u00e1stica\",\"Tragedia en Valencia\",\"Trending\"],\"articleSection\":[\"Iglesia y Mundo\"],\"inLanguage\":\"es\"},{\"@type\":\"WebPage\",\"@id\":\"https:\\\/\\\/exaudi.org\\\/es\\\/la-solidaridad-de-las-diocesis-de-espana-ante-la-tragedia-en-valencia\\\/\",\"url\":\"https:\\\/\\\/exaudi.org\\\/es\\\/la-solidaridad-de-las-diocesis-de-espana-ante-la-tragedia-en-valencia\\\/\",\"name\":\"Sacerdotes y Voluntarios: Un Despliegue de Ayuda y Esperanza en Momentos de Crisis &#8211; Exaudi\",\"isPartOf\":{\"@id\":\"https:\\\/\\\/exaudi.org\\\/#website\"},\"primaryImageOfPage\":{\"@id\":\"https:\\\/\\\/exaudi.org\\\/es\\\/la-solidaridad-de-las-diocesis-de-espana-ante-la-tragedia-en-valencia\\\/#primaryimage\"},\"image\":{\"@id\":\"https:\\\/\\\/exaudi.org\\\/es\\\/la-solidaridad-de-las-diocesis-de-espana-ante-la-tragedia-en-valencia\\\/#primaryimage\"},\"thumbnailUrl\":\"https:\\\/\\\/exaudi.org\\\/wp-content\\\/uploads\\\/2024\\\/11\\\/cq5dam.thumbnail.cropped.1000.563-1.jpeg\",\"datePublished\":\"2024-11-06T07:30:03+00:00\",\"dateModified\":\"2024-11-06T07:46:14+00:00\",\"author\":{\"@id\":\"https:\\\/\\\/exaudi.org\\\/#\\\/schema\\\/person\\\/f5fc8f063065e38742da7afe15f25df7\"},\"breadcrumb\":{\"@id\":\"https:\\\/\\\/exaudi.org\\\/es\\\/la-solidaridad-de-las-diocesis-de-espana-ante-la-tragedia-en-valencia\\\/#breadcrumb\"},\"inLanguage\":\"es\",\"potentialAction\":[{\"@type\":\"ReadAction\",\"target\":[\"https:\\\/\\\/exaudi.org\\\/es\\\/la-solidaridad-de-las-diocesis-de-espana-ante-la-tragedia-en-valencia\\\/\"]}]},{\"@type\":\"ImageObject\",\"inLanguage\":\"es\",\"@id\":\"https:\\\/\\\/exaudi.org\\\/es\\\/la-solidaridad-de-las-diocesis-de-espana-ante-la-tragedia-en-valencia\\\/#primaryimage\",\"url\":\"https:\\\/\\\/exaudi.org\\\/wp-content\\\/uploads\\\/2024\\\/11\\\/cq5dam.thumbnail.cropped.1000.563-1.jpeg\",\"contentUrl\":\"https:\\\/\\\/exaudi.org\\\/wp-content\\\/uploads\\\/2024\\\/11\\\/cq5dam.thumbnail.cropped.1000.563-1.jpeg\",\"width\":1000,\"height\":563,\"caption\":\"Vatican news\"},{\"@type\":\"BreadcrumbList\",\"@id\":\"https:\\\/\\\/exaudi.org\\\/es\\\/la-solidaridad-de-las-diocesis-de-espana-ante-la-tragedia-en-valencia\\\/#breadcrumb\",\"itemListElement\":[{\"@type\":\"ListItem\",\"position\":1,\"name\":\"Portada\",\"item\":\"https:\\\/\\\/exaudi.org\\\/es\\\/\"},{\"@type\":\"ListItem\",\"position\":2,\"name\":\"Sacerdotes y Voluntarios: Un Despliegue de Ayuda y Esperanza en Momentos de Crisis\"}]},{\"@type\":\"WebSite\",\"@id\":\"https:\\\/\\\/exaudi.org\\\/#website\",\"url\":\"https:\\\/\\\/exaudi.org\\\/\",\"name\":\"Exaudi\",\"description\":\"News\",\"potentialAction\":[{\"@type\":\"SearchAction\",\"target\":{\"@type\":\"EntryPoint\",\"urlTemplate\":\"https:\\\/\\\/exaudi.org\\\/?s={search_term_string}\"},\"query-input\":{\"@type\":\"PropertyValueSpecification\",\"valueRequired\":true,\"valueName\":\"search_term_string\"}}],\"inLanguage\":\"es\"},{\"@type\":\"Person\",\"@id\":\"https:\\\/\\\/exaudi.org\\\/#\\\/schema\\\/person\\\/f5fc8f063065e38742da7afe15f25df7\",\"name\":\"Exaudi Redacci\u00f3n\",\"image\":{\"@type\":\"ImageObject\",\"inLanguage\":\"es\",\"@id\":\"https:\\\/\\\/secure.gravatar.com\\\/avatar\\\/fe0f6a059fb68d9b3e11bc5850dd4899b1c7492091a3cb6dd9b01b56ad828be2?s=96&d=mm&r=g\",\"url\":\"https:\\\/\\\/secure.gravatar.com\\\/avatar\\\/fe0f6a059fb68d9b3e11bc5850dd4899b1c7492091a3cb6dd9b01b56ad828be2?s=96&d=mm&r=g\",\"contentUrl\":\"https:\\\/\\\/secure.gravatar.com\\\/avatar\\\/fe0f6a059fb68d9b3e11bc5850dd4899b1c7492091a3cb6dd9b01b56ad828be2?s=96&d=mm&r=g\",\"caption\":\"Exaudi Redacci\u00f3n\"},\"description\":\"\u00bfQu\u00e9 es Exaudi News? Exaudi News es un medio de comunicaci\u00f3n cat\u00f3lico internacional que informa, forma y transforma, diariamente en espa\u00f1ol, ingl\u00e9s e italiano. A trav\u00e9s de noticias, art\u00edculos de an\u00e1lisis y transmisiones en directo de los eventos del Papa, Exaudi busca fortalecer la unidad de los cristianos y contribuir a la evangelizaci\u00f3n del mundo, siempre guiados por la doctrina social de la Iglesia. Trabajamos para acercar la verdad y los valores cristianos a cada rinc\u00f3n del planeta. \u00a1Ay\u00fadanos a transformar el mundo con Exaudi! En Exaudi creemos que la evangelizaci\u00f3n y la informaci\u00f3n de calidad pueden cambiar vidas. Para continuar con nuestra misi\u00f3n y expandir nuestro alcance, necesitamos tu ayuda. Adem\u00e1s, buscamos personas comprometidas que deseen unirse a nuestro equipo. Con tu apoyo, lograremos llegar a m\u00e1s personas, difundir el mensaje de Cristo y reforzar la unidad de los cristianos. \u00bfTe unes a nuestra misi\u00f3n? Para m\u00e1s informaci\u00f3n sobre c\u00f3mo colaborar, visita Exaudi.org\\\/es o cont\u00e1ctanos directamente: info@exaudi.org Exaudi: Informa, forma y transforma.\",\"sameAs\":[\"https:\\\/\\\/www.facebook.com\\\/ExaudiNoticias\\\/\",\"https:\\\/\\\/www.instagram.com\\\/exaudi_noticias\\\/\",\"https:\\\/\\\/x.com\\\/Exaudi_noticias\",\"https:\\\/\\\/www.youtube.com\\\/@exaudicatholicnews\"],\"url\":\"https:\\\/\\\/exaudi.org\\\/es\\\/author\\\/redaccionexaudi\\\/\"}]}<\/script>\n<!-- \/ Yoast SEO plugin. -->","yoast_head_json":{"title":"Sacerdotes y Voluntarios: Un Despliegue de Ayuda y Esperanza en Momentos de Crisis &#8211; Exaudi","robots":{"index":"index","follow":"follow","max-snippet":"max-snippet:-1","max-image-preview":"max-image-preview:large","max-video-preview":"max-video-preview:-1"},"canonical":"https:\/\/exaudi.org\/es\/la-solidaridad-de-las-diocesis-de-espana-ante-la-tragedia-en-valencia\/","og_locale":"es_ES","og_type":"article","og_title":"Sacerdotes y Voluntarios: Un Despliegue de Ayuda y Esperanza en Momentos de Crisis &#8211; Exaudi","og_description":"La Solidaridad de las Di\u00f3cesis de Espa\u00f1a ante la Tragedia en Valencia","og_url":"https:\/\/exaudi.org\/es\/la-solidaridad-de-las-diocesis-de-espana-ante-la-tragedia-en-valencia\/","og_site_name":"Exaudi","article_publisher":"https:\/\/www.facebook.com\/ExaudiNews","article_author":"https:\/\/www.facebook.com\/ExaudiNoticias\/","article_published_time":"2024-11-06T07:30:03+00:00","article_modified_time":"2024-11-06T07:46:14+00:00","og_image":[{"width":1000,"height":563,"url":"https:\/\/exaudi.org\/wp-content\/uploads\/2024\/11\/cq5dam.thumbnail.cropped.1000.563-1.jpeg","type":"image\/jpeg"}],"author":"Exaudi Redacci\u00f3n","twitter_card":"summary_large_image","twitter_creator":"@Exaudi_noticias","twitter_site":"@Exaudi_News","twitter_misc":{"Escrito por":"Exaudi Redacci\u00f3n","Tiempo de lectura":"3 minutos"},"schema":{"@context":"https:\/\/schema.org","@graph":[{"@type":"Article","@id":"https:\/\/exaudi.org\/es\/la-solidaridad-de-las-diocesis-de-espana-ante-la-tragedia-en-valencia\/#article","isPartOf":{"@id":"https:\/\/exaudi.org\/es\/la-solidaridad-de-las-diocesis-de-espana-ante-la-tragedia-en-valencia\/"},"author":{"name":"Exaudi Redacci\u00f3n","@id":"https:\/\/exaudi.org\/#\/schema\/person\/f5fc8f063065e38742da7afe15f25df7"},"headline":"Sacerdotes y Voluntarios: Un Despliegue de Ayuda y Esperanza en Momentos de Crisis","datePublished":"2024-11-06T07:30:03+00:00","dateModified":"2024-11-06T07:46:14+00:00","mainEntityOfPage":{"@id":"https:\/\/exaudi.org\/es\/la-solidaridad-de-las-diocesis-de-espana-ante-la-tragedia-en-valencia\/"},"wordCount":648,"image":{"@id":"https:\/\/exaudi.org\/es\/la-solidaridad-de-las-diocesis-de-espana-ante-la-tragedia-en-valencia\/#primaryimage"},"thumbnailUrl":"https:\/\/exaudi.org\/wp-content\/uploads\/2024\/11\/cq5dam.thumbnail.cropped.1000.563-1.jpeg","keywords":["apoyo espiritual","Ayuda a v\u00edctimas","Caritas","Centros de acogida","Conferencia Episcopal Espa\u00f1ola","Di\u00f3cesis de Espa\u00f1a","donaciones","Emergencia en Valencia","Iglesia cat\u00f3lica","Movimientos laicales","Recuperaci\u00f3n comunitaria","Respuesta humanitaria","Sacerdotes voluntarios","Solidaridad eclesi\u00e1stica","Tragedia en Valencia","Trending"],"articleSection":["Iglesia y Mundo"],"inLanguage":"es"},{"@type":"WebPage","@id":"https:\/\/exaudi.org\/es\/la-solidaridad-de-las-diocesis-de-espana-ante-la-tragedia-en-valencia\/","url":"https:\/\/exaudi.org\/es\/la-solidaridad-de-las-diocesis-de-espana-ante-la-tragedia-en-valencia\/","name":"Sacerdotes y Voluntarios: Un Despliegue de Ayuda y Esperanza en Momentos de Crisis &#8211; Exaudi","isPartOf":{"@id":"https:\/\/exaudi.org\/#website"},"primaryImageOfPage":{"@id":"https:\/\/exaudi.org\/es\/la-solidaridad-de-las-diocesis-de-espana-ante-la-tragedia-en-valencia\/#primaryimage"},"image":{"@id":"https:\/\/exaudi.org\/es\/la-solidaridad-de-las-diocesis-de-espana-ante-la-tragedia-en-valencia\/#primaryimage"},"thumbnailUrl":"https:\/\/exaudi.org\/wp-content\/uploads\/2024\/11\/cq5dam.thumbnail.cropped.1000.563-1.jpeg","datePublished":"2024-11-06T07:30:03+00:00","dateModified":"2024-11-06T07:46:14+00:00","author":{"@id":"https:\/\/exaudi.org\/#\/schema\/person\/f5fc8f063065e38742da7afe15f25df7"},"breadcrumb":{"@id":"https:\/\/exaudi.org\/es\/la-solidaridad-de-las-diocesis-de-espana-ante-la-tragedia-en-valencia\/#breadcrumb"},"inLanguage":"es","potentialAction":[{"@type":"ReadAction","target":["https:\/\/exaudi.org\/es\/la-solidaridad-de-las-diocesis-de-espana-ante-la-tragedia-en-valencia\/"]}]},{"@type":"ImageObject","inLanguage":"es","@id":"https:\/\/exaudi.org\/es\/la-solidaridad-de-las-diocesis-de-espana-ante-la-tragedia-en-valencia\/#primaryimage","url":"https:\/\/exaudi.org\/wp-content\/uploads\/2024\/11\/cq5dam.thumbnail.cropped.1000.563-1.jpeg","contentUrl":"https:\/\/exaudi.org\/wp-content\/uploads\/2024\/11\/cq5dam.thumbnail.cropped.1000.563-1.jpeg","width":1000,"height":563,"caption":"Vatican news"},{"@type":"BreadcrumbList","@id":"https:\/\/exaudi.org\/es\/la-solidaridad-de-las-diocesis-de-espana-ante-la-tragedia-en-valencia\/#breadcrumb","itemListElement":[{"@type":"ListItem","position":1,"name":"Portada","item":"https:\/\/exaudi.org\/es\/"},{"@type":"ListItem","position":2,"name":"Sacerdotes y Voluntarios: Un Despliegue de Ayuda y Esperanza en Momentos de Crisis"}]},{"@type":"WebSite","@id":"https:\/\/exaudi.org\/#website","url":"https:\/\/exaudi.org\/","name":"Exaudi","description":"News","potentialAction":[{"@type":"SearchAction","target":{"@type":"EntryPoint","urlTemplate":"https:\/\/exaudi.org\/?s={search_term_string}"},"query-input":{"@type":"PropertyValueSpecification","valueRequired":true,"valueName":"search_term_string"}}],"inLanguage":"es"},{"@type":"Person","@id":"https:\/\/exaudi.org\/#\/schema\/person\/f5fc8f063065e38742da7afe15f25df7","name":"Exaudi Redacci\u00f3n","image":{"@type":"ImageObject","inLanguage":"es","@id":"https:\/\/secure.gravatar.com\/avatar\/fe0f6a059fb68d9b3e11bc5850dd4899b1c7492091a3cb6dd9b01b56ad828be2?s=96&d=mm&r=g","url":"https:\/\/secure.gravatar.com\/avatar\/fe0f6a059fb68d9b3e11bc5850dd4899b1c7492091a3cb6dd9b01b56ad828be2?s=96&d=mm&r=g","contentUrl":"https:\/\/secure.gravatar.com\/avatar\/fe0f6a059fb68d9b3e11bc5850dd4899b1c7492091a3cb6dd9b01b56ad828be2?s=96&d=mm&r=g","caption":"Exaudi Redacci\u00f3n"},"description":"\u00bfQu\u00e9 es Exaudi News? Exaudi News es un medio de comunicaci\u00f3n cat\u00f3lico internacional que informa, forma y transforma, diariamente en espa\u00f1ol, ingl\u00e9s e italiano. A trav\u00e9s de noticias, art\u00edculos de an\u00e1lisis y transmisiones en directo de los eventos del Papa, Exaudi busca fortalecer la unidad de los cristianos y contribuir a la evangelizaci\u00f3n del mundo, siempre guiados por la doctrina social de la Iglesia. Trabajamos para acercar la verdad y los valores cristianos a cada rinc\u00f3n del planeta. \u00a1Ay\u00fadanos a transformar el mundo con Exaudi! En Exaudi creemos que la evangelizaci\u00f3n y la informaci\u00f3n de calidad pueden cambiar vidas. Para continuar con nuestra misi\u00f3n y expandir nuestro alcance, necesitamos tu ayuda. Adem\u00e1s, buscamos personas comprometidas que deseen unirse a nuestro equipo. Con tu apoyo, lograremos llegar a m\u00e1s personas, difundir el mensaje de Cristo y reforzar la unidad de los cristianos. \u00bfTe unes a nuestra misi\u00f3n? Para m\u00e1s informaci\u00f3n sobre c\u00f3mo colaborar, visita Exaudi.org\/es o cont\u00e1ctanos directamente: info@exaudi.org Exaudi: Informa, forma y transforma.","sameAs":["https:\/\/www.facebook.com\/ExaudiNoticias\/","https:\/\/www.instagram.com\/exaudi_noticias\/","https:\/\/x.com\/Exaudi_noticias","https:\/\/www.youtube.com\/@exaudicatholicnews"],"url":"https:\/\/exaudi.org\/es\/author\/redaccionexaudi\/"}]}},"jetpack_featured_media_url":"https:\/\/exaudi.org\/wp-content\/uploads\/2024\/11\/cq5dam.thumbnail.cropped.1000.563-1.jpeg","jetpack_shortlink":"https:\/\/wp.me\/pgKjF2-tbW","_links":{"self":[{"href":"https:\/\/exaudi.org\/es\/wp-json\/wp\/v2\/posts\/112216","targetHints":{"allow":["GET"]}}],"collection":[{"href":"https:\/\/exaudi.org\/es\/wp-json\/wp\/v2\/posts"}],"about":[{"href":"https:\/\/exaudi.org\/es\/wp-json\/wp\/v2\/types\/post"}],"author":[{"embeddable":true,"href":"https:\/\/exaudi.org\/es\/wp-json\/wp\/v2\/users\/15"}],"replies":[{"embeddable":true,"href":"https:\/\/exaudi.org\/es\/wp-json\/wp\/v2\/comments?post=112216"}],"version-history":[{"count":0,"href":"https:\/\/exaudi.org\/es\/wp-json\/wp\/v2\/posts\/112216\/revisions"}],"wp:featuredmedia":[{"embeddable":true,"href":"https:\/\/exaudi.org\/es\/wp-json\/wp\/v2\/media\/112217"}],"wp:attachment":[{"href":"https:\/\/exaudi.org\/es\/wp-json\/wp\/v2\/media?parent=112216"}],"wp:term":[{"taxonomy":"category","embeddable":true,"href":"https:\/\/exaudi.org\/es\/wp-json\/wp\/v2\/categories?post=112216"},{"taxonomy":"post_tag","embeddable":true,"href":"https:\/\/exaudi.org\/es\/wp-json\/wp\/v2\/tags?post=112216"}],"curies":[{"name":"wp","href":"https:\/\/api.w.org\/{rel}","templated":true}]}}