{"id":112133,"date":"2024-11-04T12:42:03","date_gmt":"2024-11-04T11:42:03","guid":{"rendered":"https:\/\/exaudi.org\/?p=112133"},"modified":"2024-11-14T08:37:52","modified_gmt":"2024-11-14T07:37:52","slug":"papa-francisco-recordar-llevar-en-el-corazon","status":"publish","type":"post","link":"https:\/\/exaudi.org\/es\/papa-francisco-recordar-llevar-en-el-corazon\/","title":{"rendered":"Papa Francisco: \u00abRecordar\u00bb es llevar en el coraz\u00f3n"},"content":{"rendered":"<p>El Papa Francisco celebr\u00f3 una Misa el lunes por la ma\u00f1ana en memoria de los siete Cardenales y m\u00e1s de 120 Obispos que han fallecido en el transcurso del \u00faltimo a\u00f1o. Durante su homil\u00eda, el Santo Padre reflexion\u00f3 sobre las palabras del buen ladr\u00f3n, quien fue crucificado junto a Jes\u00fas: \u00abJes\u00fas, acu\u00e9rdate de m\u00ed cuando vengas en tu reino\u00bb.<\/p>\n<p>Publicamos a continuaci\u00f3n la homil\u00eda que el Papa pronunci\u00f3 tras la proclamaci\u00f3n del Evangelio:<\/p>\n<p>***<\/p>\n<h3><strong>Homil\u00eda del Papa<\/strong><\/h3>\n<p>\u00abJes\u00fas, acu\u00e9rdate de m\u00ed cuando vengas a establecer tu Reino\u00bb (<i>Lc<\/i>\u00a023,42). Estas son las \u00faltimas palabras que dirigi\u00f3 al Se\u00f1or uno de los dos crucificados que estaban junto a \u00c9l. No es un disc\u00edpulo el que las pronuncia, no es uno de aquellos que siguieron a Jes\u00fas por las calles de Galilea y compartieron con \u00c9l el pan en la \u00daltima cena. En cambio, el hombre que se dirige al Se\u00f1or es un malhechor. Uno que lo encuentra s\u00f3lo al final de su vida, uno cuyo nombre ni siquiera conocemos.<b><\/b><\/p>\n<p>Sin embargo, los \u00faltimos respiros de este desconocido se vuelven, en el Evangelio, un di\u00e1logo lleno de verdad. Mientras que Jes\u00fas es \u00abcontado entre los culpables\u00bb (<i>Is<\/i>\u00a053,12), como hab\u00eda profetizado Isa\u00edas, una voz inesperada se alza diciendo: nosotros \u00absufrimos justamente, porque pagamos nuestras culpas, pero \u00e9l no ha hecho nada malo\u00bb (<i>Lc<\/i>\u00a023,41). Y efectivamente as\u00ed es. Este condenado nos representa a todos, podemos llamarlo con nuestro nombre, podemos darle nuestro propio nombre. Podemos, sobre todo, hacer nuestra su s\u00faplica: \u201cJes\u00fas, acu\u00e9rdate de m\u00ed\u201d. Mantenme vivo en tu memoria. \u201cNo te olvides de m\u00ed\u201d.<\/p>\n<p>Meditemos sobre esta acci\u00f3n:\u00a0<i>recordarse,<b>\u00a0<\/b>recordar<\/i>. Recordar significa \u201ctraer de nuevo al coraz\u00f3n\u201d \u2014re-cordar\u2014, volver a poner en el coraz\u00f3n. Aquel hombre, crucificado junto a Jes\u00fas, transforma un gran dolor en oraci\u00f3n: \u201cJes\u00fas, ll\u00e9vame en tu coraz\u00f3n\u201d. Y no lo pide con voz de angustia, como la de un derrotado, sino con un tono lleno de esperanza. Y esto es todo lo que desea el delincuente que muere como disc\u00edpulo de \u00faltima hora: busca un coraz\u00f3n que lo acoja. Y esto es todo lo que vale para \u00e9l, ahora que se encuentra desnudo frente a la muerte. Y el Se\u00f1or escucha la oraci\u00f3n del pecador, hasta el \u00faltimo momento, como siempre. Traspasado por el dolor, el coraz\u00f3n de Cristo se abre para salvar el mundo \u2014un coraz\u00f3n abierto, no cerrado\u2014: acoge, moribundo, la voz del que muere. Jes\u00fas muere con nosotros, porque muere por nosotros. Muere con nosotros, porque muere por nosotros.<\/p>\n<p>A la s\u00faplica del crucificado culpable, responde el Crucificado inocente: \u00abYo te aseguro que hoy estar\u00e1s conmigo en el Para\u00edso\u00bb (<i>Lc<\/i>\u00a023,43). El recuerdo de Jes\u00fas es eficaz, la memoria de Jes\u00fas es eficaz, porque es rico en misericordia, por eso es eficaz. Mientras la vida del hombre mengua, el amor de Dios libera de la muerte. Entonces el condenado es redimido, el desconocido se vuelve compa\u00f1ero; un breve encuentro en la cruz durar\u00e1 por siempre en la paz. Esto nos hace reflexionar un poco. \u00bfC\u00f3mo encuentro a Jes\u00fas? O mejor a\u00fan, \u00bfc\u00f3mo me dejo encontrar por Jes\u00fas? \u00bfMe dejo encontrar o me cierro en mi ego\u00edsmo, en mi dolor, en mi suficiencia? \u00bfMe siento pecador dej\u00e1ndome encontrar por el Se\u00f1or o siento que soy justo diciendo: \u201cNo me haces falta, sigue tu camino\u201d?<\/p>\n<p>Jes\u00fas se acuerda de los que est\u00e1n crucificados junto a \u00c9l. El cuidado que les tiene, hasta el \u00faltimo respiro, nos hace reflexionar: hay distintos modos de recordar a las personas y a las cosas. Se pueden recordar los agravios, recordar los asuntos pendientes, recordar a los amigos y a los enemigos. Hermanos y hermanas, pregunt\u00e9monos hoy, ante esta escena del Evangelio: \u00bfC\u00f3mo est\u00e1n las personas dentro de nuestro coraz\u00f3n? \u00bfC\u00f3mo recordamos a los que han pasado junto a nosotros en las experiencias vividas? \u00bfJuzgo?, \u00bfdivido?, \u00bfo acojo?<\/p>\n<p>Queridos hermanos, volvi\u00e9ndose al coraz\u00f3n de Dios, los hombres de hoy y tambi\u00e9n los hombres de todos los tiempos pueden esperar la salvaci\u00f3n, aun cuando \u00aba los ojos de los insensatos parec\u00edan muertos\u00bb (<i>Sb<\/i>\u00a03,2). La memoria del Se\u00f1or custodia, en efecto, toda la historia. La memoria es custodia. \u00c9l es su juez, compasivo y rico en misericordia. El Se\u00f1or est\u00e1 cerca de nosotros como un juez; es cercano, compasivo y misericordioso. Son las tres actitudes del Se\u00f1or. \u00bfSoy cercano a la gente?, \u00bftengo un coraz\u00f3n compasivo?, \u00bfsoy misericordioso?<b>\u00a0<\/b>Con esta fe, recemos por los cardenales y obispos fallecidos en estos \u00faltimos doce meses. Hoy nuestro recuerdo se convierte en sufragio por estos hermanos nuestros. Como miembros elegidos del pueblo de Dios, fueron bautizados en la muerte de Cristo (cf.\u00a0<i>Rm<\/i>\u00a06,3), para resucitar con \u00c9l. Han sido pastores y ejemplo para el reba\u00f1o del Se\u00f1or (cf.\u00a0<i>1 P<\/i>\u00a05,3); que ahora se sienten a su mesa, despu\u00e9s de haber partido en la tierra el Pan de vida. Amaron a la Iglesia, cada uno a su modo, pero todos amaron a la Iglesia; recemos para que gocen de la compa\u00f1\u00eda eterna de los santos. Y nosotros esperemos, con firme esperanza, alegrarnos con ellos en el para\u00edso. Y los invito a decir tres veces conmigo: \u201cJes\u00fas, acu\u00e9rdate de nosotros\u201d. Todos: \u201cJes\u00fas, acu\u00e9rdate de nosotros\u201d, \u201cJes\u00fas, acu\u00e9rdate de nosotros\u201d, \u201cJes\u00fas, acu\u00e9rdate de nosotros\u201d.<\/p>\n<p><iframe loading=\"lazy\" title=\"Santa Misa por los Cardenales y Obispos difuntos - 04 de noviembre de 2024\" width=\"500\" height=\"281\" src=\"https:\/\/www.youtube.com\/embed\/C38KmegEH0k?feature=oembed\" frameborder=\"0\" allow=\"accelerometer; autoplay; clipboard-write; encrypted-media; gyroscope; picture-in-picture; web-share\" referrerpolicy=\"strict-origin-when-cross-origin\" allowfullscreen><\/iframe><\/p>\n","protected":false},"excerpt":{"rendered":"<p>Santa Misa en sufragio de los Cardenales y Obispos fallecidos durante el a\u00f1o<\/p>\n","protected":false},"author":15,"featured_media":112134,"comment_status":"closed","ping_status":"closed","sticky":false,"template":"","format":"standard","meta":{"_acf_changed":false,"_crdt_document":"","inline_featured_image":false,"footnotes":""},"categories":[114,68],"tags":[29992,1940,599,624,3164,2419,449,26398,11510,177,3592,602,676,158,30449,9686,19540],"class_list":["post-112133","post","type-post","status-publish","format-standard","has-post-thumbnail","hentry","category-homilias","category-leon-xiv","tag-buen-ladron","tag-cardenales","tag-dialogo","tag-esperanza","tag-fe-es","tag-featured","tag-iglesia-catolica","tag-intercesion","tag-memoria-2","tag-misa","tag-misericordia-es","tag-obispos","tag-oracion","tag-papa-francisco","tag-recuerdo","tag-salvacion","tag-valores-cristianos"],"acf":[],"yoast_head":"<!-- This site is optimized with the Yoast SEO plugin v27.4 - https:\/\/yoast.com\/product\/yoast-seo-wordpress\/ -->\n<title>Papa Francisco: &quot;Recordar&quot; es llevar en el coraz\u00f3n &#8211; Exaudi<\/title>\n<meta name=\"robots\" content=\"index, follow, max-snippet:-1, max-image-preview:large, max-video-preview:-1\" \/>\n<link rel=\"canonical\" href=\"https:\/\/exaudi.org\/es\/papa-francisco-recordar-llevar-en-el-corazon\/\" \/>\n<meta property=\"og:locale\" content=\"es_ES\" \/>\n<meta property=\"og:type\" content=\"article\" \/>\n<meta property=\"og:title\" content=\"Papa Francisco: &quot;Recordar&quot; es llevar en el coraz\u00f3n &#8211; Exaudi\" \/>\n<meta property=\"og:description\" content=\"Santa Misa en sufragio de los Cardenales y Obispos fallecidos durante el a\u00f1o\" \/>\n<meta property=\"og:url\" content=\"https:\/\/exaudi.org\/es\/papa-francisco-recordar-llevar-en-el-corazon\/\" \/>\n<meta property=\"og:site_name\" content=\"Exaudi\" \/>\n<meta property=\"article:publisher\" content=\"https:\/\/www.facebook.com\/ExaudiNews\" \/>\n<meta property=\"article:author\" content=\"https:\/\/www.facebook.com\/ExaudiNoticias\/\" \/>\n<meta property=\"article:published_time\" content=\"2024-11-04T11:42:03+00:00\" \/>\n<meta property=\"article:modified_time\" content=\"2024-11-14T07:37:52+00:00\" \/>\n<meta property=\"og:image\" content=\"https:\/\/exaudi.org\/wp-content\/uploads\/2024\/11\/cq5dam.thumbnail.cropped.750.422.jpeg\" \/>\n\t<meta property=\"og:image:width\" content=\"750\" \/>\n\t<meta property=\"og:image:height\" content=\"422\" \/>\n\t<meta property=\"og:image:type\" content=\"image\/jpeg\" \/>\n<meta name=\"author\" content=\"Exaudi Redacci\u00f3n\" \/>\n<meta name=\"twitter:card\" content=\"summary_large_image\" \/>\n<meta name=\"twitter:creator\" content=\"@Exaudi_noticias\" \/>\n<meta name=\"twitter:site\" content=\"@Exaudi_News\" \/>\n<meta name=\"twitter:label1\" content=\"Escrito por\" \/>\n\t<meta name=\"twitter:data1\" content=\"Exaudi Redacci\u00f3n\" \/>\n\t<meta name=\"twitter:label2\" content=\"Tiempo de lectura\" \/>\n\t<meta name=\"twitter:data2\" content=\"5 minutos\" \/>\n<script type=\"application\/ld+json\" class=\"yoast-schema-graph\">{\"@context\":\"https:\\\/\\\/schema.org\",\"@graph\":[{\"@type\":\"Article\",\"@id\":\"https:\\\/\\\/exaudi.org\\\/es\\\/papa-francisco-recordar-llevar-en-el-corazon\\\/#article\",\"isPartOf\":{\"@id\":\"https:\\\/\\\/exaudi.org\\\/es\\\/papa-francisco-recordar-llevar-en-el-corazon\\\/\"},\"author\":{\"name\":\"Exaudi Redacci\u00f3n\",\"@id\":\"https:\\\/\\\/exaudi.org\\\/#\\\/schema\\\/person\\\/f5fc8f063065e38742da7afe15f25df7\"},\"headline\":\"Papa Francisco: \u00abRecordar\u00bb es llevar en el coraz\u00f3n\",\"datePublished\":\"2024-11-04T11:42:03+00:00\",\"dateModified\":\"2024-11-14T07:37:52+00:00\",\"mainEntityOfPage\":{\"@id\":\"https:\\\/\\\/exaudi.org\\\/es\\\/papa-francisco-recordar-llevar-en-el-corazon\\\/\"},\"wordCount\":957,\"image\":{\"@id\":\"https:\\\/\\\/exaudi.org\\\/es\\\/papa-francisco-recordar-llevar-en-el-corazon\\\/#primaryimage\"},\"thumbnailUrl\":\"https:\\\/\\\/exaudi.org\\\/wp-content\\\/uploads\\\/2024\\\/11\\\/cq5dam.thumbnail.cropped.750.422.jpeg\",\"keywords\":[\"buen ladr\u00f3n\",\"Cardenales\",\"di\u00e1logo\",\"Esperanza\",\"fe\",\"Featured\",\"Iglesia cat\u00f3lica\",\"intercesi\u00f3n\",\"memoria\",\"misa\",\"misericordia\",\"obispos\",\"Oraci\u00f3n\",\"papa francisco\",\"recuerdo\",\"Salvaci\u00f3n\",\"valores cristianos\"],\"articleSection\":[\"Homilias\",\"Le\u00f3n XIV\"],\"inLanguage\":\"es\"},{\"@type\":\"WebPage\",\"@id\":\"https:\\\/\\\/exaudi.org\\\/es\\\/papa-francisco-recordar-llevar-en-el-corazon\\\/\",\"url\":\"https:\\\/\\\/exaudi.org\\\/es\\\/papa-francisco-recordar-llevar-en-el-corazon\\\/\",\"name\":\"Papa Francisco: \\\"Recordar\\\" es llevar en el coraz\u00f3n &#8211; Exaudi\",\"isPartOf\":{\"@id\":\"https:\\\/\\\/exaudi.org\\\/#website\"},\"primaryImageOfPage\":{\"@id\":\"https:\\\/\\\/exaudi.org\\\/es\\\/papa-francisco-recordar-llevar-en-el-corazon\\\/#primaryimage\"},\"image\":{\"@id\":\"https:\\\/\\\/exaudi.org\\\/es\\\/papa-francisco-recordar-llevar-en-el-corazon\\\/#primaryimage\"},\"thumbnailUrl\":\"https:\\\/\\\/exaudi.org\\\/wp-content\\\/uploads\\\/2024\\\/11\\\/cq5dam.thumbnail.cropped.750.422.jpeg\",\"datePublished\":\"2024-11-04T11:42:03+00:00\",\"dateModified\":\"2024-11-14T07:37:52+00:00\",\"author\":{\"@id\":\"https:\\\/\\\/exaudi.org\\\/#\\\/schema\\\/person\\\/f5fc8f063065e38742da7afe15f25df7\"},\"breadcrumb\":{\"@id\":\"https:\\\/\\\/exaudi.org\\\/es\\\/papa-francisco-recordar-llevar-en-el-corazon\\\/#breadcrumb\"},\"inLanguage\":\"es\",\"potentialAction\":[{\"@type\":\"ReadAction\",\"target\":[\"https:\\\/\\\/exaudi.org\\\/es\\\/papa-francisco-recordar-llevar-en-el-corazon\\\/\"]}]},{\"@type\":\"ImageObject\",\"inLanguage\":\"es\",\"@id\":\"https:\\\/\\\/exaudi.org\\\/es\\\/papa-francisco-recordar-llevar-en-el-corazon\\\/#primaryimage\",\"url\":\"https:\\\/\\\/exaudi.org\\\/wp-content\\\/uploads\\\/2024\\\/11\\\/cq5dam.thumbnail.cropped.750.422.jpeg\",\"contentUrl\":\"https:\\\/\\\/exaudi.org\\\/wp-content\\\/uploads\\\/2024\\\/11\\\/cq5dam.thumbnail.cropped.750.422.jpeg\",\"width\":750,\"height\":422},{\"@type\":\"BreadcrumbList\",\"@id\":\"https:\\\/\\\/exaudi.org\\\/es\\\/papa-francisco-recordar-llevar-en-el-corazon\\\/#breadcrumb\",\"itemListElement\":[{\"@type\":\"ListItem\",\"position\":1,\"name\":\"Portada\",\"item\":\"https:\\\/\\\/exaudi.org\\\/es\\\/\"},{\"@type\":\"ListItem\",\"position\":2,\"name\":\"Papa Francisco: \u00abRecordar\u00bb es llevar en el coraz\u00f3n\"}]},{\"@type\":\"WebSite\",\"@id\":\"https:\\\/\\\/exaudi.org\\\/#website\",\"url\":\"https:\\\/\\\/exaudi.org\\\/\",\"name\":\"Exaudi\",\"description\":\"News\",\"potentialAction\":[{\"@type\":\"SearchAction\",\"target\":{\"@type\":\"EntryPoint\",\"urlTemplate\":\"https:\\\/\\\/exaudi.org\\\/?s={search_term_string}\"},\"query-input\":{\"@type\":\"PropertyValueSpecification\",\"valueRequired\":true,\"valueName\":\"search_term_string\"}}],\"inLanguage\":\"es\"},{\"@type\":\"Person\",\"@id\":\"https:\\\/\\\/exaudi.org\\\/#\\\/schema\\\/person\\\/f5fc8f063065e38742da7afe15f25df7\",\"name\":\"Exaudi Redacci\u00f3n\",\"image\":{\"@type\":\"ImageObject\",\"inLanguage\":\"es\",\"@id\":\"https:\\\/\\\/secure.gravatar.com\\\/avatar\\\/fe0f6a059fb68d9b3e11bc5850dd4899b1c7492091a3cb6dd9b01b56ad828be2?s=96&d=mm&r=g\",\"url\":\"https:\\\/\\\/secure.gravatar.com\\\/avatar\\\/fe0f6a059fb68d9b3e11bc5850dd4899b1c7492091a3cb6dd9b01b56ad828be2?s=96&d=mm&r=g\",\"contentUrl\":\"https:\\\/\\\/secure.gravatar.com\\\/avatar\\\/fe0f6a059fb68d9b3e11bc5850dd4899b1c7492091a3cb6dd9b01b56ad828be2?s=96&d=mm&r=g\",\"caption\":\"Exaudi Redacci\u00f3n\"},\"description\":\"\u00bfQu\u00e9 es Exaudi News? Exaudi News es un medio de comunicaci\u00f3n cat\u00f3lico internacional que informa, forma y transforma, diariamente en espa\u00f1ol, ingl\u00e9s e italiano. A trav\u00e9s de noticias, art\u00edculos de an\u00e1lisis y transmisiones en directo de los eventos del Papa, Exaudi busca fortalecer la unidad de los cristianos y contribuir a la evangelizaci\u00f3n del mundo, siempre guiados por la doctrina social de la Iglesia. Trabajamos para acercar la verdad y los valores cristianos a cada rinc\u00f3n del planeta. \u00a1Ay\u00fadanos a transformar el mundo con Exaudi! En Exaudi creemos que la evangelizaci\u00f3n y la informaci\u00f3n de calidad pueden cambiar vidas. Para continuar con nuestra misi\u00f3n y expandir nuestro alcance, necesitamos tu ayuda. Adem\u00e1s, buscamos personas comprometidas que deseen unirse a nuestro equipo. Con tu apoyo, lograremos llegar a m\u00e1s personas, difundir el mensaje de Cristo y reforzar la unidad de los cristianos. \u00bfTe unes a nuestra misi\u00f3n? Para m\u00e1s informaci\u00f3n sobre c\u00f3mo colaborar, visita Exaudi.org\\\/es o cont\u00e1ctanos directamente: info@exaudi.org Exaudi: Informa, forma y transforma.\",\"sameAs\":[\"https:\\\/\\\/www.facebook.com\\\/ExaudiNoticias\\\/\",\"https:\\\/\\\/www.instagram.com\\\/exaudi_noticias\\\/\",\"https:\\\/\\\/x.com\\\/Exaudi_noticias\",\"https:\\\/\\\/www.youtube.com\\\/@exaudicatholicnews\"],\"url\":\"https:\\\/\\\/exaudi.org\\\/es\\\/author\\\/redaccionexaudi\\\/\"}]}<\/script>\n<!-- \/ Yoast SEO plugin. -->","yoast_head_json":{"title":"Papa Francisco: \"Recordar\" es llevar en el coraz\u00f3n &#8211; Exaudi","robots":{"index":"index","follow":"follow","max-snippet":"max-snippet:-1","max-image-preview":"max-image-preview:large","max-video-preview":"max-video-preview:-1"},"canonical":"https:\/\/exaudi.org\/es\/papa-francisco-recordar-llevar-en-el-corazon\/","og_locale":"es_ES","og_type":"article","og_title":"Papa Francisco: \"Recordar\" es llevar en el coraz\u00f3n &#8211; Exaudi","og_description":"Santa Misa en sufragio de los Cardenales y Obispos fallecidos durante el a\u00f1o","og_url":"https:\/\/exaudi.org\/es\/papa-francisco-recordar-llevar-en-el-corazon\/","og_site_name":"Exaudi","article_publisher":"https:\/\/www.facebook.com\/ExaudiNews","article_author":"https:\/\/www.facebook.com\/ExaudiNoticias\/","article_published_time":"2024-11-04T11:42:03+00:00","article_modified_time":"2024-11-14T07:37:52+00:00","og_image":[{"width":750,"height":422,"url":"https:\/\/exaudi.org\/wp-content\/uploads\/2024\/11\/cq5dam.thumbnail.cropped.750.422.jpeg","type":"image\/jpeg"}],"author":"Exaudi Redacci\u00f3n","twitter_card":"summary_large_image","twitter_creator":"@Exaudi_noticias","twitter_site":"@Exaudi_News","twitter_misc":{"Escrito por":"Exaudi Redacci\u00f3n","Tiempo de lectura":"5 minutos"},"schema":{"@context":"https:\/\/schema.org","@graph":[{"@type":"Article","@id":"https:\/\/exaudi.org\/es\/papa-francisco-recordar-llevar-en-el-corazon\/#article","isPartOf":{"@id":"https:\/\/exaudi.org\/es\/papa-francisco-recordar-llevar-en-el-corazon\/"},"author":{"name":"Exaudi Redacci\u00f3n","@id":"https:\/\/exaudi.org\/#\/schema\/person\/f5fc8f063065e38742da7afe15f25df7"},"headline":"Papa Francisco: \u00abRecordar\u00bb es llevar en el coraz\u00f3n","datePublished":"2024-11-04T11:42:03+00:00","dateModified":"2024-11-14T07:37:52+00:00","mainEntityOfPage":{"@id":"https:\/\/exaudi.org\/es\/papa-francisco-recordar-llevar-en-el-corazon\/"},"wordCount":957,"image":{"@id":"https:\/\/exaudi.org\/es\/papa-francisco-recordar-llevar-en-el-corazon\/#primaryimage"},"thumbnailUrl":"https:\/\/exaudi.org\/wp-content\/uploads\/2024\/11\/cq5dam.thumbnail.cropped.750.422.jpeg","keywords":["buen ladr\u00f3n","Cardenales","di\u00e1logo","Esperanza","fe","Featured","Iglesia cat\u00f3lica","intercesi\u00f3n","memoria","misa","misericordia","obispos","Oraci\u00f3n","papa francisco","recuerdo","Salvaci\u00f3n","valores cristianos"],"articleSection":["Homilias","Le\u00f3n XIV"],"inLanguage":"es"},{"@type":"WebPage","@id":"https:\/\/exaudi.org\/es\/papa-francisco-recordar-llevar-en-el-corazon\/","url":"https:\/\/exaudi.org\/es\/papa-francisco-recordar-llevar-en-el-corazon\/","name":"Papa Francisco: \"Recordar\" es llevar en el coraz\u00f3n &#8211; Exaudi","isPartOf":{"@id":"https:\/\/exaudi.org\/#website"},"primaryImageOfPage":{"@id":"https:\/\/exaudi.org\/es\/papa-francisco-recordar-llevar-en-el-corazon\/#primaryimage"},"image":{"@id":"https:\/\/exaudi.org\/es\/papa-francisco-recordar-llevar-en-el-corazon\/#primaryimage"},"thumbnailUrl":"https:\/\/exaudi.org\/wp-content\/uploads\/2024\/11\/cq5dam.thumbnail.cropped.750.422.jpeg","datePublished":"2024-11-04T11:42:03+00:00","dateModified":"2024-11-14T07:37:52+00:00","author":{"@id":"https:\/\/exaudi.org\/#\/schema\/person\/f5fc8f063065e38742da7afe15f25df7"},"breadcrumb":{"@id":"https:\/\/exaudi.org\/es\/papa-francisco-recordar-llevar-en-el-corazon\/#breadcrumb"},"inLanguage":"es","potentialAction":[{"@type":"ReadAction","target":["https:\/\/exaudi.org\/es\/papa-francisco-recordar-llevar-en-el-corazon\/"]}]},{"@type":"ImageObject","inLanguage":"es","@id":"https:\/\/exaudi.org\/es\/papa-francisco-recordar-llevar-en-el-corazon\/#primaryimage","url":"https:\/\/exaudi.org\/wp-content\/uploads\/2024\/11\/cq5dam.thumbnail.cropped.750.422.jpeg","contentUrl":"https:\/\/exaudi.org\/wp-content\/uploads\/2024\/11\/cq5dam.thumbnail.cropped.750.422.jpeg","width":750,"height":422},{"@type":"BreadcrumbList","@id":"https:\/\/exaudi.org\/es\/papa-francisco-recordar-llevar-en-el-corazon\/#breadcrumb","itemListElement":[{"@type":"ListItem","position":1,"name":"Portada","item":"https:\/\/exaudi.org\/es\/"},{"@type":"ListItem","position":2,"name":"Papa Francisco: \u00abRecordar\u00bb es llevar en el coraz\u00f3n"}]},{"@type":"WebSite","@id":"https:\/\/exaudi.org\/#website","url":"https:\/\/exaudi.org\/","name":"Exaudi","description":"News","potentialAction":[{"@type":"SearchAction","target":{"@type":"EntryPoint","urlTemplate":"https:\/\/exaudi.org\/?s={search_term_string}"},"query-input":{"@type":"PropertyValueSpecification","valueRequired":true,"valueName":"search_term_string"}}],"inLanguage":"es"},{"@type":"Person","@id":"https:\/\/exaudi.org\/#\/schema\/person\/f5fc8f063065e38742da7afe15f25df7","name":"Exaudi Redacci\u00f3n","image":{"@type":"ImageObject","inLanguage":"es","@id":"https:\/\/secure.gravatar.com\/avatar\/fe0f6a059fb68d9b3e11bc5850dd4899b1c7492091a3cb6dd9b01b56ad828be2?s=96&d=mm&r=g","url":"https:\/\/secure.gravatar.com\/avatar\/fe0f6a059fb68d9b3e11bc5850dd4899b1c7492091a3cb6dd9b01b56ad828be2?s=96&d=mm&r=g","contentUrl":"https:\/\/secure.gravatar.com\/avatar\/fe0f6a059fb68d9b3e11bc5850dd4899b1c7492091a3cb6dd9b01b56ad828be2?s=96&d=mm&r=g","caption":"Exaudi Redacci\u00f3n"},"description":"\u00bfQu\u00e9 es Exaudi News? Exaudi News es un medio de comunicaci\u00f3n cat\u00f3lico internacional que informa, forma y transforma, diariamente en espa\u00f1ol, ingl\u00e9s e italiano. A trav\u00e9s de noticias, art\u00edculos de an\u00e1lisis y transmisiones en directo de los eventos del Papa, Exaudi busca fortalecer la unidad de los cristianos y contribuir a la evangelizaci\u00f3n del mundo, siempre guiados por la doctrina social de la Iglesia. Trabajamos para acercar la verdad y los valores cristianos a cada rinc\u00f3n del planeta. \u00a1Ay\u00fadanos a transformar el mundo con Exaudi! En Exaudi creemos que la evangelizaci\u00f3n y la informaci\u00f3n de calidad pueden cambiar vidas. Para continuar con nuestra misi\u00f3n y expandir nuestro alcance, necesitamos tu ayuda. Adem\u00e1s, buscamos personas comprometidas que deseen unirse a nuestro equipo. Con tu apoyo, lograremos llegar a m\u00e1s personas, difundir el mensaje de Cristo y reforzar la unidad de los cristianos. \u00bfTe unes a nuestra misi\u00f3n? Para m\u00e1s informaci\u00f3n sobre c\u00f3mo colaborar, visita Exaudi.org\/es o cont\u00e1ctanos directamente: info@exaudi.org Exaudi: Informa, forma y transforma.","sameAs":["https:\/\/www.facebook.com\/ExaudiNoticias\/","https:\/\/www.instagram.com\/exaudi_noticias\/","https:\/\/x.com\/Exaudi_noticias","https:\/\/www.youtube.com\/@exaudicatholicnews"],"url":"https:\/\/exaudi.org\/es\/author\/redaccionexaudi\/"}]}},"jetpack_featured_media_url":"https:\/\/exaudi.org\/wp-content\/uploads\/2024\/11\/cq5dam.thumbnail.cropped.750.422.jpeg","jetpack_shortlink":"https:\/\/wp.me\/pgKjF2-taB","_links":{"self":[{"href":"https:\/\/exaudi.org\/es\/wp-json\/wp\/v2\/posts\/112133","targetHints":{"allow":["GET"]}}],"collection":[{"href":"https:\/\/exaudi.org\/es\/wp-json\/wp\/v2\/posts"}],"about":[{"href":"https:\/\/exaudi.org\/es\/wp-json\/wp\/v2\/types\/post"}],"author":[{"embeddable":true,"href":"https:\/\/exaudi.org\/es\/wp-json\/wp\/v2\/users\/15"}],"replies":[{"embeddable":true,"href":"https:\/\/exaudi.org\/es\/wp-json\/wp\/v2\/comments?post=112133"}],"version-history":[{"count":0,"href":"https:\/\/exaudi.org\/es\/wp-json\/wp\/v2\/posts\/112133\/revisions"}],"wp:featuredmedia":[{"embeddable":true,"href":"https:\/\/exaudi.org\/es\/wp-json\/wp\/v2\/media\/112134"}],"wp:attachment":[{"href":"https:\/\/exaudi.org\/es\/wp-json\/wp\/v2\/media?parent=112133"}],"wp:term":[{"taxonomy":"category","embeddable":true,"href":"https:\/\/exaudi.org\/es\/wp-json\/wp\/v2\/categories?post=112133"},{"taxonomy":"post_tag","embeddable":true,"href":"https:\/\/exaudi.org\/es\/wp-json\/wp\/v2\/tags?post=112133"}],"curies":[{"name":"wp","href":"https:\/\/api.w.org\/{rel}","templated":true}]}}