{"id":112001,"date":"2024-11-01T12:45:53","date_gmt":"2024-11-01T11:45:53","guid":{"rendered":"https:\/\/exaudi.org\/?p=112001"},"modified":"2024-11-01T15:14:05","modified_gmt":"2024-11-01T14:14:05","slug":"los-santos-testigos-de-caminos-de-luz-para-todos-nosotros","status":"publish","type":"post","link":"https:\/\/exaudi.org\/es\/los-santos-testigos-de-caminos-de-luz-para-todos-nosotros\/","title":{"rendered":"Los Santos: Testigos de Caminos de Luz para Todos Nosotros"},"content":{"rendered":"<p>En la Solemnidad de Todos los Santos, el Papa Francisco, antes del rezo del \u00c1ngelus, reflexion\u00f3 sobre la vida santa y las Bienaventuranzas. Record\u00f3 que vivir en santidad es un \u201cdon de Dios\u201d, pero tambi\u00e9n requiere nuestra \u201crespuesta\u201d a sus designios y a sus buenas inspiraciones. Nos invit\u00f3 a ponernos al servicio de los dem\u00e1s, tal como Jes\u00fas nos ense\u00f1\u00f3.<\/p>\n<h3><strong>Los Santos: Modelos de Vida Seg\u00fan las Bienaventuranzas<\/strong><\/h3>\n<p>Francisco nos anim\u00f3 a mirar a los santos, aquellos hermanos y hermanas \u201cmoldeados por las bienaventuranzas\u201d. Son personas \u00abllenas de Dios\u00bb, incapaces de ser indiferentes ante las necesidades de los dem\u00e1s, y nos muestran caminos luminosos que tambi\u00e9n nosotros podemos seguir. Nos pregunt\u00f3 si en nuestras oraciones pedimos a Dios \u201cel don de una vida santa\u201d y si nos dejamos guiar \u201cpor los buenos impulsos que su Esp\u00edritu\u201d suscita en nosotros, practicando \u201clas bienaventuranzas del Evangelio\u201d en nuestras vidas cotidianas. Esta fue la invitaci\u00f3n del Papa antes del \u00c1ngelus, al reflexionar sobre el Evangelio de Mateo donde Jes\u00fas proclama las Bienaventuranzas, descritas por Francisco como \u201cel carn\u00e9 de identidad del cristiano y el camino hacia la santidad\u201d, seg\u00fan la exhortaci\u00f3n apost\u00f3lica Gaudete et exsultate.<\/p>\n<h3><strong>El Camino del Amor y la Santidad: Un Don y una Respuesta<\/strong><\/h3>\n<p>El Papa destac\u00f3 que este camino de amor es tanto un regalo de Dios como nuestra respuesta. En su nueva enc\u00edclica Dilexit nos, Francisco subraya que \u201ces al Se\u00f1or a quien pedimos que nos haga santos, que haga nuestro coraz\u00f3n semejante al suyo\u201d. Es Dios quien, con su gracia, \u201cnos sana y nos libera de todo lo que nos impide amar como \u00c9l nos ama\u201d, permitiendo que en nosotros haya \u201cmenos yo para dejar espacio a Dios\u201d, como dec\u00eda el Beato Carlo Acutis.<\/p>\n<h3><strong>La Importancia de Nuestra Respuesta<\/strong><\/h3>\n<p>Sin embargo, Francisco aclar\u00f3 que nuestra respuesta es crucial. Dios \u201cnos ofrece su santidad, pero no nos la impone\u201d. Siembra esta santidad en nosotros y luego espera nuestra respuesta, permiti\u00e9ndonos seguir sus buenas inspiraciones y participando en sus proyectos. Nos llama a hacer nuestros sus sentimientos, poni\u00e9ndonos al servicio de los dem\u00e1s con una caridad cada vez m\u00e1s universal y abierta al mundo entero.<\/p>\n<h3><strong>Ejemplos de Santidad<\/strong><\/h3>\n<p>El Papa ofreci\u00f3 ejemplos inspiradores de santidad, mencionando a San Maximiliano Kolbe, quien en Auschwitz se ofreci\u00f3 para ocupar el lugar de un padre de familia condenado a muerte; Santa Teresa de Calcuta, que dedic\u00f3 su vida al servicio de los m\u00e1s pobres; y San \u00d3scar Romero, asesinado en el altar por defender los derechos de los oprimidos. Estos santos, y muchos otros, tanto en los altares como en nuestra vida diaria, son modelos de personas \u201cllenas de Dios\u201d, incapaces de permanecer indiferentes ante las necesidades del pr\u00f3jimo y testigos de caminos luminosos que tambi\u00e9n nosotros podemos seguir.<\/p>\n<h3><strong>Una Invitaci\u00f3n a la Santidad<\/strong><\/h3>\n<p>Finalmente, el Papa Francisco nos hizo una pregunta crucial: \u00bfPedimos a Dios, en nuestras oraciones, el don de una vida santa? \u00bfNos dejamos guiar por los buenos impulsos que su Esp\u00edritu suscita en nosotros? \u00bfNos comprometemos a practicar las Bienaventuranzas en nuestra vida diaria? Concluy\u00f3 pidiendo a Mar\u00eda, \u201cReina de todos los Santos\u201d, que nos ayude a hacer de nuestra vida un camino de santidad.<\/p>\n<p>Esta reflexi\u00f3n del Papa Francisco nos invita a mirar hacia los santos no solo como ejemplos a seguir, sino como testimonios vivos de que el camino hacia la santidad es posible para todos nosotros.<\/p>\n<p><iframe loading=\"lazy\" title=\"\u00c1ngelus - 01 de noviembre de 2024 - Papa Francisco\" width=\"500\" height=\"281\" src=\"https:\/\/www.youtube.com\/embed\/oUOCaiqdJpM?feature=oembed\" frameborder=\"0\" allow=\"accelerometer; autoplay; clipboard-write; encrypted-media; gyroscope; picture-in-picture; web-share\" referrerpolicy=\"strict-origin-when-cross-origin\" allowfullscreen><\/iframe><\/p>\n","protected":false},"excerpt":{"rendered":"<p>\u00c1ngelus<\/p>\n","protected":false},"author":15,"featured_media":112005,"comment_status":"closed","ping_status":"closed","sticky":false,"template":"","format":"standard","meta":{"_acf_changed":false,"_crdt_document":"","inline_featured_image":false,"footnotes":""},"categories":[70,68],"tags":[191,4455,4743,30293,30288,30292,30286,28528,30282,30290,448,30284,2419,5888,30285,30287,30291,158,30289,3689,1262,3955,1716,2375,24584,4720,30283,30281],"class_list":["post-112001","post","type-post","status-publish","format-standard","has-post-thumbnail","hentry","category-angelus-es","category-leon-xiv","tag-angelus","tag-beato-carlo-acutis","tag-bienaventuranzas","tag-bienaventuranzas-del-evangelio","tag-camino-de-santidad","tag-caminos-luminosos","tag-caridad-universal","tag-dilexit-nos","tag-don-de-dios","tag-ejemplos-de-santidad","tag-espiritu-santo","tag-evangelio-de-mateo","tag-featured","tag-gaudete-et-exsultate","tag-inspiracion-divina","tag-maria-reina-de-los-santos","tag-oracion-por-la-santidad","tag-papa-francisco","tag-reflexion-papal","tag-san-maximiliano-kolbe","tag-san-oscar-romero","tag-santa-teresa-de-calcuta","tag-santidad","tag-santos","tag-servicio-a-los-demas","tag-solemnidad-de-todos-los-santos","tag-testigos-de-luz","tag-vida-santa"],"acf":[],"yoast_head":"<!-- This site is optimized with the Yoast SEO plugin v27.5 - https:\/\/yoast.com\/product\/yoast-seo-wordpress\/ -->\n<title>Los Santos: Testigos de Caminos de Luz para Todos Nosotros &#8211; Exaudi<\/title>\n<meta name=\"robots\" content=\"index, follow, max-snippet:-1, max-image-preview:large, max-video-preview:-1\" \/>\n<link rel=\"canonical\" href=\"https:\/\/exaudi.org\/es\/los-santos-testigos-de-caminos-de-luz-para-todos-nosotros\/\" \/>\n<meta property=\"og:locale\" content=\"es_ES\" \/>\n<meta property=\"og:type\" content=\"article\" \/>\n<meta property=\"og:title\" content=\"Los Santos: Testigos de Caminos de Luz para Todos Nosotros &#8211; Exaudi\" \/>\n<meta property=\"og:description\" content=\"\u00c1ngelus\" \/>\n<meta property=\"og:url\" content=\"https:\/\/exaudi.org\/es\/los-santos-testigos-de-caminos-de-luz-para-todos-nosotros\/\" \/>\n<meta property=\"og:site_name\" content=\"Exaudi\" \/>\n<meta property=\"article:publisher\" content=\"https:\/\/www.facebook.com\/ExaudiNews\" \/>\n<meta property=\"article:author\" content=\"https:\/\/www.facebook.com\/ExaudiNoticias\/\" \/>\n<meta property=\"article:published_time\" content=\"2024-11-01T11:45:53+00:00\" \/>\n<meta property=\"article:modified_time\" content=\"2024-11-01T14:14:05+00:00\" \/>\n<meta property=\"og:image\" content=\"https:\/\/exaudi.org\/wp-content\/uploads\/2024\/11\/Snapinsta.app_465214702_933705985316887_4831701581882539605_n_1080-e1730470342361.jpg\" \/>\n\t<meta property=\"og:image:width\" content=\"853\" \/>\n\t<meta property=\"og:image:height\" content=\"535\" \/>\n\t<meta property=\"og:image:type\" content=\"image\/jpeg\" \/>\n<meta name=\"author\" content=\"Exaudi Redacci\u00f3n\" \/>\n<meta name=\"twitter:card\" content=\"summary_large_image\" \/>\n<meta name=\"twitter:creator\" content=\"@Exaudi_noticias\" \/>\n<meta name=\"twitter:site\" content=\"@Exaudi_News\" \/>\n<meta name=\"twitter:label1\" content=\"Escrito por\" \/>\n\t<meta name=\"twitter:data1\" content=\"Exaudi Redacci\u00f3n\" \/>\n\t<meta name=\"twitter:label2\" content=\"Tiempo de lectura\" \/>\n\t<meta name=\"twitter:data2\" content=\"3 minutos\" \/>\n<script type=\"application\/ld+json\" class=\"yoast-schema-graph\">{\"@context\":\"https:\\\/\\\/schema.org\",\"@graph\":[{\"@type\":\"Article\",\"@id\":\"https:\\\/\\\/exaudi.org\\\/es\\\/los-santos-testigos-de-caminos-de-luz-para-todos-nosotros\\\/#article\",\"isPartOf\":{\"@id\":\"https:\\\/\\\/exaudi.org\\\/es\\\/los-santos-testigos-de-caminos-de-luz-para-todos-nosotros\\\/\"},\"author\":{\"name\":\"Exaudi Redacci\u00f3n\",\"@id\":\"https:\\\/\\\/exaudi.org\\\/#\\\/schema\\\/person\\\/f5fc8f063065e38742da7afe15f25df7\"},\"headline\":\"Los Santos: Testigos de Caminos de Luz para Todos Nosotros\",\"datePublished\":\"2024-11-01T11:45:53+00:00\",\"dateModified\":\"2024-11-01T14:14:05+00:00\",\"mainEntityOfPage\":{\"@id\":\"https:\\\/\\\/exaudi.org\\\/es\\\/los-santos-testigos-de-caminos-de-luz-para-todos-nosotros\\\/\"},\"wordCount\":602,\"image\":{\"@id\":\"https:\\\/\\\/exaudi.org\\\/es\\\/los-santos-testigos-de-caminos-de-luz-para-todos-nosotros\\\/#primaryimage\"},\"thumbnailUrl\":\"https:\\\/\\\/exaudi.org\\\/wp-content\\\/uploads\\\/2024\\\/11\\\/Snapinsta.app_465214702_933705985316887_4831701581882539605_n_1080-e1730470342361.jpg\",\"keywords\":[\"\u00e1ngelus\",\"Beato Carlo Acutis\",\"Bienaventuranzas\",\"Bienaventuranzas del Evangelio\",\"camino de santidad\",\"caminos luminosos\",\"caridad universal\",\"Dilexit nos\",\"don de Dios\",\"ejemplos de santidad\",\"Esp\u00edritu Santo\",\"Evangelio de Mateo\",\"Featured\",\"Gaudete et exsultate\",\"inspiraci\u00f3n divina\",\"Mar\u00eda Reina de los Santos\",\"oraci\u00f3n por la santidad\",\"papa francisco\",\"reflexi\u00f3n papal\",\"San Maximiliano Kolbe\",\"San Oscar Romero\",\"Santa Teresa de Calcuta\",\"Santidad\",\"Santos\",\"Servicio a los dem\u00e1s\",\"Solemnidad de todos los Santos\",\"testigos de luz\",\"vida santa\"],\"articleSection\":[\"\u00c1ngelus\",\"Le\u00f3n XIV\"],\"inLanguage\":\"es\"},{\"@type\":\"WebPage\",\"@id\":\"https:\\\/\\\/exaudi.org\\\/es\\\/los-santos-testigos-de-caminos-de-luz-para-todos-nosotros\\\/\",\"url\":\"https:\\\/\\\/exaudi.org\\\/es\\\/los-santos-testigos-de-caminos-de-luz-para-todos-nosotros\\\/\",\"name\":\"Los Santos: Testigos de Caminos de Luz para Todos Nosotros &#8211; Exaudi\",\"isPartOf\":{\"@id\":\"https:\\\/\\\/exaudi.org\\\/#website\"},\"primaryImageOfPage\":{\"@id\":\"https:\\\/\\\/exaudi.org\\\/es\\\/los-santos-testigos-de-caminos-de-luz-para-todos-nosotros\\\/#primaryimage\"},\"image\":{\"@id\":\"https:\\\/\\\/exaudi.org\\\/es\\\/los-santos-testigos-de-caminos-de-luz-para-todos-nosotros\\\/#primaryimage\"},\"thumbnailUrl\":\"https:\\\/\\\/exaudi.org\\\/wp-content\\\/uploads\\\/2024\\\/11\\\/Snapinsta.app_465214702_933705985316887_4831701581882539605_n_1080-e1730470342361.jpg\",\"datePublished\":\"2024-11-01T11:45:53+00:00\",\"dateModified\":\"2024-11-01T14:14:05+00:00\",\"author\":{\"@id\":\"https:\\\/\\\/exaudi.org\\\/#\\\/schema\\\/person\\\/f5fc8f063065e38742da7afe15f25df7\"},\"breadcrumb\":{\"@id\":\"https:\\\/\\\/exaudi.org\\\/es\\\/los-santos-testigos-de-caminos-de-luz-para-todos-nosotros\\\/#breadcrumb\"},\"inLanguage\":\"es\",\"potentialAction\":[{\"@type\":\"ReadAction\",\"target\":[\"https:\\\/\\\/exaudi.org\\\/es\\\/los-santos-testigos-de-caminos-de-luz-para-todos-nosotros\\\/\"]}]},{\"@type\":\"ImageObject\",\"inLanguage\":\"es\",\"@id\":\"https:\\\/\\\/exaudi.org\\\/es\\\/los-santos-testigos-de-caminos-de-luz-para-todos-nosotros\\\/#primaryimage\",\"url\":\"https:\\\/\\\/exaudi.org\\\/wp-content\\\/uploads\\\/2024\\\/11\\\/Snapinsta.app_465214702_933705985316887_4831701581882539605_n_1080-e1730470342361.jpg\",\"contentUrl\":\"https:\\\/\\\/exaudi.org\\\/wp-content\\\/uploads\\\/2024\\\/11\\\/Snapinsta.app_465214702_933705985316887_4831701581882539605_n_1080-e1730470342361.jpg\",\"width\":853,\"height\":535},{\"@type\":\"BreadcrumbList\",\"@id\":\"https:\\\/\\\/exaudi.org\\\/es\\\/los-santos-testigos-de-caminos-de-luz-para-todos-nosotros\\\/#breadcrumb\",\"itemListElement\":[{\"@type\":\"ListItem\",\"position\":1,\"name\":\"Portada\",\"item\":\"https:\\\/\\\/exaudi.org\\\/es\\\/\"},{\"@type\":\"ListItem\",\"position\":2,\"name\":\"Los Santos: Testigos de Caminos de Luz para Todos Nosotros\"}]},{\"@type\":\"WebSite\",\"@id\":\"https:\\\/\\\/exaudi.org\\\/#website\",\"url\":\"https:\\\/\\\/exaudi.org\\\/\",\"name\":\"Exaudi\",\"description\":\"News\",\"potentialAction\":[{\"@type\":\"SearchAction\",\"target\":{\"@type\":\"EntryPoint\",\"urlTemplate\":\"https:\\\/\\\/exaudi.org\\\/?s={search_term_string}\"},\"query-input\":{\"@type\":\"PropertyValueSpecification\",\"valueRequired\":true,\"valueName\":\"search_term_string\"}}],\"inLanguage\":\"es\"},{\"@type\":\"Person\",\"@id\":\"https:\\\/\\\/exaudi.org\\\/#\\\/schema\\\/person\\\/f5fc8f063065e38742da7afe15f25df7\",\"name\":\"Exaudi Redacci\u00f3n\",\"image\":{\"@type\":\"ImageObject\",\"inLanguage\":\"es\",\"@id\":\"https:\\\/\\\/secure.gravatar.com\\\/avatar\\\/fe0f6a059fb68d9b3e11bc5850dd4899b1c7492091a3cb6dd9b01b56ad828be2?s=96&d=mm&r=g\",\"url\":\"https:\\\/\\\/secure.gravatar.com\\\/avatar\\\/fe0f6a059fb68d9b3e11bc5850dd4899b1c7492091a3cb6dd9b01b56ad828be2?s=96&d=mm&r=g\",\"contentUrl\":\"https:\\\/\\\/secure.gravatar.com\\\/avatar\\\/fe0f6a059fb68d9b3e11bc5850dd4899b1c7492091a3cb6dd9b01b56ad828be2?s=96&d=mm&r=g\",\"caption\":\"Exaudi Redacci\u00f3n\"},\"description\":\"\u00bfQu\u00e9 es Exaudi News? Exaudi News es un medio de comunicaci\u00f3n cat\u00f3lico internacional que informa, forma y transforma, diariamente en espa\u00f1ol, ingl\u00e9s e italiano. A trav\u00e9s de noticias, art\u00edculos de an\u00e1lisis y transmisiones en directo de los eventos del Papa, Exaudi busca fortalecer la unidad de los cristianos y contribuir a la evangelizaci\u00f3n del mundo, siempre guiados por la doctrina social de la Iglesia. Trabajamos para acercar la verdad y los valores cristianos a cada rinc\u00f3n del planeta. \u00a1Ay\u00fadanos a transformar el mundo con Exaudi! En Exaudi creemos que la evangelizaci\u00f3n y la informaci\u00f3n de calidad pueden cambiar vidas. Para continuar con nuestra misi\u00f3n y expandir nuestro alcance, necesitamos tu ayuda. Adem\u00e1s, buscamos personas comprometidas que deseen unirse a nuestro equipo. Con tu apoyo, lograremos llegar a m\u00e1s personas, difundir el mensaje de Cristo y reforzar la unidad de los cristianos. \u00bfTe unes a nuestra misi\u00f3n? Para m\u00e1s informaci\u00f3n sobre c\u00f3mo colaborar, visita Exaudi.org\\\/es o cont\u00e1ctanos directamente: info@exaudi.org Exaudi: Informa, forma y transforma.\",\"sameAs\":[\"https:\\\/\\\/www.facebook.com\\\/ExaudiNoticias\\\/\",\"https:\\\/\\\/www.instagram.com\\\/exaudi_noticias\\\/\",\"https:\\\/\\\/x.com\\\/Exaudi_noticias\",\"https:\\\/\\\/www.youtube.com\\\/@exaudicatholicnews\"],\"url\":\"https:\\\/\\\/exaudi.org\\\/es\\\/author\\\/redaccionexaudi\\\/\"}]}<\/script>\n<!-- \/ Yoast SEO plugin. -->","yoast_head_json":{"title":"Los Santos: Testigos de Caminos de Luz para Todos Nosotros &#8211; Exaudi","robots":{"index":"index","follow":"follow","max-snippet":"max-snippet:-1","max-image-preview":"max-image-preview:large","max-video-preview":"max-video-preview:-1"},"canonical":"https:\/\/exaudi.org\/es\/los-santos-testigos-de-caminos-de-luz-para-todos-nosotros\/","og_locale":"es_ES","og_type":"article","og_title":"Los Santos: Testigos de Caminos de Luz para Todos Nosotros &#8211; Exaudi","og_description":"\u00c1ngelus","og_url":"https:\/\/exaudi.org\/es\/los-santos-testigos-de-caminos-de-luz-para-todos-nosotros\/","og_site_name":"Exaudi","article_publisher":"https:\/\/www.facebook.com\/ExaudiNews","article_author":"https:\/\/www.facebook.com\/ExaudiNoticias\/","article_published_time":"2024-11-01T11:45:53+00:00","article_modified_time":"2024-11-01T14:14:05+00:00","og_image":[{"width":853,"height":535,"url":"https:\/\/exaudi.org\/wp-content\/uploads\/2024\/11\/Snapinsta.app_465214702_933705985316887_4831701581882539605_n_1080-e1730470342361.jpg","type":"image\/jpeg"}],"author":"Exaudi Redacci\u00f3n","twitter_card":"summary_large_image","twitter_creator":"@Exaudi_noticias","twitter_site":"@Exaudi_News","twitter_misc":{"Escrito por":"Exaudi Redacci\u00f3n","Tiempo de lectura":"3 minutos"},"schema":{"@context":"https:\/\/schema.org","@graph":[{"@type":"Article","@id":"https:\/\/exaudi.org\/es\/los-santos-testigos-de-caminos-de-luz-para-todos-nosotros\/#article","isPartOf":{"@id":"https:\/\/exaudi.org\/es\/los-santos-testigos-de-caminos-de-luz-para-todos-nosotros\/"},"author":{"name":"Exaudi Redacci\u00f3n","@id":"https:\/\/exaudi.org\/#\/schema\/person\/f5fc8f063065e38742da7afe15f25df7"},"headline":"Los Santos: Testigos de Caminos de Luz para Todos Nosotros","datePublished":"2024-11-01T11:45:53+00:00","dateModified":"2024-11-01T14:14:05+00:00","mainEntityOfPage":{"@id":"https:\/\/exaudi.org\/es\/los-santos-testigos-de-caminos-de-luz-para-todos-nosotros\/"},"wordCount":602,"image":{"@id":"https:\/\/exaudi.org\/es\/los-santos-testigos-de-caminos-de-luz-para-todos-nosotros\/#primaryimage"},"thumbnailUrl":"https:\/\/exaudi.org\/wp-content\/uploads\/2024\/11\/Snapinsta.app_465214702_933705985316887_4831701581882539605_n_1080-e1730470342361.jpg","keywords":["\u00e1ngelus","Beato Carlo Acutis","Bienaventuranzas","Bienaventuranzas del Evangelio","camino de santidad","caminos luminosos","caridad universal","Dilexit nos","don de Dios","ejemplos de santidad","Esp\u00edritu Santo","Evangelio de Mateo","Featured","Gaudete et exsultate","inspiraci\u00f3n divina","Mar\u00eda Reina de los Santos","oraci\u00f3n por la santidad","papa francisco","reflexi\u00f3n papal","San Maximiliano Kolbe","San Oscar Romero","Santa Teresa de Calcuta","Santidad","Santos","Servicio a los dem\u00e1s","Solemnidad de todos los Santos","testigos de luz","vida santa"],"articleSection":["\u00c1ngelus","Le\u00f3n XIV"],"inLanguage":"es"},{"@type":"WebPage","@id":"https:\/\/exaudi.org\/es\/los-santos-testigos-de-caminos-de-luz-para-todos-nosotros\/","url":"https:\/\/exaudi.org\/es\/los-santos-testigos-de-caminos-de-luz-para-todos-nosotros\/","name":"Los Santos: Testigos de Caminos de Luz para Todos Nosotros &#8211; Exaudi","isPartOf":{"@id":"https:\/\/exaudi.org\/#website"},"primaryImageOfPage":{"@id":"https:\/\/exaudi.org\/es\/los-santos-testigos-de-caminos-de-luz-para-todos-nosotros\/#primaryimage"},"image":{"@id":"https:\/\/exaudi.org\/es\/los-santos-testigos-de-caminos-de-luz-para-todos-nosotros\/#primaryimage"},"thumbnailUrl":"https:\/\/exaudi.org\/wp-content\/uploads\/2024\/11\/Snapinsta.app_465214702_933705985316887_4831701581882539605_n_1080-e1730470342361.jpg","datePublished":"2024-11-01T11:45:53+00:00","dateModified":"2024-11-01T14:14:05+00:00","author":{"@id":"https:\/\/exaudi.org\/#\/schema\/person\/f5fc8f063065e38742da7afe15f25df7"},"breadcrumb":{"@id":"https:\/\/exaudi.org\/es\/los-santos-testigos-de-caminos-de-luz-para-todos-nosotros\/#breadcrumb"},"inLanguage":"es","potentialAction":[{"@type":"ReadAction","target":["https:\/\/exaudi.org\/es\/los-santos-testigos-de-caminos-de-luz-para-todos-nosotros\/"]}]},{"@type":"ImageObject","inLanguage":"es","@id":"https:\/\/exaudi.org\/es\/los-santos-testigos-de-caminos-de-luz-para-todos-nosotros\/#primaryimage","url":"https:\/\/exaudi.org\/wp-content\/uploads\/2024\/11\/Snapinsta.app_465214702_933705985316887_4831701581882539605_n_1080-e1730470342361.jpg","contentUrl":"https:\/\/exaudi.org\/wp-content\/uploads\/2024\/11\/Snapinsta.app_465214702_933705985316887_4831701581882539605_n_1080-e1730470342361.jpg","width":853,"height":535},{"@type":"BreadcrumbList","@id":"https:\/\/exaudi.org\/es\/los-santos-testigos-de-caminos-de-luz-para-todos-nosotros\/#breadcrumb","itemListElement":[{"@type":"ListItem","position":1,"name":"Portada","item":"https:\/\/exaudi.org\/es\/"},{"@type":"ListItem","position":2,"name":"Los Santos: Testigos de Caminos de Luz para Todos Nosotros"}]},{"@type":"WebSite","@id":"https:\/\/exaudi.org\/#website","url":"https:\/\/exaudi.org\/","name":"Exaudi","description":"News","potentialAction":[{"@type":"SearchAction","target":{"@type":"EntryPoint","urlTemplate":"https:\/\/exaudi.org\/?s={search_term_string}"},"query-input":{"@type":"PropertyValueSpecification","valueRequired":true,"valueName":"search_term_string"}}],"inLanguage":"es"},{"@type":"Person","@id":"https:\/\/exaudi.org\/#\/schema\/person\/f5fc8f063065e38742da7afe15f25df7","name":"Exaudi Redacci\u00f3n","image":{"@type":"ImageObject","inLanguage":"es","@id":"https:\/\/secure.gravatar.com\/avatar\/fe0f6a059fb68d9b3e11bc5850dd4899b1c7492091a3cb6dd9b01b56ad828be2?s=96&d=mm&r=g","url":"https:\/\/secure.gravatar.com\/avatar\/fe0f6a059fb68d9b3e11bc5850dd4899b1c7492091a3cb6dd9b01b56ad828be2?s=96&d=mm&r=g","contentUrl":"https:\/\/secure.gravatar.com\/avatar\/fe0f6a059fb68d9b3e11bc5850dd4899b1c7492091a3cb6dd9b01b56ad828be2?s=96&d=mm&r=g","caption":"Exaudi Redacci\u00f3n"},"description":"\u00bfQu\u00e9 es Exaudi News? Exaudi News es un medio de comunicaci\u00f3n cat\u00f3lico internacional que informa, forma y transforma, diariamente en espa\u00f1ol, ingl\u00e9s e italiano. A trav\u00e9s de noticias, art\u00edculos de an\u00e1lisis y transmisiones en directo de los eventos del Papa, Exaudi busca fortalecer la unidad de los cristianos y contribuir a la evangelizaci\u00f3n del mundo, siempre guiados por la doctrina social de la Iglesia. Trabajamos para acercar la verdad y los valores cristianos a cada rinc\u00f3n del planeta. \u00a1Ay\u00fadanos a transformar el mundo con Exaudi! En Exaudi creemos que la evangelizaci\u00f3n y la informaci\u00f3n de calidad pueden cambiar vidas. Para continuar con nuestra misi\u00f3n y expandir nuestro alcance, necesitamos tu ayuda. Adem\u00e1s, buscamos personas comprometidas que deseen unirse a nuestro equipo. Con tu apoyo, lograremos llegar a m\u00e1s personas, difundir el mensaje de Cristo y reforzar la unidad de los cristianos. \u00bfTe unes a nuestra misi\u00f3n? Para m\u00e1s informaci\u00f3n sobre c\u00f3mo colaborar, visita Exaudi.org\/es o cont\u00e1ctanos directamente: info@exaudi.org Exaudi: Informa, forma y transforma.","sameAs":["https:\/\/www.facebook.com\/ExaudiNoticias\/","https:\/\/www.instagram.com\/exaudi_noticias\/","https:\/\/x.com\/Exaudi_noticias","https:\/\/www.youtube.com\/@exaudicatholicnews"],"url":"https:\/\/exaudi.org\/es\/author\/redaccionexaudi\/"}]}},"jetpack_featured_media_url":"https:\/\/exaudi.org\/wp-content\/uploads\/2024\/11\/Snapinsta.app_465214702_933705985316887_4831701581882539605_n_1080-e1730470342361.jpg","jetpack_shortlink":"https:\/\/wp.me\/pgKjF2-t8t","_links":{"self":[{"href":"https:\/\/exaudi.org\/es\/wp-json\/wp\/v2\/posts\/112001","targetHints":{"allow":["GET"]}}],"collection":[{"href":"https:\/\/exaudi.org\/es\/wp-json\/wp\/v2\/posts"}],"about":[{"href":"https:\/\/exaudi.org\/es\/wp-json\/wp\/v2\/types\/post"}],"author":[{"embeddable":true,"href":"https:\/\/exaudi.org\/es\/wp-json\/wp\/v2\/users\/15"}],"replies":[{"embeddable":true,"href":"https:\/\/exaudi.org\/es\/wp-json\/wp\/v2\/comments?post=112001"}],"version-history":[{"count":0,"href":"https:\/\/exaudi.org\/es\/wp-json\/wp\/v2\/posts\/112001\/revisions"}],"wp:featuredmedia":[{"embeddable":true,"href":"https:\/\/exaudi.org\/es\/wp-json\/wp\/v2\/media\/112005"}],"wp:attachment":[{"href":"https:\/\/exaudi.org\/es\/wp-json\/wp\/v2\/media?parent=112001"}],"wp:term":[{"taxonomy":"category","embeddable":true,"href":"https:\/\/exaudi.org\/es\/wp-json\/wp\/v2\/categories?post=112001"},{"taxonomy":"post_tag","embeddable":true,"href":"https:\/\/exaudi.org\/es\/wp-json\/wp\/v2\/tags?post=112001"}],"curies":[{"name":"wp","href":"https:\/\/api.w.org\/{rel}","templated":true}]}}