{"id":111810,"date":"2024-10-30T08:00:07","date_gmt":"2024-10-30T07:00:07","guid":{"rendered":"https:\/\/exaudi.org\/?p=111810"},"modified":"2024-10-30T08:02:00","modified_gmt":"2024-10-30T07:02:00","slug":"proteccion-de-menores-un-decenio-de-compromiso-y-transparencia","status":"publish","type":"post","link":"https:\/\/exaudi.org\/es\/proteccion-de-menores-un-decenio-de-compromiso-y-transparencia\/","title":{"rendered":"Protecci\u00f3n de Menores: Un Decenio de Compromiso y Transparencia"},"content":{"rendered":"<p>A una d\u00e9cada de su fundaci\u00f3n, la Pontificia Comisi\u00f3n para la Protecci\u00f3n de Menores ha dado un paso significativo al publicar su primer Informe Anual sobre Pol\u00edticas y Procedimientos de Protecci\u00f3n. Este documento, fruto de investigaciones exhaustivas en los cinco continentes y en diversos institutos religiosos y congregaciones, ofrece una visi\u00f3n clara y profunda sobre los esfuerzos de la Iglesia para abordar y prevenir los abusos. Con 50 p\u00e1ginas divididas en cuatro secciones, el informe busca no solo documentar el progreso, sino tambi\u00e9n se\u00f1alar \u00e1reas de mejora y promover una mayor transparencia en los procesos internos de la Iglesia.<\/p>\n<h3><strong>El Compromiso del Papa Francisco<\/strong><\/h3>\n<p>El Papa Francisco ha sido un ferviente defensor de la protecci\u00f3n de los menores y adultos vulnerables. En su llamado a la Comisi\u00f3n, destac\u00f3 la necesidad de elaborar un informe detallado y fiable para que las autoridades competentes pudieran actuar con eficacia. Este primer informe es una respuesta directa a esa solicitud, reflejando el compromiso del Vaticano con una respuesta rigurosa y centrada en las v\u00edctimas, alineada con las reformas recientes del C\u00f3digo de Derecho Can\u00f3nico.<\/p>\n<h3><strong>El Sufrimiento y la Curaci\u00f3n de las V\u00edctimas<\/strong><\/h3>\n<p>Presidido por Maud de Boer-Buquicchio, el grupo de trabajo encargado del informe ha puesto un \u00e9nfasis particular en las v\u00edctimas, su sufrimiento y su proceso de curaci\u00f3n. La portada del informe, que muestra un \u00e1rbol baobab como s\u00edmbolo de resiliencia, representa la lucha y la fortaleza de miles de v\u00edctimas que han denunciado los abusos y trabajado por una Iglesia m\u00e1s segura.<\/p>\n<h3><strong>Riesgos y Progresos Documentados<\/strong><\/h3>\n<p>El informe no solo documenta los riesgos, sino tambi\u00e9n los avances realizados en la protecci\u00f3n de los menores. Detalla las mejores pr\u00e1cticas y recursos que pueden ser compartidos en la Iglesia universal, proporcionando una herramienta esencial para informar al Papa, las v\u00edctimas, las Iglesias locales y el Pueblo de Dios. Entre las recomendaciones, se destaca la necesidad de mejorar el acceso a la informaci\u00f3n para las v\u00edctimas, garantizar una gesti\u00f3n eficaz y oportuna de los casos de abusos y promover el desarrollo de pol\u00edticas de reparaci\u00f3n.<\/p>\n<h3><strong>An\u00e1lisis de las Iglesias Locales<\/strong><\/h3>\n<p>Una parte significativa del informe se dedica al an\u00e1lisis de las iglesias locales. La Comisi\u00f3n ha examinado entre 15 y 20 iglesias locales cada a\u00f1o, con el objetivo de cubrir toda la Iglesia en un periodo de 5-6 a\u00f1os. Este an\u00e1lisis revela un compromiso desigual en la implementaci\u00f3n de pol\u00edticas de protecci\u00f3n, con algunas iglesias demostrando un fuerte compromiso y otras apenas comenzando a asumir su responsabilidad institucional.<\/p>\n<h3><strong>Desequilibrios Regionales y Necesidad de Solidaridad<\/strong><\/h3>\n<p>El informe tambi\u00e9n pone de manifiesto los desequilibrios en los recursos dedicados a la protecci\u00f3n en diferentes regiones del mundo. Mientras que Am\u00e9rica, Europa y Ocean\u00eda han tenido acceso a recursos considerables, Am\u00e9rica Central, Am\u00e9rica del Sur, \u00c1frica y Asia a\u00fan carecen de apoyo espec\u00edfico. La Pontificia Comisi\u00f3n hace un llamado a aumentar la solidaridad entre las Conferencias Episcopales y movilizar recursos para alcanzar est\u00e1ndares universales de protecci\u00f3n.<\/p>\n<h3><strong>La Curia Romana y la Transparencia<\/strong><\/h3>\n<p>La tercera secci\u00f3n del informe se centra en la Curia Romana, destacando su papel como centro de intercambio de buenas pr\u00e1cticas y promoci\u00f3n de la transparencia. Se enfatiza la necesidad de un mayor acceso a la informaci\u00f3n y una comunicaci\u00f3n clara de las responsabilidades de protecci\u00f3n dentro de los diversos dicasterios.<\/p>\n<h3><strong>Caritas y la Protecci\u00f3n de Menores<\/strong><\/h3>\n<p>El informe tambi\u00e9n presenta estudios de caso sobre las organizaciones Caritas, reconociendo los progresos realizados pero se\u00f1alando la variabilidad en las pr\u00e1cticas de protecci\u00f3n entre diferentes instituciones. Esta variabilidad es una preocupaci\u00f3n que la Comisi\u00f3n busca abordar para asegurar est\u00e1ndares consistentes de protecci\u00f3n.<\/p>\n<h3><strong>Iniciativa Memorare: Solidaridad en Acci\u00f3n<\/strong><\/h3>\n<p>La iniciativa Memorare, que ha recaudado fondos para apoyar a las Iglesias con menos recursos, es otro punto destacado del informe. En 2023, la Comisi\u00f3n recibi\u00f3 importantes donaciones de la Conferencia Episcopal Italiana, la Fundaci\u00f3n Papal y la Conferencia Episcopal Espa\u00f1ola, lo que demuestra un compromiso continuo con el desarrollo de centros de informaci\u00f3n y asistencia en el Sur Global.<\/p>\n<p>Este primer Informe Anual de la Pontificia Comisi\u00f3n para la Protecci\u00f3n de Menores representa un hito en los esfuerzos de la Iglesia por abordar los abusos y proteger a los m\u00e1s vulnerables. A trav\u00e9s de un enfoque riguroso y centrado en las v\u00edctimas, la Iglesia busca no solo sanar las heridas del pasado, sino tambi\u00e9n prevenir futuros abusos y construir un entorno seguro y de confianza para todos sus miembros.<\/p>\n","protected":false},"excerpt":{"rendered":"<p>Un Primer Informe Decisivo<\/p>\n","protected":false},"author":15,"featured_media":111811,"comment_status":"closed","ping_status":"closed","sticky":false,"template":"","format":"standard","meta":{"_acf_changed":false,"_crdt_document":"","inline_featured_image":false,"footnotes":""},"categories":[132],"tags":[29698,29707,2143,5891,29709,29703,5598,802,29706,449,28486,28488,29708,29702,158,29701,28487,1195,1743,12069,29704,29705,29700,4953,29699],"class_list":["post-111810","post","type-post","status-publish","format-standard","has-post-thumbnail","hentry","category-vaticano-es","tag-abuso-en-la-iglesia","tag-apoyo-a-las-victimas","tag-caritas-es","tag-codigo-de-derecho-canonico","tag-compromiso-de-la-iglesia","tag-curacion-de-victimas","tag-curia-romana-es","tag-derechos-humanos","tag-estandares-de-proteccion","tag-iglesia-catolica","tag-informe-anual","tag-iniciativa-memorare","tag-justicia-eclesiastica","tag-maud-de-boer-buquicchio","tag-papa-francisco","tag-politicas-de-proteccion","tag-pontificia-comision","tag-prevencion-de-abusos","tag-proteccion-de-menores","tag-resiliencia","tag-responsabilidad-institucional","tag-solidaridad-episcopal","tag-transparencia-en-la-iglesia","tag-trending-es","tag-victimas-de-abuso"],"acf":[],"yoast_head":"<!-- This site is optimized with the Yoast SEO plugin v27.4 - https:\/\/yoast.com\/product\/yoast-seo-wordpress\/ -->\n<title>Protecci\u00f3n de Menores: Un Decenio de Compromiso y Transparencia &#8211; Exaudi<\/title>\n<meta name=\"robots\" content=\"index, follow, max-snippet:-1, max-image-preview:large, max-video-preview:-1\" \/>\n<link rel=\"canonical\" href=\"https:\/\/exaudi.org\/es\/proteccion-de-menores-un-decenio-de-compromiso-y-transparencia\/\" \/>\n<meta property=\"og:locale\" content=\"es_ES\" \/>\n<meta property=\"og:type\" content=\"article\" \/>\n<meta property=\"og:title\" content=\"Protecci\u00f3n de Menores: Un Decenio de Compromiso y Transparencia &#8211; Exaudi\" \/>\n<meta property=\"og:description\" content=\"Un Primer Informe Decisivo\" \/>\n<meta property=\"og:url\" content=\"https:\/\/exaudi.org\/es\/proteccion-de-menores-un-decenio-de-compromiso-y-transparencia\/\" \/>\n<meta property=\"og:site_name\" content=\"Exaudi\" \/>\n<meta property=\"article:publisher\" content=\"https:\/\/www.facebook.com\/ExaudiNews\" \/>\n<meta property=\"article:author\" content=\"https:\/\/www.facebook.com\/ExaudiNoticias\/\" \/>\n<meta property=\"article:published_time\" content=\"2024-10-30T07:00:07+00:00\" \/>\n<meta property=\"article:modified_time\" content=\"2024-10-30T07:02:00+00:00\" \/>\n<meta property=\"og:image\" content=\"https:\/\/exaudi.org\/wp-content\/uploads\/2024\/10\/cq5dam.thumbnail.cropped.750.422-14.jpeg\" \/>\n\t<meta property=\"og:image:width\" content=\"750\" \/>\n\t<meta property=\"og:image:height\" content=\"422\" \/>\n\t<meta property=\"og:image:type\" content=\"image\/jpeg\" \/>\n<meta name=\"author\" content=\"Exaudi Redacci\u00f3n\" \/>\n<meta name=\"twitter:card\" content=\"summary_large_image\" \/>\n<meta name=\"twitter:creator\" content=\"@Exaudi_noticias\" \/>\n<meta name=\"twitter:site\" content=\"@Exaudi_News\" \/>\n<meta name=\"twitter:label1\" content=\"Escrito por\" \/>\n\t<meta name=\"twitter:data1\" content=\"Exaudi Redacci\u00f3n\" \/>\n\t<meta name=\"twitter:label2\" content=\"Tiempo de lectura\" \/>\n\t<meta name=\"twitter:data2\" content=\"4 minutos\" \/>\n<script type=\"application\/ld+json\" class=\"yoast-schema-graph\">{\"@context\":\"https:\\\/\\\/schema.org\",\"@graph\":[{\"@type\":\"Article\",\"@id\":\"https:\\\/\\\/exaudi.org\\\/es\\\/proteccion-de-menores-un-decenio-de-compromiso-y-transparencia\\\/#article\",\"isPartOf\":{\"@id\":\"https:\\\/\\\/exaudi.org\\\/es\\\/proteccion-de-menores-un-decenio-de-compromiso-y-transparencia\\\/\"},\"author\":{\"name\":\"Exaudi Redacci\u00f3n\",\"@id\":\"https:\\\/\\\/exaudi.org\\\/#\\\/schema\\\/person\\\/f5fc8f063065e38742da7afe15f25df7\"},\"headline\":\"Protecci\u00f3n de Menores: Un Decenio de Compromiso y Transparencia\",\"datePublished\":\"2024-10-30T07:00:07+00:00\",\"dateModified\":\"2024-10-30T07:02:00+00:00\",\"mainEntityOfPage\":{\"@id\":\"https:\\\/\\\/exaudi.org\\\/es\\\/proteccion-de-menores-un-decenio-de-compromiso-y-transparencia\\\/\"},\"wordCount\":811,\"image\":{\"@id\":\"https:\\\/\\\/exaudi.org\\\/es\\\/proteccion-de-menores-un-decenio-de-compromiso-y-transparencia\\\/#primaryimage\"},\"thumbnailUrl\":\"https:\\\/\\\/exaudi.org\\\/wp-content\\\/uploads\\\/2024\\\/10\\\/cq5dam.thumbnail.cropped.750.422-14.jpeg\",\"keywords\":[\"abuso en la Iglesia\",\"apoyo a las v\u00edctimas\",\"Caritas\",\"C\u00f3digo de Derecho Can\u00f3nico\",\"compromiso de la Iglesia\",\"curaci\u00f3n de v\u00edctimas\",\"curia romana\",\"Derechos Humanos\",\"est\u00e1ndares de protecci\u00f3n\",\"Iglesia cat\u00f3lica\",\"Informe Anual\",\"Iniciativa Memorare\",\"justicia eclesi\u00e1stica\",\"Maud de Boer-Buquicchio\",\"papa francisco\",\"pol\u00edticas de protecci\u00f3n\",\"Pontificia Comisi\u00f3n\",\"Prevenci\u00f3n de abusos\",\"Protecci\u00f3n de menores\",\"Resiliencia\",\"responsabilidad institucional\",\"solidaridad episcopal\",\"transparencia en la Iglesia\",\"Trending\",\"v\u00edctimas de abuso\"],\"articleSection\":[\"Vaticano\"],\"inLanguage\":\"es\"},{\"@type\":\"WebPage\",\"@id\":\"https:\\\/\\\/exaudi.org\\\/es\\\/proteccion-de-menores-un-decenio-de-compromiso-y-transparencia\\\/\",\"url\":\"https:\\\/\\\/exaudi.org\\\/es\\\/proteccion-de-menores-un-decenio-de-compromiso-y-transparencia\\\/\",\"name\":\"Protecci\u00f3n de Menores: Un Decenio de Compromiso y Transparencia &#8211; Exaudi\",\"isPartOf\":{\"@id\":\"https:\\\/\\\/exaudi.org\\\/#website\"},\"primaryImageOfPage\":{\"@id\":\"https:\\\/\\\/exaudi.org\\\/es\\\/proteccion-de-menores-un-decenio-de-compromiso-y-transparencia\\\/#primaryimage\"},\"image\":{\"@id\":\"https:\\\/\\\/exaudi.org\\\/es\\\/proteccion-de-menores-un-decenio-de-compromiso-y-transparencia\\\/#primaryimage\"},\"thumbnailUrl\":\"https:\\\/\\\/exaudi.org\\\/wp-content\\\/uploads\\\/2024\\\/10\\\/cq5dam.thumbnail.cropped.750.422-14.jpeg\",\"datePublished\":\"2024-10-30T07:00:07+00:00\",\"dateModified\":\"2024-10-30T07:02:00+00:00\",\"author\":{\"@id\":\"https:\\\/\\\/exaudi.org\\\/#\\\/schema\\\/person\\\/f5fc8f063065e38742da7afe15f25df7\"},\"breadcrumb\":{\"@id\":\"https:\\\/\\\/exaudi.org\\\/es\\\/proteccion-de-menores-un-decenio-de-compromiso-y-transparencia\\\/#breadcrumb\"},\"inLanguage\":\"es\",\"potentialAction\":[{\"@type\":\"ReadAction\",\"target\":[\"https:\\\/\\\/exaudi.org\\\/es\\\/proteccion-de-menores-un-decenio-de-compromiso-y-transparencia\\\/\"]}]},{\"@type\":\"ImageObject\",\"inLanguage\":\"es\",\"@id\":\"https:\\\/\\\/exaudi.org\\\/es\\\/proteccion-de-menores-un-decenio-de-compromiso-y-transparencia\\\/#primaryimage\",\"url\":\"https:\\\/\\\/exaudi.org\\\/wp-content\\\/uploads\\\/2024\\\/10\\\/cq5dam.thumbnail.cropped.750.422-14.jpeg\",\"contentUrl\":\"https:\\\/\\\/exaudi.org\\\/wp-content\\\/uploads\\\/2024\\\/10\\\/cq5dam.thumbnail.cropped.750.422-14.jpeg\",\"width\":750,\"height\":422},{\"@type\":\"BreadcrumbList\",\"@id\":\"https:\\\/\\\/exaudi.org\\\/es\\\/proteccion-de-menores-un-decenio-de-compromiso-y-transparencia\\\/#breadcrumb\",\"itemListElement\":[{\"@type\":\"ListItem\",\"position\":1,\"name\":\"Portada\",\"item\":\"https:\\\/\\\/exaudi.org\\\/es\\\/\"},{\"@type\":\"ListItem\",\"position\":2,\"name\":\"Protecci\u00f3n de Menores: Un Decenio de Compromiso y Transparencia\"}]},{\"@type\":\"WebSite\",\"@id\":\"https:\\\/\\\/exaudi.org\\\/#website\",\"url\":\"https:\\\/\\\/exaudi.org\\\/\",\"name\":\"Exaudi\",\"description\":\"News\",\"potentialAction\":[{\"@type\":\"SearchAction\",\"target\":{\"@type\":\"EntryPoint\",\"urlTemplate\":\"https:\\\/\\\/exaudi.org\\\/?s={search_term_string}\"},\"query-input\":{\"@type\":\"PropertyValueSpecification\",\"valueRequired\":true,\"valueName\":\"search_term_string\"}}],\"inLanguage\":\"es\"},{\"@type\":\"Person\",\"@id\":\"https:\\\/\\\/exaudi.org\\\/#\\\/schema\\\/person\\\/f5fc8f063065e38742da7afe15f25df7\",\"name\":\"Exaudi Redacci\u00f3n\",\"image\":{\"@type\":\"ImageObject\",\"inLanguage\":\"es\",\"@id\":\"https:\\\/\\\/secure.gravatar.com\\\/avatar\\\/fe0f6a059fb68d9b3e11bc5850dd4899b1c7492091a3cb6dd9b01b56ad828be2?s=96&d=mm&r=g\",\"url\":\"https:\\\/\\\/secure.gravatar.com\\\/avatar\\\/fe0f6a059fb68d9b3e11bc5850dd4899b1c7492091a3cb6dd9b01b56ad828be2?s=96&d=mm&r=g\",\"contentUrl\":\"https:\\\/\\\/secure.gravatar.com\\\/avatar\\\/fe0f6a059fb68d9b3e11bc5850dd4899b1c7492091a3cb6dd9b01b56ad828be2?s=96&d=mm&r=g\",\"caption\":\"Exaudi Redacci\u00f3n\"},\"description\":\"\u00bfQu\u00e9 es Exaudi News? Exaudi News es un medio de comunicaci\u00f3n cat\u00f3lico internacional que informa, forma y transforma, diariamente en espa\u00f1ol, ingl\u00e9s e italiano. A trav\u00e9s de noticias, art\u00edculos de an\u00e1lisis y transmisiones en directo de los eventos del Papa, Exaudi busca fortalecer la unidad de los cristianos y contribuir a la evangelizaci\u00f3n del mundo, siempre guiados por la doctrina social de la Iglesia. Trabajamos para acercar la verdad y los valores cristianos a cada rinc\u00f3n del planeta. \u00a1Ay\u00fadanos a transformar el mundo con Exaudi! En Exaudi creemos que la evangelizaci\u00f3n y la informaci\u00f3n de calidad pueden cambiar vidas. Para continuar con nuestra misi\u00f3n y expandir nuestro alcance, necesitamos tu ayuda. Adem\u00e1s, buscamos personas comprometidas que deseen unirse a nuestro equipo. Con tu apoyo, lograremos llegar a m\u00e1s personas, difundir el mensaje de Cristo y reforzar la unidad de los cristianos. \u00bfTe unes a nuestra misi\u00f3n? Para m\u00e1s informaci\u00f3n sobre c\u00f3mo colaborar, visita Exaudi.org\\\/es o cont\u00e1ctanos directamente: info@exaudi.org Exaudi: Informa, forma y transforma.\",\"sameAs\":[\"https:\\\/\\\/www.facebook.com\\\/ExaudiNoticias\\\/\",\"https:\\\/\\\/www.instagram.com\\\/exaudi_noticias\\\/\",\"https:\\\/\\\/x.com\\\/Exaudi_noticias\",\"https:\\\/\\\/www.youtube.com\\\/@exaudicatholicnews\"],\"url\":\"https:\\\/\\\/exaudi.org\\\/es\\\/author\\\/redaccionexaudi\\\/\"}]}<\/script>\n<!-- \/ Yoast SEO plugin. -->","yoast_head_json":{"title":"Protecci\u00f3n de Menores: Un Decenio de Compromiso y Transparencia &#8211; Exaudi","robots":{"index":"index","follow":"follow","max-snippet":"max-snippet:-1","max-image-preview":"max-image-preview:large","max-video-preview":"max-video-preview:-1"},"canonical":"https:\/\/exaudi.org\/es\/proteccion-de-menores-un-decenio-de-compromiso-y-transparencia\/","og_locale":"es_ES","og_type":"article","og_title":"Protecci\u00f3n de Menores: Un Decenio de Compromiso y Transparencia &#8211; Exaudi","og_description":"Un Primer Informe Decisivo","og_url":"https:\/\/exaudi.org\/es\/proteccion-de-menores-un-decenio-de-compromiso-y-transparencia\/","og_site_name":"Exaudi","article_publisher":"https:\/\/www.facebook.com\/ExaudiNews","article_author":"https:\/\/www.facebook.com\/ExaudiNoticias\/","article_published_time":"2024-10-30T07:00:07+00:00","article_modified_time":"2024-10-30T07:02:00+00:00","og_image":[{"width":750,"height":422,"url":"https:\/\/exaudi.org\/wp-content\/uploads\/2024\/10\/cq5dam.thumbnail.cropped.750.422-14.jpeg","type":"image\/jpeg"}],"author":"Exaudi Redacci\u00f3n","twitter_card":"summary_large_image","twitter_creator":"@Exaudi_noticias","twitter_site":"@Exaudi_News","twitter_misc":{"Escrito por":"Exaudi Redacci\u00f3n","Tiempo de lectura":"4 minutos"},"schema":{"@context":"https:\/\/schema.org","@graph":[{"@type":"Article","@id":"https:\/\/exaudi.org\/es\/proteccion-de-menores-un-decenio-de-compromiso-y-transparencia\/#article","isPartOf":{"@id":"https:\/\/exaudi.org\/es\/proteccion-de-menores-un-decenio-de-compromiso-y-transparencia\/"},"author":{"name":"Exaudi Redacci\u00f3n","@id":"https:\/\/exaudi.org\/#\/schema\/person\/f5fc8f063065e38742da7afe15f25df7"},"headline":"Protecci\u00f3n de Menores: Un Decenio de Compromiso y Transparencia","datePublished":"2024-10-30T07:00:07+00:00","dateModified":"2024-10-30T07:02:00+00:00","mainEntityOfPage":{"@id":"https:\/\/exaudi.org\/es\/proteccion-de-menores-un-decenio-de-compromiso-y-transparencia\/"},"wordCount":811,"image":{"@id":"https:\/\/exaudi.org\/es\/proteccion-de-menores-un-decenio-de-compromiso-y-transparencia\/#primaryimage"},"thumbnailUrl":"https:\/\/exaudi.org\/wp-content\/uploads\/2024\/10\/cq5dam.thumbnail.cropped.750.422-14.jpeg","keywords":["abuso en la Iglesia","apoyo a las v\u00edctimas","Caritas","C\u00f3digo de Derecho Can\u00f3nico","compromiso de la Iglesia","curaci\u00f3n de v\u00edctimas","curia romana","Derechos Humanos","est\u00e1ndares de protecci\u00f3n","Iglesia cat\u00f3lica","Informe Anual","Iniciativa Memorare","justicia eclesi\u00e1stica","Maud de Boer-Buquicchio","papa francisco","pol\u00edticas de protecci\u00f3n","Pontificia Comisi\u00f3n","Prevenci\u00f3n de abusos","Protecci\u00f3n de menores","Resiliencia","responsabilidad institucional","solidaridad episcopal","transparencia en la Iglesia","Trending","v\u00edctimas de abuso"],"articleSection":["Vaticano"],"inLanguage":"es"},{"@type":"WebPage","@id":"https:\/\/exaudi.org\/es\/proteccion-de-menores-un-decenio-de-compromiso-y-transparencia\/","url":"https:\/\/exaudi.org\/es\/proteccion-de-menores-un-decenio-de-compromiso-y-transparencia\/","name":"Protecci\u00f3n de Menores: Un Decenio de Compromiso y Transparencia &#8211; Exaudi","isPartOf":{"@id":"https:\/\/exaudi.org\/#website"},"primaryImageOfPage":{"@id":"https:\/\/exaudi.org\/es\/proteccion-de-menores-un-decenio-de-compromiso-y-transparencia\/#primaryimage"},"image":{"@id":"https:\/\/exaudi.org\/es\/proteccion-de-menores-un-decenio-de-compromiso-y-transparencia\/#primaryimage"},"thumbnailUrl":"https:\/\/exaudi.org\/wp-content\/uploads\/2024\/10\/cq5dam.thumbnail.cropped.750.422-14.jpeg","datePublished":"2024-10-30T07:00:07+00:00","dateModified":"2024-10-30T07:02:00+00:00","author":{"@id":"https:\/\/exaudi.org\/#\/schema\/person\/f5fc8f063065e38742da7afe15f25df7"},"breadcrumb":{"@id":"https:\/\/exaudi.org\/es\/proteccion-de-menores-un-decenio-de-compromiso-y-transparencia\/#breadcrumb"},"inLanguage":"es","potentialAction":[{"@type":"ReadAction","target":["https:\/\/exaudi.org\/es\/proteccion-de-menores-un-decenio-de-compromiso-y-transparencia\/"]}]},{"@type":"ImageObject","inLanguage":"es","@id":"https:\/\/exaudi.org\/es\/proteccion-de-menores-un-decenio-de-compromiso-y-transparencia\/#primaryimage","url":"https:\/\/exaudi.org\/wp-content\/uploads\/2024\/10\/cq5dam.thumbnail.cropped.750.422-14.jpeg","contentUrl":"https:\/\/exaudi.org\/wp-content\/uploads\/2024\/10\/cq5dam.thumbnail.cropped.750.422-14.jpeg","width":750,"height":422},{"@type":"BreadcrumbList","@id":"https:\/\/exaudi.org\/es\/proteccion-de-menores-un-decenio-de-compromiso-y-transparencia\/#breadcrumb","itemListElement":[{"@type":"ListItem","position":1,"name":"Portada","item":"https:\/\/exaudi.org\/es\/"},{"@type":"ListItem","position":2,"name":"Protecci\u00f3n de Menores: Un Decenio de Compromiso y Transparencia"}]},{"@type":"WebSite","@id":"https:\/\/exaudi.org\/#website","url":"https:\/\/exaudi.org\/","name":"Exaudi","description":"News","potentialAction":[{"@type":"SearchAction","target":{"@type":"EntryPoint","urlTemplate":"https:\/\/exaudi.org\/?s={search_term_string}"},"query-input":{"@type":"PropertyValueSpecification","valueRequired":true,"valueName":"search_term_string"}}],"inLanguage":"es"},{"@type":"Person","@id":"https:\/\/exaudi.org\/#\/schema\/person\/f5fc8f063065e38742da7afe15f25df7","name":"Exaudi Redacci\u00f3n","image":{"@type":"ImageObject","inLanguage":"es","@id":"https:\/\/secure.gravatar.com\/avatar\/fe0f6a059fb68d9b3e11bc5850dd4899b1c7492091a3cb6dd9b01b56ad828be2?s=96&d=mm&r=g","url":"https:\/\/secure.gravatar.com\/avatar\/fe0f6a059fb68d9b3e11bc5850dd4899b1c7492091a3cb6dd9b01b56ad828be2?s=96&d=mm&r=g","contentUrl":"https:\/\/secure.gravatar.com\/avatar\/fe0f6a059fb68d9b3e11bc5850dd4899b1c7492091a3cb6dd9b01b56ad828be2?s=96&d=mm&r=g","caption":"Exaudi Redacci\u00f3n"},"description":"\u00bfQu\u00e9 es Exaudi News? Exaudi News es un medio de comunicaci\u00f3n cat\u00f3lico internacional que informa, forma y transforma, diariamente en espa\u00f1ol, ingl\u00e9s e italiano. A trav\u00e9s de noticias, art\u00edculos de an\u00e1lisis y transmisiones en directo de los eventos del Papa, Exaudi busca fortalecer la unidad de los cristianos y contribuir a la evangelizaci\u00f3n del mundo, siempre guiados por la doctrina social de la Iglesia. Trabajamos para acercar la verdad y los valores cristianos a cada rinc\u00f3n del planeta. \u00a1Ay\u00fadanos a transformar el mundo con Exaudi! En Exaudi creemos que la evangelizaci\u00f3n y la informaci\u00f3n de calidad pueden cambiar vidas. Para continuar con nuestra misi\u00f3n y expandir nuestro alcance, necesitamos tu ayuda. Adem\u00e1s, buscamos personas comprometidas que deseen unirse a nuestro equipo. Con tu apoyo, lograremos llegar a m\u00e1s personas, difundir el mensaje de Cristo y reforzar la unidad de los cristianos. \u00bfTe unes a nuestra misi\u00f3n? Para m\u00e1s informaci\u00f3n sobre c\u00f3mo colaborar, visita Exaudi.org\/es o cont\u00e1ctanos directamente: info@exaudi.org Exaudi: Informa, forma y transforma.","sameAs":["https:\/\/www.facebook.com\/ExaudiNoticias\/","https:\/\/www.instagram.com\/exaudi_noticias\/","https:\/\/x.com\/Exaudi_noticias","https:\/\/www.youtube.com\/@exaudicatholicnews"],"url":"https:\/\/exaudi.org\/es\/author\/redaccionexaudi\/"}]}},"jetpack_featured_media_url":"https:\/\/exaudi.org\/wp-content\/uploads\/2024\/10\/cq5dam.thumbnail.cropped.750.422-14.jpeg","jetpack_shortlink":"https:\/\/wp.me\/pgKjF2-t5o","_links":{"self":[{"href":"https:\/\/exaudi.org\/es\/wp-json\/wp\/v2\/posts\/111810","targetHints":{"allow":["GET"]}}],"collection":[{"href":"https:\/\/exaudi.org\/es\/wp-json\/wp\/v2\/posts"}],"about":[{"href":"https:\/\/exaudi.org\/es\/wp-json\/wp\/v2\/types\/post"}],"author":[{"embeddable":true,"href":"https:\/\/exaudi.org\/es\/wp-json\/wp\/v2\/users\/15"}],"replies":[{"embeddable":true,"href":"https:\/\/exaudi.org\/es\/wp-json\/wp\/v2\/comments?post=111810"}],"version-history":[{"count":0,"href":"https:\/\/exaudi.org\/es\/wp-json\/wp\/v2\/posts\/111810\/revisions"}],"wp:featuredmedia":[{"embeddable":true,"href":"https:\/\/exaudi.org\/es\/wp-json\/wp\/v2\/media\/111811"}],"wp:attachment":[{"href":"https:\/\/exaudi.org\/es\/wp-json\/wp\/v2\/media?parent=111810"}],"wp:term":[{"taxonomy":"category","embeddable":true,"href":"https:\/\/exaudi.org\/es\/wp-json\/wp\/v2\/categories?post=111810"},{"taxonomy":"post_tag","embeddable":true,"href":"https:\/\/exaudi.org\/es\/wp-json\/wp\/v2\/tags?post=111810"}],"curies":[{"name":"wp","href":"https:\/\/api.w.org\/{rel}","templated":true}]}}