{"id":111770,"date":"2024-10-30T08:30:58","date_gmt":"2024-10-30T07:30:58","guid":{"rendered":"https:\/\/exaudi.org\/?p=111770"},"modified":"2024-10-30T08:34:56","modified_gmt":"2024-10-30T07:34:56","slug":"feliz-cumpleanos-mama","status":"publish","type":"post","link":"https:\/\/exaudi.org\/es\/feliz-cumpleanos-mama\/","title":{"rendered":"\u00a1Feliz cumplea\u00f1os, mam\u00e1!"},"content":{"rendered":"<p>Querida mam\u00e1:<\/p>\n<p>El a\u00f1o empez\u00f3 tranquilo. La verdad es que pudimos estar todos juntos en Navidad, lo cual no est\u00e1 nada mal, por el gozo que da, y porque somos muchos. Pero muchos. Cada a\u00f1o somos m\u00e1s.<\/p>\n<p>Al empezar enero recib\u00ed un correo electr\u00f3nico del Se\u00f1or Obispo donde me daba las gracias por los catorce a\u00f1os de trabajo en el Tribunal del Obispado y, aprovechando el t\u00e9rmino del nombramiento, me dec\u00eda que pod\u00eda descansar un poco de los oficios que all\u00ed he desempe\u00f1ado. Por primera vez en mis veinte a\u00f1os de sacerdote, s\u00f3lo iba a ser p\u00e1rroco de pueblo, y nada m\u00e1s. Lo que quer\u00eda ser de ni\u00f1o. Ha sido un a\u00f1o rico en trato con las personas, un a\u00f1o de estar cerca del Se\u00f1or, y en el que he podido leer a San Juan de la Cruz.<\/p>\n<p>\u00bfTe acuerdas? Cuando en el Colegio nos estudi\u00e1bamos \u201cLa Canci\u00f3n del Pirata\u201d de Jos\u00e9 de Espronceda, de la que a\u00fan me s\u00e9 algunos trozos, pap\u00e1 dec\u00eda que no entend\u00eda que teniendo en castellano a San Juan de la Cruz, estuvi\u00e9ramos perdiendo el tiempo con esos versos. He tardado m\u00e1s de treinta a\u00f1os, desde entonces, pero por fin le he hecho caso. Lo cierto es que es una riqueza dif\u00edcil de medir, pero tambi\u00e9n te digo que, entonces, no habr\u00eda entendido ni la mitad.<\/p>\n<p>Con ocasi\u00f3n de esa lectura he vuelto a dar las clases \u201con line\u201d, y es precioso c\u00f3mo se puede facilitar a las personas su lectura, su comprensi\u00f3n y, \u00bfpor qu\u00e9 no? Vivir lo que all\u00ed explica. La \u201cLlama de Amor Viva\u201d es una preciosidad, iba a decir, que te recomiendo que la leas. La verdad, es que ya la est\u00e1s viendo cara a cara, y ya podr\u00e9is vivir juntos el Amor al Amado, que tambi\u00e9n repet\u00eda pap\u00e1, citando a Ram\u00f3n Llull.<\/p>\n<p>De febrero te cuento que nos invitaron a un encuentro de \u00abInfluencers\u00bb que pretenden llevar a Cristo a las Redes Sociales. Me encontr\u00e9, gracias a ACdP, con gente amiga. Vino el Padre Francisco Javier Bronchalo, de Red de Redes, las hermanas Olgu\u00edn, que grabaron \u00abLa Casita sobre la Roca\u00bb, que tanto les gusta a los ni\u00f1os, Patite, la de los dibujos preciosos, la chica que ha ido andando a Jerusal\u00e9n, Iceache, la de M\u00e1laga\u2026 \u00e9ramos muchos. Y de ah\u00ed fuimos al cine. He estado en el estreno de varias pel\u00edculas, quiz\u00e1s las m\u00e1s impactante \u00abNefarious\u00bb, por el argumento, y por la repercusi\u00f3n medi\u00e1tica. Aunque es cierto que salen ahora tantas pel\u00edculas buenas, que no alcanzamos ni siquiera a verlas.<\/p>\n<p>Otra cosa te cuento, con Fran, un sacerdote amigo, y dos familias, nos escapamos a Ars y a Paray Le Monial, donde comenzamos, pr\u00e1cticamente, el Jubileo por el aniversario de las apariciones del Coraz\u00f3n de Jes\u00fas a Santa Margarita. Te cuento que en Ars le ped\u00ed al San Juan Mar\u00eda Vianney que me ayudara en un peque\u00f1o problema personal, que se arregl\u00f3 de la mejor manera posible, unos meses despu\u00e9s. \u00bfSabes qu\u00e9 d\u00eda? El 4 de agosto. D\u00eda de la fiesta del santo. Detalles de la Providencia, una vez m\u00e1s. Fue un viaje precioso, te hubiera encantado haber ido. Aunque creo que hab\u00edas estado, hace ya muchos a\u00f1os. Seguro que sigue igual. Est\u00e1 todo como entonces.<\/p>\n<p>Aproximadamente en el mes de marzo, comenc\u00e9 a preparar una conferencia sobre las apariciones de la Virgen en Garabandal. La verdad es que fue publicarla en Youtube, despu\u00e9s de haber estado en Valencia con gran afluencia de p\u00fablico, y comenzar a llamarme para que fuera a hablar sobre la Virgen en diferentes lugares. Es cierto que siempre dec\u00eda que me llamaban para hablar sobre las Redes Sociales y el canal Youtube, y casi nunca sobre Derecho Can\u00f3nico, que era a lo que hab\u00eda dedicado casi todo mi tiempo libre durante aproximadamente quince a\u00f1os de estudios. Ahora, era mucho m\u00e1s entra\u00f1able, porque predicar sobre la Virgen Sant\u00edsima, no s\u00f3lo es un derecho, tambi\u00e9n deber\u00eda ser una obligaci\u00f3n de todo buen hijo y, en este caso, ha sido una oportunidad y un gran regalo. Covadonga, La Junqueyra, la Novena de Santa Mar\u00eda, Murcia capital. Casi se puede decir que todo lo posible se hizo realidad, y que m\u00e1s, habr\u00eda sido imposible. Creo que la Virgen estaba contenta.<\/p>\n<p>Para el Aniversario de la Ordenaci\u00f3n, lleg\u00f3 el cuadro que me ten\u00edan preparado, de Olga, la misma que pint\u00f3 el tuyo. Quedan los dos de maravilla, junto al Coraz\u00f3n de Jes\u00fas del avi Ram\u00f3n. Justo despu\u00e9s de llegar el cuadro, nos fuimos al Valle de Ar\u00e1n unos d\u00edas. Este a\u00f1o nos hemos organizado con los sacerdotes del arciprestazgo, y hemos podido estar alg\u00fan fin de semana fuera. Celebr\u00e9 de nuevo en Salard\u00fa, y volvimos a estar todos juntos. Aunque ahora, en el Valle, hay tanta gente que hay sitios que ya los cierran cuando se llenan. \u00a1Con lo bien que se est\u00e1 en la playa, no s\u00e9 yo por qu\u00e9 no se van todos all\u00ed, y dejan las monta\u00f1as como estaban antes! \u00bfTe acuerdas que casi no ven\u00eda nadie? \u00a1Qu\u00e9 tiempos aquellos!<\/p>\n<p>Te cuento una an\u00e9cdota. Llegamos a un restaurante para tomar algo, tipo aperitivo, y como iban todos los sobrinos, la cara de los camareros cambi\u00f3 de repente. Empezaron a decir que estaba todo reservado. La verdad que no lo parec\u00eda, pero creo que les dio miedo que nos qued\u00e1ramos. Ese misterio del mundo de hoy donde parece que a la gente no le gusta trabajar. Quiz\u00e1s piensan que sus jefes sacar\u00e1n sus sueldos del aire o qu\u00e9 s\u00e9 yo. En fin, algo nos dieron, pero no volvimos. Nos tocar\u00e1 poner una rese\u00f1a en \u201cgoogle\u201d de que no es buena idea ir muchos, porque se asustan.<\/p>\n<p>M\u00e1s cosas, Inmaculada y Fernando est\u00e1n esperando otro nene. Ahora s\u00ed que ya no cabemos. Vamos a recurrir a los colchones hinchables pronto. El curso empez\u00f3 sin novedad, enseguida tenemos la Visita Pastoral del Se\u00f1or Obispo a Villar de la Encina y Carrascosa de Haro. El obispo, te preguntar\u00e1s, es un valiente. Sigue trabajando a m\u00e1s de dos a\u00f1os de la presentaci\u00f3n de su jubilaci\u00f3n. Va a ser m\u00e1s dif\u00edcil, pronto, conseguir obispo que comprarse un coche. \u00bfQu\u00e9 m\u00e1s te cuento? Ah, \u00a1qu\u00e9 pena! Murieron el pap\u00e1 y algunas mam\u00e1s de personas muy vinculadas a la Parroquia. No s\u00e9 si te acordar\u00e1s. La mam\u00e1 de Mari Carmen, la carnicera. Aquella que fui a visitar en Valencia, y le pude dar la Unci\u00f3n. \u00a1Qu\u00e9 bonito que ahora, casi todo el mundo te llama para darla! Ya saben que no es s\u00f3lo para morirse, sino tambi\u00e9n si est\u00e1n enfermos. Ya se empiezan a morir mam\u00e1s de personas m\u00e1s j\u00f3venes que yo. Amparo, su hermana, se qued\u00f3 triste. Pobrecilla. Ya le celebramos sus Misas y todo. \u00a1Calla! Que te tengo que contar lo de la campa\u00f1a de Misas por las Almas del Purgatorio. No te puedes imaginar c\u00f3mo ha ido. Empezamos ofreciendo para Misas las limosnas recogidas en un lampadario, lo puse en las Redes Sociales, y hemos repartido Misas incontables. Este a\u00f1o tenemos que repetir.<\/p>\n<p>Espera, que hay m\u00e1s mam\u00e1s. Se murieron Esperanza y Amparo: las dos se\u00f1oras que casi no pod\u00edan moverse. Tambi\u00e9n vinieron las dos familias a las Misas. Much\u00edsima gente en los entierros, y \u00a1un silencio, mam\u00e1! Ni te lo imaginas. Y hace muy poco, Elisa, la mam\u00e1 de Miguel \u00c1ngel, el due\u00f1o de la casa rural que cogemos para los retiros; Jos\u00e9 Luis, el que se encarga del tanatorio y Graci\u00e1n, el de Chelo. Ese s\u00ed sabes qui\u00e9n es, que le ense\u00f1\u00f3 las cabritas a los nenes, cuando eran peque\u00f1os.<\/p>\n<p>Y, como dicen aqu\u00ed, su padre de la Beni, Samuel, Miguel \u00c1ngel, Neme\u2026 son muchos. Si hubieras visto qu\u00e9 cantidad de gente, qu\u00e9 respeto. Da gozo ver c\u00f3mo honran y rezan aqu\u00ed por los difuntos. Bueno, no s\u00e9 por qu\u00e9 te lo digo, si todo eso ya lo sabes.<\/p>\n<p>He perdido la cuenta de las velas de cumplea\u00f1os que he soplado. Una sorpresa tras otra, pero de esas inesperadas, que ni te imaginas. Como no necesito nada, cada vez es m\u00e1s dif\u00edcil eso de los regalos. No me alargo m\u00e1s que seguro que tienes mil cosas que hacer. Reza por toda la familia, por los cuatro pueblos, por los sacerdotes y tambi\u00e9n por los obispos, el que se va y el que venga.<\/p>\n<p>\u00a1Te quiero mucho, mam\u00e1! No me olvido de ti. Tu hijo sacerdote: Antonio Mar\u00eda +<\/p>\n<p>P.D. \u00a1Qu\u00e9 cabeza! No te he hablado de las chicas de catequesis, de los grupos de oraci\u00f3n, y tampoco te he felicitado. Aunque queden tres semanas: \u00a1QUE CUMPLAS MUCHOS M\u00c1S! Bueno, todos. Porque el Cielo es para siempre. Lo de la memoria te lo contar\u00e9 otro d\u00eda, pero desde que falta pap\u00e1 que no me acuerdo de nada, y el 2023 se me ha borrado entero.<\/p>\n<p><img loading=\"lazy\" decoding=\"async\" class=\"size-full wp-image-111771 alignnone\" src=\"https:\/\/exaudi.org\/wp-content\/uploads\/2024\/10\/img-20240207-wa0023.png\" alt=\"\" width=\"1400\" height=\"877\" srcset=\"https:\/\/exaudi.org\/wp-content\/uploads\/2024\/10\/img-20240207-wa0023.png 1400w, https:\/\/exaudi.org\/wp-content\/uploads\/2024\/10\/img-20240207-wa0023-300x188.png 300w, https:\/\/exaudi.org\/wp-content\/uploads\/2024\/10\/img-20240207-wa0023-1024x641.png 1024w, https:\/\/exaudi.org\/wp-content\/uploads\/2024\/10\/img-20240207-wa0023-770x482.png 770w, https:\/\/exaudi.org\/wp-content\/uploads\/2024\/10\/img-20240207-wa0023-500x313.png 500w, https:\/\/exaudi.org\/wp-content\/uploads\/2024\/10\/img-20240207-wa0023-293x184.png 293w, https:\/\/exaudi.org\/wp-content\/uploads\/2024\/10\/img-20240207-wa0023-390x244.png 390w\" sizes=\"auto, (max-width: 1400px) 100vw, 1400px\" \/><\/p>\n","protected":false},"excerpt":{"rendered":"<p>Un homenaje a la familia y a la fe que nos une<\/p>\n","protected":false},"author":138,"featured_media":111775,"comment_status":"closed","ping_status":"closed","sticky":false,"template":"","format":"standard","meta":{"_acf_changed":false,"_crdt_document":"","inline_featured_image":false,"footnotes":""},"categories":[74],"tags":[29494,29496,29503,29508,29507,29501,29505,29511,29497,15377,29512,29506,29514,29500,29498,29513,29495,29510,13259,29515,29504,29502,29516,29509,18427,4953,29499],"class_list":["post-111770","post","type-post","status-publish","format-standard","has-post-thumbnail","hentry","category-iglesia-y-mundo","tag-feliz-cumpleanos","tag-feliz-cumpleanos-2023","tag-agradecimiento-a-mama","tag-amor-de-hijo","tag-anecdotas-familiares","tag-carta-de-cumpleanos","tag-celebracion-familiar","tag-encuentros-con-la-virgen","tag-este-ano-tambien","tag-experiencias-de-vida","tag-experiencias-en-el-ministerio","tag-fe-y-espiritualidad","tag-felicitaciones-de-cumpleanos","tag-feliz-cumpleanos-mama","tag-feliz-navidad","tag-gratitud-hacia-los-seres-queridos","tag-mama","tag-momentos-significativos","tag-padre-antonio-maria-domenech","tag-palabras-de-amor-y-carino","tag-recuerdos-familiares","tag-reflexiones-de-un-sacerdote","tag-reflexiones-sobre-la-fe","tag-reflexiones-sobre-la-vida","tag-relaciones-familiares","tag-trending-es","tag-ya-llega-navidad"],"acf":[],"yoast_head":"<!-- This site is optimized with the Yoast SEO plugin v27.5 - https:\/\/yoast.com\/product\/yoast-seo-wordpress\/ -->\n<title>\u00a1Feliz cumplea\u00f1os, mam\u00e1! &#8211; Exaudi<\/title>\n<meta name=\"robots\" content=\"index, follow, max-snippet:-1, max-image-preview:large, max-video-preview:-1\" \/>\n<link rel=\"canonical\" href=\"https:\/\/exaudi.org\/es\/feliz-cumpleanos-mama\/\" \/>\n<meta property=\"og:locale\" content=\"es_ES\" \/>\n<meta property=\"og:type\" content=\"article\" \/>\n<meta property=\"og:title\" content=\"\u00a1Feliz cumplea\u00f1os, mam\u00e1! &#8211; Exaudi\" \/>\n<meta property=\"og:description\" content=\"Un homenaje a la familia y a la fe que nos une\" \/>\n<meta property=\"og:url\" content=\"https:\/\/exaudi.org\/es\/feliz-cumpleanos-mama\/\" \/>\n<meta property=\"og:site_name\" content=\"Exaudi\" \/>\n<meta property=\"article:publisher\" content=\"https:\/\/www.facebook.com\/ExaudiNews\" \/>\n<meta property=\"article:author\" content=\"https:\/\/www.facebook.com\/sotanarural\/?locale=es_ES\" \/>\n<meta property=\"article:published_time\" content=\"2024-10-30T07:30:58+00:00\" \/>\n<meta property=\"article:modified_time\" content=\"2024-10-30T07:34:56+00:00\" \/>\n<meta property=\"og:image\" content=\"https:\/\/exaudi.org\/wp-content\/uploads\/2024\/10\/pexels-dariaobymaha-1683975-scaled.jpg\" \/>\n\t<meta property=\"og:image:width\" content=\"2560\" \/>\n\t<meta property=\"og:image:height\" content=\"1707\" \/>\n\t<meta property=\"og:image:type\" content=\"image\/jpeg\" \/>\n<meta name=\"author\" content=\"Padre Antonio Mar\u00eda Domenech\" \/>\n<meta name=\"twitter:card\" content=\"summary_large_image\" \/>\n<meta name=\"twitter:creator\" content=\"@https:\/\/twitter.com\/antoniomariamcr?ref_src=twsrcgoogletwcampserptwgrauthor\" \/>\n<meta name=\"twitter:site\" content=\"@Exaudi_News\" \/>\n<meta name=\"twitter:label1\" content=\"Escrito por\" \/>\n\t<meta name=\"twitter:data1\" content=\"Padre Antonio Mar\u00eda Domenech\" \/>\n\t<meta name=\"twitter:label2\" content=\"Tiempo de lectura\" \/>\n\t<meta name=\"twitter:data2\" content=\"8 minutos\" \/>\n<script type=\"application\/ld+json\" class=\"yoast-schema-graph\">{\"@context\":\"https:\\\/\\\/schema.org\",\"@graph\":[{\"@type\":\"Article\",\"@id\":\"https:\\\/\\\/exaudi.org\\\/es\\\/feliz-cumpleanos-mama\\\/#article\",\"isPartOf\":{\"@id\":\"https:\\\/\\\/exaudi.org\\\/es\\\/feliz-cumpleanos-mama\\\/\"},\"author\":{\"name\":\"Padre Antonio Mar\u00eda Domenech\",\"@id\":\"https:\\\/\\\/exaudi.org\\\/#\\\/schema\\\/person\\\/49f03b61c85f6873df3534d23338de9c\"},\"headline\":\"\u00a1Feliz cumplea\u00f1os, mam\u00e1!\",\"datePublished\":\"2024-10-30T07:30:58+00:00\",\"dateModified\":\"2024-10-30T07:34:56+00:00\",\"mainEntityOfPage\":{\"@id\":\"https:\\\/\\\/exaudi.org\\\/es\\\/feliz-cumpleanos-mama\\\/\"},\"wordCount\":1593,\"image\":{\"@id\":\"https:\\\/\\\/exaudi.org\\\/es\\\/feliz-cumpleanos-mama\\\/#primaryimage\"},\"thumbnailUrl\":\"https:\\\/\\\/exaudi.org\\\/wp-content\\\/uploads\\\/2024\\\/10\\\/pexels-dariaobymaha-1683975-scaled.jpg\",\"keywords\":[\"\u00a1Feliz Cumplea\u00f1os\",\"\u00a1Feliz cumplea\u00f1os 2023\",\"agradecimiento a mam\u00e1\",\"amor de hijo\",\"an\u00e9cdotas familiares\",\"carta de cumplea\u00f1os\",\"celebraci\u00f3n familiar\",\"encuentros con la Virgen\",\"Este a\u00f1o tambi\u00e9n\",\"Experiencias de vida\",\"experiencias en el ministerio\",\"fe y espiritualidad\",\"felicitaciones de cumplea\u00f1os\",\"Feliz cumplea\u00f1os mam\u00e1\",\"FELIZ NAVIDAD\",\"gratitud hacia los seres queridos\",\"mam\u00e1!\",\"momentos significativos\",\"Padre Antonio Mar\u00eda Domenech\",\"palabras de amor y cari\u00f1o\",\"recuerdos familiares\",\"reflexiones de un sacerdote\",\"reflexiones sobre la fe\",\"reflexiones sobre la vida\",\"relaciones familiares\",\"Trending\",\"ya llega Navidad\"],\"articleSection\":[\"Iglesia y Mundo\"],\"inLanguage\":\"es\"},{\"@type\":\"WebPage\",\"@id\":\"https:\\\/\\\/exaudi.org\\\/es\\\/feliz-cumpleanos-mama\\\/\",\"url\":\"https:\\\/\\\/exaudi.org\\\/es\\\/feliz-cumpleanos-mama\\\/\",\"name\":\"\u00a1Feliz cumplea\u00f1os, mam\u00e1! &#8211; Exaudi\",\"isPartOf\":{\"@id\":\"https:\\\/\\\/exaudi.org\\\/#website\"},\"primaryImageOfPage\":{\"@id\":\"https:\\\/\\\/exaudi.org\\\/es\\\/feliz-cumpleanos-mama\\\/#primaryimage\"},\"image\":{\"@id\":\"https:\\\/\\\/exaudi.org\\\/es\\\/feliz-cumpleanos-mama\\\/#primaryimage\"},\"thumbnailUrl\":\"https:\\\/\\\/exaudi.org\\\/wp-content\\\/uploads\\\/2024\\\/10\\\/pexels-dariaobymaha-1683975-scaled.jpg\",\"datePublished\":\"2024-10-30T07:30:58+00:00\",\"dateModified\":\"2024-10-30T07:34:56+00:00\",\"author\":{\"@id\":\"https:\\\/\\\/exaudi.org\\\/#\\\/schema\\\/person\\\/49f03b61c85f6873df3534d23338de9c\"},\"breadcrumb\":{\"@id\":\"https:\\\/\\\/exaudi.org\\\/es\\\/feliz-cumpleanos-mama\\\/#breadcrumb\"},\"inLanguage\":\"es\",\"potentialAction\":[{\"@type\":\"ReadAction\",\"target\":[\"https:\\\/\\\/exaudi.org\\\/es\\\/feliz-cumpleanos-mama\\\/\"]}]},{\"@type\":\"ImageObject\",\"inLanguage\":\"es\",\"@id\":\"https:\\\/\\\/exaudi.org\\\/es\\\/feliz-cumpleanos-mama\\\/#primaryimage\",\"url\":\"https:\\\/\\\/exaudi.org\\\/wp-content\\\/uploads\\\/2024\\\/10\\\/pexels-dariaobymaha-1683975-scaled.jpg\",\"contentUrl\":\"https:\\\/\\\/exaudi.org\\\/wp-content\\\/uploads\\\/2024\\\/10\\\/pexels-dariaobymaha-1683975-scaled.jpg\",\"width\":2560,\"height\":1707,\"caption\":\"Pexels\"},{\"@type\":\"BreadcrumbList\",\"@id\":\"https:\\\/\\\/exaudi.org\\\/es\\\/feliz-cumpleanos-mama\\\/#breadcrumb\",\"itemListElement\":[{\"@type\":\"ListItem\",\"position\":1,\"name\":\"Portada\",\"item\":\"https:\\\/\\\/exaudi.org\\\/es\\\/\"},{\"@type\":\"ListItem\",\"position\":2,\"name\":\"\u00a1Feliz cumplea\u00f1os, mam\u00e1!\"}]},{\"@type\":\"WebSite\",\"@id\":\"https:\\\/\\\/exaudi.org\\\/#website\",\"url\":\"https:\\\/\\\/exaudi.org\\\/\",\"name\":\"Exaudi\",\"description\":\"News\",\"potentialAction\":[{\"@type\":\"SearchAction\",\"target\":{\"@type\":\"EntryPoint\",\"urlTemplate\":\"https:\\\/\\\/exaudi.org\\\/?s={search_term_string}\"},\"query-input\":{\"@type\":\"PropertyValueSpecification\",\"valueRequired\":true,\"valueName\":\"search_term_string\"}}],\"inLanguage\":\"es\"},{\"@type\":\"Person\",\"@id\":\"https:\\\/\\\/exaudi.org\\\/#\\\/schema\\\/person\\\/49f03b61c85f6873df3534d23338de9c\",\"name\":\"Padre Antonio Mar\u00eda Domenech\",\"image\":{\"@type\":\"ImageObject\",\"inLanguage\":\"es\",\"@id\":\"https:\\\/\\\/secure.gravatar.com\\\/avatar\\\/f59f832f122b486f0bee3515ea74c2ad9e2b83f2f8646040712a555d287356e4?s=96&d=mm&r=g\",\"url\":\"https:\\\/\\\/secure.gravatar.com\\\/avatar\\\/f59f832f122b486f0bee3515ea74c2ad9e2b83f2f8646040712a555d287356e4?s=96&d=mm&r=g\",\"contentUrl\":\"https:\\\/\\\/secure.gravatar.com\\\/avatar\\\/f59f832f122b486f0bee3515ea74c2ad9e2b83f2f8646040712a555d287356e4?s=96&d=mm&r=g\",\"caption\":\"Padre Antonio Mar\u00eda Domenech\"},\"description\":\"Antonio Mar\u00eda Domenech Guill\u00e9n. Sacerdote feliz de serlo, p\u00e1rroco rural ilusionado con sus pueblos y sus gentes, un amigo m\u00e1s; con motivos para vivir y morir.\",\"sameAs\":[\"https:\\\/\\\/sellenarondeinmensaalegria.wordpress.com\\\/\",\"https:\\\/\\\/www.facebook.com\\\/sotanarural\\\/?locale=es_ES\",\"https:\\\/\\\/www.linkedin.com\\\/in\\\/antoniomariadomenech\\\/?originalSubdomain=es\",\"https:\\\/\\\/x.com\\\/https:\\\/\\\/twitter.com\\\/antoniomariamcr?ref_src=twsrcgoogletwcampserptwgrauthor\",\"https:\\\/\\\/www.youtube.com\\\/channel\\\/UCEXJ629hWwJqM5uslcTdSsA\"],\"url\":\"https:\\\/\\\/exaudi.org\\\/es\\\/author\\\/padre-antonio-maria-domenech\\\/\"}]}<\/script>\n<!-- \/ Yoast SEO plugin. -->","yoast_head_json":{"title":"\u00a1Feliz cumplea\u00f1os, mam\u00e1! &#8211; Exaudi","robots":{"index":"index","follow":"follow","max-snippet":"max-snippet:-1","max-image-preview":"max-image-preview:large","max-video-preview":"max-video-preview:-1"},"canonical":"https:\/\/exaudi.org\/es\/feliz-cumpleanos-mama\/","og_locale":"es_ES","og_type":"article","og_title":"\u00a1Feliz cumplea\u00f1os, mam\u00e1! &#8211; Exaudi","og_description":"Un homenaje a la familia y a la fe que nos une","og_url":"https:\/\/exaudi.org\/es\/feliz-cumpleanos-mama\/","og_site_name":"Exaudi","article_publisher":"https:\/\/www.facebook.com\/ExaudiNews","article_author":"https:\/\/www.facebook.com\/sotanarural\/?locale=es_ES","article_published_time":"2024-10-30T07:30:58+00:00","article_modified_time":"2024-10-30T07:34:56+00:00","og_image":[{"width":2560,"height":1707,"url":"https:\/\/exaudi.org\/wp-content\/uploads\/2024\/10\/pexels-dariaobymaha-1683975-scaled.jpg","type":"image\/jpeg"}],"author":"Padre Antonio Mar\u00eda Domenech","twitter_card":"summary_large_image","twitter_creator":"@https:\/\/twitter.com\/antoniomariamcr?ref_src=twsrcgoogletwcampserptwgrauthor","twitter_site":"@Exaudi_News","twitter_misc":{"Escrito por":"Padre Antonio Mar\u00eda Domenech","Tiempo de lectura":"8 minutos"},"schema":{"@context":"https:\/\/schema.org","@graph":[{"@type":"Article","@id":"https:\/\/exaudi.org\/es\/feliz-cumpleanos-mama\/#article","isPartOf":{"@id":"https:\/\/exaudi.org\/es\/feliz-cumpleanos-mama\/"},"author":{"name":"Padre Antonio Mar\u00eda Domenech","@id":"https:\/\/exaudi.org\/#\/schema\/person\/49f03b61c85f6873df3534d23338de9c"},"headline":"\u00a1Feliz cumplea\u00f1os, mam\u00e1!","datePublished":"2024-10-30T07:30:58+00:00","dateModified":"2024-10-30T07:34:56+00:00","mainEntityOfPage":{"@id":"https:\/\/exaudi.org\/es\/feliz-cumpleanos-mama\/"},"wordCount":1593,"image":{"@id":"https:\/\/exaudi.org\/es\/feliz-cumpleanos-mama\/#primaryimage"},"thumbnailUrl":"https:\/\/exaudi.org\/wp-content\/uploads\/2024\/10\/pexels-dariaobymaha-1683975-scaled.jpg","keywords":["\u00a1Feliz Cumplea\u00f1os","\u00a1Feliz cumplea\u00f1os 2023","agradecimiento a mam\u00e1","amor de hijo","an\u00e9cdotas familiares","carta de cumplea\u00f1os","celebraci\u00f3n familiar","encuentros con la Virgen","Este a\u00f1o tambi\u00e9n","Experiencias de vida","experiencias en el ministerio","fe y espiritualidad","felicitaciones de cumplea\u00f1os","Feliz cumplea\u00f1os mam\u00e1","FELIZ NAVIDAD","gratitud hacia los seres queridos","mam\u00e1!","momentos significativos","Padre Antonio Mar\u00eda Domenech","palabras de amor y cari\u00f1o","recuerdos familiares","reflexiones de un sacerdote","reflexiones sobre la fe","reflexiones sobre la vida","relaciones familiares","Trending","ya llega Navidad"],"articleSection":["Iglesia y Mundo"],"inLanguage":"es"},{"@type":"WebPage","@id":"https:\/\/exaudi.org\/es\/feliz-cumpleanos-mama\/","url":"https:\/\/exaudi.org\/es\/feliz-cumpleanos-mama\/","name":"\u00a1Feliz cumplea\u00f1os, mam\u00e1! &#8211; Exaudi","isPartOf":{"@id":"https:\/\/exaudi.org\/#website"},"primaryImageOfPage":{"@id":"https:\/\/exaudi.org\/es\/feliz-cumpleanos-mama\/#primaryimage"},"image":{"@id":"https:\/\/exaudi.org\/es\/feliz-cumpleanos-mama\/#primaryimage"},"thumbnailUrl":"https:\/\/exaudi.org\/wp-content\/uploads\/2024\/10\/pexels-dariaobymaha-1683975-scaled.jpg","datePublished":"2024-10-30T07:30:58+00:00","dateModified":"2024-10-30T07:34:56+00:00","author":{"@id":"https:\/\/exaudi.org\/#\/schema\/person\/49f03b61c85f6873df3534d23338de9c"},"breadcrumb":{"@id":"https:\/\/exaudi.org\/es\/feliz-cumpleanos-mama\/#breadcrumb"},"inLanguage":"es","potentialAction":[{"@type":"ReadAction","target":["https:\/\/exaudi.org\/es\/feliz-cumpleanos-mama\/"]}]},{"@type":"ImageObject","inLanguage":"es","@id":"https:\/\/exaudi.org\/es\/feliz-cumpleanos-mama\/#primaryimage","url":"https:\/\/exaudi.org\/wp-content\/uploads\/2024\/10\/pexels-dariaobymaha-1683975-scaled.jpg","contentUrl":"https:\/\/exaudi.org\/wp-content\/uploads\/2024\/10\/pexels-dariaobymaha-1683975-scaled.jpg","width":2560,"height":1707,"caption":"Pexels"},{"@type":"BreadcrumbList","@id":"https:\/\/exaudi.org\/es\/feliz-cumpleanos-mama\/#breadcrumb","itemListElement":[{"@type":"ListItem","position":1,"name":"Portada","item":"https:\/\/exaudi.org\/es\/"},{"@type":"ListItem","position":2,"name":"\u00a1Feliz cumplea\u00f1os, mam\u00e1!"}]},{"@type":"WebSite","@id":"https:\/\/exaudi.org\/#website","url":"https:\/\/exaudi.org\/","name":"Exaudi","description":"News","potentialAction":[{"@type":"SearchAction","target":{"@type":"EntryPoint","urlTemplate":"https:\/\/exaudi.org\/?s={search_term_string}"},"query-input":{"@type":"PropertyValueSpecification","valueRequired":true,"valueName":"search_term_string"}}],"inLanguage":"es"},{"@type":"Person","@id":"https:\/\/exaudi.org\/#\/schema\/person\/49f03b61c85f6873df3534d23338de9c","name":"Padre Antonio Mar\u00eda Domenech","image":{"@type":"ImageObject","inLanguage":"es","@id":"https:\/\/secure.gravatar.com\/avatar\/f59f832f122b486f0bee3515ea74c2ad9e2b83f2f8646040712a555d287356e4?s=96&d=mm&r=g","url":"https:\/\/secure.gravatar.com\/avatar\/f59f832f122b486f0bee3515ea74c2ad9e2b83f2f8646040712a555d287356e4?s=96&d=mm&r=g","contentUrl":"https:\/\/secure.gravatar.com\/avatar\/f59f832f122b486f0bee3515ea74c2ad9e2b83f2f8646040712a555d287356e4?s=96&d=mm&r=g","caption":"Padre Antonio Mar\u00eda Domenech"},"description":"Antonio Mar\u00eda Domenech Guill\u00e9n. Sacerdote feliz de serlo, p\u00e1rroco rural ilusionado con sus pueblos y sus gentes, un amigo m\u00e1s; con motivos para vivir y morir.","sameAs":["https:\/\/sellenarondeinmensaalegria.wordpress.com\/","https:\/\/www.facebook.com\/sotanarural\/?locale=es_ES","https:\/\/www.linkedin.com\/in\/antoniomariadomenech\/?originalSubdomain=es","https:\/\/x.com\/https:\/\/twitter.com\/antoniomariamcr?ref_src=twsrcgoogletwcampserptwgrauthor","https:\/\/www.youtube.com\/channel\/UCEXJ629hWwJqM5uslcTdSsA"],"url":"https:\/\/exaudi.org\/es\/author\/padre-antonio-maria-domenech\/"}]}},"jetpack_featured_media_url":"https:\/\/exaudi.org\/wp-content\/uploads\/2024\/10\/pexels-dariaobymaha-1683975-scaled.jpg","jetpack_shortlink":"https:\/\/wp.me\/pgKjF2-t4K","_links":{"self":[{"href":"https:\/\/exaudi.org\/es\/wp-json\/wp\/v2\/posts\/111770","targetHints":{"allow":["GET"]}}],"collection":[{"href":"https:\/\/exaudi.org\/es\/wp-json\/wp\/v2\/posts"}],"about":[{"href":"https:\/\/exaudi.org\/es\/wp-json\/wp\/v2\/types\/post"}],"author":[{"embeddable":true,"href":"https:\/\/exaudi.org\/es\/wp-json\/wp\/v2\/users\/138"}],"replies":[{"embeddable":true,"href":"https:\/\/exaudi.org\/es\/wp-json\/wp\/v2\/comments?post=111770"}],"version-history":[{"count":0,"href":"https:\/\/exaudi.org\/es\/wp-json\/wp\/v2\/posts\/111770\/revisions"}],"wp:featuredmedia":[{"embeddable":true,"href":"https:\/\/exaudi.org\/es\/wp-json\/wp\/v2\/media\/111775"}],"wp:attachment":[{"href":"https:\/\/exaudi.org\/es\/wp-json\/wp\/v2\/media?parent=111770"}],"wp:term":[{"taxonomy":"category","embeddable":true,"href":"https:\/\/exaudi.org\/es\/wp-json\/wp\/v2\/categories?post=111770"},{"taxonomy":"post_tag","embeddable":true,"href":"https:\/\/exaudi.org\/es\/wp-json\/wp\/v2\/tags?post=111770"}],"curies":[{"name":"wp","href":"https:\/\/api.w.org\/{rel}","templated":true}]}}