{"id":11164,"date":"2021-04-12T15:27:23","date_gmt":"2021-04-12T13:27:23","guid":{"rendered":"https:\/\/exaudi.org\/?p=11164"},"modified":"2021-04-12T23:17:36","modified_gmt":"2021-04-12T21:17:36","slug":"simposio-teologico-internacional-conferencia-de-presentacion","status":"publish","type":"post","link":"https:\/\/exaudi.org\/es\/simposio-teologico-internacional-conferencia-de-presentacion\/","title":{"rendered":"Simposio Teol\u00f3gico Internacional: Conferencia de presentaci\u00f3n"},"content":{"rendered":"<p>En la ma\u00f1ana de hoy, 12 de abril de 2021, ha tenido lugar en\u00a0<em>streaming\u00a0<\/em>desde la Oficina de Prensa de la Santa Sede la Conferencia de presentaci\u00f3n del Simposio Teol\u00f3gico Internacional <em>Por una teolog\u00eda fundamental del sacerdocio<\/em>, organizado por la <a href=\"https:\/\/www.vatican.va\/roman_curia\/congregations\/cbishops\/index_sp.htm\" target=\"_blank\" rel=\"noopener noreferrer\">Congregaci\u00f3n para los Obispos<\/a>, que se celebrar\u00e1 en Roma del 17 al 19 de febrero de 2022.<\/p>\n<p>En la rueda de prensa de presentaci\u00f3n <a href=\"https:\/\/exaudi.org\/es\/cardenal-oullet-exaudi-sacerdotes-espiritual-paternidad-fundamental\/\" target=\"_blank\" rel=\"noopener noreferrer\">han intervenido el cardenal Marc Ouellet<\/a>, prefecto de la Congregaci\u00f3n para los Obispos, el profesor Vincent Siret, rector del Pontificio Seminario Franc\u00e9s de Roma, en conexi\u00f3n remota, y la profesora Michelina Tenace, catedr\u00e1tica de Teolog\u00eda en la Pontificia Universidad Gregoriana.<\/p>\n<h4><strong>Intervenci\u00f3n del cardenal Ouellet<\/strong><\/h4>\n<p>El cardenal Marc Ouellet, encargado de presentar el proyecto del Simposio sobre vocaciones, ha recordado las palabras del Papa Francisco sobre la sinodalidad: \u201cEl camino de la sinodalidad es el camino que Dios espera de la Iglesia del tercer milenio\u201d. Esta expectativa, apunta, \u201cpuede parecer abstracta a primera vista, pero cuando la consideramos desde el punto de vista de las vocaciones, adquiere un contenido muy concreto\u201d.<\/p>\n<p>La sinodalidad, explica, \u201csignifica b\u00e1sicamente la participaci\u00f3n activa de todos los fieles en la misi\u00f3n de la Iglesia, describe la marcha unida de los bautizados hacia el Reino que se construye diariamente en la familia, en el trabajo, as\u00ed como en la vida social y eclesial en todas sus formas\u201d, algo que \u201crequiere una vida de fe y una estrecha colaboraci\u00f3n entre laicos, sacerdotes, religiosos y religiosas, para el anuncio del Evangelio al mundo a trav\u00e9s del testimonio convincente de las comunidades cristianas\u201d.<\/p>\n<p>El purpurado ha anunciado que el evento es una \u201cintensa sesi\u00f3n de tres d\u00edas\u201d, abierta a todos, pero orientada especialmente para obispos y todos los que \u201cse interesan por la teolog\u00eda, para profundizar en la comprensi\u00f3n de las vocaciones y en la importancia de la comuni\u00f3n entre las distintas vocaciones en la Iglesia\u201d.<\/p>\n<p>\u201cUn simposio teol\u00f3gico no pretende ofrecer soluciones pr\u00e1cticas a todos los problemas pastorales y misioneros de la Iglesia, pero puede ayudarnos a profundizar en el fundamento de la misi\u00f3n de la Iglesia. La comprensi\u00f3n de la revelaci\u00f3n divina sobre el sacerdocio de Cristo y la participaci\u00f3n de la Iglesia en este sacerdocio es una cuesti\u00f3n crucial para nuestro tiempo\u201d, sostiene.<\/p>\n<p>No se trata, prosigue, \u201cde un tema nuevo, sino de un tema central, cuya originalidad consistir\u00e1 en establecer una relaci\u00f3n fundamental entre el sacerdocio de los bautizados, que el Concilio Vaticano II ha potenciado, y el sacerdocio de los ministros, obispos y sacerdotes, que la Iglesia cat\u00f3lica siempre ha afirmado y precisado\u201d.<\/p>\n<p>El cardenal aclara ser \u201cconscientes de la escasez de vocaciones en muchas regiones, as\u00ed como de las tensiones sobre el terreno debidas a las visiones pastorales divergentes, a los desaf\u00edos planteados por el multiculturalismo y las migraciones, sin olvidar las ideolog\u00edas que condicionan el testimonio de los bautizados y el ejercicio del ministerio sacerdotal en las sociedades secularizadas\u201d.<\/p>\n<p>\u201c\u00bfC\u00f3mo vivir una conversi\u00f3n misionera\u201d en este contexto? En esta b\u00fasqueda, responde, \u201chay cabida para un vasto esfuerzo teol\u00f3gico que deber\u00eda ofrecer una visi\u00f3n renovada, un sentido de lo esencial, una manera de valorar todas las vocaciones respetando lo que es espec\u00edfico de cada una. Tal visi\u00f3n de la comuni\u00f3n de las vocaciones se enra\u00edza en la comuni\u00f3n de las Personas divinas y busca desplegar una eclesiolog\u00eda trinitaria capaz de dinamizar la Iglesia sinodal y misionera que sue\u00f1a el Papa Francisco\u201d.<\/p>\n<p>El prelado canadiense ha comentado que la iniciativa del Simposio es \u201cuna gran empresa que ha sido cuidadosamente preparada, pero que conlleva un margen de riesgo en las circunstancias actuales de la pandemia. Se trata, pues, de un acto de fe que no habr\u00edamos acometido sin una confirmaci\u00f3n desde lo alto, adem\u00e1s de la urgencia de crear un movimiento vocacional tras las diversas experiencias sinodales de los \u00faltimos a\u00f1os\u201d.<\/p>\n<p>\u201cQueremos reunir a delegaciones nacionales y diocesanas de todos los continentes en el aula Pablo VI durante tres d\u00edas, del 17 al 19 de febrero de 2022, con un intenso programa de conferencias, coronado por un mensaje del Papa Francisco. El programa de la conferencia est\u00e1 disponible para los periodistas y para el p\u00fablico desde hoy. Un sitio web, abierto hace unos d\u00edas, proporcionar\u00e1 m\u00e1s informaci\u00f3n a los interesados, facilitando la inscripci\u00f3n de los participantes, as\u00ed como solicitando contribuciones financieras para apoyar la organizaci\u00f3n de este gran evento\u201d, ha concluido.<\/p>\n<h4><strong>Intervenci\u00f3n de Vincent Siret<\/strong><\/h4>\n<p>Reflexionando sobre la formaci\u00f3n de los llamados al ministerio sacerdotal en comuni\u00f3n con toda la Iglesia, el profesor Siret ha destacado que \u201ces imprescindible ampliar el \u00e1mbito a la dimensi\u00f3n trinitaria, fuente de toda comuni\u00f3n, para que el campo no se limite a la colaboraci\u00f3n y a un reparto m\u00e1s reflexivo de las tareas o incluso a la corresponsabilidad, sino que se dirija en primer lugar a la propia fuente trinitaria\u201d.<\/p>\n<p>\u201cLa vida bautismal es la vocaci\u00f3n humana fundamental y todos deben ejercer el sacerdocio recibido en el bautismo. El ministerio est\u00e1 en este servicio. Podemos esperar, por ejemplo, evitar una decepcionante y contraproducente relaci\u00f3n frente a frente entre sacerdotes y laicos y articular esta relaci\u00f3n con la presencia y la vida de los religiosos y religiosas, que est\u00e1n en ambos lados\u201d, argumenta.<\/p>\n<p>Del mismo modo, Vicent ha indicado que \u201cla reflexi\u00f3n sobre la teolog\u00eda fundamental del sacerdocio permitir\u00e1 tambi\u00e9n abordar las nuevas razones sobre la justificaci\u00f3n del celibato sacerdotal y su forma de vivirlo. Es un servicio que se debe a quienes se preparan para recibir el sacramento del Orden, para mostrarles las razones que justifican esa decisi\u00f3n y ese compromiso de vida, y para proponerles, en consecuencia y con coherencia, el modo m\u00e1s adecuado de vivir en fidelidad a este don\u201d.<\/p>\n<p>El camino de la sinodalidad, declara, es \u201cla \u00fanica posibilidad de escapar del clericalismo eclesial\u201d y \u201cla vocaci\u00f3n de todos a entrar en el Reino por la gracia es expl\u00edcita y \u00fanica e impide cualquier repliegue en las estructuras eclesiales\u201d. S\u00f3lo en la profundidad m\u00edstica del Misterio sacerdotal, sigue, \u201cpuede permitir una salida desde lo alto de las muchas dificultades y riesgos que se encuentran al quedar atrapados en una dimensi\u00f3n mundana, la de una lucha de poder o de una comunicaci\u00f3n publicitaria\u201d.<\/p>\n<p>Siret muestra c\u00f3mo los d\u00edas del pr\u00f3ximo simposio se dividen conforme a los temas tratados: \u201cCada media jornada est\u00e1 presidida por un cardenal. El 17 de febrero se titula: <em>Tradici\u00f3n y nuevos horizontes<\/em>. Esta jornada ser\u00e1 presidida por la ma\u00f1ana por el cardenal Ouellet y por la tarde por el prefecto de la Congregaci\u00f3n para el Clero\u201d.<\/p>\n<p>\u201cLas ponencias del 18 de febrero se agrupan en torno al tr\u00edo: <em>Trinidad, misi\u00f3n, sacramentalidad<\/em>. La Congregaci\u00f3n para el <a href=\"https:\/\/exaudi.org\/es\/san-jose-carta-papa-francisco\/\" target=\"_blank\" rel=\"noopener noreferrer\">Culto Divino<\/a> y la Disciplina de los Sacramentos presidir\u00e1 por la ma\u00f1ana y la Congregaci\u00f3n para la Educaci\u00f3n Cat\u00f3lica por la tarde. El s\u00e1bado 19, la misa ser\u00e1 presidida por la ma\u00f1ana por el Secretario de Estado, el cardenal Parolin, en la bas\u00edlica de San Pedro\u201d, contin\u00faa.<\/p>\n<p>Por \u00faltimo, informa de que los trabajos se agrupar\u00e1n en los temas\u00a0<em>Celibato, Carisma\u00a0<\/em>y\u00a0<em>Espiritualidad, <\/em>\u201cbajo la presidencia de la Congregaci\u00f3n para las Causas de los Santos por la ma\u00f1ana y, por la tarde, la del Prefecto del Dicasterio para los Laicos, la Familia y la Vida. El Papa Francisco enviar\u00e1 a los participantes en misi\u00f3n al final de la tarde\u201d.<\/p>\n<h4><strong>Intervenci\u00f3n de Michelina Tenace<\/strong><\/h4>\n<p>Cerrando la lista de ponencias, Michelina Tenace ha apuntado que el Simposio \u201cno pretende dar soluciones a los problemas, sino arrojar luz sobre las ra\u00edces del sacerdocio para que el \u00e1rbol vuelva a dar frutos\u201d, y que la urgencia para su reflexi\u00f3n es \u201cel echo de que hoy debamos pensar en el fundamento que une el sacerdocio ministerial con el sacerdocio com\u00fan de los bautizados\u201d.<\/p>\n<p>\u201cHoy vemos que en muchas partes del mundo, los obispos y los sacerdotes tienen dificultades para identificar qu\u00e9 cambios son necesarios para que un sacerdote sea realmente un centinela del Reino de Dios, un hombre llamado por Dios a santificar el mundo mediante el don de los sacramentos del Reino\u201d, esclarece.<\/p>\n<p>Los cambios, insiste, \u201cno pueden ser dictados por las presiones culturales, pero tampoco deben excluir que en las cuestiones que empujan hacia el cambio haya una llamada a liberar la fe de las incrustaciones del pasado\u201d.<\/p>\n<p>Respecto a las cuestiones teol\u00f3gicas que se abordar\u00e1n en el evento, la profesora ha dicho que \u201cuno e los objetivos del Simposio es reflexionar sobre la relaci\u00f3n entre el sacerdocio ministerial y el sacerdocio com\u00fan\u201d. Es importante, expresa, \u201centender por qu\u00e9 un simposio sobre el sacerdocio llevar\u00e1 a hablar sobre el bautismo\u201d.<\/p>\n<p>\u201cCuando decimos que el sacerdocio ministerial y el sacerdocio com\u00fan de los fieles se refieren al \u00fanico sacerdocio de Cristo, estamos diciendo una verdad muy ardua: estamos diciendo que hay una responsabilidad mutua entre la comunidad de los bautizados y los sacerdotes. La falta de vocaciones sacerdotales significa que la comunidad cristiana se ha empobrecido: no da ni recibe sacerdotes\u201d, desarrolla.<\/p>\n<p>Tenace ha manifestado que la idea directriz del Simposio es \u201cprofundizar en la teolog\u00eda del sacerdocio, reafirmar los rasgos esenciales de la tradici\u00f3n cat\u00f3lica sobre la identidad del sacerdote, liber\u00e1ndola quiz\u00e1s de una cierta clericalizaci\u00f3n\u201d, que es \u201cun peligro tanto para los sacerdotes como para los fieles: identifica el sacerdocio con el poder y no con el servicio, el ser un <em>alter Christus<\/em> en el altar como un privilegio y no como una responsabilidad que concierne a todos los fieles\u201d.<\/p>\n<p>Asimismo, tras definir que la cuesti\u00f3n del celibato debe abordarse desde la perspectiva de la vocaci\u00f3n, ha ilustrado que el Simposio \u201cayudar\u00e1 a comprender que la crisis de la identidad del sacerdote o de las vocaciones no es s\u00f3lo una crisis que afecta a individuos particulares, sino la transformaci\u00f3n continua de toda la Iglesia como cuerpo animado por la savia del Esp\u00edritu, un organismo vivo sobre el fundamento de la fe que crea una profunda armon\u00eda entre los miembros, la cabeza, las junturas, una comuni\u00f3n que de \u00e9poca en \u00e9poca debe reafirmar una fisonom\u00eda adecuada del Reino\u201d.<\/p>\n","protected":false},"excerpt":{"rendered":"<p>\u201cPor una teolog\u00eda fundamental del sacerdocio\u201d<\/p>\n","protected":false},"author":6,"featured_media":11185,"comment_status":"closed","ping_status":"closed","sticky":false,"template":"","format":"standard","meta":{"_acf_changed":false,"_crdt_document":"","inline_featured_image":false,"footnotes":""},"categories":[59],"tags":[1604,1601,1603,1602],"class_list":["post-11164","post","type-post","status-publish","format-standard","has-post-thumbnail","hentry","category-featured-news","tag-conferencia-de-presentacion","tag-congregacion-para-los-obispos","tag-sacerdocio","tag-simposio-teologico-internacional"],"acf":[],"yoast_head":"<!-- This site is optimized with the Yoast SEO plugin v27.5 - https:\/\/yoast.com\/product\/yoast-seo-wordpress\/ -->\n<title>Simposio Teol\u00f3gico Internacional: Conferencia de presentaci\u00f3n - Exaudi<\/title>\n<meta name=\"description\" content=\"La ma\u00f1ana de hoy ha sido la Conferencia de presentaci\u00f3n del Simposio Teol\u00f3gico Internacional\u00a0&#039;Por una teolog\u00eda fundamental del sacerdocio&#039;.\" \/>\n<meta name=\"robots\" content=\"index, follow, max-snippet:-1, max-image-preview:large, max-video-preview:-1\" \/>\n<link rel=\"canonical\" href=\"https:\/\/exaudi.org\/es\/simposio-teologico-internacional-conferencia-de-presentacion\/\" \/>\n<meta property=\"og:locale\" content=\"es_ES\" \/>\n<meta property=\"og:type\" content=\"article\" \/>\n<meta property=\"og:title\" content=\"Simposio Teol\u00f3gico Internacional: Conferencia de presentaci\u00f3n - Exaudi\" \/>\n<meta property=\"og:description\" content=\"La ma\u00f1ana de hoy ha sido la Conferencia de presentaci\u00f3n del Simposio Teol\u00f3gico Internacional\u00a0&#039;Por una teolog\u00eda fundamental del sacerdocio&#039;.\" \/>\n<meta property=\"og:url\" content=\"https:\/\/exaudi.org\/es\/simposio-teologico-internacional-conferencia-de-presentacion\/\" \/>\n<meta property=\"og:site_name\" content=\"Exaudi\" \/>\n<meta property=\"article:publisher\" content=\"https:\/\/www.facebook.com\/ExaudiNews\" \/>\n<meta property=\"article:published_time\" content=\"2021-04-12T13:27:23+00:00\" \/>\n<meta property=\"article:modified_time\" content=\"2021-04-12T21:17:36+00:00\" \/>\n<meta property=\"og:image\" content=\"https:\/\/exaudi.org\/wp-content\/uploads\/2021\/04\/cathopic_1515689216174536-scaled.jpg\" \/>\n\t<meta property=\"og:image:width\" content=\"2560\" \/>\n\t<meta property=\"og:image:height\" content=\"1709\" \/>\n\t<meta property=\"og:image:type\" content=\"image\/jpeg\" \/>\n<meta name=\"author\" content=\"Gabriel Sales\" \/>\n<meta name=\"twitter:card\" content=\"summary_large_image\" \/>\n<meta name=\"twitter:creator\" content=\"@habemusman\" \/>\n<meta name=\"twitter:site\" content=\"@Exaudi_News\" \/>\n<meta name=\"twitter:label1\" content=\"Escrito por\" \/>\n\t<meta name=\"twitter:data1\" content=\"Gabriel Sales\" \/>\n\t<meta name=\"twitter:label2\" content=\"Tiempo de lectura\" \/>\n\t<meta name=\"twitter:data2\" content=\"8 minutos\" \/>\n<script type=\"application\/ld+json\" class=\"yoast-schema-graph\">{\"@context\":\"https:\\\/\\\/schema.org\",\"@graph\":[{\"@type\":\"Article\",\"@id\":\"https:\\\/\\\/exaudi.org\\\/es\\\/simposio-teologico-internacional-conferencia-de-presentacion\\\/#article\",\"isPartOf\":{\"@id\":\"https:\\\/\\\/exaudi.org\\\/es\\\/simposio-teologico-internacional-conferencia-de-presentacion\\\/\"},\"author\":{\"name\":\"Gabriel Sales\",\"@id\":\"https:\\\/\\\/exaudi.org\\\/#\\\/schema\\\/person\\\/d134b96438278131ce90c90c03fda6cd\"},\"headline\":\"Simposio Teol\u00f3gico Internacional: Conferencia de presentaci\u00f3n\",\"datePublished\":\"2021-04-12T13:27:23+00:00\",\"dateModified\":\"2021-04-12T21:17:36+00:00\",\"mainEntityOfPage\":{\"@id\":\"https:\\\/\\\/exaudi.org\\\/es\\\/simposio-teologico-internacional-conferencia-de-presentacion\\\/\"},\"wordCount\":1773,\"image\":{\"@id\":\"https:\\\/\\\/exaudi.org\\\/es\\\/simposio-teologico-internacional-conferencia-de-presentacion\\\/#primaryimage\"},\"thumbnailUrl\":\"https:\\\/\\\/exaudi.org\\\/wp-content\\\/uploads\\\/2021\\\/04\\\/cathopic_1515689216174536-scaled.jpg\",\"keywords\":[\"Conferencia de presentaci\u00f3n\",\"Congregaci\u00f3n para los Obispos\",\"Sacerdocio\",\"Simposio Teol\u00f3gico Internacional\"],\"articleSection\":[\"Featured News\"],\"inLanguage\":\"es\"},{\"@type\":\"WebPage\",\"@id\":\"https:\\\/\\\/exaudi.org\\\/es\\\/simposio-teologico-internacional-conferencia-de-presentacion\\\/\",\"url\":\"https:\\\/\\\/exaudi.org\\\/es\\\/simposio-teologico-internacional-conferencia-de-presentacion\\\/\",\"name\":\"Simposio Teol\u00f3gico Internacional: Conferencia de presentaci\u00f3n - Exaudi\",\"isPartOf\":{\"@id\":\"https:\\\/\\\/exaudi.org\\\/#website\"},\"primaryImageOfPage\":{\"@id\":\"https:\\\/\\\/exaudi.org\\\/es\\\/simposio-teologico-internacional-conferencia-de-presentacion\\\/#primaryimage\"},\"image\":{\"@id\":\"https:\\\/\\\/exaudi.org\\\/es\\\/simposio-teologico-internacional-conferencia-de-presentacion\\\/#primaryimage\"},\"thumbnailUrl\":\"https:\\\/\\\/exaudi.org\\\/wp-content\\\/uploads\\\/2021\\\/04\\\/cathopic_1515689216174536-scaled.jpg\",\"datePublished\":\"2021-04-12T13:27:23+00:00\",\"dateModified\":\"2021-04-12T21:17:36+00:00\",\"author\":{\"@id\":\"https:\\\/\\\/exaudi.org\\\/#\\\/schema\\\/person\\\/d134b96438278131ce90c90c03fda6cd\"},\"description\":\"La ma\u00f1ana de hoy ha sido la Conferencia de presentaci\u00f3n del Simposio Teol\u00f3gico Internacional\u00a0'Por una teolog\u00eda fundamental del sacerdocio'.\",\"breadcrumb\":{\"@id\":\"https:\\\/\\\/exaudi.org\\\/es\\\/simposio-teologico-internacional-conferencia-de-presentacion\\\/#breadcrumb\"},\"inLanguage\":\"es\",\"potentialAction\":[{\"@type\":\"ReadAction\",\"target\":[\"https:\\\/\\\/exaudi.org\\\/es\\\/simposio-teologico-internacional-conferencia-de-presentacion\\\/\"]}]},{\"@type\":\"ImageObject\",\"inLanguage\":\"es\",\"@id\":\"https:\\\/\\\/exaudi.org\\\/es\\\/simposio-teologico-internacional-conferencia-de-presentacion\\\/#primaryimage\",\"url\":\"https:\\\/\\\/exaudi.org\\\/wp-content\\\/uploads\\\/2021\\\/04\\\/cathopic_1515689216174536-scaled.jpg\",\"contentUrl\":\"https:\\\/\\\/exaudi.org\\\/wp-content\\\/uploads\\\/2021\\\/04\\\/cathopic_1515689216174536-scaled.jpg\",\"width\":2560,\"height\":1709,\"caption\":\"Ordenaci\u00f3n sacerdotal \u00a9 Cathopic\"},{\"@type\":\"BreadcrumbList\",\"@id\":\"https:\\\/\\\/exaudi.org\\\/es\\\/simposio-teologico-internacional-conferencia-de-presentacion\\\/#breadcrumb\",\"itemListElement\":[{\"@type\":\"ListItem\",\"position\":1,\"name\":\"Portada\",\"item\":\"https:\\\/\\\/exaudi.org\\\/es\\\/\"},{\"@type\":\"ListItem\",\"position\":2,\"name\":\"Simposio Teol\u00f3gico Internacional: Conferencia de presentaci\u00f3n\"}]},{\"@type\":\"WebSite\",\"@id\":\"https:\\\/\\\/exaudi.org\\\/#website\",\"url\":\"https:\\\/\\\/exaudi.org\\\/\",\"name\":\"Exaudi\",\"description\":\"News\",\"potentialAction\":[{\"@type\":\"SearchAction\",\"target\":{\"@type\":\"EntryPoint\",\"urlTemplate\":\"https:\\\/\\\/exaudi.org\\\/?s={search_term_string}\"},\"query-input\":{\"@type\":\"PropertyValueSpecification\",\"valueRequired\":true,\"valueName\":\"search_term_string\"}}],\"inLanguage\":\"es\"},{\"@type\":\"Person\",\"@id\":\"https:\\\/\\\/exaudi.org\\\/#\\\/schema\\\/person\\\/d134b96438278131ce90c90c03fda6cd\",\"name\":\"Gabriel Sales\",\"image\":{\"@type\":\"ImageObject\",\"inLanguage\":\"es\",\"@id\":\"https:\\\/\\\/secure.gravatar.com\\\/avatar\\\/9b1269566f6a063ed26ffb3532b66a373cdde231ce5d0effb266167437fdaffd?s=96&d=mm&r=g\",\"url\":\"https:\\\/\\\/secure.gravatar.com\\\/avatar\\\/9b1269566f6a063ed26ffb3532b66a373cdde231ce5d0effb266167437fdaffd?s=96&d=mm&r=g\",\"contentUrl\":\"https:\\\/\\\/secure.gravatar.com\\\/avatar\\\/9b1269566f6a063ed26ffb3532b66a373cdde231ce5d0effb266167437fdaffd?s=96&d=mm&r=g\",\"caption\":\"Gabriel Sales\"},\"description\":\"Periodista y especialista en Comunicaci\u00f3n y Branding digital. Cin\u00e9filo y cr\u00edtico de cine y series de televisi\u00f3n.\",\"sameAs\":[\"https:\\\/\\\/www.instagram.com\\\/cine90segundos\\\/\",\"www.linkedin.com\\\/in\\\/habemusman\",\"https:\\\/\\\/x.com\\\/habemusman\",\"https:\\\/\\\/www.youtube.com\\\/channel\\\/UCVfCiOMkJ_C7T7OpyjuaLDg\"],\"url\":\"https:\\\/\\\/exaudi.org\\\/es\\\/author\\\/gsalesexaudi-org\\\/\"}]}<\/script>\n<!-- \/ Yoast SEO plugin. -->","yoast_head_json":{"title":"Simposio Teol\u00f3gico Internacional: Conferencia de presentaci\u00f3n - Exaudi","description":"La ma\u00f1ana de hoy ha sido la Conferencia de presentaci\u00f3n del Simposio Teol\u00f3gico Internacional\u00a0'Por una teolog\u00eda fundamental del sacerdocio'.","robots":{"index":"index","follow":"follow","max-snippet":"max-snippet:-1","max-image-preview":"max-image-preview:large","max-video-preview":"max-video-preview:-1"},"canonical":"https:\/\/exaudi.org\/es\/simposio-teologico-internacional-conferencia-de-presentacion\/","og_locale":"es_ES","og_type":"article","og_title":"Simposio Teol\u00f3gico Internacional: Conferencia de presentaci\u00f3n - Exaudi","og_description":"La ma\u00f1ana de hoy ha sido la Conferencia de presentaci\u00f3n del Simposio Teol\u00f3gico Internacional\u00a0'Por una teolog\u00eda fundamental del sacerdocio'.","og_url":"https:\/\/exaudi.org\/es\/simposio-teologico-internacional-conferencia-de-presentacion\/","og_site_name":"Exaudi","article_publisher":"https:\/\/www.facebook.com\/ExaudiNews","article_published_time":"2021-04-12T13:27:23+00:00","article_modified_time":"2021-04-12T21:17:36+00:00","og_image":[{"width":2560,"height":1709,"url":"https:\/\/exaudi.org\/wp-content\/uploads\/2021\/04\/cathopic_1515689216174536-scaled.jpg","type":"image\/jpeg"}],"author":"Gabriel Sales","twitter_card":"summary_large_image","twitter_creator":"@habemusman","twitter_site":"@Exaudi_News","twitter_misc":{"Escrito por":"Gabriel Sales","Tiempo de lectura":"8 minutos"},"schema":{"@context":"https:\/\/schema.org","@graph":[{"@type":"Article","@id":"https:\/\/exaudi.org\/es\/simposio-teologico-internacional-conferencia-de-presentacion\/#article","isPartOf":{"@id":"https:\/\/exaudi.org\/es\/simposio-teologico-internacional-conferencia-de-presentacion\/"},"author":{"name":"Gabriel Sales","@id":"https:\/\/exaudi.org\/#\/schema\/person\/d134b96438278131ce90c90c03fda6cd"},"headline":"Simposio Teol\u00f3gico Internacional: Conferencia de presentaci\u00f3n","datePublished":"2021-04-12T13:27:23+00:00","dateModified":"2021-04-12T21:17:36+00:00","mainEntityOfPage":{"@id":"https:\/\/exaudi.org\/es\/simposio-teologico-internacional-conferencia-de-presentacion\/"},"wordCount":1773,"image":{"@id":"https:\/\/exaudi.org\/es\/simposio-teologico-internacional-conferencia-de-presentacion\/#primaryimage"},"thumbnailUrl":"https:\/\/exaudi.org\/wp-content\/uploads\/2021\/04\/cathopic_1515689216174536-scaled.jpg","keywords":["Conferencia de presentaci\u00f3n","Congregaci\u00f3n para los Obispos","Sacerdocio","Simposio Teol\u00f3gico Internacional"],"articleSection":["Featured News"],"inLanguage":"es"},{"@type":"WebPage","@id":"https:\/\/exaudi.org\/es\/simposio-teologico-internacional-conferencia-de-presentacion\/","url":"https:\/\/exaudi.org\/es\/simposio-teologico-internacional-conferencia-de-presentacion\/","name":"Simposio Teol\u00f3gico Internacional: Conferencia de presentaci\u00f3n - Exaudi","isPartOf":{"@id":"https:\/\/exaudi.org\/#website"},"primaryImageOfPage":{"@id":"https:\/\/exaudi.org\/es\/simposio-teologico-internacional-conferencia-de-presentacion\/#primaryimage"},"image":{"@id":"https:\/\/exaudi.org\/es\/simposio-teologico-internacional-conferencia-de-presentacion\/#primaryimage"},"thumbnailUrl":"https:\/\/exaudi.org\/wp-content\/uploads\/2021\/04\/cathopic_1515689216174536-scaled.jpg","datePublished":"2021-04-12T13:27:23+00:00","dateModified":"2021-04-12T21:17:36+00:00","author":{"@id":"https:\/\/exaudi.org\/#\/schema\/person\/d134b96438278131ce90c90c03fda6cd"},"description":"La ma\u00f1ana de hoy ha sido la Conferencia de presentaci\u00f3n del Simposio Teol\u00f3gico Internacional\u00a0'Por una teolog\u00eda fundamental del sacerdocio'.","breadcrumb":{"@id":"https:\/\/exaudi.org\/es\/simposio-teologico-internacional-conferencia-de-presentacion\/#breadcrumb"},"inLanguage":"es","potentialAction":[{"@type":"ReadAction","target":["https:\/\/exaudi.org\/es\/simposio-teologico-internacional-conferencia-de-presentacion\/"]}]},{"@type":"ImageObject","inLanguage":"es","@id":"https:\/\/exaudi.org\/es\/simposio-teologico-internacional-conferencia-de-presentacion\/#primaryimage","url":"https:\/\/exaudi.org\/wp-content\/uploads\/2021\/04\/cathopic_1515689216174536-scaled.jpg","contentUrl":"https:\/\/exaudi.org\/wp-content\/uploads\/2021\/04\/cathopic_1515689216174536-scaled.jpg","width":2560,"height":1709,"caption":"Ordenaci\u00f3n sacerdotal \u00a9 Cathopic"},{"@type":"BreadcrumbList","@id":"https:\/\/exaudi.org\/es\/simposio-teologico-internacional-conferencia-de-presentacion\/#breadcrumb","itemListElement":[{"@type":"ListItem","position":1,"name":"Portada","item":"https:\/\/exaudi.org\/es\/"},{"@type":"ListItem","position":2,"name":"Simposio Teol\u00f3gico Internacional: Conferencia de presentaci\u00f3n"}]},{"@type":"WebSite","@id":"https:\/\/exaudi.org\/#website","url":"https:\/\/exaudi.org\/","name":"Exaudi","description":"News","potentialAction":[{"@type":"SearchAction","target":{"@type":"EntryPoint","urlTemplate":"https:\/\/exaudi.org\/?s={search_term_string}"},"query-input":{"@type":"PropertyValueSpecification","valueRequired":true,"valueName":"search_term_string"}}],"inLanguage":"es"},{"@type":"Person","@id":"https:\/\/exaudi.org\/#\/schema\/person\/d134b96438278131ce90c90c03fda6cd","name":"Gabriel Sales","image":{"@type":"ImageObject","inLanguage":"es","@id":"https:\/\/secure.gravatar.com\/avatar\/9b1269566f6a063ed26ffb3532b66a373cdde231ce5d0effb266167437fdaffd?s=96&d=mm&r=g","url":"https:\/\/secure.gravatar.com\/avatar\/9b1269566f6a063ed26ffb3532b66a373cdde231ce5d0effb266167437fdaffd?s=96&d=mm&r=g","contentUrl":"https:\/\/secure.gravatar.com\/avatar\/9b1269566f6a063ed26ffb3532b66a373cdde231ce5d0effb266167437fdaffd?s=96&d=mm&r=g","caption":"Gabriel Sales"},"description":"Periodista y especialista en Comunicaci\u00f3n y Branding digital. Cin\u00e9filo y cr\u00edtico de cine y series de televisi\u00f3n.","sameAs":["https:\/\/www.instagram.com\/cine90segundos\/","www.linkedin.com\/in\/habemusman","https:\/\/x.com\/habemusman","https:\/\/www.youtube.com\/channel\/UCVfCiOMkJ_C7T7OpyjuaLDg"],"url":"https:\/\/exaudi.org\/es\/author\/gsalesexaudi-org\/"}]}},"jetpack_featured_media_url":"https:\/\/exaudi.org\/wp-content\/uploads\/2021\/04\/cathopic_1515689216174536-scaled.jpg","jetpack_shortlink":"https:\/\/wp.me\/pgKjF2-2U4","_links":{"self":[{"href":"https:\/\/exaudi.org\/es\/wp-json\/wp\/v2\/posts\/11164","targetHints":{"allow":["GET"]}}],"collection":[{"href":"https:\/\/exaudi.org\/es\/wp-json\/wp\/v2\/posts"}],"about":[{"href":"https:\/\/exaudi.org\/es\/wp-json\/wp\/v2\/types\/post"}],"author":[{"embeddable":true,"href":"https:\/\/exaudi.org\/es\/wp-json\/wp\/v2\/users\/6"}],"replies":[{"embeddable":true,"href":"https:\/\/exaudi.org\/es\/wp-json\/wp\/v2\/comments?post=11164"}],"version-history":[{"count":0,"href":"https:\/\/exaudi.org\/es\/wp-json\/wp\/v2\/posts\/11164\/revisions"}],"wp:featuredmedia":[{"embeddable":true,"href":"https:\/\/exaudi.org\/es\/wp-json\/wp\/v2\/media\/11185"}],"wp:attachment":[{"href":"https:\/\/exaudi.org\/es\/wp-json\/wp\/v2\/media?parent=11164"}],"wp:term":[{"taxonomy":"category","embeddable":true,"href":"https:\/\/exaudi.org\/es\/wp-json\/wp\/v2\/categories?post=11164"},{"taxonomy":"post_tag","embeddable":true,"href":"https:\/\/exaudi.org\/es\/wp-json\/wp\/v2\/tags?post=11164"}],"curies":[{"name":"wp","href":"https:\/\/api.w.org\/{rel}","templated":true}]}}