{"id":111604,"date":"2024-10-27T10:49:14","date_gmt":"2024-10-27T09:49:14","guid":{"rendered":"https:\/\/exaudi.org\/?p=111604"},"modified":"2024-10-27T10:56:58","modified_gmt":"2024-10-27T09:56:58","slug":"el-papa-el-sinodo-un-don-del-espiritu-ahora-pasar-de-las-palabras-a-los-hechos","status":"publish","type":"post","link":"https:\/\/exaudi.org\/es\/el-papa-el-sinodo-un-don-del-espiritu-ahora-pasar-de-las-palabras-a-los-hechos\/","title":{"rendered":"El Papa: El S\u00ednodo, un don del Esp\u00edritu, ahora pasar de las palabras a los hechos"},"content":{"rendered":"<div class=\"article__subTitle\">La tarde de este s\u00e1bado, 26 de octubre, en su discurso conclusivo a la XVI Asamblea General Ordinaria del S\u00ednodo, el Santo Padre anunci\u00f3 su intenci\u00f3n de \u201cno publicar\u201d una Exhortaci\u00f3n Apost\u00f3lica Postsinodal, porque en el Documento \u201chay ya indicaciones muy concretas que pueden ser una gu\u00eda para la misi\u00f3n de las Iglesias\u201d, por eso lo pone a \u201cdisposici\u00f3n de todos\u201d y al entreg\u00e1rselo al santo Pueblo de Dios, quiere \u201creconocer el valor del camino sinodal realizado\u201d.<\/div>\n<p>Publicamos a continuaci\u00f3n el saludo que ha pronunciado el Papa Francisco<\/p>\n<p>***<\/p>\n<h3><strong>Saludo del Papa<\/strong><\/h3>\n<p><i>Queridos hermanos y hermanas:<\/i><\/p>\n<p>Con el\u00a0<i>Documento Final\u00a0<\/i>hemos recogido el fruto de a\u00f1os, tres por lo menos, en los cuales nos hemos puesto a la escucha del Pueblo de Dios para comprender mejor c\u00f3mo ser \u201cIglesia sinodal\u201d \u2014se trata de la escucha del Esp\u00edritu Santo\u2014 en el tiempo presente. Las referencias b\u00edblicas que abren cada cap\u00edtulo disponen el mensaje confront\u00e1ndolo con los gestos y las palabras del Se\u00f1or resucitado que nos llama a ser testigos de su Evangelio, antes con la vida que con las palabras.<\/p>\n<p>El\u00a0<i>Documento\u00a0<\/i>sobre el que hemos expresado nuestro voto es un triple regalo:<\/p>\n<p>1. Un regalo primero para m\u00ed, Obispo de Roma \u2014que al convocar a la Iglesia de Dios en S\u00ednodo era consciente de tener necesidad de ustedes, obispos y testigos del camino sinodal. Gracias\u2014.<\/p>\n<p>Pues tambi\u00e9n el Obispo de Roma \u2014me lo recuerdo a m\u00ed mismo y a ustedes\u2014 necesita poner en pr\u00e1ctica la escucha, es m\u00e1s, quiere hacerlo, para poder responder a la Palabra que cada d\u00eda le repite: \u201cConfirma a tus hermanos y a tus hermanas\u2026 Apacienta mis ovejas\u201d.<\/p>\n<p><img data-recalc-dims=\"1\" fetchpriority=\"high\" decoding=\"async\" class=\"size-medium wp-image-111608 alignleft\" src=\"https:\/\/i0.wp.com\/exaudi.org\/wp-content\/uploads\/2024\/10\/cq5dam.web_.800.800-84.jpeg?resize=300%2C200&#038;ssl=1\" alt=\"\" width=\"300\" height=\"200\" srcset=\"https:\/\/i0.wp.com\/exaudi.org\/wp-content\/uploads\/2024\/10\/cq5dam.web_.800.800-84.jpeg?resize=300%2C200&amp;ssl=1 300w, https:\/\/i0.wp.com\/exaudi.org\/wp-content\/uploads\/2024\/10\/cq5dam.web_.800.800-84.jpeg?resize=770%2C513&amp;ssl=1 770w, https:\/\/i0.wp.com\/exaudi.org\/wp-content\/uploads\/2024\/10\/cq5dam.web_.800.800-84.jpeg?resize=360%2C240&amp;ssl=1 360w, https:\/\/i0.wp.com\/exaudi.org\/wp-content\/uploads\/2024\/10\/cq5dam.web_.800.800-84.jpeg?resize=500%2C333&amp;ssl=1 500w, https:\/\/i0.wp.com\/exaudi.org\/wp-content\/uploads\/2024\/10\/cq5dam.web_.800.800-84.jpeg?resize=370%2C247&amp;ssl=1 370w, https:\/\/i0.wp.com\/exaudi.org\/wp-content\/uploads\/2024\/10\/cq5dam.web_.800.800-84.jpeg?resize=293%2C195&amp;ssl=1 293w, https:\/\/i0.wp.com\/exaudi.org\/wp-content\/uploads\/2024\/10\/cq5dam.web_.800.800-84.jpeg?resize=120%2C80&amp;ssl=1 120w, https:\/\/i0.wp.com\/exaudi.org\/wp-content\/uploads\/2024\/10\/cq5dam.web_.800.800-84.jpeg?resize=240%2C160&amp;ssl=1 240w, https:\/\/i0.wp.com\/exaudi.org\/wp-content\/uploads\/2024\/10\/cq5dam.web_.800.800-84.jpeg?resize=390%2C260&amp;ssl=1 390w, https:\/\/i0.wp.com\/exaudi.org\/wp-content\/uploads\/2024\/10\/cq5dam.web_.800.800-84.jpeg?w=800&amp;ssl=1 800w\" sizes=\"(max-width: 300px) 100vw, 300px\" \/>Mi tarea, como bien saben, es custodiar y promover \u2014como nos ense\u00f1a san Basilio\u2014 la armon\u00eda que el Esp\u00edritu sigue difundiendo en la Iglesia de Dios, en las relaciones entre las Iglesias, no obstante todos los esfuerzos, tensiones y divisiones que caracterizan su camino hacia la plena manifestaci\u00f3n del Reino de Dios, que la visi\u00f3n del profeta Isa\u00edas nos invita a imaginar como un banquete preparado por Dios para todos los pueblos. Todos, con la esperanza de que no falte ninguno. Todos, todos. Que nadie quede fuera, todos. Y la palabra clave es esta: la armon\u00eda. Lo que hace el Esp\u00edritu Santo, su primera manifestaci\u00f3n fuerte en la ma\u00f1ana de Pentecost\u00e9s, es armonizar todas las diferencias, la diversidad de lenguas. Armon\u00eda. Y esto es lo que ense\u00f1a el\u00a0<a href=\"https:\/\/www.vatican.va\/archive\/hist_councils\/ii_vatican_council\/index_sp.htm\">Concilio Vaticano II<\/a>\u00a0cuando dice que la Iglesia es \u201ccomo un sacramento\u201d, que es signo e instrumento de la espera de Dios, que ya ha preparado la mesa y est\u00e1 esperando. Su gracia, a trav\u00e9s de su Esp\u00edritu, susurra palabras de amor en el coraz\u00f3n de cada uno. A nosotros se nos concede amplificar la voz de este susurro sin obstaculizarlo; para que abramos puertas sin levantar muros. \u00a1Cu\u00e1nto mal hacen las mujeres y los hombres de Iglesia cuando ponen muros, cu\u00e1nto mal! Todos, todos. No debemos comportarnos como \u201cdispensadores de la gracia\u201d que se apropian del tesoro atando las manos del Dios misericordioso. Recuerden que comenzamos esta Asamblea sinodal pidiendo perd\u00f3n, sintiendo verg\u00fcenza, reconociendo que todos hemos sido misericordiados.<\/p>\n<p>Hay una poes\u00eda de Madeleine Delbr\u00eal, la m\u00edstica de las periferias, que exhortaba, sobre todo, a \u00abno mostrarse r\u00edgido\u00bb \u2014la rigidez es un pecado, es un pecado que a veces entra en los cl\u00e9rigos, en los consagrados, en las consagradas\u2014. Les leo algunos versos de MadeleineDelbr\u00eal, que son una oraci\u00f3n. Ella dice as\u00ed:<\/p>\n<p><i>Porque pienso que debes estar cansado<br \/>\nde gente que hable siempre de servirte<br \/>\ncon aire de capitanes;<br \/>\nde conocerte con \u00ednfulas de profesor;<br \/>\nde alcanzarte a trav\u00e9s de reglas del deporte;<br \/>\nde amarte como se ama un viejo matrimonio.<br \/>\n<\/i>[\u2026]<i><br \/>\nHaznos vivir nuestra vida,<br \/>\nno como un juego de ajedrez en el que todo se calcula,<br \/>\nno como un partido en el que todo es dif\u00edcil,<br \/>\nno como un teorema que nos rompe la cabeza,<br \/>\nsino como una fiesta sin fin<br \/>\ndonde se renueva el encuentro contigo,<br \/>\ncomo un baile, como una danza entre los brazos de tu gracia,<br \/>\ncon la m\u00fasica universal del amor.<\/i><\/p>\n<p>Estos versos pueden convertirse en la m\u00fasica de fondo para acoger el\u00a0<i>Documento<\/i>\u00a0<i>Final<\/i>. Y ahora, a la luz de lo que ha surgido del camino sinodal, hay y habr\u00e1 decisiones que tomar.<\/p>\n<p>En este tiempo de guerras, debemos ser testigos de paz, aprendiendo tambi\u00e9n a dar forma real a la convivencia de las diferencias.<\/p>\n<p>Por eso no pretendo publicar una \u201cexhortaci\u00f3n apost\u00f3lica\u201d, basta con lo que se ha aprobado. En el\u00a0<i>Documento<\/i>\u00a0hay ya indicaciones muy concretas que pueden ser una gu\u00eda para la misi\u00f3n de las Iglesias, en los diversos continentes, en los diferentes contextos, por eso lo pongo ahora a disposici\u00f3n de todos, por eso he dicho que se publique. Quiero, de este modo, reconocer el valor del camino sinodal realizado, que con este\u00a0<i>Documento<\/i>\u00a0entrego al santo Pueblo fiel de Dios.<\/p>\n<p>Sobre algunos aspectos de la vida de la Iglesia se\u00f1alados en el\u00a0<i>Documento<\/i>, as\u00ed como sobre los temas confiados a los diez \u201cGrupos de Estudio\u201d que deben trabajar con libertad, para que me ofrezcan propuestas, se necesita tiempo, a fin de llegar a opciones que impliquen a toda la Iglesia. Yo, pues, seguir\u00e9 a la escucha de los obispos y de las Iglesias a ellos confiadas.<\/p>\n<p>Esto no se trata del modo cl\u00e1sico para postergar al infinito las decisiones. Es lo que corresponde al estilo sinodal con el que tambi\u00e9n el ministerio petrino se ejercita: escuchar, convocar, discernir, decidir y evaluar. Y en estos pasos son necesarias las pausas, los silencios, la oraci\u00f3n. Es un estilo que estamos aprendiendo juntos, poco a poco. El Esp\u00edritu Santo nos llama y nos sostiene en este aprendizaje, que debemos comprender como proceso de conversi\u00f3n.<\/p>\n<p>La Secretar\u00eda General del S\u00ednodo y todos los Dicasterios de la Curia me ayudar\u00e1n en esta tarea.<\/p>\n<p>2. El\u00a0<i>Documento<\/i>\u00a0es un regalo para todo el Pueblo fiel de Dios, en la variedad de sus expresiones. Es obvio que no todos se pondr\u00e1n a leerlo; ser\u00e1n sobre todo ustedes, junto con tantos otros, los que hagan accesible su contenido en las Iglesias locales. El texto, sin el testimonio de la experiencia realizada, perder\u00eda mucho de su valor.<\/p>\n<p>3. Queridos hermanos y hermanas, lo que hemos vivido es un regalo que no podemos guardar s\u00f3lo para nosotros. El impulso que proviene de esta experiencia, de la cual el\u00a0<i>Documento<\/i>\u00a0es un reflejo, nos da la valent\u00eda de testimoniar que es posible caminar juntos en la diversidad, sin condenarnos el uno al otro.<\/p>\n<p><img data-recalc-dims=\"1\" decoding=\"async\" class=\"size-medium wp-image-111605 alignright\" src=\"https:\/\/i0.wp.com\/exaudi.org\/wp-content\/uploads\/2024\/10\/cq5dam.web_.800.800-83.jpeg?resize=300%2C200&#038;ssl=1\" alt=\"\" width=\"300\" height=\"200\" srcset=\"https:\/\/i0.wp.com\/exaudi.org\/wp-content\/uploads\/2024\/10\/cq5dam.web_.800.800-83.jpeg?resize=300%2C200&amp;ssl=1 300w, https:\/\/i0.wp.com\/exaudi.org\/wp-content\/uploads\/2024\/10\/cq5dam.web_.800.800-83.jpeg?resize=770%2C513&amp;ssl=1 770w, https:\/\/i0.wp.com\/exaudi.org\/wp-content\/uploads\/2024\/10\/cq5dam.web_.800.800-83.jpeg?resize=360%2C240&amp;ssl=1 360w, https:\/\/i0.wp.com\/exaudi.org\/wp-content\/uploads\/2024\/10\/cq5dam.web_.800.800-83.jpeg?resize=500%2C333&amp;ssl=1 500w, https:\/\/i0.wp.com\/exaudi.org\/wp-content\/uploads\/2024\/10\/cq5dam.web_.800.800-83.jpeg?resize=370%2C247&amp;ssl=1 370w, https:\/\/i0.wp.com\/exaudi.org\/wp-content\/uploads\/2024\/10\/cq5dam.web_.800.800-83.jpeg?resize=293%2C195&amp;ssl=1 293w, https:\/\/i0.wp.com\/exaudi.org\/wp-content\/uploads\/2024\/10\/cq5dam.web_.800.800-83.jpeg?resize=120%2C80&amp;ssl=1 120w, https:\/\/i0.wp.com\/exaudi.org\/wp-content\/uploads\/2024\/10\/cq5dam.web_.800.800-83.jpeg?resize=240%2C160&amp;ssl=1 240w, https:\/\/i0.wp.com\/exaudi.org\/wp-content\/uploads\/2024\/10\/cq5dam.web_.800.800-83.jpeg?resize=390%2C260&amp;ssl=1 390w, https:\/\/i0.wp.com\/exaudi.org\/wp-content\/uploads\/2024\/10\/cq5dam.web_.800.800-83.jpeg?w=800&amp;ssl=1 800w\" sizes=\"(max-width: 300px) 100vw, 300px\" \/>Venimos de todas las partes del mundo, marcados por la violencia, la pobreza, la indiferencia. Juntos, con la esperanza que no defrauda, unidos en el amor de Dios derramado en nuestros corazones, podemos no s\u00f3lo so\u00f1ar con la paz sino comprometernos con todas nuestras fuerzas para que, quiz\u00e1 sin hablar tanto de sinodalidad, la paz se realice por medio de procesos de escucha, di\u00e1logo y reconciliaci\u00f3n. La Iglesia sinodal para la misi\u00f3n, ahora necesita que las palabras compartidas vayan acompa\u00f1adas por hechos. Este es el camino.<\/p>\n<p>Todo esto es don del Esp\u00edritu Santo:\u00a0<i>\u00c9l es quien crea la armon\u00eda, \u00c9l es la armon\u00eda<\/i>. San Basilio tiene una hermosa teolog\u00eda al respecto; si pueden, lean el tratado de San Basilio sobre el Esp\u00edritu Santo. \u00c9l es la armon\u00eda. Hermanos y hermanas, que la armon\u00eda tambi\u00e9n contin\u00fae saliendo de esta aula y el Soplo del Resucitado nos ayude a compartir los dones recibidos.<\/p>\n<p>Y recuerden \u2014son a\u00fan palabras de Madeleine Delbr\u00eal\u2014 che \u00abhay lugares donde sopla el Esp\u00edritu, pero hay un Esp\u00edritu que sopla en todos los lugares\u00bb.<\/p>\n<p>Quisiera agradecerles a todos ustedes, y darnos las gracias entre nosotros. Doy las gracias al cardenal Grech y al cardenal Hollerich por el trabajo que han realizado, a los dos secretarios, Nathalie y San Mart\u00edn \u2014\u00a1lo han hecho muy bien!\u2014, a Don Batocchio y al Padre Costa que nos han ayudado mucho. Saludo a todos los que han trabajado tras bambalinas, sin los cuales no habr\u00edamos podido hacer todo esto. \u00a1Muchas gracias! Que el Se\u00f1or los bendiga. Recemos unos por otros. Gracias.<\/p>\n","protected":false},"excerpt":{"rendered":"<p>Saludo final del Santo Padre Francisco<\/p>\n","protected":false},"author":15,"featured_media":111611,"comment_status":"closed","ping_status":"closed","sticky":false,"template":"","format":"standard","meta":{"_acf_changed":false,"inline_featured_image":false,"_wpcom_ai_launchpad_first_post":false,"footnotes":"","jetpack_post_was_ever_published":false},"categories":[68],"tags":[523,15007,4460,4953,9483],"class_list":["post-111604","post","type-post","status-publish","format-standard","has-post-thumbnail","hentry","category-leon-xiv","tag-saludo","tag-santo-padre","tag-sinodo-es","tag-trending-es","tag-xvi-asamblea-general-ordinaria"],"acf":[],"yoast_head":"<!-- This site is optimized with the Yoast SEO plugin v28.4 - https:\/\/yoast.com\/product\/yoast-seo-wordpress\/ -->\n<title>El Papa: El S\u00ednodo, un don del Esp\u00edritu, ahora pasar de las palabras a los hechos &#8211; Exaudi<\/title>\n<meta name=\"robots\" content=\"index, follow, max-snippet:-1, max-image-preview:large, max-video-preview:-1\" \/>\n<link rel=\"canonical\" href=\"https:\/\/exaudi.org\/es\/el-papa-el-sinodo-un-don-del-espiritu-ahora-pasar-de-las-palabras-a-los-hechos\/\" \/>\n<meta property=\"og:locale\" content=\"es_ES\" \/>\n<meta property=\"og:type\" content=\"article\" \/>\n<meta property=\"og:title\" content=\"El Papa: El S\u00ednodo, un don del Esp\u00edritu, ahora pasar de las palabras a los hechos &#8211; Exaudi\" \/>\n<meta property=\"og:description\" content=\"Saludo final del Santo Padre Francisco\" \/>\n<meta property=\"og:url\" content=\"https:\/\/exaudi.org\/es\/el-papa-el-sinodo-un-don-del-espiritu-ahora-pasar-de-las-palabras-a-los-hechos\/\" \/>\n<meta property=\"og:site_name\" content=\"Exaudi\" \/>\n<meta property=\"article:publisher\" content=\"https:\/\/www.facebook.com\/ExaudiNews\" \/>\n<meta property=\"article:author\" content=\"https:\/\/www.facebook.com\/ExaudiNoticias\/\" \/>\n<meta property=\"article:published_time\" content=\"2024-10-27T09:49:14+00:00\" \/>\n<meta property=\"article:modified_time\" content=\"2024-10-27T09:56:58+00:00\" \/>\n<meta property=\"og:image\" content=\"https:\/\/exaudi.org\/wp-content\/uploads\/2024\/10\/cq5dam.web_.800.800-85.jpeg\" \/>\n\t<meta property=\"og:image:width\" content=\"800\" \/>\n\t<meta property=\"og:image:height\" content=\"533\" \/>\n\t<meta property=\"og:image:type\" content=\"image\/jpeg\" \/>\n<meta name=\"author\" content=\"Exaudi Redacci\u00f3n\" \/>\n<meta name=\"twitter:card\" content=\"summary_large_image\" \/>\n<meta name=\"twitter:creator\" content=\"@Exaudi_noticias\" \/>\n<meta name=\"twitter:site\" content=\"@Exaudi_News\" \/>\n<meta name=\"twitter:label1\" content=\"Escrito por\" \/>\n\t<meta name=\"twitter:data1\" content=\"Exaudi Redacci\u00f3n\" \/>\n\t<meta name=\"twitter:label2\" content=\"Tiempo de lectura\" \/>\n\t<meta name=\"twitter:data2\" content=\"7 minutos\" \/>\n<script type=\"application\/ld+json\" class=\"yoast-schema-graph\">{\"@context\":\"https:\\\/\\\/schema.org\",\"@graph\":[{\"@type\":\"Article\",\"@id\":\"https:\\\/\\\/exaudi.org\\\/es\\\/el-papa-el-sinodo-un-don-del-espiritu-ahora-pasar-de-las-palabras-a-los-hechos\\\/#article\",\"isPartOf\":{\"@id\":\"https:\\\/\\\/exaudi.org\\\/es\\\/el-papa-el-sinodo-un-don-del-espiritu-ahora-pasar-de-las-palabras-a-los-hechos\\\/\"},\"author\":{\"name\":\"Exaudi Redacci\u00f3n\",\"@id\":\"https:\\\/\\\/exaudi.org\\\/#\\\/schema\\\/person\\\/f5fc8f063065e38742da7afe15f25df7\"},\"headline\":\"El Papa: El S\u00ednodo, un don del Esp\u00edritu, ahora pasar de las palabras a los hechos\",\"datePublished\":\"2024-10-27T09:49:14+00:00\",\"dateModified\":\"2024-10-27T09:56:58+00:00\",\"mainEntityOfPage\":{\"@id\":\"https:\\\/\\\/exaudi.org\\\/es\\\/el-papa-el-sinodo-un-don-del-espiritu-ahora-pasar-de-las-palabras-a-los-hechos\\\/\"},\"wordCount\":1450,\"image\":{\"@id\":\"https:\\\/\\\/exaudi.org\\\/es\\\/el-papa-el-sinodo-un-don-del-espiritu-ahora-pasar-de-las-palabras-a-los-hechos\\\/#primaryimage\"},\"thumbnailUrl\":\"https:\\\/\\\/i0.wp.com\\\/exaudi.org\\\/wp-content\\\/uploads\\\/2024\\\/10\\\/cq5dam.web_.800.800-85.jpeg?fit=800%2C533&ssl=1\",\"keywords\":[\"Saludo\",\"Santo Padre\",\"Sinodo\",\"Trending\",\"XVI Asamblea General Ordinaria\"],\"articleSection\":[\"Le\u00f3n XIV\"],\"inLanguage\":\"es\"},{\"@type\":\"WebPage\",\"@id\":\"https:\\\/\\\/exaudi.org\\\/es\\\/el-papa-el-sinodo-un-don-del-espiritu-ahora-pasar-de-las-palabras-a-los-hechos\\\/\",\"url\":\"https:\\\/\\\/exaudi.org\\\/es\\\/el-papa-el-sinodo-un-don-del-espiritu-ahora-pasar-de-las-palabras-a-los-hechos\\\/\",\"name\":\"El Papa: El S\u00ednodo, un don del Esp\u00edritu, ahora pasar de las palabras a los hechos &#8211; Exaudi\",\"isPartOf\":{\"@id\":\"https:\\\/\\\/exaudi.org\\\/#website\"},\"primaryImageOfPage\":{\"@id\":\"https:\\\/\\\/exaudi.org\\\/es\\\/el-papa-el-sinodo-un-don-del-espiritu-ahora-pasar-de-las-palabras-a-los-hechos\\\/#primaryimage\"},\"image\":{\"@id\":\"https:\\\/\\\/exaudi.org\\\/es\\\/el-papa-el-sinodo-un-don-del-espiritu-ahora-pasar-de-las-palabras-a-los-hechos\\\/#primaryimage\"},\"thumbnailUrl\":\"https:\\\/\\\/i0.wp.com\\\/exaudi.org\\\/wp-content\\\/uploads\\\/2024\\\/10\\\/cq5dam.web_.800.800-85.jpeg?fit=800%2C533&ssl=1\",\"datePublished\":\"2024-10-27T09:49:14+00:00\",\"dateModified\":\"2024-10-27T09:56:58+00:00\",\"author\":{\"@id\":\"https:\\\/\\\/exaudi.org\\\/#\\\/schema\\\/person\\\/f5fc8f063065e38742da7afe15f25df7\"},\"breadcrumb\":{\"@id\":\"https:\\\/\\\/exaudi.org\\\/es\\\/el-papa-el-sinodo-un-don-del-espiritu-ahora-pasar-de-las-palabras-a-los-hechos\\\/#breadcrumb\"},\"inLanguage\":\"es\",\"potentialAction\":[{\"@type\":\"ReadAction\",\"target\":[\"https:\\\/\\\/exaudi.org\\\/es\\\/el-papa-el-sinodo-un-don-del-espiritu-ahora-pasar-de-las-palabras-a-los-hechos\\\/\"]}]},{\"@type\":\"ImageObject\",\"inLanguage\":\"es\",\"@id\":\"https:\\\/\\\/exaudi.org\\\/es\\\/el-papa-el-sinodo-un-don-del-espiritu-ahora-pasar-de-las-palabras-a-los-hechos\\\/#primaryimage\",\"url\":\"https:\\\/\\\/i0.wp.com\\\/exaudi.org\\\/wp-content\\\/uploads\\\/2024\\\/10\\\/cq5dam.web_.800.800-85.jpeg?fit=800%2C533&ssl=1\",\"contentUrl\":\"https:\\\/\\\/i0.wp.com\\\/exaudi.org\\\/wp-content\\\/uploads\\\/2024\\\/10\\\/cq5dam.web_.800.800-85.jpeg?fit=800%2C533&ssl=1\",\"width\":800,\"height\":533},{\"@type\":\"BreadcrumbList\",\"@id\":\"https:\\\/\\\/exaudi.org\\\/es\\\/el-papa-el-sinodo-un-don-del-espiritu-ahora-pasar-de-las-palabras-a-los-hechos\\\/#breadcrumb\",\"itemListElement\":[{\"@type\":\"ListItem\",\"position\":1,\"name\":\"Portada\",\"item\":\"https:\\\/\\\/exaudi.org\\\/es\\\/\"},{\"@type\":\"ListItem\",\"position\":2,\"name\":\"El Papa: El S\u00ednodo, un don del Esp\u00edritu, ahora pasar de las palabras a los hechos\"}]},{\"@type\":\"WebSite\",\"@id\":\"https:\\\/\\\/exaudi.org\\\/#website\",\"url\":\"https:\\\/\\\/exaudi.org\\\/\",\"name\":\"Exaudi\",\"description\":\"News\",\"potentialAction\":[{\"@type\":\"SearchAction\",\"target\":{\"@type\":\"EntryPoint\",\"urlTemplate\":\"https:\\\/\\\/exaudi.org\\\/?s={search_term_string}\"},\"query-input\":{\"@type\":\"PropertyValueSpecification\",\"valueRequired\":true,\"valueName\":\"search_term_string\"}}],\"inLanguage\":\"es\"},{\"@type\":\"Person\",\"@id\":\"https:\\\/\\\/exaudi.org\\\/#\\\/schema\\\/person\\\/f5fc8f063065e38742da7afe15f25df7\",\"name\":\"Exaudi Redacci\u00f3n\",\"image\":{\"@type\":\"ImageObject\",\"inLanguage\":\"es\",\"@id\":\"https:\\\/\\\/secure.gravatar.com\\\/avatar\\\/fe0f6a059fb68d9b3e11bc5850dd4899b1c7492091a3cb6dd9b01b56ad828be2?s=96&d=mm&r=g\",\"url\":\"https:\\\/\\\/secure.gravatar.com\\\/avatar\\\/fe0f6a059fb68d9b3e11bc5850dd4899b1c7492091a3cb6dd9b01b56ad828be2?s=96&d=mm&r=g\",\"contentUrl\":\"https:\\\/\\\/secure.gravatar.com\\\/avatar\\\/fe0f6a059fb68d9b3e11bc5850dd4899b1c7492091a3cb6dd9b01b56ad828be2?s=96&d=mm&r=g\",\"caption\":\"Exaudi Redacci\u00f3n\"},\"description\":\"\u00bfQu\u00e9 es Exaudi News? Exaudi News es un medio de comunicaci\u00f3n cat\u00f3lico internacional que informa, forma y transforma, diariamente en espa\u00f1ol, ingl\u00e9s e italiano. A trav\u00e9s de noticias, art\u00edculos de an\u00e1lisis y transmisiones en directo de los eventos del Papa, Exaudi busca fortalecer la unidad de los cristianos y contribuir a la evangelizaci\u00f3n del mundo, siempre guiados por la doctrina social de la Iglesia. Trabajamos para acercar la verdad y los valores cristianos a cada rinc\u00f3n del planeta. \u00a1Ay\u00fadanos a transformar el mundo con Exaudi! En Exaudi creemos que la evangelizaci\u00f3n y la informaci\u00f3n de calidad pueden cambiar vidas. Para continuar con nuestra misi\u00f3n y expandir nuestro alcance, necesitamos tu ayuda. Adem\u00e1s, buscamos personas comprometidas que deseen unirse a nuestro equipo. Con tu apoyo, lograremos llegar a m\u00e1s personas, difundir el mensaje de Cristo y reforzar la unidad de los cristianos. \u00bfTe unes a nuestra misi\u00f3n? Para m\u00e1s informaci\u00f3n sobre c\u00f3mo colaborar, visita Exaudi.org\\\/es o cont\u00e1ctanos directamente: info@exaudi.org Exaudi: Informa, forma y transforma.\",\"sameAs\":[\"https:\\\/\\\/www.facebook.com\\\/ExaudiNoticias\\\/\",\"https:\\\/\\\/www.instagram.com\\\/exaudi_noticias\\\/\",\"https:\\\/\\\/x.com\\\/Exaudi_noticias\",\"https:\\\/\\\/www.youtube.com\\\/@exaudicatholicnews\"],\"url\":\"https:\\\/\\\/exaudi.org\\\/es\\\/author\\\/redaccionexaudi\\\/\"}]}<\/script>\n<!-- \/ Yoast SEO plugin. -->","yoast_head_json":{"title":"El Papa: El S\u00ednodo, un don del Esp\u00edritu, ahora pasar de las palabras a los hechos &#8211; Exaudi","robots":{"index":"index","follow":"follow","max-snippet":"max-snippet:-1","max-image-preview":"max-image-preview:large","max-video-preview":"max-video-preview:-1"},"canonical":"https:\/\/exaudi.org\/es\/el-papa-el-sinodo-un-don-del-espiritu-ahora-pasar-de-las-palabras-a-los-hechos\/","og_locale":"es_ES","og_type":"article","og_title":"El Papa: El S\u00ednodo, un don del Esp\u00edritu, ahora pasar de las palabras a los hechos &#8211; Exaudi","og_description":"Saludo final del Santo Padre Francisco","og_url":"https:\/\/exaudi.org\/es\/el-papa-el-sinodo-un-don-del-espiritu-ahora-pasar-de-las-palabras-a-los-hechos\/","og_site_name":"Exaudi","article_publisher":"https:\/\/www.facebook.com\/ExaudiNews","article_author":"https:\/\/www.facebook.com\/ExaudiNoticias\/","article_published_time":"2024-10-27T09:49:14+00:00","article_modified_time":"2024-10-27T09:56:58+00:00","og_image":[{"width":800,"height":533,"url":"https:\/\/exaudi.org\/wp-content\/uploads\/2024\/10\/cq5dam.web_.800.800-85.jpeg","type":"image\/jpeg"}],"author":"Exaudi Redacci\u00f3n","twitter_card":"summary_large_image","twitter_creator":"@Exaudi_noticias","twitter_site":"@Exaudi_News","twitter_misc":{"Escrito por":"Exaudi Redacci\u00f3n","Tiempo de lectura":"7 minutos"},"schema":{"@context":"https:\/\/schema.org","@graph":[{"@type":"Article","@id":"https:\/\/exaudi.org\/es\/el-papa-el-sinodo-un-don-del-espiritu-ahora-pasar-de-las-palabras-a-los-hechos\/#article","isPartOf":{"@id":"https:\/\/exaudi.org\/es\/el-papa-el-sinodo-un-don-del-espiritu-ahora-pasar-de-las-palabras-a-los-hechos\/"},"author":{"name":"Exaudi Redacci\u00f3n","@id":"https:\/\/exaudi.org\/#\/schema\/person\/f5fc8f063065e38742da7afe15f25df7"},"headline":"El Papa: El S\u00ednodo, un don del Esp\u00edritu, ahora pasar de las palabras a los hechos","datePublished":"2024-10-27T09:49:14+00:00","dateModified":"2024-10-27T09:56:58+00:00","mainEntityOfPage":{"@id":"https:\/\/exaudi.org\/es\/el-papa-el-sinodo-un-don-del-espiritu-ahora-pasar-de-las-palabras-a-los-hechos\/"},"wordCount":1450,"image":{"@id":"https:\/\/exaudi.org\/es\/el-papa-el-sinodo-un-don-del-espiritu-ahora-pasar-de-las-palabras-a-los-hechos\/#primaryimage"},"thumbnailUrl":"https:\/\/i0.wp.com\/exaudi.org\/wp-content\/uploads\/2024\/10\/cq5dam.web_.800.800-85.jpeg?fit=800%2C533&ssl=1","keywords":["Saludo","Santo Padre","Sinodo","Trending","XVI Asamblea General Ordinaria"],"articleSection":["Le\u00f3n XIV"],"inLanguage":"es"},{"@type":"WebPage","@id":"https:\/\/exaudi.org\/es\/el-papa-el-sinodo-un-don-del-espiritu-ahora-pasar-de-las-palabras-a-los-hechos\/","url":"https:\/\/exaudi.org\/es\/el-papa-el-sinodo-un-don-del-espiritu-ahora-pasar-de-las-palabras-a-los-hechos\/","name":"El Papa: El S\u00ednodo, un don del Esp\u00edritu, ahora pasar de las palabras a los hechos &#8211; Exaudi","isPartOf":{"@id":"https:\/\/exaudi.org\/#website"},"primaryImageOfPage":{"@id":"https:\/\/exaudi.org\/es\/el-papa-el-sinodo-un-don-del-espiritu-ahora-pasar-de-las-palabras-a-los-hechos\/#primaryimage"},"image":{"@id":"https:\/\/exaudi.org\/es\/el-papa-el-sinodo-un-don-del-espiritu-ahora-pasar-de-las-palabras-a-los-hechos\/#primaryimage"},"thumbnailUrl":"https:\/\/i0.wp.com\/exaudi.org\/wp-content\/uploads\/2024\/10\/cq5dam.web_.800.800-85.jpeg?fit=800%2C533&ssl=1","datePublished":"2024-10-27T09:49:14+00:00","dateModified":"2024-10-27T09:56:58+00:00","author":{"@id":"https:\/\/exaudi.org\/#\/schema\/person\/f5fc8f063065e38742da7afe15f25df7"},"breadcrumb":{"@id":"https:\/\/exaudi.org\/es\/el-papa-el-sinodo-un-don-del-espiritu-ahora-pasar-de-las-palabras-a-los-hechos\/#breadcrumb"},"inLanguage":"es","potentialAction":[{"@type":"ReadAction","target":["https:\/\/exaudi.org\/es\/el-papa-el-sinodo-un-don-del-espiritu-ahora-pasar-de-las-palabras-a-los-hechos\/"]}]},{"@type":"ImageObject","inLanguage":"es","@id":"https:\/\/exaudi.org\/es\/el-papa-el-sinodo-un-don-del-espiritu-ahora-pasar-de-las-palabras-a-los-hechos\/#primaryimage","url":"https:\/\/i0.wp.com\/exaudi.org\/wp-content\/uploads\/2024\/10\/cq5dam.web_.800.800-85.jpeg?fit=800%2C533&ssl=1","contentUrl":"https:\/\/i0.wp.com\/exaudi.org\/wp-content\/uploads\/2024\/10\/cq5dam.web_.800.800-85.jpeg?fit=800%2C533&ssl=1","width":800,"height":533},{"@type":"BreadcrumbList","@id":"https:\/\/exaudi.org\/es\/el-papa-el-sinodo-un-don-del-espiritu-ahora-pasar-de-las-palabras-a-los-hechos\/#breadcrumb","itemListElement":[{"@type":"ListItem","position":1,"name":"Portada","item":"https:\/\/exaudi.org\/es\/"},{"@type":"ListItem","position":2,"name":"El Papa: El S\u00ednodo, un don del Esp\u00edritu, ahora pasar de las palabras a los hechos"}]},{"@type":"WebSite","@id":"https:\/\/exaudi.org\/#website","url":"https:\/\/exaudi.org\/","name":"Exaudi","description":"News","potentialAction":[{"@type":"SearchAction","target":{"@type":"EntryPoint","urlTemplate":"https:\/\/exaudi.org\/?s={search_term_string}"},"query-input":{"@type":"PropertyValueSpecification","valueRequired":true,"valueName":"search_term_string"}}],"inLanguage":"es"},{"@type":"Person","@id":"https:\/\/exaudi.org\/#\/schema\/person\/f5fc8f063065e38742da7afe15f25df7","name":"Exaudi Redacci\u00f3n","image":{"@type":"ImageObject","inLanguage":"es","@id":"https:\/\/secure.gravatar.com\/avatar\/fe0f6a059fb68d9b3e11bc5850dd4899b1c7492091a3cb6dd9b01b56ad828be2?s=96&d=mm&r=g","url":"https:\/\/secure.gravatar.com\/avatar\/fe0f6a059fb68d9b3e11bc5850dd4899b1c7492091a3cb6dd9b01b56ad828be2?s=96&d=mm&r=g","contentUrl":"https:\/\/secure.gravatar.com\/avatar\/fe0f6a059fb68d9b3e11bc5850dd4899b1c7492091a3cb6dd9b01b56ad828be2?s=96&d=mm&r=g","caption":"Exaudi Redacci\u00f3n"},"description":"\u00bfQu\u00e9 es Exaudi News? Exaudi News es un medio de comunicaci\u00f3n cat\u00f3lico internacional que informa, forma y transforma, diariamente en espa\u00f1ol, ingl\u00e9s e italiano. A trav\u00e9s de noticias, art\u00edculos de an\u00e1lisis y transmisiones en directo de los eventos del Papa, Exaudi busca fortalecer la unidad de los cristianos y contribuir a la evangelizaci\u00f3n del mundo, siempre guiados por la doctrina social de la Iglesia. Trabajamos para acercar la verdad y los valores cristianos a cada rinc\u00f3n del planeta. \u00a1Ay\u00fadanos a transformar el mundo con Exaudi! En Exaudi creemos que la evangelizaci\u00f3n y la informaci\u00f3n de calidad pueden cambiar vidas. Para continuar con nuestra misi\u00f3n y expandir nuestro alcance, necesitamos tu ayuda. Adem\u00e1s, buscamos personas comprometidas que deseen unirse a nuestro equipo. Con tu apoyo, lograremos llegar a m\u00e1s personas, difundir el mensaje de Cristo y reforzar la unidad de los cristianos. \u00bfTe unes a nuestra misi\u00f3n? Para m\u00e1s informaci\u00f3n sobre c\u00f3mo colaborar, visita Exaudi.org\/es o cont\u00e1ctanos directamente: info@exaudi.org Exaudi: Informa, forma y transforma.","sameAs":["https:\/\/www.facebook.com\/ExaudiNoticias\/","https:\/\/www.instagram.com\/exaudi_noticias\/","https:\/\/x.com\/Exaudi_noticias","https:\/\/www.youtube.com\/@exaudicatholicnews"],"url":"https:\/\/exaudi.org\/es\/author\/redaccionexaudi\/"}]}},"jetpack_shortlink":"https:\/\/wp.me\/pgKjF2-t24","jetpack_featured_media_url":"https:\/\/i0.wp.com\/exaudi.org\/wp-content\/uploads\/2024\/10\/cq5dam.web_.800.800-85.jpeg?fit=800%2C533&ssl=1","_links":{"self":[{"href":"https:\/\/exaudi.org\/es\/wp-json\/wp\/v2\/posts\/111604","targetHints":{"allow":["GET"]}}],"collection":[{"href":"https:\/\/exaudi.org\/es\/wp-json\/wp\/v2\/posts"}],"about":[{"href":"https:\/\/exaudi.org\/es\/wp-json\/wp\/v2\/types\/post"}],"author":[{"embeddable":true,"href":"https:\/\/exaudi.org\/es\/wp-json\/wp\/v2\/users\/15"}],"replies":[{"embeddable":true,"href":"https:\/\/exaudi.org\/es\/wp-json\/wp\/v2\/comments?post=111604"}],"version-history":[{"count":0,"href":"https:\/\/exaudi.org\/es\/wp-json\/wp\/v2\/posts\/111604\/revisions"}],"wp:featuredmedia":[{"embeddable":true,"href":"https:\/\/exaudi.org\/es\/wp-json\/wp\/v2\/media\/111611"}],"wp:attachment":[{"href":"https:\/\/exaudi.org\/es\/wp-json\/wp\/v2\/media?parent=111604"}],"wp:term":[{"taxonomy":"category","embeddable":true,"href":"https:\/\/exaudi.org\/es\/wp-json\/wp\/v2\/categories?post=111604"},{"taxonomy":"post_tag","embeddable":true,"href":"https:\/\/exaudi.org\/es\/wp-json\/wp\/v2\/tags?post=111604"}],"curies":[{"name":"wp","href":"https:\/\/api.w.org\/{rel}","templated":true}]}}