{"id":111597,"date":"2024-10-27T09:07:19","date_gmt":"2024-10-27T08:07:19","guid":{"rendered":"https:\/\/exaudi.org\/?p=111597"},"modified":"2024-10-27T09:07:19","modified_gmt":"2024-10-27T08:07:19","slug":"reflexion-de-mons-enrique-diaz-vienen-a-mi-llorando-pero-yo-los-consolare","status":"publish","type":"post","link":"https:\/\/exaudi.org\/es\/reflexion-de-mons-enrique-diaz-vienen-a-mi-llorando-pero-yo-los-consolare\/","title":{"rendered":"Reflexi\u00f3n de Mons. Enrique D\u00edaz: Vienen a m\u00ed llorando, pero yo los consolar\u00e9"},"content":{"rendered":"<audio class=\"wp-audio-shortcode\" id=\"audio-111597-1\" preload=\"none\" style=\"width: 100%;\" controls=\"controls\"><source type=\"audio\/mpeg\" src=\"https:\/\/exaudi.org\/wp-content\/uploads\/2024\/10\/27-Octubre.mp3?_=1\" \/><a href=\"https:\/\/exaudi.org\/wp-content\/uploads\/2024\/10\/27-Octubre.mp3\">https:\/\/exaudi.org\/wp-content\/uploads\/2024\/10\/27-Octubre.mp3<\/a><\/audio>\n<p>Mons. Enrique D\u00edaz D\u00edaz comparte con los lectores de Exaudi su reflexi\u00f3n sobre el\u00a0<a href=\"https:\/\/www.dominicos.org\/predicacion\/homilia\/27-10-2024\/lecturas\/\" target=\"_blank\" rel=\"noopener\">Evangelio de este Domingo\u00a0 27 de octubre, de 2024<\/a>,\u00a0titulado:\u00a0<em>\u201cVienen a m\u00ed llorando, pero yo los consolar\u00e9\u201d.<\/em><\/p>\n<p>***<\/p>\n<p>Jerem\u00edas 31, 7-9: \u201cVienen a m\u00ed llorando, pero yo los consolar\u00e9\u201d<\/p>\n<p>Salmo 125: \u201cGrandes cosas has hecho por nosotros, Se\u00f1or\u201d<\/p>\n<p>Hebreos 5, 1-6: \u201cT\u00fa eres sacerdote eterno, como Melquisedec\u201d<\/p>\n<p>San Marcos 10, 46-52: \u201cMaestro, que pueda ver\u201d<\/p>\n<p>Me han enviado unas fotograf\u00edas y videos de unos amigos d\u00e9biles visuales que venciendo miles de obst\u00e1culos caminan, cantan, r\u00eden y dan vida a su alrededor. Con un bast\u00f3n en la mano que apenas les da un poco de seguridad, pero con una fe grande que los impulsa a enfrentarse a un mundo que se les opone y los a\u00edsla. S\u00ed, tienen m\u00e1s luz que quienes tienen salud en los ojos, pero ceguera espiritual y ego\u00edsmo en su coraz\u00f3n.<\/p>\n<p>Dice el proverbio que si un ciego gu\u00eda a otro ciego ambos caer\u00e1n en un pozo. La narraci\u00f3n que nos ofrece el pasaje de este domingo parece contradecirlo. Un ciego se convierte en ejemplo y gu\u00eda para quienes tienen luz. Es m\u00e1s, supera la oposici\u00f3n de quienes, mirando, tienen el alma en tinieblas y le impiden acercarse a Jes\u00fas. Sentado a la orilla del camino, sin ilusi\u00f3n, sin esfuerzo, sin riesgo, pero tambi\u00e9n sin esperanza, gasta las horas y espera s\u00f3lo las sobras y las indiferencias de los que pasan de largo. Sentado a la orilla del camino como muchos hermanos que han perdido la ruta y que no alcanzan el ritmo vertiginoso de una sociedad que consume y consume, que arrebata y destruye, y que va dejando su estela de pobreza y miseria \u201ca la orilla del camino\u201d. No en el camino porque estorbar\u00edan la carrera alocada de un mundo consumista y ego\u00edsta que se afana en su propio mantenimiento, sin mirar los desastres que van quedando a su alrededor. As\u00ed, \u201ca la orilla del camino\u201d van quedando en el olvido. Pero Bartimeo, una de las pocas personas que tiene nombre en el evangelio de Marcos, al \u201csentir\u201d pasar a Jes\u00fas no quiere quedar en el olvido y est\u00e1 dispuesto a arriesgarse, a caminar en medio de su oscuridad en busca de la luz. Comienza con un grito desgarrador: \u201c\u00a1Jes\u00fas, hijo de David, ten compasi\u00f3n de m\u00ed!\u201d Un grito, una oraci\u00f3n y un rayo de esperanza que empiezan hacer nacer en su coraz\u00f3n la ilusi\u00f3n que lograr\u00e1 ponerlo de pie.<\/p>\n<p>Si el primer impedimento que ten\u00eda el pobre Bartimeo era el \u201cquedarse\u201d sentado y logra vencerlo saliendo de la inercia, de la pasividad y el conformismo, el segundo parece m\u00e1s grave: la oposici\u00f3n de los dem\u00e1s que no quieren que hable y que lo rega\u00f1an para que guarde silencio. \u00bfPor qu\u00e9 le obligan a que calle? \u00bfPorque molestaba al Maestro o porque los molestaba a ellos? \u00bfA qui\u00e9n beneficiaba el silencio de aquel ciego? Actualmente hay situaciones dif\u00edciles y dolorosas que muchos preferir\u00edan que pasaran ignoradas. Que no se hable del hambre, de la pobreza, del dolor\u2026 porque nos hace parecer un pa\u00eds menos prospero, porque \u201cel mundo tiene derecho a ser feliz\u201d, porque se ir\u00edan las inversiones, porque no les gusta que se manifieste la pobreza, porque\u2026 se esgrimen mil razones y sin embargo ninguna es v\u00e1lida. Ah\u00ed est\u00e1 el dolor y la injusticia clamando al Se\u00f1or cada d\u00eda m\u00e1s fuerte: \u201c\u00a1Hijo de David, ten compasi\u00f3n de m\u00ed!\u201d Hay dolores, cegueras, olvidos, que reclaman la presencia del Se\u00f1or y que piden se tenga compasi\u00f3n. A pesar de estar a la \u201corilla del camino\u201d los hermanos siguen clamando por un lugar en el banquete de la vida, un lugar con dignidad y justicia.<\/p>\n<p>Para Jes\u00fas no hay olvidados, para \u00c9l todos est\u00e1n presentes, \u00c9l no puede pasar de largo, ni desconocer a los que est\u00e1n a la orilla del camino, por eso ordena que lo llamen. Y, s\u00f3lo entonces, aparecen las palabras de aliento: \u201c\u00a1\u00c1nimo! Lev\u00e1ntate, porque \u00e9l te llama\u201d. Ya la simple palabra de Jes\u00fas suscita la esperanza. Pero a\u00fan le queda al ciego mucho camino por recorrer: tiene que levantarse, lo cual hace de un salto (pensando en su oscuridad ser\u00e1 como arrojarse en el vac\u00edo), y lo hace con entusiasmo, pero adem\u00e1s debe dejar a un lado su manto, su \u00fanica protecci\u00f3n, y as\u00ed, descubierto acercarse a Jes\u00fas. Gran lecci\u00f3n para nosotros. Lanzarnos al vac\u00edo tan s\u00f3lo con el arma de la fe. Despojarnos del manto que nos protege: el poder econ\u00f3mico, cultural, ideol\u00f3gico, pol\u00edtico; la preocupaci\u00f3n, el ansia, nuestras pretensiones y las miras humanas, el ansia de poseer\u2026 todo cabe en un manto del que nos debemos despojar. Y as\u00ed el ciego, despojado, escucha atento las palabras de Jes\u00fas: \u201c\u00bfQu\u00e9 quieres que haga por ti?\u201d. La total disposici\u00f3n de Jes\u00fas para darle luz y vida le hacen responder: \u201cMaestro, que pueda ver\u201d. Igual petici\u00f3n deber\u00edamos hacer nosotros, que podamos ver m\u00e1s all\u00e1 de nuestras limitaciones, que miremos m\u00e1s all\u00e1 de nuestro pesimismo, que miremos con esp\u00edritu alegre, lleno de esperanza y lleno de fraternidad. Que Jes\u00fas ilumine nuestros ojos y nuestros pasos para iniciar nuevos caminos.<\/p>\n<p>Cristo, que lo hace todo, parece no hacer nada. Le afirma que su fe lo ha salvado. As\u00ed el que parec\u00eda ciego, ha resultado con mayor luz en su interior y ha emprendido el seguimiento de Cristo, pues \u201ccomenz\u00f3 a seguirlo por el camino\u201d. El que estaba sentado, ciego y mendigo, se ha transformado en disc\u00edpulo gracias a la fe que le ha regalado Cristo respondiendo a su s\u00faplica. El que se sent\u00eda incapaz de dar un paso, ahora se transforma en caminante de la fe.\u00a0 La fe cristiana y el seguimiento de Jes\u00fas van siempre juntos, como en el camino los ojos y los pies van siempre juntos. La fe sin seguimiento quedar\u00eda vac\u00eda, y el seguimiento sin fe, estar\u00eda ciego. Pero este pasaje nos ense\u00f1a que uno y otra son posibles s\u00f3lo para quien invoca la misericordia de Dios, bota lejos el manto que lo resguarda y se acoge a la bondad divina: el pobre que ruega obtiene ojos para ver y pies para alcanzar la liberaci\u00f3n por parte de Dios.<\/p>\n<p>\u00bfCu\u00e1les son las dificultades que nos han dejado sentados a la orilla del camino? \u00bfQu\u00e9 esfuerzos estamos haciendo para dar el salto de la fe? \u00bfHay mantos que nos impiden seguir a Jes\u00fas? \u00bfC\u00f3mo seguimos a Jes\u00fas por su camino?<\/p>\n<p><em>Aumenta, Se\u00f1or, en nosotros la fe, la esperanza y la caridad, para que dejando nuestros miedos, mantos y ataduras, sigamos a Jes\u00fas por el camino del Reino. Am\u00e9n.<\/em><\/p>\n<p>&nbsp;<\/p>\n","protected":false},"excerpt":{"rendered":"<p>XXX Domingo Ordinario<\/p>\n","protected":false},"author":25,"featured_media":111601,"comment_status":"closed","ping_status":"closed","sticky":false,"template":"","format":"standard","meta":{"_acf_changed":false,"_crdt_document":"","inline_featured_image":false,"footnotes":""},"categories":[96,74],"tags":[5654,1372,414,4953],"class_list":["post-111597","post","type-post","status-publish","format-standard","has-post-thumbnail","hentry","category-espiritualidad","category-iglesia-y-mundo","tag-enrique-diaz","tag-evangelio","tag-reflexion","tag-trending-es"],"acf":[],"yoast_head":"<!-- This site is optimized with the Yoast SEO plugin v27.5 - https:\/\/yoast.com\/product\/yoast-seo-wordpress\/ -->\n<title>Reflexi\u00f3n de Mons. Enrique D\u00edaz: Vienen a m\u00ed llorando, pero yo los consolar\u00e9 &#8211; Exaudi<\/title>\n<meta name=\"robots\" content=\"index, follow, max-snippet:-1, max-image-preview:large, max-video-preview:-1\" \/>\n<link rel=\"canonical\" href=\"https:\/\/exaudi.org\/es\/reflexion-de-mons-enrique-diaz-vienen-a-mi-llorando-pero-yo-los-consolare\/\" \/>\n<meta property=\"og:locale\" content=\"es_ES\" \/>\n<meta property=\"og:type\" content=\"article\" \/>\n<meta property=\"og:title\" content=\"Reflexi\u00f3n de Mons. Enrique D\u00edaz: Vienen a m\u00ed llorando, pero yo los consolar\u00e9 &#8211; Exaudi\" \/>\n<meta property=\"og:description\" content=\"XXX Domingo Ordinario\" \/>\n<meta property=\"og:url\" content=\"https:\/\/exaudi.org\/es\/reflexion-de-mons-enrique-diaz-vienen-a-mi-llorando-pero-yo-los-consolare\/\" \/>\n<meta property=\"og:site_name\" content=\"Exaudi\" \/>\n<meta property=\"article:publisher\" content=\"https:\/\/www.facebook.com\/ExaudiNews\" \/>\n<meta property=\"article:published_time\" content=\"2024-10-27T08:07:19+00:00\" \/>\n<meta property=\"og:image\" content=\"https:\/\/exaudi.org\/wp-content\/uploads\/2024\/10\/south-tyrol-8023213_1280.webp\" \/>\n\t<meta property=\"og:image:width\" content=\"1280\" \/>\n\t<meta property=\"og:image:height\" content=\"853\" \/>\n\t<meta property=\"og:image:type\" content=\"image\/webp\" \/>\n<meta name=\"author\" content=\"Enrique D\u00edaz\" \/>\n<meta name=\"twitter:card\" content=\"summary_large_image\" \/>\n<meta name=\"twitter:creator\" content=\"@Exaudi_News\" \/>\n<meta name=\"twitter:site\" content=\"@Exaudi_News\" \/>\n<meta name=\"twitter:label1\" content=\"Escrito por\" \/>\n\t<meta name=\"twitter:data1\" content=\"Enrique D\u00edaz\" \/>\n\t<meta name=\"twitter:label2\" content=\"Tiempo de lectura\" \/>\n\t<meta name=\"twitter:data2\" content=\"6 minutos\" \/>\n<script type=\"application\/ld+json\" class=\"yoast-schema-graph\">{\"@context\":\"https:\\\/\\\/schema.org\",\"@graph\":[{\"@type\":\"Article\",\"@id\":\"https:\\\/\\\/exaudi.org\\\/es\\\/reflexion-de-mons-enrique-diaz-vienen-a-mi-llorando-pero-yo-los-consolare\\\/#article\",\"isPartOf\":{\"@id\":\"https:\\\/\\\/exaudi.org\\\/es\\\/reflexion-de-mons-enrique-diaz-vienen-a-mi-llorando-pero-yo-los-consolare\\\/\"},\"author\":{\"name\":\"Enrique D\u00edaz\",\"@id\":\"https:\\\/\\\/exaudi.org\\\/#\\\/schema\\\/person\\\/c02ffbd10830fa375f6882f7dcf1844d\"},\"headline\":\"Reflexi\u00f3n de Mons. Enrique D\u00edaz: Vienen a m\u00ed llorando, pero yo los consolar\u00e9\",\"datePublished\":\"2024-10-27T08:07:19+00:00\",\"mainEntityOfPage\":{\"@id\":\"https:\\\/\\\/exaudi.org\\\/es\\\/reflexion-de-mons-enrique-diaz-vienen-a-mi-llorando-pero-yo-los-consolare\\\/\"},\"wordCount\":1204,\"image\":{\"@id\":\"https:\\\/\\\/exaudi.org\\\/es\\\/reflexion-de-mons-enrique-diaz-vienen-a-mi-llorando-pero-yo-los-consolare\\\/#primaryimage\"},\"thumbnailUrl\":\"https:\\\/\\\/exaudi.org\\\/wp-content\\\/uploads\\\/2024\\\/10\\\/south-tyrol-8023213_1280.webp\",\"keywords\":[\"Enrique D\u00edaz\",\"Evangelio\",\"Reflexi\u00f3n\",\"Trending\"],\"articleSection\":[\"Espiritualidad\",\"Iglesia y Mundo\"],\"inLanguage\":\"es\"},{\"@type\":\"WebPage\",\"@id\":\"https:\\\/\\\/exaudi.org\\\/es\\\/reflexion-de-mons-enrique-diaz-vienen-a-mi-llorando-pero-yo-los-consolare\\\/\",\"url\":\"https:\\\/\\\/exaudi.org\\\/es\\\/reflexion-de-mons-enrique-diaz-vienen-a-mi-llorando-pero-yo-los-consolare\\\/\",\"name\":\"Reflexi\u00f3n de Mons. Enrique D\u00edaz: Vienen a m\u00ed llorando, pero yo los consolar\u00e9 &#8211; Exaudi\",\"isPartOf\":{\"@id\":\"https:\\\/\\\/exaudi.org\\\/#website\"},\"primaryImageOfPage\":{\"@id\":\"https:\\\/\\\/exaudi.org\\\/es\\\/reflexion-de-mons-enrique-diaz-vienen-a-mi-llorando-pero-yo-los-consolare\\\/#primaryimage\"},\"image\":{\"@id\":\"https:\\\/\\\/exaudi.org\\\/es\\\/reflexion-de-mons-enrique-diaz-vienen-a-mi-llorando-pero-yo-los-consolare\\\/#primaryimage\"},\"thumbnailUrl\":\"https:\\\/\\\/exaudi.org\\\/wp-content\\\/uploads\\\/2024\\\/10\\\/south-tyrol-8023213_1280.webp\",\"datePublished\":\"2024-10-27T08:07:19+00:00\",\"author\":{\"@id\":\"https:\\\/\\\/exaudi.org\\\/#\\\/schema\\\/person\\\/c02ffbd10830fa375f6882f7dcf1844d\"},\"breadcrumb\":{\"@id\":\"https:\\\/\\\/exaudi.org\\\/es\\\/reflexion-de-mons-enrique-diaz-vienen-a-mi-llorando-pero-yo-los-consolare\\\/#breadcrumb\"},\"inLanguage\":\"es\",\"potentialAction\":[{\"@type\":\"ReadAction\",\"target\":[\"https:\\\/\\\/exaudi.org\\\/es\\\/reflexion-de-mons-enrique-diaz-vienen-a-mi-llorando-pero-yo-los-consolare\\\/\"]}]},{\"@type\":\"ImageObject\",\"inLanguage\":\"es\",\"@id\":\"https:\\\/\\\/exaudi.org\\\/es\\\/reflexion-de-mons-enrique-diaz-vienen-a-mi-llorando-pero-yo-los-consolare\\\/#primaryimage\",\"url\":\"https:\\\/\\\/exaudi.org\\\/wp-content\\\/uploads\\\/2024\\\/10\\\/south-tyrol-8023213_1280.webp\",\"contentUrl\":\"https:\\\/\\\/exaudi.org\\\/wp-content\\\/uploads\\\/2024\\\/10\\\/south-tyrol-8023213_1280.webp\",\"width\":1280,\"height\":853},{\"@type\":\"BreadcrumbList\",\"@id\":\"https:\\\/\\\/exaudi.org\\\/es\\\/reflexion-de-mons-enrique-diaz-vienen-a-mi-llorando-pero-yo-los-consolare\\\/#breadcrumb\",\"itemListElement\":[{\"@type\":\"ListItem\",\"position\":1,\"name\":\"Portada\",\"item\":\"https:\\\/\\\/exaudi.org\\\/es\\\/\"},{\"@type\":\"ListItem\",\"position\":2,\"name\":\"Reflexi\u00f3n de Mons. Enrique D\u00edaz: Vienen a m\u00ed llorando, pero yo los consolar\u00e9\"}]},{\"@type\":\"WebSite\",\"@id\":\"https:\\\/\\\/exaudi.org\\\/#website\",\"url\":\"https:\\\/\\\/exaudi.org\\\/\",\"name\":\"Exaudi\",\"description\":\"News\",\"potentialAction\":[{\"@type\":\"SearchAction\",\"target\":{\"@type\":\"EntryPoint\",\"urlTemplate\":\"https:\\\/\\\/exaudi.org\\\/?s={search_term_string}\"},\"query-input\":{\"@type\":\"PropertyValueSpecification\",\"valueRequired\":true,\"valueName\":\"search_term_string\"}}],\"inLanguage\":\"es\"},{\"@type\":\"Person\",\"@id\":\"https:\\\/\\\/exaudi.org\\\/#\\\/schema\\\/person\\\/c02ffbd10830fa375f6882f7dcf1844d\",\"name\":\"Enrique D\u00edaz\",\"image\":{\"@type\":\"ImageObject\",\"inLanguage\":\"es\",\"@id\":\"https:\\\/\\\/secure.gravatar.com\\\/avatar\\\/7ca10be5325a95d04b74082d68ba605aa69611eb0f68f47096cb1bc349873284?s=96&d=mm&r=g\",\"url\":\"https:\\\/\\\/secure.gravatar.com\\\/avatar\\\/7ca10be5325a95d04b74082d68ba605aa69611eb0f68f47096cb1bc349873284?s=96&d=mm&r=g\",\"contentUrl\":\"https:\\\/\\\/secure.gravatar.com\\\/avatar\\\/7ca10be5325a95d04b74082d68ba605aa69611eb0f68f47096cb1bc349873284?s=96&d=mm&r=g\",\"caption\":\"Enrique D\u00edaz\"},\"description\":\"Naci\u00f3 en Huandacareo, Michoac\u00e1n, M\u00e9xico, en 1952. Realiz\u00f3 sus estudios de Filosof\u00eda y Teolog\u00eda en el Seminario de Morelia. Ordenado di\u00e1cono el 22 de mayo de 1977, y presb\u00edtero el 23 de octubre del mismo a\u00f1o. Obtuvo la Licenciatura en Sagrada Escritura en el Pontificio Instituto B\u00edblico en Roma. Ha desarrollado m\u00faltiples encargos pastorales como el de capell\u00e1n de la rector\u00eda de las Tres Aves Mar\u00edas; responsable de la Pastoral B\u00edblica Diocesana y director de la Escuela B\u00edblica en Morelia; maestro de Biblia en el Seminario Conciliar de Morelia, p\u00e1rroco de la Parroquia de Nuestra Se\u00f1ora de Guadalupe, Col. Guadalupe, Morelia; o vicario episcopal para la Zona de Nuestra Se\u00f1ora de la Luz, P\u00e1tzcuaro. Ordenado obispo auxiliar de san Crist\u00f3bal de las Casas en 2003. En la Conferencia Episcopal form\u00f3 parte de las Comisiones de Biblia, Diaconado y Ministerios Laicales. Fue responsable de las Dimensiones de Ministerios Laicales, de Educaci\u00f3n y Cultura. Ha participado en encuentros latinoamericanos y mundiales sobre el Diaconado Permanente. Actualmente es el responsable de la Dimensi\u00f3n de Pastoral de la Cultura. Particip\u00f3 como Miembro del S\u00ednodo de Obispos sobre la Palabra de Dios en la Vida y Misi\u00f3n de la Iglesia en Roma, en 2008. Recibi\u00f3 el nombramiento de obispo coadjutor de San Crist\u00f3bal de las Casas en 2014. Nombrado II obispo de Irapuato el d\u00eda 11 de marzo, tom\u00f3 posesi\u00f3n el 19 de Mayo. Colabora en varias revistas y publicaciones sobre todo con la reflexi\u00f3n diaria y dominical tanto en audio como escrita.\",\"url\":\"https:\\\/\\\/exaudi.org\\\/es\\\/author\\\/enriquediaz\\\/\"}]}<\/script>\n<!-- \/ Yoast SEO plugin. -->","yoast_head_json":{"title":"Reflexi\u00f3n de Mons. Enrique D\u00edaz: Vienen a m\u00ed llorando, pero yo los consolar\u00e9 &#8211; Exaudi","robots":{"index":"index","follow":"follow","max-snippet":"max-snippet:-1","max-image-preview":"max-image-preview:large","max-video-preview":"max-video-preview:-1"},"canonical":"https:\/\/exaudi.org\/es\/reflexion-de-mons-enrique-diaz-vienen-a-mi-llorando-pero-yo-los-consolare\/","og_locale":"es_ES","og_type":"article","og_title":"Reflexi\u00f3n de Mons. Enrique D\u00edaz: Vienen a m\u00ed llorando, pero yo los consolar\u00e9 &#8211; Exaudi","og_description":"XXX Domingo Ordinario","og_url":"https:\/\/exaudi.org\/es\/reflexion-de-mons-enrique-diaz-vienen-a-mi-llorando-pero-yo-los-consolare\/","og_site_name":"Exaudi","article_publisher":"https:\/\/www.facebook.com\/ExaudiNews","article_published_time":"2024-10-27T08:07:19+00:00","og_image":[{"width":1280,"height":853,"url":"https:\/\/exaudi.org\/wp-content\/uploads\/2024\/10\/south-tyrol-8023213_1280.webp","type":"image\/webp"}],"author":"Enrique D\u00edaz","twitter_card":"summary_large_image","twitter_creator":"@Exaudi_News","twitter_site":"@Exaudi_News","twitter_misc":{"Escrito por":"Enrique D\u00edaz","Tiempo de lectura":"6 minutos"},"schema":{"@context":"https:\/\/schema.org","@graph":[{"@type":"Article","@id":"https:\/\/exaudi.org\/es\/reflexion-de-mons-enrique-diaz-vienen-a-mi-llorando-pero-yo-los-consolare\/#article","isPartOf":{"@id":"https:\/\/exaudi.org\/es\/reflexion-de-mons-enrique-diaz-vienen-a-mi-llorando-pero-yo-los-consolare\/"},"author":{"name":"Enrique D\u00edaz","@id":"https:\/\/exaudi.org\/#\/schema\/person\/c02ffbd10830fa375f6882f7dcf1844d"},"headline":"Reflexi\u00f3n de Mons. Enrique D\u00edaz: Vienen a m\u00ed llorando, pero yo los consolar\u00e9","datePublished":"2024-10-27T08:07:19+00:00","mainEntityOfPage":{"@id":"https:\/\/exaudi.org\/es\/reflexion-de-mons-enrique-diaz-vienen-a-mi-llorando-pero-yo-los-consolare\/"},"wordCount":1204,"image":{"@id":"https:\/\/exaudi.org\/es\/reflexion-de-mons-enrique-diaz-vienen-a-mi-llorando-pero-yo-los-consolare\/#primaryimage"},"thumbnailUrl":"https:\/\/exaudi.org\/wp-content\/uploads\/2024\/10\/south-tyrol-8023213_1280.webp","keywords":["Enrique D\u00edaz","Evangelio","Reflexi\u00f3n","Trending"],"articleSection":["Espiritualidad","Iglesia y Mundo"],"inLanguage":"es"},{"@type":"WebPage","@id":"https:\/\/exaudi.org\/es\/reflexion-de-mons-enrique-diaz-vienen-a-mi-llorando-pero-yo-los-consolare\/","url":"https:\/\/exaudi.org\/es\/reflexion-de-mons-enrique-diaz-vienen-a-mi-llorando-pero-yo-los-consolare\/","name":"Reflexi\u00f3n de Mons. Enrique D\u00edaz: Vienen a m\u00ed llorando, pero yo los consolar\u00e9 &#8211; Exaudi","isPartOf":{"@id":"https:\/\/exaudi.org\/#website"},"primaryImageOfPage":{"@id":"https:\/\/exaudi.org\/es\/reflexion-de-mons-enrique-diaz-vienen-a-mi-llorando-pero-yo-los-consolare\/#primaryimage"},"image":{"@id":"https:\/\/exaudi.org\/es\/reflexion-de-mons-enrique-diaz-vienen-a-mi-llorando-pero-yo-los-consolare\/#primaryimage"},"thumbnailUrl":"https:\/\/exaudi.org\/wp-content\/uploads\/2024\/10\/south-tyrol-8023213_1280.webp","datePublished":"2024-10-27T08:07:19+00:00","author":{"@id":"https:\/\/exaudi.org\/#\/schema\/person\/c02ffbd10830fa375f6882f7dcf1844d"},"breadcrumb":{"@id":"https:\/\/exaudi.org\/es\/reflexion-de-mons-enrique-diaz-vienen-a-mi-llorando-pero-yo-los-consolare\/#breadcrumb"},"inLanguage":"es","potentialAction":[{"@type":"ReadAction","target":["https:\/\/exaudi.org\/es\/reflexion-de-mons-enrique-diaz-vienen-a-mi-llorando-pero-yo-los-consolare\/"]}]},{"@type":"ImageObject","inLanguage":"es","@id":"https:\/\/exaudi.org\/es\/reflexion-de-mons-enrique-diaz-vienen-a-mi-llorando-pero-yo-los-consolare\/#primaryimage","url":"https:\/\/exaudi.org\/wp-content\/uploads\/2024\/10\/south-tyrol-8023213_1280.webp","contentUrl":"https:\/\/exaudi.org\/wp-content\/uploads\/2024\/10\/south-tyrol-8023213_1280.webp","width":1280,"height":853},{"@type":"BreadcrumbList","@id":"https:\/\/exaudi.org\/es\/reflexion-de-mons-enrique-diaz-vienen-a-mi-llorando-pero-yo-los-consolare\/#breadcrumb","itemListElement":[{"@type":"ListItem","position":1,"name":"Portada","item":"https:\/\/exaudi.org\/es\/"},{"@type":"ListItem","position":2,"name":"Reflexi\u00f3n de Mons. Enrique D\u00edaz: Vienen a m\u00ed llorando, pero yo los consolar\u00e9"}]},{"@type":"WebSite","@id":"https:\/\/exaudi.org\/#website","url":"https:\/\/exaudi.org\/","name":"Exaudi","description":"News","potentialAction":[{"@type":"SearchAction","target":{"@type":"EntryPoint","urlTemplate":"https:\/\/exaudi.org\/?s={search_term_string}"},"query-input":{"@type":"PropertyValueSpecification","valueRequired":true,"valueName":"search_term_string"}}],"inLanguage":"es"},{"@type":"Person","@id":"https:\/\/exaudi.org\/#\/schema\/person\/c02ffbd10830fa375f6882f7dcf1844d","name":"Enrique D\u00edaz","image":{"@type":"ImageObject","inLanguage":"es","@id":"https:\/\/secure.gravatar.com\/avatar\/7ca10be5325a95d04b74082d68ba605aa69611eb0f68f47096cb1bc349873284?s=96&d=mm&r=g","url":"https:\/\/secure.gravatar.com\/avatar\/7ca10be5325a95d04b74082d68ba605aa69611eb0f68f47096cb1bc349873284?s=96&d=mm&r=g","contentUrl":"https:\/\/secure.gravatar.com\/avatar\/7ca10be5325a95d04b74082d68ba605aa69611eb0f68f47096cb1bc349873284?s=96&d=mm&r=g","caption":"Enrique D\u00edaz"},"description":"Naci\u00f3 en Huandacareo, Michoac\u00e1n, M\u00e9xico, en 1952. Realiz\u00f3 sus estudios de Filosof\u00eda y Teolog\u00eda en el Seminario de Morelia. Ordenado di\u00e1cono el 22 de mayo de 1977, y presb\u00edtero el 23 de octubre del mismo a\u00f1o. Obtuvo la Licenciatura en Sagrada Escritura en el Pontificio Instituto B\u00edblico en Roma. Ha desarrollado m\u00faltiples encargos pastorales como el de capell\u00e1n de la rector\u00eda de las Tres Aves Mar\u00edas; responsable de la Pastoral B\u00edblica Diocesana y director de la Escuela B\u00edblica en Morelia; maestro de Biblia en el Seminario Conciliar de Morelia, p\u00e1rroco de la Parroquia de Nuestra Se\u00f1ora de Guadalupe, Col. Guadalupe, Morelia; o vicario episcopal para la Zona de Nuestra Se\u00f1ora de la Luz, P\u00e1tzcuaro. Ordenado obispo auxiliar de san Crist\u00f3bal de las Casas en 2003. En la Conferencia Episcopal form\u00f3 parte de las Comisiones de Biblia, Diaconado y Ministerios Laicales. Fue responsable de las Dimensiones de Ministerios Laicales, de Educaci\u00f3n y Cultura. Ha participado en encuentros latinoamericanos y mundiales sobre el Diaconado Permanente. Actualmente es el responsable de la Dimensi\u00f3n de Pastoral de la Cultura. Particip\u00f3 como Miembro del S\u00ednodo de Obispos sobre la Palabra de Dios en la Vida y Misi\u00f3n de la Iglesia en Roma, en 2008. Recibi\u00f3 el nombramiento de obispo coadjutor de San Crist\u00f3bal de las Casas en 2014. Nombrado II obispo de Irapuato el d\u00eda 11 de marzo, tom\u00f3 posesi\u00f3n el 19 de Mayo. Colabora en varias revistas y publicaciones sobre todo con la reflexi\u00f3n diaria y dominical tanto en audio como escrita.","url":"https:\/\/exaudi.org\/es\/author\/enriquediaz\/"}]}},"jetpack_featured_media_url":"https:\/\/exaudi.org\/wp-content\/uploads\/2024\/10\/south-tyrol-8023213_1280.webp","jetpack_shortlink":"https:\/\/wp.me\/pgKjF2-t1X","_links":{"self":[{"href":"https:\/\/exaudi.org\/es\/wp-json\/wp\/v2\/posts\/111597","targetHints":{"allow":["GET"]}}],"collection":[{"href":"https:\/\/exaudi.org\/es\/wp-json\/wp\/v2\/posts"}],"about":[{"href":"https:\/\/exaudi.org\/es\/wp-json\/wp\/v2\/types\/post"}],"author":[{"embeddable":true,"href":"https:\/\/exaudi.org\/es\/wp-json\/wp\/v2\/users\/25"}],"replies":[{"embeddable":true,"href":"https:\/\/exaudi.org\/es\/wp-json\/wp\/v2\/comments?post=111597"}],"version-history":[{"count":0,"href":"https:\/\/exaudi.org\/es\/wp-json\/wp\/v2\/posts\/111597\/revisions"}],"wp:featuredmedia":[{"embeddable":true,"href":"https:\/\/exaudi.org\/es\/wp-json\/wp\/v2\/media\/111601"}],"wp:attachment":[{"href":"https:\/\/exaudi.org\/es\/wp-json\/wp\/v2\/media?parent=111597"}],"wp:term":[{"taxonomy":"category","embeddable":true,"href":"https:\/\/exaudi.org\/es\/wp-json\/wp\/v2\/categories?post=111597"},{"taxonomy":"post_tag","embeddable":true,"href":"https:\/\/exaudi.org\/es\/wp-json\/wp\/v2\/tags?post=111597"}],"curies":[{"name":"wp","href":"https:\/\/api.w.org\/{rel}","templated":true}]}}