{"id":111371,"date":"2024-10-24T08:45:52","date_gmt":"2024-10-24T06:45:52","guid":{"rendered":"https:\/\/exaudi.org\/?p=111371"},"modified":"2024-10-23T17:01:55","modified_gmt":"2024-10-23T15:01:55","slug":"francisco-a-los-jovenes-no-se-detengan-avancen-con-alegria-y-valentia","status":"publish","type":"post","link":"https:\/\/exaudi.org\/es\/francisco-a-los-jovenes-no-se-detengan-avancen-con-alegria-y-valentia\/","title":{"rendered":"Francisco a los j\u00f3venes: No se detengan, avancen con alegr\u00eda y valent\u00eda"},"content":{"rendered":"<p>El Papa Francisco ha dirigido un inspirador mensaje en video a los j\u00f3venes de todo el mundo, inst\u00e1ndolos a seguir avanzando con alegr\u00eda y valent\u00eda. Este mensaje fue grabado por uno de los miembros m\u00e1s j\u00f3venes del S\u00ednodo y proyectado durante la sesi\u00f3n informativa en la Sala de Prensa del Vaticano. Adem\u00e1s, fue compartido en el sitio web y las redes sociales de la Secretar\u00eda General del S\u00ednodo.<\/p>\n<p>El Papa comenz\u00f3 su mensaje con un llamado a la acci\u00f3n: \u00abQueridos j\u00f3venes, una de las cosas m\u00e1s importantes es caminar&#8230;\u00bb. Utilizando una met\u00e1fora que ha empleado en varias ocasiones, compar\u00f3 la vida de los j\u00f3venes con el agua. \u00abCuando un joven camina, todo est\u00e1 bien, pero cuando un joven se detiene&#8230; es como el agua. Cuando el agua fluye, es buena, pero cuando se detiene&#8230; se corrompe y es invadida por peque\u00f1as &#8216;fieras&#8217; (animales)\u00bb.<\/p>\n<p>El video, grabado durante una pausa en la congregaci\u00f3n general, refuerza la idea de que el estancamiento es perjudicial tanto para el agua como para los j\u00f3venes. \u00abEl agua estancada es la primera en corromperse. Los j\u00f3venes cansados \u200b\u200bson los primeros en corromperse\u00bb, afirm\u00f3 el Papa Francisco. \u00abAdelante, caminen siempre. Miren hacia adelante con valent\u00eda y alegr\u00eda\u00bb.<\/p>\n<p>Francisco concluy\u00f3 su mensaje con su habitual solicitud: \u00abLos saludo. Recen por m\u00ed\u00bb.<\/p>\n<p>Este llamado del Pont\u00edfice busca motivar a las nuevas generaciones a no detenerse, a mantener siempre una actitud positiva y a seguir avanzando en sus vidas con determinaci\u00f3n y entusiasmo.<\/p>\n<p><img loading=\"lazy\" decoding=\"async\" class=\"size-full wp-image-111376 alignnone\" src=\"https:\/\/exaudi.org\/wp-content\/uploads\/2024\/10\/voces-9.jpg\" alt=\"\" width=\"940\" height=\"788\" srcset=\"https:\/\/exaudi.org\/wp-content\/uploads\/2024\/10\/voces-9.jpg 940w, https:\/\/exaudi.org\/wp-content\/uploads\/2024\/10\/voces-9-300x251.jpg 300w, https:\/\/exaudi.org\/wp-content\/uploads\/2024\/10\/voces-9-770x645.jpg 770w, https:\/\/exaudi.org\/wp-content\/uploads\/2024\/10\/voces-9-500x419.jpg 500w, https:\/\/exaudi.org\/wp-content\/uploads\/2024\/10\/voces-9-293x246.jpg 293w, https:\/\/exaudi.org\/wp-content\/uploads\/2024\/10\/voces-9-390x327.jpg 390w\" sizes=\"auto, (max-width: 940px) 100vw, 940px\" \/><\/p>\n","protected":false},"excerpt":{"rendered":"<p>Un llamado a la acci\u00f3n y a la esperanza: El Papa Francisco motiva a los j\u00f3venes a seguir adelante<\/p>\n","protected":false},"author":15,"featured_media":111372,"comment_status":"closed","ping_status":"closed","sticky":false,"template":"","format":"standard","meta":{"_acf_changed":false,"_crdt_document":"","inline_featured_image":false,"footnotes":""},"categories":[68,118],"tags":[4744,28902,28899,624,28903,21155,1855,174,28901,21154,158,28900,4460,4953,21386,272,2717],"class_list":["post-111371","post","type-post","status-publish","format-standard","has-post-thumbnail","hentry","category-leon-xiv","category-mensajes","tag-alegria","tag-avance","tag-caminar","tag-esperanza","tag-estancamiento","tag-inspiracion","tag-jovenes","tag-mensaje","tag-metafora-del-agua","tag-motivacion","tag-papa-francisco","tag-secretaria-general-del-sinodo","tag-sinodo-es","tag-trending-es","tag-valentia","tag-vaticano-es","tag-video"],"acf":[],"yoast_head":"<!-- This site is optimized with the Yoast SEO plugin v27.4 - https:\/\/yoast.com\/product\/yoast-seo-wordpress\/ -->\n<title>Francisco a los j\u00f3venes: No se detengan, avancen con alegr\u00eda y valent\u00eda &#8211; Exaudi<\/title>\n<meta name=\"robots\" content=\"index, follow, max-snippet:-1, max-image-preview:large, max-video-preview:-1\" \/>\n<link rel=\"canonical\" href=\"https:\/\/exaudi.org\/es\/francisco-a-los-jovenes-no-se-detengan-avancen-con-alegria-y-valentia\/\" \/>\n<meta property=\"og:locale\" content=\"es_ES\" \/>\n<meta property=\"og:type\" content=\"article\" \/>\n<meta property=\"og:title\" content=\"Francisco a los j\u00f3venes: No se detengan, avancen con alegr\u00eda y valent\u00eda &#8211; Exaudi\" \/>\n<meta property=\"og:description\" content=\"Un llamado a la acci\u00f3n y a la esperanza: El Papa Francisco motiva a los j\u00f3venes a seguir adelante\" \/>\n<meta property=\"og:url\" content=\"https:\/\/exaudi.org\/es\/francisco-a-los-jovenes-no-se-detengan-avancen-con-alegria-y-valentia\/\" \/>\n<meta property=\"og:site_name\" content=\"Exaudi\" \/>\n<meta property=\"article:publisher\" content=\"https:\/\/www.facebook.com\/ExaudiNews\" \/>\n<meta property=\"article:author\" content=\"https:\/\/www.facebook.com\/ExaudiNoticias\/\" \/>\n<meta property=\"article:published_time\" content=\"2024-10-24T06:45:52+00:00\" \/>\n<meta property=\"og:image\" content=\"https:\/\/exaudi.org\/wp-content\/uploads\/2024\/10\/cq5dam.thumbnail.cropped.750.422-1-9.jpeg\" \/>\n\t<meta property=\"og:image:width\" content=\"750\" \/>\n\t<meta property=\"og:image:height\" content=\"422\" \/>\n\t<meta property=\"og:image:type\" content=\"image\/jpeg\" \/>\n<meta name=\"author\" content=\"Exaudi Redacci\u00f3n\" \/>\n<meta name=\"twitter:card\" content=\"summary_large_image\" \/>\n<meta name=\"twitter:creator\" content=\"@Exaudi_noticias\" \/>\n<meta name=\"twitter:site\" content=\"@Exaudi_News\" \/>\n<meta name=\"twitter:label1\" content=\"Escrito por\" \/>\n\t<meta name=\"twitter:data1\" content=\"Exaudi Redacci\u00f3n\" \/>\n\t<meta name=\"twitter:label2\" content=\"Tiempo de lectura\" \/>\n\t<meta name=\"twitter:data2\" content=\"1 minuto\" \/>\n<script type=\"application\/ld+json\" class=\"yoast-schema-graph\">{\"@context\":\"https:\\\/\\\/schema.org\",\"@graph\":[{\"@type\":\"Article\",\"@id\":\"https:\\\/\\\/exaudi.org\\\/es\\\/francisco-a-los-jovenes-no-se-detengan-avancen-con-alegria-y-valentia\\\/#article\",\"isPartOf\":{\"@id\":\"https:\\\/\\\/exaudi.org\\\/es\\\/francisco-a-los-jovenes-no-se-detengan-avancen-con-alegria-y-valentia\\\/\"},\"author\":{\"name\":\"Exaudi Redacci\u00f3n\",\"@id\":\"https:\\\/\\\/exaudi.org\\\/#\\\/schema\\\/person\\\/f5fc8f063065e38742da7afe15f25df7\"},\"headline\":\"Francisco a los j\u00f3venes: No se detengan, avancen con alegr\u00eda y valent\u00eda\",\"datePublished\":\"2024-10-24T06:45:52+00:00\",\"mainEntityOfPage\":{\"@id\":\"https:\\\/\\\/exaudi.org\\\/es\\\/francisco-a-los-jovenes-no-se-detengan-avancen-con-alegria-y-valentia\\\/\"},\"wordCount\":282,\"image\":{\"@id\":\"https:\\\/\\\/exaudi.org\\\/es\\\/francisco-a-los-jovenes-no-se-detengan-avancen-con-alegria-y-valentia\\\/#primaryimage\"},\"thumbnailUrl\":\"https:\\\/\\\/exaudi.org\\\/wp-content\\\/uploads\\\/2024\\\/10\\\/cq5dam.thumbnail.cropped.750.422-1-9.jpeg\",\"keywords\":[\"alegr\u00eda\",\"avance\",\"caminar\",\"Esperanza\",\"estancamiento\",\"inspiraci\u00f3n\",\"J\u00f3venes\",\"mensaje\",\"met\u00e1fora del agua\",\"motivaci\u00f3n\",\"papa francisco\",\"Secretar\u00eda General del S\u00ednodo\",\"Sinodo\",\"Trending\",\"valent\u00eda\",\"Vaticano\",\"V\u00eddeo\"],\"articleSection\":[\"Le\u00f3n XIV\",\"Mensajes\"],\"inLanguage\":\"es\"},{\"@type\":\"WebPage\",\"@id\":\"https:\\\/\\\/exaudi.org\\\/es\\\/francisco-a-los-jovenes-no-se-detengan-avancen-con-alegria-y-valentia\\\/\",\"url\":\"https:\\\/\\\/exaudi.org\\\/es\\\/francisco-a-los-jovenes-no-se-detengan-avancen-con-alegria-y-valentia\\\/\",\"name\":\"Francisco a los j\u00f3venes: No se detengan, avancen con alegr\u00eda y valent\u00eda &#8211; Exaudi\",\"isPartOf\":{\"@id\":\"https:\\\/\\\/exaudi.org\\\/#website\"},\"primaryImageOfPage\":{\"@id\":\"https:\\\/\\\/exaudi.org\\\/es\\\/francisco-a-los-jovenes-no-se-detengan-avancen-con-alegria-y-valentia\\\/#primaryimage\"},\"image\":{\"@id\":\"https:\\\/\\\/exaudi.org\\\/es\\\/francisco-a-los-jovenes-no-se-detengan-avancen-con-alegria-y-valentia\\\/#primaryimage\"},\"thumbnailUrl\":\"https:\\\/\\\/exaudi.org\\\/wp-content\\\/uploads\\\/2024\\\/10\\\/cq5dam.thumbnail.cropped.750.422-1-9.jpeg\",\"datePublished\":\"2024-10-24T06:45:52+00:00\",\"author\":{\"@id\":\"https:\\\/\\\/exaudi.org\\\/#\\\/schema\\\/person\\\/f5fc8f063065e38742da7afe15f25df7\"},\"breadcrumb\":{\"@id\":\"https:\\\/\\\/exaudi.org\\\/es\\\/francisco-a-los-jovenes-no-se-detengan-avancen-con-alegria-y-valentia\\\/#breadcrumb\"},\"inLanguage\":\"es\",\"potentialAction\":[{\"@type\":\"ReadAction\",\"target\":[\"https:\\\/\\\/exaudi.org\\\/es\\\/francisco-a-los-jovenes-no-se-detengan-avancen-con-alegria-y-valentia\\\/\"]}]},{\"@type\":\"ImageObject\",\"inLanguage\":\"es\",\"@id\":\"https:\\\/\\\/exaudi.org\\\/es\\\/francisco-a-los-jovenes-no-se-detengan-avancen-con-alegria-y-valentia\\\/#primaryimage\",\"url\":\"https:\\\/\\\/exaudi.org\\\/wp-content\\\/uploads\\\/2024\\\/10\\\/cq5dam.thumbnail.cropped.750.422-1-9.jpeg\",\"contentUrl\":\"https:\\\/\\\/exaudi.org\\\/wp-content\\\/uploads\\\/2024\\\/10\\\/cq5dam.thumbnail.cropped.750.422-1-9.jpeg\",\"width\":750,\"height\":422},{\"@type\":\"BreadcrumbList\",\"@id\":\"https:\\\/\\\/exaudi.org\\\/es\\\/francisco-a-los-jovenes-no-se-detengan-avancen-con-alegria-y-valentia\\\/#breadcrumb\",\"itemListElement\":[{\"@type\":\"ListItem\",\"position\":1,\"name\":\"Portada\",\"item\":\"https:\\\/\\\/exaudi.org\\\/es\\\/\"},{\"@type\":\"ListItem\",\"position\":2,\"name\":\"Francisco a los j\u00f3venes: No se detengan, avancen con alegr\u00eda y valent\u00eda\"}]},{\"@type\":\"WebSite\",\"@id\":\"https:\\\/\\\/exaudi.org\\\/#website\",\"url\":\"https:\\\/\\\/exaudi.org\\\/\",\"name\":\"Exaudi\",\"description\":\"News\",\"potentialAction\":[{\"@type\":\"SearchAction\",\"target\":{\"@type\":\"EntryPoint\",\"urlTemplate\":\"https:\\\/\\\/exaudi.org\\\/?s={search_term_string}\"},\"query-input\":{\"@type\":\"PropertyValueSpecification\",\"valueRequired\":true,\"valueName\":\"search_term_string\"}}],\"inLanguage\":\"es\"},{\"@type\":\"Person\",\"@id\":\"https:\\\/\\\/exaudi.org\\\/#\\\/schema\\\/person\\\/f5fc8f063065e38742da7afe15f25df7\",\"name\":\"Exaudi Redacci\u00f3n\",\"image\":{\"@type\":\"ImageObject\",\"inLanguage\":\"es\",\"@id\":\"https:\\\/\\\/secure.gravatar.com\\\/avatar\\\/fe0f6a059fb68d9b3e11bc5850dd4899b1c7492091a3cb6dd9b01b56ad828be2?s=96&d=mm&r=g\",\"url\":\"https:\\\/\\\/secure.gravatar.com\\\/avatar\\\/fe0f6a059fb68d9b3e11bc5850dd4899b1c7492091a3cb6dd9b01b56ad828be2?s=96&d=mm&r=g\",\"contentUrl\":\"https:\\\/\\\/secure.gravatar.com\\\/avatar\\\/fe0f6a059fb68d9b3e11bc5850dd4899b1c7492091a3cb6dd9b01b56ad828be2?s=96&d=mm&r=g\",\"caption\":\"Exaudi Redacci\u00f3n\"},\"description\":\"\u00bfQu\u00e9 es Exaudi News? Exaudi News es un medio de comunicaci\u00f3n cat\u00f3lico internacional que informa, forma y transforma, diariamente en espa\u00f1ol, ingl\u00e9s e italiano. A trav\u00e9s de noticias, art\u00edculos de an\u00e1lisis y transmisiones en directo de los eventos del Papa, Exaudi busca fortalecer la unidad de los cristianos y contribuir a la evangelizaci\u00f3n del mundo, siempre guiados por la doctrina social de la Iglesia. Trabajamos para acercar la verdad y los valores cristianos a cada rinc\u00f3n del planeta. \u00a1Ay\u00fadanos a transformar el mundo con Exaudi! En Exaudi creemos que la evangelizaci\u00f3n y la informaci\u00f3n de calidad pueden cambiar vidas. Para continuar con nuestra misi\u00f3n y expandir nuestro alcance, necesitamos tu ayuda. Adem\u00e1s, buscamos personas comprometidas que deseen unirse a nuestro equipo. Con tu apoyo, lograremos llegar a m\u00e1s personas, difundir el mensaje de Cristo y reforzar la unidad de los cristianos. \u00bfTe unes a nuestra misi\u00f3n? Para m\u00e1s informaci\u00f3n sobre c\u00f3mo colaborar, visita Exaudi.org\\\/es o cont\u00e1ctanos directamente: info@exaudi.org Exaudi: Informa, forma y transforma.\",\"sameAs\":[\"https:\\\/\\\/www.facebook.com\\\/ExaudiNoticias\\\/\",\"https:\\\/\\\/www.instagram.com\\\/exaudi_noticias\\\/\",\"https:\\\/\\\/x.com\\\/Exaudi_noticias\",\"https:\\\/\\\/www.youtube.com\\\/@exaudicatholicnews\"],\"url\":\"https:\\\/\\\/exaudi.org\\\/es\\\/author\\\/redaccionexaudi\\\/\"}]}<\/script>\n<!-- \/ Yoast SEO plugin. -->","yoast_head_json":{"title":"Francisco a los j\u00f3venes: No se detengan, avancen con alegr\u00eda y valent\u00eda &#8211; Exaudi","robots":{"index":"index","follow":"follow","max-snippet":"max-snippet:-1","max-image-preview":"max-image-preview:large","max-video-preview":"max-video-preview:-1"},"canonical":"https:\/\/exaudi.org\/es\/francisco-a-los-jovenes-no-se-detengan-avancen-con-alegria-y-valentia\/","og_locale":"es_ES","og_type":"article","og_title":"Francisco a los j\u00f3venes: No se detengan, avancen con alegr\u00eda y valent\u00eda &#8211; Exaudi","og_description":"Un llamado a la acci\u00f3n y a la esperanza: El Papa Francisco motiva a los j\u00f3venes a seguir adelante","og_url":"https:\/\/exaudi.org\/es\/francisco-a-los-jovenes-no-se-detengan-avancen-con-alegria-y-valentia\/","og_site_name":"Exaudi","article_publisher":"https:\/\/www.facebook.com\/ExaudiNews","article_author":"https:\/\/www.facebook.com\/ExaudiNoticias\/","article_published_time":"2024-10-24T06:45:52+00:00","og_image":[{"width":750,"height":422,"url":"https:\/\/exaudi.org\/wp-content\/uploads\/2024\/10\/cq5dam.thumbnail.cropped.750.422-1-9.jpeg","type":"image\/jpeg"}],"author":"Exaudi Redacci\u00f3n","twitter_card":"summary_large_image","twitter_creator":"@Exaudi_noticias","twitter_site":"@Exaudi_News","twitter_misc":{"Escrito por":"Exaudi Redacci\u00f3n","Tiempo de lectura":"1 minuto"},"schema":{"@context":"https:\/\/schema.org","@graph":[{"@type":"Article","@id":"https:\/\/exaudi.org\/es\/francisco-a-los-jovenes-no-se-detengan-avancen-con-alegria-y-valentia\/#article","isPartOf":{"@id":"https:\/\/exaudi.org\/es\/francisco-a-los-jovenes-no-se-detengan-avancen-con-alegria-y-valentia\/"},"author":{"name":"Exaudi Redacci\u00f3n","@id":"https:\/\/exaudi.org\/#\/schema\/person\/f5fc8f063065e38742da7afe15f25df7"},"headline":"Francisco a los j\u00f3venes: No se detengan, avancen con alegr\u00eda y valent\u00eda","datePublished":"2024-10-24T06:45:52+00:00","mainEntityOfPage":{"@id":"https:\/\/exaudi.org\/es\/francisco-a-los-jovenes-no-se-detengan-avancen-con-alegria-y-valentia\/"},"wordCount":282,"image":{"@id":"https:\/\/exaudi.org\/es\/francisco-a-los-jovenes-no-se-detengan-avancen-con-alegria-y-valentia\/#primaryimage"},"thumbnailUrl":"https:\/\/exaudi.org\/wp-content\/uploads\/2024\/10\/cq5dam.thumbnail.cropped.750.422-1-9.jpeg","keywords":["alegr\u00eda","avance","caminar","Esperanza","estancamiento","inspiraci\u00f3n","J\u00f3venes","mensaje","met\u00e1fora del agua","motivaci\u00f3n","papa francisco","Secretar\u00eda General del S\u00ednodo","Sinodo","Trending","valent\u00eda","Vaticano","V\u00eddeo"],"articleSection":["Le\u00f3n XIV","Mensajes"],"inLanguage":"es"},{"@type":"WebPage","@id":"https:\/\/exaudi.org\/es\/francisco-a-los-jovenes-no-se-detengan-avancen-con-alegria-y-valentia\/","url":"https:\/\/exaudi.org\/es\/francisco-a-los-jovenes-no-se-detengan-avancen-con-alegria-y-valentia\/","name":"Francisco a los j\u00f3venes: No se detengan, avancen con alegr\u00eda y valent\u00eda &#8211; Exaudi","isPartOf":{"@id":"https:\/\/exaudi.org\/#website"},"primaryImageOfPage":{"@id":"https:\/\/exaudi.org\/es\/francisco-a-los-jovenes-no-se-detengan-avancen-con-alegria-y-valentia\/#primaryimage"},"image":{"@id":"https:\/\/exaudi.org\/es\/francisco-a-los-jovenes-no-se-detengan-avancen-con-alegria-y-valentia\/#primaryimage"},"thumbnailUrl":"https:\/\/exaudi.org\/wp-content\/uploads\/2024\/10\/cq5dam.thumbnail.cropped.750.422-1-9.jpeg","datePublished":"2024-10-24T06:45:52+00:00","author":{"@id":"https:\/\/exaudi.org\/#\/schema\/person\/f5fc8f063065e38742da7afe15f25df7"},"breadcrumb":{"@id":"https:\/\/exaudi.org\/es\/francisco-a-los-jovenes-no-se-detengan-avancen-con-alegria-y-valentia\/#breadcrumb"},"inLanguage":"es","potentialAction":[{"@type":"ReadAction","target":["https:\/\/exaudi.org\/es\/francisco-a-los-jovenes-no-se-detengan-avancen-con-alegria-y-valentia\/"]}]},{"@type":"ImageObject","inLanguage":"es","@id":"https:\/\/exaudi.org\/es\/francisco-a-los-jovenes-no-se-detengan-avancen-con-alegria-y-valentia\/#primaryimage","url":"https:\/\/exaudi.org\/wp-content\/uploads\/2024\/10\/cq5dam.thumbnail.cropped.750.422-1-9.jpeg","contentUrl":"https:\/\/exaudi.org\/wp-content\/uploads\/2024\/10\/cq5dam.thumbnail.cropped.750.422-1-9.jpeg","width":750,"height":422},{"@type":"BreadcrumbList","@id":"https:\/\/exaudi.org\/es\/francisco-a-los-jovenes-no-se-detengan-avancen-con-alegria-y-valentia\/#breadcrumb","itemListElement":[{"@type":"ListItem","position":1,"name":"Portada","item":"https:\/\/exaudi.org\/es\/"},{"@type":"ListItem","position":2,"name":"Francisco a los j\u00f3venes: No se detengan, avancen con alegr\u00eda y valent\u00eda"}]},{"@type":"WebSite","@id":"https:\/\/exaudi.org\/#website","url":"https:\/\/exaudi.org\/","name":"Exaudi","description":"News","potentialAction":[{"@type":"SearchAction","target":{"@type":"EntryPoint","urlTemplate":"https:\/\/exaudi.org\/?s={search_term_string}"},"query-input":{"@type":"PropertyValueSpecification","valueRequired":true,"valueName":"search_term_string"}}],"inLanguage":"es"},{"@type":"Person","@id":"https:\/\/exaudi.org\/#\/schema\/person\/f5fc8f063065e38742da7afe15f25df7","name":"Exaudi Redacci\u00f3n","image":{"@type":"ImageObject","inLanguage":"es","@id":"https:\/\/secure.gravatar.com\/avatar\/fe0f6a059fb68d9b3e11bc5850dd4899b1c7492091a3cb6dd9b01b56ad828be2?s=96&d=mm&r=g","url":"https:\/\/secure.gravatar.com\/avatar\/fe0f6a059fb68d9b3e11bc5850dd4899b1c7492091a3cb6dd9b01b56ad828be2?s=96&d=mm&r=g","contentUrl":"https:\/\/secure.gravatar.com\/avatar\/fe0f6a059fb68d9b3e11bc5850dd4899b1c7492091a3cb6dd9b01b56ad828be2?s=96&d=mm&r=g","caption":"Exaudi Redacci\u00f3n"},"description":"\u00bfQu\u00e9 es Exaudi News? Exaudi News es un medio de comunicaci\u00f3n cat\u00f3lico internacional que informa, forma y transforma, diariamente en espa\u00f1ol, ingl\u00e9s e italiano. A trav\u00e9s de noticias, art\u00edculos de an\u00e1lisis y transmisiones en directo de los eventos del Papa, Exaudi busca fortalecer la unidad de los cristianos y contribuir a la evangelizaci\u00f3n del mundo, siempre guiados por la doctrina social de la Iglesia. Trabajamos para acercar la verdad y los valores cristianos a cada rinc\u00f3n del planeta. \u00a1Ay\u00fadanos a transformar el mundo con Exaudi! En Exaudi creemos que la evangelizaci\u00f3n y la informaci\u00f3n de calidad pueden cambiar vidas. Para continuar con nuestra misi\u00f3n y expandir nuestro alcance, necesitamos tu ayuda. Adem\u00e1s, buscamos personas comprometidas que deseen unirse a nuestro equipo. Con tu apoyo, lograremos llegar a m\u00e1s personas, difundir el mensaje de Cristo y reforzar la unidad de los cristianos. \u00bfTe unes a nuestra misi\u00f3n? Para m\u00e1s informaci\u00f3n sobre c\u00f3mo colaborar, visita Exaudi.org\/es o cont\u00e1ctanos directamente: info@exaudi.org Exaudi: Informa, forma y transforma.","sameAs":["https:\/\/www.facebook.com\/ExaudiNoticias\/","https:\/\/www.instagram.com\/exaudi_noticias\/","https:\/\/x.com\/Exaudi_noticias","https:\/\/www.youtube.com\/@exaudicatholicnews"],"url":"https:\/\/exaudi.org\/es\/author\/redaccionexaudi\/"}]}},"jetpack_featured_media_url":"https:\/\/exaudi.org\/wp-content\/uploads\/2024\/10\/cq5dam.thumbnail.cropped.750.422-1-9.jpeg","jetpack_shortlink":"https:\/\/wp.me\/pgKjF2-sYj","_links":{"self":[{"href":"https:\/\/exaudi.org\/es\/wp-json\/wp\/v2\/posts\/111371","targetHints":{"allow":["GET"]}}],"collection":[{"href":"https:\/\/exaudi.org\/es\/wp-json\/wp\/v2\/posts"}],"about":[{"href":"https:\/\/exaudi.org\/es\/wp-json\/wp\/v2\/types\/post"}],"author":[{"embeddable":true,"href":"https:\/\/exaudi.org\/es\/wp-json\/wp\/v2\/users\/15"}],"replies":[{"embeddable":true,"href":"https:\/\/exaudi.org\/es\/wp-json\/wp\/v2\/comments?post=111371"}],"version-history":[{"count":0,"href":"https:\/\/exaudi.org\/es\/wp-json\/wp\/v2\/posts\/111371\/revisions"}],"wp:featuredmedia":[{"embeddable":true,"href":"https:\/\/exaudi.org\/es\/wp-json\/wp\/v2\/media\/111372"}],"wp:attachment":[{"href":"https:\/\/exaudi.org\/es\/wp-json\/wp\/v2\/media?parent=111371"}],"wp:term":[{"taxonomy":"category","embeddable":true,"href":"https:\/\/exaudi.org\/es\/wp-json\/wp\/v2\/categories?post=111371"},{"taxonomy":"post_tag","embeddable":true,"href":"https:\/\/exaudi.org\/es\/wp-json\/wp\/v2\/tags?post=111371"}],"curies":[{"name":"wp","href":"https:\/\/api.w.org\/{rel}","templated":true}]}}