{"id":111265,"date":"2024-10-23T08:00:51","date_gmt":"2024-10-23T06:00:51","guid":{"rendered":"https:\/\/exaudi.org\/?p=111265"},"modified":"2024-10-22T13:14:30","modified_gmt":"2024-10-22T11:14:30","slug":"reflexiones-del-i-congreso-internacional-virgen-de-garabandal","status":"publish","type":"post","link":"https:\/\/exaudi.org\/es\/reflexiones-del-i-congreso-internacional-virgen-de-garabandal\/","title":{"rendered":"Reflexiones del I Congreso Internacional Virgen de Garabandal: Un Llamado a la Conversi\u00f3n y a la Fe"},"content":{"rendered":"<p>Durante el \u00abI Congreso Internacional Virgen de Garabandal\u00bb, celebrado del 17 al 19 de octubre de 2024 en San Sebasti\u00e1n de Garabandal ( Espa\u00f1a), Albert Cortina (abogado, urbanista y escritor), <a href=\"https:\/\/exaudi.org\/es\/garanbandal-valores-y-virtudes-cristianas-para-nuestro-tiempo\/\" target=\"_blank\" rel=\"noopener\">abord\u00f3 la relevancia de los valores humanos y las virtudes cristianas para nuestro tiempo<\/a>.<\/p>\n<p>A lo largo de su intervenci\u00f3n, Cortina enfatiz\u00f3 la necesidad de un amor m\u00e1s profundo a Nuestra Madre, la Sant\u00edsima Virgen Mar\u00eda, destacando su papel principal como maestra, mediadora y abogada ante los grandes y graves desaf\u00edos contempor\u00e1neos.<\/p>\n<p>Albert Cortina expuso tambi\u00e9n, c\u00f3mo el principal mensaje de Garabandal supone una invitaci\u00f3n urgente a la conversi\u00f3n de nuestros corazones, a la oraci\u00f3n, a la penitencia, al sacrificio, a la contemplaci\u00f3n de la Palabra de Dios y al encuentro personal con Jes\u00fas Eucaristia.<\/p>\n<p>Los mensajes de la Virgen del Carmen en Garabandal ( Aviso o iluminaci\u00f3n de la conciencia, Milagro para mostrar a toda la humanidad la Misericordia y la Justicia de Dios, as\u00ed como una purificaci\u00f3n o Castigo, condicionado a nuestra respuesta y a c\u00f3mo hayamos aceptado volver nuestra mirada y coraz\u00f3n hacia nuestro Creador), son mensajes de esperanza y salvaci\u00f3n.<\/p>\n<p>De este modo, dichos mensajes de Nuestra Madre, se nos presentan como una gu\u00eda para transitar por los \u00daltimos Tiempos de los gentiles y de las naciones, antes del triunfo del Inmaculado Coraz\u00f3n de Mar\u00eda y del reinado del Sagrado Coraz\u00f3n de Jes\u00fas, en un mundo y una humanidad que ser\u00e1n totalmente restaurados.<\/p>\n<p>A trav\u00e9s de su experiencia personal y reflexiones sobre la fe, Albert Cortina subray\u00f3 la importancia de cultivar, entre otras, las virtudes de la humildad, la confianza y la esperanza, instando a los asistentes a buscar refugio y hogar en la maternidad espiritual de Mar\u00eda.<\/p>\n<p>Su intervenci\u00f3n no solo se centr\u00f3 en la visi\u00f3n espiritual de Garabandal, sino que tambi\u00e9n abord\u00f3 el impacto de los cambios antropol\u00f3gicos, culturales, cient\u00edficos y tecnol\u00f3gicos en la sociedad actual que pretende construir un Nuevo Orden Mundial sin Dios, a partir de bioideolog\u00edas de disoluci\u00f3n de la naturaleza humana, como el transhumanismo y el posthumanismo, que pretenden construir una sociedad deshumanizada, y una \u201creligi\u00f3n secular del hombre\u201d que ha aceptado la vieja tentaci\u00f3n de Satan\u00e1s que nos susurra constantemente la idea de \u201c!Sereis como dioses!\u201d. Sin embargo, Nuestra Madre reune a sus hijos para ser ap\u00f3stoles de Jes\u00fas en nuestro tiempo, e impulsados por el Esp\u00edritu Santo, contribuyamos a la construcci\u00f3n de la civilizaci\u00f3n del amor y del Reino de Dios en el mundo.<\/p>\n<p>En resumen, la ponencia de Albert Cortina fue un llamado a la acci\u00f3n, (\u201c\u00a1Haced lo que \u00c9l os diga!\u201d , nos pide Mar\u00eda), invitando a los participantes del Congreso a fortalecer su fe y a vivir de acuerdo con los valores humanos y las virtudes cristianas que la Sant\u00edsima Virgen nos ense\u00f1a, dirigiendo sus mensajes a una humanidad que necesita urgentemente a Jesucristo, la aut\u00e9ntica Luz del Mundo.<\/p>\n<p><iframe loading=\"lazy\" title=\"Albert Cortina - I Congreso Internacional Virgen de Garabandal - 17 a 19 octubre 2024\" width=\"500\" height=\"281\" src=\"https:\/\/www.youtube.com\/embed\/blYSOoQ9ORg?feature=oembed\" frameborder=\"0\" allow=\"accelerometer; autoplay; clipboard-write; encrypted-media; gyroscope; picture-in-picture; web-share\" referrerpolicy=\"strict-origin-when-cross-origin\" allowfullscreen><\/iframe><\/p>\n<p><strong>Ponencias del I Congreso Internacional Virgen de Garabandal:\u00a0<\/strong><a href=\"https:\/\/m.youtube.com\/watch?v=RnP4oJib7gI\" target=\"_blank\" rel=\"noopener\">Parte 1<\/a> &#8211;\u00a0<a href=\"https:\/\/m.youtube.com\/watch?v=YgWudShS5vc\" target=\"_blank\" rel=\"noopener\">Parte 2<\/a><\/p>\n","protected":false},"excerpt":{"rendered":"<p>Albert Cortina destaca la importancia de los valores humanos y las virtudes cristianas en tiempos de cambio, invitando a encontrar refugio en la maternidad espiritual de Mar\u00eda y a vivir los mensajes de esperanza de Garabandal<\/p>\n","protected":false},"author":146,"featured_media":111266,"comment_status":"closed","ping_status":"closed","sticky":false,"template":"","format":"standard","meta":{"_acf_changed":false,"_crdt_document":"","inline_featured_image":false,"footnotes":""},"categories":[74],"tags":[14131,28794,3900,624,3164,28792,2723,28796,28795,27955,676,12953,17834,14709,12955,2764,9686,27958,14180,4953,28793,23000,27952],"class_list":["post-111265","post","type-post","status-publish","format-standard","has-post-thumbnail","hentry","category-iglesia-y-mundo","tag-albert-cortina","tag-civilizacion-del-amor","tag-conversion","tag-esperanza","tag-fe-es","tag-i-congreso-internacional-virgen-de-garabandal","tag-inmaculado-corazon-de-maria","tag-luz-del-mundo","tag-maternidad-espiritual-de-maria","tag-mensajes-de-garabandal","tag-oracion","tag-penitencia","tag-posthumanismo","tag-reino-de-dios","tag-sacrificio-2","tag-sagrado-corazon-de-jesus","tag-salvacion","tag-santisima-virgen-maria","tag-transhumanismo","tag-trending-es","tag-ultimo-tiempos","tag-valores-humanos","tag-virtudes-cristianas"],"acf":[],"yoast_head":"<!-- This site is optimized with the Yoast SEO plugin v27.4 - https:\/\/yoast.com\/product\/yoast-seo-wordpress\/ -->\n<title>Reflexiones del I Congreso Internacional Virgen de Garabandal: Un Llamado a la Conversi\u00f3n y a la Fe &#8211; Exaudi<\/title>\n<meta name=\"robots\" content=\"index, follow, max-snippet:-1, max-image-preview:large, max-video-preview:-1\" \/>\n<link rel=\"canonical\" href=\"https:\/\/exaudi.org\/es\/reflexiones-del-i-congreso-internacional-virgen-de-garabandal\/\" \/>\n<meta property=\"og:locale\" content=\"es_ES\" \/>\n<meta property=\"og:type\" content=\"article\" \/>\n<meta property=\"og:title\" content=\"Reflexiones del I Congreso Internacional Virgen de Garabandal: Un Llamado a la Conversi\u00f3n y a la Fe &#8211; Exaudi\" \/>\n<meta property=\"og:description\" content=\"Albert Cortina destaca la importancia de los valores humanos y las virtudes cristianas en tiempos de cambio, invitando a encontrar refugio en la maternidad espiritual de Mar\u00eda y a vivir los mensajes de esperanza de Garabandal\" \/>\n<meta property=\"og:url\" content=\"https:\/\/exaudi.org\/es\/reflexiones-del-i-congreso-internacional-virgen-de-garabandal\/\" \/>\n<meta property=\"og:site_name\" content=\"Exaudi\" \/>\n<meta property=\"article:publisher\" content=\"https:\/\/www.facebook.com\/ExaudiNews\" \/>\n<meta property=\"article:published_time\" content=\"2024-10-23T06:00:51+00:00\" \/>\n<meta property=\"og:image\" content=\"https:\/\/exaudi.org\/wp-content\/uploads\/2024\/10\/WhatsApp-Image-2024-10-21-at-16.40.18.jpeg\" \/>\n\t<meta property=\"og:image:width\" content=\"1225\" \/>\n\t<meta property=\"og:image:height\" content=\"1317\" \/>\n\t<meta property=\"og:image:type\" content=\"image\/jpeg\" \/>\n<meta name=\"author\" content=\"Albert Cortina\" \/>\n<meta name=\"twitter:card\" content=\"summary_large_image\" \/>\n<meta name=\"twitter:creator\" content=\"@Exaudi_News\" \/>\n<meta name=\"twitter:site\" content=\"@Exaudi_News\" \/>\n<meta name=\"twitter:label1\" content=\"Escrito por\" \/>\n\t<meta name=\"twitter:data1\" content=\"Albert Cortina\" \/>\n\t<meta name=\"twitter:label2\" content=\"Tiempo de lectura\" \/>\n\t<meta name=\"twitter:data2\" content=\"3 minutos\" \/>\n<script type=\"application\/ld+json\" class=\"yoast-schema-graph\">{\"@context\":\"https:\\\/\\\/schema.org\",\"@graph\":[{\"@type\":\"Article\",\"@id\":\"https:\\\/\\\/exaudi.org\\\/es\\\/reflexiones-del-i-congreso-internacional-virgen-de-garabandal\\\/#article\",\"isPartOf\":{\"@id\":\"https:\\\/\\\/exaudi.org\\\/es\\\/reflexiones-del-i-congreso-internacional-virgen-de-garabandal\\\/\"},\"author\":{\"name\":\"Albert Cortina\",\"@id\":\"https:\\\/\\\/exaudi.org\\\/#\\\/schema\\\/person\\\/eb838cd3b0de54952c6e6999dff746e0\"},\"headline\":\"Reflexiones del I Congreso Internacional Virgen de Garabandal: Un Llamado a la Conversi\u00f3n y a la Fe\",\"datePublished\":\"2024-10-23T06:00:51+00:00\",\"mainEntityOfPage\":{\"@id\":\"https:\\\/\\\/exaudi.org\\\/es\\\/reflexiones-del-i-congreso-internacional-virgen-de-garabandal\\\/\"},\"wordCount\":551,\"image\":{\"@id\":\"https:\\\/\\\/exaudi.org\\\/es\\\/reflexiones-del-i-congreso-internacional-virgen-de-garabandal\\\/#primaryimage\"},\"thumbnailUrl\":\"https:\\\/\\\/exaudi.org\\\/wp-content\\\/uploads\\\/2024\\\/10\\\/WhatsApp-Image-2024-10-21-at-16.40.18.jpeg\",\"keywords\":[\"Albert Cortina\",\"civilizaci\u00f3n del amor\",\"Conversi\u00f3n\",\"Esperanza\",\"fe\",\"I Congreso Internacional Virgen de Garabandal\",\"Inmaculado Coraz\u00f3n de Mar\u00eda\",\"luz del mundo\",\"maternidad espiritual de Mar\u00eda\",\"mensajes de Garabandal\",\"Oraci\u00f3n\",\"penitencia\",\"posthumanismo\",\"Reino de Dios\",\"sacrificio\",\"Sagrado Coraz\u00f3n de Jes\u00fas\",\"Salvaci\u00f3n\",\"Sant\u00edsima Virgen Mar\u00eda\",\"transhumanismo\",\"Trending\",\"\u00faltimo tiempos\",\"valores humanos\",\"virtudes cristianas\"],\"articleSection\":[\"Iglesia y Mundo\"],\"inLanguage\":\"es\"},{\"@type\":\"WebPage\",\"@id\":\"https:\\\/\\\/exaudi.org\\\/es\\\/reflexiones-del-i-congreso-internacional-virgen-de-garabandal\\\/\",\"url\":\"https:\\\/\\\/exaudi.org\\\/es\\\/reflexiones-del-i-congreso-internacional-virgen-de-garabandal\\\/\",\"name\":\"Reflexiones del I Congreso Internacional Virgen de Garabandal: Un Llamado a la Conversi\u00f3n y a la Fe &#8211; Exaudi\",\"isPartOf\":{\"@id\":\"https:\\\/\\\/exaudi.org\\\/#website\"},\"primaryImageOfPage\":{\"@id\":\"https:\\\/\\\/exaudi.org\\\/es\\\/reflexiones-del-i-congreso-internacional-virgen-de-garabandal\\\/#primaryimage\"},\"image\":{\"@id\":\"https:\\\/\\\/exaudi.org\\\/es\\\/reflexiones-del-i-congreso-internacional-virgen-de-garabandal\\\/#primaryimage\"},\"thumbnailUrl\":\"https:\\\/\\\/exaudi.org\\\/wp-content\\\/uploads\\\/2024\\\/10\\\/WhatsApp-Image-2024-10-21-at-16.40.18.jpeg\",\"datePublished\":\"2024-10-23T06:00:51+00:00\",\"author\":{\"@id\":\"https:\\\/\\\/exaudi.org\\\/#\\\/schema\\\/person\\\/eb838cd3b0de54952c6e6999dff746e0\"},\"breadcrumb\":{\"@id\":\"https:\\\/\\\/exaudi.org\\\/es\\\/reflexiones-del-i-congreso-internacional-virgen-de-garabandal\\\/#breadcrumb\"},\"inLanguage\":\"es\",\"potentialAction\":[{\"@type\":\"ReadAction\",\"target\":[\"https:\\\/\\\/exaudi.org\\\/es\\\/reflexiones-del-i-congreso-internacional-virgen-de-garabandal\\\/\"]}]},{\"@type\":\"ImageObject\",\"inLanguage\":\"es\",\"@id\":\"https:\\\/\\\/exaudi.org\\\/es\\\/reflexiones-del-i-congreso-internacional-virgen-de-garabandal\\\/#primaryimage\",\"url\":\"https:\\\/\\\/exaudi.org\\\/wp-content\\\/uploads\\\/2024\\\/10\\\/WhatsApp-Image-2024-10-21-at-16.40.18.jpeg\",\"contentUrl\":\"https:\\\/\\\/exaudi.org\\\/wp-content\\\/uploads\\\/2024\\\/10\\\/WhatsApp-Image-2024-10-21-at-16.40.18.jpeg\",\"width\":1225,\"height\":1317,\"caption\":\"Rocio Ramo Grajera\"},{\"@type\":\"BreadcrumbList\",\"@id\":\"https:\\\/\\\/exaudi.org\\\/es\\\/reflexiones-del-i-congreso-internacional-virgen-de-garabandal\\\/#breadcrumb\",\"itemListElement\":[{\"@type\":\"ListItem\",\"position\":1,\"name\":\"Portada\",\"item\":\"https:\\\/\\\/exaudi.org\\\/es\\\/\"},{\"@type\":\"ListItem\",\"position\":2,\"name\":\"Reflexiones del I Congreso Internacional Virgen de Garabandal: Un Llamado a la Conversi\u00f3n y a la Fe\"}]},{\"@type\":\"WebSite\",\"@id\":\"https:\\\/\\\/exaudi.org\\\/#website\",\"url\":\"https:\\\/\\\/exaudi.org\\\/\",\"name\":\"Exaudi\",\"description\":\"News\",\"potentialAction\":[{\"@type\":\"SearchAction\",\"target\":{\"@type\":\"EntryPoint\",\"urlTemplate\":\"https:\\\/\\\/exaudi.org\\\/?s={search_term_string}\"},\"query-input\":{\"@type\":\"PropertyValueSpecification\",\"valueRequired\":true,\"valueName\":\"search_term_string\"}}],\"inLanguage\":\"es\"},{\"@type\":\"Person\",\"@id\":\"https:\\\/\\\/exaudi.org\\\/#\\\/schema\\\/person\\\/eb838cd3b0de54952c6e6999dff746e0\",\"name\":\"Albert Cortina\",\"image\":{\"@type\":\"ImageObject\",\"inLanguage\":\"es\",\"@id\":\"https:\\\/\\\/secure.gravatar.com\\\/avatar\\\/a6ff6f8f9d2f6d3dfd6a704e7dfe85e4f91abe27f2654610849fd7578b1d572d?s=96&d=mm&r=g\",\"url\":\"https:\\\/\\\/secure.gravatar.com\\\/avatar\\\/a6ff6f8f9d2f6d3dfd6a704e7dfe85e4f91abe27f2654610849fd7578b1d572d?s=96&d=mm&r=g\",\"contentUrl\":\"https:\\\/\\\/secure.gravatar.com\\\/avatar\\\/a6ff6f8f9d2f6d3dfd6a704e7dfe85e4f91abe27f2654610849fd7578b1d572d?s=96&d=mm&r=g\",\"caption\":\"Albert Cortina\"},\"description\":\"Albert Cortina es abogado y urbanista. Director del Estudio DTUM, impulsa un humanismo avanzado para una sociedad donde las biotecnolog\u00edas exponenciales est\u00e9n al servicio de las personas y de la vida. Promueve la integraci\u00f3n entre ciencia, \u00e9tica y espiritualidad. Actualmente focaliza su atenci\u00f3n en la preservaci\u00f3n de la naturaleza y condici\u00f3n humana desde una antropolog\u00eda adecuada que priorice el desarrollo integral de la persona. Cree en unos principios basados en una \u00e9tica universal que tenga su fundamento en la ley natural y en la espiritualidad del coraz\u00f3n. Desde su vocaci\u00f3n profesional gestiona ideas, valores y proyectos a favor del bien com\u00fan.\",\"url\":\"https:\\\/\\\/exaudi.org\\\/es\\\/author\\\/albert-cortina\\\/\"}]}<\/script>\n<!-- \/ Yoast SEO plugin. -->","yoast_head_json":{"title":"Reflexiones del I Congreso Internacional Virgen de Garabandal: Un Llamado a la Conversi\u00f3n y a la Fe &#8211; Exaudi","robots":{"index":"index","follow":"follow","max-snippet":"max-snippet:-1","max-image-preview":"max-image-preview:large","max-video-preview":"max-video-preview:-1"},"canonical":"https:\/\/exaudi.org\/es\/reflexiones-del-i-congreso-internacional-virgen-de-garabandal\/","og_locale":"es_ES","og_type":"article","og_title":"Reflexiones del I Congreso Internacional Virgen de Garabandal: Un Llamado a la Conversi\u00f3n y a la Fe &#8211; Exaudi","og_description":"Albert Cortina destaca la importancia de los valores humanos y las virtudes cristianas en tiempos de cambio, invitando a encontrar refugio en la maternidad espiritual de Mar\u00eda y a vivir los mensajes de esperanza de Garabandal","og_url":"https:\/\/exaudi.org\/es\/reflexiones-del-i-congreso-internacional-virgen-de-garabandal\/","og_site_name":"Exaudi","article_publisher":"https:\/\/www.facebook.com\/ExaudiNews","article_published_time":"2024-10-23T06:00:51+00:00","og_image":[{"width":1225,"height":1317,"url":"https:\/\/exaudi.org\/wp-content\/uploads\/2024\/10\/WhatsApp-Image-2024-10-21-at-16.40.18.jpeg","type":"image\/jpeg"}],"author":"Albert Cortina","twitter_card":"summary_large_image","twitter_creator":"@Exaudi_News","twitter_site":"@Exaudi_News","twitter_misc":{"Escrito por":"Albert Cortina","Tiempo de lectura":"3 minutos"},"schema":{"@context":"https:\/\/schema.org","@graph":[{"@type":"Article","@id":"https:\/\/exaudi.org\/es\/reflexiones-del-i-congreso-internacional-virgen-de-garabandal\/#article","isPartOf":{"@id":"https:\/\/exaudi.org\/es\/reflexiones-del-i-congreso-internacional-virgen-de-garabandal\/"},"author":{"name":"Albert Cortina","@id":"https:\/\/exaudi.org\/#\/schema\/person\/eb838cd3b0de54952c6e6999dff746e0"},"headline":"Reflexiones del I Congreso Internacional Virgen de Garabandal: Un Llamado a la Conversi\u00f3n y a la Fe","datePublished":"2024-10-23T06:00:51+00:00","mainEntityOfPage":{"@id":"https:\/\/exaudi.org\/es\/reflexiones-del-i-congreso-internacional-virgen-de-garabandal\/"},"wordCount":551,"image":{"@id":"https:\/\/exaudi.org\/es\/reflexiones-del-i-congreso-internacional-virgen-de-garabandal\/#primaryimage"},"thumbnailUrl":"https:\/\/exaudi.org\/wp-content\/uploads\/2024\/10\/WhatsApp-Image-2024-10-21-at-16.40.18.jpeg","keywords":["Albert Cortina","civilizaci\u00f3n del amor","Conversi\u00f3n","Esperanza","fe","I Congreso Internacional Virgen de Garabandal","Inmaculado Coraz\u00f3n de Mar\u00eda","luz del mundo","maternidad espiritual de Mar\u00eda","mensajes de Garabandal","Oraci\u00f3n","penitencia","posthumanismo","Reino de Dios","sacrificio","Sagrado Coraz\u00f3n de Jes\u00fas","Salvaci\u00f3n","Sant\u00edsima Virgen Mar\u00eda","transhumanismo","Trending","\u00faltimo tiempos","valores humanos","virtudes cristianas"],"articleSection":["Iglesia y Mundo"],"inLanguage":"es"},{"@type":"WebPage","@id":"https:\/\/exaudi.org\/es\/reflexiones-del-i-congreso-internacional-virgen-de-garabandal\/","url":"https:\/\/exaudi.org\/es\/reflexiones-del-i-congreso-internacional-virgen-de-garabandal\/","name":"Reflexiones del I Congreso Internacional Virgen de Garabandal: Un Llamado a la Conversi\u00f3n y a la Fe &#8211; Exaudi","isPartOf":{"@id":"https:\/\/exaudi.org\/#website"},"primaryImageOfPage":{"@id":"https:\/\/exaudi.org\/es\/reflexiones-del-i-congreso-internacional-virgen-de-garabandal\/#primaryimage"},"image":{"@id":"https:\/\/exaudi.org\/es\/reflexiones-del-i-congreso-internacional-virgen-de-garabandal\/#primaryimage"},"thumbnailUrl":"https:\/\/exaudi.org\/wp-content\/uploads\/2024\/10\/WhatsApp-Image-2024-10-21-at-16.40.18.jpeg","datePublished":"2024-10-23T06:00:51+00:00","author":{"@id":"https:\/\/exaudi.org\/#\/schema\/person\/eb838cd3b0de54952c6e6999dff746e0"},"breadcrumb":{"@id":"https:\/\/exaudi.org\/es\/reflexiones-del-i-congreso-internacional-virgen-de-garabandal\/#breadcrumb"},"inLanguage":"es","potentialAction":[{"@type":"ReadAction","target":["https:\/\/exaudi.org\/es\/reflexiones-del-i-congreso-internacional-virgen-de-garabandal\/"]}]},{"@type":"ImageObject","inLanguage":"es","@id":"https:\/\/exaudi.org\/es\/reflexiones-del-i-congreso-internacional-virgen-de-garabandal\/#primaryimage","url":"https:\/\/exaudi.org\/wp-content\/uploads\/2024\/10\/WhatsApp-Image-2024-10-21-at-16.40.18.jpeg","contentUrl":"https:\/\/exaudi.org\/wp-content\/uploads\/2024\/10\/WhatsApp-Image-2024-10-21-at-16.40.18.jpeg","width":1225,"height":1317,"caption":"Rocio Ramo Grajera"},{"@type":"BreadcrumbList","@id":"https:\/\/exaudi.org\/es\/reflexiones-del-i-congreso-internacional-virgen-de-garabandal\/#breadcrumb","itemListElement":[{"@type":"ListItem","position":1,"name":"Portada","item":"https:\/\/exaudi.org\/es\/"},{"@type":"ListItem","position":2,"name":"Reflexiones del I Congreso Internacional Virgen de Garabandal: Un Llamado a la Conversi\u00f3n y a la Fe"}]},{"@type":"WebSite","@id":"https:\/\/exaudi.org\/#website","url":"https:\/\/exaudi.org\/","name":"Exaudi","description":"News","potentialAction":[{"@type":"SearchAction","target":{"@type":"EntryPoint","urlTemplate":"https:\/\/exaudi.org\/?s={search_term_string}"},"query-input":{"@type":"PropertyValueSpecification","valueRequired":true,"valueName":"search_term_string"}}],"inLanguage":"es"},{"@type":"Person","@id":"https:\/\/exaudi.org\/#\/schema\/person\/eb838cd3b0de54952c6e6999dff746e0","name":"Albert Cortina","image":{"@type":"ImageObject","inLanguage":"es","@id":"https:\/\/secure.gravatar.com\/avatar\/a6ff6f8f9d2f6d3dfd6a704e7dfe85e4f91abe27f2654610849fd7578b1d572d?s=96&d=mm&r=g","url":"https:\/\/secure.gravatar.com\/avatar\/a6ff6f8f9d2f6d3dfd6a704e7dfe85e4f91abe27f2654610849fd7578b1d572d?s=96&d=mm&r=g","contentUrl":"https:\/\/secure.gravatar.com\/avatar\/a6ff6f8f9d2f6d3dfd6a704e7dfe85e4f91abe27f2654610849fd7578b1d572d?s=96&d=mm&r=g","caption":"Albert Cortina"},"description":"Albert Cortina es abogado y urbanista. Director del Estudio DTUM, impulsa un humanismo avanzado para una sociedad donde las biotecnolog\u00edas exponenciales est\u00e9n al servicio de las personas y de la vida. Promueve la integraci\u00f3n entre ciencia, \u00e9tica y espiritualidad. Actualmente focaliza su atenci\u00f3n en la preservaci\u00f3n de la naturaleza y condici\u00f3n humana desde una antropolog\u00eda adecuada que priorice el desarrollo integral de la persona. Cree en unos principios basados en una \u00e9tica universal que tenga su fundamento en la ley natural y en la espiritualidad del coraz\u00f3n. Desde su vocaci\u00f3n profesional gestiona ideas, valores y proyectos a favor del bien com\u00fan.","url":"https:\/\/exaudi.org\/es\/author\/albert-cortina\/"}]}},"jetpack_featured_media_url":"https:\/\/exaudi.org\/wp-content\/uploads\/2024\/10\/WhatsApp-Image-2024-10-21-at-16.40.18.jpeg","jetpack_shortlink":"https:\/\/wp.me\/pgKjF2-sWB","_links":{"self":[{"href":"https:\/\/exaudi.org\/es\/wp-json\/wp\/v2\/posts\/111265","targetHints":{"allow":["GET"]}}],"collection":[{"href":"https:\/\/exaudi.org\/es\/wp-json\/wp\/v2\/posts"}],"about":[{"href":"https:\/\/exaudi.org\/es\/wp-json\/wp\/v2\/types\/post"}],"author":[{"embeddable":true,"href":"https:\/\/exaudi.org\/es\/wp-json\/wp\/v2\/users\/146"}],"replies":[{"embeddable":true,"href":"https:\/\/exaudi.org\/es\/wp-json\/wp\/v2\/comments?post=111265"}],"version-history":[{"count":0,"href":"https:\/\/exaudi.org\/es\/wp-json\/wp\/v2\/posts\/111265\/revisions"}],"wp:featuredmedia":[{"embeddable":true,"href":"https:\/\/exaudi.org\/es\/wp-json\/wp\/v2\/media\/111266"}],"wp:attachment":[{"href":"https:\/\/exaudi.org\/es\/wp-json\/wp\/v2\/media?parent=111265"}],"wp:term":[{"taxonomy":"category","embeddable":true,"href":"https:\/\/exaudi.org\/es\/wp-json\/wp\/v2\/categories?post=111265"},{"taxonomy":"post_tag","embeddable":true,"href":"https:\/\/exaudi.org\/es\/wp-json\/wp\/v2\/tags?post=111265"}],"curies":[{"name":"wp","href":"https:\/\/api.w.org\/{rel}","templated":true}]}}