{"id":11113,"date":"2021-04-12T11:34:05","date_gmt":"2021-04-12T09:34:05","guid":{"rendered":"https:\/\/exaudi.org\/?p=11113"},"modified":"2021-04-12T15:36:12","modified_gmt":"2021-04-12T13:36:12","slug":"venezuela-pregon-beatificacion-doctor-gregorio-hernandez-2021","status":"publish","type":"post","link":"https:\/\/exaudi.org\/es\/venezuela-pregon-beatificacion-doctor-gregorio-hernandez-2021\/","title":{"rendered":"Venezuela: Preg\u00f3n por beatificaci\u00f3n de Jos\u00e9 Gregorio Hern\u00e1ndez"},"content":{"rendered":"<p>La Conferencia Episcopal de Venezuela (CEV) public\u00f3 ayer, domingo 11 de abril de 2021, el <a href=\"https:\/\/conferenciaepiscopalvenezolana.com\/wp-content\/uploads\/2021\/04\/Pregon-por-la-Beatificacion-del-Dr.-Jose-Gregorio-Hernandez.pdf\" target=\"_blank\" rel=\"noopener noreferrer\">Preg\u00f3n<\/a> por la beatificaci\u00f3n del doctor Jos\u00e9 Gregorio Hern\u00e1ndez, invitando as\u00ed a recitarlo durante las liturgias eucar\u00edsticas de todo el pa\u00eds aprovechando la <a href=\"https:\/\/exaudi.org\/es\/misa-divina-misericordia-homilia-del-papa\/\" target=\"_blank\" rel=\"noopener noreferrer\">celebraci\u00f3n de la Fiesta de la Divina Misericordia<\/a>.<\/p>\n<p>El documento, publicado por la <a href=\"https:\/\/conferenciaepiscopalvenezolana.com\/\" target=\"_blank\" rel=\"noopener noreferrer\">CEV<\/a> en su web, se\u00f1ala que \u201ccon alegr\u00eda nacida desde lo m\u00e1s hondo del coraz\u00f3n, les anunciamos una gran noticia. El Doctor Jos\u00e9 Gregorio Hern\u00e1ndez Cisneros, hombre de fe y caridad, ejemplo para todos los venezolanos, ser\u00e1 elevado a los altares el pr\u00f3ximo 30 de abril. Por ello en esta fiesta de la Divina Misericordia cantamos las glorias al Dios Uno y Trino\u201d.<\/p>\n<h4><strong>Preg\u00f3n por el doctor<\/strong><\/h4>\n<p><img loading=\"lazy\" decoding=\"async\" class=\"alignleft size-medium wp-image-11119\" src=\"https:\/\/exaudi.org\/wp-content\/uploads\/2021\/04\/Pregon-JGH-300x300.jpg\" alt=\"\" width=\"300\" height=\"300\" srcset=\"https:\/\/exaudi.org\/wp-content\/uploads\/2021\/04\/Pregon-JGH-300x300.jpg 300w, https:\/\/exaudi.org\/wp-content\/uploads\/2021\/04\/Pregon-JGH-1024x1024.jpg 1024w, https:\/\/exaudi.org\/wp-content\/uploads\/2021\/04\/Pregon-JGH-150x150.jpg 150w, https:\/\/exaudi.org\/wp-content\/uploads\/2021\/04\/Pregon-JGH-768x768.jpg 768w, https:\/\/exaudi.org\/wp-content\/uploads\/2021\/04\/Pregon-JGH-696x696.jpg 696w, https:\/\/exaudi.org\/wp-content\/uploads\/2021\/04\/Pregon-JGH-1068x1068.jpg 1068w, https:\/\/exaudi.org\/wp-content\/uploads\/2021\/04\/Pregon-JGH-420x420.jpg 420w, https:\/\/exaudi.org\/wp-content\/uploads\/2021\/04\/Pregon-JGH.jpg 1080w\" sizes=\"auto, (max-width: 300px) 100vw, 300px\" \/><\/p>\n<p>\u201c\u00a1Toda la creaci\u00f3n alabe a Dios, Padre Creador, por el regalo maravilloso de este descendiente de nuestros primeros padres, redimido por Cristo, nacido en Isnot\u00fa, que supo conservar su olor a pueblo, bautizado y hecho miembro de la Iglesia en su humilde iglesia parroquial\u201d, exclama el preg\u00f3n.<\/p>\n<p>\u201c\u00a1Si\u00e9ntanse dichosos todos los que respetan, promueven y defienden la vida y su calidad aut\u00e9nticamente humana, porque ella es inviolable y sagrada, como la protegi\u00f3 desde la concepci\u00f3n hasta la muerte natura, el m\u00e9dico Jos\u00e9 Gregorio Hern\u00e1ndez!\u201d, declara.<\/p>\n<h4><strong>Beatificaci\u00f3n del \u201cM\u00e9dico de los pobres\u201d<\/strong><\/h4>\n<p>Seg\u00fan apunta el Episcopado de Venezuela, la ceremonia de <a href=\"https:\/\/exaudi.org\/es\/venezuela-30-de-abril-beatificacion-jose-gregorio-hernandez\/\" target=\"_blank\" rel=\"noopener noreferrer\">beatificaci\u00f3n de Gregorio Hern\u00e1ndez<\/a> ser\u00e1 en el campo abierto del Colegio La Salle en Caracas, el pr\u00f3ximo 30 de abril, d\u00eda en que la CEV invita a repicar las campanas de los templos en todo el pa\u00eds, \u201ccomo expresi\u00f3n del j\u00fabilo que nos embarga y de la esperanza que nos anima, porque Dios ha mirado con amor a nuestro pueblo\u201d.<\/p>\n<p>El evento ser\u00e1 presidido por el cardenal Pietro Parol\u00edn, actual secretario de Estado de la Santa Sede y anterior nuncio apost\u00f3lico en Venezuela, quien expres\u00f3 que est\u00e1 \u201cmuy contento de regresar a la querida Venezuela\u201d, y que espera que la beatificaci\u00f3n \u201csea un momento de gracia y resurrecci\u00f3n para todos los venezolanos\u201d.<\/p>\n<p>Despu\u00e9s de la ceremonia se celebrar\u00e1 la Misa de Acci\u00f3n de Gracias, a la cual acudir\u00e1 el cardenal Marcello Semeraro, prefecto para la Congregaci\u00f3n de la Causa de los Santos, para presidirla dicha Eucarist\u00eda, proyectada para realizarse en Isnot\u00fa, Trujillo, lugar de nacimiento del Dr. Jos\u00e9 Gregorio Hern\u00e1ndez.<\/p>\n<h4><strong>Biograf\u00eda de Jos\u00e9 Gregorio Hern\u00e1ndez<\/strong><\/h4>\n<p>Naci\u00f3 el 26 de octubre de 1864 en Isnot\u00fa, localidad del estado Trujillo. Sus padres fueron Benigno Hern\u00e1ndez y Josefa Cisneros. Por l\u00ednea materna, era descendiente del cardenal Francisco Jim\u00e9nez de Cisneros. Fue el primero de seis hermanos,\u00a0 en una familia cristiana.<\/p>\n<p>Fue m\u00e9dico, cient\u00edfico, profesor, m\u00fasico y fil\u00e1ntropo, con vocaci\u00f3n religiosa, fue franciscano seglar. En cada una de las \u00e1reas en las que se desempe\u00f1\u00f3, fue testimonio de generosidad, caridad, solidaridad y fe en Cristo. El pr\u00f3ximo beato demostr\u00f3 una especial predilecci\u00f3n por los pobres y los desfavorecidos.<span class=\"Apple-converted-space\"> A menudo compraba medicinas para sus pacientes y en lugar de pedirles dinero por la consulta, se la regalaba. De hecho, en su Venezuela natal es conocido como el \u201cm\u00e9dico de los pobres\u201d.<\/span><\/p>\n<p><strong>Con Larissa l. L\u00f3pez<\/strong><\/p>\n","protected":false},"excerpt":{"rendered":"<p>Invitaci\u00f3n de la Conferencia Episcopal de Venezuela<\/p>\n","protected":false},"author":6,"featured_media":11192,"comment_status":"closed","ping_status":"closed","sticky":false,"template":"","format":"standard","meta":{"_acf_changed":false,"_crdt_document":"","inline_featured_image":false,"footnotes":""},"categories":[],"tags":[1185,835,1593,1592],"class_list":["post-11113","post","type-post","status-publish","format-standard","has-post-thumbnail","hentry","tag-ceremonia-de-beatificacion","tag-conferencia-episcopal-de-venezuela-cev","tag-doctor-jose-gregorio-hernandez","tag-pregon"],"acf":[],"yoast_head":"<!-- This site is optimized with the Yoast SEO plugin v27.5 - https:\/\/yoast.com\/product\/yoast-seo-wordpress\/ -->\n<title>Venezuela: Preg\u00f3n por beatificaci\u00f3n de Jos\u00e9 Gregorio Hern\u00e1ndez<\/title>\n<meta name=\"description\" content=\"El Episcopado de Venezuela public\u00f3 el Preg\u00f3n por la beatificaci\u00f3n del doctor Gregorio Hern\u00e1ndez, para recitarlo en la Divina Misericordia.\" \/>\n<meta name=\"robots\" content=\"index, follow, max-snippet:-1, max-image-preview:large, max-video-preview:-1\" \/>\n<link rel=\"canonical\" href=\"https:\/\/exaudi.org\/es\/venezuela-pregon-beatificacion-doctor-gregorio-hernandez-2021\/\" \/>\n<meta property=\"og:locale\" content=\"es_ES\" \/>\n<meta property=\"og:type\" content=\"article\" \/>\n<meta property=\"og:title\" content=\"Venezuela: Preg\u00f3n por beatificaci\u00f3n de Jos\u00e9 Gregorio Hern\u00e1ndez\" \/>\n<meta property=\"og:description\" content=\"El Episcopado de Venezuela public\u00f3 el Preg\u00f3n por la beatificaci\u00f3n del doctor Gregorio Hern\u00e1ndez, para recitarlo en la Divina Misericordia.\" \/>\n<meta property=\"og:url\" content=\"https:\/\/exaudi.org\/es\/venezuela-pregon-beatificacion-doctor-gregorio-hernandez-2021\/\" \/>\n<meta property=\"og:site_name\" content=\"Exaudi\" \/>\n<meta property=\"article:publisher\" content=\"https:\/\/www.facebook.com\/ExaudiNews\" \/>\n<meta property=\"article:published_time\" content=\"2021-04-12T09:34:05+00:00\" \/>\n<meta property=\"article:modified_time\" content=\"2021-04-12T13:36:12+00:00\" \/>\n<meta property=\"og:image\" content=\"https:\/\/exaudi.org\/wp-content\/uploads\/2021\/04\/Dr.-Jose-Gregorio-Hernandez.-Foto-de-archivo..jpg\" \/>\n\t<meta property=\"og:image:width\" content=\"1200\" \/>\n\t<meta property=\"og:image:height\" content=\"675\" \/>\n\t<meta property=\"og:image:type\" content=\"image\/jpeg\" \/>\n<meta name=\"author\" content=\"Gabriel Sales\" \/>\n<meta name=\"twitter:card\" content=\"summary_large_image\" \/>\n<meta name=\"twitter:creator\" content=\"@habemusman\" \/>\n<meta name=\"twitter:site\" content=\"@Exaudi_News\" \/>\n<meta name=\"twitter:label1\" content=\"Escrito por\" \/>\n\t<meta name=\"twitter:data1\" content=\"Gabriel Sales\" \/>\n\t<meta name=\"twitter:label2\" content=\"Tiempo de lectura\" \/>\n\t<meta name=\"twitter:data2\" content=\"3 minutos\" \/>\n<script type=\"application\/ld+json\" class=\"yoast-schema-graph\">{\"@context\":\"https:\\\/\\\/schema.org\",\"@graph\":[{\"@type\":\"Article\",\"@id\":\"https:\\\/\\\/exaudi.org\\\/es\\\/venezuela-pregon-beatificacion-doctor-gregorio-hernandez-2021\\\/#article\",\"isPartOf\":{\"@id\":\"https:\\\/\\\/exaudi.org\\\/es\\\/venezuela-pregon-beatificacion-doctor-gregorio-hernandez-2021\\\/\"},\"author\":{\"name\":\"Gabriel Sales\",\"@id\":\"https:\\\/\\\/exaudi.org\\\/#\\\/schema\\\/person\\\/d134b96438278131ce90c90c03fda6cd\"},\"headline\":\"Venezuela: Preg\u00f3n por beatificaci\u00f3n de Jos\u00e9 Gregorio Hern\u00e1ndez\",\"datePublished\":\"2021-04-12T09:34:05+00:00\",\"dateModified\":\"2021-04-12T13:36:12+00:00\",\"mainEntityOfPage\":{\"@id\":\"https:\\\/\\\/exaudi.org\\\/es\\\/venezuela-pregon-beatificacion-doctor-gregorio-hernandez-2021\\\/\"},\"wordCount\":567,\"image\":{\"@id\":\"https:\\\/\\\/exaudi.org\\\/es\\\/venezuela-pregon-beatificacion-doctor-gregorio-hernandez-2021\\\/#primaryimage\"},\"thumbnailUrl\":\"https:\\\/\\\/exaudi.org\\\/wp-content\\\/uploads\\\/2021\\\/04\\\/Dr.-Jose-Gregorio-Hernandez.-Foto-de-archivo..jpg\",\"keywords\":[\"Ceremonia de Beatificaci\u00f3n\",\"Conferencia Episcopal de Venezuela (CEV)\",\"Doctor Jos\u00e9 Gregorio Hern\u00e1ndez\",\"Preg\u00f3n\"],\"inLanguage\":\"es\"},{\"@type\":\"WebPage\",\"@id\":\"https:\\\/\\\/exaudi.org\\\/es\\\/venezuela-pregon-beatificacion-doctor-gregorio-hernandez-2021\\\/\",\"url\":\"https:\\\/\\\/exaudi.org\\\/es\\\/venezuela-pregon-beatificacion-doctor-gregorio-hernandez-2021\\\/\",\"name\":\"Venezuela: Preg\u00f3n por beatificaci\u00f3n de Jos\u00e9 Gregorio Hern\u00e1ndez\",\"isPartOf\":{\"@id\":\"https:\\\/\\\/exaudi.org\\\/#website\"},\"primaryImageOfPage\":{\"@id\":\"https:\\\/\\\/exaudi.org\\\/es\\\/venezuela-pregon-beatificacion-doctor-gregorio-hernandez-2021\\\/#primaryimage\"},\"image\":{\"@id\":\"https:\\\/\\\/exaudi.org\\\/es\\\/venezuela-pregon-beatificacion-doctor-gregorio-hernandez-2021\\\/#primaryimage\"},\"thumbnailUrl\":\"https:\\\/\\\/exaudi.org\\\/wp-content\\\/uploads\\\/2021\\\/04\\\/Dr.-Jose-Gregorio-Hernandez.-Foto-de-archivo..jpg\",\"datePublished\":\"2021-04-12T09:34:05+00:00\",\"dateModified\":\"2021-04-12T13:36:12+00:00\",\"author\":{\"@id\":\"https:\\\/\\\/exaudi.org\\\/#\\\/schema\\\/person\\\/d134b96438278131ce90c90c03fda6cd\"},\"description\":\"El Episcopado de Venezuela public\u00f3 el Preg\u00f3n por la beatificaci\u00f3n del doctor Gregorio Hern\u00e1ndez, para recitarlo en la Divina Misericordia.\",\"breadcrumb\":{\"@id\":\"https:\\\/\\\/exaudi.org\\\/es\\\/venezuela-pregon-beatificacion-doctor-gregorio-hernandez-2021\\\/#breadcrumb\"},\"inLanguage\":\"es\",\"potentialAction\":[{\"@type\":\"ReadAction\",\"target\":[\"https:\\\/\\\/exaudi.org\\\/es\\\/venezuela-pregon-beatificacion-doctor-gregorio-hernandez-2021\\\/\"]}]},{\"@type\":\"ImageObject\",\"inLanguage\":\"es\",\"@id\":\"https:\\\/\\\/exaudi.org\\\/es\\\/venezuela-pregon-beatificacion-doctor-gregorio-hernandez-2021\\\/#primaryimage\",\"url\":\"https:\\\/\\\/exaudi.org\\\/wp-content\\\/uploads\\\/2021\\\/04\\\/Dr.-Jose-Gregorio-Hernandez.-Foto-de-archivo..jpg\",\"contentUrl\":\"https:\\\/\\\/exaudi.org\\\/wp-content\\\/uploads\\\/2021\\\/04\\\/Dr.-Jose-Gregorio-Hernandez.-Foto-de-archivo..jpg\",\"width\":1200,\"height\":675,\"caption\":\"Doctor Jos\u00e9 Gregorio Hern\u00e1ndez \u00a9 CELAM\"},{\"@type\":\"BreadcrumbList\",\"@id\":\"https:\\\/\\\/exaudi.org\\\/es\\\/venezuela-pregon-beatificacion-doctor-gregorio-hernandez-2021\\\/#breadcrumb\",\"itemListElement\":[{\"@type\":\"ListItem\",\"position\":1,\"name\":\"Portada\",\"item\":\"https:\\\/\\\/exaudi.org\\\/es\\\/\"},{\"@type\":\"ListItem\",\"position\":2,\"name\":\"Venezuela: Preg\u00f3n por beatificaci\u00f3n de Jos\u00e9 Gregorio Hern\u00e1ndez\"}]},{\"@type\":\"WebSite\",\"@id\":\"https:\\\/\\\/exaudi.org\\\/#website\",\"url\":\"https:\\\/\\\/exaudi.org\\\/\",\"name\":\"Exaudi\",\"description\":\"News\",\"potentialAction\":[{\"@type\":\"SearchAction\",\"target\":{\"@type\":\"EntryPoint\",\"urlTemplate\":\"https:\\\/\\\/exaudi.org\\\/?s={search_term_string}\"},\"query-input\":{\"@type\":\"PropertyValueSpecification\",\"valueRequired\":true,\"valueName\":\"search_term_string\"}}],\"inLanguage\":\"es\"},{\"@type\":\"Person\",\"@id\":\"https:\\\/\\\/exaudi.org\\\/#\\\/schema\\\/person\\\/d134b96438278131ce90c90c03fda6cd\",\"name\":\"Gabriel Sales\",\"image\":{\"@type\":\"ImageObject\",\"inLanguage\":\"es\",\"@id\":\"https:\\\/\\\/secure.gravatar.com\\\/avatar\\\/9b1269566f6a063ed26ffb3532b66a373cdde231ce5d0effb266167437fdaffd?s=96&d=mm&r=g\",\"url\":\"https:\\\/\\\/secure.gravatar.com\\\/avatar\\\/9b1269566f6a063ed26ffb3532b66a373cdde231ce5d0effb266167437fdaffd?s=96&d=mm&r=g\",\"contentUrl\":\"https:\\\/\\\/secure.gravatar.com\\\/avatar\\\/9b1269566f6a063ed26ffb3532b66a373cdde231ce5d0effb266167437fdaffd?s=96&d=mm&r=g\",\"caption\":\"Gabriel Sales\"},\"description\":\"Periodista y especialista en Comunicaci\u00f3n y Branding digital. Cin\u00e9filo y cr\u00edtico de cine y series de televisi\u00f3n.\",\"sameAs\":[\"https:\\\/\\\/www.instagram.com\\\/cine90segundos\\\/\",\"www.linkedin.com\\\/in\\\/habemusman\",\"https:\\\/\\\/x.com\\\/habemusman\",\"https:\\\/\\\/www.youtube.com\\\/channel\\\/UCVfCiOMkJ_C7T7OpyjuaLDg\"],\"url\":\"https:\\\/\\\/exaudi.org\\\/es\\\/author\\\/gsalesexaudi-org\\\/\"}]}<\/script>\n<!-- \/ Yoast SEO plugin. -->","yoast_head_json":{"title":"Venezuela: Preg\u00f3n por beatificaci\u00f3n de Jos\u00e9 Gregorio Hern\u00e1ndez","description":"El Episcopado de Venezuela public\u00f3 el Preg\u00f3n por la beatificaci\u00f3n del doctor Gregorio Hern\u00e1ndez, para recitarlo en la Divina Misericordia.","robots":{"index":"index","follow":"follow","max-snippet":"max-snippet:-1","max-image-preview":"max-image-preview:large","max-video-preview":"max-video-preview:-1"},"canonical":"https:\/\/exaudi.org\/es\/venezuela-pregon-beatificacion-doctor-gregorio-hernandez-2021\/","og_locale":"es_ES","og_type":"article","og_title":"Venezuela: Preg\u00f3n por beatificaci\u00f3n de Jos\u00e9 Gregorio Hern\u00e1ndez","og_description":"El Episcopado de Venezuela public\u00f3 el Preg\u00f3n por la beatificaci\u00f3n del doctor Gregorio Hern\u00e1ndez, para recitarlo en la Divina Misericordia.","og_url":"https:\/\/exaudi.org\/es\/venezuela-pregon-beatificacion-doctor-gregorio-hernandez-2021\/","og_site_name":"Exaudi","article_publisher":"https:\/\/www.facebook.com\/ExaudiNews","article_published_time":"2021-04-12T09:34:05+00:00","article_modified_time":"2021-04-12T13:36:12+00:00","og_image":[{"width":1200,"height":675,"url":"https:\/\/exaudi.org\/wp-content\/uploads\/2021\/04\/Dr.-Jose-Gregorio-Hernandez.-Foto-de-archivo..jpg","type":"image\/jpeg"}],"author":"Gabriel Sales","twitter_card":"summary_large_image","twitter_creator":"@habemusman","twitter_site":"@Exaudi_News","twitter_misc":{"Escrito por":"Gabriel Sales","Tiempo de lectura":"3 minutos"},"schema":{"@context":"https:\/\/schema.org","@graph":[{"@type":"Article","@id":"https:\/\/exaudi.org\/es\/venezuela-pregon-beatificacion-doctor-gregorio-hernandez-2021\/#article","isPartOf":{"@id":"https:\/\/exaudi.org\/es\/venezuela-pregon-beatificacion-doctor-gregorio-hernandez-2021\/"},"author":{"name":"Gabriel Sales","@id":"https:\/\/exaudi.org\/#\/schema\/person\/d134b96438278131ce90c90c03fda6cd"},"headline":"Venezuela: Preg\u00f3n por beatificaci\u00f3n de Jos\u00e9 Gregorio Hern\u00e1ndez","datePublished":"2021-04-12T09:34:05+00:00","dateModified":"2021-04-12T13:36:12+00:00","mainEntityOfPage":{"@id":"https:\/\/exaudi.org\/es\/venezuela-pregon-beatificacion-doctor-gregorio-hernandez-2021\/"},"wordCount":567,"image":{"@id":"https:\/\/exaudi.org\/es\/venezuela-pregon-beatificacion-doctor-gregorio-hernandez-2021\/#primaryimage"},"thumbnailUrl":"https:\/\/exaudi.org\/wp-content\/uploads\/2021\/04\/Dr.-Jose-Gregorio-Hernandez.-Foto-de-archivo..jpg","keywords":["Ceremonia de Beatificaci\u00f3n","Conferencia Episcopal de Venezuela (CEV)","Doctor Jos\u00e9 Gregorio Hern\u00e1ndez","Preg\u00f3n"],"inLanguage":"es"},{"@type":"WebPage","@id":"https:\/\/exaudi.org\/es\/venezuela-pregon-beatificacion-doctor-gregorio-hernandez-2021\/","url":"https:\/\/exaudi.org\/es\/venezuela-pregon-beatificacion-doctor-gregorio-hernandez-2021\/","name":"Venezuela: Preg\u00f3n por beatificaci\u00f3n de Jos\u00e9 Gregorio Hern\u00e1ndez","isPartOf":{"@id":"https:\/\/exaudi.org\/#website"},"primaryImageOfPage":{"@id":"https:\/\/exaudi.org\/es\/venezuela-pregon-beatificacion-doctor-gregorio-hernandez-2021\/#primaryimage"},"image":{"@id":"https:\/\/exaudi.org\/es\/venezuela-pregon-beatificacion-doctor-gregorio-hernandez-2021\/#primaryimage"},"thumbnailUrl":"https:\/\/exaudi.org\/wp-content\/uploads\/2021\/04\/Dr.-Jose-Gregorio-Hernandez.-Foto-de-archivo..jpg","datePublished":"2021-04-12T09:34:05+00:00","dateModified":"2021-04-12T13:36:12+00:00","author":{"@id":"https:\/\/exaudi.org\/#\/schema\/person\/d134b96438278131ce90c90c03fda6cd"},"description":"El Episcopado de Venezuela public\u00f3 el Preg\u00f3n por la beatificaci\u00f3n del doctor Gregorio Hern\u00e1ndez, para recitarlo en la Divina Misericordia.","breadcrumb":{"@id":"https:\/\/exaudi.org\/es\/venezuela-pregon-beatificacion-doctor-gregorio-hernandez-2021\/#breadcrumb"},"inLanguage":"es","potentialAction":[{"@type":"ReadAction","target":["https:\/\/exaudi.org\/es\/venezuela-pregon-beatificacion-doctor-gregorio-hernandez-2021\/"]}]},{"@type":"ImageObject","inLanguage":"es","@id":"https:\/\/exaudi.org\/es\/venezuela-pregon-beatificacion-doctor-gregorio-hernandez-2021\/#primaryimage","url":"https:\/\/exaudi.org\/wp-content\/uploads\/2021\/04\/Dr.-Jose-Gregorio-Hernandez.-Foto-de-archivo..jpg","contentUrl":"https:\/\/exaudi.org\/wp-content\/uploads\/2021\/04\/Dr.-Jose-Gregorio-Hernandez.-Foto-de-archivo..jpg","width":1200,"height":675,"caption":"Doctor Jos\u00e9 Gregorio Hern\u00e1ndez \u00a9 CELAM"},{"@type":"BreadcrumbList","@id":"https:\/\/exaudi.org\/es\/venezuela-pregon-beatificacion-doctor-gregorio-hernandez-2021\/#breadcrumb","itemListElement":[{"@type":"ListItem","position":1,"name":"Portada","item":"https:\/\/exaudi.org\/es\/"},{"@type":"ListItem","position":2,"name":"Venezuela: Preg\u00f3n por beatificaci\u00f3n de Jos\u00e9 Gregorio Hern\u00e1ndez"}]},{"@type":"WebSite","@id":"https:\/\/exaudi.org\/#website","url":"https:\/\/exaudi.org\/","name":"Exaudi","description":"News","potentialAction":[{"@type":"SearchAction","target":{"@type":"EntryPoint","urlTemplate":"https:\/\/exaudi.org\/?s={search_term_string}"},"query-input":{"@type":"PropertyValueSpecification","valueRequired":true,"valueName":"search_term_string"}}],"inLanguage":"es"},{"@type":"Person","@id":"https:\/\/exaudi.org\/#\/schema\/person\/d134b96438278131ce90c90c03fda6cd","name":"Gabriel Sales","image":{"@type":"ImageObject","inLanguage":"es","@id":"https:\/\/secure.gravatar.com\/avatar\/9b1269566f6a063ed26ffb3532b66a373cdde231ce5d0effb266167437fdaffd?s=96&d=mm&r=g","url":"https:\/\/secure.gravatar.com\/avatar\/9b1269566f6a063ed26ffb3532b66a373cdde231ce5d0effb266167437fdaffd?s=96&d=mm&r=g","contentUrl":"https:\/\/secure.gravatar.com\/avatar\/9b1269566f6a063ed26ffb3532b66a373cdde231ce5d0effb266167437fdaffd?s=96&d=mm&r=g","caption":"Gabriel Sales"},"description":"Periodista y especialista en Comunicaci\u00f3n y Branding digital. Cin\u00e9filo y cr\u00edtico de cine y series de televisi\u00f3n.","sameAs":["https:\/\/www.instagram.com\/cine90segundos\/","www.linkedin.com\/in\/habemusman","https:\/\/x.com\/habemusman","https:\/\/www.youtube.com\/channel\/UCVfCiOMkJ_C7T7OpyjuaLDg"],"url":"https:\/\/exaudi.org\/es\/author\/gsalesexaudi-org\/"}]}},"jetpack_featured_media_url":"https:\/\/exaudi.org\/wp-content\/uploads\/2021\/04\/Dr.-Jose-Gregorio-Hernandez.-Foto-de-archivo..jpg","jetpack_shortlink":"https:\/\/wp.me\/pgKjF2-2Tf","_links":{"self":[{"href":"https:\/\/exaudi.org\/es\/wp-json\/wp\/v2\/posts\/11113","targetHints":{"allow":["GET"]}}],"collection":[{"href":"https:\/\/exaudi.org\/es\/wp-json\/wp\/v2\/posts"}],"about":[{"href":"https:\/\/exaudi.org\/es\/wp-json\/wp\/v2\/types\/post"}],"author":[{"embeddable":true,"href":"https:\/\/exaudi.org\/es\/wp-json\/wp\/v2\/users\/6"}],"replies":[{"embeddable":true,"href":"https:\/\/exaudi.org\/es\/wp-json\/wp\/v2\/comments?post=11113"}],"version-history":[{"count":0,"href":"https:\/\/exaudi.org\/es\/wp-json\/wp\/v2\/posts\/11113\/revisions"}],"wp:featuredmedia":[{"embeddable":true,"href":"https:\/\/exaudi.org\/es\/wp-json\/wp\/v2\/media\/11192"}],"wp:attachment":[{"href":"https:\/\/exaudi.org\/es\/wp-json\/wp\/v2\/media?parent=11113"}],"wp:term":[{"taxonomy":"category","embeddable":true,"href":"https:\/\/exaudi.org\/es\/wp-json\/wp\/v2\/categories?post=11113"},{"taxonomy":"post_tag","embeddable":true,"href":"https:\/\/exaudi.org\/es\/wp-json\/wp\/v2\/tags?post=11113"}],"curies":[{"name":"wp","href":"https:\/\/api.w.org\/{rel}","templated":true}]}}