{"id":110993,"date":"2024-10-18T10:52:19","date_gmt":"2024-10-18T08:52:19","guid":{"rendered":"https:\/\/exaudi.org\/?p=110993"},"modified":"2024-10-18T11:24:19","modified_gmt":"2024-10-18T09:24:19","slug":"un-millon-de-ninos-rezando-el-rosario-por-la-paz","status":"publish","type":"post","link":"https:\/\/exaudi.org\/es\/un-millon-de-ninos-rezando-el-rosario-por-la-paz\/","title":{"rendered":"Un mill\u00f3n de ni\u00f1os rezando el Rosario por la paz"},"content":{"rendered":"<p>El Papa Francisco, en sus saludos tras el \u00c1ngelus del pasado domingo, se refiri\u00f3 a la campa\u00f1a de ACN \u00abUn mill\u00f3n de ni\u00f1os rezando el Rosario\u00bb y nos inst\u00f3 a rezar por\u00a0<b>Tierra Santa<\/b>\u00a0y<b>\u00a0L\u00edbano,\u00a0<\/b>\u201cpor\u00a0<b>la martirizada Ucrania<\/b>,\u00a0<b>Myanmar, Sud\u00e1n y<\/b>\u00a0las dem\u00e1s poblaciones que<b>\u00a0sufren la guerra y\u00a0<\/b>todas las formas de<b>\u00a0violencia y miseria\u201d.\u00a0<\/b>Te invitamos a pedir tambi\u00e9n por la paz en tu coraz\u00f3n y en el de los tuyos.<\/p>\n<p><i>Ayuda a la Iglesia Necesitada\u00a0<\/i>lleva a cabo esta campa\u00f1a de oraci\u00f3n en los 23 pa\u00edses donde est\u00e1 presente y en otros muchos de necesidad, gracias a personas que la apoyan, como t\u00fa.<\/p>\n<p><b><i>\u201cSi un mill\u00f3n de ni\u00f1os rezara el rosario, el mundo cambiar\u00eda\u201d,\u00a0<\/i><\/b>dijo S. P\u00edo de Pietrelcina.\u00a0<b>Con tu<\/b>\u00a0<b>ayuda<\/b>, lograremos\u00a0<b>que el m\u00e1ximo de ni\u00f1os y j\u00f3venes cat\u00f3licos de Espa\u00f1a se sumen\u00a0<\/b>a esta gran iniciativa que tanto agrada a nuestra Madre Mar\u00eda.<\/p>\n<p><a class=\"m_-8854460067964338448es-button\" href=\"https:\/\/ayudaalaiglesianecesitada.acemlnb.com\/lt.php?x=3DZy~GE3JqSe6HV-z_9MVBNs1K-mvNXujPgyZ8TMIqKi7pOs-Uy.zuRr2I2kjNU~jupAY5jJJk\" target=\"_blank\" rel=\"noopener\" data-saferedirecturl=\"https:\/\/www.google.com\/url?q=https:\/\/ayudaalaiglesianecesitada.acemlnb.com\/lt.php?x%3D3DZy~GE3JqSe6HV-z_9MVBNs1K-mvNXujPgyZ8TMIqKi7pOs-Uy.zuRr2I2kjNU~jupAY5jJJk&amp;source=gmail&amp;ust=1729326757322000&amp;usg=AOvVaw33x4aUDGeNHFckdDxGoH0h\">S\u00famate<\/a><\/p>\n<p>A ra\u00edz de los \u00faltimos acontecimientos, te invitamos a\u00a0<strong>ofrecer una Misa por la paz\u00a0<\/strong>en L\u00edbano y Tierra Santa. Estas Eucarist\u00edas ser\u00e1n celebradas por sacerdotes en pa\u00edses donde los cristianos sufren necesidad y persecuci\u00f3n.<\/p>\n<p><a href=\"https:\/\/exaudi.org\/wp-content\/uploads\/2024\/10\/Comic-de-los-Misterios-Dolorosos-para-colorear.pdf\">Comic de los Misterios Dolorosos para colorear<\/a><\/p>\n<p><a href=\"https:\/\/exaudi.org\/wp-content\/uploads\/2024\/10\/Folleto-A4-apaisado.pdf\">Gu\u00eda Para rezar el rosario hoy en familia<\/a><\/p>\n<p><iframe loading=\"lazy\" title=\"\ud83d\udd4a\ufe0f - Un mill\u00f3n de ni\u00f1os rezando el rosario - Campa\u00f1a ACN 2024 - ESPA\u00d1OL\" width=\"500\" height=\"281\" src=\"https:\/\/www.youtube.com\/embed\/G1THL1B0Ggw?feature=oembed\" frameborder=\"0\" allow=\"accelerometer; autoplay; clipboard-write; encrypted-media; gyroscope; picture-in-picture; web-share\" referrerpolicy=\"strict-origin-when-cross-origin\" allowfullscreen><\/iframe><\/p>\n<p><img loading=\"lazy\" decoding=\"async\" class=\"size-full wp-image-111000 alignnone\" src=\"https:\/\/exaudi.org\/wp-content\/uploads\/2024\/10\/unnamed-1.jpg\" alt=\"\" width=\"600\" height=\"600\" srcset=\"https:\/\/exaudi.org\/wp-content\/uploads\/2024\/10\/unnamed-1.jpg 600w, https:\/\/exaudi.org\/wp-content\/uploads\/2024\/10\/unnamed-1-300x300.jpg 300w, https:\/\/exaudi.org\/wp-content\/uploads\/2024\/10\/unnamed-1-100x100.jpg?crop=1 100w, https:\/\/exaudi.org\/wp-content\/uploads\/2024\/10\/unnamed-1-500x500.jpg 500w, https:\/\/exaudi.org\/wp-content\/uploads\/2024\/10\/unnamed-1-293x293.jpg 293w, https:\/\/exaudi.org\/wp-content\/uploads\/2024\/10\/unnamed-1-390x390.jpg 390w, https:\/\/exaudi.org\/wp-content\/uploads\/2024\/10\/unnamed-1-585x585.jpg 585w\" sizes=\"auto, (max-width: 600px) 100vw, 600px\" \/><\/p>\n","protected":false},"excerpt":{"rendered":"<p>Con tus hijos, nietos, ahijados, sobrinos, alumnos, catec\u00famenos\u2026 este 18 de octubre, \u00fanete a esta campa\u00f1a para rezar por la paz en todo el mundo<\/p>\n","protected":false},"author":89,"featured_media":111000,"comment_status":"closed","ping_status":"closed","sticky":false,"template":"","format":"standard","meta":{"_acf_changed":false,"_crdt_document":"","inline_featured_image":false,"footnotes":""},"categories":[74],"tags":[325,1462,326,28297,2419,28299,28296,408,1159,533,28298,676,158,625,2000,9045,392,1235,28295],"class_list":["post-110993","post","type-post","status-publish","format-standard","has-post-thumbnail","hentry","category-iglesia-y-mundo","tag-acn","tag-ayuda-a-la-iglesia-necesitada-acn","tag-campana","tag-eucaristias","tag-featured","tag-guia-del-rosario","tag-iglesia-necesitada","tag-libano","tag-maria-es","tag-myanmar-es","tag-ninos-catolicos","tag-oracion","tag-papa-francisco","tag-paz","tag-rosario-es","tag-sudan-3","tag-tierra-santa","tag-ucrania","tag-un-millon-de-ninos"],"acf":[],"yoast_head":"<!-- This site is optimized with the Yoast SEO plugin v27.4 - https:\/\/yoast.com\/product\/yoast-seo-wordpress\/ -->\n<title>Un mill\u00f3n de ni\u00f1os rezando el Rosario por la paz &#8211; Exaudi<\/title>\n<meta name=\"robots\" content=\"index, follow, max-snippet:-1, max-image-preview:large, max-video-preview:-1\" \/>\n<link rel=\"canonical\" href=\"https:\/\/exaudi.org\/es\/un-millon-de-ninos-rezando-el-rosario-por-la-paz\/\" \/>\n<meta property=\"og:locale\" content=\"es_ES\" \/>\n<meta property=\"og:type\" content=\"article\" \/>\n<meta property=\"og:title\" content=\"Un mill\u00f3n de ni\u00f1os rezando el Rosario por la paz &#8211; Exaudi\" \/>\n<meta property=\"og:description\" content=\"Con tus hijos, nietos, ahijados, sobrinos, alumnos, catec\u00famenos\u2026 este 18 de octubre, \u00fanete a esta campa\u00f1a para rezar por la paz en todo el mundo\" \/>\n<meta property=\"og:url\" content=\"https:\/\/exaudi.org\/es\/un-millon-de-ninos-rezando-el-rosario-por-la-paz\/\" \/>\n<meta property=\"og:site_name\" content=\"Exaudi\" \/>\n<meta property=\"article:publisher\" content=\"https:\/\/www.facebook.com\/ExaudiNews\" \/>\n<meta property=\"article:author\" content=\"https:\/\/www.facebook.com\/ayudaalaiglesianecesitada\/?ref=ts\" \/>\n<meta property=\"article:published_time\" content=\"2024-10-18T08:52:19+00:00\" \/>\n<meta property=\"article:modified_time\" content=\"2024-10-18T09:24:19+00:00\" \/>\n<meta property=\"og:image\" content=\"https:\/\/exaudi.org\/wp-content\/uploads\/2024\/10\/unnamed-1.jpg\" \/>\n\t<meta property=\"og:image:width\" content=\"600\" \/>\n\t<meta property=\"og:image:height\" content=\"600\" \/>\n\t<meta property=\"og:image:type\" content=\"image\/jpeg\" \/>\n<meta name=\"author\" content=\"Ayuda a la Iglesia Necesitada\" \/>\n<meta name=\"twitter:card\" content=\"summary_large_image\" \/>\n<meta name=\"twitter:creator\" content=\"@https:\/\/x.com\/AyudaIglesNeces\" \/>\n<meta name=\"twitter:site\" content=\"@Exaudi_News\" \/>\n<meta name=\"twitter:label1\" content=\"Escrito por\" \/>\n\t<meta name=\"twitter:data1\" content=\"Ayuda a la Iglesia Necesitada\" \/>\n\t<meta name=\"twitter:label2\" content=\"Tiempo de lectura\" \/>\n\t<meta name=\"twitter:data2\" content=\"1 minuto\" \/>\n<script type=\"application\/ld+json\" class=\"yoast-schema-graph\">{\"@context\":\"https:\\\/\\\/schema.org\",\"@graph\":[{\"@type\":\"Article\",\"@id\":\"https:\\\/\\\/exaudi.org\\\/es\\\/un-millon-de-ninos-rezando-el-rosario-por-la-paz\\\/#article\",\"isPartOf\":{\"@id\":\"https:\\\/\\\/exaudi.org\\\/es\\\/un-millon-de-ninos-rezando-el-rosario-por-la-paz\\\/\"},\"author\":{\"name\":\"Ayuda a la Iglesia Necesitada\",\"@id\":\"https:\\\/\\\/exaudi.org\\\/#\\\/schema\\\/person\\\/d4906ab3b6c174ffe37d722c51c73317\"},\"headline\":\"Un mill\u00f3n de ni\u00f1os rezando el Rosario por la paz\",\"datePublished\":\"2024-10-18T08:52:19+00:00\",\"dateModified\":\"2024-10-18T09:24:19+00:00\",\"mainEntityOfPage\":{\"@id\":\"https:\\\/\\\/exaudi.org\\\/es\\\/un-millon-de-ninos-rezando-el-rosario-por-la-paz\\\/\"},\"wordCount\":252,\"image\":{\"@id\":\"https:\\\/\\\/exaudi.org\\\/es\\\/un-millon-de-ninos-rezando-el-rosario-por-la-paz\\\/#primaryimage\"},\"thumbnailUrl\":\"https:\\\/\\\/exaudi.org\\\/wp-content\\\/uploads\\\/2024\\\/10\\\/unnamed-1.jpg\",\"keywords\":[\"ACN\",\"Ayuda a la Iglesia Necesitada (ACN)\",\"Campa\u00f1a\",\"Eucarist\u00edas\",\"Featured\",\"gu\u00eda del Rosario\",\"Iglesia Necesitada\",\"L\u00edbano\",\"Maria\",\"myanmar\",\"ni\u00f1os cat\u00f3licos\",\"Oraci\u00f3n\",\"papa francisco\",\"Paz\",\"Rosario\",\"Sudan\",\"Tierra Santa\",\"Ucrania\",\"Un mill\u00f3n de ni\u00f1os\"],\"articleSection\":[\"Iglesia y Mundo\"],\"inLanguage\":\"es\"},{\"@type\":\"WebPage\",\"@id\":\"https:\\\/\\\/exaudi.org\\\/es\\\/un-millon-de-ninos-rezando-el-rosario-por-la-paz\\\/\",\"url\":\"https:\\\/\\\/exaudi.org\\\/es\\\/un-millon-de-ninos-rezando-el-rosario-por-la-paz\\\/\",\"name\":\"Un mill\u00f3n de ni\u00f1os rezando el Rosario por la paz &#8211; Exaudi\",\"isPartOf\":{\"@id\":\"https:\\\/\\\/exaudi.org\\\/#website\"},\"primaryImageOfPage\":{\"@id\":\"https:\\\/\\\/exaudi.org\\\/es\\\/un-millon-de-ninos-rezando-el-rosario-por-la-paz\\\/#primaryimage\"},\"image\":{\"@id\":\"https:\\\/\\\/exaudi.org\\\/es\\\/un-millon-de-ninos-rezando-el-rosario-por-la-paz\\\/#primaryimage\"},\"thumbnailUrl\":\"https:\\\/\\\/exaudi.org\\\/wp-content\\\/uploads\\\/2024\\\/10\\\/unnamed-1.jpg\",\"datePublished\":\"2024-10-18T08:52:19+00:00\",\"dateModified\":\"2024-10-18T09:24:19+00:00\",\"author\":{\"@id\":\"https:\\\/\\\/exaudi.org\\\/#\\\/schema\\\/person\\\/d4906ab3b6c174ffe37d722c51c73317\"},\"breadcrumb\":{\"@id\":\"https:\\\/\\\/exaudi.org\\\/es\\\/un-millon-de-ninos-rezando-el-rosario-por-la-paz\\\/#breadcrumb\"},\"inLanguage\":\"es\",\"potentialAction\":[{\"@type\":\"ReadAction\",\"target\":[\"https:\\\/\\\/exaudi.org\\\/es\\\/un-millon-de-ninos-rezando-el-rosario-por-la-paz\\\/\"]}]},{\"@type\":\"ImageObject\",\"inLanguage\":\"es\",\"@id\":\"https:\\\/\\\/exaudi.org\\\/es\\\/un-millon-de-ninos-rezando-el-rosario-por-la-paz\\\/#primaryimage\",\"url\":\"https:\\\/\\\/exaudi.org\\\/wp-content\\\/uploads\\\/2024\\\/10\\\/unnamed-1.jpg\",\"contentUrl\":\"https:\\\/\\\/exaudi.org\\\/wp-content\\\/uploads\\\/2024\\\/10\\\/unnamed-1.jpg\",\"width\":600,\"height\":600},{\"@type\":\"BreadcrumbList\",\"@id\":\"https:\\\/\\\/exaudi.org\\\/es\\\/un-millon-de-ninos-rezando-el-rosario-por-la-paz\\\/#breadcrumb\",\"itemListElement\":[{\"@type\":\"ListItem\",\"position\":1,\"name\":\"Portada\",\"item\":\"https:\\\/\\\/exaudi.org\\\/es\\\/\"},{\"@type\":\"ListItem\",\"position\":2,\"name\":\"Un mill\u00f3n de ni\u00f1os rezando el Rosario por la paz\"}]},{\"@type\":\"WebSite\",\"@id\":\"https:\\\/\\\/exaudi.org\\\/#website\",\"url\":\"https:\\\/\\\/exaudi.org\\\/\",\"name\":\"Exaudi\",\"description\":\"News\",\"potentialAction\":[{\"@type\":\"SearchAction\",\"target\":{\"@type\":\"EntryPoint\",\"urlTemplate\":\"https:\\\/\\\/exaudi.org\\\/?s={search_term_string}\"},\"query-input\":{\"@type\":\"PropertyValueSpecification\",\"valueRequired\":true,\"valueName\":\"search_term_string\"}}],\"inLanguage\":\"es\"},{\"@type\":\"Person\",\"@id\":\"https:\\\/\\\/exaudi.org\\\/#\\\/schema\\\/person\\\/d4906ab3b6c174ffe37d722c51c73317\",\"name\":\"Ayuda a la Iglesia Necesitada\",\"image\":{\"@type\":\"ImageObject\",\"inLanguage\":\"es\",\"@id\":\"https:\\\/\\\/secure.gravatar.com\\\/avatar\\\/18b646e6575a46729bc25d1c374d5965acb9854728a2929ada390e85905160db?s=96&d=mm&r=g\",\"url\":\"https:\\\/\\\/secure.gravatar.com\\\/avatar\\\/18b646e6575a46729bc25d1c374d5965acb9854728a2929ada390e85905160db?s=96&d=mm&r=g\",\"contentUrl\":\"https:\\\/\\\/secure.gravatar.com\\\/avatar\\\/18b646e6575a46729bc25d1c374d5965acb9854728a2929ada390e85905160db?s=96&d=mm&r=g\",\"caption\":\"Ayuda a la Iglesia Necesitada\"},\"description\":\"Ayuda a la Iglesia Necesitada (ACN) es la Fundaci\u00f3n Pontificia que apoya a la Iglesia cat\u00f3lica en su labor evangelizadora en las comunidades m\u00e1s necesitadas, discriminadas y perseguidas del mundo. Cada a\u00f1o, ACN financia m\u00e1s de 5.000 proyectos pastorales y de emergencia humanitaria en m\u00e1s de 130 pa\u00edses. Cuenta con m\u00e1s de 20 oficinas en el mundo (en Espa\u00f1a desde 1965), dedicadas a informar sobre la realidad de estos cristianos; al fomento de la oraci\u00f3n, y a la recaudaci\u00f3n de fondos para la cobertura de proyectos. El 100% de los proyectos que desarrolla ACN se sostienen gracias a los donativos de personas f\u00edsicas u organizaciones que valoran la labor de la Iglesia en el mundo. La Fundaci\u00f3n no recibe subvenciones de organismos p\u00fablicos.\",\"sameAs\":[\"https:\\\/\\\/www.facebook.com\\\/ayudaalaiglesianecesitada\\\/?ref=ts\",\"https:\\\/\\\/www.instagram.com\\\/ayudaiglesianecesitada\\\/\",\"https:\\\/\\\/x.com\\\/https:\\\/\\\/x.com\\\/AyudaIglesNeces\",\"https:\\\/\\\/www.youtube.com\\\/user\\\/AINorg\"],\"url\":\"https:\\\/\\\/exaudi.org\\\/es\\\/author\\\/ayudaalaiglesianecesitada\\\/\"}]}<\/script>\n<!-- \/ Yoast SEO plugin. -->","yoast_head_json":{"title":"Un mill\u00f3n de ni\u00f1os rezando el Rosario por la paz &#8211; Exaudi","robots":{"index":"index","follow":"follow","max-snippet":"max-snippet:-1","max-image-preview":"max-image-preview:large","max-video-preview":"max-video-preview:-1"},"canonical":"https:\/\/exaudi.org\/es\/un-millon-de-ninos-rezando-el-rosario-por-la-paz\/","og_locale":"es_ES","og_type":"article","og_title":"Un mill\u00f3n de ni\u00f1os rezando el Rosario por la paz &#8211; Exaudi","og_description":"Con tus hijos, nietos, ahijados, sobrinos, alumnos, catec\u00famenos\u2026 este 18 de octubre, \u00fanete a esta campa\u00f1a para rezar por la paz en todo el mundo","og_url":"https:\/\/exaudi.org\/es\/un-millon-de-ninos-rezando-el-rosario-por-la-paz\/","og_site_name":"Exaudi","article_publisher":"https:\/\/www.facebook.com\/ExaudiNews","article_author":"https:\/\/www.facebook.com\/ayudaalaiglesianecesitada\/?ref=ts","article_published_time":"2024-10-18T08:52:19+00:00","article_modified_time":"2024-10-18T09:24:19+00:00","og_image":[{"width":600,"height":600,"url":"https:\/\/exaudi.org\/wp-content\/uploads\/2024\/10\/unnamed-1.jpg","type":"image\/jpeg"}],"author":"Ayuda a la Iglesia Necesitada","twitter_card":"summary_large_image","twitter_creator":"@https:\/\/x.com\/AyudaIglesNeces","twitter_site":"@Exaudi_News","twitter_misc":{"Escrito por":"Ayuda a la Iglesia Necesitada","Tiempo de lectura":"1 minuto"},"schema":{"@context":"https:\/\/schema.org","@graph":[{"@type":"Article","@id":"https:\/\/exaudi.org\/es\/un-millon-de-ninos-rezando-el-rosario-por-la-paz\/#article","isPartOf":{"@id":"https:\/\/exaudi.org\/es\/un-millon-de-ninos-rezando-el-rosario-por-la-paz\/"},"author":{"name":"Ayuda a la Iglesia Necesitada","@id":"https:\/\/exaudi.org\/#\/schema\/person\/d4906ab3b6c174ffe37d722c51c73317"},"headline":"Un mill\u00f3n de ni\u00f1os rezando el Rosario por la paz","datePublished":"2024-10-18T08:52:19+00:00","dateModified":"2024-10-18T09:24:19+00:00","mainEntityOfPage":{"@id":"https:\/\/exaudi.org\/es\/un-millon-de-ninos-rezando-el-rosario-por-la-paz\/"},"wordCount":252,"image":{"@id":"https:\/\/exaudi.org\/es\/un-millon-de-ninos-rezando-el-rosario-por-la-paz\/#primaryimage"},"thumbnailUrl":"https:\/\/exaudi.org\/wp-content\/uploads\/2024\/10\/unnamed-1.jpg","keywords":["ACN","Ayuda a la Iglesia Necesitada (ACN)","Campa\u00f1a","Eucarist\u00edas","Featured","gu\u00eda del Rosario","Iglesia Necesitada","L\u00edbano","Maria","myanmar","ni\u00f1os cat\u00f3licos","Oraci\u00f3n","papa francisco","Paz","Rosario","Sudan","Tierra Santa","Ucrania","Un mill\u00f3n de ni\u00f1os"],"articleSection":["Iglesia y Mundo"],"inLanguage":"es"},{"@type":"WebPage","@id":"https:\/\/exaudi.org\/es\/un-millon-de-ninos-rezando-el-rosario-por-la-paz\/","url":"https:\/\/exaudi.org\/es\/un-millon-de-ninos-rezando-el-rosario-por-la-paz\/","name":"Un mill\u00f3n de ni\u00f1os rezando el Rosario por la paz &#8211; Exaudi","isPartOf":{"@id":"https:\/\/exaudi.org\/#website"},"primaryImageOfPage":{"@id":"https:\/\/exaudi.org\/es\/un-millon-de-ninos-rezando-el-rosario-por-la-paz\/#primaryimage"},"image":{"@id":"https:\/\/exaudi.org\/es\/un-millon-de-ninos-rezando-el-rosario-por-la-paz\/#primaryimage"},"thumbnailUrl":"https:\/\/exaudi.org\/wp-content\/uploads\/2024\/10\/unnamed-1.jpg","datePublished":"2024-10-18T08:52:19+00:00","dateModified":"2024-10-18T09:24:19+00:00","author":{"@id":"https:\/\/exaudi.org\/#\/schema\/person\/d4906ab3b6c174ffe37d722c51c73317"},"breadcrumb":{"@id":"https:\/\/exaudi.org\/es\/un-millon-de-ninos-rezando-el-rosario-por-la-paz\/#breadcrumb"},"inLanguage":"es","potentialAction":[{"@type":"ReadAction","target":["https:\/\/exaudi.org\/es\/un-millon-de-ninos-rezando-el-rosario-por-la-paz\/"]}]},{"@type":"ImageObject","inLanguage":"es","@id":"https:\/\/exaudi.org\/es\/un-millon-de-ninos-rezando-el-rosario-por-la-paz\/#primaryimage","url":"https:\/\/exaudi.org\/wp-content\/uploads\/2024\/10\/unnamed-1.jpg","contentUrl":"https:\/\/exaudi.org\/wp-content\/uploads\/2024\/10\/unnamed-1.jpg","width":600,"height":600},{"@type":"BreadcrumbList","@id":"https:\/\/exaudi.org\/es\/un-millon-de-ninos-rezando-el-rosario-por-la-paz\/#breadcrumb","itemListElement":[{"@type":"ListItem","position":1,"name":"Portada","item":"https:\/\/exaudi.org\/es\/"},{"@type":"ListItem","position":2,"name":"Un mill\u00f3n de ni\u00f1os rezando el Rosario por la paz"}]},{"@type":"WebSite","@id":"https:\/\/exaudi.org\/#website","url":"https:\/\/exaudi.org\/","name":"Exaudi","description":"News","potentialAction":[{"@type":"SearchAction","target":{"@type":"EntryPoint","urlTemplate":"https:\/\/exaudi.org\/?s={search_term_string}"},"query-input":{"@type":"PropertyValueSpecification","valueRequired":true,"valueName":"search_term_string"}}],"inLanguage":"es"},{"@type":"Person","@id":"https:\/\/exaudi.org\/#\/schema\/person\/d4906ab3b6c174ffe37d722c51c73317","name":"Ayuda a la Iglesia Necesitada","image":{"@type":"ImageObject","inLanguage":"es","@id":"https:\/\/secure.gravatar.com\/avatar\/18b646e6575a46729bc25d1c374d5965acb9854728a2929ada390e85905160db?s=96&d=mm&r=g","url":"https:\/\/secure.gravatar.com\/avatar\/18b646e6575a46729bc25d1c374d5965acb9854728a2929ada390e85905160db?s=96&d=mm&r=g","contentUrl":"https:\/\/secure.gravatar.com\/avatar\/18b646e6575a46729bc25d1c374d5965acb9854728a2929ada390e85905160db?s=96&d=mm&r=g","caption":"Ayuda a la Iglesia Necesitada"},"description":"Ayuda a la Iglesia Necesitada (ACN) es la Fundaci\u00f3n Pontificia que apoya a la Iglesia cat\u00f3lica en su labor evangelizadora en las comunidades m\u00e1s necesitadas, discriminadas y perseguidas del mundo. Cada a\u00f1o, ACN financia m\u00e1s de 5.000 proyectos pastorales y de emergencia humanitaria en m\u00e1s de 130 pa\u00edses. Cuenta con m\u00e1s de 20 oficinas en el mundo (en Espa\u00f1a desde 1965), dedicadas a informar sobre la realidad de estos cristianos; al fomento de la oraci\u00f3n, y a la recaudaci\u00f3n de fondos para la cobertura de proyectos. El 100% de los proyectos que desarrolla ACN se sostienen gracias a los donativos de personas f\u00edsicas u organizaciones que valoran la labor de la Iglesia en el mundo. La Fundaci\u00f3n no recibe subvenciones de organismos p\u00fablicos.","sameAs":["https:\/\/www.facebook.com\/ayudaalaiglesianecesitada\/?ref=ts","https:\/\/www.instagram.com\/ayudaiglesianecesitada\/","https:\/\/x.com\/https:\/\/x.com\/AyudaIglesNeces","https:\/\/www.youtube.com\/user\/AINorg"],"url":"https:\/\/exaudi.org\/es\/author\/ayudaalaiglesianecesitada\/"}]}},"jetpack_featured_media_url":"https:\/\/exaudi.org\/wp-content\/uploads\/2024\/10\/unnamed-1.jpg","jetpack_shortlink":"https:\/\/wp.me\/pgKjF2-sSd","_links":{"self":[{"href":"https:\/\/exaudi.org\/es\/wp-json\/wp\/v2\/posts\/110993","targetHints":{"allow":["GET"]}}],"collection":[{"href":"https:\/\/exaudi.org\/es\/wp-json\/wp\/v2\/posts"}],"about":[{"href":"https:\/\/exaudi.org\/es\/wp-json\/wp\/v2\/types\/post"}],"author":[{"embeddable":true,"href":"https:\/\/exaudi.org\/es\/wp-json\/wp\/v2\/users\/89"}],"replies":[{"embeddable":true,"href":"https:\/\/exaudi.org\/es\/wp-json\/wp\/v2\/comments?post=110993"}],"version-history":[{"count":0,"href":"https:\/\/exaudi.org\/es\/wp-json\/wp\/v2\/posts\/110993\/revisions"}],"wp:featuredmedia":[{"embeddable":true,"href":"https:\/\/exaudi.org\/es\/wp-json\/wp\/v2\/media\/111000"}],"wp:attachment":[{"href":"https:\/\/exaudi.org\/es\/wp-json\/wp\/v2\/media?parent=110993"}],"wp:term":[{"taxonomy":"category","embeddable":true,"href":"https:\/\/exaudi.org\/es\/wp-json\/wp\/v2\/categories?post=110993"},{"taxonomy":"post_tag","embeddable":true,"href":"https:\/\/exaudi.org\/es\/wp-json\/wp\/v2\/tags?post=110993"}],"curies":[{"name":"wp","href":"https:\/\/api.w.org\/{rel}","templated":true}]}}