{"id":110986,"date":"2024-10-19T09:00:31","date_gmt":"2024-10-19T07:00:31","guid":{"rendered":"https:\/\/exaudi.org\/?p=110986"},"modified":"2024-10-18T10:43:34","modified_gmt":"2024-10-18T08:43:34","slug":"jubileo-2025-un-encuentro-de-fe-y-esperanza","status":"publish","type":"post","link":"https:\/\/exaudi.org\/es\/jubileo-2025-un-encuentro-de-fe-y-esperanza\/","title":{"rendered":"Jubileo 2025: Un Encuentro de Fe y Esperanza"},"content":{"rendered":"<p>El Jubileo es un tiempo especial en la vida de la Iglesia Cat\u00f3lica, un periodo de gracia y perd\u00f3n que se celebra cada 25 a\u00f1os. El pr\u00f3ximo Jubileo, previsto para 2025, lleva como lema \u00abPeregrinos de Esperanza\u00bb, destacando el llamado a los fieles a renovar su compromiso con la fe y la misi\u00f3n de la Iglesia. Este evento se enmarca dentro de la rica tradici\u00f3n de la Iglesia que busca promover la reconciliaci\u00f3n, la paz y la unidad entre los creyentes.<\/p>\n<h3><strong>Historia del Jubileo<\/strong><\/h3>\n<p>El Jubileo tiene sus ra\u00edces en la tradici\u00f3n jud\u00eda, espec\u00edficamente en el Antiguo Testamento, donde se menciona un a\u00f1o de jubileo cada 50 a\u00f1os, un tiempo de liberaci\u00f3n y restituci\u00f3n. Desde el a\u00f1o 1300, con el primer Jubileo concedido por el Papa Bonifacio VIII, la celebraci\u00f3n se ha llevado a cabo en Roma, siendo un momento para que los fieles se acerquen a los sacramentos y reciban indulgencias.<\/p>\n<h3><strong>Jubileo 2025: Objetivos y Temas<\/strong><\/h3>\n<p>El Jubileo 2025 se enfocar\u00e1 en varios objetivos, que incluyen:<\/p>\n<ul>\n<li><strong>Reconciliaci\u00f3n<\/strong>: Fomentar la paz y la sanaci\u00f3n en las comunidades y en el mundo.<\/li>\n<li><strong>Testimonio<\/strong>: Invitar a los fieles a vivir su fe con autenticidad y a ser testigos del amor de Cristo.<\/li>\n<li><strong>Misi\u00f3n<\/strong>: Reforzar el compromiso de evangelizaci\u00f3n y servicio a los dem\u00e1s, especialmente a los m\u00e1s necesitados.<\/li>\n<\/ul>\n<h3><strong>Actividades Programadas<\/strong><\/h3>\n<p>Durante el Jubileo, se realizar\u00e1n diversas actividades y celebraciones, tales como:<\/p>\n<ul>\n<li><strong>Peregrinaciones<\/strong>: Los fieles est\u00e1n llamados a participar en peregrinaciones a Roma, donde podr\u00e1n visitar lugares sagrados, participar en la Misa con el Papa y recibir indulgencias.<\/li>\n<li><strong>Eventos Culturales y Espirituales<\/strong>: Habr\u00e1 un calendario de eventos que incluir\u00e1n conferencias, momentos de oraci\u00f3n, y actividades comunitarias para fortalecer la fe y el sentido de comunidad entre los asistentes.<\/li>\n<\/ul>\n<h3><strong>C\u00f3mo Prepararse<\/strong><\/h3>\n<p>Para vivir este Jubileo de manera plena, se invita a los fieles a prepararse espiritualmente a trav\u00e9s de:<\/p>\n<ul>\n<li><strong>La Oraci\u00f3n<\/strong>: Aumentar el tiempo de oraci\u00f3n personal y comunitaria, pidiendo la gu\u00eda del Esp\u00edritu Santo.<\/li>\n<li><strong>La Confesi\u00f3n<\/strong>: Acercarse al sacramento de la reconciliaci\u00f3n para recibir el perd\u00f3n y comenzar de nuevo.<\/li>\n<li><strong>El Servicio<\/strong>: Comprometerse a ayudar a los dem\u00e1s, especialmente a los que m\u00e1s lo necesitan, como una forma de vivir la fe en acci\u00f3n.<\/li>\n<\/ul>\n<p>El Jubileo 2025 es una oportunidad \u00fanica para que todos los cat\u00f3licos renueven su fe y su compromiso con la misi\u00f3n de la Iglesia. A trav\u00e9s de este tiempo de gracia, se busca no solo el perd\u00f3n y la reconciliaci\u00f3n, sino tambi\u00e9n un llamado a ser verdaderos disc\u00edpulos de Cristo en el mundo contempor\u00e1neo. El lema \u00abPeregrinos de Esperanza\u00bb nos recuerda que, aunque enfrentemos desaf\u00edos, siempre podemos encontrar luz y direcci\u00f3n en nuestra fe.<\/p>\n<h3><strong>Calendario Jubileo 2025<\/strong><\/h3>\n<p><img loading=\"lazy\" decoding=\"async\" class=\"size-full wp-image-110987 alignnone\" src=\"https:\/\/exaudi.org\/wp-content\/uploads\/2024\/10\/ESCAL_page-0001.jpg\" alt=\"\" width=\"1241\" height=\"1754\" srcset=\"https:\/\/exaudi.org\/wp-content\/uploads\/2024\/10\/ESCAL_page-0001.jpg 1241w, https:\/\/exaudi.org\/wp-content\/uploads\/2024\/10\/ESCAL_page-0001-212x300.jpg 212w, https:\/\/exaudi.org\/wp-content\/uploads\/2024\/10\/ESCAL_page-0001-725x1024.jpg 725w, https:\/\/exaudi.org\/wp-content\/uploads\/2024\/10\/ESCAL_page-0001-770x1088.jpg 770w, https:\/\/exaudi.org\/wp-content\/uploads\/2024\/10\/ESCAL_page-0001-1087x1536.jpg 1087w, https:\/\/exaudi.org\/wp-content\/uploads\/2024\/10\/ESCAL_page-0001-500x707.jpg 500w, https:\/\/exaudi.org\/wp-content\/uploads\/2024\/10\/ESCAL_page-0001-293x414.jpg 293w, https:\/\/exaudi.org\/wp-content\/uploads\/2024\/10\/ESCAL_page-0001-390x551.jpg 390w\" sizes=\"auto, (max-width: 1241px) 100vw, 1241px\" \/><\/p>\n","protected":false},"excerpt":{"rendered":"<p>Descubre el significado y las oportunidades que ofrece este evento especial en la vida de la Iglesia Cat\u00f3lica<\/p>\n","protected":false},"author":15,"featured_media":110990,"comment_status":"closed","ping_status":"closed","sticky":false,"template":"","format":"standard","meta":{"_acf_changed":false,"_crdt_document":"","inline_featured_image":false,"footnotes":""},"categories":[72],"tags":[7918,5594,624,1371,14065,3164,2419,449,28294,5856,2900,436,158,9862,3589,8182],"class_list":["post-110986","post","type-post","status-publish","format-standard","has-post-thumbnail","hentry","category-analisis","tag-celebracion","tag-comunidad","tag-esperanza","tag-espiritualidad","tag-eventos","tag-fe-es","tag-featured","tag-iglesia-catolica","tag-indulgencias","tag-jubileo-2025","tag-mision","tag-papa-es","tag-papa-francisco","tag-peregrinaciones","tag-reconciliacion","tag-testimonios"],"acf":[],"yoast_head":"<!-- This site is optimized with the Yoast SEO plugin v27.4 - https:\/\/yoast.com\/product\/yoast-seo-wordpress\/ -->\n<title>Jubileo 2025: Un Encuentro de Fe y Esperanza &#8211; Exaudi<\/title>\n<meta name=\"robots\" content=\"index, follow, max-snippet:-1, max-image-preview:large, max-video-preview:-1\" \/>\n<link rel=\"canonical\" href=\"https:\/\/exaudi.org\/es\/jubileo-2025-un-encuentro-de-fe-y-esperanza\/\" \/>\n<meta property=\"og:locale\" content=\"es_ES\" \/>\n<meta property=\"og:type\" content=\"article\" \/>\n<meta property=\"og:title\" content=\"Jubileo 2025: Un Encuentro de Fe y Esperanza &#8211; Exaudi\" \/>\n<meta property=\"og:description\" content=\"Descubre el significado y las oportunidades que ofrece este evento especial en la vida de la Iglesia Cat\u00f3lica\" \/>\n<meta property=\"og:url\" content=\"https:\/\/exaudi.org\/es\/jubileo-2025-un-encuentro-de-fe-y-esperanza\/\" \/>\n<meta property=\"og:site_name\" content=\"Exaudi\" \/>\n<meta property=\"article:publisher\" content=\"https:\/\/www.facebook.com\/ExaudiNews\" \/>\n<meta property=\"article:author\" content=\"https:\/\/www.facebook.com\/ExaudiNoticias\/\" \/>\n<meta property=\"article:published_time\" content=\"2024-10-19T07:00:31+00:00\" \/>\n<meta property=\"og:image\" content=\"https:\/\/exaudi.org\/wp-content\/uploads\/2024\/10\/cq5dam.thumbnail.cropped.1500.844-1-1.jpeg\" \/>\n\t<meta property=\"og:image:width\" content=\"1500\" \/>\n\t<meta property=\"og:image:height\" content=\"844\" \/>\n\t<meta property=\"og:image:type\" content=\"image\/jpeg\" \/>\n<meta name=\"author\" content=\"Exaudi Redacci\u00f3n\" \/>\n<meta name=\"twitter:card\" content=\"summary_large_image\" \/>\n<meta name=\"twitter:creator\" content=\"@Exaudi_noticias\" \/>\n<meta name=\"twitter:site\" content=\"@Exaudi_News\" \/>\n<meta name=\"twitter:label1\" content=\"Escrito por\" \/>\n\t<meta name=\"twitter:data1\" content=\"Exaudi Redacci\u00f3n\" \/>\n\t<meta name=\"twitter:label2\" content=\"Tiempo de lectura\" \/>\n\t<meta name=\"twitter:data2\" content=\"2 minutos\" \/>\n<script type=\"application\/ld+json\" class=\"yoast-schema-graph\">{\"@context\":\"https:\\\/\\\/schema.org\",\"@graph\":[{\"@type\":\"Article\",\"@id\":\"https:\\\/\\\/exaudi.org\\\/es\\\/jubileo-2025-un-encuentro-de-fe-y-esperanza\\\/#article\",\"isPartOf\":{\"@id\":\"https:\\\/\\\/exaudi.org\\\/es\\\/jubileo-2025-un-encuentro-de-fe-y-esperanza\\\/\"},\"author\":{\"name\":\"Exaudi Redacci\u00f3n\",\"@id\":\"https:\\\/\\\/exaudi.org\\\/#\\\/schema\\\/person\\\/f5fc8f063065e38742da7afe15f25df7\"},\"headline\":\"Jubileo 2025: Un Encuentro de Fe y Esperanza\",\"datePublished\":\"2024-10-19T07:00:31+00:00\",\"mainEntityOfPage\":{\"@id\":\"https:\\\/\\\/exaudi.org\\\/es\\\/jubileo-2025-un-encuentro-de-fe-y-esperanza\\\/\"},\"wordCount\":487,\"image\":{\"@id\":\"https:\\\/\\\/exaudi.org\\\/es\\\/jubileo-2025-un-encuentro-de-fe-y-esperanza\\\/#primaryimage\"},\"thumbnailUrl\":\"https:\\\/\\\/exaudi.org\\\/wp-content\\\/uploads\\\/2024\\\/10\\\/cq5dam.thumbnail.cropped.1500.844-1-1.jpeg\",\"keywords\":[\"Celebraci\u00f3n\",\"Comunidad\",\"Esperanza\",\"Espiritualidad\",\"EVENTOS\",\"fe\",\"Featured\",\"Iglesia cat\u00f3lica\",\"indulgencias\",\"Jubileo 2025\",\"Misi\u00f3n\",\"Papa\",\"papa francisco\",\"Peregrinaciones\",\"Reconciliaci\u00f3n\",\"Testimonios\"],\"articleSection\":[\"An\u00e1lisis\"],\"inLanguage\":\"es\"},{\"@type\":\"WebPage\",\"@id\":\"https:\\\/\\\/exaudi.org\\\/es\\\/jubileo-2025-un-encuentro-de-fe-y-esperanza\\\/\",\"url\":\"https:\\\/\\\/exaudi.org\\\/es\\\/jubileo-2025-un-encuentro-de-fe-y-esperanza\\\/\",\"name\":\"Jubileo 2025: Un Encuentro de Fe y Esperanza &#8211; Exaudi\",\"isPartOf\":{\"@id\":\"https:\\\/\\\/exaudi.org\\\/#website\"},\"primaryImageOfPage\":{\"@id\":\"https:\\\/\\\/exaudi.org\\\/es\\\/jubileo-2025-un-encuentro-de-fe-y-esperanza\\\/#primaryimage\"},\"image\":{\"@id\":\"https:\\\/\\\/exaudi.org\\\/es\\\/jubileo-2025-un-encuentro-de-fe-y-esperanza\\\/#primaryimage\"},\"thumbnailUrl\":\"https:\\\/\\\/exaudi.org\\\/wp-content\\\/uploads\\\/2024\\\/10\\\/cq5dam.thumbnail.cropped.1500.844-1-1.jpeg\",\"datePublished\":\"2024-10-19T07:00:31+00:00\",\"author\":{\"@id\":\"https:\\\/\\\/exaudi.org\\\/#\\\/schema\\\/person\\\/f5fc8f063065e38742da7afe15f25df7\"},\"breadcrumb\":{\"@id\":\"https:\\\/\\\/exaudi.org\\\/es\\\/jubileo-2025-un-encuentro-de-fe-y-esperanza\\\/#breadcrumb\"},\"inLanguage\":\"es\",\"potentialAction\":[{\"@type\":\"ReadAction\",\"target\":[\"https:\\\/\\\/exaudi.org\\\/es\\\/jubileo-2025-un-encuentro-de-fe-y-esperanza\\\/\"]}]},{\"@type\":\"ImageObject\",\"inLanguage\":\"es\",\"@id\":\"https:\\\/\\\/exaudi.org\\\/es\\\/jubileo-2025-un-encuentro-de-fe-y-esperanza\\\/#primaryimage\",\"url\":\"https:\\\/\\\/exaudi.org\\\/wp-content\\\/uploads\\\/2024\\\/10\\\/cq5dam.thumbnail.cropped.1500.844-1-1.jpeg\",\"contentUrl\":\"https:\\\/\\\/exaudi.org\\\/wp-content\\\/uploads\\\/2024\\\/10\\\/cq5dam.thumbnail.cropped.1500.844-1-1.jpeg\",\"width\":1500,\"height\":844},{\"@type\":\"BreadcrumbList\",\"@id\":\"https:\\\/\\\/exaudi.org\\\/es\\\/jubileo-2025-un-encuentro-de-fe-y-esperanza\\\/#breadcrumb\",\"itemListElement\":[{\"@type\":\"ListItem\",\"position\":1,\"name\":\"Portada\",\"item\":\"https:\\\/\\\/exaudi.org\\\/es\\\/\"},{\"@type\":\"ListItem\",\"position\":2,\"name\":\"Jubileo 2025: Un Encuentro de Fe y Esperanza\"}]},{\"@type\":\"WebSite\",\"@id\":\"https:\\\/\\\/exaudi.org\\\/#website\",\"url\":\"https:\\\/\\\/exaudi.org\\\/\",\"name\":\"Exaudi\",\"description\":\"News\",\"potentialAction\":[{\"@type\":\"SearchAction\",\"target\":{\"@type\":\"EntryPoint\",\"urlTemplate\":\"https:\\\/\\\/exaudi.org\\\/?s={search_term_string}\"},\"query-input\":{\"@type\":\"PropertyValueSpecification\",\"valueRequired\":true,\"valueName\":\"search_term_string\"}}],\"inLanguage\":\"es\"},{\"@type\":\"Person\",\"@id\":\"https:\\\/\\\/exaudi.org\\\/#\\\/schema\\\/person\\\/f5fc8f063065e38742da7afe15f25df7\",\"name\":\"Exaudi Redacci\u00f3n\",\"image\":{\"@type\":\"ImageObject\",\"inLanguage\":\"es\",\"@id\":\"https:\\\/\\\/secure.gravatar.com\\\/avatar\\\/fe0f6a059fb68d9b3e11bc5850dd4899b1c7492091a3cb6dd9b01b56ad828be2?s=96&d=mm&r=g\",\"url\":\"https:\\\/\\\/secure.gravatar.com\\\/avatar\\\/fe0f6a059fb68d9b3e11bc5850dd4899b1c7492091a3cb6dd9b01b56ad828be2?s=96&d=mm&r=g\",\"contentUrl\":\"https:\\\/\\\/secure.gravatar.com\\\/avatar\\\/fe0f6a059fb68d9b3e11bc5850dd4899b1c7492091a3cb6dd9b01b56ad828be2?s=96&d=mm&r=g\",\"caption\":\"Exaudi Redacci\u00f3n\"},\"description\":\"\u00bfQu\u00e9 es Exaudi News? Exaudi News es un medio de comunicaci\u00f3n cat\u00f3lico internacional que informa, forma y transforma, diariamente en espa\u00f1ol, ingl\u00e9s e italiano. A trav\u00e9s de noticias, art\u00edculos de an\u00e1lisis y transmisiones en directo de los eventos del Papa, Exaudi busca fortalecer la unidad de los cristianos y contribuir a la evangelizaci\u00f3n del mundo, siempre guiados por la doctrina social de la Iglesia. Trabajamos para acercar la verdad y los valores cristianos a cada rinc\u00f3n del planeta. \u00a1Ay\u00fadanos a transformar el mundo con Exaudi! En Exaudi creemos que la evangelizaci\u00f3n y la informaci\u00f3n de calidad pueden cambiar vidas. Para continuar con nuestra misi\u00f3n y expandir nuestro alcance, necesitamos tu ayuda. Adem\u00e1s, buscamos personas comprometidas que deseen unirse a nuestro equipo. Con tu apoyo, lograremos llegar a m\u00e1s personas, difundir el mensaje de Cristo y reforzar la unidad de los cristianos. \u00bfTe unes a nuestra misi\u00f3n? Para m\u00e1s informaci\u00f3n sobre c\u00f3mo colaborar, visita Exaudi.org\\\/es o cont\u00e1ctanos directamente: info@exaudi.org Exaudi: Informa, forma y transforma.\",\"sameAs\":[\"https:\\\/\\\/www.facebook.com\\\/ExaudiNoticias\\\/\",\"https:\\\/\\\/www.instagram.com\\\/exaudi_noticias\\\/\",\"https:\\\/\\\/x.com\\\/Exaudi_noticias\",\"https:\\\/\\\/www.youtube.com\\\/@exaudicatholicnews\"],\"url\":\"https:\\\/\\\/exaudi.org\\\/es\\\/author\\\/redaccionexaudi\\\/\"}]}<\/script>\n<!-- \/ Yoast SEO plugin. -->","yoast_head_json":{"title":"Jubileo 2025: Un Encuentro de Fe y Esperanza &#8211; Exaudi","robots":{"index":"index","follow":"follow","max-snippet":"max-snippet:-1","max-image-preview":"max-image-preview:large","max-video-preview":"max-video-preview:-1"},"canonical":"https:\/\/exaudi.org\/es\/jubileo-2025-un-encuentro-de-fe-y-esperanza\/","og_locale":"es_ES","og_type":"article","og_title":"Jubileo 2025: Un Encuentro de Fe y Esperanza &#8211; Exaudi","og_description":"Descubre el significado y las oportunidades que ofrece este evento especial en la vida de la Iglesia Cat\u00f3lica","og_url":"https:\/\/exaudi.org\/es\/jubileo-2025-un-encuentro-de-fe-y-esperanza\/","og_site_name":"Exaudi","article_publisher":"https:\/\/www.facebook.com\/ExaudiNews","article_author":"https:\/\/www.facebook.com\/ExaudiNoticias\/","article_published_time":"2024-10-19T07:00:31+00:00","og_image":[{"width":1500,"height":844,"url":"https:\/\/exaudi.org\/wp-content\/uploads\/2024\/10\/cq5dam.thumbnail.cropped.1500.844-1-1.jpeg","type":"image\/jpeg"}],"author":"Exaudi Redacci\u00f3n","twitter_card":"summary_large_image","twitter_creator":"@Exaudi_noticias","twitter_site":"@Exaudi_News","twitter_misc":{"Escrito por":"Exaudi Redacci\u00f3n","Tiempo de lectura":"2 minutos"},"schema":{"@context":"https:\/\/schema.org","@graph":[{"@type":"Article","@id":"https:\/\/exaudi.org\/es\/jubileo-2025-un-encuentro-de-fe-y-esperanza\/#article","isPartOf":{"@id":"https:\/\/exaudi.org\/es\/jubileo-2025-un-encuentro-de-fe-y-esperanza\/"},"author":{"name":"Exaudi Redacci\u00f3n","@id":"https:\/\/exaudi.org\/#\/schema\/person\/f5fc8f063065e38742da7afe15f25df7"},"headline":"Jubileo 2025: Un Encuentro de Fe y Esperanza","datePublished":"2024-10-19T07:00:31+00:00","mainEntityOfPage":{"@id":"https:\/\/exaudi.org\/es\/jubileo-2025-un-encuentro-de-fe-y-esperanza\/"},"wordCount":487,"image":{"@id":"https:\/\/exaudi.org\/es\/jubileo-2025-un-encuentro-de-fe-y-esperanza\/#primaryimage"},"thumbnailUrl":"https:\/\/exaudi.org\/wp-content\/uploads\/2024\/10\/cq5dam.thumbnail.cropped.1500.844-1-1.jpeg","keywords":["Celebraci\u00f3n","Comunidad","Esperanza","Espiritualidad","EVENTOS","fe","Featured","Iglesia cat\u00f3lica","indulgencias","Jubileo 2025","Misi\u00f3n","Papa","papa francisco","Peregrinaciones","Reconciliaci\u00f3n","Testimonios"],"articleSection":["An\u00e1lisis"],"inLanguage":"es"},{"@type":"WebPage","@id":"https:\/\/exaudi.org\/es\/jubileo-2025-un-encuentro-de-fe-y-esperanza\/","url":"https:\/\/exaudi.org\/es\/jubileo-2025-un-encuentro-de-fe-y-esperanza\/","name":"Jubileo 2025: Un Encuentro de Fe y Esperanza &#8211; Exaudi","isPartOf":{"@id":"https:\/\/exaudi.org\/#website"},"primaryImageOfPage":{"@id":"https:\/\/exaudi.org\/es\/jubileo-2025-un-encuentro-de-fe-y-esperanza\/#primaryimage"},"image":{"@id":"https:\/\/exaudi.org\/es\/jubileo-2025-un-encuentro-de-fe-y-esperanza\/#primaryimage"},"thumbnailUrl":"https:\/\/exaudi.org\/wp-content\/uploads\/2024\/10\/cq5dam.thumbnail.cropped.1500.844-1-1.jpeg","datePublished":"2024-10-19T07:00:31+00:00","author":{"@id":"https:\/\/exaudi.org\/#\/schema\/person\/f5fc8f063065e38742da7afe15f25df7"},"breadcrumb":{"@id":"https:\/\/exaudi.org\/es\/jubileo-2025-un-encuentro-de-fe-y-esperanza\/#breadcrumb"},"inLanguage":"es","potentialAction":[{"@type":"ReadAction","target":["https:\/\/exaudi.org\/es\/jubileo-2025-un-encuentro-de-fe-y-esperanza\/"]}]},{"@type":"ImageObject","inLanguage":"es","@id":"https:\/\/exaudi.org\/es\/jubileo-2025-un-encuentro-de-fe-y-esperanza\/#primaryimage","url":"https:\/\/exaudi.org\/wp-content\/uploads\/2024\/10\/cq5dam.thumbnail.cropped.1500.844-1-1.jpeg","contentUrl":"https:\/\/exaudi.org\/wp-content\/uploads\/2024\/10\/cq5dam.thumbnail.cropped.1500.844-1-1.jpeg","width":1500,"height":844},{"@type":"BreadcrumbList","@id":"https:\/\/exaudi.org\/es\/jubileo-2025-un-encuentro-de-fe-y-esperanza\/#breadcrumb","itemListElement":[{"@type":"ListItem","position":1,"name":"Portada","item":"https:\/\/exaudi.org\/es\/"},{"@type":"ListItem","position":2,"name":"Jubileo 2025: Un Encuentro de Fe y Esperanza"}]},{"@type":"WebSite","@id":"https:\/\/exaudi.org\/#website","url":"https:\/\/exaudi.org\/","name":"Exaudi","description":"News","potentialAction":[{"@type":"SearchAction","target":{"@type":"EntryPoint","urlTemplate":"https:\/\/exaudi.org\/?s={search_term_string}"},"query-input":{"@type":"PropertyValueSpecification","valueRequired":true,"valueName":"search_term_string"}}],"inLanguage":"es"},{"@type":"Person","@id":"https:\/\/exaudi.org\/#\/schema\/person\/f5fc8f063065e38742da7afe15f25df7","name":"Exaudi Redacci\u00f3n","image":{"@type":"ImageObject","inLanguage":"es","@id":"https:\/\/secure.gravatar.com\/avatar\/fe0f6a059fb68d9b3e11bc5850dd4899b1c7492091a3cb6dd9b01b56ad828be2?s=96&d=mm&r=g","url":"https:\/\/secure.gravatar.com\/avatar\/fe0f6a059fb68d9b3e11bc5850dd4899b1c7492091a3cb6dd9b01b56ad828be2?s=96&d=mm&r=g","contentUrl":"https:\/\/secure.gravatar.com\/avatar\/fe0f6a059fb68d9b3e11bc5850dd4899b1c7492091a3cb6dd9b01b56ad828be2?s=96&d=mm&r=g","caption":"Exaudi Redacci\u00f3n"},"description":"\u00bfQu\u00e9 es Exaudi News? Exaudi News es un medio de comunicaci\u00f3n cat\u00f3lico internacional que informa, forma y transforma, diariamente en espa\u00f1ol, ingl\u00e9s e italiano. A trav\u00e9s de noticias, art\u00edculos de an\u00e1lisis y transmisiones en directo de los eventos del Papa, Exaudi busca fortalecer la unidad de los cristianos y contribuir a la evangelizaci\u00f3n del mundo, siempre guiados por la doctrina social de la Iglesia. Trabajamos para acercar la verdad y los valores cristianos a cada rinc\u00f3n del planeta. \u00a1Ay\u00fadanos a transformar el mundo con Exaudi! En Exaudi creemos que la evangelizaci\u00f3n y la informaci\u00f3n de calidad pueden cambiar vidas. Para continuar con nuestra misi\u00f3n y expandir nuestro alcance, necesitamos tu ayuda. Adem\u00e1s, buscamos personas comprometidas que deseen unirse a nuestro equipo. Con tu apoyo, lograremos llegar a m\u00e1s personas, difundir el mensaje de Cristo y reforzar la unidad de los cristianos. \u00bfTe unes a nuestra misi\u00f3n? Para m\u00e1s informaci\u00f3n sobre c\u00f3mo colaborar, visita Exaudi.org\/es o cont\u00e1ctanos directamente: info@exaudi.org Exaudi: Informa, forma y transforma.","sameAs":["https:\/\/www.facebook.com\/ExaudiNoticias\/","https:\/\/www.instagram.com\/exaudi_noticias\/","https:\/\/x.com\/Exaudi_noticias","https:\/\/www.youtube.com\/@exaudicatholicnews"],"url":"https:\/\/exaudi.org\/es\/author\/redaccionexaudi\/"}]}},"jetpack_featured_media_url":"https:\/\/exaudi.org\/wp-content\/uploads\/2024\/10\/cq5dam.thumbnail.cropped.1500.844-1-1.jpeg","jetpack_shortlink":"https:\/\/wp.me\/pgKjF2-sS6","_links":{"self":[{"href":"https:\/\/exaudi.org\/es\/wp-json\/wp\/v2\/posts\/110986","targetHints":{"allow":["GET"]}}],"collection":[{"href":"https:\/\/exaudi.org\/es\/wp-json\/wp\/v2\/posts"}],"about":[{"href":"https:\/\/exaudi.org\/es\/wp-json\/wp\/v2\/types\/post"}],"author":[{"embeddable":true,"href":"https:\/\/exaudi.org\/es\/wp-json\/wp\/v2\/users\/15"}],"replies":[{"embeddable":true,"href":"https:\/\/exaudi.org\/es\/wp-json\/wp\/v2\/comments?post=110986"}],"version-history":[{"count":0,"href":"https:\/\/exaudi.org\/es\/wp-json\/wp\/v2\/posts\/110986\/revisions"}],"wp:featuredmedia":[{"embeddable":true,"href":"https:\/\/exaudi.org\/es\/wp-json\/wp\/v2\/media\/110990"}],"wp:attachment":[{"href":"https:\/\/exaudi.org\/es\/wp-json\/wp\/v2\/media?parent=110986"}],"wp:term":[{"taxonomy":"category","embeddable":true,"href":"https:\/\/exaudi.org\/es\/wp-json\/wp\/v2\/categories?post=110986"},{"taxonomy":"post_tag","embeddable":true,"href":"https:\/\/exaudi.org\/es\/wp-json\/wp\/v2\/tags?post=110986"}],"curies":[{"name":"wp","href":"https:\/\/api.w.org\/{rel}","templated":true}]}}