{"id":110780,"date":"2024-10-15T13:28:14","date_gmt":"2024-10-15T11:28:14","guid":{"rendered":"https:\/\/exaudi.org\/?p=110780"},"modified":"2024-10-15T13:33:11","modified_gmt":"2024-10-15T11:33:11","slug":"fedma-celebra-el-iii-congreso-de-familias-numerosas-de-la-comunidad-de-madrid-en-pozuelo-de-alarcon","status":"publish","type":"post","link":"https:\/\/exaudi.org\/es\/fedma-celebra-el-iii-congreso-de-familias-numerosas-de-la-comunidad-de-madrid-en-pozuelo-de-alarcon\/","title":{"rendered":"FEDMA celebra el III Congreso de Familias Numerosas de la Comunidad de Madrid en Pozuelo de Alarc\u00f3n"},"content":{"rendered":"<p>La Federaci\u00f3n Madrile\u00f1a de Familias Numerosas (FEDMA) celebrar\u00e1 su Congreso de Familias Numerosas de la Comunidad de Madrid, bajo el lema \u201cEl Valor Permanente de la Familia\u201d, en la que ser\u00e1 su III edici\u00f3n.<\/p>\n<p>El Congreso tendr\u00e1 lugar el pr\u00f3ximo s\u00e1bado 19 de octubre, <a href=\"https:\/\/maps.app.goo.gl\/zY9TtyQFLqSeTggT9\" target=\"_blank\" rel=\"noopener\">en auditorio del Espacio Familia, de Pozuelo de Alarc\u00f3n. c\/ Volturno 2\u00a0<\/a>.<\/p>\n<p>Este encuentro reunir\u00e1 a expertos, representantes institucionales, pol\u00edticos y familias para debatir sobre los desaf\u00edos y las oportunidades que enfrentan las familias numerosas en la actualidad.<\/p>\n<p>El Congreso ser\u00e1 inaugurado por Ana D\u00e1vila Ponce de Le\u00f3n, consejera de Familia, Juventud y Asuntos Sociales de la Comunidad de Madrid y contar\u00e1 con la participaci\u00f3n Jaime Mayor Oreja, presidente de la fundaci\u00f3n NEOS, tras la bienvenida a cargo de la Alcaldesa de Pozuelo, Paloma Tejero y el presidente de FEDMA, Jos\u00e9 M\u00aa Villal\u00f3n.<\/p>\n<p>Benigno Blanco abrir\u00e1 la jornada con la ponencia \u00abPol\u00edticas de apoyo a la familia en el Siglo XXI\u00bb. A continuaci\u00f3n, se mantendr\u00e1 un coloquio para hablar sobre este tema con la participaci\u00f3n de M\u00f3nica Lav\u00edn, portavoz de familia de la Asamblea de Madrid, junto a concejales de familia de municipios con pol\u00edticas de apoyo familiar como M\u00f3stoles y Pozuelo de Alarc\u00f3n.<\/p>\n<p>En la segunda parte del congreso, el experto Jos\u00e9 Mart\u00edn Aguado ofrecer\u00e1 una ponencia sobre la influencia de las redes sociales y las pantallas en la vida familiar, seguida de un coloquio en el que participar\u00e1n figuras clave como Mar\u00eda Jos\u00e9 Olesti, Miguel Rumayor y Jes\u00fas Poveda, quien abordar\u00e1 la salud mental juvenil.<\/p>\n<p>El acto de clausura correr\u00e1 a cargo de la directora general de Familia e Infancia de la Comunidad de Madrid, Silvia Valma\u00f1a.<\/p>\n<p><a href=\"https:\/\/exaudi.org\/wp-content\/uploads\/2024\/10\/Programa-congreso-2.pdf\">Programa<\/a><\/p>\n<p><strong>Sobre FEDMA:<\/strong><\/p>\n<p>La Federaci\u00f3n Madrile\u00f1a de Familias Numerosas (FEDMA) es una organizaci\u00f3n que representa y defiende los intereses de las familias numerosas en la Comunidad de Madrid, promoviendo pol\u00edticas y acciones que favorezcan su bienestar y desarrollo integral. La Federaci\u00f3n integra a 24 asociaciones de familias numerosas de toda la regi\u00f3n. Actualmente en la Comunidad de Madrid hay m\u00e1s de 145.000 familias numerosas, contando en Pozuelo de Alarc\u00f3n con m\u00e1s de 3.700.<\/p>\n","protected":false},"excerpt":{"rendered":"<p>Un encuentro para fortalecer el valor y el apoyo a las familias numerosas<\/p>\n","protected":false},"author":15,"featured_media":110781,"comment_status":"closed","ping_status":"closed","sticky":false,"template":"","format":"standard","meta":{"_acf_changed":false,"_crdt_document":"","inline_featured_image":false,"footnotes":""},"categories":[74],"tags":[27946,27949,27945,27940,21715,27951,27942,27938,27939,13535,27947,27948,27943,27941,463,27944,27950],"class_list":["post-110780","post","type-post","status-publish","format-standard","has-post-thumbnail","hentry","category-iglesia-y-mundo","tag-ana-davila-ponce-de-leon","tag-benigno-blanco","tag-bienestar-familiar","tag-comunidad-de-madrid","tag-desarrollo-integral","tag-espacio-familia","tag-familias-numerosas","tag-fedma","tag-iii-congreso-de-familias-numerosas","tag-jaime-mayor-oreja","tag-jose-ma-villalon","tag-monica-lavin","tag-politicas-de-apoyo-a-la-familia","tag-pozuelo-de-alarcon","tag-redes-sociales","tag-salud-mental-juvenil","tag-silvia-valmana"],"acf":[],"yoast_head":"<!-- This site is optimized with the Yoast SEO plugin v27.5 - https:\/\/yoast.com\/product\/yoast-seo-wordpress\/ -->\n<title>FEDMA celebra el III Congreso de Familias Numerosas de la Comunidad de Madrid en Pozuelo de Alarc\u00f3n &#8211; Exaudi<\/title>\n<meta name=\"robots\" content=\"index, follow, max-snippet:-1, max-image-preview:large, max-video-preview:-1\" \/>\n<link rel=\"canonical\" href=\"https:\/\/exaudi.org\/es\/fedma-celebra-el-iii-congreso-de-familias-numerosas-de-la-comunidad-de-madrid-en-pozuelo-de-alarcon\/\" \/>\n<meta property=\"og:locale\" content=\"es_ES\" \/>\n<meta property=\"og:type\" content=\"article\" \/>\n<meta property=\"og:title\" content=\"FEDMA celebra el III Congreso de Familias Numerosas de la Comunidad de Madrid en Pozuelo de Alarc\u00f3n &#8211; Exaudi\" \/>\n<meta property=\"og:description\" content=\"Un encuentro para fortalecer el valor y el apoyo a las familias numerosas\" \/>\n<meta property=\"og:url\" content=\"https:\/\/exaudi.org\/es\/fedma-celebra-el-iii-congreso-de-familias-numerosas-de-la-comunidad-de-madrid-en-pozuelo-de-alarcon\/\" \/>\n<meta property=\"og:site_name\" content=\"Exaudi\" \/>\n<meta property=\"article:publisher\" content=\"https:\/\/www.facebook.com\/ExaudiNews\" \/>\n<meta property=\"article:author\" content=\"https:\/\/www.facebook.com\/ExaudiNoticias\/\" \/>\n<meta property=\"article:published_time\" content=\"2024-10-15T11:28:14+00:00\" \/>\n<meta property=\"article:modified_time\" content=\"2024-10-15T11:33:11+00:00\" \/>\n<meta property=\"og:image\" content=\"https:\/\/exaudi.org\/wp-content\/uploads\/2024\/10\/WhatsApp-Image-2024-10-15-at-12.49.08.jpeg\" \/>\n\t<meta property=\"og:image:width\" content=\"312\" \/>\n\t<meta property=\"og:image:height\" content=\"311\" \/>\n\t<meta property=\"og:image:type\" content=\"image\/jpeg\" \/>\n<meta name=\"author\" content=\"Exaudi Redacci\u00f3n\" \/>\n<meta name=\"twitter:card\" content=\"summary_large_image\" \/>\n<meta name=\"twitter:creator\" content=\"@Exaudi_noticias\" \/>\n<meta name=\"twitter:site\" content=\"@Exaudi_News\" \/>\n<meta name=\"twitter:label1\" content=\"Escrito por\" \/>\n\t<meta name=\"twitter:data1\" content=\"Exaudi Redacci\u00f3n\" \/>\n\t<meta name=\"twitter:label2\" content=\"Tiempo de lectura\" \/>\n\t<meta name=\"twitter:data2\" content=\"2 minutos\" \/>\n<script type=\"application\/ld+json\" class=\"yoast-schema-graph\">{\"@context\":\"https:\\\/\\\/schema.org\",\"@graph\":[{\"@type\":\"Article\",\"@id\":\"https:\\\/\\\/exaudi.org\\\/es\\\/fedma-celebra-el-iii-congreso-de-familias-numerosas-de-la-comunidad-de-madrid-en-pozuelo-de-alarcon\\\/#article\",\"isPartOf\":{\"@id\":\"https:\\\/\\\/exaudi.org\\\/es\\\/fedma-celebra-el-iii-congreso-de-familias-numerosas-de-la-comunidad-de-madrid-en-pozuelo-de-alarcon\\\/\"},\"author\":{\"name\":\"Exaudi Redacci\u00f3n\",\"@id\":\"https:\\\/\\\/exaudi.org\\\/#\\\/schema\\\/person\\\/f5fc8f063065e38742da7afe15f25df7\"},\"headline\":\"FEDMA celebra el III Congreso de Familias Numerosas de la Comunidad de Madrid en Pozuelo de Alarc\u00f3n\",\"datePublished\":\"2024-10-15T11:28:14+00:00\",\"dateModified\":\"2024-10-15T11:33:11+00:00\",\"mainEntityOfPage\":{\"@id\":\"https:\\\/\\\/exaudi.org\\\/es\\\/fedma-celebra-el-iii-congreso-de-familias-numerosas-de-la-comunidad-de-madrid-en-pozuelo-de-alarcon\\\/\"},\"wordCount\":394,\"image\":{\"@id\":\"https:\\\/\\\/exaudi.org\\\/es\\\/fedma-celebra-el-iii-congreso-de-familias-numerosas-de-la-comunidad-de-madrid-en-pozuelo-de-alarcon\\\/#primaryimage\"},\"thumbnailUrl\":\"https:\\\/\\\/exaudi.org\\\/wp-content\\\/uploads\\\/2024\\\/10\\\/WhatsApp-Image-2024-10-15-at-12.49.08.jpeg\",\"keywords\":[\"Ana D\u00e1vila Ponce de Le\u00f3n\",\"Benigno Blanco\",\"Bienestar familiar\",\"Comunidad de Madrid\",\"Desarrollo integral\",\"Espacio Familia\",\"Familias numerosas\",\"FEDMA\",\"III Congreso de Familias Numerosas\",\"Jaime Mayor Oreja\",\"Jos\u00e9 M\u00aa Villal\u00f3n\",\"M\u00f3nica Lav\u00edn\",\"Pol\u00edticas de apoyo a la familia\",\"Pozuelo de Alarc\u00f3n\",\"Redes sociales\",\"Salud mental juvenil\",\"Silvia Valma\u00f1a\"],\"articleSection\":[\"Iglesia y Mundo\"],\"inLanguage\":\"es\"},{\"@type\":\"WebPage\",\"@id\":\"https:\\\/\\\/exaudi.org\\\/es\\\/fedma-celebra-el-iii-congreso-de-familias-numerosas-de-la-comunidad-de-madrid-en-pozuelo-de-alarcon\\\/\",\"url\":\"https:\\\/\\\/exaudi.org\\\/es\\\/fedma-celebra-el-iii-congreso-de-familias-numerosas-de-la-comunidad-de-madrid-en-pozuelo-de-alarcon\\\/\",\"name\":\"FEDMA celebra el III Congreso de Familias Numerosas de la Comunidad de Madrid en Pozuelo de Alarc\u00f3n &#8211; Exaudi\",\"isPartOf\":{\"@id\":\"https:\\\/\\\/exaudi.org\\\/#website\"},\"primaryImageOfPage\":{\"@id\":\"https:\\\/\\\/exaudi.org\\\/es\\\/fedma-celebra-el-iii-congreso-de-familias-numerosas-de-la-comunidad-de-madrid-en-pozuelo-de-alarcon\\\/#primaryimage\"},\"image\":{\"@id\":\"https:\\\/\\\/exaudi.org\\\/es\\\/fedma-celebra-el-iii-congreso-de-familias-numerosas-de-la-comunidad-de-madrid-en-pozuelo-de-alarcon\\\/#primaryimage\"},\"thumbnailUrl\":\"https:\\\/\\\/exaudi.org\\\/wp-content\\\/uploads\\\/2024\\\/10\\\/WhatsApp-Image-2024-10-15-at-12.49.08.jpeg\",\"datePublished\":\"2024-10-15T11:28:14+00:00\",\"dateModified\":\"2024-10-15T11:33:11+00:00\",\"author\":{\"@id\":\"https:\\\/\\\/exaudi.org\\\/#\\\/schema\\\/person\\\/f5fc8f063065e38742da7afe15f25df7\"},\"breadcrumb\":{\"@id\":\"https:\\\/\\\/exaudi.org\\\/es\\\/fedma-celebra-el-iii-congreso-de-familias-numerosas-de-la-comunidad-de-madrid-en-pozuelo-de-alarcon\\\/#breadcrumb\"},\"inLanguage\":\"es\",\"potentialAction\":[{\"@type\":\"ReadAction\",\"target\":[\"https:\\\/\\\/exaudi.org\\\/es\\\/fedma-celebra-el-iii-congreso-de-familias-numerosas-de-la-comunidad-de-madrid-en-pozuelo-de-alarcon\\\/\"]}]},{\"@type\":\"ImageObject\",\"inLanguage\":\"es\",\"@id\":\"https:\\\/\\\/exaudi.org\\\/es\\\/fedma-celebra-el-iii-congreso-de-familias-numerosas-de-la-comunidad-de-madrid-en-pozuelo-de-alarcon\\\/#primaryimage\",\"url\":\"https:\\\/\\\/exaudi.org\\\/wp-content\\\/uploads\\\/2024\\\/10\\\/WhatsApp-Image-2024-10-15-at-12.49.08.jpeg\",\"contentUrl\":\"https:\\\/\\\/exaudi.org\\\/wp-content\\\/uploads\\\/2024\\\/10\\\/WhatsApp-Image-2024-10-15-at-12.49.08.jpeg\",\"width\":312,\"height\":311},{\"@type\":\"BreadcrumbList\",\"@id\":\"https:\\\/\\\/exaudi.org\\\/es\\\/fedma-celebra-el-iii-congreso-de-familias-numerosas-de-la-comunidad-de-madrid-en-pozuelo-de-alarcon\\\/#breadcrumb\",\"itemListElement\":[{\"@type\":\"ListItem\",\"position\":1,\"name\":\"Portada\",\"item\":\"https:\\\/\\\/exaudi.org\\\/es\\\/\"},{\"@type\":\"ListItem\",\"position\":2,\"name\":\"FEDMA celebra el III Congreso de Familias Numerosas de la Comunidad de Madrid en Pozuelo de Alarc\u00f3n\"}]},{\"@type\":\"WebSite\",\"@id\":\"https:\\\/\\\/exaudi.org\\\/#website\",\"url\":\"https:\\\/\\\/exaudi.org\\\/\",\"name\":\"Exaudi\",\"description\":\"News\",\"potentialAction\":[{\"@type\":\"SearchAction\",\"target\":{\"@type\":\"EntryPoint\",\"urlTemplate\":\"https:\\\/\\\/exaudi.org\\\/?s={search_term_string}\"},\"query-input\":{\"@type\":\"PropertyValueSpecification\",\"valueRequired\":true,\"valueName\":\"search_term_string\"}}],\"inLanguage\":\"es\"},{\"@type\":\"Person\",\"@id\":\"https:\\\/\\\/exaudi.org\\\/#\\\/schema\\\/person\\\/f5fc8f063065e38742da7afe15f25df7\",\"name\":\"Exaudi Redacci\u00f3n\",\"image\":{\"@type\":\"ImageObject\",\"inLanguage\":\"es\",\"@id\":\"https:\\\/\\\/secure.gravatar.com\\\/avatar\\\/fe0f6a059fb68d9b3e11bc5850dd4899b1c7492091a3cb6dd9b01b56ad828be2?s=96&d=mm&r=g\",\"url\":\"https:\\\/\\\/secure.gravatar.com\\\/avatar\\\/fe0f6a059fb68d9b3e11bc5850dd4899b1c7492091a3cb6dd9b01b56ad828be2?s=96&d=mm&r=g\",\"contentUrl\":\"https:\\\/\\\/secure.gravatar.com\\\/avatar\\\/fe0f6a059fb68d9b3e11bc5850dd4899b1c7492091a3cb6dd9b01b56ad828be2?s=96&d=mm&r=g\",\"caption\":\"Exaudi Redacci\u00f3n\"},\"description\":\"\u00bfQu\u00e9 es Exaudi News? Exaudi News es un medio de comunicaci\u00f3n cat\u00f3lico internacional que informa, forma y transforma, diariamente en espa\u00f1ol, ingl\u00e9s e italiano. A trav\u00e9s de noticias, art\u00edculos de an\u00e1lisis y transmisiones en directo de los eventos del Papa, Exaudi busca fortalecer la unidad de los cristianos y contribuir a la evangelizaci\u00f3n del mundo, siempre guiados por la doctrina social de la Iglesia. Trabajamos para acercar la verdad y los valores cristianos a cada rinc\u00f3n del planeta. \u00a1Ay\u00fadanos a transformar el mundo con Exaudi! En Exaudi creemos que la evangelizaci\u00f3n y la informaci\u00f3n de calidad pueden cambiar vidas. Para continuar con nuestra misi\u00f3n y expandir nuestro alcance, necesitamos tu ayuda. Adem\u00e1s, buscamos personas comprometidas que deseen unirse a nuestro equipo. Con tu apoyo, lograremos llegar a m\u00e1s personas, difundir el mensaje de Cristo y reforzar la unidad de los cristianos. \u00bfTe unes a nuestra misi\u00f3n? Para m\u00e1s informaci\u00f3n sobre c\u00f3mo colaborar, visita Exaudi.org\\\/es o cont\u00e1ctanos directamente: info@exaudi.org Exaudi: Informa, forma y transforma.\",\"sameAs\":[\"https:\\\/\\\/www.facebook.com\\\/ExaudiNoticias\\\/\",\"https:\\\/\\\/www.instagram.com\\\/exaudi_noticias\\\/\",\"https:\\\/\\\/x.com\\\/Exaudi_noticias\",\"https:\\\/\\\/www.youtube.com\\\/@exaudicatholicnews\"],\"url\":\"https:\\\/\\\/exaudi.org\\\/es\\\/author\\\/redaccionexaudi\\\/\"}]}<\/script>\n<!-- \/ Yoast SEO plugin. -->","yoast_head_json":{"title":"FEDMA celebra el III Congreso de Familias Numerosas de la Comunidad de Madrid en Pozuelo de Alarc\u00f3n &#8211; Exaudi","robots":{"index":"index","follow":"follow","max-snippet":"max-snippet:-1","max-image-preview":"max-image-preview:large","max-video-preview":"max-video-preview:-1"},"canonical":"https:\/\/exaudi.org\/es\/fedma-celebra-el-iii-congreso-de-familias-numerosas-de-la-comunidad-de-madrid-en-pozuelo-de-alarcon\/","og_locale":"es_ES","og_type":"article","og_title":"FEDMA celebra el III Congreso de Familias Numerosas de la Comunidad de Madrid en Pozuelo de Alarc\u00f3n &#8211; Exaudi","og_description":"Un encuentro para fortalecer el valor y el apoyo a las familias numerosas","og_url":"https:\/\/exaudi.org\/es\/fedma-celebra-el-iii-congreso-de-familias-numerosas-de-la-comunidad-de-madrid-en-pozuelo-de-alarcon\/","og_site_name":"Exaudi","article_publisher":"https:\/\/www.facebook.com\/ExaudiNews","article_author":"https:\/\/www.facebook.com\/ExaudiNoticias\/","article_published_time":"2024-10-15T11:28:14+00:00","article_modified_time":"2024-10-15T11:33:11+00:00","og_image":[{"width":312,"height":311,"url":"https:\/\/exaudi.org\/wp-content\/uploads\/2024\/10\/WhatsApp-Image-2024-10-15-at-12.49.08.jpeg","type":"image\/jpeg"}],"author":"Exaudi Redacci\u00f3n","twitter_card":"summary_large_image","twitter_creator":"@Exaudi_noticias","twitter_site":"@Exaudi_News","twitter_misc":{"Escrito por":"Exaudi Redacci\u00f3n","Tiempo de lectura":"2 minutos"},"schema":{"@context":"https:\/\/schema.org","@graph":[{"@type":"Article","@id":"https:\/\/exaudi.org\/es\/fedma-celebra-el-iii-congreso-de-familias-numerosas-de-la-comunidad-de-madrid-en-pozuelo-de-alarcon\/#article","isPartOf":{"@id":"https:\/\/exaudi.org\/es\/fedma-celebra-el-iii-congreso-de-familias-numerosas-de-la-comunidad-de-madrid-en-pozuelo-de-alarcon\/"},"author":{"name":"Exaudi Redacci\u00f3n","@id":"https:\/\/exaudi.org\/#\/schema\/person\/f5fc8f063065e38742da7afe15f25df7"},"headline":"FEDMA celebra el III Congreso de Familias Numerosas de la Comunidad de Madrid en Pozuelo de Alarc\u00f3n","datePublished":"2024-10-15T11:28:14+00:00","dateModified":"2024-10-15T11:33:11+00:00","mainEntityOfPage":{"@id":"https:\/\/exaudi.org\/es\/fedma-celebra-el-iii-congreso-de-familias-numerosas-de-la-comunidad-de-madrid-en-pozuelo-de-alarcon\/"},"wordCount":394,"image":{"@id":"https:\/\/exaudi.org\/es\/fedma-celebra-el-iii-congreso-de-familias-numerosas-de-la-comunidad-de-madrid-en-pozuelo-de-alarcon\/#primaryimage"},"thumbnailUrl":"https:\/\/exaudi.org\/wp-content\/uploads\/2024\/10\/WhatsApp-Image-2024-10-15-at-12.49.08.jpeg","keywords":["Ana D\u00e1vila Ponce de Le\u00f3n","Benigno Blanco","Bienestar familiar","Comunidad de Madrid","Desarrollo integral","Espacio Familia","Familias numerosas","FEDMA","III Congreso de Familias Numerosas","Jaime Mayor Oreja","Jos\u00e9 M\u00aa Villal\u00f3n","M\u00f3nica Lav\u00edn","Pol\u00edticas de apoyo a la familia","Pozuelo de Alarc\u00f3n","Redes sociales","Salud mental juvenil","Silvia Valma\u00f1a"],"articleSection":["Iglesia y Mundo"],"inLanguage":"es"},{"@type":"WebPage","@id":"https:\/\/exaudi.org\/es\/fedma-celebra-el-iii-congreso-de-familias-numerosas-de-la-comunidad-de-madrid-en-pozuelo-de-alarcon\/","url":"https:\/\/exaudi.org\/es\/fedma-celebra-el-iii-congreso-de-familias-numerosas-de-la-comunidad-de-madrid-en-pozuelo-de-alarcon\/","name":"FEDMA celebra el III Congreso de Familias Numerosas de la Comunidad de Madrid en Pozuelo de Alarc\u00f3n &#8211; Exaudi","isPartOf":{"@id":"https:\/\/exaudi.org\/#website"},"primaryImageOfPage":{"@id":"https:\/\/exaudi.org\/es\/fedma-celebra-el-iii-congreso-de-familias-numerosas-de-la-comunidad-de-madrid-en-pozuelo-de-alarcon\/#primaryimage"},"image":{"@id":"https:\/\/exaudi.org\/es\/fedma-celebra-el-iii-congreso-de-familias-numerosas-de-la-comunidad-de-madrid-en-pozuelo-de-alarcon\/#primaryimage"},"thumbnailUrl":"https:\/\/exaudi.org\/wp-content\/uploads\/2024\/10\/WhatsApp-Image-2024-10-15-at-12.49.08.jpeg","datePublished":"2024-10-15T11:28:14+00:00","dateModified":"2024-10-15T11:33:11+00:00","author":{"@id":"https:\/\/exaudi.org\/#\/schema\/person\/f5fc8f063065e38742da7afe15f25df7"},"breadcrumb":{"@id":"https:\/\/exaudi.org\/es\/fedma-celebra-el-iii-congreso-de-familias-numerosas-de-la-comunidad-de-madrid-en-pozuelo-de-alarcon\/#breadcrumb"},"inLanguage":"es","potentialAction":[{"@type":"ReadAction","target":["https:\/\/exaudi.org\/es\/fedma-celebra-el-iii-congreso-de-familias-numerosas-de-la-comunidad-de-madrid-en-pozuelo-de-alarcon\/"]}]},{"@type":"ImageObject","inLanguage":"es","@id":"https:\/\/exaudi.org\/es\/fedma-celebra-el-iii-congreso-de-familias-numerosas-de-la-comunidad-de-madrid-en-pozuelo-de-alarcon\/#primaryimage","url":"https:\/\/exaudi.org\/wp-content\/uploads\/2024\/10\/WhatsApp-Image-2024-10-15-at-12.49.08.jpeg","contentUrl":"https:\/\/exaudi.org\/wp-content\/uploads\/2024\/10\/WhatsApp-Image-2024-10-15-at-12.49.08.jpeg","width":312,"height":311},{"@type":"BreadcrumbList","@id":"https:\/\/exaudi.org\/es\/fedma-celebra-el-iii-congreso-de-familias-numerosas-de-la-comunidad-de-madrid-en-pozuelo-de-alarcon\/#breadcrumb","itemListElement":[{"@type":"ListItem","position":1,"name":"Portada","item":"https:\/\/exaudi.org\/es\/"},{"@type":"ListItem","position":2,"name":"FEDMA celebra el III Congreso de Familias Numerosas de la Comunidad de Madrid en Pozuelo de Alarc\u00f3n"}]},{"@type":"WebSite","@id":"https:\/\/exaudi.org\/#website","url":"https:\/\/exaudi.org\/","name":"Exaudi","description":"News","potentialAction":[{"@type":"SearchAction","target":{"@type":"EntryPoint","urlTemplate":"https:\/\/exaudi.org\/?s={search_term_string}"},"query-input":{"@type":"PropertyValueSpecification","valueRequired":true,"valueName":"search_term_string"}}],"inLanguage":"es"},{"@type":"Person","@id":"https:\/\/exaudi.org\/#\/schema\/person\/f5fc8f063065e38742da7afe15f25df7","name":"Exaudi Redacci\u00f3n","image":{"@type":"ImageObject","inLanguage":"es","@id":"https:\/\/secure.gravatar.com\/avatar\/fe0f6a059fb68d9b3e11bc5850dd4899b1c7492091a3cb6dd9b01b56ad828be2?s=96&d=mm&r=g","url":"https:\/\/secure.gravatar.com\/avatar\/fe0f6a059fb68d9b3e11bc5850dd4899b1c7492091a3cb6dd9b01b56ad828be2?s=96&d=mm&r=g","contentUrl":"https:\/\/secure.gravatar.com\/avatar\/fe0f6a059fb68d9b3e11bc5850dd4899b1c7492091a3cb6dd9b01b56ad828be2?s=96&d=mm&r=g","caption":"Exaudi Redacci\u00f3n"},"description":"\u00bfQu\u00e9 es Exaudi News? Exaudi News es un medio de comunicaci\u00f3n cat\u00f3lico internacional que informa, forma y transforma, diariamente en espa\u00f1ol, ingl\u00e9s e italiano. A trav\u00e9s de noticias, art\u00edculos de an\u00e1lisis y transmisiones en directo de los eventos del Papa, Exaudi busca fortalecer la unidad de los cristianos y contribuir a la evangelizaci\u00f3n del mundo, siempre guiados por la doctrina social de la Iglesia. Trabajamos para acercar la verdad y los valores cristianos a cada rinc\u00f3n del planeta. \u00a1Ay\u00fadanos a transformar el mundo con Exaudi! En Exaudi creemos que la evangelizaci\u00f3n y la informaci\u00f3n de calidad pueden cambiar vidas. Para continuar con nuestra misi\u00f3n y expandir nuestro alcance, necesitamos tu ayuda. Adem\u00e1s, buscamos personas comprometidas que deseen unirse a nuestro equipo. Con tu apoyo, lograremos llegar a m\u00e1s personas, difundir el mensaje de Cristo y reforzar la unidad de los cristianos. \u00bfTe unes a nuestra misi\u00f3n? Para m\u00e1s informaci\u00f3n sobre c\u00f3mo colaborar, visita Exaudi.org\/es o cont\u00e1ctanos directamente: info@exaudi.org Exaudi: Informa, forma y transforma.","sameAs":["https:\/\/www.facebook.com\/ExaudiNoticias\/","https:\/\/www.instagram.com\/exaudi_noticias\/","https:\/\/x.com\/Exaudi_noticias","https:\/\/www.youtube.com\/@exaudicatholicnews"],"url":"https:\/\/exaudi.org\/es\/author\/redaccionexaudi\/"}]}},"jetpack_featured_media_url":"https:\/\/exaudi.org\/wp-content\/uploads\/2024\/10\/WhatsApp-Image-2024-10-15-at-12.49.08.jpeg","jetpack_shortlink":"https:\/\/wp.me\/pgKjF2-sOM","_links":{"self":[{"href":"https:\/\/exaudi.org\/es\/wp-json\/wp\/v2\/posts\/110780","targetHints":{"allow":["GET"]}}],"collection":[{"href":"https:\/\/exaudi.org\/es\/wp-json\/wp\/v2\/posts"}],"about":[{"href":"https:\/\/exaudi.org\/es\/wp-json\/wp\/v2\/types\/post"}],"author":[{"embeddable":true,"href":"https:\/\/exaudi.org\/es\/wp-json\/wp\/v2\/users\/15"}],"replies":[{"embeddable":true,"href":"https:\/\/exaudi.org\/es\/wp-json\/wp\/v2\/comments?post=110780"}],"version-history":[{"count":0,"href":"https:\/\/exaudi.org\/es\/wp-json\/wp\/v2\/posts\/110780\/revisions"}],"wp:featuredmedia":[{"embeddable":true,"href":"https:\/\/exaudi.org\/es\/wp-json\/wp\/v2\/media\/110781"}],"wp:attachment":[{"href":"https:\/\/exaudi.org\/es\/wp-json\/wp\/v2\/media?parent=110780"}],"wp:term":[{"taxonomy":"category","embeddable":true,"href":"https:\/\/exaudi.org\/es\/wp-json\/wp\/v2\/categories?post=110780"},{"taxonomy":"post_tag","embeddable":true,"href":"https:\/\/exaudi.org\/es\/wp-json\/wp\/v2\/tags?post=110780"}],"curies":[{"name":"wp","href":"https:\/\/api.w.org\/{rel}","templated":true}]}}