{"id":110767,"date":"2024-10-15T12:18:22","date_gmt":"2024-10-15T10:18:22","guid":{"rendered":"https:\/\/exaudi.org\/?p=110767"},"modified":"2024-10-15T12:21:04","modified_gmt":"2024-10-15T10:21:04","slug":"la-arquidiocesis-de-puebla-celebra-su-primera-generacion-de-lideres-catolicos","status":"publish","type":"post","link":"https:\/\/exaudi.org\/es\/la-arquidiocesis-de-puebla-celebra-su-primera-generacion-de-lideres-catolicos\/","title":{"rendered":"La Arquidi\u00f3cesis de Puebla celebra su primera generaci\u00f3n de L\u00edderes Cat\u00f3licos"},"content":{"rendered":"<p>Durante los meses de septiembre y octubre se realiz\u00f3 la primera Escuela de L\u00edderes Cat\u00f3licos en la Arquidi\u00f3cesis de Puebla. Hablamos con el <strong>padre Cristopher Pliego, director de la Escuela, para conocer m\u00e1s detalles sobre esta experiencia formativa.<\/strong><\/p>\n<p><strong><img loading=\"lazy\" decoding=\"async\" class=\"alignleft wp-image-110774\" src=\"https:\/\/exaudi.org\/wp-content\/uploads\/2024\/10\/WhatsApp-Image-2024-10-14-at-10.15.52-3.jpeg\" alt=\"\" width=\"184\" height=\"138\" srcset=\"https:\/\/exaudi.org\/wp-content\/uploads\/2024\/10\/WhatsApp-Image-2024-10-14-at-10.15.52-3.jpeg 1600w, https:\/\/exaudi.org\/wp-content\/uploads\/2024\/10\/WhatsApp-Image-2024-10-14-at-10.15.52-3-300x225.jpeg 300w, https:\/\/exaudi.org\/wp-content\/uploads\/2024\/10\/WhatsApp-Image-2024-10-14-at-10.15.52-3-1024x768.jpeg 1024w, https:\/\/exaudi.org\/wp-content\/uploads\/2024\/10\/WhatsApp-Image-2024-10-14-at-10.15.52-3-770x578.jpeg 770w, https:\/\/exaudi.org\/wp-content\/uploads\/2024\/10\/WhatsApp-Image-2024-10-14-at-10.15.52-3-1536x1152.jpeg 1536w, https:\/\/exaudi.org\/wp-content\/uploads\/2024\/10\/WhatsApp-Image-2024-10-14-at-10.15.52-3-500x375.jpeg 500w, https:\/\/exaudi.org\/wp-content\/uploads\/2024\/10\/WhatsApp-Image-2024-10-14-at-10.15.52-3-293x220.jpeg 293w, https:\/\/exaudi.org\/wp-content\/uploads\/2024\/10\/WhatsApp-Image-2024-10-14-at-10.15.52-3-1400x1050.jpeg 1400w, https:\/\/exaudi.org\/wp-content\/uploads\/2024\/10\/WhatsApp-Image-2024-10-14-at-10.15.52-3-390x293.jpeg 390w\" sizes=\"auto, (max-width: 184px) 100vw, 184px\" \/>\u00bfC\u00f3mo se desarroll\u00f3 la primera Escuela de L\u00edderes Cat\u00f3licos en Puebla?<\/strong><\/p>\n<p>La Escuela se llev\u00f3 a cabo en la Casa de Cristiandad de la Arquidi\u00f3cesis. Fue un tiempo muy valioso y bendecido. Estamos muy contentos de haber concluido esta primera edici\u00f3n con 27 graduados, todos comprometidos en seguir su formaci\u00f3n en el liderazgo cat\u00f3lico. Este ha sido un tiempo desafiante para todos, pero ver el entusiasmo de los participantes ha sido muy gratificante.<\/p>\n<p><strong>\u00bfQui\u00e9nes fueron los principales ponentes de esta primera edici\u00f3n?<\/strong><\/p>\n<p>Tuvimos la fortuna de contar con ponentes de primer nivel. Entre ellos estuvieron el Dr. Rodrigo Guerra L\u00f3pez, Secretario de la Pontificia Comisi\u00f3n para Am\u00e9rica Latina; el Dr. Rocco Buttiglione; Margarita Zavala; Mauricio Eduardo Aguirre; y el Dr. Mario \u00c1ngel Flores, miembro de la Pontificia Comisi\u00f3n Teol\u00f3gica Internacional. Las conferencias fueron de una profundidad y calidad excepcionales, tanto en los temas abordados como en los testimonios personales de cada uno.<\/p>\n<p><strong><img loading=\"lazy\" decoding=\"async\" class=\" wp-image-110771 alignright\" src=\"https:\/\/exaudi.org\/wp-content\/uploads\/2024\/10\/WhatsApp-Image-2024-10-14-at-10.15.52-2.jpeg\" alt=\"\" width=\"266\" height=\"354\" srcset=\"https:\/\/exaudi.org\/wp-content\/uploads\/2024\/10\/WhatsApp-Image-2024-10-14-at-10.15.52-2.jpeg 960w, https:\/\/exaudi.org\/wp-content\/uploads\/2024\/10\/WhatsApp-Image-2024-10-14-at-10.15.52-2-225x300.jpeg 225w, https:\/\/exaudi.org\/wp-content\/uploads\/2024\/10\/WhatsApp-Image-2024-10-14-at-10.15.52-2-768x1024.jpeg 768w, https:\/\/exaudi.org\/wp-content\/uploads\/2024\/10\/WhatsApp-Image-2024-10-14-at-10.15.52-2-770x1027.jpeg 770w, https:\/\/exaudi.org\/wp-content\/uploads\/2024\/10\/WhatsApp-Image-2024-10-14-at-10.15.52-2-500x667.jpeg 500w, https:\/\/exaudi.org\/wp-content\/uploads\/2024\/10\/WhatsApp-Image-2024-10-14-at-10.15.52-2-293x391.jpeg 293w, https:\/\/exaudi.org\/wp-content\/uploads\/2024\/10\/WhatsApp-Image-2024-10-14-at-10.15.52-2-390x520.jpeg 390w\" sizes=\"auto, (max-width: 266px) 100vw, 266px\" \/>El Papa Francisco ha dicho que la pol\u00edtica es una forma elevada de caridad. \u00bfSe habl\u00f3 sobre el rol de los cat\u00f3licos en la pol\u00edtica durante la Escuela?<\/strong><\/p>\n<p>S\u00ed, de hecho, se abord\u00f3 ese tema con testimonios muy importantes. Tuvimos las intervenciones de Margarita Zavala y Mauricio Eduardo Aguirre, quienes, desde su experiencia en la vida pol\u00edtica de M\u00e9xico, compartieron c\u00f3mo viven su fe dentro de sus respectivas trayectorias pol\u00edticas. Ambos demostraron c\u00f3mo el compromiso pol\u00edtico puede ser una vocaci\u00f3n elevada cuando se hace desde la caridad y el bien com\u00fan, a pesar de estar en partidos distintos.<\/p>\n<p><strong>\u00bfQu\u00e9 ense\u00f1anza se ofreci\u00f3 sobre la misi\u00f3n de los laicos en el mundo actual?<\/strong><\/p>\n<p>Con el maestro Juan Louvier Calder\u00f3n, pudimos reflexionar sobre la teolog\u00eda del laicado y c\u00f3mo los laicos tienen un papel fundamental en la Iglesia y en la sociedad. \u00c9l nos ayud\u00f3 a ver c\u00f3mo la misi\u00f3n del laico tiene un impacto directo en el mundo, llevando el mensaje de Jesucristo a todos los \u00e1mbitos. Tambi\u00e9n la maestra Julieta Lujambio comparti\u00f3 su testimonio en defensa de las madres solteras a trav\u00e9s de su trabajo en organizaciones no gubernamentales. Fue una experiencia muy enriquecedora para todos los participantes.<\/p>\n<p><strong>Para usted, \u00bfc\u00f3mo fue dirigir y participar en la Escuela de L\u00edderes Cat\u00f3licos de Puebla?<\/strong><\/p>\n<p>Ha sido una experiencia verdaderamente inolvidable. Agradezco a Dios por haberme permitido dirigir esta primera edici\u00f3n. Ver la dedicaci\u00f3n de los estudiantes y el invaluable apoyo de los ponentes ha sido un verdadero regalo. Adem\u00e1s, tener la oportunidad de impartir una de las ponencias fue muy enriquecedor, ya que me permiti\u00f3 profundizar a\u00fan m\u00e1s en la antropolog\u00eda cristiana, espec\u00edficamente en la reflexi\u00f3n sobre la dignidad infinita de la persona humana. Estoy profundamente agradecido por los primeros 27 graduados, quienes, sin duda, continuar\u00e1n trabajando con pasi\u00f3n y compromiso en sus comunidades.<\/p>\n<p><strong><img loading=\"lazy\" decoding=\"async\" class=\"alignleft wp-image-110777\" src=\"https:\/\/exaudi.org\/wp-content\/uploads\/2024\/10\/WhatsApp-Image-2024-10-14-at-10.15.52-4.jpeg\" alt=\"\" width=\"282\" height=\"212\" srcset=\"https:\/\/exaudi.org\/wp-content\/uploads\/2024\/10\/WhatsApp-Image-2024-10-14-at-10.15.52-4.jpeg 1280w, https:\/\/exaudi.org\/wp-content\/uploads\/2024\/10\/WhatsApp-Image-2024-10-14-at-10.15.52-4-300x225.jpeg 300w, https:\/\/exaudi.org\/wp-content\/uploads\/2024\/10\/WhatsApp-Image-2024-10-14-at-10.15.52-4-1024x768.jpeg 1024w, https:\/\/exaudi.org\/wp-content\/uploads\/2024\/10\/WhatsApp-Image-2024-10-14-at-10.15.52-4-770x578.jpeg 770w, https:\/\/exaudi.org\/wp-content\/uploads\/2024\/10\/WhatsApp-Image-2024-10-14-at-10.15.52-4-500x375.jpeg 500w, https:\/\/exaudi.org\/wp-content\/uploads\/2024\/10\/WhatsApp-Image-2024-10-14-at-10.15.52-4-293x220.jpeg 293w, https:\/\/exaudi.org\/wp-content\/uploads\/2024\/10\/WhatsApp-Image-2024-10-14-at-10.15.52-4-390x293.jpeg 390w\" sizes=\"auto, (max-width: 282px) 100vw, 282px\" \/>\u00bfHubo alguna instituci\u00f3n que respaldara esta formaci\u00f3n?<\/strong><\/p>\n<p>S\u00ed, la Universidad An\u00e1huac Campus Puebla fue la encargada de acreditar esta experiencia, a solicitud de nuestro arzobispo, don V\u00edctor S\u00e1nchez. Esto es muy importante, ya que los pr\u00f3ximos cursos, seminarios o diplomados que organicemos en la arquidi\u00f3cesis, tanto presenciales como virtuales, tambi\u00e9n contar\u00e1n con esta acreditaci\u00f3n.<\/p>\n<p><em>La Escuela de L\u00edderes Cat\u00f3licos de Puebla forma parte de la Academia Latinoamericana de L\u00edderes Cat\u00f3licos, que est\u00e1 presente en 38 di\u00f3cesis de 14 pa\u00edses de Am\u00e9rica, con presencia tambi\u00e9n en Estados Unidos y Espa\u00f1a. Esto nos permite ofrecer una formaci\u00f3n de alto nivel y con un alcance internacional.<\/em><\/p>\n","protected":false},"excerpt":{"rendered":"<p>Una nueva generaci\u00f3n de l\u00edderes comprometidos con la fe y la comunidad<\/p>\n","protected":false},"author":107,"featured_media":110768,"comment_status":"closed","ping_status":"closed","sticky":false,"template":"","format":"standard","meta":{"_acf_changed":false,"_crdt_document":"","inline_featured_image":false,"footnotes":""},"categories":[74],"tags":[765,1790,17427,21728,542,4610,15367,27568,27929,21867,27936,21610,27928,21872,27930,27931,27933,27934,15009,27932,27937,27935],"class_list":["post-110767","post","type-post","status-publish","format-standard","has-post-thumbnail","hentry","category-iglesia-y-mundo","tag-academia-de-lideres-catolicos","tag-academia-latinoamericana-de-lideres-catolicos","tag-antropologia-cristiana","tag-arquidiocesis-de-puebla","tag-bien-comun","tag-caridad","tag-compromiso-social","tag-dignidad-de-la-persona","tag-dr-rodrigo-guerra-lopez-2","tag-escuela-de-lideres-catolicos","tag-eventos-catolicos","tag-formacion-catolica","tag-graduados","tag-liderazgo-catolico","tag-margarita-zavala","tag-mauricio-eduardo-aguirre","tag-mision-de-los-laicos","tag-politica-y-fe","tag-puebla","tag-teologia-del-laicado","tag-testimonios-de-lideres","tag-universidad-anahuac-puebla"],"acf":[],"yoast_head":"<!-- This site is optimized with the Yoast SEO plugin v27.5 - https:\/\/yoast.com\/product\/yoast-seo-wordpress\/ -->\n<title>La Arquidi\u00f3cesis de Puebla celebra su primera generaci\u00f3n de L\u00edderes Cat\u00f3licos &#8211; Exaudi<\/title>\n<meta name=\"robots\" content=\"index, follow, max-snippet:-1, max-image-preview:large, max-video-preview:-1\" \/>\n<link rel=\"canonical\" href=\"https:\/\/exaudi.org\/es\/la-arquidiocesis-de-puebla-celebra-su-primera-generacion-de-lideres-catolicos\/\" \/>\n<meta property=\"og:locale\" content=\"es_ES\" \/>\n<meta property=\"og:type\" content=\"article\" \/>\n<meta property=\"og:title\" content=\"La Arquidi\u00f3cesis de Puebla celebra su primera generaci\u00f3n de L\u00edderes Cat\u00f3licos &#8211; Exaudi\" \/>\n<meta property=\"og:description\" content=\"Una nueva generaci\u00f3n de l\u00edderes comprometidos con la fe y la comunidad\" \/>\n<meta property=\"og:url\" content=\"https:\/\/exaudi.org\/es\/la-arquidiocesis-de-puebla-celebra-su-primera-generacion-de-lideres-catolicos\/\" \/>\n<meta property=\"og:site_name\" content=\"Exaudi\" \/>\n<meta property=\"article:publisher\" content=\"https:\/\/www.facebook.com\/ExaudiNews\" \/>\n<meta property=\"article:published_time\" content=\"2024-10-15T10:18:22+00:00\" \/>\n<meta property=\"article:modified_time\" content=\"2024-10-15T10:21:04+00:00\" \/>\n<meta property=\"og:image\" content=\"https:\/\/exaudi.org\/wp-content\/uploads\/2024\/10\/WhatsApp-Image-2024-10-14-at-10.15.52-1.jpeg\" \/>\n\t<meta property=\"og:image:width\" content=\"1600\" \/>\n\t<meta property=\"og:image:height\" content=\"747\" \/>\n\t<meta property=\"og:image:type\" content=\"image\/jpeg\" \/>\n<meta name=\"author\" content=\"Academia de L\u00edderes Cat\u00f3licos\" \/>\n<meta name=\"twitter:card\" content=\"summary_large_image\" \/>\n<meta name=\"twitter:creator\" content=\"@Exaudi_News\" \/>\n<meta name=\"twitter:site\" content=\"@Exaudi_News\" \/>\n<meta name=\"twitter:label1\" content=\"Escrito por\" \/>\n\t<meta name=\"twitter:data1\" content=\"Academia de L\u00edderes Cat\u00f3licos\" \/>\n\t<meta name=\"twitter:label2\" content=\"Tiempo de lectura\" \/>\n\t<meta name=\"twitter:data2\" content=\"3 minutos\" \/>\n<script type=\"application\/ld+json\" class=\"yoast-schema-graph\">{\"@context\":\"https:\\\/\\\/schema.org\",\"@graph\":[{\"@type\":\"Article\",\"@id\":\"https:\\\/\\\/exaudi.org\\\/es\\\/la-arquidiocesis-de-puebla-celebra-su-primera-generacion-de-lideres-catolicos\\\/#article\",\"isPartOf\":{\"@id\":\"https:\\\/\\\/exaudi.org\\\/es\\\/la-arquidiocesis-de-puebla-celebra-su-primera-generacion-de-lideres-catolicos\\\/\"},\"author\":{\"name\":\"Academia de L\u00edderes Cat\u00f3licos\",\"@id\":\"https:\\\/\\\/exaudi.org\\\/#\\\/schema\\\/person\\\/334968a332d5dad9f94e08897852c6af\"},\"headline\":\"La Arquidi\u00f3cesis de Puebla celebra su primera generaci\u00f3n de L\u00edderes Cat\u00f3licos\",\"datePublished\":\"2024-10-15T10:18:22+00:00\",\"dateModified\":\"2024-10-15T10:21:04+00:00\",\"mainEntityOfPage\":{\"@id\":\"https:\\\/\\\/exaudi.org\\\/es\\\/la-arquidiocesis-de-puebla-celebra-su-primera-generacion-de-lideres-catolicos\\\/\"},\"wordCount\":678,\"image\":{\"@id\":\"https:\\\/\\\/exaudi.org\\\/es\\\/la-arquidiocesis-de-puebla-celebra-su-primera-generacion-de-lideres-catolicos\\\/#primaryimage\"},\"thumbnailUrl\":\"https:\\\/\\\/exaudi.org\\\/wp-content\\\/uploads\\\/2024\\\/10\\\/WhatsApp-Image-2024-10-14-at-10.15.52-1.jpeg\",\"keywords\":[\"Academia de L\u00edderes Cat\u00f3licos\",\"Academia Latinoamericana de L\u00edderes Cat\u00f3licos\",\"antropolog\u00eda cristiana\",\"Arquidi\u00f3cesis de Puebla\",\"Bien com\u00fan\",\"caridad\",\"compromiso social\",\"dignidad de la persona\",\"Dr. Rodrigo Guerra L\u00f3pez\",\"Escuela de L\u00edderes Cat\u00f3licos\",\"eventos cat\u00f3licos\",\"formaci\u00f3n cat\u00f3lica\",\"graduados\",\"liderazgo cat\u00f3lico\",\"Margarita Zavala\",\"Mauricio Eduardo Aguirre\",\"misi\u00f3n de los laicos\",\"pol\u00edtica y fe\",\"Puebla\",\"teolog\u00eda del laicado\",\"testimonios de l\u00edderes\",\"Universidad An\u00e1huac Puebla\"],\"articleSection\":[\"Iglesia y Mundo\"],\"inLanguage\":\"es\"},{\"@type\":\"WebPage\",\"@id\":\"https:\\\/\\\/exaudi.org\\\/es\\\/la-arquidiocesis-de-puebla-celebra-su-primera-generacion-de-lideres-catolicos\\\/\",\"url\":\"https:\\\/\\\/exaudi.org\\\/es\\\/la-arquidiocesis-de-puebla-celebra-su-primera-generacion-de-lideres-catolicos\\\/\",\"name\":\"La Arquidi\u00f3cesis de Puebla celebra su primera generaci\u00f3n de L\u00edderes Cat\u00f3licos &#8211; Exaudi\",\"isPartOf\":{\"@id\":\"https:\\\/\\\/exaudi.org\\\/#website\"},\"primaryImageOfPage\":{\"@id\":\"https:\\\/\\\/exaudi.org\\\/es\\\/la-arquidiocesis-de-puebla-celebra-su-primera-generacion-de-lideres-catolicos\\\/#primaryimage\"},\"image\":{\"@id\":\"https:\\\/\\\/exaudi.org\\\/es\\\/la-arquidiocesis-de-puebla-celebra-su-primera-generacion-de-lideres-catolicos\\\/#primaryimage\"},\"thumbnailUrl\":\"https:\\\/\\\/exaudi.org\\\/wp-content\\\/uploads\\\/2024\\\/10\\\/WhatsApp-Image-2024-10-14-at-10.15.52-1.jpeg\",\"datePublished\":\"2024-10-15T10:18:22+00:00\",\"dateModified\":\"2024-10-15T10:21:04+00:00\",\"author\":{\"@id\":\"https:\\\/\\\/exaudi.org\\\/#\\\/schema\\\/person\\\/334968a332d5dad9f94e08897852c6af\"},\"breadcrumb\":{\"@id\":\"https:\\\/\\\/exaudi.org\\\/es\\\/la-arquidiocesis-de-puebla-celebra-su-primera-generacion-de-lideres-catolicos\\\/#breadcrumb\"},\"inLanguage\":\"es\",\"potentialAction\":[{\"@type\":\"ReadAction\",\"target\":[\"https:\\\/\\\/exaudi.org\\\/es\\\/la-arquidiocesis-de-puebla-celebra-su-primera-generacion-de-lideres-catolicos\\\/\"]}]},{\"@type\":\"ImageObject\",\"inLanguage\":\"es\",\"@id\":\"https:\\\/\\\/exaudi.org\\\/es\\\/la-arquidiocesis-de-puebla-celebra-su-primera-generacion-de-lideres-catolicos\\\/#primaryimage\",\"url\":\"https:\\\/\\\/exaudi.org\\\/wp-content\\\/uploads\\\/2024\\\/10\\\/WhatsApp-Image-2024-10-14-at-10.15.52-1.jpeg\",\"contentUrl\":\"https:\\\/\\\/exaudi.org\\\/wp-content\\\/uploads\\\/2024\\\/10\\\/WhatsApp-Image-2024-10-14-at-10.15.52-1.jpeg\",\"width\":1600,\"height\":747},{\"@type\":\"BreadcrumbList\",\"@id\":\"https:\\\/\\\/exaudi.org\\\/es\\\/la-arquidiocesis-de-puebla-celebra-su-primera-generacion-de-lideres-catolicos\\\/#breadcrumb\",\"itemListElement\":[{\"@type\":\"ListItem\",\"position\":1,\"name\":\"Portada\",\"item\":\"https:\\\/\\\/exaudi.org\\\/es\\\/\"},{\"@type\":\"ListItem\",\"position\":2,\"name\":\"La Arquidi\u00f3cesis de Puebla celebra su primera generaci\u00f3n de L\u00edderes Cat\u00f3licos\"}]},{\"@type\":\"WebSite\",\"@id\":\"https:\\\/\\\/exaudi.org\\\/#website\",\"url\":\"https:\\\/\\\/exaudi.org\\\/\",\"name\":\"Exaudi\",\"description\":\"News\",\"potentialAction\":[{\"@type\":\"SearchAction\",\"target\":{\"@type\":\"EntryPoint\",\"urlTemplate\":\"https:\\\/\\\/exaudi.org\\\/?s={search_term_string}\"},\"query-input\":{\"@type\":\"PropertyValueSpecification\",\"valueRequired\":true,\"valueName\":\"search_term_string\"}}],\"inLanguage\":\"es\"},{\"@type\":\"Person\",\"@id\":\"https:\\\/\\\/exaudi.org\\\/#\\\/schema\\\/person\\\/334968a332d5dad9f94e08897852c6af\",\"name\":\"Academia de L\u00edderes Cat\u00f3licos\",\"image\":{\"@type\":\"ImageObject\",\"inLanguage\":\"es\",\"@id\":\"https:\\\/\\\/secure.gravatar.com\\\/avatar\\\/80d80b1e34d8fa01f6b95d10e695853ca4ea7e054050e21ad1a15d546d4600ca?s=96&d=mm&r=g\",\"url\":\"https:\\\/\\\/secure.gravatar.com\\\/avatar\\\/80d80b1e34d8fa01f6b95d10e695853ca4ea7e054050e21ad1a15d546d4600ca?s=96&d=mm&r=g\",\"contentUrl\":\"https:\\\/\\\/secure.gravatar.com\\\/avatar\\\/80d80b1e34d8fa01f6b95d10e695853ca4ea7e054050e21ad1a15d546d4600ca?s=96&d=mm&r=g\",\"caption\":\"Academia de L\u00edderes Cat\u00f3licos\"},\"description\":\"Es una fundaci\u00f3n de derecho privado sin fines de lucro que busca formar cat\u00f3licos que a partir de la experiencia cristiana desarrollen su vocaci\u00f3n pol\u00edtica con la ayuda de la Doctrina Social de la Iglesia. La Academia Latinoamericana de L\u00edderes Cat\u00f3licos tiene como misi\u00f3n, formar l\u00edderes desde una perspectiva cat\u00f3lica, arraigados en la fe de la Iglesia, para transformar el mundo social, pol\u00edtico y econ\u00f3mico a la luz de la Doctrina Social de la Iglesia. Formar una nueva generaci\u00f3n de cat\u00f3licos latinoamericanos con responsabilidades pol\u00edticas y sociales para que transformen el rostro del continente al servicio de sus pueblos, a la luz del Magisterio de la Iglesia y de cara a los Jubileos del V Centenario Guadalupano y de los dos mil a\u00f1os de la redenci\u00f3n.\",\"sameAs\":[\"https:\\\/\\\/liderescatolicos.net\\\/\",\"https:\\\/\\\/www.youtube.com\\\/c\\\/LderesCatlicos\"],\"url\":\"https:\\\/\\\/exaudi.org\\\/es\\\/author\\\/academia-de-lideres-catolicos\\\/\"}]}<\/script>\n<!-- \/ Yoast SEO plugin. -->","yoast_head_json":{"title":"La Arquidi\u00f3cesis de Puebla celebra su primera generaci\u00f3n de L\u00edderes Cat\u00f3licos &#8211; Exaudi","robots":{"index":"index","follow":"follow","max-snippet":"max-snippet:-1","max-image-preview":"max-image-preview:large","max-video-preview":"max-video-preview:-1"},"canonical":"https:\/\/exaudi.org\/es\/la-arquidiocesis-de-puebla-celebra-su-primera-generacion-de-lideres-catolicos\/","og_locale":"es_ES","og_type":"article","og_title":"La Arquidi\u00f3cesis de Puebla celebra su primera generaci\u00f3n de L\u00edderes Cat\u00f3licos &#8211; Exaudi","og_description":"Una nueva generaci\u00f3n de l\u00edderes comprometidos con la fe y la comunidad","og_url":"https:\/\/exaudi.org\/es\/la-arquidiocesis-de-puebla-celebra-su-primera-generacion-de-lideres-catolicos\/","og_site_name":"Exaudi","article_publisher":"https:\/\/www.facebook.com\/ExaudiNews","article_published_time":"2024-10-15T10:18:22+00:00","article_modified_time":"2024-10-15T10:21:04+00:00","og_image":[{"width":1600,"height":747,"url":"https:\/\/exaudi.org\/wp-content\/uploads\/2024\/10\/WhatsApp-Image-2024-10-14-at-10.15.52-1.jpeg","type":"image\/jpeg"}],"author":"Academia de L\u00edderes Cat\u00f3licos","twitter_card":"summary_large_image","twitter_creator":"@Exaudi_News","twitter_site":"@Exaudi_News","twitter_misc":{"Escrito por":"Academia de L\u00edderes Cat\u00f3licos","Tiempo de lectura":"3 minutos"},"schema":{"@context":"https:\/\/schema.org","@graph":[{"@type":"Article","@id":"https:\/\/exaudi.org\/es\/la-arquidiocesis-de-puebla-celebra-su-primera-generacion-de-lideres-catolicos\/#article","isPartOf":{"@id":"https:\/\/exaudi.org\/es\/la-arquidiocesis-de-puebla-celebra-su-primera-generacion-de-lideres-catolicos\/"},"author":{"name":"Academia de L\u00edderes Cat\u00f3licos","@id":"https:\/\/exaudi.org\/#\/schema\/person\/334968a332d5dad9f94e08897852c6af"},"headline":"La Arquidi\u00f3cesis de Puebla celebra su primera generaci\u00f3n de L\u00edderes Cat\u00f3licos","datePublished":"2024-10-15T10:18:22+00:00","dateModified":"2024-10-15T10:21:04+00:00","mainEntityOfPage":{"@id":"https:\/\/exaudi.org\/es\/la-arquidiocesis-de-puebla-celebra-su-primera-generacion-de-lideres-catolicos\/"},"wordCount":678,"image":{"@id":"https:\/\/exaudi.org\/es\/la-arquidiocesis-de-puebla-celebra-su-primera-generacion-de-lideres-catolicos\/#primaryimage"},"thumbnailUrl":"https:\/\/exaudi.org\/wp-content\/uploads\/2024\/10\/WhatsApp-Image-2024-10-14-at-10.15.52-1.jpeg","keywords":["Academia de L\u00edderes Cat\u00f3licos","Academia Latinoamericana de L\u00edderes Cat\u00f3licos","antropolog\u00eda cristiana","Arquidi\u00f3cesis de Puebla","Bien com\u00fan","caridad","compromiso social","dignidad de la persona","Dr. Rodrigo Guerra L\u00f3pez","Escuela de L\u00edderes Cat\u00f3licos","eventos cat\u00f3licos","formaci\u00f3n cat\u00f3lica","graduados","liderazgo cat\u00f3lico","Margarita Zavala","Mauricio Eduardo Aguirre","misi\u00f3n de los laicos","pol\u00edtica y fe","Puebla","teolog\u00eda del laicado","testimonios de l\u00edderes","Universidad An\u00e1huac Puebla"],"articleSection":["Iglesia y Mundo"],"inLanguage":"es"},{"@type":"WebPage","@id":"https:\/\/exaudi.org\/es\/la-arquidiocesis-de-puebla-celebra-su-primera-generacion-de-lideres-catolicos\/","url":"https:\/\/exaudi.org\/es\/la-arquidiocesis-de-puebla-celebra-su-primera-generacion-de-lideres-catolicos\/","name":"La Arquidi\u00f3cesis de Puebla celebra su primera generaci\u00f3n de L\u00edderes Cat\u00f3licos &#8211; Exaudi","isPartOf":{"@id":"https:\/\/exaudi.org\/#website"},"primaryImageOfPage":{"@id":"https:\/\/exaudi.org\/es\/la-arquidiocesis-de-puebla-celebra-su-primera-generacion-de-lideres-catolicos\/#primaryimage"},"image":{"@id":"https:\/\/exaudi.org\/es\/la-arquidiocesis-de-puebla-celebra-su-primera-generacion-de-lideres-catolicos\/#primaryimage"},"thumbnailUrl":"https:\/\/exaudi.org\/wp-content\/uploads\/2024\/10\/WhatsApp-Image-2024-10-14-at-10.15.52-1.jpeg","datePublished":"2024-10-15T10:18:22+00:00","dateModified":"2024-10-15T10:21:04+00:00","author":{"@id":"https:\/\/exaudi.org\/#\/schema\/person\/334968a332d5dad9f94e08897852c6af"},"breadcrumb":{"@id":"https:\/\/exaudi.org\/es\/la-arquidiocesis-de-puebla-celebra-su-primera-generacion-de-lideres-catolicos\/#breadcrumb"},"inLanguage":"es","potentialAction":[{"@type":"ReadAction","target":["https:\/\/exaudi.org\/es\/la-arquidiocesis-de-puebla-celebra-su-primera-generacion-de-lideres-catolicos\/"]}]},{"@type":"ImageObject","inLanguage":"es","@id":"https:\/\/exaudi.org\/es\/la-arquidiocesis-de-puebla-celebra-su-primera-generacion-de-lideres-catolicos\/#primaryimage","url":"https:\/\/exaudi.org\/wp-content\/uploads\/2024\/10\/WhatsApp-Image-2024-10-14-at-10.15.52-1.jpeg","contentUrl":"https:\/\/exaudi.org\/wp-content\/uploads\/2024\/10\/WhatsApp-Image-2024-10-14-at-10.15.52-1.jpeg","width":1600,"height":747},{"@type":"BreadcrumbList","@id":"https:\/\/exaudi.org\/es\/la-arquidiocesis-de-puebla-celebra-su-primera-generacion-de-lideres-catolicos\/#breadcrumb","itemListElement":[{"@type":"ListItem","position":1,"name":"Portada","item":"https:\/\/exaudi.org\/es\/"},{"@type":"ListItem","position":2,"name":"La Arquidi\u00f3cesis de Puebla celebra su primera generaci\u00f3n de L\u00edderes Cat\u00f3licos"}]},{"@type":"WebSite","@id":"https:\/\/exaudi.org\/#website","url":"https:\/\/exaudi.org\/","name":"Exaudi","description":"News","potentialAction":[{"@type":"SearchAction","target":{"@type":"EntryPoint","urlTemplate":"https:\/\/exaudi.org\/?s={search_term_string}"},"query-input":{"@type":"PropertyValueSpecification","valueRequired":true,"valueName":"search_term_string"}}],"inLanguage":"es"},{"@type":"Person","@id":"https:\/\/exaudi.org\/#\/schema\/person\/334968a332d5dad9f94e08897852c6af","name":"Academia de L\u00edderes Cat\u00f3licos","image":{"@type":"ImageObject","inLanguage":"es","@id":"https:\/\/secure.gravatar.com\/avatar\/80d80b1e34d8fa01f6b95d10e695853ca4ea7e054050e21ad1a15d546d4600ca?s=96&d=mm&r=g","url":"https:\/\/secure.gravatar.com\/avatar\/80d80b1e34d8fa01f6b95d10e695853ca4ea7e054050e21ad1a15d546d4600ca?s=96&d=mm&r=g","contentUrl":"https:\/\/secure.gravatar.com\/avatar\/80d80b1e34d8fa01f6b95d10e695853ca4ea7e054050e21ad1a15d546d4600ca?s=96&d=mm&r=g","caption":"Academia de L\u00edderes Cat\u00f3licos"},"description":"Es una fundaci\u00f3n de derecho privado sin fines de lucro que busca formar cat\u00f3licos que a partir de la experiencia cristiana desarrollen su vocaci\u00f3n pol\u00edtica con la ayuda de la Doctrina Social de la Iglesia. La Academia Latinoamericana de L\u00edderes Cat\u00f3licos tiene como misi\u00f3n, formar l\u00edderes desde una perspectiva cat\u00f3lica, arraigados en la fe de la Iglesia, para transformar el mundo social, pol\u00edtico y econ\u00f3mico a la luz de la Doctrina Social de la Iglesia. Formar una nueva generaci\u00f3n de cat\u00f3licos latinoamericanos con responsabilidades pol\u00edticas y sociales para que transformen el rostro del continente al servicio de sus pueblos, a la luz del Magisterio de la Iglesia y de cara a los Jubileos del V Centenario Guadalupano y de los dos mil a\u00f1os de la redenci\u00f3n.","sameAs":["https:\/\/liderescatolicos.net\/","https:\/\/www.youtube.com\/c\/LderesCatlicos"],"url":"https:\/\/exaudi.org\/es\/author\/academia-de-lideres-catolicos\/"}]}},"jetpack_featured_media_url":"https:\/\/exaudi.org\/wp-content\/uploads\/2024\/10\/WhatsApp-Image-2024-10-14-at-10.15.52-1.jpeg","jetpack_shortlink":"https:\/\/wp.me\/pgKjF2-sOz","_links":{"self":[{"href":"https:\/\/exaudi.org\/es\/wp-json\/wp\/v2\/posts\/110767","targetHints":{"allow":["GET"]}}],"collection":[{"href":"https:\/\/exaudi.org\/es\/wp-json\/wp\/v2\/posts"}],"about":[{"href":"https:\/\/exaudi.org\/es\/wp-json\/wp\/v2\/types\/post"}],"author":[{"embeddable":true,"href":"https:\/\/exaudi.org\/es\/wp-json\/wp\/v2\/users\/107"}],"replies":[{"embeddable":true,"href":"https:\/\/exaudi.org\/es\/wp-json\/wp\/v2\/comments?post=110767"}],"version-history":[{"count":0,"href":"https:\/\/exaudi.org\/es\/wp-json\/wp\/v2\/posts\/110767\/revisions"}],"wp:featuredmedia":[{"embeddable":true,"href":"https:\/\/exaudi.org\/es\/wp-json\/wp\/v2\/media\/110768"}],"wp:attachment":[{"href":"https:\/\/exaudi.org\/es\/wp-json\/wp\/v2\/media?parent=110767"}],"wp:term":[{"taxonomy":"category","embeddable":true,"href":"https:\/\/exaudi.org\/es\/wp-json\/wp\/v2\/categories?post=110767"},{"taxonomy":"post_tag","embeddable":true,"href":"https:\/\/exaudi.org\/es\/wp-json\/wp\/v2\/tags?post=110767"}],"curies":[{"name":"wp","href":"https:\/\/api.w.org\/{rel}","templated":true}]}}