{"id":110236,"date":"2024-10-08T09:00:57","date_gmt":"2024-10-08T07:00:57","guid":{"rendered":"https:\/\/exaudi.org\/?p=110236"},"modified":"2024-10-08T09:53:26","modified_gmt":"2024-10-08T07:53:26","slug":"la-importancia-de-la-coherencia-en-la-educacion-de-los-hijos","status":"publish","type":"post","link":"https:\/\/exaudi.org\/es\/la-importancia-de-la-coherencia-en-la-educacion-de-los-hijos\/","title":{"rendered":"La Importancia de la Coherencia en la Educaci\u00f3n de los Hijos"},"content":{"rendered":"<audio class=\"wp-audio-shortcode\" id=\"audio-110236-1\" preload=\"none\" style=\"width: 100%;\" controls=\"controls\"><source type=\"audio\/mpeg\" src=\"https:\/\/exaudi.org\/wp-content\/uploads\/2024\/10\/La-Importancia-de-la-Coherencia-en-la\u2026-.mp3?_=1\" \/><a href=\"https:\/\/exaudi.org\/wp-content\/uploads\/2024\/10\/La-Importancia-de-la-Coherencia-en-la\u2026-.mp3\">https:\/\/exaudi.org\/wp-content\/uploads\/2024\/10\/La-Importancia-de-la-Coherencia-en-la\u2026-.mp3<\/a><\/audio>\n<p>La semana pasada hablaba con una persona que desarrolla su labor atendiendo a familias desestructuradas. A ra\u00edz de su trabajo y su formaci\u00f3n, adem\u00e1s, llevaba un grupo de matrimonios con los que organiza coloquios y conferencias referidos al tema \u00abfamilia y matrimonio\u00bb.<\/p>\n<p>Habl\u00e1bamos de las dificultades de la tarea de ser padres y me espet\u00f3 la siguiente afirmaci\u00f3n: \u00abLos ni\u00f1os lo perdonan todo, salvo la falta de coherencia\u00bb.<\/p>\n<p>Me pareci\u00f3 impresionante, particularmente viniendo de una persona acostumbrada a presenciar y ayudar en situaciones muy dif\u00edciles.<\/p>\n<p>La coherencia. Es de las virtudes m\u00e1s dif\u00edciles de encontrar. Llevo meses buscando coherencia en libros de frases celebres y citas, y nunca la he encontrado como cap\u00edtulo. Lo m\u00e1ximo que he alcanzado es alguna frase suelta y ninguna excesivamente afortunada.<\/p>\n<p>Si es cierto que los hijos no perdonan la incoherencia, y probablemente lo es, los padres \u2013 quiz\u00e1s hablo por mi \u2013 lo tenemos MUY dif\u00edcil.<\/p>\n<p>Desde cosas tan nimias como el frecuente grito de guerra: \u00ab\u00a1Te he dicho que no me chilles!!!!!\u00bb, pasando por el \u00abSi es la t\u00eda, dile que no estoy en casa\u00bb \u2013 despu\u00e9s de haberle echado una fil\u00edpica por haber dicho una mentira nimia, hasta llegar a decirles, en la puerta del parque tem\u00e1tico: \u00abDi que tienes siete a\u00f1os \u00bfvale?, solo por hoy tu tienes siete a\u00f1os\u00bb, con el objetivo de ahorrarnos 14 euros cuando le llevamos a pasar el d\u00eda como premio por habernos dicho siempre la verdad.<\/p>\n<p>La coherencia es MUY dif\u00edcil. Si la gente viviera de acuerdo a los pensamientos y reflexiones que publica en facebook, el mundo ser\u00eda un lugar id\u00edlico.<\/p>\n<p>Lo cierto es que estoy convencido de que como padres no nos queda m\u00e1s remedio. Ah\u00ed nos jugamos el todo por el todo.<\/p>\n<p>Bien pensado probablemente tampoco sea tan dif\u00edcil. La mayor parte de las incoherencias son nimiedades que, si prest\u00e1ramos m\u00e1s atenci\u00f3n o fu\u00e9ramos menos comodones, podr\u00edamos f\u00e1cilmente ser fieles a los criterios que intentamos trasladar a nuestros hijos.<\/p>\n<p>Debemos recordar que, por el hecho de ser padres, vivimos en un escaparate perpetuo, no ya cara a los dem\u00e1s que poco nos debe importar, sino ante nuestros hijos. Podr\u00eda parecer que ellos est\u00e1n en su mundo, con sus juguetes, su tele, o su\u00a0<em>tablet<\/em>, ajenos a nuestras conversaciones y a nuestras idas y venidas, pero en realidad detectan cualquier cosa que digamos o hagamos y que no se corresponda con lo que a les exigimos.<\/p>\n<p>\u00a1Y qu\u00e9 alegr\u00eda que sea as\u00ed!. Eso no significa que est\u00e9n vigil\u00e1ndonos \u00abpara pillarnos\u00bb, como los malos profesores, simplemente que nos est\u00e1n observando constantemente porque somos su referente. \u00bfAcaso preferir\u00edamos que su modelo fuera otra persona?<\/p>\n<p>Nuestros hijos no necesitan que seamos perfectos, libres de errores, faltas y limitaciones, pero s\u00ed quieren y tienen todo el derecho a exigirnos que vivamos de acuerdo a aquello que les trasmitimos. \u00bfQu\u00e9 menos?.<\/p>\n<p>Probablemente una de las incoherencias m\u00e1s frecuentes de los padres es lo mucho que nos cuesta pedirles perd\u00f3n. De nuevo, quiz\u00e1s, hablo por mi.<\/p>\n<p>Siempre he dicho que los padres perfectos son aquellos que cometen entre cinco y diez errores diarios, ya que menos de cinco es absolutamente imposible (salvo que no est\u00e9s con los ni\u00f1os, que es EL GRAN error). Pero si mi hip\u00f3tesis es cierta y no bajamos de las cinco meteduras de pata, \u00bfporqu\u00e9 no pedimos perd\u00f3n al menos ese mismo n\u00famero de veces cada d\u00eda?<\/p>\n<p>Dir\u00e9, en nuestra descarga, que muchos de los errores que cometemos los padres en nuestro d\u00eda a d\u00eda nos pasan desapercibidos; otros s\u00f3lo los detectamos cuando con la luz apagada hacemos repaso al menos, de los momentos conflictivos del d\u00eda y nos damos cuenta de que ten\u00edamos otras cinco opciones y cualquiera de ellas hubiera sido mejor; y algunos, s\u00f3lo algunos de esos errores, los detectamos sobre la marcha y, desgraciadamente, intentamos ocultarlos para que no se nos note demasiado, estrope\u00e1ndolo a\u00fan m\u00e1s. Esas son las grandes oportunidades perdidas.<\/p>\n<p>En el libro de I\u00e7ami Tiba \u00abQuien ama educa\u00bb, le\u00ed que los padres deb\u00edamos comportarnos ante nuestros hijos en todo momento tal y c\u00f3mo esperamos que ellos se porten cuando nosotros no estamos presentes. \u00a1Qu\u00e9 buen criterio!, tan concreto adem\u00e1s. Es dif\u00edcil: se trata de vivir como si fu\u00e9ramos invitados en nuestra propia casa (se acab\u00f3 el poner los pies en la mesa, salir descalzos de la habitaci\u00f3n o decir una palabra malsonante).<\/p>\n<p>Es posible que sea dif\u00edcil, pero si lo logramos, f\u00edjese que gran logro: no s\u00f3lo usted ha vivido elegantemente \u2013 como espera que sean se comporten sus hijos -, mucho m\u00e1s a\u00fan, habr\u00e1 sido un ejemplo de coherencia para sus hijos.<\/p>\n<p>No se me ocurre ninguna aspiraci\u00f3n mayor.<\/p>\n<p><a href=\"https:\/\/open.spotify.com\/episode\/0MRhW52LQZR8WBAZJNCQbw?si=8a8b08210e704512\" target=\"_blank\" rel=\"noopener\">Spotify<\/a><\/p>\n<p><img loading=\"lazy\" decoding=\"async\" class=\"size-full wp-image-110241 alignnone\" src=\"https:\/\/exaudi.org\/wp-content\/uploads\/2024\/10\/voces-1.jpg\" alt=\"\" width=\"940\" height=\"788\" srcset=\"https:\/\/exaudi.org\/wp-content\/uploads\/2024\/10\/voces-1.jpg 940w, https:\/\/exaudi.org\/wp-content\/uploads\/2024\/10\/voces-1-300x251.jpg 300w, https:\/\/exaudi.org\/wp-content\/uploads\/2024\/10\/voces-1-770x645.jpg 770w, https:\/\/exaudi.org\/wp-content\/uploads\/2024\/10\/voces-1-500x419.jpg 500w, https:\/\/exaudi.org\/wp-content\/uploads\/2024\/10\/voces-1-293x246.jpg 293w, https:\/\/exaudi.org\/wp-content\/uploads\/2024\/10\/voces-1-390x327.jpg 390w\" sizes=\"auto, (max-width: 940px) 100vw, 940px\" \/><\/p>\n","protected":false},"excerpt":{"rendered":"<p>Un Desaf\u00edo para los Padres<\/p>\n","protected":false},"author":113,"featured_media":110237,"comment_status":"closed","ping_status":"closed","sticky":false,"template":"","format":"standard","meta":{"_acf_changed":false,"_crdt_document":"","inline_featured_image":false,"footnotes":""},"categories":[130],"tags":[10799,18420,27131,25844,27132,27129,27133,27134,13389,27130,4953,19018],"class_list":["post-110236","post","type-post","status-publish","format-standard","has-post-thumbnail","hentry","category-voces","tag-coherencia","tag-comunicacion-familiar","tag-crianza-coherente","tag-crianza-responsable","tag-desafios-de-la-paternidad","tag-educacion-de-los-hijos","tag-educacion-familiar","tag-ejemplo-parental","tag-nacho-calderon-castro","tag-padres-y-coherencia","tag-trending-es","tag-valores-familiares"],"acf":[],"yoast_head":"<!-- This site is optimized with the Yoast SEO plugin v27.4 - https:\/\/yoast.com\/product\/yoast-seo-wordpress\/ -->\n<title>La Importancia de la Coherencia en la Educaci\u00f3n de los Hijos &#8211; Exaudi<\/title>\n<meta name=\"robots\" content=\"index, follow, max-snippet:-1, max-image-preview:large, max-video-preview:-1\" \/>\n<link rel=\"canonical\" href=\"https:\/\/exaudi.org\/es\/la-importancia-de-la-coherencia-en-la-educacion-de-los-hijos\/\" \/>\n<meta property=\"og:locale\" content=\"es_ES\" \/>\n<meta property=\"og:type\" content=\"article\" \/>\n<meta property=\"og:title\" content=\"La Importancia de la Coherencia en la Educaci\u00f3n de los Hijos &#8211; Exaudi\" \/>\n<meta property=\"og:description\" content=\"Un Desaf\u00edo para los Padres\" \/>\n<meta property=\"og:url\" content=\"https:\/\/exaudi.org\/es\/la-importancia-de-la-coherencia-en-la-educacion-de-los-hijos\/\" \/>\n<meta property=\"og:site_name\" content=\"Exaudi\" \/>\n<meta property=\"article:publisher\" content=\"https:\/\/www.facebook.com\/ExaudiNews\" \/>\n<meta property=\"article:published_time\" content=\"2024-10-08T07:00:57+00:00\" \/>\n<meta property=\"article:modified_time\" content=\"2024-10-08T07:53:26+00:00\" \/>\n<meta property=\"og:image\" content=\"https:\/\/exaudi.org\/wp-content\/uploads\/2024\/10\/pexels-mikhail-nilov-9207539-scaled.jpg\" \/>\n\t<meta property=\"og:image:width\" content=\"2560\" \/>\n\t<meta property=\"og:image:height\" content=\"1707\" \/>\n\t<meta property=\"og:image:type\" content=\"image\/jpeg\" \/>\n<meta name=\"author\" content=\"Nacho Calder\u00f3n Castro\" \/>\n<meta name=\"twitter:card\" content=\"summary_large_image\" \/>\n<meta name=\"twitter:creator\" content=\"@Exaudi_News\" \/>\n<meta name=\"twitter:site\" content=\"@Exaudi_News\" \/>\n<meta name=\"twitter:label1\" content=\"Escrito por\" \/>\n\t<meta name=\"twitter:data1\" content=\"Nacho Calder\u00f3n Castro\" \/>\n\t<meta name=\"twitter:label2\" content=\"Tiempo de lectura\" \/>\n\t<meta name=\"twitter:data2\" content=\"4 minutos\" \/>\n<script type=\"application\/ld+json\" class=\"yoast-schema-graph\">{\"@context\":\"https:\\\/\\\/schema.org\",\"@graph\":[{\"@type\":\"Article\",\"@id\":\"https:\\\/\\\/exaudi.org\\\/es\\\/la-importancia-de-la-coherencia-en-la-educacion-de-los-hijos\\\/#article\",\"isPartOf\":{\"@id\":\"https:\\\/\\\/exaudi.org\\\/es\\\/la-importancia-de-la-coherencia-en-la-educacion-de-los-hijos\\\/\"},\"author\":{\"name\":\"Nacho Calder\u00f3n Castro\",\"@id\":\"https:\\\/\\\/exaudi.org\\\/#\\\/schema\\\/person\\\/81a36269482bc7d6a5a3ab8317a57a2f\"},\"headline\":\"La Importancia de la Coherencia en la Educaci\u00f3n de los Hijos\",\"datePublished\":\"2024-10-08T07:00:57+00:00\",\"dateModified\":\"2024-10-08T07:53:26+00:00\",\"mainEntityOfPage\":{\"@id\":\"https:\\\/\\\/exaudi.org\\\/es\\\/la-importancia-de-la-coherencia-en-la-educacion-de-los-hijos\\\/\"},\"wordCount\":860,\"image\":{\"@id\":\"https:\\\/\\\/exaudi.org\\\/es\\\/la-importancia-de-la-coherencia-en-la-educacion-de-los-hijos\\\/#primaryimage\"},\"thumbnailUrl\":\"https:\\\/\\\/exaudi.org\\\/wp-content\\\/uploads\\\/2024\\\/10\\\/pexels-mikhail-nilov-9207539-scaled.jpg\",\"keywords\":[\"Coherencia\",\"comunicaci\u00f3n familiar\",\"Crianza coherente\",\"crianza responsable\",\"Desaf\u00edos de la paternidad\",\"Educaci\u00f3n de los hijos\",\"Educaci\u00f3n familiar\",\"Ejemplo parental\",\"Nacho Calder\u00f3n Castro\",\"Padres y coherencia\",\"Trending\",\"valores familiares\"],\"articleSection\":[\"Voces\"],\"inLanguage\":\"es\"},{\"@type\":\"WebPage\",\"@id\":\"https:\\\/\\\/exaudi.org\\\/es\\\/la-importancia-de-la-coherencia-en-la-educacion-de-los-hijos\\\/\",\"url\":\"https:\\\/\\\/exaudi.org\\\/es\\\/la-importancia-de-la-coherencia-en-la-educacion-de-los-hijos\\\/\",\"name\":\"La Importancia de la Coherencia en la Educaci\u00f3n de los Hijos &#8211; Exaudi\",\"isPartOf\":{\"@id\":\"https:\\\/\\\/exaudi.org\\\/#website\"},\"primaryImageOfPage\":{\"@id\":\"https:\\\/\\\/exaudi.org\\\/es\\\/la-importancia-de-la-coherencia-en-la-educacion-de-los-hijos\\\/#primaryimage\"},\"image\":{\"@id\":\"https:\\\/\\\/exaudi.org\\\/es\\\/la-importancia-de-la-coherencia-en-la-educacion-de-los-hijos\\\/#primaryimage\"},\"thumbnailUrl\":\"https:\\\/\\\/exaudi.org\\\/wp-content\\\/uploads\\\/2024\\\/10\\\/pexels-mikhail-nilov-9207539-scaled.jpg\",\"datePublished\":\"2024-10-08T07:00:57+00:00\",\"dateModified\":\"2024-10-08T07:53:26+00:00\",\"author\":{\"@id\":\"https:\\\/\\\/exaudi.org\\\/#\\\/schema\\\/person\\\/81a36269482bc7d6a5a3ab8317a57a2f\"},\"breadcrumb\":{\"@id\":\"https:\\\/\\\/exaudi.org\\\/es\\\/la-importancia-de-la-coherencia-en-la-educacion-de-los-hijos\\\/#breadcrumb\"},\"inLanguage\":\"es\",\"potentialAction\":[{\"@type\":\"ReadAction\",\"target\":[\"https:\\\/\\\/exaudi.org\\\/es\\\/la-importancia-de-la-coherencia-en-la-educacion-de-los-hijos\\\/\"]}]},{\"@type\":\"ImageObject\",\"inLanguage\":\"es\",\"@id\":\"https:\\\/\\\/exaudi.org\\\/es\\\/la-importancia-de-la-coherencia-en-la-educacion-de-los-hijos\\\/#primaryimage\",\"url\":\"https:\\\/\\\/exaudi.org\\\/wp-content\\\/uploads\\\/2024\\\/10\\\/pexels-mikhail-nilov-9207539-scaled.jpg\",\"contentUrl\":\"https:\\\/\\\/exaudi.org\\\/wp-content\\\/uploads\\\/2024\\\/10\\\/pexels-mikhail-nilov-9207539-scaled.jpg\",\"width\":2560,\"height\":1707},{\"@type\":\"BreadcrumbList\",\"@id\":\"https:\\\/\\\/exaudi.org\\\/es\\\/la-importancia-de-la-coherencia-en-la-educacion-de-los-hijos\\\/#breadcrumb\",\"itemListElement\":[{\"@type\":\"ListItem\",\"position\":1,\"name\":\"Portada\",\"item\":\"https:\\\/\\\/exaudi.org\\\/es\\\/\"},{\"@type\":\"ListItem\",\"position\":2,\"name\":\"La Importancia de la Coherencia en la Educaci\u00f3n de los Hijos\"}]},{\"@type\":\"WebSite\",\"@id\":\"https:\\\/\\\/exaudi.org\\\/#website\",\"url\":\"https:\\\/\\\/exaudi.org\\\/\",\"name\":\"Exaudi\",\"description\":\"News\",\"potentialAction\":[{\"@type\":\"SearchAction\",\"target\":{\"@type\":\"EntryPoint\",\"urlTemplate\":\"https:\\\/\\\/exaudi.org\\\/?s={search_term_string}\"},\"query-input\":{\"@type\":\"PropertyValueSpecification\",\"valueRequired\":true,\"valueName\":\"search_term_string\"}}],\"inLanguage\":\"es\"},{\"@type\":\"Person\",\"@id\":\"https:\\\/\\\/exaudi.org\\\/#\\\/schema\\\/person\\\/81a36269482bc7d6a5a3ab8317a57a2f\",\"name\":\"Nacho Calder\u00f3n Castro\",\"image\":{\"@type\":\"ImageObject\",\"inLanguage\":\"es\",\"@id\":\"https:\\\/\\\/secure.gravatar.com\\\/avatar\\\/9a83221fb83e62554f576fc80e7b576f2b3f5ebbb98b6adcdf828c6895c6c906?s=96&d=mm&r=g\",\"url\":\"https:\\\/\\\/secure.gravatar.com\\\/avatar\\\/9a83221fb83e62554f576fc80e7b576f2b3f5ebbb98b6adcdf828c6895c6c906?s=96&d=mm&r=g\",\"contentUrl\":\"https:\\\/\\\/secure.gravatar.com\\\/avatar\\\/9a83221fb83e62554f576fc80e7b576f2b3f5ebbb98b6adcdf828c6895c6c906?s=96&d=mm&r=g\",\"caption\":\"Nacho Calder\u00f3n Castro\"},\"description\":\"Nacho es el fundador y director del Instituto de Neuropsicolog\u00eda y Psicopedagog\u00eda Aplicadas (INPA) en Madrid, Espa\u00f1a y forma parte del equipo de Neurological Rehabilitation International Consultants, dirigiendo su centro en Laredo, Texas, tareas que compatibiliza impartiendo conferencias en centros de ense\u00f1anza, desde jardines de infancia hasta universidades. Ha sido colaborador con con el programa de radio La Ma\u00f1ana de COPE, dirigido por Javi Nieves durante los cursos 2012 \u2013 2014 y es profesor del Instituto de Estudios Familiares \u2013 IDEFA. En el a\u00f1o 2013 fue llamado por el Dr. Unruh para continuar su labor en Estados Unidos. Para realizar tal tarea y en reconocimiento a su trayectoria profesional, el gobierno de aquel pa\u00eds le ha concedido el visado 01, otorgado a personas con \u201chabilidades extraordinarias\u201d. Desde mayo de 2017 Nacho ha trasladado esta consulta a Pachuca, en el estado de Hidalgo, en M\u00e9xico, y de ese modo trabaja junto con Iliana Guevara Rivera, con quien comparte una trayectoria profesional desde noviembre de 1992. Nacho Calder\u00f3n atiende por tanto a pacientes en M\u00e9xico a lo largo de tres meses al a\u00f1o \u2013 febrero, junio y octubre -, dedicando ocho meses a la atenci\u00f3n de pacientes en Espa\u00f1a. Licenciado en Psicolog\u00eda, comenz\u00f3 su labor profesional en los Institutos para el Logro del Potencial Humano en Filadelfia, junto con Glenn, Janet y Douglas Doman, donde estuvo durante dos a\u00f1os completos. Durante este periodo atendi\u00f3 a familias en Filadelfia, Fauglia (Italia) y Tokio (Jap\u00f3n). A su regreso a Espa\u00f1a en 1995, fue co-fundador de la asociaci\u00f3n Institutos Fay para la Estimulaci\u00f3n Multisensorial. Nacho trajo el primer Audiokinetron (para el tratamiento B\u00e8rard) que hubo en nuestro pa\u00eds. En 1997 comenz\u00f3 su formaci\u00f3n como evaluador con el m\u00e9todo IRLEN, tras su paso por el IRLEN Center de Helen Irlen en California, se convirti\u00f3 en 1999 en el responsable de dicho m\u00e9todo en la pen\u00ednsula. En el curso de 1997-98, complet\u00f3 su formaci\u00f3n en reflejos primitivos de la mano de Peter Blythe y Sally Goddar. M\u00e1s tarde continuar\u00eda su formaci\u00f3n junto con Kjelt Johansen, Harald Blomberg y Beatriz y Sonia Padovan. Ha sido instructor KUMON durante m\u00e1s de 10 a\u00f1os y ha dado conferencias en B\u00e9lgica, Italia, Alemania y Reino Unido. Nacho ha sido profesor en el Master de dise\u00f1o infantil en espacio y producto del Instituto Europeo de dise\u00f1o y en la actualidad compagina toda su labor cl\u00ednica con la formaci\u00f3n en el Master para la formaci\u00f3n del profesorado de la Universidad Rey Juan Carlos.\",\"sameAs\":[\"https:\\\/\\\/inpa.info\\\/\"],\"url\":\"https:\\\/\\\/exaudi.org\\\/es\\\/author\\\/nacho-calderon-castro\\\/\"}]}<\/script>\n<!-- \/ Yoast SEO plugin. -->","yoast_head_json":{"title":"La Importancia de la Coherencia en la Educaci\u00f3n de los Hijos &#8211; Exaudi","robots":{"index":"index","follow":"follow","max-snippet":"max-snippet:-1","max-image-preview":"max-image-preview:large","max-video-preview":"max-video-preview:-1"},"canonical":"https:\/\/exaudi.org\/es\/la-importancia-de-la-coherencia-en-la-educacion-de-los-hijos\/","og_locale":"es_ES","og_type":"article","og_title":"La Importancia de la Coherencia en la Educaci\u00f3n de los Hijos &#8211; Exaudi","og_description":"Un Desaf\u00edo para los Padres","og_url":"https:\/\/exaudi.org\/es\/la-importancia-de-la-coherencia-en-la-educacion-de-los-hijos\/","og_site_name":"Exaudi","article_publisher":"https:\/\/www.facebook.com\/ExaudiNews","article_published_time":"2024-10-08T07:00:57+00:00","article_modified_time":"2024-10-08T07:53:26+00:00","og_image":[{"width":2560,"height":1707,"url":"https:\/\/exaudi.org\/wp-content\/uploads\/2024\/10\/pexels-mikhail-nilov-9207539-scaled.jpg","type":"image\/jpeg"}],"author":"Nacho Calder\u00f3n Castro","twitter_card":"summary_large_image","twitter_creator":"@Exaudi_News","twitter_site":"@Exaudi_News","twitter_misc":{"Escrito por":"Nacho Calder\u00f3n Castro","Tiempo de lectura":"4 minutos"},"schema":{"@context":"https:\/\/schema.org","@graph":[{"@type":"Article","@id":"https:\/\/exaudi.org\/es\/la-importancia-de-la-coherencia-en-la-educacion-de-los-hijos\/#article","isPartOf":{"@id":"https:\/\/exaudi.org\/es\/la-importancia-de-la-coherencia-en-la-educacion-de-los-hijos\/"},"author":{"name":"Nacho Calder\u00f3n Castro","@id":"https:\/\/exaudi.org\/#\/schema\/person\/81a36269482bc7d6a5a3ab8317a57a2f"},"headline":"La Importancia de la Coherencia en la Educaci\u00f3n de los Hijos","datePublished":"2024-10-08T07:00:57+00:00","dateModified":"2024-10-08T07:53:26+00:00","mainEntityOfPage":{"@id":"https:\/\/exaudi.org\/es\/la-importancia-de-la-coherencia-en-la-educacion-de-los-hijos\/"},"wordCount":860,"image":{"@id":"https:\/\/exaudi.org\/es\/la-importancia-de-la-coherencia-en-la-educacion-de-los-hijos\/#primaryimage"},"thumbnailUrl":"https:\/\/exaudi.org\/wp-content\/uploads\/2024\/10\/pexels-mikhail-nilov-9207539-scaled.jpg","keywords":["Coherencia","comunicaci\u00f3n familiar","Crianza coherente","crianza responsable","Desaf\u00edos de la paternidad","Educaci\u00f3n de los hijos","Educaci\u00f3n familiar","Ejemplo parental","Nacho Calder\u00f3n Castro","Padres y coherencia","Trending","valores familiares"],"articleSection":["Voces"],"inLanguage":"es"},{"@type":"WebPage","@id":"https:\/\/exaudi.org\/es\/la-importancia-de-la-coherencia-en-la-educacion-de-los-hijos\/","url":"https:\/\/exaudi.org\/es\/la-importancia-de-la-coherencia-en-la-educacion-de-los-hijos\/","name":"La Importancia de la Coherencia en la Educaci\u00f3n de los Hijos &#8211; Exaudi","isPartOf":{"@id":"https:\/\/exaudi.org\/#website"},"primaryImageOfPage":{"@id":"https:\/\/exaudi.org\/es\/la-importancia-de-la-coherencia-en-la-educacion-de-los-hijos\/#primaryimage"},"image":{"@id":"https:\/\/exaudi.org\/es\/la-importancia-de-la-coherencia-en-la-educacion-de-los-hijos\/#primaryimage"},"thumbnailUrl":"https:\/\/exaudi.org\/wp-content\/uploads\/2024\/10\/pexels-mikhail-nilov-9207539-scaled.jpg","datePublished":"2024-10-08T07:00:57+00:00","dateModified":"2024-10-08T07:53:26+00:00","author":{"@id":"https:\/\/exaudi.org\/#\/schema\/person\/81a36269482bc7d6a5a3ab8317a57a2f"},"breadcrumb":{"@id":"https:\/\/exaudi.org\/es\/la-importancia-de-la-coherencia-en-la-educacion-de-los-hijos\/#breadcrumb"},"inLanguage":"es","potentialAction":[{"@type":"ReadAction","target":["https:\/\/exaudi.org\/es\/la-importancia-de-la-coherencia-en-la-educacion-de-los-hijos\/"]}]},{"@type":"ImageObject","inLanguage":"es","@id":"https:\/\/exaudi.org\/es\/la-importancia-de-la-coherencia-en-la-educacion-de-los-hijos\/#primaryimage","url":"https:\/\/exaudi.org\/wp-content\/uploads\/2024\/10\/pexels-mikhail-nilov-9207539-scaled.jpg","contentUrl":"https:\/\/exaudi.org\/wp-content\/uploads\/2024\/10\/pexels-mikhail-nilov-9207539-scaled.jpg","width":2560,"height":1707},{"@type":"BreadcrumbList","@id":"https:\/\/exaudi.org\/es\/la-importancia-de-la-coherencia-en-la-educacion-de-los-hijos\/#breadcrumb","itemListElement":[{"@type":"ListItem","position":1,"name":"Portada","item":"https:\/\/exaudi.org\/es\/"},{"@type":"ListItem","position":2,"name":"La Importancia de la Coherencia en la Educaci\u00f3n de los Hijos"}]},{"@type":"WebSite","@id":"https:\/\/exaudi.org\/#website","url":"https:\/\/exaudi.org\/","name":"Exaudi","description":"News","potentialAction":[{"@type":"SearchAction","target":{"@type":"EntryPoint","urlTemplate":"https:\/\/exaudi.org\/?s={search_term_string}"},"query-input":{"@type":"PropertyValueSpecification","valueRequired":true,"valueName":"search_term_string"}}],"inLanguage":"es"},{"@type":"Person","@id":"https:\/\/exaudi.org\/#\/schema\/person\/81a36269482bc7d6a5a3ab8317a57a2f","name":"Nacho Calder\u00f3n Castro","image":{"@type":"ImageObject","inLanguage":"es","@id":"https:\/\/secure.gravatar.com\/avatar\/9a83221fb83e62554f576fc80e7b576f2b3f5ebbb98b6adcdf828c6895c6c906?s=96&d=mm&r=g","url":"https:\/\/secure.gravatar.com\/avatar\/9a83221fb83e62554f576fc80e7b576f2b3f5ebbb98b6adcdf828c6895c6c906?s=96&d=mm&r=g","contentUrl":"https:\/\/secure.gravatar.com\/avatar\/9a83221fb83e62554f576fc80e7b576f2b3f5ebbb98b6adcdf828c6895c6c906?s=96&d=mm&r=g","caption":"Nacho Calder\u00f3n Castro"},"description":"Nacho es el fundador y director del Instituto de Neuropsicolog\u00eda y Psicopedagog\u00eda Aplicadas (INPA) en Madrid, Espa\u00f1a y forma parte del equipo de Neurological Rehabilitation International Consultants, dirigiendo su centro en Laredo, Texas, tareas que compatibiliza impartiendo conferencias en centros de ense\u00f1anza, desde jardines de infancia hasta universidades. Ha sido colaborador con con el programa de radio La Ma\u00f1ana de COPE, dirigido por Javi Nieves durante los cursos 2012 \u2013 2014 y es profesor del Instituto de Estudios Familiares \u2013 IDEFA. En el a\u00f1o 2013 fue llamado por el Dr. Unruh para continuar su labor en Estados Unidos. Para realizar tal tarea y en reconocimiento a su trayectoria profesional, el gobierno de aquel pa\u00eds le ha concedido el visado 01, otorgado a personas con \u201chabilidades extraordinarias\u201d. Desde mayo de 2017 Nacho ha trasladado esta consulta a Pachuca, en el estado de Hidalgo, en M\u00e9xico, y de ese modo trabaja junto con Iliana Guevara Rivera, con quien comparte una trayectoria profesional desde noviembre de 1992. Nacho Calder\u00f3n atiende por tanto a pacientes en M\u00e9xico a lo largo de tres meses al a\u00f1o \u2013 febrero, junio y octubre -, dedicando ocho meses a la atenci\u00f3n de pacientes en Espa\u00f1a. Licenciado en Psicolog\u00eda, comenz\u00f3 su labor profesional en los Institutos para el Logro del Potencial Humano en Filadelfia, junto con Glenn, Janet y Douglas Doman, donde estuvo durante dos a\u00f1os completos. Durante este periodo atendi\u00f3 a familias en Filadelfia, Fauglia (Italia) y Tokio (Jap\u00f3n). A su regreso a Espa\u00f1a en 1995, fue co-fundador de la asociaci\u00f3n Institutos Fay para la Estimulaci\u00f3n Multisensorial. Nacho trajo el primer Audiokinetron (para el tratamiento B\u00e8rard) que hubo en nuestro pa\u00eds. En 1997 comenz\u00f3 su formaci\u00f3n como evaluador con el m\u00e9todo IRLEN, tras su paso por el IRLEN Center de Helen Irlen en California, se convirti\u00f3 en 1999 en el responsable de dicho m\u00e9todo en la pen\u00ednsula. En el curso de 1997-98, complet\u00f3 su formaci\u00f3n en reflejos primitivos de la mano de Peter Blythe y Sally Goddar. M\u00e1s tarde continuar\u00eda su formaci\u00f3n junto con Kjelt Johansen, Harald Blomberg y Beatriz y Sonia Padovan. Ha sido instructor KUMON durante m\u00e1s de 10 a\u00f1os y ha dado conferencias en B\u00e9lgica, Italia, Alemania y Reino Unido. Nacho ha sido profesor en el Master de dise\u00f1o infantil en espacio y producto del Instituto Europeo de dise\u00f1o y en la actualidad compagina toda su labor cl\u00ednica con la formaci\u00f3n en el Master para la formaci\u00f3n del profesorado de la Universidad Rey Juan Carlos.","sameAs":["https:\/\/inpa.info\/"],"url":"https:\/\/exaudi.org\/es\/author\/nacho-calderon-castro\/"}]}},"jetpack_featured_media_url":"https:\/\/exaudi.org\/wp-content\/uploads\/2024\/10\/pexels-mikhail-nilov-9207539-scaled.jpg","jetpack_shortlink":"https:\/\/wp.me\/pgKjF2-sG0","_links":{"self":[{"href":"https:\/\/exaudi.org\/es\/wp-json\/wp\/v2\/posts\/110236","targetHints":{"allow":["GET"]}}],"collection":[{"href":"https:\/\/exaudi.org\/es\/wp-json\/wp\/v2\/posts"}],"about":[{"href":"https:\/\/exaudi.org\/es\/wp-json\/wp\/v2\/types\/post"}],"author":[{"embeddable":true,"href":"https:\/\/exaudi.org\/es\/wp-json\/wp\/v2\/users\/113"}],"replies":[{"embeddable":true,"href":"https:\/\/exaudi.org\/es\/wp-json\/wp\/v2\/comments?post=110236"}],"version-history":[{"count":0,"href":"https:\/\/exaudi.org\/es\/wp-json\/wp\/v2\/posts\/110236\/revisions"}],"wp:featuredmedia":[{"embeddable":true,"href":"https:\/\/exaudi.org\/es\/wp-json\/wp\/v2\/media\/110237"}],"wp:attachment":[{"href":"https:\/\/exaudi.org\/es\/wp-json\/wp\/v2\/media?parent=110236"}],"wp:term":[{"taxonomy":"category","embeddable":true,"href":"https:\/\/exaudi.org\/es\/wp-json\/wp\/v2\/categories?post=110236"},{"taxonomy":"post_tag","embeddable":true,"href":"https:\/\/exaudi.org\/es\/wp-json\/wp\/v2\/tags?post=110236"}],"curies":[{"name":"wp","href":"https:\/\/api.w.org\/{rel}","templated":true}]}}