{"id":110101,"date":"2024-10-06T10:49:14","date_gmt":"2024-10-06T08:49:14","guid":{"rendered":"https:\/\/exaudi.org\/?p=110101"},"modified":"2024-10-06T10:54:38","modified_gmt":"2024-10-06T08:54:38","slug":"el-papa-francisco-elogia-a-los-gendarmes-angeles-que-nunca-nos-dejan-solos","status":"publish","type":"post","link":"https:\/\/exaudi.org\/es\/el-papa-francisco-elogia-a-los-gendarmes-angeles-que-nunca-nos-dejan-solos\/","title":{"rendered":"El Papa Francisco elogia a los gendarmes: \u00ab\u00c1ngeles que nunca nos dejan solos\u00bb"},"content":{"rendered":"<p>El Papa Francisco celebr\u00f3 una misa en honor a San Miguel Arc\u00e1ngel, patr\u00f3n del Cuerpo de la Gendarmer\u00eda Vaticana, el pasado 5 de octubre en la Bas\u00edlica de San Pedro. Durante su homil\u00eda, el Santo Padre resalt\u00f3 el papel crucial de los gendarmes, compar\u00e1ndolos con \u00e1ngeles que protegen y sirven a la comunidad.<\/p>\n<h3><strong>Un llamamiento a la ternura<\/strong><\/h3>\n<p>\u00abRuego a Dios que les conceda siempre la gracia de ser reflejo de su ternura\u00bb, expres\u00f3 Francisco. Este fue uno de los mensajes principales del Papa durante la misa, donde agradeci\u00f3 profundamente la labor de los gendarmes y pidi\u00f3 perd\u00f3n a sus familias por las ausencias necesarias debido al servicio.<\/p>\n<h3><img loading=\"lazy\" decoding=\"async\" class=\"alignleft size-full wp-image-110102\" src=\"https:\/\/exaudi.org\/wp-content\/uploads\/2024\/10\/Snapinsta.app_462098592_392901717211424_3895890328100355992_n_1080.jpg\" alt=\"\" width=\"720\" height=\"720\" srcset=\"https:\/\/exaudi.org\/wp-content\/uploads\/2024\/10\/Snapinsta.app_462098592_392901717211424_3895890328100355992_n_1080.jpg 720w, https:\/\/exaudi.org\/wp-content\/uploads\/2024\/10\/Snapinsta.app_462098592_392901717211424_3895890328100355992_n_1080-300x300.jpg 300w, https:\/\/exaudi.org\/wp-content\/uploads\/2024\/10\/Snapinsta.app_462098592_392901717211424_3895890328100355992_n_1080-100x100.jpg?crop=1 100w, https:\/\/exaudi.org\/wp-content\/uploads\/2024\/10\/Snapinsta.app_462098592_392901717211424_3895890328100355992_n_1080-500x500.jpg 500w, https:\/\/exaudi.org\/wp-content\/uploads\/2024\/10\/Snapinsta.app_462098592_392901717211424_3895890328100355992_n_1080-293x293.jpg 293w, https:\/\/exaudi.org\/wp-content\/uploads\/2024\/10\/Snapinsta.app_462098592_392901717211424_3895890328100355992_n_1080-390x390.jpg 390w, https:\/\/exaudi.org\/wp-content\/uploads\/2024\/10\/Snapinsta.app_462098592_392901717211424_3895890328100355992_n_1080-585x585.jpg 585w\" sizes=\"auto, (max-width: 720px) 100vw, 720px\" \/><\/h3>\n<h3><strong>La lucha contra el mal<\/strong><\/h3>\n<p>El Papa Francisco subray\u00f3 la importancia de la lucha constante contra el mal, una realidad que todos enfrentamos diariamente. Sin embargo, record\u00f3 que no estamos solos en esta batalla, ya que los \u00e1ngeles, especialmente San Miguel Arc\u00e1ngel, tienen la tarea de defendernos del mal. \u00abEl diablo siempre intenta destruir al hombre presentando las cosas como si fueran buenas, pero su intenci\u00f3n es destructiva\u00bb, advirti\u00f3 el Papa.<\/p>\n<h3><strong>Un servicio invaluable<\/strong><\/h3>\n<p>La Gendarmer\u00eda Vaticana desempe\u00f1a un papel fundamental en la acogida de peregrinos y en la protecci\u00f3n de las \u00e1reas extraterritoriales del Vaticano. \u00abA menudo, ustedes son el primer y \u00fanico rostro que los visitantes encuentran\u00bb, se\u00f1al\u00f3 Francisco, destacando la importancia de su trabajo como una representaci\u00f3n tangible de la ternura y protecci\u00f3n de Dios.<\/p>\n<h3><strong>Agradecimiento a las familias<\/strong><\/h3>\n<p>El Papa tambi\u00e9n dedic\u00f3 palabras de gratitud a las familias de los gendarmes, reconociendo el sacrificio que implica su paciencia y comprensi\u00f3n. \u00abS\u00e9 que no es f\u00e1cil y por eso encomiendo a sus familias y a todos sus seres queridos a la protecci\u00f3n de la Virgen, Reina de las Familias, y a San Miguel Arc\u00e1ngel\u00bb, dijo Francisco.<\/p>\n<h3><img loading=\"lazy\" decoding=\"async\" class=\"size-full wp-image-110105 alignright\" src=\"https:\/\/exaudi.org\/wp-content\/uploads\/2024\/10\/Snapinsta.app_462156509_1068127514716011_5182732813870180334_n_1080.jpg\" alt=\"\" width=\"720\" height=\"720\" srcset=\"https:\/\/exaudi.org\/wp-content\/uploads\/2024\/10\/Snapinsta.app_462156509_1068127514716011_5182732813870180334_n_1080.jpg 720w, https:\/\/exaudi.org\/wp-content\/uploads\/2024\/10\/Snapinsta.app_462156509_1068127514716011_5182732813870180334_n_1080-300x300.jpg 300w, https:\/\/exaudi.org\/wp-content\/uploads\/2024\/10\/Snapinsta.app_462156509_1068127514716011_5182732813870180334_n_1080-100x100.jpg?crop=1 100w, https:\/\/exaudi.org\/wp-content\/uploads\/2024\/10\/Snapinsta.app_462156509_1068127514716011_5182732813870180334_n_1080-500x500.jpg 500w, https:\/\/exaudi.org\/wp-content\/uploads\/2024\/10\/Snapinsta.app_462156509_1068127514716011_5182732813870180334_n_1080-293x293.jpg 293w, https:\/\/exaudi.org\/wp-content\/uploads\/2024\/10\/Snapinsta.app_462156509_1068127514716011_5182732813870180334_n_1080-390x390.jpg 390w, https:\/\/exaudi.org\/wp-content\/uploads\/2024\/10\/Snapinsta.app_462156509_1068127514716011_5182732813870180334_n_1080-585x585.jpg 585w\" sizes=\"auto, (max-width: 720px) 100vw, 720px\" \/><\/h3>\n<h3><strong>Unidad por encima del conflicto<\/strong><\/h3>\n<p>En su homil\u00eda, el Santo Padre tambi\u00e9n reflexion\u00f3 sobre la importancia de la unidad, instando a los presentes a buscar siempre la armon\u00eda por encima de cualquier conflicto. \u00abLa unidad es superior al conflicto, siempre\u00bb, afirm\u00f3.<\/p>\n<p>El Papa concluy\u00f3 su discurso con una oraci\u00f3n para que el Se\u00f1or conceda a la Gendarmer\u00eda Vaticana \u00absabidur\u00eda y paciencia\u00bb y les permita mantener su sentido del humor en su noble misi\u00f3n.<\/p>\n<h3><strong>Nota adicional<\/strong><\/h3>\n<p>Este evento subraya la dedicaci\u00f3n del Papa Francisco hacia aquellos que, a menudo de manera silenciosa y constante, protegen y sirven a la Iglesia y a sus fieles. La celebraci\u00f3n no solo honr\u00f3 a los gendarmes, sino que tambi\u00e9n reforz\u00f3 la importancia de la unidad y la ternura en la vida cristiana.<\/p>\n","protected":false},"excerpt":{"rendered":"<p>El Papa Francisco celebr\u00f3 una misa en honor a San Miguel Arc\u00e1ngel, patr\u00f3n del Cuerpo de la Gendarmer\u00eda Vaticana, el pasado 5 de octubre en la Bas\u00edlica de San Pedro. Durante su homil\u00eda, el Santo Padre resalt\u00f3 el papel crucial de los gendarmes, compar\u00e1ndolos con \u00e1ngeles que protegen y sirven a la comunidad. Un llamamiento [&hellip;]<\/p>\n","protected":false},"author":15,"featured_media":110120,"comment_status":"closed","ping_status":"closed","sticky":false,"template":"","format":"standard","meta":{"_acf_changed":false,"_crdt_document":"","inline_featured_image":false,"footnotes":""},"categories":[68,132],"tags":[26997,3866,17713,20343,26995,9209,26990,26989,173,26993,177,158,9214,26994,26991,26996,26992,4953,2783,19540,272,26998],"class_list":["post-110101","post","type-post","status-publish","format-standard","has-post-thumbnail","hentry","category-leon-xiv","category-vaticano-es","tag-angeles-guardianes","tag-basilica-de-san-pedro-es","tag-ciudad-del-vaticano","tag-espiritualidad-catolica","tag-familias-de-gendarmes","tag-gendarmeria-2","tag-gendarmeria-vaticana-2","tag-gendarmes","tag-homilia","tag-lucha-contra-el-mal","tag-misa","tag-papa-francisco","tag-peregrinos","tag-proteccion","tag-san-miguel-arcangel","tag-servicio-a-la-iglesia","tag-ternura-de-dios","tag-trending-es","tag-unidad","tag-valores-cristianos","tag-vaticano-es","tag-virgen-reina-de-las-familias"],"acf":[],"yoast_head":"<!-- This site is optimized with the Yoast SEO plugin v27.5 - https:\/\/yoast.com\/product\/yoast-seo-wordpress\/ -->\n<title>El Papa Francisco elogia a los gendarmes: &quot;\u00c1ngeles que nunca nos dejan solos&quot; &#8211; Exaudi<\/title>\n<meta name=\"robots\" content=\"index, follow, max-snippet:-1, max-image-preview:large, max-video-preview:-1\" \/>\n<link rel=\"canonical\" href=\"https:\/\/exaudi.org\/es\/el-papa-francisco-elogia-a-los-gendarmes-angeles-que-nunca-nos-dejan-solos\/\" \/>\n<meta property=\"og:locale\" content=\"es_ES\" \/>\n<meta property=\"og:type\" content=\"article\" \/>\n<meta property=\"og:title\" content=\"El Papa Francisco elogia a los gendarmes: &quot;\u00c1ngeles que nunca nos dejan solos&quot; &#8211; Exaudi\" \/>\n<meta property=\"og:description\" content=\"El Papa Francisco celebr\u00f3 una misa en honor a San Miguel Arc\u00e1ngel, patr\u00f3n del Cuerpo de la Gendarmer\u00eda Vaticana, el pasado 5 de octubre en la Bas\u00edlica de San Pedro. Durante su homil\u00eda, el Santo Padre resalt\u00f3 el papel crucial de los gendarmes, compar\u00e1ndolos con \u00e1ngeles que protegen y sirven a la comunidad. Un llamamiento [&hellip;]\" \/>\n<meta property=\"og:url\" content=\"https:\/\/exaudi.org\/es\/el-papa-francisco-elogia-a-los-gendarmes-angeles-que-nunca-nos-dejan-solos\/\" \/>\n<meta property=\"og:site_name\" content=\"Exaudi\" \/>\n<meta property=\"article:publisher\" content=\"https:\/\/www.facebook.com\/ExaudiNews\" \/>\n<meta property=\"article:author\" content=\"https:\/\/www.facebook.com\/ExaudiNoticias\/\" \/>\n<meta property=\"article:published_time\" content=\"2024-10-06T08:49:14+00:00\" \/>\n<meta property=\"article:modified_time\" content=\"2024-10-06T08:54:38+00:00\" \/>\n<meta property=\"og:image\" content=\"https:\/\/exaudi.org\/wp-content\/uploads\/2024\/10\/Snapinsta.app_462172668_537819752178468_1206760979169280936_n_1080.jpg\" \/>\n\t<meta property=\"og:image:width\" content=\"720\" \/>\n\t<meta property=\"og:image:height\" content=\"720\" \/>\n\t<meta property=\"og:image:type\" content=\"image\/jpeg\" \/>\n<meta name=\"author\" content=\"Exaudi Redacci\u00f3n\" \/>\n<meta name=\"twitter:card\" content=\"summary_large_image\" \/>\n<meta name=\"twitter:creator\" content=\"@Exaudi_noticias\" \/>\n<meta name=\"twitter:site\" content=\"@Exaudi_News\" \/>\n<meta name=\"twitter:label1\" content=\"Escrito por\" \/>\n\t<meta name=\"twitter:data1\" content=\"Exaudi Redacci\u00f3n\" \/>\n\t<meta name=\"twitter:label2\" content=\"Tiempo de lectura\" \/>\n\t<meta name=\"twitter:data2\" content=\"2 minutos\" \/>\n<script type=\"application\/ld+json\" class=\"yoast-schema-graph\">{\"@context\":\"https:\\\/\\\/schema.org\",\"@graph\":[{\"@type\":\"Article\",\"@id\":\"https:\\\/\\\/exaudi.org\\\/es\\\/el-papa-francisco-elogia-a-los-gendarmes-angeles-que-nunca-nos-dejan-solos\\\/#article\",\"isPartOf\":{\"@id\":\"https:\\\/\\\/exaudi.org\\\/es\\\/el-papa-francisco-elogia-a-los-gendarmes-angeles-que-nunca-nos-dejan-solos\\\/\"},\"author\":{\"name\":\"Exaudi Redacci\u00f3n\",\"@id\":\"https:\\\/\\\/exaudi.org\\\/#\\\/schema\\\/person\\\/f5fc8f063065e38742da7afe15f25df7\"},\"headline\":\"El Papa Francisco elogia a los gendarmes: \u00ab\u00c1ngeles que nunca nos dejan solos\u00bb\",\"datePublished\":\"2024-10-06T08:49:14+00:00\",\"dateModified\":\"2024-10-06T08:54:38+00:00\",\"mainEntityOfPage\":{\"@id\":\"https:\\\/\\\/exaudi.org\\\/es\\\/el-papa-francisco-elogia-a-los-gendarmes-angeles-que-nunca-nos-dejan-solos\\\/\"},\"wordCount\":467,\"image\":{\"@id\":\"https:\\\/\\\/exaudi.org\\\/es\\\/el-papa-francisco-elogia-a-los-gendarmes-angeles-que-nunca-nos-dejan-solos\\\/#primaryimage\"},\"thumbnailUrl\":\"https:\\\/\\\/exaudi.org\\\/wp-content\\\/uploads\\\/2024\\\/10\\\/Snapinsta.app_462172668_537819752178468_1206760979169280936_n_1080.jpg\",\"keywords\":[\"\u00e1ngeles guardianes\",\"Bas\u00edlica de San Pedro\",\"Ciudad del Vaticano\",\"espiritualidad cat\u00f3lica\",\"familias de gendarmes\",\"Gendarmer\u00eda\",\"Gendarmer\u00eda Vaticana\",\"gendarmes\",\"homil\u00eda\",\"lucha contra el mal\",\"misa\",\"papa francisco\",\"Peregrinos\",\"protecci\u00f3n\",\"San Miguel Arc\u00e1ngel\",\"servicio a la Iglesia\",\"ternura de Dios\",\"Trending\",\"Unidad\",\"valores cristianos\",\"Vaticano\",\"Virgen Reina de las Familias\"],\"articleSection\":[\"Le\u00f3n XIV\",\"Vaticano\"],\"inLanguage\":\"es\"},{\"@type\":\"WebPage\",\"@id\":\"https:\\\/\\\/exaudi.org\\\/es\\\/el-papa-francisco-elogia-a-los-gendarmes-angeles-que-nunca-nos-dejan-solos\\\/\",\"url\":\"https:\\\/\\\/exaudi.org\\\/es\\\/el-papa-francisco-elogia-a-los-gendarmes-angeles-que-nunca-nos-dejan-solos\\\/\",\"name\":\"El Papa Francisco elogia a los gendarmes: \\\"\u00c1ngeles que nunca nos dejan solos\\\" &#8211; Exaudi\",\"isPartOf\":{\"@id\":\"https:\\\/\\\/exaudi.org\\\/#website\"},\"primaryImageOfPage\":{\"@id\":\"https:\\\/\\\/exaudi.org\\\/es\\\/el-papa-francisco-elogia-a-los-gendarmes-angeles-que-nunca-nos-dejan-solos\\\/#primaryimage\"},\"image\":{\"@id\":\"https:\\\/\\\/exaudi.org\\\/es\\\/el-papa-francisco-elogia-a-los-gendarmes-angeles-que-nunca-nos-dejan-solos\\\/#primaryimage\"},\"thumbnailUrl\":\"https:\\\/\\\/exaudi.org\\\/wp-content\\\/uploads\\\/2024\\\/10\\\/Snapinsta.app_462172668_537819752178468_1206760979169280936_n_1080.jpg\",\"datePublished\":\"2024-10-06T08:49:14+00:00\",\"dateModified\":\"2024-10-06T08:54:38+00:00\",\"author\":{\"@id\":\"https:\\\/\\\/exaudi.org\\\/#\\\/schema\\\/person\\\/f5fc8f063065e38742da7afe15f25df7\"},\"breadcrumb\":{\"@id\":\"https:\\\/\\\/exaudi.org\\\/es\\\/el-papa-francisco-elogia-a-los-gendarmes-angeles-que-nunca-nos-dejan-solos\\\/#breadcrumb\"},\"inLanguage\":\"es\",\"potentialAction\":[{\"@type\":\"ReadAction\",\"target\":[\"https:\\\/\\\/exaudi.org\\\/es\\\/el-papa-francisco-elogia-a-los-gendarmes-angeles-que-nunca-nos-dejan-solos\\\/\"]}]},{\"@type\":\"ImageObject\",\"inLanguage\":\"es\",\"@id\":\"https:\\\/\\\/exaudi.org\\\/es\\\/el-papa-francisco-elogia-a-los-gendarmes-angeles-que-nunca-nos-dejan-solos\\\/#primaryimage\",\"url\":\"https:\\\/\\\/exaudi.org\\\/wp-content\\\/uploads\\\/2024\\\/10\\\/Snapinsta.app_462172668_537819752178468_1206760979169280936_n_1080.jpg\",\"contentUrl\":\"https:\\\/\\\/exaudi.org\\\/wp-content\\\/uploads\\\/2024\\\/10\\\/Snapinsta.app_462172668_537819752178468_1206760979169280936_n_1080.jpg\",\"width\":720,\"height\":720},{\"@type\":\"BreadcrumbList\",\"@id\":\"https:\\\/\\\/exaudi.org\\\/es\\\/el-papa-francisco-elogia-a-los-gendarmes-angeles-que-nunca-nos-dejan-solos\\\/#breadcrumb\",\"itemListElement\":[{\"@type\":\"ListItem\",\"position\":1,\"name\":\"Portada\",\"item\":\"https:\\\/\\\/exaudi.org\\\/es\\\/\"},{\"@type\":\"ListItem\",\"position\":2,\"name\":\"El Papa Francisco elogia a los gendarmes: \u00ab\u00c1ngeles que nunca nos dejan solos\u00bb\"}]},{\"@type\":\"WebSite\",\"@id\":\"https:\\\/\\\/exaudi.org\\\/#website\",\"url\":\"https:\\\/\\\/exaudi.org\\\/\",\"name\":\"Exaudi\",\"description\":\"News\",\"potentialAction\":[{\"@type\":\"SearchAction\",\"target\":{\"@type\":\"EntryPoint\",\"urlTemplate\":\"https:\\\/\\\/exaudi.org\\\/?s={search_term_string}\"},\"query-input\":{\"@type\":\"PropertyValueSpecification\",\"valueRequired\":true,\"valueName\":\"search_term_string\"}}],\"inLanguage\":\"es\"},{\"@type\":\"Person\",\"@id\":\"https:\\\/\\\/exaudi.org\\\/#\\\/schema\\\/person\\\/f5fc8f063065e38742da7afe15f25df7\",\"name\":\"Exaudi Redacci\u00f3n\",\"image\":{\"@type\":\"ImageObject\",\"inLanguage\":\"es\",\"@id\":\"https:\\\/\\\/secure.gravatar.com\\\/avatar\\\/fe0f6a059fb68d9b3e11bc5850dd4899b1c7492091a3cb6dd9b01b56ad828be2?s=96&d=mm&r=g\",\"url\":\"https:\\\/\\\/secure.gravatar.com\\\/avatar\\\/fe0f6a059fb68d9b3e11bc5850dd4899b1c7492091a3cb6dd9b01b56ad828be2?s=96&d=mm&r=g\",\"contentUrl\":\"https:\\\/\\\/secure.gravatar.com\\\/avatar\\\/fe0f6a059fb68d9b3e11bc5850dd4899b1c7492091a3cb6dd9b01b56ad828be2?s=96&d=mm&r=g\",\"caption\":\"Exaudi Redacci\u00f3n\"},\"description\":\"\u00bfQu\u00e9 es Exaudi News? Exaudi News es un medio de comunicaci\u00f3n cat\u00f3lico internacional que informa, forma y transforma, diariamente en espa\u00f1ol, ingl\u00e9s e italiano. A trav\u00e9s de noticias, art\u00edculos de an\u00e1lisis y transmisiones en directo de los eventos del Papa, Exaudi busca fortalecer la unidad de los cristianos y contribuir a la evangelizaci\u00f3n del mundo, siempre guiados por la doctrina social de la Iglesia. Trabajamos para acercar la verdad y los valores cristianos a cada rinc\u00f3n del planeta. \u00a1Ay\u00fadanos a transformar el mundo con Exaudi! En Exaudi creemos que la evangelizaci\u00f3n y la informaci\u00f3n de calidad pueden cambiar vidas. Para continuar con nuestra misi\u00f3n y expandir nuestro alcance, necesitamos tu ayuda. Adem\u00e1s, buscamos personas comprometidas que deseen unirse a nuestro equipo. Con tu apoyo, lograremos llegar a m\u00e1s personas, difundir el mensaje de Cristo y reforzar la unidad de los cristianos. \u00bfTe unes a nuestra misi\u00f3n? Para m\u00e1s informaci\u00f3n sobre c\u00f3mo colaborar, visita Exaudi.org\\\/es o cont\u00e1ctanos directamente: info@exaudi.org Exaudi: Informa, forma y transforma.\",\"sameAs\":[\"https:\\\/\\\/www.facebook.com\\\/ExaudiNoticias\\\/\",\"https:\\\/\\\/www.instagram.com\\\/exaudi_noticias\\\/\",\"https:\\\/\\\/x.com\\\/Exaudi_noticias\",\"https:\\\/\\\/www.youtube.com\\\/@exaudicatholicnews\"],\"url\":\"https:\\\/\\\/exaudi.org\\\/es\\\/author\\\/redaccionexaudi\\\/\"}]}<\/script>\n<!-- \/ Yoast SEO plugin. -->","yoast_head_json":{"title":"El Papa Francisco elogia a los gendarmes: \"\u00c1ngeles que nunca nos dejan solos\" &#8211; Exaudi","robots":{"index":"index","follow":"follow","max-snippet":"max-snippet:-1","max-image-preview":"max-image-preview:large","max-video-preview":"max-video-preview:-1"},"canonical":"https:\/\/exaudi.org\/es\/el-papa-francisco-elogia-a-los-gendarmes-angeles-que-nunca-nos-dejan-solos\/","og_locale":"es_ES","og_type":"article","og_title":"El Papa Francisco elogia a los gendarmes: \"\u00c1ngeles que nunca nos dejan solos\" &#8211; Exaudi","og_description":"El Papa Francisco celebr\u00f3 una misa en honor a San Miguel Arc\u00e1ngel, patr\u00f3n del Cuerpo de la Gendarmer\u00eda Vaticana, el pasado 5 de octubre en la Bas\u00edlica de San Pedro. Durante su homil\u00eda, el Santo Padre resalt\u00f3 el papel crucial de los gendarmes, compar\u00e1ndolos con \u00e1ngeles que protegen y sirven a la comunidad. Un llamamiento [&hellip;]","og_url":"https:\/\/exaudi.org\/es\/el-papa-francisco-elogia-a-los-gendarmes-angeles-que-nunca-nos-dejan-solos\/","og_site_name":"Exaudi","article_publisher":"https:\/\/www.facebook.com\/ExaudiNews","article_author":"https:\/\/www.facebook.com\/ExaudiNoticias\/","article_published_time":"2024-10-06T08:49:14+00:00","article_modified_time":"2024-10-06T08:54:38+00:00","og_image":[{"width":720,"height":720,"url":"https:\/\/exaudi.org\/wp-content\/uploads\/2024\/10\/Snapinsta.app_462172668_537819752178468_1206760979169280936_n_1080.jpg","type":"image\/jpeg"}],"author":"Exaudi Redacci\u00f3n","twitter_card":"summary_large_image","twitter_creator":"@Exaudi_noticias","twitter_site":"@Exaudi_News","twitter_misc":{"Escrito por":"Exaudi Redacci\u00f3n","Tiempo de lectura":"2 minutos"},"schema":{"@context":"https:\/\/schema.org","@graph":[{"@type":"Article","@id":"https:\/\/exaudi.org\/es\/el-papa-francisco-elogia-a-los-gendarmes-angeles-que-nunca-nos-dejan-solos\/#article","isPartOf":{"@id":"https:\/\/exaudi.org\/es\/el-papa-francisco-elogia-a-los-gendarmes-angeles-que-nunca-nos-dejan-solos\/"},"author":{"name":"Exaudi Redacci\u00f3n","@id":"https:\/\/exaudi.org\/#\/schema\/person\/f5fc8f063065e38742da7afe15f25df7"},"headline":"El Papa Francisco elogia a los gendarmes: \u00ab\u00c1ngeles que nunca nos dejan solos\u00bb","datePublished":"2024-10-06T08:49:14+00:00","dateModified":"2024-10-06T08:54:38+00:00","mainEntityOfPage":{"@id":"https:\/\/exaudi.org\/es\/el-papa-francisco-elogia-a-los-gendarmes-angeles-que-nunca-nos-dejan-solos\/"},"wordCount":467,"image":{"@id":"https:\/\/exaudi.org\/es\/el-papa-francisco-elogia-a-los-gendarmes-angeles-que-nunca-nos-dejan-solos\/#primaryimage"},"thumbnailUrl":"https:\/\/exaudi.org\/wp-content\/uploads\/2024\/10\/Snapinsta.app_462172668_537819752178468_1206760979169280936_n_1080.jpg","keywords":["\u00e1ngeles guardianes","Bas\u00edlica de San Pedro","Ciudad del Vaticano","espiritualidad cat\u00f3lica","familias de gendarmes","Gendarmer\u00eda","Gendarmer\u00eda Vaticana","gendarmes","homil\u00eda","lucha contra el mal","misa","papa francisco","Peregrinos","protecci\u00f3n","San Miguel Arc\u00e1ngel","servicio a la Iglesia","ternura de Dios","Trending","Unidad","valores cristianos","Vaticano","Virgen Reina de las Familias"],"articleSection":["Le\u00f3n XIV","Vaticano"],"inLanguage":"es"},{"@type":"WebPage","@id":"https:\/\/exaudi.org\/es\/el-papa-francisco-elogia-a-los-gendarmes-angeles-que-nunca-nos-dejan-solos\/","url":"https:\/\/exaudi.org\/es\/el-papa-francisco-elogia-a-los-gendarmes-angeles-que-nunca-nos-dejan-solos\/","name":"El Papa Francisco elogia a los gendarmes: \"\u00c1ngeles que nunca nos dejan solos\" &#8211; Exaudi","isPartOf":{"@id":"https:\/\/exaudi.org\/#website"},"primaryImageOfPage":{"@id":"https:\/\/exaudi.org\/es\/el-papa-francisco-elogia-a-los-gendarmes-angeles-que-nunca-nos-dejan-solos\/#primaryimage"},"image":{"@id":"https:\/\/exaudi.org\/es\/el-papa-francisco-elogia-a-los-gendarmes-angeles-que-nunca-nos-dejan-solos\/#primaryimage"},"thumbnailUrl":"https:\/\/exaudi.org\/wp-content\/uploads\/2024\/10\/Snapinsta.app_462172668_537819752178468_1206760979169280936_n_1080.jpg","datePublished":"2024-10-06T08:49:14+00:00","dateModified":"2024-10-06T08:54:38+00:00","author":{"@id":"https:\/\/exaudi.org\/#\/schema\/person\/f5fc8f063065e38742da7afe15f25df7"},"breadcrumb":{"@id":"https:\/\/exaudi.org\/es\/el-papa-francisco-elogia-a-los-gendarmes-angeles-que-nunca-nos-dejan-solos\/#breadcrumb"},"inLanguage":"es","potentialAction":[{"@type":"ReadAction","target":["https:\/\/exaudi.org\/es\/el-papa-francisco-elogia-a-los-gendarmes-angeles-que-nunca-nos-dejan-solos\/"]}]},{"@type":"ImageObject","inLanguage":"es","@id":"https:\/\/exaudi.org\/es\/el-papa-francisco-elogia-a-los-gendarmes-angeles-que-nunca-nos-dejan-solos\/#primaryimage","url":"https:\/\/exaudi.org\/wp-content\/uploads\/2024\/10\/Snapinsta.app_462172668_537819752178468_1206760979169280936_n_1080.jpg","contentUrl":"https:\/\/exaudi.org\/wp-content\/uploads\/2024\/10\/Snapinsta.app_462172668_537819752178468_1206760979169280936_n_1080.jpg","width":720,"height":720},{"@type":"BreadcrumbList","@id":"https:\/\/exaudi.org\/es\/el-papa-francisco-elogia-a-los-gendarmes-angeles-que-nunca-nos-dejan-solos\/#breadcrumb","itemListElement":[{"@type":"ListItem","position":1,"name":"Portada","item":"https:\/\/exaudi.org\/es\/"},{"@type":"ListItem","position":2,"name":"El Papa Francisco elogia a los gendarmes: \u00ab\u00c1ngeles que nunca nos dejan solos\u00bb"}]},{"@type":"WebSite","@id":"https:\/\/exaudi.org\/#website","url":"https:\/\/exaudi.org\/","name":"Exaudi","description":"News","potentialAction":[{"@type":"SearchAction","target":{"@type":"EntryPoint","urlTemplate":"https:\/\/exaudi.org\/?s={search_term_string}"},"query-input":{"@type":"PropertyValueSpecification","valueRequired":true,"valueName":"search_term_string"}}],"inLanguage":"es"},{"@type":"Person","@id":"https:\/\/exaudi.org\/#\/schema\/person\/f5fc8f063065e38742da7afe15f25df7","name":"Exaudi Redacci\u00f3n","image":{"@type":"ImageObject","inLanguage":"es","@id":"https:\/\/secure.gravatar.com\/avatar\/fe0f6a059fb68d9b3e11bc5850dd4899b1c7492091a3cb6dd9b01b56ad828be2?s=96&d=mm&r=g","url":"https:\/\/secure.gravatar.com\/avatar\/fe0f6a059fb68d9b3e11bc5850dd4899b1c7492091a3cb6dd9b01b56ad828be2?s=96&d=mm&r=g","contentUrl":"https:\/\/secure.gravatar.com\/avatar\/fe0f6a059fb68d9b3e11bc5850dd4899b1c7492091a3cb6dd9b01b56ad828be2?s=96&d=mm&r=g","caption":"Exaudi Redacci\u00f3n"},"description":"\u00bfQu\u00e9 es Exaudi News? Exaudi News es un medio de comunicaci\u00f3n cat\u00f3lico internacional que informa, forma y transforma, diariamente en espa\u00f1ol, ingl\u00e9s e italiano. A trav\u00e9s de noticias, art\u00edculos de an\u00e1lisis y transmisiones en directo de los eventos del Papa, Exaudi busca fortalecer la unidad de los cristianos y contribuir a la evangelizaci\u00f3n del mundo, siempre guiados por la doctrina social de la Iglesia. Trabajamos para acercar la verdad y los valores cristianos a cada rinc\u00f3n del planeta. \u00a1Ay\u00fadanos a transformar el mundo con Exaudi! En Exaudi creemos que la evangelizaci\u00f3n y la informaci\u00f3n de calidad pueden cambiar vidas. Para continuar con nuestra misi\u00f3n y expandir nuestro alcance, necesitamos tu ayuda. Adem\u00e1s, buscamos personas comprometidas que deseen unirse a nuestro equipo. Con tu apoyo, lograremos llegar a m\u00e1s personas, difundir el mensaje de Cristo y reforzar la unidad de los cristianos. \u00bfTe unes a nuestra misi\u00f3n? Para m\u00e1s informaci\u00f3n sobre c\u00f3mo colaborar, visita Exaudi.org\/es o cont\u00e1ctanos directamente: info@exaudi.org Exaudi: Informa, forma y transforma.","sameAs":["https:\/\/www.facebook.com\/ExaudiNoticias\/","https:\/\/www.instagram.com\/exaudi_noticias\/","https:\/\/x.com\/Exaudi_noticias","https:\/\/www.youtube.com\/@exaudicatholicnews"],"url":"https:\/\/exaudi.org\/es\/author\/redaccionexaudi\/"}]}},"jetpack_featured_media_url":"https:\/\/exaudi.org\/wp-content\/uploads\/2024\/10\/Snapinsta.app_462172668_537819752178468_1206760979169280936_n_1080.jpg","jetpack_shortlink":"https:\/\/wp.me\/pgKjF2-sDP","_links":{"self":[{"href":"https:\/\/exaudi.org\/es\/wp-json\/wp\/v2\/posts\/110101","targetHints":{"allow":["GET"]}}],"collection":[{"href":"https:\/\/exaudi.org\/es\/wp-json\/wp\/v2\/posts"}],"about":[{"href":"https:\/\/exaudi.org\/es\/wp-json\/wp\/v2\/types\/post"}],"author":[{"embeddable":true,"href":"https:\/\/exaudi.org\/es\/wp-json\/wp\/v2\/users\/15"}],"replies":[{"embeddable":true,"href":"https:\/\/exaudi.org\/es\/wp-json\/wp\/v2\/comments?post=110101"}],"version-history":[{"count":0,"href":"https:\/\/exaudi.org\/es\/wp-json\/wp\/v2\/posts\/110101\/revisions"}],"wp:featuredmedia":[{"embeddable":true,"href":"https:\/\/exaudi.org\/es\/wp-json\/wp\/v2\/media\/110120"}],"wp:attachment":[{"href":"https:\/\/exaudi.org\/es\/wp-json\/wp\/v2\/media?parent=110101"}],"wp:term":[{"taxonomy":"category","embeddable":true,"href":"https:\/\/exaudi.org\/es\/wp-json\/wp\/v2\/categories?post=110101"},{"taxonomy":"post_tag","embeddable":true,"href":"https:\/\/exaudi.org\/es\/wp-json\/wp\/v2\/tags?post=110101"}],"curies":[{"name":"wp","href":"https:\/\/api.w.org\/{rel}","templated":true}]}}