{"id":1101,"date":"2021-01-29T09:00:41","date_gmt":"2021-01-29T08:00:41","guid":{"rendered":"https:\/\/exaudi.org\/?p=1101"},"modified":"2021-10-27T13:38:37","modified_gmt":"2021-10-27T11:38:37","slug":"mensaje-papa-jornada-mundial-misiones-2021","status":"publish","type":"post","link":"https:\/\/exaudi.org\/es\/mensaje-papa-jornada-mundial-misiones-2021\/","title":{"rendered":"Mensaje del Papa por la Jornada  Mundial de las Misiones 2021"},"content":{"rendered":"<p>\u201cNo podemos dejar de hablar de lo que hemos visto y o\u00eddo\u201d, es el lema y t\u00edtulo del mensaje del Papa Francisco Jornada Mundial de las Misiones, difundido el 29 de enero de 2021. Esta jornada misionera, conocida popularmente como DOMUND, se celebra cada a\u00f1o el pen\u00faltimo domingo de octubre.<\/p>\n<p>Al principio del texto, el Santo Padre destaca que \u201ccuando experimentamos la fuerza del amor de Dios, cuando reconocemos su presencia de Padre en nuestra vida personal y comunitaria, no podemos dejar de anunciar y compartir lo que hemos visto y o\u00eddo\u201d.<\/p>\n<p>\u201cLa relaci\u00f3n de Jes\u00fas con sus disc\u00edpulos, su humanidad que se nos revela en el misterio de la encarnaci\u00f3n, en su Evangelio y en su Pascua nos hacen ver hasta qu\u00e9 punto Dios ama nuestra humanidad y hace suyos nuestros gozos y sufrimientos, nuestros deseos y nuestras angustias\u201d, a\u00f1ade.<\/p>\n<p>Para Francisco, \u201ctodo en Cristo nos recuerda que el mundo en el que vivimos y su necesidad de redenci\u00f3n no le es ajena y nos convoca tambi\u00e9n a sentirnos parte activa de esta misi\u00f3n\u201d. Nadie \u201ces ajeno, nadie puede sentirse extra\u00f1o o lejano a este amor de compasi\u00f3n\u201d.<\/p>\n<h4><strong>Amistad con el Se\u00f1or<\/strong><\/h4>\n<p>El Papa sostiene que \u201cla historia de la evangelizaci\u00f3n comienza con una b\u00fasqueda apasionada del Se\u00f1or que llama y quiere entablar con cada persona, all\u00ed donde se encuentra, un di\u00e1logo de amistad\u201d y los ap\u00f3stoles son los primeros \u201cen dar cuenta de eso\u201d.<\/p>\n<p>\u201cLa amistad con el Se\u00f1or, verlo curar a los enfermos, comer con los pecadores, alimentar a los hambrientos, acercarse a los excluidos, tocar a los impuros, identificarse con los necesitados, invitar a las bienaventuranzas, ense\u00f1ar de una manera nueva y llena de autoridad, deja una huella imborrable\u201d, describe, \u201ces capaz de suscitar el asombro, y una alegr\u00eda expansiva y gratuita que no se puede contener\u201d.<\/p>\n<h4><strong>Frate<\/strong><strong>rnidad y amistad social<\/strong><\/h4>\n<p>Despu\u00e9s, Francisco resalta que con Jes\u00fas \u201chemos visto, o\u00eddo y palpado que las cosas pueden ser diferentes\u201d, \u00c9l inaugur\u00f3 \u201clos tiempos por venir record\u00e1ndonos una caracter\u00edstica esencial de nuestro ser humanos, tantas veces olvidada: \u2018hemos sido hechos para la plenitud que s\u00f3lo se alcanza en el amor\u2019\u201d.<\/p>\n<p>Se trata de \u201ctiempos nuevos\u201d que \u201csuscitan una fe capaz de impulsar iniciativas y forjar comunidades a partir de hombres y mujeres que aprenden a hacerse cargo de la fragilidad propia y la de los dem\u00e1s, promoviendo la fraternidad y la amistad social\u201d.<\/p>\n<p>La comunidad eclesial, apunta, \u201cmuestra su belleza cada vez que recuerda con gratitud que el Se\u00f1or nos am\u00f3 primero\u201d. Esa \u201cpredilecci\u00f3n amorosa\u201d de Dios \u201cnos sorprende y el asombro \u2014por su propia naturaleza\u2014 no podemos poseerlo por nosotros mismos ni imponerlo. [\u2026]\u201d, solo as\u00ed \u201cpuede florecer el milagro de la gratuidad, el don gratuito de s\u00ed (&#8230;)\u201d. Y \u201cponerse en \u2018estado de misi\u00f3n\u2019 es un efecto del agradecimiento\u201d.<\/p>\n<h4><strong>Tiempos dif\u00edciles<\/strong><\/h4>\n<p>El Obispo de Roma sostiene que los tiempos de los primeros cristianos \u201cno eran f\u00e1ciles\u201d, pues \u201ccomenzaron su vida de fe en un ambiente hostil y complicado\u201d. Sin embargo, esta realidad \u201clos impuls\u00f3 a transformar todos los inconvenientes, contradicciones y dificultades en una oportunidad para la misi\u00f3n\u201d, \u201clos l\u00edmites e impedimentos\u201d se volvieron \u201cun lugar privilegiado para ungir todo y a todos con el Esp\u00edritu del Se\u00f1or\u201d.<\/p>\n<p>En esta l\u00ednea, explica que los <em>Hechos de los Ap\u00f3stoles\u00a0<\/em>recogen c\u00f3mo \u201cel perfume del Evangelio fue calando a su paso y suscitando la alegr\u00eda que s\u00f3lo el Esp\u00edritu Santo nos puede regalar\u201d. Este libro \u201cense\u00f1a a vivir las pruebas abraz\u00e1ndonos a Cristo para madurar la \u2018convicci\u00f3n de que Dios puede actuar en cualquier circunstancia, tambi\u00e9n en medio de aparentes fracasos\u2019 y la certeza de que \u2018quien se ofrece y entrega a Dios por amor seguramente ser\u00e1 fecundo\u2019 (Exhort. ap.\u00a0<em>Evangelii gaudium<\/em>, 279)\u201d.<\/p>\n<h4><strong>Misi\u00f3n evangelizadora actual<\/strong><\/h4>\n<p>Asimismo, el Sucesor de Pedro se\u00f1ala que el tiempo actual de pandemia tambi\u00e9n ha sido dif\u00edcil: \u201cHemos experimentado el des\u00e1nimo, el desencanto, el cansancio, y hasta la amargura conformista y desesperanzadora pudo apoderarse de nuestras miradas\u201d. Sin embargo, tambi\u00e9n remarca que los cristianos \u201cno nos anunciamos a nosotros mismos, sino a Jes\u00fas (\u2026)\u201d, motivo por el que resuena \u201cen nuestras comunidades y hogares la Palabra de vida que se hace eco en nuestros corazones y nos dice: \u2018No est\u00e1 aqu\u00ed: \u00a1ha resucitado!\u2019(<em>Lc<\/em> 24,6)\u201d.<\/p>\n<p>En este momento extraordinario, contin\u00faa, urge la \u201cmisi\u00f3n de la compasi\u00f3n capaz de hacer de la necesaria distancia un lugar de encuentro, de cuidado y de promoci\u00f3n (\u2026)\u201d. Jesucristo \u201cha triunfado sobre el pecado y la muerte y est\u00e1 lleno de poder. Jesucristo verdaderamente vive\u2019 (Exhort. ap.\u00a0<em>Evangelii gaudium<\/em>, 275)\u201d, se lee en el texto, \u201cy nos quiere tambi\u00e9n vivos, fraternos y capaces de hospedar y compartir esta esperanza\u201d.<\/p>\n<p>Por otra parte, el Papa Francisco indica que \u201ccomo los ap\u00f3stoles que han visto, o\u00eddo y tocado la salvaci\u00f3n de Jes\u00fas (cf. <em>1 Jn<\/em>\u00a01,1-4), as\u00ed nosotros hoy podemos palpar la carne sufriente y gloriosa de Cristo en la historia de cada d\u00eda y animarnos a compartir con todos un destino de esperanza, esa nota indiscutible que nace de sabernos acompa\u00f1ados por el Se\u00f1or\u201d. Los cristianos \u201cno podemos reservar al Se\u00f1or para nosotros mismos: la misi\u00f3n evangelizadora de la Iglesia expresa su implicaci\u00f3n total y p\u00fablica en la transformaci\u00f3n del mundo y en la custodia de la creaci\u00f3n\u201d.<\/p>\n<h4><strong>Invitaci\u00f3n personal a la misi\u00f3n<\/strong><\/h4>\n<p>Al final de su mensaje, el Sucesor de Pedro revela que el lema de la Jornada Mundial de las Misiones de este a\u00f1o, \u201cNo podemos dejar de hablar de lo que hemos visto y o\u00eddo\u201d (<em>Hch<\/em>\u00a04,20, constituye \u201cuna invitaci\u00f3n a cada uno de nosotros a \u2018hacernos cargo\u2019 y dar a conocer aquello que tenemos en el coraz\u00f3n\u201d.<\/p>\n<p>En este d\u00eda, prosigue, se rememora con agradecimiento \u201ca todas esas personas que, con su testimonio de vida, nos ayudan a renovar nuestro compromiso bautismal de ser ap\u00f3stoles generosos y alegres del Evangelio\u201d, especialmente a \u201cquienes fueron capaces de ponerse en camino, dejar su tierra y sus hogares para que el Evangelio pueda alcanzar sin demoras y sin miedos esos rincones de pueblos y ciudades donde tantas vidas se encuentran sedientas de bendici\u00f3n\u201d.<\/p>\n<p>Por \u00faltimo, Francisco aclara que \u201cla vocaci\u00f3n a la misi\u00f3n no es algo del pasado o un recuerdo rom\u00e1ntico de otros tiempos\u201d. Hoy Jes\u00fas necesita \u201ccorazones que sean capaces de vivir su vocaci\u00f3n como una verdadera historia de amor, que les haga salir a las periferias del mundo y convertirse en mensajeros e instrumentos de compasi\u00f3n\u201d.<\/p>\n<p>A continuaci\u00f3n, sigue el mensaje del Santo Padre por la Jornada Mundial de las Misiones de 2021, ofrecido por la Oficina de Prensa de la Santa Sede.<\/p>\n<p>***<\/p>\n<h4><strong>Mensaje del Papa Francisco por la Jornada Mundial de las Misiones 2021<\/strong><\/h4>\n<p><em>Queridos hermanos y hermanas:<\/em><\/p>\n<p><span style=\"font-weight: 400;\">Cuando experimentamos la fuerza del amor de Dios, cuando reconocemos su presencia de Padre en nuestra vida personal y comunitaria, no podemos dejar de anunciar y compartir lo que\u00a0<\/span><i><span style=\"font-weight: 400;\">hemos visto y o\u00eddo<\/span><\/i><span style=\"font-weight: 400;\">. La relaci\u00f3n de Jes\u00fas con sus disc\u00edpulos, su humanidad que se nos revela en el misterio de la encarnaci\u00f3n, en su Evangelio y en su Pascua nos hacen ver hasta qu\u00e9 punto Dios ama nuestra humanidad y hace suyos nuestros gozos y sufrimientos, nuestros deseos y nuestras angustias (cf. Conc. Ecum. Vat. II, Const. past.\u00a0<\/span><a href=\"http:\/\/www.vatican.va\/archive\/hist_councils\/ii_vatican_council\/documents\/vat-ii_const_19651207_gaudium-et-spes_sp.html\" target=\"_blank\" rel=\"noopener\"><i><span style=\"font-weight: 400;\">Gaudium et spes<\/span><\/i><\/a><span style=\"font-weight: 400;\">, 22). Todo en Cristo nos recuerda que el mundo en el que vivimos y su necesidad de redenci\u00f3n no le es ajena y nos convoca tambi\u00e9n a sentirnos parte activa de esta misi\u00f3n: \u201cSalgan al cruce de los caminos e inviten a todos los que encuentren\u201d (<\/span><i><span style=\"font-weight: 400;\">Mt<\/span><\/i><span style=\"font-weight: 400;\">\u00a022,9). Nadie es ajeno, nadie puede sentirse extra\u00f1o o lejano a este amor de compasi\u00f3n.<\/span><\/p>\n<h5><b>La experiencia de los ap\u00f3stoles<\/b><\/h5>\n<p><span style=\"font-weight: 400;\">La historia de la evangelizaci\u00f3n comienza con una b\u00fasqueda apasionada del Se\u00f1or que llama y quiere entablar con cada persona, all\u00ed donde se encuentra, un di\u00e1logo de amistad (cf.\u00a0<\/span><i><span style=\"font-weight: 400;\">Jn<\/span><\/i><span style=\"font-weight: 400;\">\u00a015,12-17). Los ap\u00f3stoles son los primeros en dar cuenta de eso, hasta recuerdan el d\u00eda y la hora en que fueron encontrados: \u201cEra alrededor de las cuatro de la tarde\u201d (<\/span><i><span style=\"font-weight: 400;\">Jn<\/span><\/i><span style=\"font-weight: 400;\">\u00a01,39). La amistad con el Se\u00f1or, verlo curar a los enfermos, comer con los pecadores, alimentar a los hambrientos, acercarse a los excluidos, tocar a los impuros, identificarse con los necesitados, invitar a las bienaventuranzas, ense\u00f1ar de una manera nueva y llena de autoridad, deja una huella imborrable, capaz de suscitar el asombro, y una alegr\u00eda expansiva y gratuita que no se puede contener. Como dec\u00eda el profeta Jerem\u00edas, esta experiencia es el fuego ardiente de su presencia activa en nuestro coraz\u00f3n que nos impulsa a la misi\u00f3n, aunque a veces comporte sacrificios e incomprensiones (cf. 20,7-9). El amor siempre est\u00e1 en movimiento y nos pone en movimiento para compartir el anuncio m\u00e1s hermoso y esperanzador: \u201cHemos encontrado al Mes\u00edas\u201d (<\/span><i><span style=\"font-weight: 400;\">Jn<\/span><\/i><span style=\"font-weight: 400;\">\u00a01,41).<\/span><\/p>\n<p><span style=\"font-weight: 400;\">Con Jes\u00fas hemos visto, o\u00eddo y palpado que las cosas pueden ser diferentes. \u00c9l inaugur\u00f3, ya para hoy, los tiempos por venir record\u00e1ndonos una caracter\u00edstica esencial de nuestro ser humanos, tantas veces olvidada: \u201cHemos sido hechos para la plenitud que s\u00f3lo se alcanza en el amor\u201d (Carta enc.\u00a0<\/span><a href=\"http:\/\/www.vatican.va\/content\/francesco\/es\/encyclicals\/documents\/papa-francesco_20201003_enciclica-fratelli-tutti.html\" target=\"_blank\" rel=\"noopener\"><i><span style=\"font-weight: 400;\">Fratelli tutti<\/span><\/i><\/a><span style=\"font-weight: 400;\">, 68). Tiempos nuevos que suscitan una fe capaz de impulsar iniciativas y forjar comunidades a partir de hombres y mujeres que aprenden a hacerse cargo de la fragilidad propia y la de los dem\u00e1s, promoviendo la fraternidad y la amistad social (cf.\u00a0<\/span><i><span style=\"font-weight: 400;\">ib\u00edd.<\/span><\/i><span style=\"font-weight: 400;\">, 67). La comunidad eclesial muestra su belleza cada vez que recuerda con gratitud que el Se\u00f1or nos am\u00f3 primero (cf.\u00a0<\/span><i><span style=\"font-weight: 400;\">1 Jn<\/span><\/i><span style=\"font-weight: 400;\">\u00a04,19). Esa \u201cpredilecci\u00f3n amorosa del Se\u00f1or nos sorprende, y el asombro \u2014por su propia naturaleza\u2014 no podemos poseerlo por nosotros mismos ni imponerlo. [\u2026] S\u00f3lo as\u00ed puede florecer el milagro de la gratuidad, el don gratuito de s\u00ed. Tampoco el fervor misionero puede obtenerse como consecuencia de un razonamiento o de un c\u00e1lculo. Ponerse en \u2018estado de misi\u00f3n\u2019 es un efecto del agradecimiento\u201d (<\/span><a href=\"http:\/\/www.vatican.va\/content\/francesco\/es\/messages\/pont-messages\/2020\/documents\/papa-francesco_20200521_messaggio-pom.html\" target=\"_blank\" rel=\"noopener\"><i><span style=\"font-weight: 400;\">Mensaje a las Obras Misionales Pontificias<\/span><\/i><\/a><span style=\"font-weight: 400;\">, 21 mayo 2020).<\/span><\/p>\n<p><span style=\"font-weight: 400;\">Sin embargo, los tiempos no eran f\u00e1ciles; los primeros cristianos comenzaron su vida de fe en un ambiente hostil y complicado. Historias de postergaciones y encierros se cruzaban con resistencias internas y externas que parec\u00edan contradecir y hasta negar lo que hab\u00edan visto y o\u00eddo; pero eso, lejos de ser una dificultad u obst\u00e1culo que los llevara a replegarse o ensimismarse, los impuls\u00f3 a transformar todos los inconvenientes, contradicciones y dificultades en una oportunidad para la misi\u00f3n. Los l\u00edmites e impedimentos se volvieron tambi\u00e9n un lugar privilegiado para ungir todo y a todos con el Esp\u00edritu del Se\u00f1or. Nada ni nadie pod\u00eda quedar ajeno a ese anuncio liberador.<\/span><\/p>\n<p><span style=\"font-weight: 400;\">Tenemos el testimonio vivo de todo esto en los\u00a0<\/span><i><span style=\"font-weight: 400;\">Hechos de los Ap\u00f3stoles<\/span><\/i><span style=\"font-weight: 400;\">, libro de cabecera de los disc\u00edpulos misioneros. Es el libro que recoge c\u00f3mo el perfume del Evangelio fue calando a su paso y suscitando la alegr\u00eda que s\u00f3lo el Esp\u00edritu nos puede regalar. El libro de los Hechos de los Ap\u00f3stoles nos ense\u00f1a a vivir las pruebas abraz\u00e1ndonos a Cristo, para madurar la \u201cconvicci\u00f3n de que Dios puede actuar en cualquier circunstancia, tambi\u00e9n en medio de aparentes fracasos\u201d y la certeza de que \u201cquien se ofrece y entrega a Dios por amor seguramente ser\u00e1 fecundo\u201d (Exhort. ap.\u00a0<\/span><i><span style=\"font-weight: 400;\">Evangelii gaudium<\/span><\/i><span style=\"font-weight: 400;\">, 279).<\/span><\/p>\n<p><span style=\"font-weight: 400;\">As\u00ed tambi\u00e9n nosotros: tampoco es f\u00e1cil el momento actual de nuestra historia. La situaci\u00f3n de la pandemia evidenci\u00f3 y amplific\u00f3 el dolor, la soledad, la pobreza y las injusticias que ya tantos padec\u00edan y puso al descubierto nuestras falsas seguridades y las fragmentaciones y polarizaciones que silenciosamente nos laceran. Los m\u00e1s fr\u00e1giles y vulnerables experimentaron a\u00fan m\u00e1s su vulnerabilidad y fragilidad. Hemos experimentado el des\u00e1nimo, el desencanto, el cansancio, y hasta la amargura conformista y desesperanzadora pudo apoderarse de nuestras miradas. Pero nosotros \u201cno nos anunciamos a nosotros mismos, sino a Jes\u00fas como Cristo y Se\u00f1or, pues no somos m\u00e1s que servidores de ustedes por causa de Jes\u00fas\u201d (<\/span><i><span style=\"font-weight: 400;\">2 Co<\/span><\/i><span style=\"font-weight: 400;\">\u00a04,5). Por eso sentimos resonar en nuestras comunidades y hogares la Palabra de vida que se hace eco en nuestros corazones y nos dice: \u201cNo est\u00e1 aqu\u00ed: \u00a1ha resucitado!\u201d (<\/span><i><span style=\"font-weight: 400;\">Lc<\/span><\/i><span style=\"font-weight: 400;\">\u00a024,6); Palabra de esperanza que rompe todo determinismo y, para aquellos que se dejan tocar, regala la libertad y la audacia necesarias para ponerse de pie y buscar creativamente todas las maneras posibles de vivir la compasi\u00f3n, ese \u201csacramental\u201d de la cercan\u00eda de Dios con nosotros que no abandona a nadie al borde del camino. En este tiempo de pandemia, ante la tentaci\u00f3n de enmascarar y justificar la indiferencia y la apat\u00eda en nombre del sano distanciamiento social, urge\u00a0<\/span><i><span style=\"font-weight: 400;\">la misi\u00f3n de la compasi\u00f3n<\/span><\/i><span style=\"font-weight: 400;\">\u00a0capaz de hacer de la necesaria distancia un lugar de encuentro, de cuidado y de promoci\u00f3n. \u201cLo que hemos visto y o\u00eddo\u201d (<\/span><i><span style=\"font-weight: 400;\">Hch<\/span><\/i><span style=\"font-weight: 400;\">\u00a04,20), la misericordia con la que hemos sido tratados, se transforma en el punto de referencia y de credibilidad que nos permite recuperar la pasi\u00f3n compartida por crear \u00abuna comunidad de pertenencia y solidaridad, a la cual destinar tiempo, esfuerzo y bienes\u00bb (Carta enc.\u00a0<\/span><i><span style=\"font-weight: 400;\">Fratelli tutti<\/span><\/i><span style=\"font-weight: 400;\">, 36). Es su Palabra la que cotidianamente nos redime y nos salva de las excusas que llevan a encerrarnos en el m\u00e1s vil de los escepticismos: \u201ctodo da igual, nada va a cambiar\u201d. Y frente a la pregunta: \u201c\u00bfpara qu\u00e9 me voy a privar de mis seguridades, comodidades y placeres si no voy a ver ning\u00fan resultado importante?\u201d, la respuesta permanece siempre la misma: \u201cJesucristo ha triunfado sobre el pecado y la muerte y est\u00e1 lleno de poder. Jesucristo verdaderamente vive\u201d (Exhort. ap.\u00a0<\/span><i><span style=\"font-weight: 400;\">Evangelii gaudium<\/span><\/i><span style=\"font-weight: 400;\">, 275) y nos quiere tambi\u00e9n vivos, fraternos y capaces de hospedar y compartir esta esperanza. En el contexto actual urgen misioneros de esperanza que, ungidos por el Se\u00f1or, sean capaces de recordar prof\u00e9ticamente que nadie se salva por s\u00ed solo.<\/span><\/p>\n<p><span style=\"font-weight: 400;\">Al igual que los ap\u00f3stoles y los primeros cristianos, tambi\u00e9n nosotros decimos con todas nuestras fuerzas: \u201cNo podemos dejar de hablar de lo que hemos visto y o\u00eddo\u201d (<\/span><i><span style=\"font-weight: 400;\">Hch<\/span><\/i><span style=\"font-weight: 400;\">\u00a04,20). Todo lo que hemos recibido, todo lo que el Se\u00f1or nos ha ido concediendo, nos lo ha regalado para que lo pongamos en juego y se lo regalemos gratuitamente a los dem\u00e1s. Como los ap\u00f3stoles que han visto, o\u00eddo y tocado la salvaci\u00f3n de Jes\u00fas (cf.\u00a0<\/span><i><span style=\"font-weight: 400;\">1 Jn<\/span><\/i><span style=\"font-weight: 400;\">\u00a01,1-4), as\u00ed nosotros hoy podemos palpar la carne sufriente y gloriosa de Cristo en la historia de cada d\u00eda y animarnos a compartir con todos un destino de esperanza, esa nota indiscutible que nace de sabernos acompa\u00f1ados por el Se\u00f1or. Los cristianos no podemos reservar al Se\u00f1or para nosotros mismos: la misi\u00f3n evangelizadora de la Iglesia expresa su implicaci\u00f3n total y p\u00fablica en la transformaci\u00f3n del mundo y en la custodia de la creaci\u00f3n.<\/span><\/p>\n<h5><b>Una invitaci\u00f3n a cada uno de nosotros<\/b><\/h5>\n<p><span style=\"font-weight: 400;\">El lema de la Jornada Mundial de las Misiones de este a\u00f1o, \u201cNo podemos dejar de hablar de lo que hemos visto y o\u00eddo\u201d (<\/span><i><span style=\"font-weight: 400;\">Hch<\/span><\/i><span style=\"font-weight: 400;\">\u00a04,20), es una invitaci\u00f3n a cada uno de nosotros a \u201chacernos cargo\u201d y dar a conocer aquello que tenemos en el coraz\u00f3n. Esta misi\u00f3n es y ha sido siempre la identidad de la Iglesia: \u201cElla existe para evangelizar\u201d (S. Pablo VI, Exhort. ap.\u00a0<\/span><a href=\"http:\/\/www.vatican.va\/content\/paul-vi\/es\/apost_exhortations\/documents\/hf_p-vi_exh_19751208_evangelii-nuntiandi.html\" target=\"_blank\" rel=\"noopener\"><i><span style=\"font-weight: 400;\">Evangelii nuntiandi<\/span><\/i><\/a><span style=\"font-weight: 400;\">, 14). Nuestra vida de fe se debilita, pierde profec\u00eda y capacidad de asombro y gratitud en el aislamiento personal o encerr\u00e1ndose en peque\u00f1os grupos; por su propia din\u00e1mica exige una creciente apertura capaz de llegar y abrazar a todos. Los primeros cristianos, lejos de ser seducidos para recluirse en una \u00e9lite, fueron atra\u00eddos por el Se\u00f1or y por la vida nueva que ofrec\u00eda para ir entre las gentes y testimoniar lo que hab\u00edan visto y o\u00eddo: el Reino de Dios est\u00e1 cerca. Lo hicieron con la generosidad, la gratitud y la nobleza propias de aquellos que siembran sabiendo que otros comer\u00e1n el fruto de su entrega y sacrificio. Por eso me gusta pensar que \u201ca\u00fan los m\u00e1s d\u00e9biles, limitados y heridos pueden ser misioneros a su manera, porque siempre hay que permitir que el bien se comunique, aunque conviva con muchas fragilidades\u201d (Exhort. ap. postsin.\u00a0<\/span><a href=\"http:\/\/www.vatican.va\/content\/francesco\/es\/apost_exhortations\/documents\/papa-francesco_esortazione-ap_20190325_christus-vivit.html\" target=\"_blank\" rel=\"noopener\"><i><span style=\"font-weight: 400;\">Christus vivit<\/span><\/i><\/a><span style=\"font-weight: 400;\">, 239).<\/span><\/p>\n<p><span style=\"font-weight: 400;\">En la Jornada Mundial de las Misiones, que se celebra cada a\u00f1o el pen\u00faltimo domingo de octubre, recordamos agradecidamente a todas esas personas que, con su testimonio de vida, nos ayudan a renovar nuestro compromiso bautismal de ser ap\u00f3stoles generosos y alegres del Evangelio. Recordamos especialmente a quienes fueron capaces de ponerse en camino, dejar su tierra y sus hogares para que el Evangelio pueda alcanzar sin demoras y sin miedos esos rincones de pueblos y ciudades donde tantas vidas se encuentran sedientas de bendici\u00f3n.<\/span><\/p>\n<p><span style=\"font-weight: 400;\">Contemplar su testimonio misionero nos anima a ser valientes y a pedir con insistencia \u201cal due\u00f1o que env\u00ede trabajadores para su cosecha\u201d (<\/span><i><span style=\"font-weight: 400;\">Lc<\/span><\/i><span style=\"font-weight: 400;\">\u00a010,2), porque somos conscientes de que la vocaci\u00f3n a la misi\u00f3n no es algo del pasado o un recuerdo rom\u00e1ntico de otros tiempos. Hoy, Jes\u00fas necesita corazones que sean capaces de vivir su vocaci\u00f3n como una verdadera historia de amor, que les haga salir a las periferias del mundo y convertirse en mensajeros e instrumentos de compasi\u00f3n. Y es un llamado que \u00c9l nos hace a todos, aunque no de la misma manera. Recordemos que hay periferias que est\u00e1n cerca de nosotros, en el centro de una ciudad, o en la propia familia. Tambi\u00e9n hay un aspecto de la apertura universal del amor que no es geogr\u00e1fico sino existencial. Siempre, pero especialmente en estos tiempos de pandemia es importante ampliar la capacidad cotidiana de ensanchar nuestros c\u00edrculos, de llegar a aquellos que espont\u00e1neamente no los sentir\u00edamos parte de \u201cmi mundo de intereses\u201d, aunque est\u00e9n cerca nuestro (cf. Carta enc.\u00a0<\/span><i><span style=\"font-weight: 400;\">Fratelli tutti<\/span><\/i><span style=\"font-weight: 400;\">, 97). Vivir la misi\u00f3n es aventurarse a desarrollar los mismos sentimientos de Cristo Jes\u00fas y creer con \u00c9l que quien est\u00e1 a mi lado es tambi\u00e9n mi hermano y mi hermana. Que su amor de compasi\u00f3n despierte tambi\u00e9n nuestro coraz\u00f3n y nos vuelva a todos disc\u00edpulos misioneros.<\/span><\/p>\n<p><span style=\"font-weight: 400;\">Que Mar\u00eda, la primera disc\u00edpula misionera, haga crecer en todos los bautizados el deseo de ser sal y luz en nuestras tierras (cf.\u00a0<\/span><i><span style=\"font-weight: 400;\">Mt<\/span><\/i><span style=\"font-weight: 400;\">\u00a05,13-14).<\/span><\/p>\n<p><b>\u00a9 Librer\u00eda Editora Vaticana<\/b><\/p>\n","protected":false},"excerpt":{"rendered":"<p>Se celebra el 17 de octubre de 2021<\/p>\n","protected":false},"author":6,"featured_media":1232,"comment_status":"closed","ping_status":"closed","sticky":false,"template":"","format":"standard","meta":{"_acf_changed":false,"_crdt_document":"","inline_featured_image":false,"footnotes":""},"categories":[68,118],"tags":[214,215,174,158],"class_list":["post-1101","post","type-post","status-publish","format-standard","has-post-thumbnail","hentry","category-leon-xiv","category-mensajes","tag-29-de-enero-de-2021","tag-jornada-mundial-de-las-misiones","tag-mensaje","tag-papa-francisco"],"acf":[],"yoast_head":"<!-- This site is optimized with the Yoast SEO plugin v27.5 - https:\/\/yoast.com\/product\/yoast-seo-wordpress\/ -->\n<title>Mensaje del Papa por la Jornada Mundial de las Misiones 2021 &#8211; Exaudi<\/title>\n<meta name=\"description\" content=\"En su mensaje para la Jornada Mundial de las Misiones 2021, el Papa explica que la experiencia del amor de Dios anima a la misi\u00f3n.\" \/>\n<meta name=\"robots\" content=\"index, follow, max-snippet:-1, max-image-preview:large, max-video-preview:-1\" \/>\n<link rel=\"canonical\" href=\"https:\/\/exaudi.org\/es\/mensaje-papa-jornada-mundial-misiones-2021\/\" \/>\n<meta property=\"og:locale\" content=\"es_ES\" \/>\n<meta property=\"og:type\" content=\"article\" \/>\n<meta property=\"og:title\" content=\"Mensaje del Papa por la Jornada Mundial de las Misiones 2021 &#8211; Exaudi\" \/>\n<meta property=\"og:description\" content=\"En su mensaje para la Jornada Mundial de las Misiones 2021, el Papa explica que la experiencia del amor de Dios anima a la misi\u00f3n.\" \/>\n<meta property=\"og:url\" content=\"https:\/\/exaudi.org\/es\/mensaje-papa-jornada-mundial-misiones-2021\/\" \/>\n<meta property=\"og:site_name\" content=\"Exaudi\" \/>\n<meta property=\"article:publisher\" content=\"https:\/\/www.facebook.com\/ExaudiNews\" \/>\n<meta property=\"article:published_time\" content=\"2021-01-29T08:00:41+00:00\" \/>\n<meta property=\"article:modified_time\" content=\"2021-10-27T11:38:37+00:00\" \/>\n<meta property=\"og:image\" content=\"https:\/\/exaudi.org\/wp-content\/uploads\/2021\/01\/Misiones-Facebook.-Obras-Misionales-Pontificias.jpg\" \/>\n\t<meta property=\"og:image:width\" content=\"600\" \/>\n\t<meta property=\"og:image:height\" content=\"600\" \/>\n\t<meta property=\"og:image:type\" content=\"image\/jpeg\" \/>\n<meta name=\"author\" content=\"Gabriel Sales\" \/>\n<meta name=\"twitter:card\" content=\"summary_large_image\" \/>\n<meta name=\"twitter:creator\" content=\"@habemusman\" \/>\n<meta name=\"twitter:site\" content=\"@Exaudi_News\" \/>\n<meta name=\"twitter:label1\" content=\"Escrito por\" \/>\n\t<meta name=\"twitter:data1\" content=\"Gabriel Sales\" \/>\n\t<meta name=\"twitter:label2\" content=\"Tiempo de lectura\" \/>\n\t<meta name=\"twitter:data2\" content=\"14 minutos\" \/>\n<script type=\"application\/ld+json\" class=\"yoast-schema-graph\">{\"@context\":\"https:\\\/\\\/schema.org\",\"@graph\":[{\"@type\":\"Article\",\"@id\":\"https:\\\/\\\/exaudi.org\\\/es\\\/mensaje-papa-jornada-mundial-misiones-2021\\\/#article\",\"isPartOf\":{\"@id\":\"https:\\\/\\\/exaudi.org\\\/es\\\/mensaje-papa-jornada-mundial-misiones-2021\\\/\"},\"author\":{\"name\":\"Gabriel Sales\",\"@id\":\"https:\\\/\\\/exaudi.org\\\/#\\\/schema\\\/person\\\/d134b96438278131ce90c90c03fda6cd\"},\"headline\":\"Mensaje del Papa por la Jornada Mundial de las Misiones 2021\",\"datePublished\":\"2021-01-29T08:00:41+00:00\",\"dateModified\":\"2021-10-27T11:38:37+00:00\",\"mainEntityOfPage\":{\"@id\":\"https:\\\/\\\/exaudi.org\\\/es\\\/mensaje-papa-jornada-mundial-misiones-2021\\\/\"},\"wordCount\":3190,\"image\":{\"@id\":\"https:\\\/\\\/exaudi.org\\\/es\\\/mensaje-papa-jornada-mundial-misiones-2021\\\/#primaryimage\"},\"thumbnailUrl\":\"https:\\\/\\\/exaudi.org\\\/wp-content\\\/uploads\\\/2021\\\/01\\\/Misiones-Facebook.-Obras-Misionales-Pontificias.jpg\",\"keywords\":[\"29 de enero de 2021\",\"jornada mundial de las misiones\",\"mensaje\",\"papa francisco\"],\"articleSection\":[\"Le\u00f3n XIV\",\"Mensajes\"],\"inLanguage\":\"es\"},{\"@type\":\"WebPage\",\"@id\":\"https:\\\/\\\/exaudi.org\\\/es\\\/mensaje-papa-jornada-mundial-misiones-2021\\\/\",\"url\":\"https:\\\/\\\/exaudi.org\\\/es\\\/mensaje-papa-jornada-mundial-misiones-2021\\\/\",\"name\":\"Mensaje del Papa por la Jornada Mundial de las Misiones 2021 &#8211; Exaudi\",\"isPartOf\":{\"@id\":\"https:\\\/\\\/exaudi.org\\\/#website\"},\"primaryImageOfPage\":{\"@id\":\"https:\\\/\\\/exaudi.org\\\/es\\\/mensaje-papa-jornada-mundial-misiones-2021\\\/#primaryimage\"},\"image\":{\"@id\":\"https:\\\/\\\/exaudi.org\\\/es\\\/mensaje-papa-jornada-mundial-misiones-2021\\\/#primaryimage\"},\"thumbnailUrl\":\"https:\\\/\\\/exaudi.org\\\/wp-content\\\/uploads\\\/2021\\\/01\\\/Misiones-Facebook.-Obras-Misionales-Pontificias.jpg\",\"datePublished\":\"2021-01-29T08:00:41+00:00\",\"dateModified\":\"2021-10-27T11:38:37+00:00\",\"author\":{\"@id\":\"https:\\\/\\\/exaudi.org\\\/#\\\/schema\\\/person\\\/d134b96438278131ce90c90c03fda6cd\"},\"description\":\"En su mensaje para la Jornada Mundial de las Misiones 2021, el Papa explica que la experiencia del amor de Dios anima a la misi\u00f3n.\",\"breadcrumb\":{\"@id\":\"https:\\\/\\\/exaudi.org\\\/es\\\/mensaje-papa-jornada-mundial-misiones-2021\\\/#breadcrumb\"},\"inLanguage\":\"es\",\"potentialAction\":[{\"@type\":\"ReadAction\",\"target\":[\"https:\\\/\\\/exaudi.org\\\/es\\\/mensaje-papa-jornada-mundial-misiones-2021\\\/\"]}]},{\"@type\":\"ImageObject\",\"inLanguage\":\"es\",\"@id\":\"https:\\\/\\\/exaudi.org\\\/es\\\/mensaje-papa-jornada-mundial-misiones-2021\\\/#primaryimage\",\"url\":\"https:\\\/\\\/exaudi.org\\\/wp-content\\\/uploads\\\/2021\\\/01\\\/Misiones-Facebook.-Obras-Misionales-Pontificias.jpg\",\"contentUrl\":\"https:\\\/\\\/exaudi.org\\\/wp-content\\\/uploads\\\/2021\\\/01\\\/Misiones-Facebook.-Obras-Misionales-Pontificias.jpg\",\"width\":600,\"height\":600,\"caption\":\"Misiones \u00a9 Facebook. Obras Misionales Pontificias\"},{\"@type\":\"BreadcrumbList\",\"@id\":\"https:\\\/\\\/exaudi.org\\\/es\\\/mensaje-papa-jornada-mundial-misiones-2021\\\/#breadcrumb\",\"itemListElement\":[{\"@type\":\"ListItem\",\"position\":1,\"name\":\"Portada\",\"item\":\"https:\\\/\\\/exaudi.org\\\/es\\\/\"},{\"@type\":\"ListItem\",\"position\":2,\"name\":\"Mensaje del Papa por la Jornada Mundial de las Misiones 2021\"}]},{\"@type\":\"WebSite\",\"@id\":\"https:\\\/\\\/exaudi.org\\\/#website\",\"url\":\"https:\\\/\\\/exaudi.org\\\/\",\"name\":\"Exaudi\",\"description\":\"News\",\"potentialAction\":[{\"@type\":\"SearchAction\",\"target\":{\"@type\":\"EntryPoint\",\"urlTemplate\":\"https:\\\/\\\/exaudi.org\\\/?s={search_term_string}\"},\"query-input\":{\"@type\":\"PropertyValueSpecification\",\"valueRequired\":true,\"valueName\":\"search_term_string\"}}],\"inLanguage\":\"es\"},{\"@type\":\"Person\",\"@id\":\"https:\\\/\\\/exaudi.org\\\/#\\\/schema\\\/person\\\/d134b96438278131ce90c90c03fda6cd\",\"name\":\"Gabriel Sales\",\"image\":{\"@type\":\"ImageObject\",\"inLanguage\":\"es\",\"@id\":\"https:\\\/\\\/secure.gravatar.com\\\/avatar\\\/9b1269566f6a063ed26ffb3532b66a373cdde231ce5d0effb266167437fdaffd?s=96&d=mm&r=g\",\"url\":\"https:\\\/\\\/secure.gravatar.com\\\/avatar\\\/9b1269566f6a063ed26ffb3532b66a373cdde231ce5d0effb266167437fdaffd?s=96&d=mm&r=g\",\"contentUrl\":\"https:\\\/\\\/secure.gravatar.com\\\/avatar\\\/9b1269566f6a063ed26ffb3532b66a373cdde231ce5d0effb266167437fdaffd?s=96&d=mm&r=g\",\"caption\":\"Gabriel Sales\"},\"description\":\"Periodista y especialista en Comunicaci\u00f3n y Branding digital. Cin\u00e9filo y cr\u00edtico de cine y series de televisi\u00f3n.\",\"sameAs\":[\"https:\\\/\\\/www.instagram.com\\\/cine90segundos\\\/\",\"www.linkedin.com\\\/in\\\/habemusman\",\"https:\\\/\\\/x.com\\\/habemusman\",\"https:\\\/\\\/www.youtube.com\\\/channel\\\/UCVfCiOMkJ_C7T7OpyjuaLDg\"],\"url\":\"https:\\\/\\\/exaudi.org\\\/es\\\/author\\\/gsalesexaudi-org\\\/\"}]}<\/script>\n<!-- \/ Yoast SEO plugin. -->","yoast_head_json":{"title":"Mensaje del Papa por la Jornada Mundial de las Misiones 2021 &#8211; Exaudi","description":"En su mensaje para la Jornada Mundial de las Misiones 2021, el Papa explica que la experiencia del amor de Dios anima a la misi\u00f3n.","robots":{"index":"index","follow":"follow","max-snippet":"max-snippet:-1","max-image-preview":"max-image-preview:large","max-video-preview":"max-video-preview:-1"},"canonical":"https:\/\/exaudi.org\/es\/mensaje-papa-jornada-mundial-misiones-2021\/","og_locale":"es_ES","og_type":"article","og_title":"Mensaje del Papa por la Jornada Mundial de las Misiones 2021 &#8211; Exaudi","og_description":"En su mensaje para la Jornada Mundial de las Misiones 2021, el Papa explica que la experiencia del amor de Dios anima a la misi\u00f3n.","og_url":"https:\/\/exaudi.org\/es\/mensaje-papa-jornada-mundial-misiones-2021\/","og_site_name":"Exaudi","article_publisher":"https:\/\/www.facebook.com\/ExaudiNews","article_published_time":"2021-01-29T08:00:41+00:00","article_modified_time":"2021-10-27T11:38:37+00:00","og_image":[{"width":600,"height":600,"url":"https:\/\/exaudi.org\/wp-content\/uploads\/2021\/01\/Misiones-Facebook.-Obras-Misionales-Pontificias.jpg","type":"image\/jpeg"}],"author":"Gabriel Sales","twitter_card":"summary_large_image","twitter_creator":"@habemusman","twitter_site":"@Exaudi_News","twitter_misc":{"Escrito por":"Gabriel Sales","Tiempo de lectura":"14 minutos"},"schema":{"@context":"https:\/\/schema.org","@graph":[{"@type":"Article","@id":"https:\/\/exaudi.org\/es\/mensaje-papa-jornada-mundial-misiones-2021\/#article","isPartOf":{"@id":"https:\/\/exaudi.org\/es\/mensaje-papa-jornada-mundial-misiones-2021\/"},"author":{"name":"Gabriel Sales","@id":"https:\/\/exaudi.org\/#\/schema\/person\/d134b96438278131ce90c90c03fda6cd"},"headline":"Mensaje del Papa por la Jornada Mundial de las Misiones 2021","datePublished":"2021-01-29T08:00:41+00:00","dateModified":"2021-10-27T11:38:37+00:00","mainEntityOfPage":{"@id":"https:\/\/exaudi.org\/es\/mensaje-papa-jornada-mundial-misiones-2021\/"},"wordCount":3190,"image":{"@id":"https:\/\/exaudi.org\/es\/mensaje-papa-jornada-mundial-misiones-2021\/#primaryimage"},"thumbnailUrl":"https:\/\/exaudi.org\/wp-content\/uploads\/2021\/01\/Misiones-Facebook.-Obras-Misionales-Pontificias.jpg","keywords":["29 de enero de 2021","jornada mundial de las misiones","mensaje","papa francisco"],"articleSection":["Le\u00f3n XIV","Mensajes"],"inLanguage":"es"},{"@type":"WebPage","@id":"https:\/\/exaudi.org\/es\/mensaje-papa-jornada-mundial-misiones-2021\/","url":"https:\/\/exaudi.org\/es\/mensaje-papa-jornada-mundial-misiones-2021\/","name":"Mensaje del Papa por la Jornada Mundial de las Misiones 2021 &#8211; Exaudi","isPartOf":{"@id":"https:\/\/exaudi.org\/#website"},"primaryImageOfPage":{"@id":"https:\/\/exaudi.org\/es\/mensaje-papa-jornada-mundial-misiones-2021\/#primaryimage"},"image":{"@id":"https:\/\/exaudi.org\/es\/mensaje-papa-jornada-mundial-misiones-2021\/#primaryimage"},"thumbnailUrl":"https:\/\/exaudi.org\/wp-content\/uploads\/2021\/01\/Misiones-Facebook.-Obras-Misionales-Pontificias.jpg","datePublished":"2021-01-29T08:00:41+00:00","dateModified":"2021-10-27T11:38:37+00:00","author":{"@id":"https:\/\/exaudi.org\/#\/schema\/person\/d134b96438278131ce90c90c03fda6cd"},"description":"En su mensaje para la Jornada Mundial de las Misiones 2021, el Papa explica que la experiencia del amor de Dios anima a la misi\u00f3n.","breadcrumb":{"@id":"https:\/\/exaudi.org\/es\/mensaje-papa-jornada-mundial-misiones-2021\/#breadcrumb"},"inLanguage":"es","potentialAction":[{"@type":"ReadAction","target":["https:\/\/exaudi.org\/es\/mensaje-papa-jornada-mundial-misiones-2021\/"]}]},{"@type":"ImageObject","inLanguage":"es","@id":"https:\/\/exaudi.org\/es\/mensaje-papa-jornada-mundial-misiones-2021\/#primaryimage","url":"https:\/\/exaudi.org\/wp-content\/uploads\/2021\/01\/Misiones-Facebook.-Obras-Misionales-Pontificias.jpg","contentUrl":"https:\/\/exaudi.org\/wp-content\/uploads\/2021\/01\/Misiones-Facebook.-Obras-Misionales-Pontificias.jpg","width":600,"height":600,"caption":"Misiones \u00a9 Facebook. Obras Misionales Pontificias"},{"@type":"BreadcrumbList","@id":"https:\/\/exaudi.org\/es\/mensaje-papa-jornada-mundial-misiones-2021\/#breadcrumb","itemListElement":[{"@type":"ListItem","position":1,"name":"Portada","item":"https:\/\/exaudi.org\/es\/"},{"@type":"ListItem","position":2,"name":"Mensaje del Papa por la Jornada Mundial de las Misiones 2021"}]},{"@type":"WebSite","@id":"https:\/\/exaudi.org\/#website","url":"https:\/\/exaudi.org\/","name":"Exaudi","description":"News","potentialAction":[{"@type":"SearchAction","target":{"@type":"EntryPoint","urlTemplate":"https:\/\/exaudi.org\/?s={search_term_string}"},"query-input":{"@type":"PropertyValueSpecification","valueRequired":true,"valueName":"search_term_string"}}],"inLanguage":"es"},{"@type":"Person","@id":"https:\/\/exaudi.org\/#\/schema\/person\/d134b96438278131ce90c90c03fda6cd","name":"Gabriel Sales","image":{"@type":"ImageObject","inLanguage":"es","@id":"https:\/\/secure.gravatar.com\/avatar\/9b1269566f6a063ed26ffb3532b66a373cdde231ce5d0effb266167437fdaffd?s=96&d=mm&r=g","url":"https:\/\/secure.gravatar.com\/avatar\/9b1269566f6a063ed26ffb3532b66a373cdde231ce5d0effb266167437fdaffd?s=96&d=mm&r=g","contentUrl":"https:\/\/secure.gravatar.com\/avatar\/9b1269566f6a063ed26ffb3532b66a373cdde231ce5d0effb266167437fdaffd?s=96&d=mm&r=g","caption":"Gabriel Sales"},"description":"Periodista y especialista en Comunicaci\u00f3n y Branding digital. Cin\u00e9filo y cr\u00edtico de cine y series de televisi\u00f3n.","sameAs":["https:\/\/www.instagram.com\/cine90segundos\/","www.linkedin.com\/in\/habemusman","https:\/\/x.com\/habemusman","https:\/\/www.youtube.com\/channel\/UCVfCiOMkJ_C7T7OpyjuaLDg"],"url":"https:\/\/exaudi.org\/es\/author\/gsalesexaudi-org\/"}]}},"jetpack_featured_media_url":"https:\/\/exaudi.org\/wp-content\/uploads\/2021\/01\/Misiones-Facebook.-Obras-Misionales-Pontificias.jpg","jetpack_shortlink":"https:\/\/wp.me\/pgKjF2-hL","_links":{"self":[{"href":"https:\/\/exaudi.org\/es\/wp-json\/wp\/v2\/posts\/1101","targetHints":{"allow":["GET"]}}],"collection":[{"href":"https:\/\/exaudi.org\/es\/wp-json\/wp\/v2\/posts"}],"about":[{"href":"https:\/\/exaudi.org\/es\/wp-json\/wp\/v2\/types\/post"}],"author":[{"embeddable":true,"href":"https:\/\/exaudi.org\/es\/wp-json\/wp\/v2\/users\/6"}],"replies":[{"embeddable":true,"href":"https:\/\/exaudi.org\/es\/wp-json\/wp\/v2\/comments?post=1101"}],"version-history":[{"count":0,"href":"https:\/\/exaudi.org\/es\/wp-json\/wp\/v2\/posts\/1101\/revisions"}],"wp:featuredmedia":[{"embeddable":true,"href":"https:\/\/exaudi.org\/es\/wp-json\/wp\/v2\/media\/1232"}],"wp:attachment":[{"href":"https:\/\/exaudi.org\/es\/wp-json\/wp\/v2\/media?parent=1101"}],"wp:term":[{"taxonomy":"category","embeddable":true,"href":"https:\/\/exaudi.org\/es\/wp-json\/wp\/v2\/categories?post=1101"},{"taxonomy":"post_tag","embeddable":true,"href":"https:\/\/exaudi.org\/es\/wp-json\/wp\/v2\/tags?post=1101"}],"curies":[{"name":"wp","href":"https:\/\/api.w.org\/{rel}","templated":true}]}}