{"id":110049,"date":"2024-10-05T01:02:38","date_gmt":"2024-10-04T23:02:38","guid":{"rendered":"https:\/\/exaudi.org\/?p=110049"},"modified":"2024-10-05T11:00:23","modified_gmt":"2024-10-05T09:00:23","slug":"fiducia-supplicans-y-sinodo-aleman-el-cardenal-lopez-romero-responde","status":"publish","type":"post","link":"https:\/\/exaudi.org\/es\/fiducia-supplicans-y-sinodo-aleman-el-cardenal-lopez-romero-responde\/","title":{"rendered":"Fiducia Supplicans y S\u00ednodo Alem\u00e1n, el cardenal Lopez Romero responde"},"content":{"rendered":"<p>El cardenal espa\u00f1ol Crist\u00f3bal L\u00f3pez Romero, actualmente arzobispo de Rabat, Marruecos, respondi\u00f3 respondi\u00f3 este viernes sobre el s\u00ednodo alem\u00e1n, la Iglesia en \u00c1frica y el caso &#8216;<a href=\"https:\/\/exaudi.org\/es\/fiducia-supplicans\/\" target=\"_blank\" rel=\"noopener\">Fiducia supplicans<\/a>&#8216;, durante la segunda conferencia realizada en la remodelada Sala de Prensa del Vaticano, sobre el s\u00ednodo en curso.<\/p>\n<p>Interrogado por Exaudi sobre c\u00f3mo se ubica el s\u00ednodo alem\u00e1n, con una agenda propia, respecto al actual s\u00ednodo que ha involucrado indirectamente a millones de cat\u00f3licos, el purpurado respondi\u00f3: \u201cSi bien no conozco todos los detalles del camino sinodal alem\u00e1n creo que ellos han interactuado tambi\u00e9n necesariamente con el Papa y con toda la Iglesia universal y eso ha frenado ciertas ciertos caminos y sendas que estaban tomando\u201d.<\/p>\n<p>Esto porque \u201cla sinodalidad implica eso, escucharnos unos a otros, porque nadie puede hacer el camino solo y eso vale no solo para el individuo, sino tambi\u00e9n para las iglesias particulares\u201d.<\/p>\n<p>A\u00f1adi\u00f3 que los s\u00ednodos \u201ctoman validez cuando la autoridad los reconoce\u201d y ejemplific\u00f3 indicando que \u201cel Concilio Vaticano II y los concilios ecum\u00e9nicos son v\u00e1lidos cuando el Papa los proclama\u201d.<\/p>\n<p>Y si bien esas velocidades diversas originar\u00e1n -continu\u00f3 el cardenal salesiano- sufrimientos y momentos de oscuridad y dificultad, \u201ces mejor que surjan estos problemas porque existen, para poder afrontarlos y no meterlos debajo de la alfombra\u201d.<\/p>\n<p>Interrogado por Eva Fern\u00e1ndez de Cope, el cardenal de Rabat consider\u00f3 que el actual s\u00ednodo \u201cest\u00e1 siendo muy enriquecedor porque nos pone juntos personas de diferentes continentes, se ponen juntos a cl\u00e9rigos y laicos, hombres y mujeres y todo esta diversidad nos enriquece aunque supone pulirnos los unos a los otros\u201d.<\/p>\n<p>Record\u00f3 que el Santo Padre ha indicado que la Iglesia est\u00e1 muy euroc\u00e9ntrica, occidentalizada, y \u201ceso lo he palpado cuando he conocido Am\u00e9rica Latina y en parte \u00c1frica. Por ello consider\u00f3 que \u201cla Iglesia va a salir de este proceso m\u00e1s cat\u00f3lica en el mejor sentido de la palabra, m\u00e1s universal\u201d.<\/p>\n<p>Cont\u00f3 as\u00ed de un obispo africano, cuya di\u00f3cesis es \u201cfecunda en vocaciones y en seminarios llenos y multitudes que se bautizan, etc.\u201d, que \u201cechaba en cara a un obispo europeo el hecho que viniese a darles lecciones, cuando el europeo vend\u00eda iglesias vac\u00edas y todo eso&#8230;\u201d.<\/p>\n<p>Por ello concluy\u00f3 que \u201clos europeos quiz\u00e1s tendremos que aprender a ser humildes &#8230; y no solamente dar lecciones, pero los africanos tambi\u00e9n tendr\u00e1n que aprender a ser humildes y a que no se le suban los humos a la cabeza. Porque el \u00e9xito no est\u00e1 en las cantidades ni en los n\u00fameros que son pasajeros\u201d.<\/p>\n<p>O sea \u201cayudarnos los unos a los otros a vivir aut\u00e9nticamente el Evangelio\u201d en un \u201cproceso de roce\u201d que \u201ces muy ben\u00e9fico, porque si no cada uno hace el camino por su cuenta y cuando abrimos los ojos, nos encontramos que somos diferentes iglesias y que estamos alejados los unos de los otros. Esto nos obliga a interaccionar, a escucharnos, a descubrir cosas, a sorprendernos y enriquecernos mutuamente\u201d.<\/p>\n<p>Sobre declaraci\u00f3n &#8216;<a href=\"https:\/\/exaudi.org\/es\/fiducia-supplicans\/\" target=\"_blank\" rel=\"noopener\">Fiducia Supplicans<\/a>&#8216;, que permite a los sacerdotes a dar bendiciones a personas en situaci\u00f3n irregular y del mismo sexo, sin confundirlo con una bendici\u00f3n nupcial, respondi\u00f3 a la agencia Ansa.<\/p>\n<p>\u201cHubiera sido mejor -indic\u00f3 el arzobispo de Rabat- que se hubiera recorrido un camino sinodal, no sali\u00f3 de un s\u00ednodo sino del Dicasterio de la Doctrina de la Fe, sin que los obispos supi\u00e9ramos que iba a salir, sin que hubi\u00e9semos sido consultados, y por eso no es de extra\u00f1ar que haya habido reacciones en contra\u201d subrayando entretanto \u201cde algunos de los puntos, no de todos\u201d.<\/p>\n<p>Coment\u00f3 que su Conferencia episcopal \u201cse pronunci\u00f3 diferentemente, porque tampoco fuimos respetados en ese proceso de consulta a nivel africano\u201d.<\/p>\n<p>Por ello consider\u00f3 que \u201cel aprendizaje de la sinodalidad no es una cosa sencilla, tendremos que pasar por muchos tropiezos, y por muchos momentos en los que tendremos que pedirnos disculpas como el presidente de los obispos de \u00c1frica nos pidi\u00f3 disculpas a nosotros por haber hecho un pronunciamiento sin haber esperado que nosotros nos pronunci\u00e1semos\u201d.<\/p>\n<p>Y concluy\u00f3: \u201cDije antes, habr\u00e1 antes idas y venidas, y ser\u00e1 eso los que nos ayudar\u00e1 a todos a ser un poco m\u00e1s humildes y a dejarnos iluminar por el Esp\u00edritu Santo\u201d.<\/p>\n","protected":false},"excerpt":{"rendered":"<p>El arzobispo de Rabat aborda las complejidades y desaf\u00edos de la sinodalidad en la Iglesia Cat\u00f3lica durante la conferencia en el Vaticano<\/p>\n","protected":false},"author":100,"featured_media":110050,"comment_status":"closed","ping_status":"closed","sticky":false,"template":"","format":"standard","meta":{"_acf_changed":false,"_crdt_document":"","inline_featured_image":false,"footnotes":""},"categories":[144,132],"tags":[26900,26896,2998,26901,26899,1606,2419,11732,26897,3007,26902,26895,26898,272],"class_list":["post-110049","post","type-post","status-publish","format-standard","has-post-thumbnail","hentry","category-sinodos-es","category-vaticano-es","tag-bendiciones-a-personas-en-situacion-irregular","tag-cardenal-lopez-romero","tag-concilio-vaticano-ii","tag-dicasterio-de-la-doctrina-de-la-fe","tag-diversidad-en-la-iglesia","tag-exaudi","tag-featured","tag-fiducia-supplicans","tag-iglesia-en-africa","tag-sinodalidad-es","tag-sinodalidad-en-la-iglesia-catolica","tag-sinodo-aleman","tag-sinodo-en-curso","tag-vaticano-es"],"acf":[],"yoast_head":"<!-- This site is optimized with the Yoast SEO plugin v27.4 - https:\/\/yoast.com\/product\/yoast-seo-wordpress\/ -->\n<title>Fiducia Supplicans y S\u00ednodo Alem\u00e1n, el cardenal Lopez Romero responde &#8211; Exaudi<\/title>\n<meta name=\"robots\" content=\"index, follow, max-snippet:-1, max-image-preview:large, max-video-preview:-1\" \/>\n<link rel=\"canonical\" href=\"https:\/\/exaudi.org\/es\/fiducia-supplicans-y-sinodo-aleman-el-cardenal-lopez-romero-responde\/\" \/>\n<meta property=\"og:locale\" content=\"es_ES\" \/>\n<meta property=\"og:type\" content=\"article\" \/>\n<meta property=\"og:title\" content=\"Fiducia Supplicans y S\u00ednodo Alem\u00e1n, el cardenal Lopez Romero responde &#8211; Exaudi\" \/>\n<meta property=\"og:description\" content=\"El arzobispo de Rabat aborda las complejidades y desaf\u00edos de la sinodalidad en la Iglesia Cat\u00f3lica durante la conferencia en el Vaticano\" \/>\n<meta property=\"og:url\" content=\"https:\/\/exaudi.org\/es\/fiducia-supplicans-y-sinodo-aleman-el-cardenal-lopez-romero-responde\/\" \/>\n<meta property=\"og:site_name\" content=\"Exaudi\" \/>\n<meta property=\"article:publisher\" content=\"https:\/\/www.facebook.com\/ExaudiNews\" \/>\n<meta property=\"article:published_time\" content=\"2024-10-04T23:02:38+00:00\" \/>\n<meta property=\"article:modified_time\" content=\"2024-10-05T09:00:23+00:00\" \/>\n<meta property=\"og:image\" content=\"https:\/\/exaudi.org\/wp-content\/uploads\/2024\/10\/IMG-20241004-WA0044.jpg\" \/>\n\t<meta property=\"og:image:width\" content=\"2048\" \/>\n\t<meta property=\"og:image:height\" content=\"1536\" \/>\n\t<meta property=\"og:image:type\" content=\"image\/jpeg\" \/>\n<meta name=\"author\" content=\"Hern\u00e1n Sergio Mora\" \/>\n<meta name=\"twitter:card\" content=\"summary_large_image\" \/>\n<meta name=\"twitter:creator\" content=\"@Exaudi_News\" \/>\n<meta name=\"twitter:site\" content=\"@Exaudi_News\" \/>\n<meta name=\"twitter:label1\" content=\"Escrito por\" \/>\n\t<meta name=\"twitter:data1\" content=\"Hern\u00e1n Sergio Mora\" \/>\n\t<meta name=\"twitter:label2\" content=\"Tiempo de lectura\" \/>\n\t<meta name=\"twitter:data2\" content=\"4 minutos\" \/>\n<script type=\"application\/ld+json\" class=\"yoast-schema-graph\">{\"@context\":\"https:\\\/\\\/schema.org\",\"@graph\":[{\"@type\":\"Article\",\"@id\":\"https:\\\/\\\/exaudi.org\\\/es\\\/fiducia-supplicans-y-sinodo-aleman-el-cardenal-lopez-romero-responde\\\/#article\",\"isPartOf\":{\"@id\":\"https:\\\/\\\/exaudi.org\\\/es\\\/fiducia-supplicans-y-sinodo-aleman-el-cardenal-lopez-romero-responde\\\/\"},\"author\":{\"name\":\"Hern\u00e1n Sergio Mora\",\"@id\":\"https:\\\/\\\/exaudi.org\\\/#\\\/schema\\\/person\\\/3e7333f465f16fd2182fe9d6b1fdcae2\"},\"headline\":\"Fiducia Supplicans y S\u00ednodo Alem\u00e1n, el cardenal Lopez Romero responde\",\"datePublished\":\"2024-10-04T23:02:38+00:00\",\"dateModified\":\"2024-10-05T09:00:23+00:00\",\"mainEntityOfPage\":{\"@id\":\"https:\\\/\\\/exaudi.org\\\/es\\\/fiducia-supplicans-y-sinodo-aleman-el-cardenal-lopez-romero-responde\\\/\"},\"wordCount\":746,\"image\":{\"@id\":\"https:\\\/\\\/exaudi.org\\\/es\\\/fiducia-supplicans-y-sinodo-aleman-el-cardenal-lopez-romero-responde\\\/#primaryimage\"},\"thumbnailUrl\":\"https:\\\/\\\/exaudi.org\\\/wp-content\\\/uploads\\\/2024\\\/10\\\/IMG-20241004-WA0044.jpg\",\"keywords\":[\"bendiciones a personas en situaci\u00f3n irregular\",\"Cardenal L\u00f3pez Romero\",\"Concilio Vaticano II\",\"Dicasterio de la Doctrina de la Fe\",\"diversidad en la Iglesia\",\"Exaudi\",\"Featured\",\"Fiducia supplicans\",\"Iglesia en \u00c1frica\",\"Sinodalidad\",\"sinodalidad en la Iglesia Cat\u00f3lica\",\"S\u00ednodo alem\u00e1n\",\"s\u00ednodo en curso\",\"Vaticano\"],\"articleSection\":[\"S\u00ednodos\",\"Vaticano\"],\"inLanguage\":\"es\"},{\"@type\":\"WebPage\",\"@id\":\"https:\\\/\\\/exaudi.org\\\/es\\\/fiducia-supplicans-y-sinodo-aleman-el-cardenal-lopez-romero-responde\\\/\",\"url\":\"https:\\\/\\\/exaudi.org\\\/es\\\/fiducia-supplicans-y-sinodo-aleman-el-cardenal-lopez-romero-responde\\\/\",\"name\":\"Fiducia Supplicans y S\u00ednodo Alem\u00e1n, el cardenal Lopez Romero responde &#8211; Exaudi\",\"isPartOf\":{\"@id\":\"https:\\\/\\\/exaudi.org\\\/#website\"},\"primaryImageOfPage\":{\"@id\":\"https:\\\/\\\/exaudi.org\\\/es\\\/fiducia-supplicans-y-sinodo-aleman-el-cardenal-lopez-romero-responde\\\/#primaryimage\"},\"image\":{\"@id\":\"https:\\\/\\\/exaudi.org\\\/es\\\/fiducia-supplicans-y-sinodo-aleman-el-cardenal-lopez-romero-responde\\\/#primaryimage\"},\"thumbnailUrl\":\"https:\\\/\\\/exaudi.org\\\/wp-content\\\/uploads\\\/2024\\\/10\\\/IMG-20241004-WA0044.jpg\",\"datePublished\":\"2024-10-04T23:02:38+00:00\",\"dateModified\":\"2024-10-05T09:00:23+00:00\",\"author\":{\"@id\":\"https:\\\/\\\/exaudi.org\\\/#\\\/schema\\\/person\\\/3e7333f465f16fd2182fe9d6b1fdcae2\"},\"breadcrumb\":{\"@id\":\"https:\\\/\\\/exaudi.org\\\/es\\\/fiducia-supplicans-y-sinodo-aleman-el-cardenal-lopez-romero-responde\\\/#breadcrumb\"},\"inLanguage\":\"es\",\"potentialAction\":[{\"@type\":\"ReadAction\",\"target\":[\"https:\\\/\\\/exaudi.org\\\/es\\\/fiducia-supplicans-y-sinodo-aleman-el-cardenal-lopez-romero-responde\\\/\"]}]},{\"@type\":\"ImageObject\",\"inLanguage\":\"es\",\"@id\":\"https:\\\/\\\/exaudi.org\\\/es\\\/fiducia-supplicans-y-sinodo-aleman-el-cardenal-lopez-romero-responde\\\/#primaryimage\",\"url\":\"https:\\\/\\\/exaudi.org\\\/wp-content\\\/uploads\\\/2024\\\/10\\\/IMG-20241004-WA0044.jpg\",\"contentUrl\":\"https:\\\/\\\/exaudi.org\\\/wp-content\\\/uploads\\\/2024\\\/10\\\/IMG-20241004-WA0044.jpg\",\"width\":2048,\"height\":1536},{\"@type\":\"BreadcrumbList\",\"@id\":\"https:\\\/\\\/exaudi.org\\\/es\\\/fiducia-supplicans-y-sinodo-aleman-el-cardenal-lopez-romero-responde\\\/#breadcrumb\",\"itemListElement\":[{\"@type\":\"ListItem\",\"position\":1,\"name\":\"Portada\",\"item\":\"https:\\\/\\\/exaudi.org\\\/es\\\/\"},{\"@type\":\"ListItem\",\"position\":2,\"name\":\"Fiducia Supplicans y S\u00ednodo Alem\u00e1n, el cardenal Lopez Romero responde\"}]},{\"@type\":\"WebSite\",\"@id\":\"https:\\\/\\\/exaudi.org\\\/#website\",\"url\":\"https:\\\/\\\/exaudi.org\\\/\",\"name\":\"Exaudi\",\"description\":\"News\",\"potentialAction\":[{\"@type\":\"SearchAction\",\"target\":{\"@type\":\"EntryPoint\",\"urlTemplate\":\"https:\\\/\\\/exaudi.org\\\/?s={search_term_string}\"},\"query-input\":{\"@type\":\"PropertyValueSpecification\",\"valueRequired\":true,\"valueName\":\"search_term_string\"}}],\"inLanguage\":\"es\"},{\"@type\":\"Person\",\"@id\":\"https:\\\/\\\/exaudi.org\\\/#\\\/schema\\\/person\\\/3e7333f465f16fd2182fe9d6b1fdcae2\",\"name\":\"Hern\u00e1n Sergio Mora\",\"image\":{\"@type\":\"ImageObject\",\"inLanguage\":\"es\",\"@id\":\"https:\\\/\\\/secure.gravatar.com\\\/avatar\\\/556d88f9a25514abbe43c87f0ee46f86e5c496f9303998d1c6a585e6ffd9025b?s=96&d=mm&r=g\",\"url\":\"https:\\\/\\\/secure.gravatar.com\\\/avatar\\\/556d88f9a25514abbe43c87f0ee46f86e5c496f9303998d1c6a585e6ffd9025b?s=96&d=mm&r=g\",\"contentUrl\":\"https:\\\/\\\/secure.gravatar.com\\\/avatar\\\/556d88f9a25514abbe43c87f0ee46f86e5c496f9303998d1c6a585e6ffd9025b?s=96&d=mm&r=g\",\"caption\":\"Hern\u00e1n Sergio Mora\"},\"description\":\"Hern\u00e1n Sergio Mora, periodista profesional de la Associazione Stampa Estera, nacido en Buenos Aires. Desde hace 30 a\u00f1os en Roma, trabaj\u00f3 para diversos medios, El Pa\u00eds, BBC en espa\u00f1ol, Zenit.org. Ahora colabora con Exaudi\",\"sameAs\":[\"https:\\\/\\\/www.latinosenitalia.it\\\/\"],\"url\":\"https:\\\/\\\/exaudi.org\\\/es\\\/author\\\/sergiomora\\\/\"}]}<\/script>\n<!-- \/ Yoast SEO plugin. -->","yoast_head_json":{"title":"Fiducia Supplicans y S\u00ednodo Alem\u00e1n, el cardenal Lopez Romero responde &#8211; Exaudi","robots":{"index":"index","follow":"follow","max-snippet":"max-snippet:-1","max-image-preview":"max-image-preview:large","max-video-preview":"max-video-preview:-1"},"canonical":"https:\/\/exaudi.org\/es\/fiducia-supplicans-y-sinodo-aleman-el-cardenal-lopez-romero-responde\/","og_locale":"es_ES","og_type":"article","og_title":"Fiducia Supplicans y S\u00ednodo Alem\u00e1n, el cardenal Lopez Romero responde &#8211; Exaudi","og_description":"El arzobispo de Rabat aborda las complejidades y desaf\u00edos de la sinodalidad en la Iglesia Cat\u00f3lica durante la conferencia en el Vaticano","og_url":"https:\/\/exaudi.org\/es\/fiducia-supplicans-y-sinodo-aleman-el-cardenal-lopez-romero-responde\/","og_site_name":"Exaudi","article_publisher":"https:\/\/www.facebook.com\/ExaudiNews","article_published_time":"2024-10-04T23:02:38+00:00","article_modified_time":"2024-10-05T09:00:23+00:00","og_image":[{"width":2048,"height":1536,"url":"https:\/\/exaudi.org\/wp-content\/uploads\/2024\/10\/IMG-20241004-WA0044.jpg","type":"image\/jpeg"}],"author":"Hern\u00e1n Sergio Mora","twitter_card":"summary_large_image","twitter_creator":"@Exaudi_News","twitter_site":"@Exaudi_News","twitter_misc":{"Escrito por":"Hern\u00e1n Sergio Mora","Tiempo de lectura":"4 minutos"},"schema":{"@context":"https:\/\/schema.org","@graph":[{"@type":"Article","@id":"https:\/\/exaudi.org\/es\/fiducia-supplicans-y-sinodo-aleman-el-cardenal-lopez-romero-responde\/#article","isPartOf":{"@id":"https:\/\/exaudi.org\/es\/fiducia-supplicans-y-sinodo-aleman-el-cardenal-lopez-romero-responde\/"},"author":{"name":"Hern\u00e1n Sergio Mora","@id":"https:\/\/exaudi.org\/#\/schema\/person\/3e7333f465f16fd2182fe9d6b1fdcae2"},"headline":"Fiducia Supplicans y S\u00ednodo Alem\u00e1n, el cardenal Lopez Romero responde","datePublished":"2024-10-04T23:02:38+00:00","dateModified":"2024-10-05T09:00:23+00:00","mainEntityOfPage":{"@id":"https:\/\/exaudi.org\/es\/fiducia-supplicans-y-sinodo-aleman-el-cardenal-lopez-romero-responde\/"},"wordCount":746,"image":{"@id":"https:\/\/exaudi.org\/es\/fiducia-supplicans-y-sinodo-aleman-el-cardenal-lopez-romero-responde\/#primaryimage"},"thumbnailUrl":"https:\/\/exaudi.org\/wp-content\/uploads\/2024\/10\/IMG-20241004-WA0044.jpg","keywords":["bendiciones a personas en situaci\u00f3n irregular","Cardenal L\u00f3pez Romero","Concilio Vaticano II","Dicasterio de la Doctrina de la Fe","diversidad en la Iglesia","Exaudi","Featured","Fiducia supplicans","Iglesia en \u00c1frica","Sinodalidad","sinodalidad en la Iglesia Cat\u00f3lica","S\u00ednodo alem\u00e1n","s\u00ednodo en curso","Vaticano"],"articleSection":["S\u00ednodos","Vaticano"],"inLanguage":"es"},{"@type":"WebPage","@id":"https:\/\/exaudi.org\/es\/fiducia-supplicans-y-sinodo-aleman-el-cardenal-lopez-romero-responde\/","url":"https:\/\/exaudi.org\/es\/fiducia-supplicans-y-sinodo-aleman-el-cardenal-lopez-romero-responde\/","name":"Fiducia Supplicans y S\u00ednodo Alem\u00e1n, el cardenal Lopez Romero responde &#8211; Exaudi","isPartOf":{"@id":"https:\/\/exaudi.org\/#website"},"primaryImageOfPage":{"@id":"https:\/\/exaudi.org\/es\/fiducia-supplicans-y-sinodo-aleman-el-cardenal-lopez-romero-responde\/#primaryimage"},"image":{"@id":"https:\/\/exaudi.org\/es\/fiducia-supplicans-y-sinodo-aleman-el-cardenal-lopez-romero-responde\/#primaryimage"},"thumbnailUrl":"https:\/\/exaudi.org\/wp-content\/uploads\/2024\/10\/IMG-20241004-WA0044.jpg","datePublished":"2024-10-04T23:02:38+00:00","dateModified":"2024-10-05T09:00:23+00:00","author":{"@id":"https:\/\/exaudi.org\/#\/schema\/person\/3e7333f465f16fd2182fe9d6b1fdcae2"},"breadcrumb":{"@id":"https:\/\/exaudi.org\/es\/fiducia-supplicans-y-sinodo-aleman-el-cardenal-lopez-romero-responde\/#breadcrumb"},"inLanguage":"es","potentialAction":[{"@type":"ReadAction","target":["https:\/\/exaudi.org\/es\/fiducia-supplicans-y-sinodo-aleman-el-cardenal-lopez-romero-responde\/"]}]},{"@type":"ImageObject","inLanguage":"es","@id":"https:\/\/exaudi.org\/es\/fiducia-supplicans-y-sinodo-aleman-el-cardenal-lopez-romero-responde\/#primaryimage","url":"https:\/\/exaudi.org\/wp-content\/uploads\/2024\/10\/IMG-20241004-WA0044.jpg","contentUrl":"https:\/\/exaudi.org\/wp-content\/uploads\/2024\/10\/IMG-20241004-WA0044.jpg","width":2048,"height":1536},{"@type":"BreadcrumbList","@id":"https:\/\/exaudi.org\/es\/fiducia-supplicans-y-sinodo-aleman-el-cardenal-lopez-romero-responde\/#breadcrumb","itemListElement":[{"@type":"ListItem","position":1,"name":"Portada","item":"https:\/\/exaudi.org\/es\/"},{"@type":"ListItem","position":2,"name":"Fiducia Supplicans y S\u00ednodo Alem\u00e1n, el cardenal Lopez Romero responde"}]},{"@type":"WebSite","@id":"https:\/\/exaudi.org\/#website","url":"https:\/\/exaudi.org\/","name":"Exaudi","description":"News","potentialAction":[{"@type":"SearchAction","target":{"@type":"EntryPoint","urlTemplate":"https:\/\/exaudi.org\/?s={search_term_string}"},"query-input":{"@type":"PropertyValueSpecification","valueRequired":true,"valueName":"search_term_string"}}],"inLanguage":"es"},{"@type":"Person","@id":"https:\/\/exaudi.org\/#\/schema\/person\/3e7333f465f16fd2182fe9d6b1fdcae2","name":"Hern\u00e1n Sergio Mora","image":{"@type":"ImageObject","inLanguage":"es","@id":"https:\/\/secure.gravatar.com\/avatar\/556d88f9a25514abbe43c87f0ee46f86e5c496f9303998d1c6a585e6ffd9025b?s=96&d=mm&r=g","url":"https:\/\/secure.gravatar.com\/avatar\/556d88f9a25514abbe43c87f0ee46f86e5c496f9303998d1c6a585e6ffd9025b?s=96&d=mm&r=g","contentUrl":"https:\/\/secure.gravatar.com\/avatar\/556d88f9a25514abbe43c87f0ee46f86e5c496f9303998d1c6a585e6ffd9025b?s=96&d=mm&r=g","caption":"Hern\u00e1n Sergio Mora"},"description":"Hern\u00e1n Sergio Mora, periodista profesional de la Associazione Stampa Estera, nacido en Buenos Aires. Desde hace 30 a\u00f1os en Roma, trabaj\u00f3 para diversos medios, El Pa\u00eds, BBC en espa\u00f1ol, Zenit.org. Ahora colabora con Exaudi","sameAs":["https:\/\/www.latinosenitalia.it\/"],"url":"https:\/\/exaudi.org\/es\/author\/sergiomora\/"}]}},"jetpack_featured_media_url":"https:\/\/exaudi.org\/wp-content\/uploads\/2024\/10\/IMG-20241004-WA0044.jpg","jetpack_shortlink":"https:\/\/wp.me\/pgKjF2-sCZ","_links":{"self":[{"href":"https:\/\/exaudi.org\/es\/wp-json\/wp\/v2\/posts\/110049","targetHints":{"allow":["GET"]}}],"collection":[{"href":"https:\/\/exaudi.org\/es\/wp-json\/wp\/v2\/posts"}],"about":[{"href":"https:\/\/exaudi.org\/es\/wp-json\/wp\/v2\/types\/post"}],"author":[{"embeddable":true,"href":"https:\/\/exaudi.org\/es\/wp-json\/wp\/v2\/users\/100"}],"replies":[{"embeddable":true,"href":"https:\/\/exaudi.org\/es\/wp-json\/wp\/v2\/comments?post=110049"}],"version-history":[{"count":0,"href":"https:\/\/exaudi.org\/es\/wp-json\/wp\/v2\/posts\/110049\/revisions"}],"wp:featuredmedia":[{"embeddable":true,"href":"https:\/\/exaudi.org\/es\/wp-json\/wp\/v2\/media\/110050"}],"wp:attachment":[{"href":"https:\/\/exaudi.org\/es\/wp-json\/wp\/v2\/media?parent=110049"}],"wp:term":[{"taxonomy":"category","embeddable":true,"href":"https:\/\/exaudi.org\/es\/wp-json\/wp\/v2\/categories?post=110049"},{"taxonomy":"post_tag","embeddable":true,"href":"https:\/\/exaudi.org\/es\/wp-json\/wp\/v2\/tags?post=110049"}],"curies":[{"name":"wp","href":"https:\/\/api.w.org\/{rel}","templated":true}]}}