{"id":110022,"date":"2024-11-15T10:15:45","date_gmt":"2024-11-15T09:15:45","guid":{"rendered":"https:\/\/exaudi.org\/?p=110022"},"modified":"2025-01-24T09:23:20","modified_gmt":"2025-01-24T08:23:20","slug":"laicos-comprometidos-dialogo-entre-albert-cortina-y-luis-carreras-del-rincon","status":"publish","type":"post","link":"https:\/\/exaudi.org\/es\/laicos-comprometidos-dialogo-entre-albert-cortina-y-luis-carreras-del-rincon\/","title":{"rendered":"Esperanza: confianza y alegr\u00eda frente a las dificultades"},"content":{"rendered":"<p>La\u00a0<a href=\"https:\/\/eukmamie.org\/es\/\" target=\"_blank\" rel=\"noopener\">Fundaci\u00f3n EUK Mamie y HM Televisi\u00f3n<\/a>\u00a0presentan a los lectores de Exaudi una nueva\u00a0<em><strong>temporada 16<\/strong><\/em>\u00a0de la serie que lleva por t\u00edtulo \u00ab<em><strong>El mundo que se avecina<\/strong><\/em>\u00bb, dirigido y presentado por <a href=\"https:\/\/exaudi.org\/es\/author\/albert-cortina\/\" target=\"_blank\" rel=\"noopener\">Albert Cortina<\/a>.<\/p>\n<p>Cortina es abogado especialista en urbanismo, ordenaci\u00f3n del territorio, medio ambiente y gesti\u00f3n del paisaje. Es, adem\u00e1s, una de las primeras voces que en Espa\u00f1a alert\u00f3 sobre las pretensiones del\u00a0<strong>transhumanismo<\/strong>\u00a0y su relaci\u00f3n con el\u00a0<strong>Nuevo Orden Mundial<\/strong>, definiendo el transhumanismo como \u00abun misticismo cient\u00edfico de car\u00e1cter ut\u00f3pico\u00bb.<\/p>\n<p>Albert Cortina entrevista, en bloques tem\u00e1ticos de siete cap\u00edtulos, a muy diversos invitados con quienes espera que, a trav\u00e9s de su cosmovisi\u00f3n personal y de la convergencia de saberes que nos ofrecer\u00e1n, poder adelantarse a ese \u00abmundo que se avecina\u00bb y a todos sus retos, previendo problemas y ofreciendo soluciones desde el humanismo cristiano.<\/p>\n<h3><strong>Episodio 1: Eucarist\u00eda, \u00bfpara qu\u00e9 nos sirve?<\/strong><\/h3>\n<p>En este cap\u00edtulo profundizamos en la Eucarist\u00eda. Albert Cortina y Luis Carreras del Rinc\u00f3n, \u2014abogado y profesor en ESADE Business &amp; Law School\u2014, comparten la importancia vital que tiene en la vida de un cristiano el participar de la Santa Eucarist\u00eda, de donde debemos sacar las fuerzas para vivir el d\u00eda a d\u00eda, con amor en las peque\u00f1as cosas.<\/p>\n<audio class=\"wp-audio-shortcode\" id=\"audio-110022-1\" preload=\"none\" style=\"width: 100%;\" controls=\"controls\"><source type=\"audio\/mpeg\" src=\"https:\/\/exaudi.org\/wp-content\/uploads\/2024\/10\/El-mundo-que-se-avecina_-B16-1_7-Eucaristia-\u00bfpara-que-nos-sirve_.mp3?_=1\" \/><a href=\"https:\/\/exaudi.org\/wp-content\/uploads\/2024\/10\/El-mundo-que-se-avecina_-B16-1_7-Eucaristia-\u00bfpara-que-nos-sirve_.mp3\">https:\/\/exaudi.org\/wp-content\/uploads\/2024\/10\/El-mundo-que-se-avecina_-B16-1_7-Eucaristia-\u00bfpara-que-nos-sirve_.mp3<\/a><\/audio>\n<p>&nbsp;<\/p>\n<p><iframe loading=\"lazy\" title=\"El mundo que se avecina: B16 - 1\/7 Eucarist\u00eda, \u00bfpara qu\u00e9 nos sirve?\" width=\"500\" height=\"281\" src=\"https:\/\/www.youtube.com\/embed\/f4E09GvRi2k?feature=oembed\" frameborder=\"0\" allow=\"accelerometer; autoplay; clipboard-write; encrypted-media; gyroscope; picture-in-picture; web-share\" referrerpolicy=\"strict-origin-when-cross-origin\" allowfullscreen><\/iframe><\/p>\n<h3><strong>Episodio 2: Santificaci\u00f3n de nuestra vida ordinaria<\/strong><\/h3>\n<p>En esta conversaci\u00f3n entre Albert Cortina y Luis Carreras del Rinc\u00f3n (abogado y profesor en ESADE Business &amp; Law School), el di\u00e1logo gira en torno al tema de c\u00f3mo el trabajo es santificaci\u00f3n en la vida ordinaria.<\/p>\n<p>La fe del cristiano tiene que permear todos los aspectos de la vida. No se puede ser cristiano en la Iglesia o en casa y luego en el trabajo o en otros ambientes, vivir como si no lo fuera.<\/p>\n<p>El trabajo, para el cristiano, se convierte de este modo en una nueva oportunidad de amar a Dios, cumplir el deber lo m\u00e1s perfectamente posible y descubrir que donde hay amor a Dios la rutina no existe, porque cada d\u00eda es una nueva oportunidad para desarrollar los talentos que nos ha dado Dios para que produzcan frutos de vida eterna.<\/p>\n<audio class=\"wp-audio-shortcode\" id=\"audio-110022-2\" preload=\"none\" style=\"width: 100%;\" controls=\"controls\"><source type=\"audio\/mpeg\" src=\"https:\/\/exaudi.org\/wp-content\/uploads\/2024\/10\/El-mundo-que-se-avecina_-B16-2_7-Trabajo_-Santificacion-de-nuestra-vida-ordinaria-HMTelevision.mp3?_=2\" \/><a href=\"https:\/\/exaudi.org\/wp-content\/uploads\/2024\/10\/El-mundo-que-se-avecina_-B16-2_7-Trabajo_-Santificacion-de-nuestra-vida-ordinaria-HMTelevision.mp3\">https:\/\/exaudi.org\/wp-content\/uploads\/2024\/10\/El-mundo-que-se-avecina_-B16-2_7-Trabajo_-Santificacion-de-nuestra-vida-ordinaria-HMTelevision.mp3<\/a><\/audio>\n<p>&nbsp;<\/p>\n<p><iframe loading=\"lazy\" title=\"El mundo que se avecina: B16 - 2\/7 Trabajo: Santificaci\u00f3n de nuestra vida ordinaria\" width=\"500\" height=\"281\" src=\"https:\/\/www.youtube.com\/embed\/d7nsemtH_Zo?list=PLy-IF8zRV7ziFXfK5DCW3-BNqB6hxJ44J\" frameborder=\"0\" allow=\"accelerometer; autoplay; clipboard-write; encrypted-media; gyroscope; picture-in-picture; web-share\" referrerpolicy=\"strict-origin-when-cross-origin\" allowfullscreen><\/iframe><\/p>\n<p>&nbsp;<\/p>\n<h3><\/h3>\n<h3><strong>Episodio 3: Familia: Generosidad y apertura a la vida<\/strong><\/h3>\n<p>En esta conversaci\u00f3n entre Albert Cortina y Luis Carreras del Rinc\u00f3n (abogado y profesor en ESADE Business &amp; Law School), abre el coraz\u00f3n para compartir su experiencia de ser padre de una familia numerosa.<\/p>\n<p>Con 10 hijos y 19 nietos, Luis tiene una amplia experiencia personal tanto en la vida familiar como en tratar y orientar a otras familias cristianas. El cristiano casado y padre de familia va a contra corriente. No es ego\u00edsta. Est\u00e1 llamado a buscar no su felicidad, sino la felicidad del otro poniendo su confianza en Dios.<\/p>\n<audio class=\"wp-audio-shortcode\" id=\"audio-110022-3\" preload=\"none\" style=\"width: 100%;\" controls=\"controls\"><source type=\"audio\/mpeg\" src=\"https:\/\/exaudi.org\/wp-content\/uploads\/2024\/10\/El-mundo-que-se-avecina_-B16-3_7-Familia_-Generosidad-y-apertura-a-la-vida-HMTelevision-online-audio-converter.com_.mp3?_=3\" \/><a href=\"https:\/\/exaudi.org\/wp-content\/uploads\/2024\/10\/El-mundo-que-se-avecina_-B16-3_7-Familia_-Generosidad-y-apertura-a-la-vida-HMTelevision-online-audio-converter.com_.mp3\">https:\/\/exaudi.org\/wp-content\/uploads\/2024\/10\/El-mundo-que-se-avecina_-B16-3_7-Familia_-Generosidad-y-apertura-a-la-vida-HMTelevision-online-audio-converter.com_.mp3<\/a><\/audio>\n<p>&nbsp;<\/p>\n<p><iframe loading=\"lazy\" title=\"El mundo que se avecina: B16 - 3\/7 Familia: Generosidad y apertura a la vida\" width=\"500\" height=\"281\" src=\"https:\/\/www.youtube.com\/embed\/CqxWFBaGd6I?list=PLy-IF8zRV7ziFXfK5DCW3-BNqB6hxJ44J\" frameborder=\"0\" allow=\"accelerometer; autoplay; clipboard-write; encrypted-media; gyroscope; picture-in-picture; web-share\" referrerpolicy=\"strict-origin-when-cross-origin\" allowfullscreen><\/iframe><\/p>\n<p>&nbsp;<\/p>\n<h3><strong>Episodio 4:\u00a0<\/strong>Educaci\u00f3n: La escuela cat\u00f3lica ante los retos del futuro<\/h3>\n<p>Es un reto alcanzar para los hijos una verdadera educaci\u00f3n cristiana acorde con lo que se ense\u00f1a en casa. De esto hablan en este cap\u00edtulo Albert Cortina y Luis Carreras del Rinc\u00f3n, (abogado y profesor en ESADE Business &amp; Law School).<\/p>\n<p>La escuela debe complementar la educaci\u00f3n dada en casa, pero no la sustituye; los padres est\u00e1n llamados a no poner la atenci\u00f3n solo en las notas del hijo, sino en el esfuerzo que hace para aprender, apoy\u00e1ndolo y anim\u00e1ndolo.<\/p>\n<audio class=\"wp-audio-shortcode\" id=\"audio-110022-4\" preload=\"none\" style=\"width: 100%;\" controls=\"controls\"><source type=\"audio\/mpeg\" src=\"https:\/\/exaudi.org\/wp-content\/uploads\/2024\/10\/El-mundo-que-se-avecina_-B16-4_7-Educacion_-La-escuela-catolica-ante-los-retos-del-futuro-HMTelevision-online-audio-converter.com_.mp3?_=4\" \/><a href=\"https:\/\/exaudi.org\/wp-content\/uploads\/2024\/10\/El-mundo-que-se-avecina_-B16-4_7-Educacion_-La-escuela-catolica-ante-los-retos-del-futuro-HMTelevision-online-audio-converter.com_.mp3\">https:\/\/exaudi.org\/wp-content\/uploads\/2024\/10\/El-mundo-que-se-avecina_-B16-4_7-Educacion_-La-escuela-catolica-ante-los-retos-del-futuro-HMTelevision-online-audio-converter.com_.mp3<\/a><\/audio>\n<p>&nbsp;<\/p>\n<p><iframe loading=\"lazy\" title=\"El mundo que se avecina: B16 - 4\/7 Educaci\u00f3n: La escuela cat\u00f3lica ante los retos del futuro\" width=\"500\" height=\"281\" src=\"https:\/\/www.youtube.com\/embed\/7FKDSsXhwgk?feature=oembed\" frameborder=\"0\" allow=\"accelerometer; autoplay; clipboard-write; encrypted-media; gyroscope; picture-in-picture; web-share\" referrerpolicy=\"strict-origin-when-cross-origin\" allowfullscreen><\/iframe><\/p>\n<p>&nbsp;<\/p>\n<h3><strong>Episodio 5:\u00a0Compromiso social: amor en acci\u00f3n<\/strong><\/h3>\n<p>\u00abEl compromiso social: amor en acci\u00f3n\u00bb es el tema que tratan en este cap\u00edtulo Albert Cortina y Luis Carreras del Rinc\u00f3n, ( abogado y profesor en ESADE Business &amp; Law School).<\/p>\n<p>La fe cristiana es el fermento que alimenta las obras de caridad, pero la Iglesia no es una simple ONG m\u00e1s, est\u00e1 llamada a llevar no solo la ayuda material, sino un alimento espiritual al mundo que se avecina.<\/p>\n<audio class=\"wp-audio-shortcode\" id=\"audio-110022-5\" preload=\"none\" style=\"width: 100%;\" controls=\"controls\"><source type=\"audio\/mpeg\" src=\"https:\/\/exaudi.org\/wp-content\/uploads\/2024\/10\/El-mundo-que-se-avecina_-B16-5_7-Compromiso-social_-amor-en-accion-HMTelevision.mp3?_=5\" \/><a href=\"https:\/\/exaudi.org\/wp-content\/uploads\/2024\/10\/El-mundo-que-se-avecina_-B16-5_7-Compromiso-social_-amor-en-accion-HMTelevision.mp3\">https:\/\/exaudi.org\/wp-content\/uploads\/2024\/10\/El-mundo-que-se-avecina_-B16-5_7-Compromiso-social_-amor-en-accion-HMTelevision.mp3<\/a><\/audio>\n<p>&nbsp;<\/p>\n<p><iframe loading=\"lazy\" title=\"El mundo que se avecina: B16 - 5\/7 Compromiso social: amor en acci\u00f3n\" width=\"500\" height=\"281\" src=\"https:\/\/www.youtube.com\/embed\/V3u5vyfZyUk?feature=oembed\" frameborder=\"0\" allow=\"accelerometer; autoplay; clipboard-write; encrypted-media; gyroscope; picture-in-picture; web-share\" referrerpolicy=\"strict-origin-when-cross-origin\" allowfullscreen><\/iframe><\/p>\n<p>&nbsp;<\/p>\n<h3><strong>Episodio 6: Evangelizaci\u00f3n: el apostolado de la amistad<\/strong><\/h3>\n<p>El cristiano est\u00e1 llamado a aprovechar todos los medios y maneras para llevar un mensaje de esperanza, que es el mensaje de Cristo, al mundo. Albert Cortina y Luis Carreras del Rinc\u00f3n ( abogado y profesor en ESADE Business &amp; Law School), nos hablan de algunos de estos m\u00e9todos de evangelizaci\u00f3n en el mundo y momento en que nos ha tocado vivir.<\/p>\n<audio class=\"wp-audio-shortcode\" id=\"audio-110022-6\" preload=\"none\" style=\"width: 100%;\" controls=\"controls\"><source type=\"audio\/mpeg\" src=\"https:\/\/exaudi.org\/wp-content\/uploads\/2024\/11\/El-mundo-que-se-avecina_-B16-6_7-Evangelizacion_-el-apostolado-de-la-amistad-HMTelevision-online-audio-converter.com_.mp3?_=6\" \/><a href=\"https:\/\/exaudi.org\/wp-content\/uploads\/2024\/11\/El-mundo-que-se-avecina_-B16-6_7-Evangelizacion_-el-apostolado-de-la-amistad-HMTelevision-online-audio-converter.com_.mp3\">https:\/\/exaudi.org\/wp-content\/uploads\/2024\/11\/El-mundo-que-se-avecina_-B16-6_7-Evangelizacion_-el-apostolado-de-la-amistad-HMTelevision-online-audio-converter.com_.mp3<\/a><\/audio>\n<h3><\/h3>\n<p><iframe loading=\"lazy\" title=\"El mundo que se avecina: B16 - 6\/7 Evangelizaci\u00f3n: el apostolado de la amistad\" width=\"500\" height=\"281\" src=\"https:\/\/www.youtube.com\/embed\/vSWPI92pGv8?feature=oembed\" frameborder=\"0\" allow=\"accelerometer; autoplay; clipboard-write; encrypted-media; gyroscope; picture-in-picture; web-share\" referrerpolicy=\"strict-origin-when-cross-origin\" allowfullscreen><\/iframe><\/p>\n<p>&nbsp;<\/p>\n<h3><strong>Episodio 7:\u00a0<\/strong>Esperanza: confianza y alegr\u00eda frente a las dificultades<\/h3>\n<p>Este \u00faltimo cap\u00edtulo entre Albert Cortina y Luis Carreras (abogado y profesor en ESADE Business &amp; Law School), concluye este bloque sobre laicos comprometidos con una mirada de esperanza. A pesar de las dificultades por las que podamos pasar, los sufrimientos, los retos del d\u00eda a d\u00eda, tenemos que darnos cuenta de que hay motivos de esperanza y de que estamos llamados a la confianza en Dios que todo lo puede. As\u00ed lo hicieron \u00e9l y la familia de Luis en un momento de sufrimiento, que fue la muerte de un nieto con s\u00edndrome de Down, muerte que ha sido, adem\u00e1s, inspiraci\u00f3n de un nuevo documental sobre el mundo de las UCI neonatales y el duelo perinatal, producido por su yerno, Ignasi Guerrero, \u00abUna estrella Fugaz\u00bb.<\/p>\n<audio class=\"wp-audio-shortcode\" id=\"audio-110022-7\" preload=\"none\" style=\"width: 100%;\" controls=\"controls\"><source type=\"audio\/mpeg\" src=\"https:\/\/exaudi.org\/wp-content\/uploads\/2024\/11\/El-mundo-que-se-avecina_-B16-7_7-Esperanza_-confianza-y-alegria-frente-a-las-dificultades-HMTelevision-online-audio-converter.com_.mp3?_=7\" \/><a href=\"https:\/\/exaudi.org\/wp-content\/uploads\/2024\/11\/El-mundo-que-se-avecina_-B16-7_7-Esperanza_-confianza-y-alegria-frente-a-las-dificultades-HMTelevision-online-audio-converter.com_.mp3\">https:\/\/exaudi.org\/wp-content\/uploads\/2024\/11\/El-mundo-que-se-avecina_-B16-7_7-Esperanza_-confianza-y-alegria-frente-a-las-dificultades-HMTelevision-online-audio-converter.com_.mp3<\/a><\/audio>\n<p>&nbsp;<\/p>\n<p><iframe loading=\"lazy\" title=\"El mundo que se avecina: B16 - 7\/7 Esperanza: confianza y alegr\u00eda frente a las dificultades\" width=\"500\" height=\"281\" src=\"https:\/\/www.youtube.com\/embed\/JDqa_5N0LJE?feature=oembed\" frameborder=\"0\" allow=\"accelerometer; autoplay; clipboard-write; encrypted-media; gyroscope; picture-in-picture; web-share\" referrerpolicy=\"strict-origin-when-cross-origin\" allowfullscreen><\/iframe><\/p>\n<h3><strong>Otras temporadas:<\/strong><\/h3>\n<ul>\n<li><strong><a href=\"https:\/\/exaudi.org\/es\/albert-cortina-presenta-la-serie-que-anticipa-los-desafios-del-futuro\/\" target=\"_blank\" rel=\"noopener\">Temporada 1: Desaf\u00edos y razones para la esperanza (Jes\u00fas Avezuela)<\/a>.\u00a0<\/strong><\/li>\n<li><strong><a href=\"https:\/\/exaudi.org\/es\/etica-de-la-virtud-tecnologia\/\" target=\"_blank\" rel=\"noopener\">Temporada 2:\u00a0\u00c9tica de la virtud en el \u00e1mbito de la tecnolog\u00eda (Alfredo Marcos)<\/a>.\u00a0<\/strong><\/li>\n<li><strong><a href=\"https:\/\/exaudi.org\/es\/conocimiento-profetico-y-futuro-de-la-humanidad-albert-cortina-y-jorge-fernandez-diaz\/\" target=\"_blank\" rel=\"noopener\">Temporada 3:\u00a0Conocimiento prof\u00e9tico y futuro de la humanidad (Jorge Fern\u00e1ndez D\u00edaz)<\/a>.\u00a0<\/strong><\/li>\n<li><a href=\"https:\/\/exaudi.org\/es\/preservacion-de-la-naturaleza-humana-albert-cortina-y-miquel-angel-serra-beltran\/\" target=\"_blank\" rel=\"noopener\"><strong>Temporada 4:\u00a0Preservaci\u00f3n de la naturaleza humana (Miquel-\u00c0ngel Serra Beltr\u00e1n)<\/strong><\/a>.<\/li>\n<li><strong><a href=\"https:\/\/exaudi.org\/es\/la-iglesia-del-futuro-albert-cortina-y-mons-d-juan-antonio-reig-pla\/\" target=\"_blank\" rel=\"noopener\">Temporada 5:\u00a0La Iglesia del futuro (D. Juan Antonio Reig Pla)<\/a>.\u00a0<\/strong><\/li>\n<li><strong><a href=\"https:\/\/exaudi.org\/es\/jovenes-esperanzados-albert-cortina-y-miquel-feliu-wennberg\/\" target=\"_blank\" rel=\"noopener\">Temporada 6:\u00a0J\u00f3venes esperanzados (Miquel Feliu Wennberg)<\/a>.\u00a0<\/strong><\/li>\n<li><strong><a href=\"https:\/\/exaudi.org\/es\/ciudadanos-digitales-tecnologia-y-familia-albert-cortina-y-maria-zabala-pino\/\" target=\"_blank\" rel=\"noopener\">Temporada 7:\u00a0Ciudadanos digitales, tecnolog\u00eda y familia (Mar\u00eda Zabala Pino)<\/a>.<\/strong><\/li>\n<li><strong><a href=\"https:\/\/exaudi.org\/es\/el-futuro-de-la-familia-dialogo-entre-albert-cortina-y-maria-jose-arranz\/\" target=\"_blank\" rel=\"noopener\">Temporada 8:\u00a0El futuro de la familia (Mar\u00eda Jos\u00e9 Arranz)<\/a>.<\/strong><\/li>\n<li><strong><a href=\"https:\/\/exaudi.org\/es\/el-nuevo-gnosticismo-dialogo-entre-albert-cortina-y-stefano-abbate\/\" target=\"_blank\" rel=\"noopener\">Temporada 9:\u00a0El nuevo gnosticismo (Stefano Abbate)<\/a>.<\/strong><\/li>\n<li><a href=\"https:\/\/exaudi.org\/es\/en-defensa-de-la-vida-dialogo-entre-albert-cortina-y-angel-guerra\/\" target=\"_blank\" rel=\"noopener\"><strong>Temporada 10:\u00a0En defensa de la vida (\u00c1ngel Guerra)<\/strong><\/a>.<\/li>\n<li><a href=\"https:\/\/exaudi.org\/es\/comunicacion-y-nueva-evangelizacion-dialogo-entre-albert-cortina-y-maria-solano-altaba\/\" target=\"_blank\" rel=\"noopener\"><strong>Temporada 11: Comunicaci\u00f3n y nueva evangelizaci\u00f3n (Mar\u00eda Solano Altaba)<\/strong><\/a>.<\/li>\n<li><strong><a href=\"https:\/\/exaudi.org\/es\/conciencia-mente-y-cerebro-dialogo-entre-albert-cortina-y-jose-ignacio-murillo-gomez\/\" target=\"_blank\" rel=\"noopener\">Temporada 12: Conciencia, mente y cerebro (Jos\u00e9 Ignacio Murillo G\u00f3mez)<\/a><\/strong>.<\/li>\n<li><strong><a href=\"https:\/\/exaudi.org\/es\/ciencia-y-fe-albert-cortina-y-enrique-solano-marquez\/\" target=\"_blank\" rel=\"noopener\">Temporada 13: Ciencia y fe (Enrique Solano M\u00e1rquez)<\/a><\/strong>.<\/li>\n<li><a href=\"https:\/\/exaudi.org\/es\/agenda-2033-avanzando-en-el-plan-redentor-de-dios-dialogo-entre-albert-cortina-y-padre-felix-lopez-lozano-shm\/\" target=\"_blank\" rel=\"noopener\"><strong>Temporada 14: Agenda 2033: Avanzando en el plan redentor de Dios (Padre F\u00e9lix L\u00f3pez Lozano, SHM)<\/strong><\/a>.<\/li>\n<li><strong><a href=\"https:\/\/exaudi.org\/es\/sistema-financiero-y-geopolitica-global-dialogo-entre-albert-cortina-y-pablo-sanz-bayon\/\" target=\"_blank\" rel=\"noopener\">Temporada 15: Sistema financiero y geopol\u00edtica global (Pablo Sanz Bay\u00f3n)<\/a><\/strong><\/li>\n<li><strong><a href=\"https:\/\/exaudi.org\/es\/evangelizacion-el-apostolado-de-la-amistad\/\" target=\"_blank\" rel=\"noopener\">Temporada 16: Laicos comprometidos (Luis Carreras del Rinc\u00f3n)<\/a><\/strong><\/li>\n<\/ul>\n","protected":false},"excerpt":{"rendered":"<p>El mundo que se avecina: Temporada 16. Laicos comprometidos: Di\u00e1logo entre Albert Cortina y Luis Carreras del Rinc\u00f3n<\/p>\n","protected":false},"author":144,"featured_media":113009,"comment_status":"closed","ping_status":"closed","sticky":false,"template":"","format":"standard","meta":{"_acf_changed":false,"_crdt_document":"","inline_featured_image":false,"footnotes":""},"categories":[72],"tags":[26865,14131,4744,5844,30340,28311,8631,15367,836,1854,14264,26868,624,2002,18506,1019,617,13114,3164,2419,8019,7976,14130,14177,29177,26864,26867,14186,27715,4578,9597,26866,2008,14180,14212,27714],"class_list":["post-110022","post","type-post","status-publish","format-standard","has-post-thumbnail","hentry","category-analisis","tag-para-que-nos-sirve","tag-albert-cortina","tag-alegria","tag-amistad","tag-amor-en-accion","tag-apertura-a-la-vida","tag-apostolado","tag-compromiso-social","tag-confianza","tag-educacion","tag-el-mundo-que-se-avecina","tag-esade","tag-esperanza","tag-eucaristia-es","tag-euk-mamie","tag-evangelizacion","tag-familia","tag-familia-numerosa","tag-fe-es","tag-featured","tag-futuro","tag-generosidad","tag-hm-television","tag-humanismo-cristiano","tag-la-escuela-catolica","tag-laicos-comprometidos","tag-luis-carreras-del-rincon","tag-nuevo-orden-mundial","tag-rutina","tag-sanidad","tag-santificacion","tag-temporada-16","tag-trabajo","tag-transhumanismo","tag-vida-cristiana","tag-vida-ordinaria"],"acf":[],"yoast_head":"<!-- This site is optimized with the Yoast SEO plugin v27.5 - https:\/\/yoast.com\/product\/yoast-seo-wordpress\/ -->\n<title>Esperanza: confianza y alegr\u00eda frente a las dificultades &#8211; Exaudi<\/title>\n<meta name=\"robots\" content=\"index, follow, max-snippet:-1, max-image-preview:large, max-video-preview:-1\" \/>\n<link rel=\"canonical\" href=\"https:\/\/exaudi.org\/es\/laicos-comprometidos-dialogo-entre-albert-cortina-y-luis-carreras-del-rincon\/\" \/>\n<meta property=\"og:locale\" content=\"es_ES\" \/>\n<meta property=\"og:type\" content=\"article\" \/>\n<meta property=\"og:title\" content=\"Esperanza: confianza y alegr\u00eda frente a las dificultades &#8211; Exaudi\" \/>\n<meta property=\"og:description\" content=\"El mundo que se avecina: Temporada 16. Laicos comprometidos: Di\u00e1logo entre Albert Cortina y Luis Carreras del Rinc\u00f3n\" \/>\n<meta property=\"og:url\" content=\"https:\/\/exaudi.org\/es\/laicos-comprometidos-dialogo-entre-albert-cortina-y-luis-carreras-del-rincon\/\" \/>\n<meta property=\"og:site_name\" content=\"Exaudi\" \/>\n<meta property=\"article:publisher\" content=\"https:\/\/www.facebook.com\/ExaudiNews\" \/>\n<meta property=\"article:published_time\" content=\"2024-11-15T09:15:45+00:00\" \/>\n<meta property=\"article:modified_time\" content=\"2025-01-24T08:23:20+00:00\" \/>\n<meta property=\"og:image\" content=\"https:\/\/exaudi.org\/wp-content\/uploads\/2024\/11\/pexels-pointofju-29397249-scaled-e1731662110340.jpg\" \/>\n\t<meta property=\"og:image:width\" content=\"1706\" \/>\n\t<meta property=\"og:image:height\" content=\"1275\" \/>\n\t<meta property=\"og:image:type\" content=\"image\/jpeg\" \/>\n<meta name=\"author\" content=\"HM Televisi\u00f3n\" \/>\n<meta name=\"twitter:card\" content=\"summary_large_image\" \/>\n<meta name=\"twitter:creator\" content=\"@Exaudi_News\" \/>\n<meta name=\"twitter:site\" content=\"@Exaudi_News\" \/>\n<meta name=\"twitter:label1\" content=\"Escrito por\" \/>\n\t<meta name=\"twitter:data1\" content=\"HM Televisi\u00f3n\" \/>\n\t<meta name=\"twitter:label2\" content=\"Tiempo de lectura\" \/>\n\t<meta name=\"twitter:data2\" content=\"6 minutos\" \/>\n<script type=\"application\/ld+json\" class=\"yoast-schema-graph\">{\"@context\":\"https:\\\/\\\/schema.org\",\"@graph\":[{\"@type\":\"Article\",\"@id\":\"https:\\\/\\\/exaudi.org\\\/es\\\/laicos-comprometidos-dialogo-entre-albert-cortina-y-luis-carreras-del-rincon\\\/#article\",\"isPartOf\":{\"@id\":\"https:\\\/\\\/exaudi.org\\\/es\\\/laicos-comprometidos-dialogo-entre-albert-cortina-y-luis-carreras-del-rincon\\\/\"},\"author\":{\"name\":\"HM Televisi\u00f3n\",\"@id\":\"https:\\\/\\\/exaudi.org\\\/#\\\/schema\\\/person\\\/53f18564983e77dc07439364c7379147\"},\"headline\":\"Esperanza: confianza y alegr\u00eda frente a las dificultades\",\"datePublished\":\"2024-11-15T09:15:45+00:00\",\"dateModified\":\"2025-01-24T08:23:20+00:00\",\"mainEntityOfPage\":{\"@id\":\"https:\\\/\\\/exaudi.org\\\/es\\\/laicos-comprometidos-dialogo-entre-albert-cortina-y-luis-carreras-del-rincon\\\/\"},\"wordCount\":1266,\"image\":{\"@id\":\"https:\\\/\\\/exaudi.org\\\/es\\\/laicos-comprometidos-dialogo-entre-albert-cortina-y-luis-carreras-del-rincon\\\/#primaryimage\"},\"thumbnailUrl\":\"https:\\\/\\\/exaudi.org\\\/wp-content\\\/uploads\\\/2024\\\/11\\\/pexels-pointofju-29397249-scaled-e1731662110340.jpg\",\"keywords\":[\"\u00bfpara qu\u00e9 nos sirve?\",\"Albert Cortina\",\"alegr\u00eda\",\"Amistad\",\"amor en acci\u00f3n\",\"apertura a la vida\",\"Apostolado\",\"compromiso social\",\"Confianza\",\"Educaci\u00f3n\",\"El mundo que se avecina\",\"ESADE\",\"Esperanza\",\"Eucaristia\",\"EUK Mamie\",\"Evangelizaci\u00f3n\",\"Familia\",\"Familia numerosa\",\"fe\",\"Featured\",\"Futuro\",\"Generosidad\",\"HM Televisi\u00f3n\",\"humanismo cristiano\",\"La escuela cat\u00f3lica\",\"Laicos comprometidos\",\"Luis Carreras del Rinc\u00f3n\",\"Nuevo Orden Mundial\",\"rutina\",\"Sanidad\",\"santificaci\u00f3n\",\"Temporada 16\",\"Trabajo\",\"transhumanismo\",\"vida cristiana\",\"vida ordinaria\"],\"articleSection\":[\"An\u00e1lisis\"],\"inLanguage\":\"es\"},{\"@type\":\"WebPage\",\"@id\":\"https:\\\/\\\/exaudi.org\\\/es\\\/laicos-comprometidos-dialogo-entre-albert-cortina-y-luis-carreras-del-rincon\\\/\",\"url\":\"https:\\\/\\\/exaudi.org\\\/es\\\/laicos-comprometidos-dialogo-entre-albert-cortina-y-luis-carreras-del-rincon\\\/\",\"name\":\"Esperanza: confianza y alegr\u00eda frente a las dificultades &#8211; Exaudi\",\"isPartOf\":{\"@id\":\"https:\\\/\\\/exaudi.org\\\/#website\"},\"primaryImageOfPage\":{\"@id\":\"https:\\\/\\\/exaudi.org\\\/es\\\/laicos-comprometidos-dialogo-entre-albert-cortina-y-luis-carreras-del-rincon\\\/#primaryimage\"},\"image\":{\"@id\":\"https:\\\/\\\/exaudi.org\\\/es\\\/laicos-comprometidos-dialogo-entre-albert-cortina-y-luis-carreras-del-rincon\\\/#primaryimage\"},\"thumbnailUrl\":\"https:\\\/\\\/exaudi.org\\\/wp-content\\\/uploads\\\/2024\\\/11\\\/pexels-pointofju-29397249-scaled-e1731662110340.jpg\",\"datePublished\":\"2024-11-15T09:15:45+00:00\",\"dateModified\":\"2025-01-24T08:23:20+00:00\",\"author\":{\"@id\":\"https:\\\/\\\/exaudi.org\\\/#\\\/schema\\\/person\\\/53f18564983e77dc07439364c7379147\"},\"breadcrumb\":{\"@id\":\"https:\\\/\\\/exaudi.org\\\/es\\\/laicos-comprometidos-dialogo-entre-albert-cortina-y-luis-carreras-del-rincon\\\/#breadcrumb\"},\"inLanguage\":\"es\",\"potentialAction\":[{\"@type\":\"ReadAction\",\"target\":[\"https:\\\/\\\/exaudi.org\\\/es\\\/laicos-comprometidos-dialogo-entre-albert-cortina-y-luis-carreras-del-rincon\\\/\"]}]},{\"@type\":\"ImageObject\",\"inLanguage\":\"es\",\"@id\":\"https:\\\/\\\/exaudi.org\\\/es\\\/laicos-comprometidos-dialogo-entre-albert-cortina-y-luis-carreras-del-rincon\\\/#primaryimage\",\"url\":\"https:\\\/\\\/exaudi.org\\\/wp-content\\\/uploads\\\/2024\\\/11\\\/pexels-pointofju-29397249-scaled-e1731662110340.jpg\",\"contentUrl\":\"https:\\\/\\\/exaudi.org\\\/wp-content\\\/uploads\\\/2024\\\/11\\\/pexels-pointofju-29397249-scaled-e1731662110340.jpg\",\"width\":1706,\"height\":1275},{\"@type\":\"BreadcrumbList\",\"@id\":\"https:\\\/\\\/exaudi.org\\\/es\\\/laicos-comprometidos-dialogo-entre-albert-cortina-y-luis-carreras-del-rincon\\\/#breadcrumb\",\"itemListElement\":[{\"@type\":\"ListItem\",\"position\":1,\"name\":\"Portada\",\"item\":\"https:\\\/\\\/exaudi.org\\\/es\\\/\"},{\"@type\":\"ListItem\",\"position\":2,\"name\":\"Esperanza: confianza y alegr\u00eda frente a las dificultades\"}]},{\"@type\":\"WebSite\",\"@id\":\"https:\\\/\\\/exaudi.org\\\/#website\",\"url\":\"https:\\\/\\\/exaudi.org\\\/\",\"name\":\"Exaudi\",\"description\":\"News\",\"potentialAction\":[{\"@type\":\"SearchAction\",\"target\":{\"@type\":\"EntryPoint\",\"urlTemplate\":\"https:\\\/\\\/exaudi.org\\\/?s={search_term_string}\"},\"query-input\":{\"@type\":\"PropertyValueSpecification\",\"valueRequired\":true,\"valueName\":\"search_term_string\"}}],\"inLanguage\":\"es\"},{\"@type\":\"Person\",\"@id\":\"https:\\\/\\\/exaudi.org\\\/#\\\/schema\\\/person\\\/53f18564983e77dc07439364c7379147\",\"name\":\"HM Televisi\u00f3n\",\"image\":{\"@type\":\"ImageObject\",\"inLanguage\":\"es\",\"@id\":\"https:\\\/\\\/secure.gravatar.com\\\/avatar\\\/6d5520436c4a9e483f583843de76fb87640127f83156a90dc289bdc451e87b5a?s=96&d=mm&r=g\",\"url\":\"https:\\\/\\\/secure.gravatar.com\\\/avatar\\\/6d5520436c4a9e483f583843de76fb87640127f83156a90dc289bdc451e87b5a?s=96&d=mm&r=g\",\"contentUrl\":\"https:\\\/\\\/secure.gravatar.com\\\/avatar\\\/6d5520436c4a9e483f583843de76fb87640127f83156a90dc289bdc451e87b5a?s=96&d=mm&r=g\",\"caption\":\"HM Televisi\u00f3n\"},\"description\":\"HM Televisi\u00f3n surge en el 2001 en el seno de la Fundaci\u00f3n EUK Mamie, entidad no lucrativa para la gesti\u00f3n de los medios de comunicaci\u00f3n, fruto del deseo del Hogar de la Madre de colaborar en la Nueva Evangelizaci\u00f3n. Responde a la llamada del Papa Juan Pablo II a usar el potencial de los medios de comunicaci\u00f3n social para proclamar el mensaje evang\u00e9lico, dirigiendo sus contenidos a j\u00f3venes, familias y ni\u00f1os, para transmitir un mensaje bajo el lema: \\\"Ayer, hoy y siempre, la Verdad\\\"\",\"sameAs\":[\"https:\\\/\\\/www.hogardelamadre.org\\\/es\\\/hm-multimedia\\\/1840-h-m-television\",\"https:\\\/\\\/www.youtube.com\\\/hmtelevision\"],\"url\":\"https:\\\/\\\/exaudi.org\\\/es\\\/author\\\/hm-television\\\/\"}]}<\/script>\n<!-- \/ Yoast SEO plugin. -->","yoast_head_json":{"title":"Esperanza: confianza y alegr\u00eda frente a las dificultades &#8211; Exaudi","robots":{"index":"index","follow":"follow","max-snippet":"max-snippet:-1","max-image-preview":"max-image-preview:large","max-video-preview":"max-video-preview:-1"},"canonical":"https:\/\/exaudi.org\/es\/laicos-comprometidos-dialogo-entre-albert-cortina-y-luis-carreras-del-rincon\/","og_locale":"es_ES","og_type":"article","og_title":"Esperanza: confianza y alegr\u00eda frente a las dificultades &#8211; Exaudi","og_description":"El mundo que se avecina: Temporada 16. Laicos comprometidos: Di\u00e1logo entre Albert Cortina y Luis Carreras del Rinc\u00f3n","og_url":"https:\/\/exaudi.org\/es\/laicos-comprometidos-dialogo-entre-albert-cortina-y-luis-carreras-del-rincon\/","og_site_name":"Exaudi","article_publisher":"https:\/\/www.facebook.com\/ExaudiNews","article_published_time":"2024-11-15T09:15:45+00:00","article_modified_time":"2025-01-24T08:23:20+00:00","og_image":[{"width":1706,"height":1275,"url":"https:\/\/exaudi.org\/wp-content\/uploads\/2024\/11\/pexels-pointofju-29397249-scaled-e1731662110340.jpg","type":"image\/jpeg"}],"author":"HM Televisi\u00f3n","twitter_card":"summary_large_image","twitter_creator":"@Exaudi_News","twitter_site":"@Exaudi_News","twitter_misc":{"Escrito por":"HM Televisi\u00f3n","Tiempo de lectura":"6 minutos"},"schema":{"@context":"https:\/\/schema.org","@graph":[{"@type":"Article","@id":"https:\/\/exaudi.org\/es\/laicos-comprometidos-dialogo-entre-albert-cortina-y-luis-carreras-del-rincon\/#article","isPartOf":{"@id":"https:\/\/exaudi.org\/es\/laicos-comprometidos-dialogo-entre-albert-cortina-y-luis-carreras-del-rincon\/"},"author":{"name":"HM Televisi\u00f3n","@id":"https:\/\/exaudi.org\/#\/schema\/person\/53f18564983e77dc07439364c7379147"},"headline":"Esperanza: confianza y alegr\u00eda frente a las dificultades","datePublished":"2024-11-15T09:15:45+00:00","dateModified":"2025-01-24T08:23:20+00:00","mainEntityOfPage":{"@id":"https:\/\/exaudi.org\/es\/laicos-comprometidos-dialogo-entre-albert-cortina-y-luis-carreras-del-rincon\/"},"wordCount":1266,"image":{"@id":"https:\/\/exaudi.org\/es\/laicos-comprometidos-dialogo-entre-albert-cortina-y-luis-carreras-del-rincon\/#primaryimage"},"thumbnailUrl":"https:\/\/exaudi.org\/wp-content\/uploads\/2024\/11\/pexels-pointofju-29397249-scaled-e1731662110340.jpg","keywords":["\u00bfpara qu\u00e9 nos sirve?","Albert Cortina","alegr\u00eda","Amistad","amor en acci\u00f3n","apertura a la vida","Apostolado","compromiso social","Confianza","Educaci\u00f3n","El mundo que se avecina","ESADE","Esperanza","Eucaristia","EUK Mamie","Evangelizaci\u00f3n","Familia","Familia numerosa","fe","Featured","Futuro","Generosidad","HM Televisi\u00f3n","humanismo cristiano","La escuela cat\u00f3lica","Laicos comprometidos","Luis Carreras del Rinc\u00f3n","Nuevo Orden Mundial","rutina","Sanidad","santificaci\u00f3n","Temporada 16","Trabajo","transhumanismo","vida cristiana","vida ordinaria"],"articleSection":["An\u00e1lisis"],"inLanguage":"es"},{"@type":"WebPage","@id":"https:\/\/exaudi.org\/es\/laicos-comprometidos-dialogo-entre-albert-cortina-y-luis-carreras-del-rincon\/","url":"https:\/\/exaudi.org\/es\/laicos-comprometidos-dialogo-entre-albert-cortina-y-luis-carreras-del-rincon\/","name":"Esperanza: confianza y alegr\u00eda frente a las dificultades &#8211; Exaudi","isPartOf":{"@id":"https:\/\/exaudi.org\/#website"},"primaryImageOfPage":{"@id":"https:\/\/exaudi.org\/es\/laicos-comprometidos-dialogo-entre-albert-cortina-y-luis-carreras-del-rincon\/#primaryimage"},"image":{"@id":"https:\/\/exaudi.org\/es\/laicos-comprometidos-dialogo-entre-albert-cortina-y-luis-carreras-del-rincon\/#primaryimage"},"thumbnailUrl":"https:\/\/exaudi.org\/wp-content\/uploads\/2024\/11\/pexels-pointofju-29397249-scaled-e1731662110340.jpg","datePublished":"2024-11-15T09:15:45+00:00","dateModified":"2025-01-24T08:23:20+00:00","author":{"@id":"https:\/\/exaudi.org\/#\/schema\/person\/53f18564983e77dc07439364c7379147"},"breadcrumb":{"@id":"https:\/\/exaudi.org\/es\/laicos-comprometidos-dialogo-entre-albert-cortina-y-luis-carreras-del-rincon\/#breadcrumb"},"inLanguage":"es","potentialAction":[{"@type":"ReadAction","target":["https:\/\/exaudi.org\/es\/laicos-comprometidos-dialogo-entre-albert-cortina-y-luis-carreras-del-rincon\/"]}]},{"@type":"ImageObject","inLanguage":"es","@id":"https:\/\/exaudi.org\/es\/laicos-comprometidos-dialogo-entre-albert-cortina-y-luis-carreras-del-rincon\/#primaryimage","url":"https:\/\/exaudi.org\/wp-content\/uploads\/2024\/11\/pexels-pointofju-29397249-scaled-e1731662110340.jpg","contentUrl":"https:\/\/exaudi.org\/wp-content\/uploads\/2024\/11\/pexels-pointofju-29397249-scaled-e1731662110340.jpg","width":1706,"height":1275},{"@type":"BreadcrumbList","@id":"https:\/\/exaudi.org\/es\/laicos-comprometidos-dialogo-entre-albert-cortina-y-luis-carreras-del-rincon\/#breadcrumb","itemListElement":[{"@type":"ListItem","position":1,"name":"Portada","item":"https:\/\/exaudi.org\/es\/"},{"@type":"ListItem","position":2,"name":"Esperanza: confianza y alegr\u00eda frente a las dificultades"}]},{"@type":"WebSite","@id":"https:\/\/exaudi.org\/#website","url":"https:\/\/exaudi.org\/","name":"Exaudi","description":"News","potentialAction":[{"@type":"SearchAction","target":{"@type":"EntryPoint","urlTemplate":"https:\/\/exaudi.org\/?s={search_term_string}"},"query-input":{"@type":"PropertyValueSpecification","valueRequired":true,"valueName":"search_term_string"}}],"inLanguage":"es"},{"@type":"Person","@id":"https:\/\/exaudi.org\/#\/schema\/person\/53f18564983e77dc07439364c7379147","name":"HM Televisi\u00f3n","image":{"@type":"ImageObject","inLanguage":"es","@id":"https:\/\/secure.gravatar.com\/avatar\/6d5520436c4a9e483f583843de76fb87640127f83156a90dc289bdc451e87b5a?s=96&d=mm&r=g","url":"https:\/\/secure.gravatar.com\/avatar\/6d5520436c4a9e483f583843de76fb87640127f83156a90dc289bdc451e87b5a?s=96&d=mm&r=g","contentUrl":"https:\/\/secure.gravatar.com\/avatar\/6d5520436c4a9e483f583843de76fb87640127f83156a90dc289bdc451e87b5a?s=96&d=mm&r=g","caption":"HM Televisi\u00f3n"},"description":"HM Televisi\u00f3n surge en el 2001 en el seno de la Fundaci\u00f3n EUK Mamie, entidad no lucrativa para la gesti\u00f3n de los medios de comunicaci\u00f3n, fruto del deseo del Hogar de la Madre de colaborar en la Nueva Evangelizaci\u00f3n. Responde a la llamada del Papa Juan Pablo II a usar el potencial de los medios de comunicaci\u00f3n social para proclamar el mensaje evang\u00e9lico, dirigiendo sus contenidos a j\u00f3venes, familias y ni\u00f1os, para transmitir un mensaje bajo el lema: \"Ayer, hoy y siempre, la Verdad\"","sameAs":["https:\/\/www.hogardelamadre.org\/es\/hm-multimedia\/1840-h-m-television","https:\/\/www.youtube.com\/hmtelevision"],"url":"https:\/\/exaudi.org\/es\/author\/hm-television\/"}]}},"jetpack_featured_media_url":"https:\/\/exaudi.org\/wp-content\/uploads\/2024\/11\/pexels-pointofju-29397249-scaled-e1731662110340.jpg","jetpack_shortlink":"https:\/\/wp.me\/pgKjF2-sCy","_links":{"self":[{"href":"https:\/\/exaudi.org\/es\/wp-json\/wp\/v2\/posts\/110022","targetHints":{"allow":["GET"]}}],"collection":[{"href":"https:\/\/exaudi.org\/es\/wp-json\/wp\/v2\/posts"}],"about":[{"href":"https:\/\/exaudi.org\/es\/wp-json\/wp\/v2\/types\/post"}],"author":[{"embeddable":true,"href":"https:\/\/exaudi.org\/es\/wp-json\/wp\/v2\/users\/144"}],"replies":[{"embeddable":true,"href":"https:\/\/exaudi.org\/es\/wp-json\/wp\/v2\/comments?post=110022"}],"version-history":[{"count":0,"href":"https:\/\/exaudi.org\/es\/wp-json\/wp\/v2\/posts\/110022\/revisions"}],"wp:featuredmedia":[{"embeddable":true,"href":"https:\/\/exaudi.org\/es\/wp-json\/wp\/v2\/media\/113009"}],"wp:attachment":[{"href":"https:\/\/exaudi.org\/es\/wp-json\/wp\/v2\/media?parent=110022"}],"wp:term":[{"taxonomy":"category","embeddable":true,"href":"https:\/\/exaudi.org\/es\/wp-json\/wp\/v2\/categories?post=110022"},{"taxonomy":"post_tag","embeddable":true,"href":"https:\/\/exaudi.org\/es\/wp-json\/wp\/v2\/tags?post=110022"}],"curies":[{"name":"wp","href":"https:\/\/api.w.org\/{rel}","templated":true}]}}