{"id":109257,"date":"2024-09-26T20:53:27","date_gmt":"2024-09-26T18:53:27","guid":{"rendered":"https:\/\/exaudi.org\/?p=109257"},"modified":"2024-09-26T20:54:08","modified_gmt":"2024-09-26T18:54:08","slug":"el-papa-francisco-llega-a-belgica","status":"publish","type":"post","link":"https:\/\/exaudi.org\/es\/el-papa-francisco-llega-a-belgica\/","title":{"rendered":"El Papa Francisco llega a B\u00e9lgica"},"content":{"rendered":"<p>El Papa Francisco ha llegado a B\u00e9lgica para iniciar una visita apost\u00f3lica de tres d\u00edas repleta de eventos y encuentros significativos.<\/p>\n<p>Despu\u00e9s de un vuelo de 55 minutos desde Luxemburgo, el Papa aterriz\u00f3 en la Base A\u00e9rea de Melsbroek, en Bruselas, el jueves por la tarde, dando inicio a la segunda etapa de su 46\u00ba viaje apost\u00f3lico al extranjero.<\/p>\n<p>A su llegada, el Papa fue recibido por el Nuncio Apost\u00f3lico en B\u00e9lgica, el arzobispo Franco Coppola, y el embajador de B\u00e9lgica ante la Santa Sede, Patrick Renault, quienes se unieron a \u00e9l en el avi\u00f3n papal tras el aterrizaje.<\/p>\n<p>En la pista de aterrizaje lo esperaban el arzobispo de Mechelen-Bruselas, Luc Terlinden, junto con una delegaci\u00f3n de autoridades religiosas y civiles. El Papa fue recibido con una guardia de honor y una banda militar que interpret\u00f3 los himnos nacionales del Vaticano y de B\u00e9lgica. Un coro infantil tambi\u00e9n ofreci\u00f3 canciones de bienvenida al Santo Padre.<\/p>\n<p>El \u00faltimo Papa que visit\u00f3 B\u00e9lgica fue San Juan Pablo II en 1995.<\/p>\n<p>Tras una breve ceremonia de bienvenida, el Papa Francisco se dirigir\u00e1 a la Nunciatura Apost\u00f3lica, donde residir\u00e1 durante su estancia en B\u00e9lgica.<\/p>\n<p>El viernes por la ma\u00f1ana, el Papa realizar\u00e1 una visita de cortes\u00eda al Rey Leopoldo Lodewijk Maria y a la Reina Mathilde d\u2019Udekem d\u2019Acoz en el Castillo de Laeken, antes de reunirse con autoridades y representantes de la sociedad civil, donde pronunciar\u00e1 su primer discurso oficial en el pa\u00eds.<\/p>\n<p>Uno de los momentos destacados de esta visita ser\u00e1 la conmemoraci\u00f3n del 600 aniversario de la fundaci\u00f3n de la Universidad Cat\u00f3lica de Lovaina, que alberga una de las facultades de teolog\u00eda m\u00e1s reconocidas a nivel mundial. El domingo 29 de septiembre, \u00faltimo d\u00eda de su visita, el Papa celebrar\u00e1 una Misa en el Estadio de Bruselas, donde se espera la asistencia de m\u00e1s de 35,000 fieles.<\/p>\n<p>El 26 de septiembre marca el primer d\u00eda del 46\u00ba Viaje Apost\u00f3lico del Papa Francisco al extranjero, llev\u00e1ndolo a Luxemburgo y B\u00e9lgica.<\/p>\n","protected":false},"excerpt":{"rendered":"<p>Una visita apost\u00f3lica llena de significado y encuentros destacados en la conmemoraci\u00f3n de la Universidad Cat\u00f3lica de Lovaina<\/p>\n","protected":false},"author":15,"featured_media":109258,"comment_status":"closed","ping_status":"closed","sticky":false,"template":"","format":"standard","meta":{"_acf_changed":false,"_crdt_document":"","inline_featured_image":false,"footnotes":""},"categories":[68,120,126],"tags":[25636,25741,7124,4276,25737,25742,1328,158,25739,25738,1222,4953,25740,272,25743,23583],"class_list":["post-109257","post","type-post","status-publish","format-standard","has-post-thumbnail","hentry","category-leon-xiv","category-viajes","category-viajes-papales","tag-46-viaje-apostolico","tag-600-aniversario","tag-belgica","tag-bruselas","tag-melsbroek-air-base","tag-misa-en-bruselas","tag-nuncio-apostolico","tag-papa-francisco","tag-reina-mathilde-dudekem-dacoz","tag-rey-leopoldo-lodewijk-maria","tag-san-juan-pablo-ii","tag-trending-es","tag-universidad-catolica-de-lovaina","tag-vaticano-es","tag-viaje-papal","tag-visita-apostolica"],"acf":[],"yoast_head":"<!-- This site is optimized with the Yoast SEO plugin v27.5 - https:\/\/yoast.com\/product\/yoast-seo-wordpress\/ -->\n<title>El Papa Francisco llega a B\u00e9lgica &#8211; Exaudi<\/title>\n<meta name=\"robots\" content=\"index, follow, max-snippet:-1, max-image-preview:large, max-video-preview:-1\" \/>\n<link rel=\"canonical\" href=\"https:\/\/exaudi.org\/es\/el-papa-francisco-llega-a-belgica\/\" \/>\n<meta property=\"og:locale\" content=\"es_ES\" \/>\n<meta property=\"og:type\" content=\"article\" \/>\n<meta property=\"og:title\" content=\"El Papa Francisco llega a B\u00e9lgica &#8211; Exaudi\" \/>\n<meta property=\"og:description\" content=\"Una visita apost\u00f3lica llena de significado y encuentros destacados en la conmemoraci\u00f3n de la Universidad Cat\u00f3lica de Lovaina\" \/>\n<meta property=\"og:url\" content=\"https:\/\/exaudi.org\/es\/el-papa-francisco-llega-a-belgica\/\" \/>\n<meta property=\"og:site_name\" content=\"Exaudi\" \/>\n<meta property=\"article:publisher\" content=\"https:\/\/www.facebook.com\/ExaudiNews\" \/>\n<meta property=\"article:author\" content=\"https:\/\/www.facebook.com\/ExaudiNoticias\/\" \/>\n<meta property=\"article:published_time\" content=\"2024-09-26T18:53:27+00:00\" \/>\n<meta property=\"article:modified_time\" content=\"2024-09-26T18:54:08+00:00\" \/>\n<meta property=\"og:image\" content=\"https:\/\/exaudi.org\/wp-content\/uploads\/2024\/09\/cq5dam.thumbnail.cropped.500.281-8.jpeg\" \/>\n\t<meta property=\"og:image:width\" content=\"500\" \/>\n\t<meta property=\"og:image:height\" content=\"281\" \/>\n\t<meta property=\"og:image:type\" content=\"image\/jpeg\" \/>\n<meta name=\"author\" content=\"Exaudi Redacci\u00f3n\" \/>\n<meta name=\"twitter:card\" content=\"summary_large_image\" \/>\n<meta name=\"twitter:creator\" content=\"@Exaudi_noticias\" \/>\n<meta name=\"twitter:site\" content=\"@Exaudi_News\" \/>\n<meta name=\"twitter:label1\" content=\"Escrito por\" \/>\n\t<meta name=\"twitter:data1\" content=\"Exaudi Redacci\u00f3n\" \/>\n\t<meta name=\"twitter:label2\" content=\"Tiempo de lectura\" \/>\n\t<meta name=\"twitter:data2\" content=\"2 minutos\" \/>\n<script type=\"application\/ld+json\" class=\"yoast-schema-graph\">{\"@context\":\"https:\\\/\\\/schema.org\",\"@graph\":[{\"@type\":\"Article\",\"@id\":\"https:\\\/\\\/exaudi.org\\\/es\\\/el-papa-francisco-llega-a-belgica\\\/#article\",\"isPartOf\":{\"@id\":\"https:\\\/\\\/exaudi.org\\\/es\\\/el-papa-francisco-llega-a-belgica\\\/\"},\"author\":{\"name\":\"Exaudi Redacci\u00f3n\",\"@id\":\"https:\\\/\\\/exaudi.org\\\/#\\\/schema\\\/person\\\/f5fc8f063065e38742da7afe15f25df7\"},\"headline\":\"El Papa Francisco llega a B\u00e9lgica\",\"datePublished\":\"2024-09-26T18:53:27+00:00\",\"dateModified\":\"2024-09-26T18:54:08+00:00\",\"mainEntityOfPage\":{\"@id\":\"https:\\\/\\\/exaudi.org\\\/es\\\/el-papa-francisco-llega-a-belgica\\\/\"},\"wordCount\":358,\"image\":{\"@id\":\"https:\\\/\\\/exaudi.org\\\/es\\\/el-papa-francisco-llega-a-belgica\\\/#primaryimage\"},\"thumbnailUrl\":\"https:\\\/\\\/exaudi.org\\\/wp-content\\\/uploads\\\/2024\\\/09\\\/cq5dam.thumbnail.cropped.500.281-8.jpeg\",\"keywords\":[\"46\u00b0 viaje apost\u00f3lico\",\"600 aniversario\",\"B\u00e9lgica\",\"Bruselas\",\"Melsbroek Air Base\",\"Misa en Bruselas\",\"Nuncio apost\u00f3lico\",\"papa francisco\",\"Reina Mathilde d\u2019Udekem d\u2019Acoz\",\"Rey Leopoldo Lodewijk Maria\",\"San Juan Pablo II\",\"Trending\",\"Universidad Cat\u00f3lica de Lovaina\",\"Vaticano\",\"viaje papal\",\"visita apost\u00f3lica\"],\"articleSection\":[\"Le\u00f3n XIV\",\"Viajes\",\"Viajes Papales\"],\"inLanguage\":\"es\"},{\"@type\":\"WebPage\",\"@id\":\"https:\\\/\\\/exaudi.org\\\/es\\\/el-papa-francisco-llega-a-belgica\\\/\",\"url\":\"https:\\\/\\\/exaudi.org\\\/es\\\/el-papa-francisco-llega-a-belgica\\\/\",\"name\":\"El Papa Francisco llega a B\u00e9lgica &#8211; Exaudi\",\"isPartOf\":{\"@id\":\"https:\\\/\\\/exaudi.org\\\/#website\"},\"primaryImageOfPage\":{\"@id\":\"https:\\\/\\\/exaudi.org\\\/es\\\/el-papa-francisco-llega-a-belgica\\\/#primaryimage\"},\"image\":{\"@id\":\"https:\\\/\\\/exaudi.org\\\/es\\\/el-papa-francisco-llega-a-belgica\\\/#primaryimage\"},\"thumbnailUrl\":\"https:\\\/\\\/exaudi.org\\\/wp-content\\\/uploads\\\/2024\\\/09\\\/cq5dam.thumbnail.cropped.500.281-8.jpeg\",\"datePublished\":\"2024-09-26T18:53:27+00:00\",\"dateModified\":\"2024-09-26T18:54:08+00:00\",\"author\":{\"@id\":\"https:\\\/\\\/exaudi.org\\\/#\\\/schema\\\/person\\\/f5fc8f063065e38742da7afe15f25df7\"},\"breadcrumb\":{\"@id\":\"https:\\\/\\\/exaudi.org\\\/es\\\/el-papa-francisco-llega-a-belgica\\\/#breadcrumb\"},\"inLanguage\":\"es\",\"potentialAction\":[{\"@type\":\"ReadAction\",\"target\":[\"https:\\\/\\\/exaudi.org\\\/es\\\/el-papa-francisco-llega-a-belgica\\\/\"]}]},{\"@type\":\"ImageObject\",\"inLanguage\":\"es\",\"@id\":\"https:\\\/\\\/exaudi.org\\\/es\\\/el-papa-francisco-llega-a-belgica\\\/#primaryimage\",\"url\":\"https:\\\/\\\/exaudi.org\\\/wp-content\\\/uploads\\\/2024\\\/09\\\/cq5dam.thumbnail.cropped.500.281-8.jpeg\",\"contentUrl\":\"https:\\\/\\\/exaudi.org\\\/wp-content\\\/uploads\\\/2024\\\/09\\\/cq5dam.thumbnail.cropped.500.281-8.jpeg\",\"width\":500,\"height\":281},{\"@type\":\"BreadcrumbList\",\"@id\":\"https:\\\/\\\/exaudi.org\\\/es\\\/el-papa-francisco-llega-a-belgica\\\/#breadcrumb\",\"itemListElement\":[{\"@type\":\"ListItem\",\"position\":1,\"name\":\"Portada\",\"item\":\"https:\\\/\\\/exaudi.org\\\/es\\\/\"},{\"@type\":\"ListItem\",\"position\":2,\"name\":\"El Papa Francisco llega a B\u00e9lgica\"}]},{\"@type\":\"WebSite\",\"@id\":\"https:\\\/\\\/exaudi.org\\\/#website\",\"url\":\"https:\\\/\\\/exaudi.org\\\/\",\"name\":\"Exaudi\",\"description\":\"News\",\"potentialAction\":[{\"@type\":\"SearchAction\",\"target\":{\"@type\":\"EntryPoint\",\"urlTemplate\":\"https:\\\/\\\/exaudi.org\\\/?s={search_term_string}\"},\"query-input\":{\"@type\":\"PropertyValueSpecification\",\"valueRequired\":true,\"valueName\":\"search_term_string\"}}],\"inLanguage\":\"es\"},{\"@type\":\"Person\",\"@id\":\"https:\\\/\\\/exaudi.org\\\/#\\\/schema\\\/person\\\/f5fc8f063065e38742da7afe15f25df7\",\"name\":\"Exaudi Redacci\u00f3n\",\"image\":{\"@type\":\"ImageObject\",\"inLanguage\":\"es\",\"@id\":\"https:\\\/\\\/secure.gravatar.com\\\/avatar\\\/fe0f6a059fb68d9b3e11bc5850dd4899b1c7492091a3cb6dd9b01b56ad828be2?s=96&d=mm&r=g\",\"url\":\"https:\\\/\\\/secure.gravatar.com\\\/avatar\\\/fe0f6a059fb68d9b3e11bc5850dd4899b1c7492091a3cb6dd9b01b56ad828be2?s=96&d=mm&r=g\",\"contentUrl\":\"https:\\\/\\\/secure.gravatar.com\\\/avatar\\\/fe0f6a059fb68d9b3e11bc5850dd4899b1c7492091a3cb6dd9b01b56ad828be2?s=96&d=mm&r=g\",\"caption\":\"Exaudi Redacci\u00f3n\"},\"description\":\"\u00bfQu\u00e9 es Exaudi News? Exaudi News es un medio de comunicaci\u00f3n cat\u00f3lico internacional que informa, forma y transforma, diariamente en espa\u00f1ol, ingl\u00e9s e italiano. A trav\u00e9s de noticias, art\u00edculos de an\u00e1lisis y transmisiones en directo de los eventos del Papa, Exaudi busca fortalecer la unidad de los cristianos y contribuir a la evangelizaci\u00f3n del mundo, siempre guiados por la doctrina social de la Iglesia. Trabajamos para acercar la verdad y los valores cristianos a cada rinc\u00f3n del planeta. \u00a1Ay\u00fadanos a transformar el mundo con Exaudi! En Exaudi creemos que la evangelizaci\u00f3n y la informaci\u00f3n de calidad pueden cambiar vidas. Para continuar con nuestra misi\u00f3n y expandir nuestro alcance, necesitamos tu ayuda. Adem\u00e1s, buscamos personas comprometidas que deseen unirse a nuestro equipo. Con tu apoyo, lograremos llegar a m\u00e1s personas, difundir el mensaje de Cristo y reforzar la unidad de los cristianos. \u00bfTe unes a nuestra misi\u00f3n? Para m\u00e1s informaci\u00f3n sobre c\u00f3mo colaborar, visita Exaudi.org\\\/es o cont\u00e1ctanos directamente: info@exaudi.org Exaudi: Informa, forma y transforma.\",\"sameAs\":[\"https:\\\/\\\/www.facebook.com\\\/ExaudiNoticias\\\/\",\"https:\\\/\\\/www.instagram.com\\\/exaudi_noticias\\\/\",\"https:\\\/\\\/x.com\\\/Exaudi_noticias\",\"https:\\\/\\\/www.youtube.com\\\/@exaudicatholicnews\"],\"url\":\"https:\\\/\\\/exaudi.org\\\/es\\\/author\\\/redaccionexaudi\\\/\"}]}<\/script>\n<!-- \/ Yoast SEO plugin. -->","yoast_head_json":{"title":"El Papa Francisco llega a B\u00e9lgica &#8211; Exaudi","robots":{"index":"index","follow":"follow","max-snippet":"max-snippet:-1","max-image-preview":"max-image-preview:large","max-video-preview":"max-video-preview:-1"},"canonical":"https:\/\/exaudi.org\/es\/el-papa-francisco-llega-a-belgica\/","og_locale":"es_ES","og_type":"article","og_title":"El Papa Francisco llega a B\u00e9lgica &#8211; Exaudi","og_description":"Una visita apost\u00f3lica llena de significado y encuentros destacados en la conmemoraci\u00f3n de la Universidad Cat\u00f3lica de Lovaina","og_url":"https:\/\/exaudi.org\/es\/el-papa-francisco-llega-a-belgica\/","og_site_name":"Exaudi","article_publisher":"https:\/\/www.facebook.com\/ExaudiNews","article_author":"https:\/\/www.facebook.com\/ExaudiNoticias\/","article_published_time":"2024-09-26T18:53:27+00:00","article_modified_time":"2024-09-26T18:54:08+00:00","og_image":[{"width":500,"height":281,"url":"https:\/\/exaudi.org\/wp-content\/uploads\/2024\/09\/cq5dam.thumbnail.cropped.500.281-8.jpeg","type":"image\/jpeg"}],"author":"Exaudi Redacci\u00f3n","twitter_card":"summary_large_image","twitter_creator":"@Exaudi_noticias","twitter_site":"@Exaudi_News","twitter_misc":{"Escrito por":"Exaudi Redacci\u00f3n","Tiempo de lectura":"2 minutos"},"schema":{"@context":"https:\/\/schema.org","@graph":[{"@type":"Article","@id":"https:\/\/exaudi.org\/es\/el-papa-francisco-llega-a-belgica\/#article","isPartOf":{"@id":"https:\/\/exaudi.org\/es\/el-papa-francisco-llega-a-belgica\/"},"author":{"name":"Exaudi Redacci\u00f3n","@id":"https:\/\/exaudi.org\/#\/schema\/person\/f5fc8f063065e38742da7afe15f25df7"},"headline":"El Papa Francisco llega a B\u00e9lgica","datePublished":"2024-09-26T18:53:27+00:00","dateModified":"2024-09-26T18:54:08+00:00","mainEntityOfPage":{"@id":"https:\/\/exaudi.org\/es\/el-papa-francisco-llega-a-belgica\/"},"wordCount":358,"image":{"@id":"https:\/\/exaudi.org\/es\/el-papa-francisco-llega-a-belgica\/#primaryimage"},"thumbnailUrl":"https:\/\/exaudi.org\/wp-content\/uploads\/2024\/09\/cq5dam.thumbnail.cropped.500.281-8.jpeg","keywords":["46\u00b0 viaje apost\u00f3lico","600 aniversario","B\u00e9lgica","Bruselas","Melsbroek Air Base","Misa en Bruselas","Nuncio apost\u00f3lico","papa francisco","Reina Mathilde d\u2019Udekem d\u2019Acoz","Rey Leopoldo Lodewijk Maria","San Juan Pablo II","Trending","Universidad Cat\u00f3lica de Lovaina","Vaticano","viaje papal","visita apost\u00f3lica"],"articleSection":["Le\u00f3n XIV","Viajes","Viajes Papales"],"inLanguage":"es"},{"@type":"WebPage","@id":"https:\/\/exaudi.org\/es\/el-papa-francisco-llega-a-belgica\/","url":"https:\/\/exaudi.org\/es\/el-papa-francisco-llega-a-belgica\/","name":"El Papa Francisco llega a B\u00e9lgica &#8211; Exaudi","isPartOf":{"@id":"https:\/\/exaudi.org\/#website"},"primaryImageOfPage":{"@id":"https:\/\/exaudi.org\/es\/el-papa-francisco-llega-a-belgica\/#primaryimage"},"image":{"@id":"https:\/\/exaudi.org\/es\/el-papa-francisco-llega-a-belgica\/#primaryimage"},"thumbnailUrl":"https:\/\/exaudi.org\/wp-content\/uploads\/2024\/09\/cq5dam.thumbnail.cropped.500.281-8.jpeg","datePublished":"2024-09-26T18:53:27+00:00","dateModified":"2024-09-26T18:54:08+00:00","author":{"@id":"https:\/\/exaudi.org\/#\/schema\/person\/f5fc8f063065e38742da7afe15f25df7"},"breadcrumb":{"@id":"https:\/\/exaudi.org\/es\/el-papa-francisco-llega-a-belgica\/#breadcrumb"},"inLanguage":"es","potentialAction":[{"@type":"ReadAction","target":["https:\/\/exaudi.org\/es\/el-papa-francisco-llega-a-belgica\/"]}]},{"@type":"ImageObject","inLanguage":"es","@id":"https:\/\/exaudi.org\/es\/el-papa-francisco-llega-a-belgica\/#primaryimage","url":"https:\/\/exaudi.org\/wp-content\/uploads\/2024\/09\/cq5dam.thumbnail.cropped.500.281-8.jpeg","contentUrl":"https:\/\/exaudi.org\/wp-content\/uploads\/2024\/09\/cq5dam.thumbnail.cropped.500.281-8.jpeg","width":500,"height":281},{"@type":"BreadcrumbList","@id":"https:\/\/exaudi.org\/es\/el-papa-francisco-llega-a-belgica\/#breadcrumb","itemListElement":[{"@type":"ListItem","position":1,"name":"Portada","item":"https:\/\/exaudi.org\/es\/"},{"@type":"ListItem","position":2,"name":"El Papa Francisco llega a B\u00e9lgica"}]},{"@type":"WebSite","@id":"https:\/\/exaudi.org\/#website","url":"https:\/\/exaudi.org\/","name":"Exaudi","description":"News","potentialAction":[{"@type":"SearchAction","target":{"@type":"EntryPoint","urlTemplate":"https:\/\/exaudi.org\/?s={search_term_string}"},"query-input":{"@type":"PropertyValueSpecification","valueRequired":true,"valueName":"search_term_string"}}],"inLanguage":"es"},{"@type":"Person","@id":"https:\/\/exaudi.org\/#\/schema\/person\/f5fc8f063065e38742da7afe15f25df7","name":"Exaudi Redacci\u00f3n","image":{"@type":"ImageObject","inLanguage":"es","@id":"https:\/\/secure.gravatar.com\/avatar\/fe0f6a059fb68d9b3e11bc5850dd4899b1c7492091a3cb6dd9b01b56ad828be2?s=96&d=mm&r=g","url":"https:\/\/secure.gravatar.com\/avatar\/fe0f6a059fb68d9b3e11bc5850dd4899b1c7492091a3cb6dd9b01b56ad828be2?s=96&d=mm&r=g","contentUrl":"https:\/\/secure.gravatar.com\/avatar\/fe0f6a059fb68d9b3e11bc5850dd4899b1c7492091a3cb6dd9b01b56ad828be2?s=96&d=mm&r=g","caption":"Exaudi Redacci\u00f3n"},"description":"\u00bfQu\u00e9 es Exaudi News? Exaudi News es un medio de comunicaci\u00f3n cat\u00f3lico internacional que informa, forma y transforma, diariamente en espa\u00f1ol, ingl\u00e9s e italiano. A trav\u00e9s de noticias, art\u00edculos de an\u00e1lisis y transmisiones en directo de los eventos del Papa, Exaudi busca fortalecer la unidad de los cristianos y contribuir a la evangelizaci\u00f3n del mundo, siempre guiados por la doctrina social de la Iglesia. Trabajamos para acercar la verdad y los valores cristianos a cada rinc\u00f3n del planeta. \u00a1Ay\u00fadanos a transformar el mundo con Exaudi! En Exaudi creemos que la evangelizaci\u00f3n y la informaci\u00f3n de calidad pueden cambiar vidas. Para continuar con nuestra misi\u00f3n y expandir nuestro alcance, necesitamos tu ayuda. Adem\u00e1s, buscamos personas comprometidas que deseen unirse a nuestro equipo. Con tu apoyo, lograremos llegar a m\u00e1s personas, difundir el mensaje de Cristo y reforzar la unidad de los cristianos. \u00bfTe unes a nuestra misi\u00f3n? Para m\u00e1s informaci\u00f3n sobre c\u00f3mo colaborar, visita Exaudi.org\/es o cont\u00e1ctanos directamente: info@exaudi.org Exaudi: Informa, forma y transforma.","sameAs":["https:\/\/www.facebook.com\/ExaudiNoticias\/","https:\/\/www.instagram.com\/exaudi_noticias\/","https:\/\/x.com\/Exaudi_noticias","https:\/\/www.youtube.com\/@exaudicatholicnews"],"url":"https:\/\/exaudi.org\/es\/author\/redaccionexaudi\/"}]}},"jetpack_featured_media_url":"https:\/\/exaudi.org\/wp-content\/uploads\/2024\/09\/cq5dam.thumbnail.cropped.500.281-8.jpeg","jetpack_shortlink":"https:\/\/wp.me\/pgKjF2-sqd","_links":{"self":[{"href":"https:\/\/exaudi.org\/es\/wp-json\/wp\/v2\/posts\/109257","targetHints":{"allow":["GET"]}}],"collection":[{"href":"https:\/\/exaudi.org\/es\/wp-json\/wp\/v2\/posts"}],"about":[{"href":"https:\/\/exaudi.org\/es\/wp-json\/wp\/v2\/types\/post"}],"author":[{"embeddable":true,"href":"https:\/\/exaudi.org\/es\/wp-json\/wp\/v2\/users\/15"}],"replies":[{"embeddable":true,"href":"https:\/\/exaudi.org\/es\/wp-json\/wp\/v2\/comments?post=109257"}],"version-history":[{"count":0,"href":"https:\/\/exaudi.org\/es\/wp-json\/wp\/v2\/posts\/109257\/revisions"}],"wp:featuredmedia":[{"embeddable":true,"href":"https:\/\/exaudi.org\/es\/wp-json\/wp\/v2\/media\/109258"}],"wp:attachment":[{"href":"https:\/\/exaudi.org\/es\/wp-json\/wp\/v2\/media?parent=109257"}],"wp:term":[{"taxonomy":"category","embeddable":true,"href":"https:\/\/exaudi.org\/es\/wp-json\/wp\/v2\/categories?post=109257"},{"taxonomy":"post_tag","embeddable":true,"href":"https:\/\/exaudi.org\/es\/wp-json\/wp\/v2\/tags?post=109257"}],"curies":[{"name":"wp","href":"https:\/\/api.w.org\/{rel}","templated":true}]}}